{"id":91,"date":"2013-03-08T13:35:39","date_gmt":"2013-03-08T13:35:39","guid":{"rendered":"http:\/\/www.victoriamedia.org\/ld\/?p=91"},"modified":"2013-03-08T13:35:39","modified_gmt":"2013-03-08T13:35:39","slug":"finnfoto-palkinto-2013-benjam-pontiselle","status":"publish","type":"post","link":"https:\/\/www.victoriamedia.org\/ld\/finnfoto-palkinto-2013-benjam-pontiselle\/","title":{"rendered":"Finnfoto-palkinto 2013 Benjam P\u00f6ntiselle"},"content":{"rendered":"<p><a href=\"http:\/\/www.victoriamedia.org\/ld\/wp-content\/uploads\/2013\/03\/429-180x1801.jpg\"><img loading=\"lazy\" decoding=\"async\" class=\"alignnone size-full wp-image-92\" title=\"429-180x180\" src=\"http:\/\/www.victoriamedia.org\/ld\/wp-content\/uploads\/2013\/03\/429-180x1801.jpg\" alt=\"\" width=\"180\" height=\"112\" \/><\/a><\/p>\n<p>Valokuvaaja Benjam P\u00f6ntiselle on my\u00f6nnetty Suomen valokuvaj\u00e4rjest\u00f6jen keskusliitto Finnfoto ry:n Finnfoto-palkinto. Palkinto annetaan vuosittain henkil\u00f6lle tai yhteis\u00f6lle, joka on merkitt\u00e4v\u00e4sti vaikuttanut suomalaisen valokuvauksen kehitykseen sek\u00e4 luonut edellytyksi\u00e4 valokuvan arvostuksen lis\u00e4\u00e4miselle.<\/p>\n<p>Finnfoto ry:n hallituksen puheenjohtaja Kari Tolonen ja toiminnanjohtaja Mikko S\u00e4teri luovuttivat Suomen Messus\u00e4\u00e4ti\u00f6n rahoittaman 3000 euron arvoisen Finnfoto-palkinnon Benjam P\u00f6ntiselle Kuva&amp;Kamera -tapahtuman yhteydess\u00e4 Helsingiss\u00e4 perjantaina 8.3.2013.<\/p>\n<p>Monipuolisena osaajana tunnettu Benjam P\u00f6ntinen (s. 1953) on pitk\u00e4n linjan luontokuvaaja. H\u00e4n on saavuttanut kuvillaan useita palkintoja, mm. BBC:n kuuluisan luontokuvakilpailun sarjavoitot vuosina 1991 ja 2011.\u00a0Vuodesta 1988 alkaen h\u00e4n on tehnyt\u00a023 valokuvateosta sek\u00e4 osallistunut kahden luontoelokuvan tekoon.\u00a0P\u00f6ntisen erityisi\u00e4 kiinnostuksen alueita ovat liito-oravat, lepakot ja linnut.<\/p>\n<p>Benjam P\u00f6ntinen on tunnettu my\u00f6s kotipaikkakunnalleen Lapualle perustamastaan Willa Ukulista ja sen toiminnasta. Yritys on luontovalokuvaukseen ja luontoalaan monipuolisesti keskittyv\u00e4 yritys, p\u00e4\u00e4tuotteina ovat luontoa k\u00e4sittelev\u00e4 kirjallisuus,\u00a0luontokuvaus ja luontomatkailu.<\/p>\n<p>Willa Ukulissa j\u00e4rjestet\u00e4\u00e4n monenlaisia luontoharrastustapahtumia ja vuodesta 2006 l\u00e4htien yritys on laajentanut toimintaansa my\u00f6s luontomatkailuun. Willa Ukulissa on lis\u00e4ksi mahdollisuus y\u00f6pymiseen ja\u00a0ruokailuun sopimuksen mukaan.<\/p>\n<p>Benjam P\u00f6ntisen valokuvan\u00e4yttely &#8220;Bengan parhaat&#8221; on n\u00e4ht\u00e4viss\u00e4 Kuva&amp;Kamera -tapahtumassa Suomen Valokuvaj\u00e4rjest\u00f6jen Keskusliitto Finnfoto ry:n osastolla. N\u00e4yttely on koottu luontokuvaaja P\u00f6ntisen 20-vuotisen ammattilaisuran ajalta. Kuvat ovat joko valokuvakilpailuissa palkittuja tai h\u00e4nelle itselleen muuten merkitt\u00e4vi\u00e4 t\u00f6it\u00e4.<\/p>\n<p>Benjam P\u00f6ntinen on 16. Finnfoto-palkinnon saaja. Aikaisemmin palkinnon ovat saaneet Matti J. Kaleva, Mikko Pekari, Tuomo-Juhani Vuorenmaa, Salme Simanainen, Kai Nordberg, Hannu Hautala, Rashid Nasretdin, Leena Saraste, Jukka Kukkonen, Sakari Nenye, Lassi Rautiainen, Pekka Punkari, Boris Fagerstr\u00f6m, Juha Suonp\u00e4\u00e4 ja Kari Kuukka.\u00a0 Finnfoto-palkinnon arvo on 3000 euroa ja sen on rahoittanut Suomen Messus\u00e4\u00e4ti\u00f6.<\/p>\n<p>Vuonna 1970 perustettu Suomen valokuvaj\u00e4rjest\u00f6jen keskusliitto Finnfoto ry edist\u00e4\u00e4 valokuvataidetta ja -kulttuuria ja toimii etenkin ammattivalokuvaajien arvostuksen ja aseman parantamiseksi sek\u00e4 edist\u00e4\u00e4 valokuvaajien yhteisty\u00f6t\u00e4 kansallisella ja kansainv\u00e4lisell\u00e4 tasolla.<\/p>\n<p>SUOMEN VALOKUVAJ\u00c4RJEST\u00d6JEN KESKUSLIITTO FINNFOTO RY<\/p>\n<p>Finnfoto ry on valokuvausalan keskusj\u00e4rjest\u00f6, jonka muodostavat Suomen Ammattiluonnonvalokuvaajat ry \u2013 PNF, Suomen Lehtikuvaajat &#8211; Finlands Pressfotografer ry, Suomen Kameraseurojen Liitto ry, Suomen Luonnon-valokuvaajat ry &#8211; Finlands Naturfotografer rf , Suomen Mainosvalokuvaajat ry &#8211; Finlands Reklamfotografer rf, Suomen Ammattivalokuvaajat ry, Valokuvauksen opiskelijat ry ja Taidevalokuvaajat \u2013 Fotoart ry.<\/p>\n<p>J\u00e4rjest\u00f6jen j\u00e4senm\u00e4\u00e4r\u00e4 on yhteens\u00e4 noin 8040 henkil\u00f6\u00e4.<\/p>\n","protected":false},"excerpt":{"rendered":"<p>Valokuvaaja Benjam P\u00f6ntiselle on my\u00f6nnetty Suomen valokuvaj\u00e4rjest\u00f6jen keskusliitto Finnfoto ry:n Finnfoto-palkinto. Palkinto annetaan vuosittain henkil\u00f6lle tai yhteis\u00f6lle, joka on merkitt\u00e4v\u00e4sti vaikuttanut suomalaisen valokuvauksen kehitykseen sek\u00e4 luonut edellytyksi\u00e4 valokuvan arvostuksen lis\u00e4\u00e4miselle. Finnfoto ry:n hallituksen puheenjohtaja Kari Tolonen ja toiminnanjohtaja Mikko S\u00e4teri luovuttivat Suomen Messus\u00e4\u00e4ti\u00f6n rahoittaman 3000 euron arvoisen Finnfoto-palkinnon Benjam P\u00f6ntiselle Kuva&amp;Kamera -tapahtuman yhteydess\u00e4 Helsingiss\u00e4 perjantaina [&hellip;]<\/p>\n","protected":false},"author":1,"featured_media":0,"comment_status":"closed","ping_status":"open","sticky":false,"template":"","format":"standard","meta":{"footnotes":""},"categories":[13,27],"tags":[],"class_list":["post-91","post","type-post","status-publish","format-standard","hentry","category-finnfoto-ry","category-kilpailut"],"yoast_head":"<!-- This site is optimized with the Yoast SEO plugin v27.5 - https:\/\/yoast.com\/product\/yoast-seo-wordpress\/ -->\n<title>Finnfoto-palkinto 2013 Benjam P\u00f6ntiselle - KAMERAT JA OPTISET LAITTEET<\/title>\n<meta name=\"robots\" content=\"index, follow, max-snippet:-1, max-image-preview:large, max-video-preview:-1\" \/>\n<link rel=\"canonical\" href=\"https:\/\/www.victoriamedia.org\/ld\/finnfoto-palkinto-2013-benjam-pontiselle\/\" \/>\n<meta property=\"og:locale\" content=\"en_US\" \/>\n<meta property=\"og:type\" content=\"article\" \/>\n<meta property=\"og:title\" content=\"Finnfoto-palkinto 2013 Benjam P\u00f6ntiselle - KAMERAT JA OPTISET LAITTEET\" \/>\n<meta property=\"og:description\" content=\"Valokuvaaja Benjam P\u00f6ntiselle on my\u00f6nnetty Suomen valokuvaj\u00e4rjest\u00f6jen keskusliitto Finnfoto ry:n Finnfoto-palkinto. Palkinto annetaan vuosittain henkil\u00f6lle tai yhteis\u00f6lle, joka on merkitt\u00e4v\u00e4sti vaikuttanut suomalaisen valokuvauksen kehitykseen sek\u00e4 luonut edellytyksi\u00e4 valokuvan arvostuksen lis\u00e4\u00e4miselle. Finnfoto ry:n hallituksen puheenjohtaja Kari Tolonen ja toiminnanjohtaja Mikko S\u00e4teri luovuttivat Suomen Messus\u00e4\u00e4ti\u00f6n rahoittaman 3000 euron arvoisen Finnfoto-palkinnon Benjam P\u00f6ntiselle Kuva&amp;Kamera -tapahtuman yhteydess\u00e4 Helsingiss\u00e4 perjantaina [&hellip;]\" \/>\n<meta property=\"og:url\" content=\"https:\/\/www.victoriamedia.org\/ld\/finnfoto-palkinto-2013-benjam-pontiselle\/\" \/>\n<meta property=\"og:site_name\" content=\"KAMERAT JA OPTISET LAITTEET\" \/>\n<meta property=\"article:publisher\" content=\"https:\/\/www.facebook.com\/victoriamedia\" \/>\n<meta property=\"article:published_time\" content=\"2013-03-08T13:35:39+00:00\" \/>\n<meta property=\"og:image\" content=\"http:\/\/www.victoriamedia.org\/ld\/wp-content\/uploads\/2013\/03\/429-180x1801.jpg\" \/>\n<meta name=\"author\" content=\"Kerttu Vali\" \/>\n<meta name=\"twitter:card\" content=\"summary_large_image\" \/>\n<meta name=\"twitter:creator\" content=\"@uutisparkki\" \/>\n<meta name=\"twitter:site\" content=\"@uutisparkki\" \/>\n<meta name=\"twitter:label1\" content=\"Written by\" \/>\n\t<meta name=\"twitter:data1\" content=\"Kerttu Vali\" \/>\n\t<meta name=\"twitter:label2\" content=\"Est. reading time\" \/>\n\t<meta name=\"twitter:data2\" content=\"2 minutes\" \/>\n<script type=\"application\/ld+json\" class=\"yoast-schema-graph\">{\"@context\":\"https:\\\/\\\/schema.org\",\"@graph\":[{\"@type\":\"Article\",\"@id\":\"https:\\\/\\\/www.victoriamedia.org\\\/ld\\\/finnfoto-palkinto-2013-benjam-pontiselle\\\/#article\",\"isPartOf\":{\"@id\":\"https:\\\/\\\/www.victoriamedia.org\\\/ld\\\/finnfoto-palkinto-2013-benjam-pontiselle\\\/\"},\"author\":{\"name\":\"Kerttu Vali\",\"@id\":\"https:\\\/\\\/www.victoriamedia.org\\\/ld\\\/#\\\/schema\\\/person\\\/a2e166f07bdda8a5ef0506501655c9ac\"},\"headline\":\"Finnfoto-palkinto 2013 Benjam P\u00f6ntiselle\",\"datePublished\":\"2013-03-08T13:35:39+00:00\",\"mainEntityOfPage\":{\"@id\":\"https:\\\/\\\/www.victoriamedia.org\\\/ld\\\/finnfoto-palkinto-2013-benjam-pontiselle\\\/\"},\"wordCount\":383,\"publisher\":{\"@id\":\"https:\\\/\\\/www.victoriamedia.org\\\/ld\\\/#organization\"},\"image\":{\"@id\":\"https:\\\/\\\/www.victoriamedia.org\\\/ld\\\/finnfoto-palkinto-2013-benjam-pontiselle\\\/#primaryimage\"},\"thumbnailUrl\":\"http:\\\/\\\/www.victoriamedia.org\\\/ld\\\/wp-content\\\/uploads\\\/2013\\\/03\\\/429-180x1801.jpg\",\"articleSection\":[\"Finnfoto Ry\",\"Kilpailut\"],\"inLanguage\":\"en-US\"},{\"@type\":\"WebPage\",\"@id\":\"https:\\\/\\\/www.victoriamedia.org\\\/ld\\\/finnfoto-palkinto-2013-benjam-pontiselle\\\/\",\"url\":\"https:\\\/\\\/www.victoriamedia.org\\\/ld\\\/finnfoto-palkinto-2013-benjam-pontiselle\\\/\",\"name\":\"Finnfoto-palkinto 2013 Benjam P\u00f6ntiselle - KAMERAT JA OPTISET LAITTEET\",\"isPartOf\":{\"@id\":\"https:\\\/\\\/www.victoriamedia.org\\\/ld\\\/#website\"},\"primaryImageOfPage\":{\"@id\":\"https:\\\/\\\/www.victoriamedia.org\\\/ld\\\/finnfoto-palkinto-2013-benjam-pontiselle\\\/#primaryimage\"},\"image\":{\"@id\":\"https:\\\/\\\/www.victoriamedia.org\\\/ld\\\/finnfoto-palkinto-2013-benjam-pontiselle\\\/#primaryimage\"},\"thumbnailUrl\":\"http:\\\/\\\/www.victoriamedia.org\\\/ld\\\/wp-content\\\/uploads\\\/2013\\\/03\\\/429-180x1801.jpg\",\"datePublished\":\"2013-03-08T13:35:39+00:00\",\"breadcrumb\":{\"@id\":\"https:\\\/\\\/www.victoriamedia.org\\\/ld\\\/finnfoto-palkinto-2013-benjam-pontiselle\\\/#breadcrumb\"},\"inLanguage\":\"en-US\",\"potentialAction\":[{\"@type\":\"ReadAction\",\"target\":[\"https:\\\/\\\/www.victoriamedia.org\\\/ld\\\/finnfoto-palkinto-2013-benjam-pontiselle\\\/\"]}]},{\"@type\":\"ImageObject\",\"inLanguage\":\"en-US\",\"@id\":\"https:\\\/\\\/www.victoriamedia.org\\\/ld\\\/finnfoto-palkinto-2013-benjam-pontiselle\\\/#primaryimage\",\"url\":\"https:\\\/\\\/www.victoriamedia.org\\\/ld\\\/wp-content\\\/uploads\\\/2013\\\/03\\\/429-180x1801.jpg\",\"contentUrl\":\"https:\\\/\\\/www.victoriamedia.org\\\/ld\\\/wp-content\\\/uploads\\\/2013\\\/03\\\/429-180x1801.jpg\",\"width\":\"180\",\"height\":\"112\"},{\"@type\":\"BreadcrumbList\",\"@id\":\"https:\\\/\\\/www.victoriamedia.org\\\/ld\\\/finnfoto-palkinto-2013-benjam-pontiselle\\\/#breadcrumb\",\"itemListElement\":[{\"@type\":\"ListItem\",\"position\":1,\"name\":\"Home\",\"item\":\"https:\\\/\\\/www.victoriamedia.org\\\/ld\\\/\"},{\"@type\":\"ListItem\",\"position\":2,\"name\":\"Finnfoto-palkinto 2013 Benjam P\u00f6ntiselle\"}]},{\"@type\":\"WebSite\",\"@id\":\"https:\\\/\\\/www.victoriamedia.org\\\/ld\\\/#website\",\"url\":\"https:\\\/\\\/www.victoriamedia.org\\\/ld\\\/\",\"name\":\"KAMERAT JA OPTISET LAITTEET\",\"description\":\"Kamerat Kiikarit ja optiset tarvikkeet\",\"publisher\":{\"@id\":\"https:\\\/\\\/www.victoriamedia.org\\\/ld\\\/#organization\"},\"potentialAction\":[{\"@type\":\"SearchAction\",\"target\":{\"@type\":\"EntryPoint\",\"urlTemplate\":\"https:\\\/\\\/www.victoriamedia.org\\\/ld\\\/?s={search_term_string}\"},\"query-input\":{\"@type\":\"PropertyValueSpecification\",\"valueRequired\":true,\"valueName\":\"search_term_string\"}}],\"inLanguage\":\"en-US\"},{\"@type\":\"Organization\",\"@id\":\"https:\\\/\\\/www.victoriamedia.org\\\/ld\\\/#organization\",\"name\":\"Victoria Media - Kamerauutiset\",\"url\":\"https:\\\/\\\/www.victoriamedia.org\\\/ld\\\/\",\"logo\":{\"@type\":\"ImageObject\",\"inLanguage\":\"en-US\",\"@id\":\"https:\\\/\\\/www.victoriamedia.org\\\/ld\\\/#\\\/schema\\\/logo\\\/image\\\/\",\"url\":\"https:\\\/\\\/www.victoriamedia.org\\\/ld\\\/wp-content\\\/uploads\\\/2022\\\/09\\\/292179098_555417722694101_2682724033383846896_n.png\",\"contentUrl\":\"https:\\\/\\\/www.victoriamedia.org\\\/ld\\\/wp-content\\\/uploads\\\/2022\\\/09\\\/292179098_555417722694101_2682724033383846896_n.png\",\"width\":215,\"height\":165,\"caption\":\"Victoria Media - Kamerauutiset\"},\"image\":{\"@id\":\"https:\\\/\\\/www.victoriamedia.org\\\/ld\\\/#\\\/schema\\\/logo\\\/image\\\/\"},\"sameAs\":[\"https:\\\/\\\/www.facebook.com\\\/victoriamedia\",\"https:\\\/\\\/x.com\\\/uutisparkki\"]},{\"@type\":\"Person\",\"@id\":\"https:\\\/\\\/www.victoriamedia.org\\\/ld\\\/#\\\/schema\\\/person\\\/a2e166f07bdda8a5ef0506501655c9ac\",\"name\":\"Kerttu Vali\",\"image\":{\"@type\":\"ImageObject\",\"inLanguage\":\"en-US\",\"@id\":\"https:\\\/\\\/secure.gravatar.com\\\/avatar\\\/62dbe1a847f655ad987c59fece23f885c4b0e7b06595c36d9597003852972217?s=96&d=mm&r=g\",\"url\":\"https:\\\/\\\/secure.gravatar.com\\\/avatar\\\/62dbe1a847f655ad987c59fece23f885c4b0e7b06595c36d9597003852972217?s=96&d=mm&r=g\",\"contentUrl\":\"https:\\\/\\\/secure.gravatar.com\\\/avatar\\\/62dbe1a847f655ad987c59fece23f885c4b0e7b06595c36d9597003852972217?s=96&d=mm&r=g\",\"caption\":\"Kerttu Vali\"},\"sameAs\":[\"http:\\\/\\\/www.victoriamedia.fi\\\/\"],\"url\":\"https:\\\/\\\/www.victoriamedia.org\\\/ld\\\/author\\\/kerttuvali\\\/\"}]}<\/script>\n<!-- \/ Yoast SEO plugin. -->","yoast_head_json":{"title":"Finnfoto-palkinto 2013 Benjam P\u00f6ntiselle - KAMERAT JA OPTISET LAITTEET","robots":{"index":"index","follow":"follow","max-snippet":"max-snippet:-1","max-image-preview":"max-image-preview:large","max-video-preview":"max-video-preview:-1"},"canonical":"https:\/\/www.victoriamedia.org\/ld\/finnfoto-palkinto-2013-benjam-pontiselle\/","og_locale":"en_US","og_type":"article","og_title":"Finnfoto-palkinto 2013 Benjam P\u00f6ntiselle - KAMERAT JA OPTISET LAITTEET","og_description":"Valokuvaaja Benjam P\u00f6ntiselle on my\u00f6nnetty Suomen valokuvaj\u00e4rjest\u00f6jen keskusliitto Finnfoto ry:n Finnfoto-palkinto. Palkinto annetaan vuosittain henkil\u00f6lle tai yhteis\u00f6lle, joka on merkitt\u00e4v\u00e4sti vaikuttanut suomalaisen valokuvauksen kehitykseen sek\u00e4 luonut edellytyksi\u00e4 valokuvan arvostuksen lis\u00e4\u00e4miselle. Finnfoto ry:n hallituksen puheenjohtaja Kari Tolonen ja toiminnanjohtaja Mikko S\u00e4teri luovuttivat Suomen Messus\u00e4\u00e4ti\u00f6n rahoittaman 3000 euron arvoisen Finnfoto-palkinnon Benjam P\u00f6ntiselle Kuva&amp;Kamera -tapahtuman yhteydess\u00e4 Helsingiss\u00e4 perjantaina [&hellip;]","og_url":"https:\/\/www.victoriamedia.org\/ld\/finnfoto-palkinto-2013-benjam-pontiselle\/","og_site_name":"KAMERAT JA OPTISET LAITTEET","article_publisher":"https:\/\/www.facebook.com\/victoriamedia","article_published_time":"2013-03-08T13:35:39+00:00","og_image":[{"url":"http:\/\/www.victoriamedia.org\/ld\/wp-content\/uploads\/2013\/03\/429-180x1801.jpg","type":"","width":"","height":""}],"author":"Kerttu Vali","twitter_card":"summary_large_image","twitter_creator":"@uutisparkki","twitter_site":"@uutisparkki","twitter_misc":{"Written by":"Kerttu Vali","Est. reading time":"2 minutes"},"schema":{"@context":"https:\/\/schema.org","@graph":[{"@type":"Article","@id":"https:\/\/www.victoriamedia.org\/ld\/finnfoto-palkinto-2013-benjam-pontiselle\/#article","isPartOf":{"@id":"https:\/\/www.victoriamedia.org\/ld\/finnfoto-palkinto-2013-benjam-pontiselle\/"},"author":{"name":"Kerttu Vali","@id":"https:\/\/www.victoriamedia.org\/ld\/#\/schema\/person\/a2e166f07bdda8a5ef0506501655c9ac"},"headline":"Finnfoto-palkinto 2013 Benjam P\u00f6ntiselle","datePublished":"2013-03-08T13:35:39+00:00","mainEntityOfPage":{"@id":"https:\/\/www.victoriamedia.org\/ld\/finnfoto-palkinto-2013-benjam-pontiselle\/"},"wordCount":383,"publisher":{"@id":"https:\/\/www.victoriamedia.org\/ld\/#organization"},"image":{"@id":"https:\/\/www.victoriamedia.org\/ld\/finnfoto-palkinto-2013-benjam-pontiselle\/#primaryimage"},"thumbnailUrl":"http:\/\/www.victoriamedia.org\/ld\/wp-content\/uploads\/2013\/03\/429-180x1801.jpg","articleSection":["Finnfoto Ry","Kilpailut"],"inLanguage":"en-US"},{"@type":"WebPage","@id":"https:\/\/www.victoriamedia.org\/ld\/finnfoto-palkinto-2013-benjam-pontiselle\/","url":"https:\/\/www.victoriamedia.org\/ld\/finnfoto-palkinto-2013-benjam-pontiselle\/","name":"Finnfoto-palkinto 2013 Benjam P\u00f6ntiselle - KAMERAT JA OPTISET LAITTEET","isPartOf":{"@id":"https:\/\/www.victoriamedia.org\/ld\/#website"},"primaryImageOfPage":{"@id":"https:\/\/www.victoriamedia.org\/ld\/finnfoto-palkinto-2013-benjam-pontiselle\/#primaryimage"},"image":{"@id":"https:\/\/www.victoriamedia.org\/ld\/finnfoto-palkinto-2013-benjam-pontiselle\/#primaryimage"},"thumbnailUrl":"http:\/\/www.victoriamedia.org\/ld\/wp-content\/uploads\/2013\/03\/429-180x1801.jpg","datePublished":"2013-03-08T13:35:39+00:00","breadcrumb":{"@id":"https:\/\/www.victoriamedia.org\/ld\/finnfoto-palkinto-2013-benjam-pontiselle\/#breadcrumb"},"inLanguage":"en-US","potentialAction":[{"@type":"ReadAction","target":["https:\/\/www.victoriamedia.org\/ld\/finnfoto-palkinto-2013-benjam-pontiselle\/"]}]},{"@type":"ImageObject","inLanguage":"en-US","@id":"https:\/\/www.victoriamedia.org\/ld\/finnfoto-palkinto-2013-benjam-pontiselle\/#primaryimage","url":"https:\/\/www.victoriamedia.org\/ld\/wp-content\/uploads\/2013\/03\/429-180x1801.jpg","contentUrl":"https:\/\/www.victoriamedia.org\/ld\/wp-content\/uploads\/2013\/03\/429-180x1801.jpg","width":"180","height":"112"},{"@type":"BreadcrumbList","@id":"https:\/\/www.victoriamedia.org\/ld\/finnfoto-palkinto-2013-benjam-pontiselle\/#breadcrumb","itemListElement":[{"@type":"ListItem","position":1,"name":"Home","item":"https:\/\/www.victoriamedia.org\/ld\/"},{"@type":"ListItem","position":2,"name":"Finnfoto-palkinto 2013 Benjam P\u00f6ntiselle"}]},{"@type":"WebSite","@id":"https:\/\/www.victoriamedia.org\/ld\/#website","url":"https:\/\/www.victoriamedia.org\/ld\/","name":"KAMERAT JA OPTISET LAITTEET","description":"Kamerat Kiikarit ja optiset tarvikkeet","publisher":{"@id":"https:\/\/www.victoriamedia.org\/ld\/#organization"},"potentialAction":[{"@type":"SearchAction","target":{"@type":"EntryPoint","urlTemplate":"https:\/\/www.victoriamedia.org\/ld\/?s={search_term_string}"},"query-input":{"@type":"PropertyValueSpecification","valueRequired":true,"valueName":"search_term_string"}}],"inLanguage":"en-US"},{"@type":"Organization","@id":"https:\/\/www.victoriamedia.org\/ld\/#organization","name":"Victoria Media - Kamerauutiset","url":"https:\/\/www.victoriamedia.org\/ld\/","logo":{"@type":"ImageObject","inLanguage":"en-US","@id":"https:\/\/www.victoriamedia.org\/ld\/#\/schema\/logo\/image\/","url":"https:\/\/www.victoriamedia.org\/ld\/wp-content\/uploads\/2022\/09\/292179098_555417722694101_2682724033383846896_n.png","contentUrl":"https:\/\/www.victoriamedia.org\/ld\/wp-content\/uploads\/2022\/09\/292179098_555417722694101_2682724033383846896_n.png","width":215,"height":165,"caption":"Victoria Media - Kamerauutiset"},"image":{"@id":"https:\/\/www.victoriamedia.org\/ld\/#\/schema\/logo\/image\/"},"sameAs":["https:\/\/www.facebook.com\/victoriamedia","https:\/\/x.com\/uutisparkki"]},{"@type":"Person","@id":"https:\/\/www.victoriamedia.org\/ld\/#\/schema\/person\/a2e166f07bdda8a5ef0506501655c9ac","name":"Kerttu Vali","image":{"@type":"ImageObject","inLanguage":"en-US","@id":"https:\/\/secure.gravatar.com\/avatar\/62dbe1a847f655ad987c59fece23f885c4b0e7b06595c36d9597003852972217?s=96&d=mm&r=g","url":"https:\/\/secure.gravatar.com\/avatar\/62dbe1a847f655ad987c59fece23f885c4b0e7b06595c36d9597003852972217?s=96&d=mm&r=g","contentUrl":"https:\/\/secure.gravatar.com\/avatar\/62dbe1a847f655ad987c59fece23f885c4b0e7b06595c36d9597003852972217?s=96&d=mm&r=g","caption":"Kerttu Vali"},"sameAs":["http:\/\/www.victoriamedia.fi\/"],"url":"https:\/\/www.victoriamedia.org\/ld\/author\/kerttuvali\/"}]}},"_links":{"self":[{"href":"https:\/\/www.victoriamedia.org\/ld\/wp-json\/wp\/v2\/posts\/91","targetHints":{"allow":["GET"]}}],"collection":[{"href":"https:\/\/www.victoriamedia.org\/ld\/wp-json\/wp\/v2\/posts"}],"about":[{"href":"https:\/\/www.victoriamedia.org\/ld\/wp-json\/wp\/v2\/types\/post"}],"author":[{"embeddable":true,"href":"https:\/\/www.victoriamedia.org\/ld\/wp-json\/wp\/v2\/users\/1"}],"replies":[{"embeddable":true,"href":"https:\/\/www.victoriamedia.org\/ld\/wp-json\/wp\/v2\/comments?post=91"}],"version-history":[{"count":1,"href":"https:\/\/www.victoriamedia.org\/ld\/wp-json\/wp\/v2\/posts\/91\/revisions"}],"predecessor-version":[{"id":93,"href":"https:\/\/www.victoriamedia.org\/ld\/wp-json\/wp\/v2\/posts\/91\/revisions\/93"}],"wp:attachment":[{"href":"https:\/\/www.victoriamedia.org\/ld\/wp-json\/wp\/v2\/media?parent=91"}],"wp:term":[{"taxonomy":"category","embeddable":true,"href":"https:\/\/www.victoriamedia.org\/ld\/wp-json\/wp\/v2\/categories?post=91"},{"taxonomy":"post_tag","embeddable":true,"href":"https:\/\/www.victoriamedia.org\/ld\/wp-json\/wp\/v2\/tags?post=91"}],"curies":[{"name":"wp","href":"https:\/\/api.w.org\/{rel}","templated":true}]}}