{"id":52,"date":"2013-01-29T11:20:43","date_gmt":"2013-01-29T11:20:43","guid":{"rendered":"http:\/\/www.victoriamedia.org\/ld\/?p=52"},"modified":"2013-01-29T11:20:43","modified_gmt":"2013-01-29T11:20:43","slug":"kevaan-uudet-canon-kompaktikamerat-ovat-pienia-tyylikkaita-ja-helppokayttoisia","status":"publish","type":"post","link":"https:\/\/www.victoriamedia.org\/ld\/kevaan-uudet-canon-kompaktikamerat-ovat-pienia-tyylikkaita-ja-helppokayttoisia\/","title":{"rendered":"Kev\u00e4\u00e4n uudet Canon-kompaktikamerat ovat pieni\u00e4, tyylikk\u00e4it\u00e4 ja helppok\u00e4ytt\u00f6isi\u00e4"},"content":{"rendered":"<p><a href=\"http:\/\/www.victoriamedia.org\/ld\/wp-content\/uploads\/2013\/01\/canonixus255hs.png\"><img loading=\"lazy\" decoding=\"async\" class=\"alignnone size-full wp-image-53\" title=\"canonixus255hs\" src=\"http:\/\/www.victoriamedia.org\/ld\/wp-content\/uploads\/2013\/01\/canonixus255hs.png\" alt=\"\" width=\"523\" height=\"169\" srcset=\"https:\/\/www.victoriamedia.org\/ld\/wp-content\/uploads\/2013\/01\/canonixus255hs.png 523w, https:\/\/www.victoriamedia.org\/ld\/wp-content\/uploads\/2013\/01\/canonixus255hs-300x96.png 300w\" sizes=\"auto, (max-width: 523px) 100vw, 523px\" \/><\/a><\/p>\n<p>Canon-kompaktikameroiden mallisto kasvaa kolmella IXUS-kameralla ja yhdell\u00e4 PowerShot -mallilla. Tehokkaassa\u00a0<strong>IXUS 255 HS\u00a0<\/strong>-kamerassa ja ohuissa<strong>IXUS 135<\/strong>&#8211; ja\u00a0<strong>IXUS 132\u00a0<\/strong>-kameroissa on erinomaiset zoom-ominaisuudet, tyylik\u00e4s metallirunko sek\u00e4 laadukasta kuvantamis- ja objektiivitekniikkaa. Pienikokoinen ja edullinen\u00a0<strong>PowerShot A2500<\/strong>\u00a0sopii ensimm\u00e4iseksi digitaalikameraksi.<\/p>\n<p>IXUS 255 HS ja IXUS 135 on varustettu Wi-Fi-liit\u00e4nn\u00e4ll\u00e4. Kameran voi yhdist\u00e4\u00e4 \u00e4lypuhelimeen ja taulutietokoneeseen, joista kuvia ja videoita voi ladata vaikkapa Facebookiin tai YouTubeen. Paikkatiedot voi merkit\u00e4 kuviin \u00e4lypuhelimen GPS-toimintoa hy\u00f6dynt\u00e4m\u00e4ll\u00e4.<\/p>\n<p><strong>Helppoa automatiikkaa tai persoonallista ilmett\u00e4 tehosteilla<br \/>\n<\/strong>IXUS- ja PowerShot-mallien Smart Auto -valotusohjelma tunnistaa jopa 32 eri n\u00e4kym\u00e4\u00e4 ja m\u00e4\u00e4ritt\u00e4\u00e4 sopivimmat asetukset t\u00e4ydellisen otoksen tallentamiseksi. Luovien suotimien, kuten miniatyyritehosteen, lelukameratehosteen, kalansilm\u00e4tehosteen ja mustavalkokuvan, avulla voidaan my\u00f6s parantaa kuvaa, lis\u00e4t\u00e4 siihen uudenlaista tunnelmaa tai antaa kuvalle yksil\u00f6llinen, hauska ilme.<\/p>\n<p>IXUS 255 HS -kamerassa on my\u00f6s uusi hybridiautomaattitila. Se hy\u00f6dynt\u00e4\u00e4 Smart Auto -valotusohjelmaa ja n\u00e4kym\u00e4ntunnistustekniikkaa sek\u00e4 tallentaa videokuvaa nelj\u00e4n sekunnin ajan aina ennen laukaisimen painamista. Kaikki p\u00e4iv\u00e4n aikana tallennetut video-otokset muodostavat videokoosteen, joka voidaan jakaa vaikkapa sosiaalisessa mediassa.<\/p>\n<p>Maksuton CANON iMAGE GATEWAY -palvelu mahdollistaa my\u00f6s kuva-albumien yhteisk\u00e4yt\u00f6n l\u00e4hiverkon laitteista tai kuvien ja videoiden varmuuskopioinnin niihin suoraan kamerasta. Kuvia voidaan my\u00f6s siirt\u00e4\u00e4 l\u00e4hiverkon tietokoneelle tai tulostaa yhteensopivalla langattomalla tulostimella.<\/p>\n<p><strong>Uusien IXUS- ja PowerShot -mallien suositusv\u00e4hitt\u00e4ishinnat ovat<\/strong><\/p>\n<p>IXUS 255 HS 279 euroa, saatavilla maaliskuussa<\/p>\n<p>IXUS 135\u00a0189 euroa, saatavilla maaliskuussa<\/p>\n<p>IXUS 132\u00a0169 euroa, saatavilla maaliskuussa<\/p>\n<p>PowerShot A2500 109 euroa, saatavilla huhtikuussa<\/p>\n","protected":false},"excerpt":{"rendered":"<p>Canon-kompaktikameroiden mallisto kasvaa kolmella IXUS-kameralla ja yhdell\u00e4 PowerShot -mallilla. Tehokkaassa\u00a0IXUS 255 HS\u00a0-kamerassa ja ohuissaIXUS 135&#8211; ja\u00a0IXUS 132\u00a0-kameroissa on erinomaiset zoom-ominaisuudet, tyylik\u00e4s metallirunko sek\u00e4 laadukasta kuvantamis- ja objektiivitekniikkaa. Pienikokoinen ja edullinen\u00a0PowerShot A2500\u00a0sopii ensimm\u00e4iseksi digitaalikameraksi. IXUS 255 HS ja IXUS 135 on varustettu Wi-Fi-liit\u00e4nn\u00e4ll\u00e4. Kameran voi yhdist\u00e4\u00e4 \u00e4lypuhelimeen ja taulutietokoneeseen, joista kuvia ja videoita voi ladata vaikkapa [&hellip;]<\/p>\n","protected":false},"author":1,"featured_media":0,"comment_status":"closed","ping_status":"open","sticky":false,"template":"","format":"standard","meta":{"footnotes":""},"categories":[24],"tags":[],"class_list":["post-52","post","type-post","status-publish","format-standard","hentry","category-kamerat"],"yoast_head":"<!-- This site is optimized with the Yoast SEO plugin v27.5 - https:\/\/yoast.com\/product\/yoast-seo-wordpress\/ -->\n<title>Kev\u00e4\u00e4n uudet Canon-kompaktikamerat ovat pieni\u00e4, tyylikk\u00e4it\u00e4 ja helppok\u00e4ytt\u00f6isi\u00e4 - KAMERAT JA OPTISET LAITTEET<\/title>\n<meta name=\"robots\" content=\"index, follow, max-snippet:-1, max-image-preview:large, max-video-preview:-1\" \/>\n<link rel=\"canonical\" href=\"https:\/\/www.victoriamedia.org\/ld\/kevaan-uudet-canon-kompaktikamerat-ovat-pienia-tyylikkaita-ja-helppokayttoisia\/\" \/>\n<meta property=\"og:locale\" content=\"en_US\" \/>\n<meta property=\"og:type\" content=\"article\" \/>\n<meta property=\"og:title\" content=\"Kev\u00e4\u00e4n uudet Canon-kompaktikamerat ovat pieni\u00e4, tyylikk\u00e4it\u00e4 ja helppok\u00e4ytt\u00f6isi\u00e4 - KAMERAT JA OPTISET LAITTEET\" \/>\n<meta property=\"og:description\" content=\"Canon-kompaktikameroiden mallisto kasvaa kolmella IXUS-kameralla ja yhdell\u00e4 PowerShot -mallilla. Tehokkaassa\u00a0IXUS 255 HS\u00a0-kamerassa ja ohuissaIXUS 135&#8211; ja\u00a0IXUS 132\u00a0-kameroissa on erinomaiset zoom-ominaisuudet, tyylik\u00e4s metallirunko sek\u00e4 laadukasta kuvantamis- ja objektiivitekniikkaa. Pienikokoinen ja edullinen\u00a0PowerShot A2500\u00a0sopii ensimm\u00e4iseksi digitaalikameraksi. IXUS 255 HS ja IXUS 135 on varustettu Wi-Fi-liit\u00e4nn\u00e4ll\u00e4. Kameran voi yhdist\u00e4\u00e4 \u00e4lypuhelimeen ja taulutietokoneeseen, joista kuvia ja videoita voi ladata vaikkapa [&hellip;]\" \/>\n<meta property=\"og:url\" content=\"https:\/\/www.victoriamedia.org\/ld\/kevaan-uudet-canon-kompaktikamerat-ovat-pienia-tyylikkaita-ja-helppokayttoisia\/\" \/>\n<meta property=\"og:site_name\" content=\"KAMERAT JA OPTISET LAITTEET\" \/>\n<meta property=\"article:publisher\" content=\"https:\/\/www.facebook.com\/victoriamedia\" \/>\n<meta property=\"article:published_time\" content=\"2013-01-29T11:20:43+00:00\" \/>\n<meta property=\"og:image\" content=\"http:\/\/www.victoriamedia.org\/ld\/wp-content\/uploads\/2013\/01\/canonixus255hs.png\" \/>\n<meta name=\"author\" content=\"Kerttu Vali\" \/>\n<meta name=\"twitter:card\" content=\"summary_large_image\" \/>\n<meta name=\"twitter:creator\" content=\"@uutisparkki\" \/>\n<meta name=\"twitter:site\" content=\"@uutisparkki\" \/>\n<meta name=\"twitter:label1\" content=\"Written by\" \/>\n\t<meta name=\"twitter:data1\" content=\"Kerttu Vali\" \/>\n\t<meta name=\"twitter:label2\" content=\"Est. reading time\" \/>\n\t<meta name=\"twitter:data2\" content=\"1 minute\" \/>\n<script type=\"application\/ld+json\" class=\"yoast-schema-graph\">{\"@context\":\"https:\\\/\\\/schema.org\",\"@graph\":[{\"@type\":\"Article\",\"@id\":\"https:\\\/\\\/www.victoriamedia.org\\\/ld\\\/kevaan-uudet-canon-kompaktikamerat-ovat-pienia-tyylikkaita-ja-helppokayttoisia\\\/#article\",\"isPartOf\":{\"@id\":\"https:\\\/\\\/www.victoriamedia.org\\\/ld\\\/kevaan-uudet-canon-kompaktikamerat-ovat-pienia-tyylikkaita-ja-helppokayttoisia\\\/\"},\"author\":{\"name\":\"Kerttu Vali\",\"@id\":\"https:\\\/\\\/www.victoriamedia.org\\\/ld\\\/#\\\/schema\\\/person\\\/a2e166f07bdda8a5ef0506501655c9ac\"},\"headline\":\"Kev\u00e4\u00e4n uudet Canon-kompaktikamerat ovat pieni\u00e4, tyylikk\u00e4it\u00e4 ja helppok\u00e4ytt\u00f6isi\u00e4\",\"datePublished\":\"2013-01-29T11:20:43+00:00\",\"mainEntityOfPage\":{\"@id\":\"https:\\\/\\\/www.victoriamedia.org\\\/ld\\\/kevaan-uudet-canon-kompaktikamerat-ovat-pienia-tyylikkaita-ja-helppokayttoisia\\\/\"},\"wordCount\":246,\"publisher\":{\"@id\":\"https:\\\/\\\/www.victoriamedia.org\\\/ld\\\/#organization\"},\"image\":{\"@id\":\"https:\\\/\\\/www.victoriamedia.org\\\/ld\\\/kevaan-uudet-canon-kompaktikamerat-ovat-pienia-tyylikkaita-ja-helppokayttoisia\\\/#primaryimage\"},\"thumbnailUrl\":\"http:\\\/\\\/www.victoriamedia.org\\\/ld\\\/wp-content\\\/uploads\\\/2013\\\/01\\\/canonixus255hs.png\",\"articleSection\":[\"Kamerat\"],\"inLanguage\":\"en-US\"},{\"@type\":\"WebPage\",\"@id\":\"https:\\\/\\\/www.victoriamedia.org\\\/ld\\\/kevaan-uudet-canon-kompaktikamerat-ovat-pienia-tyylikkaita-ja-helppokayttoisia\\\/\",\"url\":\"https:\\\/\\\/www.victoriamedia.org\\\/ld\\\/kevaan-uudet-canon-kompaktikamerat-ovat-pienia-tyylikkaita-ja-helppokayttoisia\\\/\",\"name\":\"Kev\u00e4\u00e4n uudet Canon-kompaktikamerat ovat pieni\u00e4, tyylikk\u00e4it\u00e4 ja helppok\u00e4ytt\u00f6isi\u00e4 - KAMERAT JA OPTISET LAITTEET\",\"isPartOf\":{\"@id\":\"https:\\\/\\\/www.victoriamedia.org\\\/ld\\\/#website\"},\"primaryImageOfPage\":{\"@id\":\"https:\\\/\\\/www.victoriamedia.org\\\/ld\\\/kevaan-uudet-canon-kompaktikamerat-ovat-pienia-tyylikkaita-ja-helppokayttoisia\\\/#primaryimage\"},\"image\":{\"@id\":\"https:\\\/\\\/www.victoriamedia.org\\\/ld\\\/kevaan-uudet-canon-kompaktikamerat-ovat-pienia-tyylikkaita-ja-helppokayttoisia\\\/#primaryimage\"},\"thumbnailUrl\":\"http:\\\/\\\/www.victoriamedia.org\\\/ld\\\/wp-content\\\/uploads\\\/2013\\\/01\\\/canonixus255hs.png\",\"datePublished\":\"2013-01-29T11:20:43+00:00\",\"breadcrumb\":{\"@id\":\"https:\\\/\\\/www.victoriamedia.org\\\/ld\\\/kevaan-uudet-canon-kompaktikamerat-ovat-pienia-tyylikkaita-ja-helppokayttoisia\\\/#breadcrumb\"},\"inLanguage\":\"en-US\",\"potentialAction\":[{\"@type\":\"ReadAction\",\"target\":[\"https:\\\/\\\/www.victoriamedia.org\\\/ld\\\/kevaan-uudet-canon-kompaktikamerat-ovat-pienia-tyylikkaita-ja-helppokayttoisia\\\/\"]}]},{\"@type\":\"ImageObject\",\"inLanguage\":\"en-US\",\"@id\":\"https:\\\/\\\/www.victoriamedia.org\\\/ld\\\/kevaan-uudet-canon-kompaktikamerat-ovat-pienia-tyylikkaita-ja-helppokayttoisia\\\/#primaryimage\",\"url\":\"https:\\\/\\\/www.victoriamedia.org\\\/ld\\\/wp-content\\\/uploads\\\/2013\\\/01\\\/canonixus255hs.png\",\"contentUrl\":\"https:\\\/\\\/www.victoriamedia.org\\\/ld\\\/wp-content\\\/uploads\\\/2013\\\/01\\\/canonixus255hs.png\",\"width\":\"523\",\"height\":\"169\"},{\"@type\":\"BreadcrumbList\",\"@id\":\"https:\\\/\\\/www.victoriamedia.org\\\/ld\\\/kevaan-uudet-canon-kompaktikamerat-ovat-pienia-tyylikkaita-ja-helppokayttoisia\\\/#breadcrumb\",\"itemListElement\":[{\"@type\":\"ListItem\",\"position\":1,\"name\":\"Home\",\"item\":\"https:\\\/\\\/www.victoriamedia.org\\\/ld\\\/\"},{\"@type\":\"ListItem\",\"position\":2,\"name\":\"Kev\u00e4\u00e4n uudet Canon-kompaktikamerat ovat pieni\u00e4, tyylikk\u00e4it\u00e4 ja helppok\u00e4ytt\u00f6isi\u00e4\"}]},{\"@type\":\"WebSite\",\"@id\":\"https:\\\/\\\/www.victoriamedia.org\\\/ld\\\/#website\",\"url\":\"https:\\\/\\\/www.victoriamedia.org\\\/ld\\\/\",\"name\":\"KAMERAT JA OPTISET LAITTEET\",\"description\":\"Kamerat Kiikarit ja optiset tarvikkeet\",\"publisher\":{\"@id\":\"https:\\\/\\\/www.victoriamedia.org\\\/ld\\\/#organization\"},\"potentialAction\":[{\"@type\":\"SearchAction\",\"target\":{\"@type\":\"EntryPoint\",\"urlTemplate\":\"https:\\\/\\\/www.victoriamedia.org\\\/ld\\\/?s={search_term_string}\"},\"query-input\":{\"@type\":\"PropertyValueSpecification\",\"valueRequired\":true,\"valueName\":\"search_term_string\"}}],\"inLanguage\":\"en-US\"},{\"@type\":\"Organization\",\"@id\":\"https:\\\/\\\/www.victoriamedia.org\\\/ld\\\/#organization\",\"name\":\"Victoria Media - Kamerauutiset\",\"url\":\"https:\\\/\\\/www.victoriamedia.org\\\/ld\\\/\",\"logo\":{\"@type\":\"ImageObject\",\"inLanguage\":\"en-US\",\"@id\":\"https:\\\/\\\/www.victoriamedia.org\\\/ld\\\/#\\\/schema\\\/logo\\\/image\\\/\",\"url\":\"https:\\\/\\\/www.victoriamedia.org\\\/ld\\\/wp-content\\\/uploads\\\/2022\\\/09\\\/292179098_555417722694101_2682724033383846896_n.png\",\"contentUrl\":\"https:\\\/\\\/www.victoriamedia.org\\\/ld\\\/wp-content\\\/uploads\\\/2022\\\/09\\\/292179098_555417722694101_2682724033383846896_n.png\",\"width\":215,\"height\":165,\"caption\":\"Victoria Media - Kamerauutiset\"},\"image\":{\"@id\":\"https:\\\/\\\/www.victoriamedia.org\\\/ld\\\/#\\\/schema\\\/logo\\\/image\\\/\"},\"sameAs\":[\"https:\\\/\\\/www.facebook.com\\\/victoriamedia\",\"https:\\\/\\\/x.com\\\/uutisparkki\"]},{\"@type\":\"Person\",\"@id\":\"https:\\\/\\\/www.victoriamedia.org\\\/ld\\\/#\\\/schema\\\/person\\\/a2e166f07bdda8a5ef0506501655c9ac\",\"name\":\"Kerttu Vali\",\"image\":{\"@type\":\"ImageObject\",\"inLanguage\":\"en-US\",\"@id\":\"https:\\\/\\\/secure.gravatar.com\\\/avatar\\\/62dbe1a847f655ad987c59fece23f885c4b0e7b06595c36d9597003852972217?s=96&d=mm&r=g\",\"url\":\"https:\\\/\\\/secure.gravatar.com\\\/avatar\\\/62dbe1a847f655ad987c59fece23f885c4b0e7b06595c36d9597003852972217?s=96&d=mm&r=g\",\"contentUrl\":\"https:\\\/\\\/secure.gravatar.com\\\/avatar\\\/62dbe1a847f655ad987c59fece23f885c4b0e7b06595c36d9597003852972217?s=96&d=mm&r=g\",\"caption\":\"Kerttu Vali\"},\"sameAs\":[\"http:\\\/\\\/www.victoriamedia.fi\\\/\"],\"url\":\"https:\\\/\\\/www.victoriamedia.org\\\/ld\\\/author\\\/kerttuvali\\\/\"}]}<\/script>\n<!-- \/ Yoast SEO plugin. -->","yoast_head_json":{"title":"Kev\u00e4\u00e4n uudet Canon-kompaktikamerat ovat pieni\u00e4, tyylikk\u00e4it\u00e4 ja helppok\u00e4ytt\u00f6isi\u00e4 - KAMERAT JA OPTISET LAITTEET","robots":{"index":"index","follow":"follow","max-snippet":"max-snippet:-1","max-image-preview":"max-image-preview:large","max-video-preview":"max-video-preview:-1"},"canonical":"https:\/\/www.victoriamedia.org\/ld\/kevaan-uudet-canon-kompaktikamerat-ovat-pienia-tyylikkaita-ja-helppokayttoisia\/","og_locale":"en_US","og_type":"article","og_title":"Kev\u00e4\u00e4n uudet Canon-kompaktikamerat ovat pieni\u00e4, tyylikk\u00e4it\u00e4 ja helppok\u00e4ytt\u00f6isi\u00e4 - KAMERAT JA OPTISET LAITTEET","og_description":"Canon-kompaktikameroiden mallisto kasvaa kolmella IXUS-kameralla ja yhdell\u00e4 PowerShot -mallilla. Tehokkaassa\u00a0IXUS 255 HS\u00a0-kamerassa ja ohuissaIXUS 135&#8211; ja\u00a0IXUS 132\u00a0-kameroissa on erinomaiset zoom-ominaisuudet, tyylik\u00e4s metallirunko sek\u00e4 laadukasta kuvantamis- ja objektiivitekniikkaa. Pienikokoinen ja edullinen\u00a0PowerShot A2500\u00a0sopii ensimm\u00e4iseksi digitaalikameraksi. IXUS 255 HS ja IXUS 135 on varustettu Wi-Fi-liit\u00e4nn\u00e4ll\u00e4. Kameran voi yhdist\u00e4\u00e4 \u00e4lypuhelimeen ja taulutietokoneeseen, joista kuvia ja videoita voi ladata vaikkapa [&hellip;]","og_url":"https:\/\/www.victoriamedia.org\/ld\/kevaan-uudet-canon-kompaktikamerat-ovat-pienia-tyylikkaita-ja-helppokayttoisia\/","og_site_name":"KAMERAT JA OPTISET LAITTEET","article_publisher":"https:\/\/www.facebook.com\/victoriamedia","article_published_time":"2013-01-29T11:20:43+00:00","og_image":[{"url":"http:\/\/www.victoriamedia.org\/ld\/wp-content\/uploads\/2013\/01\/canonixus255hs.png","type":"","width":"","height":""}],"author":"Kerttu Vali","twitter_card":"summary_large_image","twitter_creator":"@uutisparkki","twitter_site":"@uutisparkki","twitter_misc":{"Written by":"Kerttu Vali","Est. reading time":"1 minute"},"schema":{"@context":"https:\/\/schema.org","@graph":[{"@type":"Article","@id":"https:\/\/www.victoriamedia.org\/ld\/kevaan-uudet-canon-kompaktikamerat-ovat-pienia-tyylikkaita-ja-helppokayttoisia\/#article","isPartOf":{"@id":"https:\/\/www.victoriamedia.org\/ld\/kevaan-uudet-canon-kompaktikamerat-ovat-pienia-tyylikkaita-ja-helppokayttoisia\/"},"author":{"name":"Kerttu Vali","@id":"https:\/\/www.victoriamedia.org\/ld\/#\/schema\/person\/a2e166f07bdda8a5ef0506501655c9ac"},"headline":"Kev\u00e4\u00e4n uudet Canon-kompaktikamerat ovat pieni\u00e4, tyylikk\u00e4it\u00e4 ja helppok\u00e4ytt\u00f6isi\u00e4","datePublished":"2013-01-29T11:20:43+00:00","mainEntityOfPage":{"@id":"https:\/\/www.victoriamedia.org\/ld\/kevaan-uudet-canon-kompaktikamerat-ovat-pienia-tyylikkaita-ja-helppokayttoisia\/"},"wordCount":246,"publisher":{"@id":"https:\/\/www.victoriamedia.org\/ld\/#organization"},"image":{"@id":"https:\/\/www.victoriamedia.org\/ld\/kevaan-uudet-canon-kompaktikamerat-ovat-pienia-tyylikkaita-ja-helppokayttoisia\/#primaryimage"},"thumbnailUrl":"http:\/\/www.victoriamedia.org\/ld\/wp-content\/uploads\/2013\/01\/canonixus255hs.png","articleSection":["Kamerat"],"inLanguage":"en-US"},{"@type":"WebPage","@id":"https:\/\/www.victoriamedia.org\/ld\/kevaan-uudet-canon-kompaktikamerat-ovat-pienia-tyylikkaita-ja-helppokayttoisia\/","url":"https:\/\/www.victoriamedia.org\/ld\/kevaan-uudet-canon-kompaktikamerat-ovat-pienia-tyylikkaita-ja-helppokayttoisia\/","name":"Kev\u00e4\u00e4n uudet Canon-kompaktikamerat ovat pieni\u00e4, tyylikk\u00e4it\u00e4 ja helppok\u00e4ytt\u00f6isi\u00e4 - KAMERAT JA OPTISET LAITTEET","isPartOf":{"@id":"https:\/\/www.victoriamedia.org\/ld\/#website"},"primaryImageOfPage":{"@id":"https:\/\/www.victoriamedia.org\/ld\/kevaan-uudet-canon-kompaktikamerat-ovat-pienia-tyylikkaita-ja-helppokayttoisia\/#primaryimage"},"image":{"@id":"https:\/\/www.victoriamedia.org\/ld\/kevaan-uudet-canon-kompaktikamerat-ovat-pienia-tyylikkaita-ja-helppokayttoisia\/#primaryimage"},"thumbnailUrl":"http:\/\/www.victoriamedia.org\/ld\/wp-content\/uploads\/2013\/01\/canonixus255hs.png","datePublished":"2013-01-29T11:20:43+00:00","breadcrumb":{"@id":"https:\/\/www.victoriamedia.org\/ld\/kevaan-uudet-canon-kompaktikamerat-ovat-pienia-tyylikkaita-ja-helppokayttoisia\/#breadcrumb"},"inLanguage":"en-US","potentialAction":[{"@type":"ReadAction","target":["https:\/\/www.victoriamedia.org\/ld\/kevaan-uudet-canon-kompaktikamerat-ovat-pienia-tyylikkaita-ja-helppokayttoisia\/"]}]},{"@type":"ImageObject","inLanguage":"en-US","@id":"https:\/\/www.victoriamedia.org\/ld\/kevaan-uudet-canon-kompaktikamerat-ovat-pienia-tyylikkaita-ja-helppokayttoisia\/#primaryimage","url":"https:\/\/www.victoriamedia.org\/ld\/wp-content\/uploads\/2013\/01\/canonixus255hs.png","contentUrl":"https:\/\/www.victoriamedia.org\/ld\/wp-content\/uploads\/2013\/01\/canonixus255hs.png","width":"523","height":"169"},{"@type":"BreadcrumbList","@id":"https:\/\/www.victoriamedia.org\/ld\/kevaan-uudet-canon-kompaktikamerat-ovat-pienia-tyylikkaita-ja-helppokayttoisia\/#breadcrumb","itemListElement":[{"@type":"ListItem","position":1,"name":"Home","item":"https:\/\/www.victoriamedia.org\/ld\/"},{"@type":"ListItem","position":2,"name":"Kev\u00e4\u00e4n uudet Canon-kompaktikamerat ovat pieni\u00e4, tyylikk\u00e4it\u00e4 ja helppok\u00e4ytt\u00f6isi\u00e4"}]},{"@type":"WebSite","@id":"https:\/\/www.victoriamedia.org\/ld\/#website","url":"https:\/\/www.victoriamedia.org\/ld\/","name":"KAMERAT JA OPTISET LAITTEET","description":"Kamerat Kiikarit ja optiset tarvikkeet","publisher":{"@id":"https:\/\/www.victoriamedia.org\/ld\/#organization"},"potentialAction":[{"@type":"SearchAction","target":{"@type":"EntryPoint","urlTemplate":"https:\/\/www.victoriamedia.org\/ld\/?s={search_term_string}"},"query-input":{"@type":"PropertyValueSpecification","valueRequired":true,"valueName":"search_term_string"}}],"inLanguage":"en-US"},{"@type":"Organization","@id":"https:\/\/www.victoriamedia.org\/ld\/#organization","name":"Victoria Media - Kamerauutiset","url":"https:\/\/www.victoriamedia.org\/ld\/","logo":{"@type":"ImageObject","inLanguage":"en-US","@id":"https:\/\/www.victoriamedia.org\/ld\/#\/schema\/logo\/image\/","url":"https:\/\/www.victoriamedia.org\/ld\/wp-content\/uploads\/2022\/09\/292179098_555417722694101_2682724033383846896_n.png","contentUrl":"https:\/\/www.victoriamedia.org\/ld\/wp-content\/uploads\/2022\/09\/292179098_555417722694101_2682724033383846896_n.png","width":215,"height":165,"caption":"Victoria Media - Kamerauutiset"},"image":{"@id":"https:\/\/www.victoriamedia.org\/ld\/#\/schema\/logo\/image\/"},"sameAs":["https:\/\/www.facebook.com\/victoriamedia","https:\/\/x.com\/uutisparkki"]},{"@type":"Person","@id":"https:\/\/www.victoriamedia.org\/ld\/#\/schema\/person\/a2e166f07bdda8a5ef0506501655c9ac","name":"Kerttu Vali","image":{"@type":"ImageObject","inLanguage":"en-US","@id":"https:\/\/secure.gravatar.com\/avatar\/62dbe1a847f655ad987c59fece23f885c4b0e7b06595c36d9597003852972217?s=96&d=mm&r=g","url":"https:\/\/secure.gravatar.com\/avatar\/62dbe1a847f655ad987c59fece23f885c4b0e7b06595c36d9597003852972217?s=96&d=mm&r=g","contentUrl":"https:\/\/secure.gravatar.com\/avatar\/62dbe1a847f655ad987c59fece23f885c4b0e7b06595c36d9597003852972217?s=96&d=mm&r=g","caption":"Kerttu Vali"},"sameAs":["http:\/\/www.victoriamedia.fi\/"],"url":"https:\/\/www.victoriamedia.org\/ld\/author\/kerttuvali\/"}]}},"_links":{"self":[{"href":"https:\/\/www.victoriamedia.org\/ld\/wp-json\/wp\/v2\/posts\/52","targetHints":{"allow":["GET"]}}],"collection":[{"href":"https:\/\/www.victoriamedia.org\/ld\/wp-json\/wp\/v2\/posts"}],"about":[{"href":"https:\/\/www.victoriamedia.org\/ld\/wp-json\/wp\/v2\/types\/post"}],"author":[{"embeddable":true,"href":"https:\/\/www.victoriamedia.org\/ld\/wp-json\/wp\/v2\/users\/1"}],"replies":[{"embeddable":true,"href":"https:\/\/www.victoriamedia.org\/ld\/wp-json\/wp\/v2\/comments?post=52"}],"version-history":[{"count":1,"href":"https:\/\/www.victoriamedia.org\/ld\/wp-json\/wp\/v2\/posts\/52\/revisions"}],"predecessor-version":[{"id":54,"href":"https:\/\/www.victoriamedia.org\/ld\/wp-json\/wp\/v2\/posts\/52\/revisions\/54"}],"wp:attachment":[{"href":"https:\/\/www.victoriamedia.org\/ld\/wp-json\/wp\/v2\/media?parent=52"}],"wp:term":[{"taxonomy":"category","embeddable":true,"href":"https:\/\/www.victoriamedia.org\/ld\/wp-json\/wp\/v2\/categories?post=52"},{"taxonomy":"post_tag","embeddable":true,"href":"https:\/\/www.victoriamedia.org\/ld\/wp-json\/wp\/v2\/tags?post=52"}],"curies":[{"name":"wp","href":"https:\/\/api.w.org\/{rel}","templated":true}]}}