{"id":472,"date":"2016-05-03T09:12:07","date_gmt":"2016-05-03T09:12:07","guid":{"rendered":"http:\/\/www.victoriamedia.org\/ld\/?p=472"},"modified":"2016-05-03T09:12:07","modified_gmt":"2016-05-03T09:12:07","slug":"ensimmaiset-automaattitarkenteiset-objektiivit-samyangilta","status":"publish","type":"post","link":"https:\/\/www.victoriamedia.org\/ld\/ensimmaiset-automaattitarkenteiset-objektiivit-samyangilta\/","title":{"rendered":"Ensimm\u00e4iset automaattitarkenteiset objektiivit Samyangilta"},"content":{"rendered":"<p><a href=\"http:\/\/www.victoriamedia.org\/ld\/wp-content\/uploads\/2016\/05\/g6ksloszwbveukkwp9e3.jpg\"><img loading=\"lazy\" decoding=\"async\" class=\"alignnone  wp-image-473\" src=\"http:\/\/www.victoriamedia.org\/ld\/wp-content\/uploads\/2016\/05\/g6ksloszwbveukkwp9e3.jpg\" alt=\"g6ksloszwbveukkwp9e3\" width=\"515\" height=\"317\" srcset=\"https:\/\/www.victoriamedia.org\/ld\/wp-content\/uploads\/2016\/05\/g6ksloszwbveukkwp9e3.jpg 700w, https:\/\/www.victoriamedia.org\/ld\/wp-content\/uploads\/2016\/05\/g6ksloszwbveukkwp9e3-300x185.jpg 300w\" sizes=\"auto, (max-width: 515px) 100vw, 515px\" \/><\/a><\/p>\n<p><strong><em>Samyang julkaisee kaksi uutta t\u00e4yden kennon objektiivia Sony E-kiinnitykselle: 14mm f\/2,8 ja 50mm f\/1,4. Molemmat objektiiveista ovat automaattitarkenteisia.<\/em><\/strong><\/p>\n<p>\u201dTodella mielenkiintoisia uutuuksia!\u201d, sanoo Teemu Salminen Samyangia maahantuovalta Focus Nordicilta, \u201dUudet automaattitarkenteiset objektiivit tulevat muuttamaan k\u00e4sityksen Samyangista\u201d.<\/p>\n<p><strong>Ensi-ilta<\/strong><\/p>\n<p>Objektiivit esitell\u00e4\u00e4n 4.-8. toukokuuta Photo &amp; Imaging Show 2016 -messuilla Soulissa Etel\u00e4-Koreassa.<\/p>\n","protected":false},"excerpt":{"rendered":"<p>Samyang julkaisee kaksi uutta t\u00e4yden kennon objektiivia Sony E-kiinnitykselle: 14mm f\/2,8 ja 50mm f\/1,4. Molemmat objektiiveista ovat automaattitarkenteisia. \u201dTodella mielenkiintoisia uutuuksia!\u201d, sanoo Teemu Salminen Samyangia maahantuovalta Focus Nordicilta, \u201dUudet automaattitarkenteiset objektiivit tulevat muuttamaan k\u00e4sityksen Samyangista\u201d. Ensi-ilta Objektiivit esitell\u00e4\u00e4n 4.-8. toukokuuta Photo &amp; Imaging Show 2016 -messuilla Soulissa Etel\u00e4-Koreassa.<\/p>\n","protected":false},"author":1,"featured_media":0,"comment_status":"closed","ping_status":"closed","sticky":false,"template":"","format":"standard","meta":{"footnotes":""},"categories":[10],"tags":[],"class_list":["post-472","post","type-post","status-publish","format-standard","hentry","category-objektiivit"],"yoast_head":"<!-- This site is optimized with the Yoast SEO plugin v27.5 - https:\/\/yoast.com\/product\/yoast-seo-wordpress\/ -->\n<title>Ensimm\u00e4iset automaattitarkenteiset objektiivit Samyangilta - KAMERAT JA OPTISET LAITTEET<\/title>\n<meta name=\"robots\" content=\"index, follow, max-snippet:-1, max-image-preview:large, max-video-preview:-1\" \/>\n<link rel=\"canonical\" href=\"https:\/\/www.victoriamedia.org\/ld\/ensimmaiset-automaattitarkenteiset-objektiivit-samyangilta\/\" \/>\n<meta property=\"og:locale\" content=\"en_US\" \/>\n<meta property=\"og:type\" content=\"article\" \/>\n<meta property=\"og:title\" content=\"Ensimm\u00e4iset automaattitarkenteiset objektiivit Samyangilta - KAMERAT JA OPTISET LAITTEET\" \/>\n<meta property=\"og:description\" content=\"Samyang julkaisee kaksi uutta t\u00e4yden kennon objektiivia Sony E-kiinnitykselle: 14mm f\/2,8 ja 50mm f\/1,4. Molemmat objektiiveista ovat automaattitarkenteisia. \u201dTodella mielenkiintoisia uutuuksia!\u201d, sanoo Teemu Salminen Samyangia maahantuovalta Focus Nordicilta, \u201dUudet automaattitarkenteiset objektiivit tulevat muuttamaan k\u00e4sityksen Samyangista\u201d. Ensi-ilta Objektiivit esitell\u00e4\u00e4n 4.-8. toukokuuta Photo &amp; Imaging Show 2016 -messuilla Soulissa Etel\u00e4-Koreassa.\" \/>\n<meta property=\"og:url\" content=\"https:\/\/www.victoriamedia.org\/ld\/ensimmaiset-automaattitarkenteiset-objektiivit-samyangilta\/\" \/>\n<meta property=\"og:site_name\" content=\"KAMERAT JA OPTISET LAITTEET\" \/>\n<meta property=\"article:publisher\" content=\"https:\/\/www.facebook.com\/victoriamedia\" \/>\n<meta property=\"article:published_time\" content=\"2016-05-03T09:12:07+00:00\" \/>\n<meta property=\"og:image\" content=\"http:\/\/www.victoriamedia.org\/ld\/wp-content\/uploads\/2016\/05\/g6ksloszwbveukkwp9e3.jpg\" \/>\n<meta name=\"author\" content=\"Kerttu Vali\" \/>\n<meta name=\"twitter:card\" content=\"summary_large_image\" \/>\n<meta name=\"twitter:creator\" content=\"@uutisparkki\" \/>\n<meta name=\"twitter:site\" content=\"@uutisparkki\" \/>\n<meta name=\"twitter:label1\" content=\"Written by\" \/>\n\t<meta name=\"twitter:data1\" content=\"Kerttu Vali\" \/>\n<script type=\"application\/ld+json\" class=\"yoast-schema-graph\">{\"@context\":\"https:\\\/\\\/schema.org\",\"@graph\":[{\"@type\":\"Article\",\"@id\":\"https:\\\/\\\/www.victoriamedia.org\\\/ld\\\/ensimmaiset-automaattitarkenteiset-objektiivit-samyangilta\\\/#article\",\"isPartOf\":{\"@id\":\"https:\\\/\\\/www.victoriamedia.org\\\/ld\\\/ensimmaiset-automaattitarkenteiset-objektiivit-samyangilta\\\/\"},\"author\":{\"name\":\"Kerttu Vali\",\"@id\":\"https:\\\/\\\/www.victoriamedia.org\\\/ld\\\/#\\\/schema\\\/person\\\/a2e166f07bdda8a5ef0506501655c9ac\"},\"headline\":\"Ensimm\u00e4iset automaattitarkenteiset objektiivit Samyangilta\",\"datePublished\":\"2016-05-03T09:12:07+00:00\",\"mainEntityOfPage\":{\"@id\":\"https:\\\/\\\/www.victoriamedia.org\\\/ld\\\/ensimmaiset-automaattitarkenteiset-objektiivit-samyangilta\\\/\"},\"wordCount\":56,\"publisher\":{\"@id\":\"https:\\\/\\\/www.victoriamedia.org\\\/ld\\\/#organization\"},\"image\":{\"@id\":\"https:\\\/\\\/www.victoriamedia.org\\\/ld\\\/ensimmaiset-automaattitarkenteiset-objektiivit-samyangilta\\\/#primaryimage\"},\"thumbnailUrl\":\"http:\\\/\\\/www.victoriamedia.org\\\/ld\\\/wp-content\\\/uploads\\\/2016\\\/05\\\/g6ksloszwbveukkwp9e3.jpg\",\"articleSection\":[\"Objektiivit\"],\"inLanguage\":\"en-US\"},{\"@type\":\"WebPage\",\"@id\":\"https:\\\/\\\/www.victoriamedia.org\\\/ld\\\/ensimmaiset-automaattitarkenteiset-objektiivit-samyangilta\\\/\",\"url\":\"https:\\\/\\\/www.victoriamedia.org\\\/ld\\\/ensimmaiset-automaattitarkenteiset-objektiivit-samyangilta\\\/\",\"name\":\"Ensimm\u00e4iset automaattitarkenteiset objektiivit Samyangilta - KAMERAT JA OPTISET LAITTEET\",\"isPartOf\":{\"@id\":\"https:\\\/\\\/www.victoriamedia.org\\\/ld\\\/#website\"},\"primaryImageOfPage\":{\"@id\":\"https:\\\/\\\/www.victoriamedia.org\\\/ld\\\/ensimmaiset-automaattitarkenteiset-objektiivit-samyangilta\\\/#primaryimage\"},\"image\":{\"@id\":\"https:\\\/\\\/www.victoriamedia.org\\\/ld\\\/ensimmaiset-automaattitarkenteiset-objektiivit-samyangilta\\\/#primaryimage\"},\"thumbnailUrl\":\"http:\\\/\\\/www.victoriamedia.org\\\/ld\\\/wp-content\\\/uploads\\\/2016\\\/05\\\/g6ksloszwbveukkwp9e3.jpg\",\"datePublished\":\"2016-05-03T09:12:07+00:00\",\"breadcrumb\":{\"@id\":\"https:\\\/\\\/www.victoriamedia.org\\\/ld\\\/ensimmaiset-automaattitarkenteiset-objektiivit-samyangilta\\\/#breadcrumb\"},\"inLanguage\":\"en-US\",\"potentialAction\":[{\"@type\":\"ReadAction\",\"target\":[\"https:\\\/\\\/www.victoriamedia.org\\\/ld\\\/ensimmaiset-automaattitarkenteiset-objektiivit-samyangilta\\\/\"]}]},{\"@type\":\"ImageObject\",\"inLanguage\":\"en-US\",\"@id\":\"https:\\\/\\\/www.victoriamedia.org\\\/ld\\\/ensimmaiset-automaattitarkenteiset-objektiivit-samyangilta\\\/#primaryimage\",\"url\":\"https:\\\/\\\/www.victoriamedia.org\\\/ld\\\/wp-content\\\/uploads\\\/2016\\\/05\\\/g6ksloszwbveukkwp9e3.jpg\",\"contentUrl\":\"https:\\\/\\\/www.victoriamedia.org\\\/ld\\\/wp-content\\\/uploads\\\/2016\\\/05\\\/g6ksloszwbveukkwp9e3.jpg\",\"width\":700,\"height\":431},{\"@type\":\"BreadcrumbList\",\"@id\":\"https:\\\/\\\/www.victoriamedia.org\\\/ld\\\/ensimmaiset-automaattitarkenteiset-objektiivit-samyangilta\\\/#breadcrumb\",\"itemListElement\":[{\"@type\":\"ListItem\",\"position\":1,\"name\":\"Home\",\"item\":\"https:\\\/\\\/www.victoriamedia.org\\\/ld\\\/\"},{\"@type\":\"ListItem\",\"position\":2,\"name\":\"Ensimm\u00e4iset automaattitarkenteiset objektiivit Samyangilta\"}]},{\"@type\":\"WebSite\",\"@id\":\"https:\\\/\\\/www.victoriamedia.org\\\/ld\\\/#website\",\"url\":\"https:\\\/\\\/www.victoriamedia.org\\\/ld\\\/\",\"name\":\"KAMERAT JA OPTISET LAITTEET\",\"description\":\"Kamerat Kiikarit ja optiset tarvikkeet\",\"publisher\":{\"@id\":\"https:\\\/\\\/www.victoriamedia.org\\\/ld\\\/#organization\"},\"potentialAction\":[{\"@type\":\"SearchAction\",\"target\":{\"@type\":\"EntryPoint\",\"urlTemplate\":\"https:\\\/\\\/www.victoriamedia.org\\\/ld\\\/?s={search_term_string}\"},\"query-input\":{\"@type\":\"PropertyValueSpecification\",\"valueRequired\":true,\"valueName\":\"search_term_string\"}}],\"inLanguage\":\"en-US\"},{\"@type\":\"Organization\",\"@id\":\"https:\\\/\\\/www.victoriamedia.org\\\/ld\\\/#organization\",\"name\":\"Victoria Media - Kamerauutiset\",\"url\":\"https:\\\/\\\/www.victoriamedia.org\\\/ld\\\/\",\"logo\":{\"@type\":\"ImageObject\",\"inLanguage\":\"en-US\",\"@id\":\"https:\\\/\\\/www.victoriamedia.org\\\/ld\\\/#\\\/schema\\\/logo\\\/image\\\/\",\"url\":\"https:\\\/\\\/www.victoriamedia.org\\\/ld\\\/wp-content\\\/uploads\\\/2022\\\/09\\\/292179098_555417722694101_2682724033383846896_n.png\",\"contentUrl\":\"https:\\\/\\\/www.victoriamedia.org\\\/ld\\\/wp-content\\\/uploads\\\/2022\\\/09\\\/292179098_555417722694101_2682724033383846896_n.png\",\"width\":215,\"height\":165,\"caption\":\"Victoria Media - Kamerauutiset\"},\"image\":{\"@id\":\"https:\\\/\\\/www.victoriamedia.org\\\/ld\\\/#\\\/schema\\\/logo\\\/image\\\/\"},\"sameAs\":[\"https:\\\/\\\/www.facebook.com\\\/victoriamedia\",\"https:\\\/\\\/x.com\\\/uutisparkki\"]},{\"@type\":\"Person\",\"@id\":\"https:\\\/\\\/www.victoriamedia.org\\\/ld\\\/#\\\/schema\\\/person\\\/a2e166f07bdda8a5ef0506501655c9ac\",\"name\":\"Kerttu Vali\",\"image\":{\"@type\":\"ImageObject\",\"inLanguage\":\"en-US\",\"@id\":\"https:\\\/\\\/secure.gravatar.com\\\/avatar\\\/62dbe1a847f655ad987c59fece23f885c4b0e7b06595c36d9597003852972217?s=96&d=mm&r=g\",\"url\":\"https:\\\/\\\/secure.gravatar.com\\\/avatar\\\/62dbe1a847f655ad987c59fece23f885c4b0e7b06595c36d9597003852972217?s=96&d=mm&r=g\",\"contentUrl\":\"https:\\\/\\\/secure.gravatar.com\\\/avatar\\\/62dbe1a847f655ad987c59fece23f885c4b0e7b06595c36d9597003852972217?s=96&d=mm&r=g\",\"caption\":\"Kerttu Vali\"},\"sameAs\":[\"http:\\\/\\\/www.victoriamedia.fi\\\/\"],\"url\":\"https:\\\/\\\/www.victoriamedia.org\\\/ld\\\/author\\\/kerttuvali\\\/\"}]}<\/script>\n<!-- \/ Yoast SEO plugin. -->","yoast_head_json":{"title":"Ensimm\u00e4iset automaattitarkenteiset objektiivit Samyangilta - KAMERAT JA OPTISET LAITTEET","robots":{"index":"index","follow":"follow","max-snippet":"max-snippet:-1","max-image-preview":"max-image-preview:large","max-video-preview":"max-video-preview:-1"},"canonical":"https:\/\/www.victoriamedia.org\/ld\/ensimmaiset-automaattitarkenteiset-objektiivit-samyangilta\/","og_locale":"en_US","og_type":"article","og_title":"Ensimm\u00e4iset automaattitarkenteiset objektiivit Samyangilta - KAMERAT JA OPTISET LAITTEET","og_description":"Samyang julkaisee kaksi uutta t\u00e4yden kennon objektiivia Sony E-kiinnitykselle: 14mm f\/2,8 ja 50mm f\/1,4. Molemmat objektiiveista ovat automaattitarkenteisia. \u201dTodella mielenkiintoisia uutuuksia!\u201d, sanoo Teemu Salminen Samyangia maahantuovalta Focus Nordicilta, \u201dUudet automaattitarkenteiset objektiivit tulevat muuttamaan k\u00e4sityksen Samyangista\u201d. Ensi-ilta Objektiivit esitell\u00e4\u00e4n 4.-8. toukokuuta Photo &amp; Imaging Show 2016 -messuilla Soulissa Etel\u00e4-Koreassa.","og_url":"https:\/\/www.victoriamedia.org\/ld\/ensimmaiset-automaattitarkenteiset-objektiivit-samyangilta\/","og_site_name":"KAMERAT JA OPTISET LAITTEET","article_publisher":"https:\/\/www.facebook.com\/victoriamedia","article_published_time":"2016-05-03T09:12:07+00:00","og_image":[{"url":"http:\/\/www.victoriamedia.org\/ld\/wp-content\/uploads\/2016\/05\/g6ksloszwbveukkwp9e3.jpg","type":"","width":"","height":""}],"author":"Kerttu Vali","twitter_card":"summary_large_image","twitter_creator":"@uutisparkki","twitter_site":"@uutisparkki","twitter_misc":{"Written by":"Kerttu Vali"},"schema":{"@context":"https:\/\/schema.org","@graph":[{"@type":"Article","@id":"https:\/\/www.victoriamedia.org\/ld\/ensimmaiset-automaattitarkenteiset-objektiivit-samyangilta\/#article","isPartOf":{"@id":"https:\/\/www.victoriamedia.org\/ld\/ensimmaiset-automaattitarkenteiset-objektiivit-samyangilta\/"},"author":{"name":"Kerttu Vali","@id":"https:\/\/www.victoriamedia.org\/ld\/#\/schema\/person\/a2e166f07bdda8a5ef0506501655c9ac"},"headline":"Ensimm\u00e4iset automaattitarkenteiset objektiivit Samyangilta","datePublished":"2016-05-03T09:12:07+00:00","mainEntityOfPage":{"@id":"https:\/\/www.victoriamedia.org\/ld\/ensimmaiset-automaattitarkenteiset-objektiivit-samyangilta\/"},"wordCount":56,"publisher":{"@id":"https:\/\/www.victoriamedia.org\/ld\/#organization"},"image":{"@id":"https:\/\/www.victoriamedia.org\/ld\/ensimmaiset-automaattitarkenteiset-objektiivit-samyangilta\/#primaryimage"},"thumbnailUrl":"http:\/\/www.victoriamedia.org\/ld\/wp-content\/uploads\/2016\/05\/g6ksloszwbveukkwp9e3.jpg","articleSection":["Objektiivit"],"inLanguage":"en-US"},{"@type":"WebPage","@id":"https:\/\/www.victoriamedia.org\/ld\/ensimmaiset-automaattitarkenteiset-objektiivit-samyangilta\/","url":"https:\/\/www.victoriamedia.org\/ld\/ensimmaiset-automaattitarkenteiset-objektiivit-samyangilta\/","name":"Ensimm\u00e4iset automaattitarkenteiset objektiivit Samyangilta - KAMERAT JA OPTISET LAITTEET","isPartOf":{"@id":"https:\/\/www.victoriamedia.org\/ld\/#website"},"primaryImageOfPage":{"@id":"https:\/\/www.victoriamedia.org\/ld\/ensimmaiset-automaattitarkenteiset-objektiivit-samyangilta\/#primaryimage"},"image":{"@id":"https:\/\/www.victoriamedia.org\/ld\/ensimmaiset-automaattitarkenteiset-objektiivit-samyangilta\/#primaryimage"},"thumbnailUrl":"http:\/\/www.victoriamedia.org\/ld\/wp-content\/uploads\/2016\/05\/g6ksloszwbveukkwp9e3.jpg","datePublished":"2016-05-03T09:12:07+00:00","breadcrumb":{"@id":"https:\/\/www.victoriamedia.org\/ld\/ensimmaiset-automaattitarkenteiset-objektiivit-samyangilta\/#breadcrumb"},"inLanguage":"en-US","potentialAction":[{"@type":"ReadAction","target":["https:\/\/www.victoriamedia.org\/ld\/ensimmaiset-automaattitarkenteiset-objektiivit-samyangilta\/"]}]},{"@type":"ImageObject","inLanguage":"en-US","@id":"https:\/\/www.victoriamedia.org\/ld\/ensimmaiset-automaattitarkenteiset-objektiivit-samyangilta\/#primaryimage","url":"https:\/\/www.victoriamedia.org\/ld\/wp-content\/uploads\/2016\/05\/g6ksloszwbveukkwp9e3.jpg","contentUrl":"https:\/\/www.victoriamedia.org\/ld\/wp-content\/uploads\/2016\/05\/g6ksloszwbveukkwp9e3.jpg","width":700,"height":431},{"@type":"BreadcrumbList","@id":"https:\/\/www.victoriamedia.org\/ld\/ensimmaiset-automaattitarkenteiset-objektiivit-samyangilta\/#breadcrumb","itemListElement":[{"@type":"ListItem","position":1,"name":"Home","item":"https:\/\/www.victoriamedia.org\/ld\/"},{"@type":"ListItem","position":2,"name":"Ensimm\u00e4iset automaattitarkenteiset objektiivit Samyangilta"}]},{"@type":"WebSite","@id":"https:\/\/www.victoriamedia.org\/ld\/#website","url":"https:\/\/www.victoriamedia.org\/ld\/","name":"KAMERAT JA OPTISET LAITTEET","description":"Kamerat Kiikarit ja optiset tarvikkeet","publisher":{"@id":"https:\/\/www.victoriamedia.org\/ld\/#organization"},"potentialAction":[{"@type":"SearchAction","target":{"@type":"EntryPoint","urlTemplate":"https:\/\/www.victoriamedia.org\/ld\/?s={search_term_string}"},"query-input":{"@type":"PropertyValueSpecification","valueRequired":true,"valueName":"search_term_string"}}],"inLanguage":"en-US"},{"@type":"Organization","@id":"https:\/\/www.victoriamedia.org\/ld\/#organization","name":"Victoria Media - Kamerauutiset","url":"https:\/\/www.victoriamedia.org\/ld\/","logo":{"@type":"ImageObject","inLanguage":"en-US","@id":"https:\/\/www.victoriamedia.org\/ld\/#\/schema\/logo\/image\/","url":"https:\/\/www.victoriamedia.org\/ld\/wp-content\/uploads\/2022\/09\/292179098_555417722694101_2682724033383846896_n.png","contentUrl":"https:\/\/www.victoriamedia.org\/ld\/wp-content\/uploads\/2022\/09\/292179098_555417722694101_2682724033383846896_n.png","width":215,"height":165,"caption":"Victoria Media - Kamerauutiset"},"image":{"@id":"https:\/\/www.victoriamedia.org\/ld\/#\/schema\/logo\/image\/"},"sameAs":["https:\/\/www.facebook.com\/victoriamedia","https:\/\/x.com\/uutisparkki"]},{"@type":"Person","@id":"https:\/\/www.victoriamedia.org\/ld\/#\/schema\/person\/a2e166f07bdda8a5ef0506501655c9ac","name":"Kerttu Vali","image":{"@type":"ImageObject","inLanguage":"en-US","@id":"https:\/\/secure.gravatar.com\/avatar\/62dbe1a847f655ad987c59fece23f885c4b0e7b06595c36d9597003852972217?s=96&d=mm&r=g","url":"https:\/\/secure.gravatar.com\/avatar\/62dbe1a847f655ad987c59fece23f885c4b0e7b06595c36d9597003852972217?s=96&d=mm&r=g","contentUrl":"https:\/\/secure.gravatar.com\/avatar\/62dbe1a847f655ad987c59fece23f885c4b0e7b06595c36d9597003852972217?s=96&d=mm&r=g","caption":"Kerttu Vali"},"sameAs":["http:\/\/www.victoriamedia.fi\/"],"url":"https:\/\/www.victoriamedia.org\/ld\/author\/kerttuvali\/"}]}},"_links":{"self":[{"href":"https:\/\/www.victoriamedia.org\/ld\/wp-json\/wp\/v2\/posts\/472","targetHints":{"allow":["GET"]}}],"collection":[{"href":"https:\/\/www.victoriamedia.org\/ld\/wp-json\/wp\/v2\/posts"}],"about":[{"href":"https:\/\/www.victoriamedia.org\/ld\/wp-json\/wp\/v2\/types\/post"}],"author":[{"embeddable":true,"href":"https:\/\/www.victoriamedia.org\/ld\/wp-json\/wp\/v2\/users\/1"}],"replies":[{"embeddable":true,"href":"https:\/\/www.victoriamedia.org\/ld\/wp-json\/wp\/v2\/comments?post=472"}],"version-history":[{"count":1,"href":"https:\/\/www.victoriamedia.org\/ld\/wp-json\/wp\/v2\/posts\/472\/revisions"}],"predecessor-version":[{"id":474,"href":"https:\/\/www.victoriamedia.org\/ld\/wp-json\/wp\/v2\/posts\/472\/revisions\/474"}],"wp:attachment":[{"href":"https:\/\/www.victoriamedia.org\/ld\/wp-json\/wp\/v2\/media?parent=472"}],"wp:term":[{"taxonomy":"category","embeddable":true,"href":"https:\/\/www.victoriamedia.org\/ld\/wp-json\/wp\/v2\/categories?post=472"},{"taxonomy":"post_tag","embeddable":true,"href":"https:\/\/www.victoriamedia.org\/ld\/wp-json\/wp\/v2\/tags?post=472"}],"curies":[{"name":"wp","href":"https:\/\/api.w.org\/{rel}","templated":true}]}}