{"id":467,"date":"2016-02-25T13:08:46","date_gmt":"2016-02-25T13:08:46","guid":{"rendered":"http:\/\/www.victoriamedia.org\/ld\/?p=467"},"modified":"2016-02-25T13:08:46","modified_gmt":"2016-02-25T13:08:46","slug":"kuvakamera-messuilla-uusia-valineita-ja-tuoreita-kuvakulmia","status":"publish","type":"post","link":"https:\/\/www.victoriamedia.org\/ld\/kuvakamera-messuilla-uusia-valineita-ja-tuoreita-kuvakulmia\/","title":{"rendered":"Kuva&#038;Kamera-messuilla uusia v\u00e4lineit\u00e4 ja tuoreita kuvakulmia"},"content":{"rendered":"<p class=\"ng-scope\"><a href=\"http:\/\/www.victoriamedia.org\/ld\/wp-content\/uploads\/2016\/02\/21e7afa7-44d0-4315-bedd-f5ef33817931-main_image.jpg\"><img loading=\"lazy\" decoding=\"async\" class=\"alignnone  wp-image-468\" src=\"http:\/\/www.victoriamedia.org\/ld\/wp-content\/uploads\/2016\/02\/21e7afa7-44d0-4315-bedd-f5ef33817931-main_image.jpg\" alt=\"21e7afa7-44d0-4315-bedd-f5ef33817931-main_image\" width=\"447\" height=\"673\" srcset=\"https:\/\/www.victoriamedia.org\/ld\/wp-content\/uploads\/2016\/02\/21e7afa7-44d0-4315-bedd-f5ef33817931-main_image.jpg 680w, https:\/\/www.victoriamedia.org\/ld\/wp-content\/uploads\/2016\/02\/21e7afa7-44d0-4315-bedd-f5ef33817931-main_image-199x300.jpg 199w\" sizes=\"auto, (max-width: 447px) 100vw, 447px\" \/><\/a><\/p>\n<p class=\"ng-scope\"><em>Kuva&amp;Kamera-messuilla on ohjelmaa kuvaamisen suunnittelusta j\u00e4lkik\u00e4sittelyyn. Kuva: Messukeskus.<\/em><\/p>\n<p class=\"ng-scope\"><b class=\"ng-binding\">Kuva&amp;Kamera-messut on myynti-, koulutus- ja n\u00e4yttelytapahtuma kuvauksen harrastajille ja ammattilaisille. Messuilla on esill\u00e4 koko kuvauksen kaari: kuvien suunnittelu, valo- ja videokuvaaminen sek\u00e4 kuvank\u00e4sittely, tulostus ja julkaisu. Tapahtuman kruunaa perjantaina 4.3. jaettavat Fotofinlandia- ja Finnfoto-palkinnot.<\/b><\/p>\n<div class=\"ng-binding ng-scope\">\n<p>Fotofinlandia-palkinto nostaa esiin suomalaisen valokuvataiteen ja k\u00e4ytt\u00f6kuvan tuoreita ilmi\u00f6it\u00e4. Palkinto jaetaan joka toinen vuosi. Sen arvo on 20 000 euroa, joka rahoitetaan Kopioston valokopiointikorvauksista saaduilla varoilla. Finnfoto-palkinto on vuosittain jaettava tunnustus suomalaisen valokuvauksen kehitt\u00e4misest\u00e4 ja kuvan arvostuksen lis\u00e4\u00e4misest\u00e4. Palkintosumman, 3000 euroa, lahjoittaa Suomen Messus\u00e4\u00e4ti\u00f6.<\/p>\n<p><strong>Luovuus, studiokuvaus ja efektit<\/strong><\/p>\n<p>Messujen ohjelmissa n\u00e4kyy kameroiden, laitteiden ja uusien digitaalisten apuv\u00e4lineiden kirjo. Lis\u00e4ksi messujen viidess\u00e4 ohjelmapisteess\u00e4 ja n\u00e4ytteilleasettajien osastoilla paneudutaan kuvaamiseen koko kaareen \u2013 luovuudesta ja inspiraation l\u00e4hteist\u00e4 j\u00e4lkik\u00e4sittelyyn, efekteihin sek\u00e4 kuvan ja \u00e4\u00e4nen yhdist\u00e4miseen.<\/p>\n<p>Ty\u00f6pajassa p\u00e4\u00e4see kurkistamaan studiomaailmaan ja n\u00e4kem\u00e4\u00e4n, miten henkil\u00f6kuva syntyy ja miten kuvaaja voi hy\u00f6dynt\u00e4\u00e4 erilaisten valojen tuomia mahdollisuuksia. Workshopissa my\u00f6s kuvataan, k\u00e4sitell\u00e4\u00e4n ja tulostetaan kuvia.<\/p>\n<p>Henkil\u00f6kuvauksessa mallin asennolla on suuri merkitys. Luennolla neuvotaan mallin ohjaamista kuvaustilanteessa ja kerrotaan tarinoita kuvien takaa. Lis\u00e4ksi kuullaan, miten katukuvaus onnistuu k\u00e4nnyk\u00e4ll\u00e4 ja millainen oli valokuvaajan road trip Pohjois-Amerikassa.<\/p>\n<p><strong>N\u00e4yttelyiss\u00e4 on esill\u00e4 kohtaamisia ja ep\u00e4todellisia tilanteita<\/strong><\/p>\n<p>Messuilla on lukuisia erilaisia valokuvan\u00e4yttelyit\u00e4. Finnfoto Galleria esittelee t\u00e4m\u00e4n vuoden Fotofinlandia-kilpailun finalistien t\u00f6it\u00e4. Arman Alizadin valokuvan\u00e4yttelyss\u00e4 on valikoituja otoksia Armanin matkoilta. Lis\u00e4ksi Suomen Kameraseurojen Liiton n\u00e4yttelyss\u00e4 esill\u00e4 on kansainv\u00e4lisiss\u00e4 kilpailuissa menestyneit\u00e4 huipput\u00f6it\u00e4 vuosien varrelta.<\/p>\n<p><a href=\"http:\/\/www.victoriamedia.org\/ld\/wp-content\/uploads\/2016\/02\/39822d8d-ca31-4fa2-b990-765388942988.jpg\"><img loading=\"lazy\" decoding=\"async\" class=\"alignnone  wp-image-469\" src=\"http:\/\/www.victoriamedia.org\/ld\/wp-content\/uploads\/2016\/02\/39822d8d-ca31-4fa2-b990-765388942988-1024x682.jpg\" alt=\"39822d8d-ca31-4fa2-b990-765388942988\" width=\"605\" height=\"403\" srcset=\"https:\/\/www.victoriamedia.org\/ld\/wp-content\/uploads\/2016\/02\/39822d8d-ca31-4fa2-b990-765388942988-1024x682.jpg 1024w, https:\/\/www.victoriamedia.org\/ld\/wp-content\/uploads\/2016\/02\/39822d8d-ca31-4fa2-b990-765388942988-300x200.jpg 300w\" sizes=\"auto, (max-width: 605px) 100vw, 605px\" \/><\/a><\/p>\n<p>Kuva&amp;Kamera-messuilla on lukuisia erilaisia n\u00e4yttelyit\u00e4, joista harraste- ja ammattikuvaajat voivat l\u00f6yt\u00e4\u00e4 inspiraatiota. Kuva: Messukeskus.<\/p>\n<p>Messuilla on esill\u00e4 my\u00f6s sosiaalisen valokuvauksen projektin \u201dTarinoita todellisuudesta\u201d kuvatuotoksia. Projekti on kannustanut kuvaajia etsim\u00e4\u00e4n ymp\u00e4rist\u00f6st\u00e4\u00e4n erilaisia kohtaamisia, ihmisi\u00e4, tilanteita ja tarinoita.<\/p>\n<p>Krister L\u00f6frothin n\u00e4yttely \u201dThe Revenge of the Very Pissed Ladies\u201d puolestaan kertoo fiktiivisest\u00e4, kuplan alle rakennetusta ja miesten hallitsemasta kaupungista, jossa hallitsijoihin kyll\u00e4styneet naiset liittoutuvat ja p\u00e4\u00e4tt\u00e4v\u00e4t lakkauttaa miessukupuolen.<\/p>\n<p><strong>Kopterikuvaus testiss\u00e4<\/strong><\/p>\n<p>T\u00e4m\u00e4n vuoden uutuutena messuilla on kuvauskopteri. Asiantuntijat opastavat lenn\u00e4tyksen saloihin ja k\u00e4vij\u00e4t voivat kokeilla kuvauskopterin lenn\u00e4tt\u00e4mist\u00e4 testialueella. Lis\u00e4ksi ilmakuvausta k\u00e4sitell\u00e4\u00e4n urheilukuvauksen n\u00e4k\u00f6kulmasta tietoiskussa, jossa kerrotaan miten kopterikameran avulla voi taltioida maailman nopeimpien urheilijoiden suorituksia.<\/p>\n<p><em>Kuva&amp;Kamera j\u00e4rjestet\u00e4\u00e4n Messukeskuksessa Helsingiss\u00e4 4.-6.3.2016. Samaan aikaan my\u00f6s liikunnan ja ulkoilun suurtapahtuma GoExpo (sis. Fillari, Kunto, Golf, Ball Sports ja Outdoor) sek\u00e4 Helsinki Horse Fair. K\u00e4vij\u00e4t p\u00e4\u00e4sev\u00e4t kaikkiin tapahtumiin samalla lipulla.<\/em><\/p>\n<p><strong>Lis\u00e4tietoja<\/strong>:<\/p>\n<p><a href=\"http:\/\/www.kuvamessut.com\">www.kuvamessut.com<\/a> ja<a href=\"http:\/\/www.facebook.com\/kuvamessut\"> www.facebook.com\/kuvamessut<\/a><\/p>\n<\/div>\n","protected":false},"excerpt":{"rendered":"<p>Kuva&amp;Kamera-messuilla on ohjelmaa kuvaamisen suunnittelusta j\u00e4lkik\u00e4sittelyyn. Kuva: Messukeskus. Kuva&amp;Kamera-messut on myynti-, koulutus- ja n\u00e4yttelytapahtuma kuvauksen harrastajille ja ammattilaisille. Messuilla on esill\u00e4 koko kuvauksen kaari: kuvien suunnittelu, valo- ja videokuvaaminen sek\u00e4 kuvank\u00e4sittely, tulostus ja julkaisu. Tapahtuman kruunaa perjantaina 4.3. jaettavat Fotofinlandia- ja Finnfoto-palkinnot. Fotofinlandia-palkinto nostaa esiin suomalaisen valokuvataiteen ja k\u00e4ytt\u00f6kuvan tuoreita ilmi\u00f6it\u00e4. Palkinto jaetaan joka toinen [&hellip;]<\/p>\n","protected":false},"author":1,"featured_media":0,"comment_status":"closed","ping_status":"closed","sticky":false,"template":"","format":"standard","meta":{"footnotes":""},"categories":[3],"tags":[],"class_list":["post-467","post","type-post","status-publish","format-standard","hentry","category-messut-ja-tapahtumat"],"yoast_head":"<!-- This site is optimized with the Yoast SEO plugin v27.5 - https:\/\/yoast.com\/product\/yoast-seo-wordpress\/ -->\n<title>Kuva&amp;Kamera-messuilla uusia v\u00e4lineit\u00e4 ja tuoreita kuvakulmia - KAMERAT JA OPTISET LAITTEET<\/title>\n<meta name=\"robots\" content=\"index, follow, max-snippet:-1, max-image-preview:large, max-video-preview:-1\" \/>\n<link rel=\"canonical\" href=\"https:\/\/www.victoriamedia.org\/ld\/kuvakamera-messuilla-uusia-valineita-ja-tuoreita-kuvakulmia\/\" \/>\n<meta property=\"og:locale\" content=\"en_US\" \/>\n<meta property=\"og:type\" content=\"article\" \/>\n<meta property=\"og:title\" content=\"Kuva&amp;Kamera-messuilla uusia v\u00e4lineit\u00e4 ja tuoreita kuvakulmia - KAMERAT JA OPTISET LAITTEET\" \/>\n<meta property=\"og:description\" content=\"Kuva&amp;Kamera-messuilla on ohjelmaa kuvaamisen suunnittelusta j\u00e4lkik\u00e4sittelyyn. Kuva: Messukeskus. Kuva&amp;Kamera-messut on myynti-, koulutus- ja n\u00e4yttelytapahtuma kuvauksen harrastajille ja ammattilaisille. Messuilla on esill\u00e4 koko kuvauksen kaari: kuvien suunnittelu, valo- ja videokuvaaminen sek\u00e4 kuvank\u00e4sittely, tulostus ja julkaisu. Tapahtuman kruunaa perjantaina 4.3. jaettavat Fotofinlandia- ja Finnfoto-palkinnot. Fotofinlandia-palkinto nostaa esiin suomalaisen valokuvataiteen ja k\u00e4ytt\u00f6kuvan tuoreita ilmi\u00f6it\u00e4. Palkinto jaetaan joka toinen [&hellip;]\" \/>\n<meta property=\"og:url\" content=\"https:\/\/www.victoriamedia.org\/ld\/kuvakamera-messuilla-uusia-valineita-ja-tuoreita-kuvakulmia\/\" \/>\n<meta property=\"og:site_name\" content=\"KAMERAT JA OPTISET LAITTEET\" \/>\n<meta property=\"article:publisher\" content=\"https:\/\/www.facebook.com\/victoriamedia\" \/>\n<meta property=\"article:published_time\" content=\"2016-02-25T13:08:46+00:00\" \/>\n<meta property=\"og:image\" content=\"http:\/\/www.victoriamedia.org\/ld\/wp-content\/uploads\/2016\/02\/21e7afa7-44d0-4315-bedd-f5ef33817931-main_image.jpg\" \/>\n<meta name=\"author\" content=\"Kerttu Vali\" \/>\n<meta name=\"twitter:card\" content=\"summary_large_image\" \/>\n<meta name=\"twitter:creator\" content=\"@uutisparkki\" \/>\n<meta name=\"twitter:site\" content=\"@uutisparkki\" \/>\n<meta name=\"twitter:label1\" content=\"Written by\" \/>\n\t<meta name=\"twitter:data1\" content=\"Kerttu Vali\" \/>\n\t<meta name=\"twitter:label2\" content=\"Est. reading time\" \/>\n\t<meta name=\"twitter:data2\" content=\"2 minutes\" \/>\n<script type=\"application\/ld+json\" class=\"yoast-schema-graph\">{\"@context\":\"https:\\\/\\\/schema.org\",\"@graph\":[{\"@type\":\"Article\",\"@id\":\"https:\\\/\\\/www.victoriamedia.org\\\/ld\\\/kuvakamera-messuilla-uusia-valineita-ja-tuoreita-kuvakulmia\\\/#article\",\"isPartOf\":{\"@id\":\"https:\\\/\\\/www.victoriamedia.org\\\/ld\\\/kuvakamera-messuilla-uusia-valineita-ja-tuoreita-kuvakulmia\\\/\"},\"author\":{\"name\":\"Kerttu Vali\",\"@id\":\"https:\\\/\\\/www.victoriamedia.org\\\/ld\\\/#\\\/schema\\\/person\\\/a2e166f07bdda8a5ef0506501655c9ac\"},\"headline\":\"Kuva&#038;Kamera-messuilla uusia v\u00e4lineit\u00e4 ja tuoreita kuvakulmia\",\"datePublished\":\"2016-02-25T13:08:46+00:00\",\"mainEntityOfPage\":{\"@id\":\"https:\\\/\\\/www.victoriamedia.org\\\/ld\\\/kuvakamera-messuilla-uusia-valineita-ja-tuoreita-kuvakulmia\\\/\"},\"wordCount\":445,\"publisher\":{\"@id\":\"https:\\\/\\\/www.victoriamedia.org\\\/ld\\\/#organization\"},\"image\":{\"@id\":\"https:\\\/\\\/www.victoriamedia.org\\\/ld\\\/kuvakamera-messuilla-uusia-valineita-ja-tuoreita-kuvakulmia\\\/#primaryimage\"},\"thumbnailUrl\":\"http:\\\/\\\/www.victoriamedia.org\\\/ld\\\/wp-content\\\/uploads\\\/2016\\\/02\\\/21e7afa7-44d0-4315-bedd-f5ef33817931-main_image.jpg\",\"articleSection\":[\"Messut ja Tapahtumat\"],\"inLanguage\":\"en-US\"},{\"@type\":\"WebPage\",\"@id\":\"https:\\\/\\\/www.victoriamedia.org\\\/ld\\\/kuvakamera-messuilla-uusia-valineita-ja-tuoreita-kuvakulmia\\\/\",\"url\":\"https:\\\/\\\/www.victoriamedia.org\\\/ld\\\/kuvakamera-messuilla-uusia-valineita-ja-tuoreita-kuvakulmia\\\/\",\"name\":\"Kuva&Kamera-messuilla uusia v\u00e4lineit\u00e4 ja tuoreita kuvakulmia - KAMERAT JA OPTISET LAITTEET\",\"isPartOf\":{\"@id\":\"https:\\\/\\\/www.victoriamedia.org\\\/ld\\\/#website\"},\"primaryImageOfPage\":{\"@id\":\"https:\\\/\\\/www.victoriamedia.org\\\/ld\\\/kuvakamera-messuilla-uusia-valineita-ja-tuoreita-kuvakulmia\\\/#primaryimage\"},\"image\":{\"@id\":\"https:\\\/\\\/www.victoriamedia.org\\\/ld\\\/kuvakamera-messuilla-uusia-valineita-ja-tuoreita-kuvakulmia\\\/#primaryimage\"},\"thumbnailUrl\":\"http:\\\/\\\/www.victoriamedia.org\\\/ld\\\/wp-content\\\/uploads\\\/2016\\\/02\\\/21e7afa7-44d0-4315-bedd-f5ef33817931-main_image.jpg\",\"datePublished\":\"2016-02-25T13:08:46+00:00\",\"breadcrumb\":{\"@id\":\"https:\\\/\\\/www.victoriamedia.org\\\/ld\\\/kuvakamera-messuilla-uusia-valineita-ja-tuoreita-kuvakulmia\\\/#breadcrumb\"},\"inLanguage\":\"en-US\",\"potentialAction\":[{\"@type\":\"ReadAction\",\"target\":[\"https:\\\/\\\/www.victoriamedia.org\\\/ld\\\/kuvakamera-messuilla-uusia-valineita-ja-tuoreita-kuvakulmia\\\/\"]}]},{\"@type\":\"ImageObject\",\"inLanguage\":\"en-US\",\"@id\":\"https:\\\/\\\/www.victoriamedia.org\\\/ld\\\/kuvakamera-messuilla-uusia-valineita-ja-tuoreita-kuvakulmia\\\/#primaryimage\",\"url\":\"https:\\\/\\\/www.victoriamedia.org\\\/ld\\\/wp-content\\\/uploads\\\/2016\\\/02\\\/21e7afa7-44d0-4315-bedd-f5ef33817931-main_image.jpg\",\"contentUrl\":\"https:\\\/\\\/www.victoriamedia.org\\\/ld\\\/wp-content\\\/uploads\\\/2016\\\/02\\\/21e7afa7-44d0-4315-bedd-f5ef33817931-main_image.jpg\",\"width\":680,\"height\":1023},{\"@type\":\"BreadcrumbList\",\"@id\":\"https:\\\/\\\/www.victoriamedia.org\\\/ld\\\/kuvakamera-messuilla-uusia-valineita-ja-tuoreita-kuvakulmia\\\/#breadcrumb\",\"itemListElement\":[{\"@type\":\"ListItem\",\"position\":1,\"name\":\"Home\",\"item\":\"https:\\\/\\\/www.victoriamedia.org\\\/ld\\\/\"},{\"@type\":\"ListItem\",\"position\":2,\"name\":\"Kuva&#038;Kamera-messuilla uusia v\u00e4lineit\u00e4 ja tuoreita kuvakulmia\"}]},{\"@type\":\"WebSite\",\"@id\":\"https:\\\/\\\/www.victoriamedia.org\\\/ld\\\/#website\",\"url\":\"https:\\\/\\\/www.victoriamedia.org\\\/ld\\\/\",\"name\":\"KAMERAT JA OPTISET LAITTEET\",\"description\":\"Kamerat Kiikarit ja optiset tarvikkeet\",\"publisher\":{\"@id\":\"https:\\\/\\\/www.victoriamedia.org\\\/ld\\\/#organization\"},\"potentialAction\":[{\"@type\":\"SearchAction\",\"target\":{\"@type\":\"EntryPoint\",\"urlTemplate\":\"https:\\\/\\\/www.victoriamedia.org\\\/ld\\\/?s={search_term_string}\"},\"query-input\":{\"@type\":\"PropertyValueSpecification\",\"valueRequired\":true,\"valueName\":\"search_term_string\"}}],\"inLanguage\":\"en-US\"},{\"@type\":\"Organization\",\"@id\":\"https:\\\/\\\/www.victoriamedia.org\\\/ld\\\/#organization\",\"name\":\"Victoria Media - Kamerauutiset\",\"url\":\"https:\\\/\\\/www.victoriamedia.org\\\/ld\\\/\",\"logo\":{\"@type\":\"ImageObject\",\"inLanguage\":\"en-US\",\"@id\":\"https:\\\/\\\/www.victoriamedia.org\\\/ld\\\/#\\\/schema\\\/logo\\\/image\\\/\",\"url\":\"https:\\\/\\\/www.victoriamedia.org\\\/ld\\\/wp-content\\\/uploads\\\/2022\\\/09\\\/292179098_555417722694101_2682724033383846896_n.png\",\"contentUrl\":\"https:\\\/\\\/www.victoriamedia.org\\\/ld\\\/wp-content\\\/uploads\\\/2022\\\/09\\\/292179098_555417722694101_2682724033383846896_n.png\",\"width\":215,\"height\":165,\"caption\":\"Victoria Media - Kamerauutiset\"},\"image\":{\"@id\":\"https:\\\/\\\/www.victoriamedia.org\\\/ld\\\/#\\\/schema\\\/logo\\\/image\\\/\"},\"sameAs\":[\"https:\\\/\\\/www.facebook.com\\\/victoriamedia\",\"https:\\\/\\\/x.com\\\/uutisparkki\"]},{\"@type\":\"Person\",\"@id\":\"https:\\\/\\\/www.victoriamedia.org\\\/ld\\\/#\\\/schema\\\/person\\\/a2e166f07bdda8a5ef0506501655c9ac\",\"name\":\"Kerttu Vali\",\"image\":{\"@type\":\"ImageObject\",\"inLanguage\":\"en-US\",\"@id\":\"https:\\\/\\\/secure.gravatar.com\\\/avatar\\\/62dbe1a847f655ad987c59fece23f885c4b0e7b06595c36d9597003852972217?s=96&d=mm&r=g\",\"url\":\"https:\\\/\\\/secure.gravatar.com\\\/avatar\\\/62dbe1a847f655ad987c59fece23f885c4b0e7b06595c36d9597003852972217?s=96&d=mm&r=g\",\"contentUrl\":\"https:\\\/\\\/secure.gravatar.com\\\/avatar\\\/62dbe1a847f655ad987c59fece23f885c4b0e7b06595c36d9597003852972217?s=96&d=mm&r=g\",\"caption\":\"Kerttu Vali\"},\"sameAs\":[\"http:\\\/\\\/www.victoriamedia.fi\\\/\"],\"url\":\"https:\\\/\\\/www.victoriamedia.org\\\/ld\\\/author\\\/kerttuvali\\\/\"}]}<\/script>\n<!-- \/ Yoast SEO plugin. -->","yoast_head_json":{"title":"Kuva&Kamera-messuilla uusia v\u00e4lineit\u00e4 ja tuoreita kuvakulmia - KAMERAT JA OPTISET LAITTEET","robots":{"index":"index","follow":"follow","max-snippet":"max-snippet:-1","max-image-preview":"max-image-preview:large","max-video-preview":"max-video-preview:-1"},"canonical":"https:\/\/www.victoriamedia.org\/ld\/kuvakamera-messuilla-uusia-valineita-ja-tuoreita-kuvakulmia\/","og_locale":"en_US","og_type":"article","og_title":"Kuva&Kamera-messuilla uusia v\u00e4lineit\u00e4 ja tuoreita kuvakulmia - KAMERAT JA OPTISET LAITTEET","og_description":"Kuva&amp;Kamera-messuilla on ohjelmaa kuvaamisen suunnittelusta j\u00e4lkik\u00e4sittelyyn. Kuva: Messukeskus. Kuva&amp;Kamera-messut on myynti-, koulutus- ja n\u00e4yttelytapahtuma kuvauksen harrastajille ja ammattilaisille. Messuilla on esill\u00e4 koko kuvauksen kaari: kuvien suunnittelu, valo- ja videokuvaaminen sek\u00e4 kuvank\u00e4sittely, tulostus ja julkaisu. Tapahtuman kruunaa perjantaina 4.3. jaettavat Fotofinlandia- ja Finnfoto-palkinnot. Fotofinlandia-palkinto nostaa esiin suomalaisen valokuvataiteen ja k\u00e4ytt\u00f6kuvan tuoreita ilmi\u00f6it\u00e4. Palkinto jaetaan joka toinen [&hellip;]","og_url":"https:\/\/www.victoriamedia.org\/ld\/kuvakamera-messuilla-uusia-valineita-ja-tuoreita-kuvakulmia\/","og_site_name":"KAMERAT JA OPTISET LAITTEET","article_publisher":"https:\/\/www.facebook.com\/victoriamedia","article_published_time":"2016-02-25T13:08:46+00:00","og_image":[{"url":"http:\/\/www.victoriamedia.org\/ld\/wp-content\/uploads\/2016\/02\/21e7afa7-44d0-4315-bedd-f5ef33817931-main_image.jpg","type":"","width":"","height":""}],"author":"Kerttu Vali","twitter_card":"summary_large_image","twitter_creator":"@uutisparkki","twitter_site":"@uutisparkki","twitter_misc":{"Written by":"Kerttu Vali","Est. reading time":"2 minutes"},"schema":{"@context":"https:\/\/schema.org","@graph":[{"@type":"Article","@id":"https:\/\/www.victoriamedia.org\/ld\/kuvakamera-messuilla-uusia-valineita-ja-tuoreita-kuvakulmia\/#article","isPartOf":{"@id":"https:\/\/www.victoriamedia.org\/ld\/kuvakamera-messuilla-uusia-valineita-ja-tuoreita-kuvakulmia\/"},"author":{"name":"Kerttu Vali","@id":"https:\/\/www.victoriamedia.org\/ld\/#\/schema\/person\/a2e166f07bdda8a5ef0506501655c9ac"},"headline":"Kuva&#038;Kamera-messuilla uusia v\u00e4lineit\u00e4 ja tuoreita kuvakulmia","datePublished":"2016-02-25T13:08:46+00:00","mainEntityOfPage":{"@id":"https:\/\/www.victoriamedia.org\/ld\/kuvakamera-messuilla-uusia-valineita-ja-tuoreita-kuvakulmia\/"},"wordCount":445,"publisher":{"@id":"https:\/\/www.victoriamedia.org\/ld\/#organization"},"image":{"@id":"https:\/\/www.victoriamedia.org\/ld\/kuvakamera-messuilla-uusia-valineita-ja-tuoreita-kuvakulmia\/#primaryimage"},"thumbnailUrl":"http:\/\/www.victoriamedia.org\/ld\/wp-content\/uploads\/2016\/02\/21e7afa7-44d0-4315-bedd-f5ef33817931-main_image.jpg","articleSection":["Messut ja Tapahtumat"],"inLanguage":"en-US"},{"@type":"WebPage","@id":"https:\/\/www.victoriamedia.org\/ld\/kuvakamera-messuilla-uusia-valineita-ja-tuoreita-kuvakulmia\/","url":"https:\/\/www.victoriamedia.org\/ld\/kuvakamera-messuilla-uusia-valineita-ja-tuoreita-kuvakulmia\/","name":"Kuva&Kamera-messuilla uusia v\u00e4lineit\u00e4 ja tuoreita kuvakulmia - KAMERAT JA OPTISET LAITTEET","isPartOf":{"@id":"https:\/\/www.victoriamedia.org\/ld\/#website"},"primaryImageOfPage":{"@id":"https:\/\/www.victoriamedia.org\/ld\/kuvakamera-messuilla-uusia-valineita-ja-tuoreita-kuvakulmia\/#primaryimage"},"image":{"@id":"https:\/\/www.victoriamedia.org\/ld\/kuvakamera-messuilla-uusia-valineita-ja-tuoreita-kuvakulmia\/#primaryimage"},"thumbnailUrl":"http:\/\/www.victoriamedia.org\/ld\/wp-content\/uploads\/2016\/02\/21e7afa7-44d0-4315-bedd-f5ef33817931-main_image.jpg","datePublished":"2016-02-25T13:08:46+00:00","breadcrumb":{"@id":"https:\/\/www.victoriamedia.org\/ld\/kuvakamera-messuilla-uusia-valineita-ja-tuoreita-kuvakulmia\/#breadcrumb"},"inLanguage":"en-US","potentialAction":[{"@type":"ReadAction","target":["https:\/\/www.victoriamedia.org\/ld\/kuvakamera-messuilla-uusia-valineita-ja-tuoreita-kuvakulmia\/"]}]},{"@type":"ImageObject","inLanguage":"en-US","@id":"https:\/\/www.victoriamedia.org\/ld\/kuvakamera-messuilla-uusia-valineita-ja-tuoreita-kuvakulmia\/#primaryimage","url":"https:\/\/www.victoriamedia.org\/ld\/wp-content\/uploads\/2016\/02\/21e7afa7-44d0-4315-bedd-f5ef33817931-main_image.jpg","contentUrl":"https:\/\/www.victoriamedia.org\/ld\/wp-content\/uploads\/2016\/02\/21e7afa7-44d0-4315-bedd-f5ef33817931-main_image.jpg","width":680,"height":1023},{"@type":"BreadcrumbList","@id":"https:\/\/www.victoriamedia.org\/ld\/kuvakamera-messuilla-uusia-valineita-ja-tuoreita-kuvakulmia\/#breadcrumb","itemListElement":[{"@type":"ListItem","position":1,"name":"Home","item":"https:\/\/www.victoriamedia.org\/ld\/"},{"@type":"ListItem","position":2,"name":"Kuva&#038;Kamera-messuilla uusia v\u00e4lineit\u00e4 ja tuoreita kuvakulmia"}]},{"@type":"WebSite","@id":"https:\/\/www.victoriamedia.org\/ld\/#website","url":"https:\/\/www.victoriamedia.org\/ld\/","name":"KAMERAT JA OPTISET LAITTEET","description":"Kamerat Kiikarit ja optiset tarvikkeet","publisher":{"@id":"https:\/\/www.victoriamedia.org\/ld\/#organization"},"potentialAction":[{"@type":"SearchAction","target":{"@type":"EntryPoint","urlTemplate":"https:\/\/www.victoriamedia.org\/ld\/?s={search_term_string}"},"query-input":{"@type":"PropertyValueSpecification","valueRequired":true,"valueName":"search_term_string"}}],"inLanguage":"en-US"},{"@type":"Organization","@id":"https:\/\/www.victoriamedia.org\/ld\/#organization","name":"Victoria Media - Kamerauutiset","url":"https:\/\/www.victoriamedia.org\/ld\/","logo":{"@type":"ImageObject","inLanguage":"en-US","@id":"https:\/\/www.victoriamedia.org\/ld\/#\/schema\/logo\/image\/","url":"https:\/\/www.victoriamedia.org\/ld\/wp-content\/uploads\/2022\/09\/292179098_555417722694101_2682724033383846896_n.png","contentUrl":"https:\/\/www.victoriamedia.org\/ld\/wp-content\/uploads\/2022\/09\/292179098_555417722694101_2682724033383846896_n.png","width":215,"height":165,"caption":"Victoria Media - Kamerauutiset"},"image":{"@id":"https:\/\/www.victoriamedia.org\/ld\/#\/schema\/logo\/image\/"},"sameAs":["https:\/\/www.facebook.com\/victoriamedia","https:\/\/x.com\/uutisparkki"]},{"@type":"Person","@id":"https:\/\/www.victoriamedia.org\/ld\/#\/schema\/person\/a2e166f07bdda8a5ef0506501655c9ac","name":"Kerttu Vali","image":{"@type":"ImageObject","inLanguage":"en-US","@id":"https:\/\/secure.gravatar.com\/avatar\/62dbe1a847f655ad987c59fece23f885c4b0e7b06595c36d9597003852972217?s=96&d=mm&r=g","url":"https:\/\/secure.gravatar.com\/avatar\/62dbe1a847f655ad987c59fece23f885c4b0e7b06595c36d9597003852972217?s=96&d=mm&r=g","contentUrl":"https:\/\/secure.gravatar.com\/avatar\/62dbe1a847f655ad987c59fece23f885c4b0e7b06595c36d9597003852972217?s=96&d=mm&r=g","caption":"Kerttu Vali"},"sameAs":["http:\/\/www.victoriamedia.fi\/"],"url":"https:\/\/www.victoriamedia.org\/ld\/author\/kerttuvali\/"}]}},"_links":{"self":[{"href":"https:\/\/www.victoriamedia.org\/ld\/wp-json\/wp\/v2\/posts\/467","targetHints":{"allow":["GET"]}}],"collection":[{"href":"https:\/\/www.victoriamedia.org\/ld\/wp-json\/wp\/v2\/posts"}],"about":[{"href":"https:\/\/www.victoriamedia.org\/ld\/wp-json\/wp\/v2\/types\/post"}],"author":[{"embeddable":true,"href":"https:\/\/www.victoriamedia.org\/ld\/wp-json\/wp\/v2\/users\/1"}],"replies":[{"embeddable":true,"href":"https:\/\/www.victoriamedia.org\/ld\/wp-json\/wp\/v2\/comments?post=467"}],"version-history":[{"count":1,"href":"https:\/\/www.victoriamedia.org\/ld\/wp-json\/wp\/v2\/posts\/467\/revisions"}],"predecessor-version":[{"id":470,"href":"https:\/\/www.victoriamedia.org\/ld\/wp-json\/wp\/v2\/posts\/467\/revisions\/470"}],"wp:attachment":[{"href":"https:\/\/www.victoriamedia.org\/ld\/wp-json\/wp\/v2\/media?parent=467"}],"wp:term":[{"taxonomy":"category","embeddable":true,"href":"https:\/\/www.victoriamedia.org\/ld\/wp-json\/wp\/v2\/categories?post=467"},{"taxonomy":"post_tag","embeddable":true,"href":"https:\/\/www.victoriamedia.org\/ld\/wp-json\/wp\/v2\/tags?post=467"}],"curies":[{"name":"wp","href":"https:\/\/api.w.org\/{rel}","templated":true}]}}