{"id":447,"date":"2015-09-22T09:29:52","date_gmt":"2015-09-22T09:29:52","guid":{"rendered":"http:\/\/www.victoriamedia.org\/ld\/?p=447"},"modified":"2015-09-22T09:29:52","modified_gmt":"2015-09-22T09:29:52","slug":"uusia-valovoimaisia-objektiiveja-peilittomille-jarjestelmakameroille","status":"publish","type":"post","link":"https:\/\/www.victoriamedia.org\/ld\/uusia-valovoimaisia-objektiiveja-peilittomille-jarjestelmakameroille\/","title":{"rendered":"Uusia valovoimaisia objektiiveja peilitt\u00f6mille j\u00e4rjestelm\u00e4kameroille"},"content":{"rendered":"<p><a href=\"http:\/\/www.victoriamedia.org\/ld\/wp-content\/uploads\/2015\/09\/vvc9msp7grcwjt1pnol8.jpg\"><img loading=\"lazy\" decoding=\"async\" class=\"alignnone  wp-image-448\" src=\"http:\/\/www.victoriamedia.org\/ld\/wp-content\/uploads\/2015\/09\/vvc9msp7grcwjt1pnol8.jpg\" alt=\"vvc9msp7grcwjt1pnol8\" width=\"623\" height=\"325\" srcset=\"https:\/\/www.victoriamedia.org\/ld\/wp-content\/uploads\/2015\/09\/vvc9msp7grcwjt1pnol8.jpg 700w, https:\/\/www.victoriamedia.org\/ld\/wp-content\/uploads\/2015\/09\/vvc9msp7grcwjt1pnol8-300x156.jpg 300w\" sizes=\"auto, (max-width: 623px) 100vw, 623px\" \/><\/a><\/p>\n<p><strong><em>Samyang julkaisee kaksi uutta polttov\u00e4li\u00e4 peilitt\u00f6mille j\u00e4rjestelm\u00e4kameroille, 21mm ja 50mm. Molemmista objektiiveista julkaistaan samaan aikaan my\u00f6s videoversiot Follow Focus -j\u00e4rjestelmiin yhteensopivina.<\/em><\/strong><\/p>\n<p>Peilitt\u00f6mien j\u00e4rjestelm\u00e4kameroiden kiinnityksille; Canon M, Fujifilm X, Samsung NX ja Sony E, julkaistaan siis nelj\u00e4 uutta objektiivia. Yhdess\u00e4 jo olemassa olevien objektiivien kanssa Samyangilla on nyt tarjota 13 erilaista objektiivia peilitt\u00f6mille j\u00e4rjestelmille. N\u00e4m\u00e4 ovat 7,5mm, 8mm, 10mm, 12mm, 21mm, 50mm ja 300mm -objektiivit.<\/p>\n<p><strong>Samyang 21mm<\/strong><\/p>\n<p>T\u00e4ydellinen objektiivi maisemien ja sis\u00e4tilojen kuvaamiseen. Kolmen asf\u00e4\u00e4risen linssielementin ja ED-lasin avulla saavutetaan t\u00e4ydellinen ter\u00e4vyys kuvan keskelt\u00e4 reunoille. Objektiivin lyhin tarkennuset\u00e4isyys on 28cm, joka tarjoaa monia mahdollisuuksia n\u00e4ytt\u00e4viin valokuviin. Objektiivin valovoima on F\/1,4 ja videoversiossa T\/1,5.<\/p>\n<p><strong>Samyang 50mm<\/strong><\/p>\n<p>Valovoimansa ansiosta erinomainen muotokuvaobjektiivi. Suuri aukko tarjoaa kauniin bokehin. Objektiivin valovoima on F\/1,2 ja videoversiossa T\/1,3.<\/p>\n<p><strong>Hinta ja saatavuus<\/strong><\/p>\n<p>Objektiivien toimitukset alkavat lokakuun lopussa ja ne maksavat seuraavasti:<\/p>\n<ul>\n<li>Samyang 21mm F\/1.4 ED AS UMC CS, Hinta noin 400 euroa.<\/li>\n<li>Samyang 21mm Cine T\/1.5 EDAS UMC CS, Hinta noin 435 euroa.<\/li>\n<li>Samyang 50mm F\/1.2 AS UMC CS, Hinta noin 445 euroa.<\/li>\n<li>Samyang 50mm Cine T\/1.3AS UMC CS, Hinta noin 480 euroa.<\/li>\n<\/ul>\n","protected":false},"excerpt":{"rendered":"<p>Samyang julkaisee kaksi uutta polttov\u00e4li\u00e4 peilitt\u00f6mille j\u00e4rjestelm\u00e4kameroille, 21mm ja 50mm. Molemmista objektiiveista julkaistaan samaan aikaan my\u00f6s videoversiot Follow Focus -j\u00e4rjestelmiin yhteensopivina. Peilitt\u00f6mien j\u00e4rjestelm\u00e4kameroiden kiinnityksille; Canon M, Fujifilm X, Samsung NX ja Sony E, julkaistaan siis nelj\u00e4 uutta objektiivia. Yhdess\u00e4 jo olemassa olevien objektiivien kanssa Samyangilla on nyt tarjota 13 erilaista objektiivia peilitt\u00f6mille j\u00e4rjestelmille. N\u00e4m\u00e4 ovat [&hellip;]<\/p>\n","protected":false},"author":1,"featured_media":0,"comment_status":"closed","ping_status":"closed","sticky":false,"template":"","format":"standard","meta":{"footnotes":""},"categories":[10],"tags":[],"class_list":["post-447","post","type-post","status-publish","format-standard","hentry","category-objektiivit"],"yoast_head":"<!-- This site is optimized with the Yoast SEO plugin v27.5 - https:\/\/yoast.com\/product\/yoast-seo-wordpress\/ -->\n<title>Uusia valovoimaisia objektiiveja peilitt\u00f6mille j\u00e4rjestelm\u00e4kameroille - KAMERAT JA OPTISET LAITTEET<\/title>\n<meta name=\"robots\" content=\"index, follow, max-snippet:-1, max-image-preview:large, max-video-preview:-1\" \/>\n<link rel=\"canonical\" href=\"https:\/\/www.victoriamedia.org\/ld\/uusia-valovoimaisia-objektiiveja-peilittomille-jarjestelmakameroille\/\" \/>\n<meta property=\"og:locale\" content=\"en_US\" \/>\n<meta property=\"og:type\" content=\"article\" \/>\n<meta property=\"og:title\" content=\"Uusia valovoimaisia objektiiveja peilitt\u00f6mille j\u00e4rjestelm\u00e4kameroille - KAMERAT JA OPTISET LAITTEET\" \/>\n<meta property=\"og:description\" content=\"Samyang julkaisee kaksi uutta polttov\u00e4li\u00e4 peilitt\u00f6mille j\u00e4rjestelm\u00e4kameroille, 21mm ja 50mm. Molemmista objektiiveista julkaistaan samaan aikaan my\u00f6s videoversiot Follow Focus -j\u00e4rjestelmiin yhteensopivina. Peilitt\u00f6mien j\u00e4rjestelm\u00e4kameroiden kiinnityksille; Canon M, Fujifilm X, Samsung NX ja Sony E, julkaistaan siis nelj\u00e4 uutta objektiivia. Yhdess\u00e4 jo olemassa olevien objektiivien kanssa Samyangilla on nyt tarjota 13 erilaista objektiivia peilitt\u00f6mille j\u00e4rjestelmille. N\u00e4m\u00e4 ovat [&hellip;]\" \/>\n<meta property=\"og:url\" content=\"https:\/\/www.victoriamedia.org\/ld\/uusia-valovoimaisia-objektiiveja-peilittomille-jarjestelmakameroille\/\" \/>\n<meta property=\"og:site_name\" content=\"KAMERAT JA OPTISET LAITTEET\" \/>\n<meta property=\"article:publisher\" content=\"https:\/\/www.facebook.com\/victoriamedia\" \/>\n<meta property=\"article:published_time\" content=\"2015-09-22T09:29:52+00:00\" \/>\n<meta property=\"og:image\" content=\"http:\/\/www.victoriamedia.org\/ld\/wp-content\/uploads\/2015\/09\/vvc9msp7grcwjt1pnol8.jpg\" \/>\n<meta name=\"author\" content=\"Kerttu Vali\" \/>\n<meta name=\"twitter:card\" content=\"summary_large_image\" \/>\n<meta name=\"twitter:creator\" content=\"@uutisparkki\" \/>\n<meta name=\"twitter:site\" content=\"@uutisparkki\" \/>\n<meta name=\"twitter:label1\" content=\"Written by\" \/>\n\t<meta name=\"twitter:data1\" content=\"Kerttu Vali\" \/>\n\t<meta name=\"twitter:label2\" content=\"Est. reading time\" \/>\n\t<meta name=\"twitter:data2\" content=\"1 minute\" \/>\n<script type=\"application\/ld+json\" class=\"yoast-schema-graph\">{\"@context\":\"https:\\\/\\\/schema.org\",\"@graph\":[{\"@type\":\"Article\",\"@id\":\"https:\\\/\\\/www.victoriamedia.org\\\/ld\\\/uusia-valovoimaisia-objektiiveja-peilittomille-jarjestelmakameroille\\\/#article\",\"isPartOf\":{\"@id\":\"https:\\\/\\\/www.victoriamedia.org\\\/ld\\\/uusia-valovoimaisia-objektiiveja-peilittomille-jarjestelmakameroille\\\/\"},\"author\":{\"name\":\"Kerttu Vali\",\"@id\":\"https:\\\/\\\/www.victoriamedia.org\\\/ld\\\/#\\\/schema\\\/person\\\/a2e166f07bdda8a5ef0506501655c9ac\"},\"headline\":\"Uusia valovoimaisia objektiiveja peilitt\u00f6mille j\u00e4rjestelm\u00e4kameroille\",\"datePublished\":\"2015-09-22T09:29:52+00:00\",\"mainEntityOfPage\":{\"@id\":\"https:\\\/\\\/www.victoriamedia.org\\\/ld\\\/uusia-valovoimaisia-objektiiveja-peilittomille-jarjestelmakameroille\\\/\"},\"wordCount\":198,\"publisher\":{\"@id\":\"https:\\\/\\\/www.victoriamedia.org\\\/ld\\\/#organization\"},\"image\":{\"@id\":\"https:\\\/\\\/www.victoriamedia.org\\\/ld\\\/uusia-valovoimaisia-objektiiveja-peilittomille-jarjestelmakameroille\\\/#primaryimage\"},\"thumbnailUrl\":\"http:\\\/\\\/www.victoriamedia.org\\\/ld\\\/wp-content\\\/uploads\\\/2015\\\/09\\\/vvc9msp7grcwjt1pnol8.jpg\",\"articleSection\":[\"Objektiivit\"],\"inLanguage\":\"en-US\"},{\"@type\":\"WebPage\",\"@id\":\"https:\\\/\\\/www.victoriamedia.org\\\/ld\\\/uusia-valovoimaisia-objektiiveja-peilittomille-jarjestelmakameroille\\\/\",\"url\":\"https:\\\/\\\/www.victoriamedia.org\\\/ld\\\/uusia-valovoimaisia-objektiiveja-peilittomille-jarjestelmakameroille\\\/\",\"name\":\"Uusia valovoimaisia objektiiveja peilitt\u00f6mille j\u00e4rjestelm\u00e4kameroille - KAMERAT JA OPTISET LAITTEET\",\"isPartOf\":{\"@id\":\"https:\\\/\\\/www.victoriamedia.org\\\/ld\\\/#website\"},\"primaryImageOfPage\":{\"@id\":\"https:\\\/\\\/www.victoriamedia.org\\\/ld\\\/uusia-valovoimaisia-objektiiveja-peilittomille-jarjestelmakameroille\\\/#primaryimage\"},\"image\":{\"@id\":\"https:\\\/\\\/www.victoriamedia.org\\\/ld\\\/uusia-valovoimaisia-objektiiveja-peilittomille-jarjestelmakameroille\\\/#primaryimage\"},\"thumbnailUrl\":\"http:\\\/\\\/www.victoriamedia.org\\\/ld\\\/wp-content\\\/uploads\\\/2015\\\/09\\\/vvc9msp7grcwjt1pnol8.jpg\",\"datePublished\":\"2015-09-22T09:29:52+00:00\",\"breadcrumb\":{\"@id\":\"https:\\\/\\\/www.victoriamedia.org\\\/ld\\\/uusia-valovoimaisia-objektiiveja-peilittomille-jarjestelmakameroille\\\/#breadcrumb\"},\"inLanguage\":\"en-US\",\"potentialAction\":[{\"@type\":\"ReadAction\",\"target\":[\"https:\\\/\\\/www.victoriamedia.org\\\/ld\\\/uusia-valovoimaisia-objektiiveja-peilittomille-jarjestelmakameroille\\\/\"]}]},{\"@type\":\"ImageObject\",\"inLanguage\":\"en-US\",\"@id\":\"https:\\\/\\\/www.victoriamedia.org\\\/ld\\\/uusia-valovoimaisia-objektiiveja-peilittomille-jarjestelmakameroille\\\/#primaryimage\",\"url\":\"https:\\\/\\\/www.victoriamedia.org\\\/ld\\\/wp-content\\\/uploads\\\/2015\\\/09\\\/vvc9msp7grcwjt1pnol8.jpg\",\"contentUrl\":\"https:\\\/\\\/www.victoriamedia.org\\\/ld\\\/wp-content\\\/uploads\\\/2015\\\/09\\\/vvc9msp7grcwjt1pnol8.jpg\",\"width\":700,\"height\":365},{\"@type\":\"BreadcrumbList\",\"@id\":\"https:\\\/\\\/www.victoriamedia.org\\\/ld\\\/uusia-valovoimaisia-objektiiveja-peilittomille-jarjestelmakameroille\\\/#breadcrumb\",\"itemListElement\":[{\"@type\":\"ListItem\",\"position\":1,\"name\":\"Home\",\"item\":\"https:\\\/\\\/www.victoriamedia.org\\\/ld\\\/\"},{\"@type\":\"ListItem\",\"position\":2,\"name\":\"Uusia valovoimaisia objektiiveja peilitt\u00f6mille j\u00e4rjestelm\u00e4kameroille\"}]},{\"@type\":\"WebSite\",\"@id\":\"https:\\\/\\\/www.victoriamedia.org\\\/ld\\\/#website\",\"url\":\"https:\\\/\\\/www.victoriamedia.org\\\/ld\\\/\",\"name\":\"KAMERAT JA OPTISET LAITTEET\",\"description\":\"Kamerat Kiikarit ja optiset tarvikkeet\",\"publisher\":{\"@id\":\"https:\\\/\\\/www.victoriamedia.org\\\/ld\\\/#organization\"},\"potentialAction\":[{\"@type\":\"SearchAction\",\"target\":{\"@type\":\"EntryPoint\",\"urlTemplate\":\"https:\\\/\\\/www.victoriamedia.org\\\/ld\\\/?s={search_term_string}\"},\"query-input\":{\"@type\":\"PropertyValueSpecification\",\"valueRequired\":true,\"valueName\":\"search_term_string\"}}],\"inLanguage\":\"en-US\"},{\"@type\":\"Organization\",\"@id\":\"https:\\\/\\\/www.victoriamedia.org\\\/ld\\\/#organization\",\"name\":\"Victoria Media - Kamerauutiset\",\"url\":\"https:\\\/\\\/www.victoriamedia.org\\\/ld\\\/\",\"logo\":{\"@type\":\"ImageObject\",\"inLanguage\":\"en-US\",\"@id\":\"https:\\\/\\\/www.victoriamedia.org\\\/ld\\\/#\\\/schema\\\/logo\\\/image\\\/\",\"url\":\"https:\\\/\\\/www.victoriamedia.org\\\/ld\\\/wp-content\\\/uploads\\\/2022\\\/09\\\/292179098_555417722694101_2682724033383846896_n.png\",\"contentUrl\":\"https:\\\/\\\/www.victoriamedia.org\\\/ld\\\/wp-content\\\/uploads\\\/2022\\\/09\\\/292179098_555417722694101_2682724033383846896_n.png\",\"width\":215,\"height\":165,\"caption\":\"Victoria Media - Kamerauutiset\"},\"image\":{\"@id\":\"https:\\\/\\\/www.victoriamedia.org\\\/ld\\\/#\\\/schema\\\/logo\\\/image\\\/\"},\"sameAs\":[\"https:\\\/\\\/www.facebook.com\\\/victoriamedia\",\"https:\\\/\\\/x.com\\\/uutisparkki\"]},{\"@type\":\"Person\",\"@id\":\"https:\\\/\\\/www.victoriamedia.org\\\/ld\\\/#\\\/schema\\\/person\\\/a2e166f07bdda8a5ef0506501655c9ac\",\"name\":\"Kerttu Vali\",\"image\":{\"@type\":\"ImageObject\",\"inLanguage\":\"en-US\",\"@id\":\"https:\\\/\\\/secure.gravatar.com\\\/avatar\\\/62dbe1a847f655ad987c59fece23f885c4b0e7b06595c36d9597003852972217?s=96&d=mm&r=g\",\"url\":\"https:\\\/\\\/secure.gravatar.com\\\/avatar\\\/62dbe1a847f655ad987c59fece23f885c4b0e7b06595c36d9597003852972217?s=96&d=mm&r=g\",\"contentUrl\":\"https:\\\/\\\/secure.gravatar.com\\\/avatar\\\/62dbe1a847f655ad987c59fece23f885c4b0e7b06595c36d9597003852972217?s=96&d=mm&r=g\",\"caption\":\"Kerttu Vali\"},\"sameAs\":[\"http:\\\/\\\/www.victoriamedia.fi\\\/\"],\"url\":\"https:\\\/\\\/www.victoriamedia.org\\\/ld\\\/author\\\/kerttuvali\\\/\"}]}<\/script>\n<!-- \/ Yoast SEO plugin. -->","yoast_head_json":{"title":"Uusia valovoimaisia objektiiveja peilitt\u00f6mille j\u00e4rjestelm\u00e4kameroille - KAMERAT JA OPTISET LAITTEET","robots":{"index":"index","follow":"follow","max-snippet":"max-snippet:-1","max-image-preview":"max-image-preview:large","max-video-preview":"max-video-preview:-1"},"canonical":"https:\/\/www.victoriamedia.org\/ld\/uusia-valovoimaisia-objektiiveja-peilittomille-jarjestelmakameroille\/","og_locale":"en_US","og_type":"article","og_title":"Uusia valovoimaisia objektiiveja peilitt\u00f6mille j\u00e4rjestelm\u00e4kameroille - KAMERAT JA OPTISET LAITTEET","og_description":"Samyang julkaisee kaksi uutta polttov\u00e4li\u00e4 peilitt\u00f6mille j\u00e4rjestelm\u00e4kameroille, 21mm ja 50mm. Molemmista objektiiveista julkaistaan samaan aikaan my\u00f6s videoversiot Follow Focus -j\u00e4rjestelmiin yhteensopivina. Peilitt\u00f6mien j\u00e4rjestelm\u00e4kameroiden kiinnityksille; Canon M, Fujifilm X, Samsung NX ja Sony E, julkaistaan siis nelj\u00e4 uutta objektiivia. Yhdess\u00e4 jo olemassa olevien objektiivien kanssa Samyangilla on nyt tarjota 13 erilaista objektiivia peilitt\u00f6mille j\u00e4rjestelmille. N\u00e4m\u00e4 ovat [&hellip;]","og_url":"https:\/\/www.victoriamedia.org\/ld\/uusia-valovoimaisia-objektiiveja-peilittomille-jarjestelmakameroille\/","og_site_name":"KAMERAT JA OPTISET LAITTEET","article_publisher":"https:\/\/www.facebook.com\/victoriamedia","article_published_time":"2015-09-22T09:29:52+00:00","og_image":[{"url":"http:\/\/www.victoriamedia.org\/ld\/wp-content\/uploads\/2015\/09\/vvc9msp7grcwjt1pnol8.jpg","type":"","width":"","height":""}],"author":"Kerttu Vali","twitter_card":"summary_large_image","twitter_creator":"@uutisparkki","twitter_site":"@uutisparkki","twitter_misc":{"Written by":"Kerttu Vali","Est. reading time":"1 minute"},"schema":{"@context":"https:\/\/schema.org","@graph":[{"@type":"Article","@id":"https:\/\/www.victoriamedia.org\/ld\/uusia-valovoimaisia-objektiiveja-peilittomille-jarjestelmakameroille\/#article","isPartOf":{"@id":"https:\/\/www.victoriamedia.org\/ld\/uusia-valovoimaisia-objektiiveja-peilittomille-jarjestelmakameroille\/"},"author":{"name":"Kerttu Vali","@id":"https:\/\/www.victoriamedia.org\/ld\/#\/schema\/person\/a2e166f07bdda8a5ef0506501655c9ac"},"headline":"Uusia valovoimaisia objektiiveja peilitt\u00f6mille j\u00e4rjestelm\u00e4kameroille","datePublished":"2015-09-22T09:29:52+00:00","mainEntityOfPage":{"@id":"https:\/\/www.victoriamedia.org\/ld\/uusia-valovoimaisia-objektiiveja-peilittomille-jarjestelmakameroille\/"},"wordCount":198,"publisher":{"@id":"https:\/\/www.victoriamedia.org\/ld\/#organization"},"image":{"@id":"https:\/\/www.victoriamedia.org\/ld\/uusia-valovoimaisia-objektiiveja-peilittomille-jarjestelmakameroille\/#primaryimage"},"thumbnailUrl":"http:\/\/www.victoriamedia.org\/ld\/wp-content\/uploads\/2015\/09\/vvc9msp7grcwjt1pnol8.jpg","articleSection":["Objektiivit"],"inLanguage":"en-US"},{"@type":"WebPage","@id":"https:\/\/www.victoriamedia.org\/ld\/uusia-valovoimaisia-objektiiveja-peilittomille-jarjestelmakameroille\/","url":"https:\/\/www.victoriamedia.org\/ld\/uusia-valovoimaisia-objektiiveja-peilittomille-jarjestelmakameroille\/","name":"Uusia valovoimaisia objektiiveja peilitt\u00f6mille j\u00e4rjestelm\u00e4kameroille - KAMERAT JA OPTISET LAITTEET","isPartOf":{"@id":"https:\/\/www.victoriamedia.org\/ld\/#website"},"primaryImageOfPage":{"@id":"https:\/\/www.victoriamedia.org\/ld\/uusia-valovoimaisia-objektiiveja-peilittomille-jarjestelmakameroille\/#primaryimage"},"image":{"@id":"https:\/\/www.victoriamedia.org\/ld\/uusia-valovoimaisia-objektiiveja-peilittomille-jarjestelmakameroille\/#primaryimage"},"thumbnailUrl":"http:\/\/www.victoriamedia.org\/ld\/wp-content\/uploads\/2015\/09\/vvc9msp7grcwjt1pnol8.jpg","datePublished":"2015-09-22T09:29:52+00:00","breadcrumb":{"@id":"https:\/\/www.victoriamedia.org\/ld\/uusia-valovoimaisia-objektiiveja-peilittomille-jarjestelmakameroille\/#breadcrumb"},"inLanguage":"en-US","potentialAction":[{"@type":"ReadAction","target":["https:\/\/www.victoriamedia.org\/ld\/uusia-valovoimaisia-objektiiveja-peilittomille-jarjestelmakameroille\/"]}]},{"@type":"ImageObject","inLanguage":"en-US","@id":"https:\/\/www.victoriamedia.org\/ld\/uusia-valovoimaisia-objektiiveja-peilittomille-jarjestelmakameroille\/#primaryimage","url":"https:\/\/www.victoriamedia.org\/ld\/wp-content\/uploads\/2015\/09\/vvc9msp7grcwjt1pnol8.jpg","contentUrl":"https:\/\/www.victoriamedia.org\/ld\/wp-content\/uploads\/2015\/09\/vvc9msp7grcwjt1pnol8.jpg","width":700,"height":365},{"@type":"BreadcrumbList","@id":"https:\/\/www.victoriamedia.org\/ld\/uusia-valovoimaisia-objektiiveja-peilittomille-jarjestelmakameroille\/#breadcrumb","itemListElement":[{"@type":"ListItem","position":1,"name":"Home","item":"https:\/\/www.victoriamedia.org\/ld\/"},{"@type":"ListItem","position":2,"name":"Uusia valovoimaisia objektiiveja peilitt\u00f6mille j\u00e4rjestelm\u00e4kameroille"}]},{"@type":"WebSite","@id":"https:\/\/www.victoriamedia.org\/ld\/#website","url":"https:\/\/www.victoriamedia.org\/ld\/","name":"KAMERAT JA OPTISET LAITTEET","description":"Kamerat Kiikarit ja optiset tarvikkeet","publisher":{"@id":"https:\/\/www.victoriamedia.org\/ld\/#organization"},"potentialAction":[{"@type":"SearchAction","target":{"@type":"EntryPoint","urlTemplate":"https:\/\/www.victoriamedia.org\/ld\/?s={search_term_string}"},"query-input":{"@type":"PropertyValueSpecification","valueRequired":true,"valueName":"search_term_string"}}],"inLanguage":"en-US"},{"@type":"Organization","@id":"https:\/\/www.victoriamedia.org\/ld\/#organization","name":"Victoria Media - Kamerauutiset","url":"https:\/\/www.victoriamedia.org\/ld\/","logo":{"@type":"ImageObject","inLanguage":"en-US","@id":"https:\/\/www.victoriamedia.org\/ld\/#\/schema\/logo\/image\/","url":"https:\/\/www.victoriamedia.org\/ld\/wp-content\/uploads\/2022\/09\/292179098_555417722694101_2682724033383846896_n.png","contentUrl":"https:\/\/www.victoriamedia.org\/ld\/wp-content\/uploads\/2022\/09\/292179098_555417722694101_2682724033383846896_n.png","width":215,"height":165,"caption":"Victoria Media - Kamerauutiset"},"image":{"@id":"https:\/\/www.victoriamedia.org\/ld\/#\/schema\/logo\/image\/"},"sameAs":["https:\/\/www.facebook.com\/victoriamedia","https:\/\/x.com\/uutisparkki"]},{"@type":"Person","@id":"https:\/\/www.victoriamedia.org\/ld\/#\/schema\/person\/a2e166f07bdda8a5ef0506501655c9ac","name":"Kerttu Vali","image":{"@type":"ImageObject","inLanguage":"en-US","@id":"https:\/\/secure.gravatar.com\/avatar\/62dbe1a847f655ad987c59fece23f885c4b0e7b06595c36d9597003852972217?s=96&d=mm&r=g","url":"https:\/\/secure.gravatar.com\/avatar\/62dbe1a847f655ad987c59fece23f885c4b0e7b06595c36d9597003852972217?s=96&d=mm&r=g","contentUrl":"https:\/\/secure.gravatar.com\/avatar\/62dbe1a847f655ad987c59fece23f885c4b0e7b06595c36d9597003852972217?s=96&d=mm&r=g","caption":"Kerttu Vali"},"sameAs":["http:\/\/www.victoriamedia.fi\/"],"url":"https:\/\/www.victoriamedia.org\/ld\/author\/kerttuvali\/"}]}},"_links":{"self":[{"href":"https:\/\/www.victoriamedia.org\/ld\/wp-json\/wp\/v2\/posts\/447","targetHints":{"allow":["GET"]}}],"collection":[{"href":"https:\/\/www.victoriamedia.org\/ld\/wp-json\/wp\/v2\/posts"}],"about":[{"href":"https:\/\/www.victoriamedia.org\/ld\/wp-json\/wp\/v2\/types\/post"}],"author":[{"embeddable":true,"href":"https:\/\/www.victoriamedia.org\/ld\/wp-json\/wp\/v2\/users\/1"}],"replies":[{"embeddable":true,"href":"https:\/\/www.victoriamedia.org\/ld\/wp-json\/wp\/v2\/comments?post=447"}],"version-history":[{"count":1,"href":"https:\/\/www.victoriamedia.org\/ld\/wp-json\/wp\/v2\/posts\/447\/revisions"}],"predecessor-version":[{"id":449,"href":"https:\/\/www.victoriamedia.org\/ld\/wp-json\/wp\/v2\/posts\/447\/revisions\/449"}],"wp:attachment":[{"href":"https:\/\/www.victoriamedia.org\/ld\/wp-json\/wp\/v2\/media?parent=447"}],"wp:term":[{"taxonomy":"category","embeddable":true,"href":"https:\/\/www.victoriamedia.org\/ld\/wp-json\/wp\/v2\/categories?post=447"},{"taxonomy":"post_tag","embeddable":true,"href":"https:\/\/www.victoriamedia.org\/ld\/wp-json\/wp\/v2\/tags?post=447"}],"curies":[{"name":"wp","href":"https:\/\/api.w.org\/{rel}","templated":true}]}}