{"id":443,"date":"2015-09-02T09:19:13","date_gmt":"2015-09-02T09:19:13","guid":{"rendered":"http:\/\/www.victoriamedia.org\/ld\/?p=443"},"modified":"2015-09-02T09:19:13","modified_gmt":"2015-09-02T09:19:13","slug":"uusia-huippuobjektiiveja-tamronilta","status":"publish","type":"post","link":"https:\/\/www.victoriamedia.org\/ld\/uusia-huippuobjektiiveja-tamronilta\/","title":{"rendered":"Uusia huippuobjektiivej\u00e4 Tamronilta"},"content":{"rendered":"<p><a href=\"http:\/\/www.victoriamedia.org\/ld\/wp-content\/uploads\/2015\/09\/ru5lrv8fhcxbch15vrhp-1.jpg\"><img loading=\"lazy\" decoding=\"async\" class=\"alignnone size-full wp-image-444\" src=\"http:\/\/www.victoriamedia.org\/ld\/wp-content\/uploads\/2015\/09\/ru5lrv8fhcxbch15vrhp-1.jpg\" alt=\"ru5lrv8fhcxbch15vrhp (1)\" width=\"700\" height=\"454\" srcset=\"https:\/\/www.victoriamedia.org\/ld\/wp-content\/uploads\/2015\/09\/ru5lrv8fhcxbch15vrhp-1.jpg 700w, https:\/\/www.victoriamedia.org\/ld\/wp-content\/uploads\/2015\/09\/ru5lrv8fhcxbch15vrhp-1-300x195.jpg 300w\" sizes=\"auto, (max-width: 700px) 100vw, 700px\" \/><\/a><\/p>\n<p><strong><em>Digitaalisten kameroiden kuvanlaadun kehitys on mennyt monien objektiivien suorituskyvyn ohi ja rajoittaa jo kuvanlaatua. Tamron julkaisee kaksi uutta SP-objektiivia., jotka on suunniteltu selvi\u00e4m\u00e4\u00e4n my\u00f6s parhaiden t\u00e4ysikennoisten kameroiden kennojen vaatimuksista.<br \/>\n<\/em><\/strong><\/p>\n<p><strong>Historia<\/strong><\/p>\n<p>Tamron julkaisi ensimm\u00e4isen SP-objektiviinsa jo vuonna 1979. Tamron 90mm F\/2,5 -makro-objektiivista tulikin legendaarinen ennen kaikkea loistavan kuvanlaatunsa ansiosta.<\/p>\n<p>Sen j\u00e4lkeen Tamron on tuonut markkinoille useita SP-objektiiveja. Pelk\u00e4st\u00e4\u00e4n vuoden 2012 j\u00e4lkeen\u00a0on julkaistu\u00a0menestysmallit, SP 24-70mm VC F\/2,8, SP 70-200mm VC F\/2,8, SP 90mm VC F\/2,8, SP 150-600mm F\/5-6,3 ja 15-30mm VC F\/2,8, jotka valloittivat markkinat heti.<\/p>\n<p>N\u00e4iss\u00e4 objektiiveissa yhteist\u00e4 ei ole pelk\u00e4st\u00e4\u00e4n kuvanvakaaja, s\u00e4\u00e4suojaus ja nopea automaattitarkennus vaan ne kaikki ovat saaneet my\u00f6s erinomaisia testituloksia riippumattomissa julkaisuissa ymp\u00e4ri maailmaa. Kaiken lis\u00e4ksi nuo testitulokset ovat olleet jopa parempia kuin mit\u00e4 alkuper\u00e4iset paljon kalliimmat objektiivit ovat saaneet samoissa julkaisuissa.<\/p>\n<p><strong>Uudet mallit<\/strong><\/p>\n<p>Vaikka Tamronin viimeisimmin julkaistut objektiivit ovat saaneet paljon kiitosta kuvanlaadustaan, ottavat n\u00e4m\u00e4 uudet SP-objektiivit viel\u00e4 askeleen eteenp\u00e4in. Ensimm\u00e4isist\u00e4 luonnoksista l\u00e4htien Tamronilla haluttiin suunnitella objektiivit, jotka pystyv\u00e4t vastaamaan parhaimpienkin kameroiden vaatimuksiin.<\/p>\n<p><strong>Suuret haasteet<\/strong><\/p>\n<p>Valovoimaisen, s\u00e4\u00e4suojatun ja kuvanvakaajalla varustetun objektiivin suunnittelu parhaalla mahdollisella resoluutiolla ilman, ett\u00e4 objektiivin koko kasvaa ep\u00e4k\u00e4yt\u00e4nn\u00f6llisen isoksi, oli suuri haaste. Tamronilla ei kuitenkaan kavahdettu t\u00e4t\u00e4, vaan objektiivien suunnittelu ja kehitys on ollut k\u00e4ynniss\u00e4 jo pitk\u00e4\u00e4n ja nyt\u00a0objektiivit ovat valmiita markkinoille.<\/p>\n<p><strong>Objektiivit<\/strong><\/p>\n<p>Kahdessa ensimm\u00e4isess\u00e4, ammattilaisille ja vaativille amat\u00f6\u00f6reille suunnatussa, uudessa SP-objektiivissa (Superior Performance) on kiinte\u00e4t 35mm ja 45mm polttov\u00e4lit, F\/1,8-valovoima, VC-kuvanvakaaja, sek\u00e4 eritt\u00e4in nopea ja hiljainen automaattitarkennus. Molemmat objektiivit ovat lis\u00e4ksi s\u00e4\u00e4suojattuja ja niill\u00e4 on huomattavan lyhyt tarkennuset\u00e4isyys.<\/p>\n<p><strong>Rakenne<\/strong><\/p>\n<p>Tamron on uusissa SP-objektiiveissa k\u00e4ytt\u00e4nyt yhdistelm\u00e4\u00e4 erityyppisi\u00e4 linssist\u00f6j\u00e4, joilla saavutetaan mahdollisimman pienet v\u00e4\u00e4ristym\u00e4t. Parhaan ja uusimman linssiteknologian, sek\u00e4 Tamronin kokemuksen objektiivisuunnittelusta, avulla on onnistuttu luomaan objektiivi, joka vastaa vaativimpiinkin haasteisiin. Monet pienetkin yksityiskohdat, kuten pintamateriaalit, aukkorenkaan muotoilu ja kamerakiinnitys, on suunniteltu uusiksi. Mit\u00e4\u00e4n ei ole j\u00e4tetty sattuman varaan.<\/p>\n<p><strong>Tekniset tiedot SP 35mm F\/1,8 Di USD VC<\/strong><\/p>\n<ul>\n<li>Polttov\u00e4li: 35mm<\/li>\n<li>Suurin aukko :F\/1,8<\/li>\n<li>Elementti\u00e4\/Ryhm\u00e4\u00e4: 10 \/ 9<\/li>\n<li>Tarkennusalue: 0,2m &#8211; \u00e4\u00e4ret\u00f6n<\/li>\n<li>Kuvakulma (diagonaali): 63\u00b026\u00b4 (t\u00e4yden koonkenno)<br \/>\n43\u00b029\u00b4 (APS-C -kenno)<\/li>\n<li>Suurennussuhde: 1:2,5<\/li>\n<li>Suodinkierre: 67mm<\/li>\n<li>Himmenninlehti\u00e4: 9<\/li>\n<li>Halkaisija (suurin): 80,4mm<\/li>\n<li>Pituus (ilman vastavalosuojaa): 80,8mm (Canon), 78,3mm (Nikon)<\/li>\n<li>Paino: 480g (Canon), 450g (Nikon)<\/li>\n<li>Varusteet (mukana): Objektiivisuojat, tulppaanimallinen vastavalosuoja<\/li>\n<li>Kiinnitykset: Canon, Nikon ja Sony A**Sony-versiossa ei kuvanvakaajaa.<\/li>\n<\/ul>\n<p><strong>Tekniset tiedot SP 45mm F\/1,8 Di USD VC<\/strong><\/p>\n<ul>\n<li>Polttov\u00e4li: 45mm<\/li>\n<li>Suurin aukko: F\/1,8<\/li>\n<li>Elementti\u00e4\/Ryhm\u00e4\u00e4: 10 \/ 8<\/li>\n<li>Tarkennusalue: 0,29m &#8211; \u00e4\u00e4ret\u00f6n<\/li>\n<li>Kuvakulma (diagonaali): 51\u00b021\u00b4 (t\u00e4yden koon kenno)<br \/>\n34\u00b028\u00b4 (APS-C -kenno)<\/li>\n<li>Suurennussuhde: 1:3,4<\/li>\n<li>Suodinkierre: 67mm<\/li>\n<li>Himmenninlehti\u00e4: 9<\/li>\n<li>Halkaisija (suurin): 80,4mm<\/li>\n<li>Pituus (ilman vastavalosuojaa): 91,7mm (Canon), 89,2mm (Nikon)<\/li>\n<li>Paino: 540g (Canon), 520g (Nikon)<\/li>\n<li>Varusteet (mukana): Objektiivisuojat, tulppaanimallinen vastavalosuoja<\/li>\n<li>Kiinnitykset_ Canon, Nikon ja Sony A**Sony-versiossa ei kuvanvakaajaa.<\/li>\n<\/ul>\n<p><strong>Hinta ja saatavuus<\/strong><\/p>\n<p>Tamron 35mm &amp; 45mm toimitukset alkavat lokakuussa. Objektiivien hinnat ilmoitetaan my\u00f6hemmin.<\/p>\n","protected":false},"excerpt":{"rendered":"<p>Digitaalisten kameroiden kuvanlaadun kehitys on mennyt monien objektiivien suorituskyvyn ohi ja rajoittaa jo kuvanlaatua. Tamron julkaisee kaksi uutta SP-objektiivia., jotka on suunniteltu selvi\u00e4m\u00e4\u00e4n my\u00f6s parhaiden t\u00e4ysikennoisten kameroiden kennojen vaatimuksista. Historia Tamron julkaisi ensimm\u00e4isen SP-objektiviinsa jo vuonna 1979. Tamron 90mm F\/2,5 -makro-objektiivista tulikin legendaarinen ennen kaikkea loistavan kuvanlaatunsa ansiosta. Sen j\u00e4lkeen Tamron on tuonut markkinoille useita [&hellip;]<\/p>\n","protected":false},"author":1,"featured_media":0,"comment_status":"closed","ping_status":"closed","sticky":false,"template":"","format":"standard","meta":{"footnotes":""},"categories":[10],"tags":[],"class_list":["post-443","post","type-post","status-publish","format-standard","hentry","category-objektiivit"],"yoast_head":"<!-- This site is optimized with the Yoast SEO plugin v27.5 - https:\/\/yoast.com\/product\/yoast-seo-wordpress\/ -->\n<title>Uusia huippuobjektiivej\u00e4 Tamronilta - KAMERAT JA OPTISET LAITTEET<\/title>\n<meta name=\"robots\" content=\"index, follow, max-snippet:-1, max-image-preview:large, max-video-preview:-1\" \/>\n<link rel=\"canonical\" href=\"https:\/\/www.victoriamedia.org\/ld\/uusia-huippuobjektiiveja-tamronilta\/\" \/>\n<meta property=\"og:locale\" content=\"en_US\" \/>\n<meta property=\"og:type\" content=\"article\" \/>\n<meta property=\"og:title\" content=\"Uusia huippuobjektiivej\u00e4 Tamronilta - KAMERAT JA OPTISET LAITTEET\" \/>\n<meta property=\"og:description\" content=\"Digitaalisten kameroiden kuvanlaadun kehitys on mennyt monien objektiivien suorituskyvyn ohi ja rajoittaa jo kuvanlaatua. Tamron julkaisee kaksi uutta SP-objektiivia., jotka on suunniteltu selvi\u00e4m\u00e4\u00e4n my\u00f6s parhaiden t\u00e4ysikennoisten kameroiden kennojen vaatimuksista. Historia Tamron julkaisi ensimm\u00e4isen SP-objektiviinsa jo vuonna 1979. Tamron 90mm F\/2,5 -makro-objektiivista tulikin legendaarinen ennen kaikkea loistavan kuvanlaatunsa ansiosta. Sen j\u00e4lkeen Tamron on tuonut markkinoille useita [&hellip;]\" \/>\n<meta property=\"og:url\" content=\"https:\/\/www.victoriamedia.org\/ld\/uusia-huippuobjektiiveja-tamronilta\/\" \/>\n<meta property=\"og:site_name\" content=\"KAMERAT JA OPTISET LAITTEET\" \/>\n<meta property=\"article:publisher\" content=\"https:\/\/www.facebook.com\/victoriamedia\" \/>\n<meta property=\"article:published_time\" content=\"2015-09-02T09:19:13+00:00\" \/>\n<meta property=\"og:image\" content=\"http:\/\/www.victoriamedia.org\/ld\/wp-content\/uploads\/2015\/09\/ru5lrv8fhcxbch15vrhp-1.jpg\" \/>\n<meta name=\"author\" content=\"Kerttu Vali\" \/>\n<meta name=\"twitter:card\" content=\"summary_large_image\" \/>\n<meta name=\"twitter:creator\" content=\"@uutisparkki\" \/>\n<meta name=\"twitter:site\" content=\"@uutisparkki\" \/>\n<meta name=\"twitter:label1\" content=\"Written by\" \/>\n\t<meta name=\"twitter:data1\" content=\"Kerttu Vali\" \/>\n\t<meta name=\"twitter:label2\" content=\"Est. reading time\" \/>\n\t<meta name=\"twitter:data2\" content=\"2 minutes\" \/>\n<script type=\"application\/ld+json\" class=\"yoast-schema-graph\">{\"@context\":\"https:\\\/\\\/schema.org\",\"@graph\":[{\"@type\":\"Article\",\"@id\":\"https:\\\/\\\/www.victoriamedia.org\\\/ld\\\/uusia-huippuobjektiiveja-tamronilta\\\/#article\",\"isPartOf\":{\"@id\":\"https:\\\/\\\/www.victoriamedia.org\\\/ld\\\/uusia-huippuobjektiiveja-tamronilta\\\/\"},\"author\":{\"name\":\"Kerttu Vali\",\"@id\":\"https:\\\/\\\/www.victoriamedia.org\\\/ld\\\/#\\\/schema\\\/person\\\/a2e166f07bdda8a5ef0506501655c9ac\"},\"headline\":\"Uusia huippuobjektiivej\u00e4 Tamronilta\",\"datePublished\":\"2015-09-02T09:19:13+00:00\",\"mainEntityOfPage\":{\"@id\":\"https:\\\/\\\/www.victoriamedia.org\\\/ld\\\/uusia-huippuobjektiiveja-tamronilta\\\/\"},\"wordCount\":478,\"publisher\":{\"@id\":\"https:\\\/\\\/www.victoriamedia.org\\\/ld\\\/#organization\"},\"image\":{\"@id\":\"https:\\\/\\\/www.victoriamedia.org\\\/ld\\\/uusia-huippuobjektiiveja-tamronilta\\\/#primaryimage\"},\"thumbnailUrl\":\"http:\\\/\\\/www.victoriamedia.org\\\/ld\\\/wp-content\\\/uploads\\\/2015\\\/09\\\/ru5lrv8fhcxbch15vrhp-1.jpg\",\"articleSection\":[\"Objektiivit\"],\"inLanguage\":\"en-US\"},{\"@type\":\"WebPage\",\"@id\":\"https:\\\/\\\/www.victoriamedia.org\\\/ld\\\/uusia-huippuobjektiiveja-tamronilta\\\/\",\"url\":\"https:\\\/\\\/www.victoriamedia.org\\\/ld\\\/uusia-huippuobjektiiveja-tamronilta\\\/\",\"name\":\"Uusia huippuobjektiivej\u00e4 Tamronilta - KAMERAT JA OPTISET LAITTEET\",\"isPartOf\":{\"@id\":\"https:\\\/\\\/www.victoriamedia.org\\\/ld\\\/#website\"},\"primaryImageOfPage\":{\"@id\":\"https:\\\/\\\/www.victoriamedia.org\\\/ld\\\/uusia-huippuobjektiiveja-tamronilta\\\/#primaryimage\"},\"image\":{\"@id\":\"https:\\\/\\\/www.victoriamedia.org\\\/ld\\\/uusia-huippuobjektiiveja-tamronilta\\\/#primaryimage\"},\"thumbnailUrl\":\"http:\\\/\\\/www.victoriamedia.org\\\/ld\\\/wp-content\\\/uploads\\\/2015\\\/09\\\/ru5lrv8fhcxbch15vrhp-1.jpg\",\"datePublished\":\"2015-09-02T09:19:13+00:00\",\"breadcrumb\":{\"@id\":\"https:\\\/\\\/www.victoriamedia.org\\\/ld\\\/uusia-huippuobjektiiveja-tamronilta\\\/#breadcrumb\"},\"inLanguage\":\"en-US\",\"potentialAction\":[{\"@type\":\"ReadAction\",\"target\":[\"https:\\\/\\\/www.victoriamedia.org\\\/ld\\\/uusia-huippuobjektiiveja-tamronilta\\\/\"]}]},{\"@type\":\"ImageObject\",\"inLanguage\":\"en-US\",\"@id\":\"https:\\\/\\\/www.victoriamedia.org\\\/ld\\\/uusia-huippuobjektiiveja-tamronilta\\\/#primaryimage\",\"url\":\"https:\\\/\\\/www.victoriamedia.org\\\/ld\\\/wp-content\\\/uploads\\\/2015\\\/09\\\/ru5lrv8fhcxbch15vrhp-1.jpg\",\"contentUrl\":\"https:\\\/\\\/www.victoriamedia.org\\\/ld\\\/wp-content\\\/uploads\\\/2015\\\/09\\\/ru5lrv8fhcxbch15vrhp-1.jpg\",\"width\":700,\"height\":454},{\"@type\":\"BreadcrumbList\",\"@id\":\"https:\\\/\\\/www.victoriamedia.org\\\/ld\\\/uusia-huippuobjektiiveja-tamronilta\\\/#breadcrumb\",\"itemListElement\":[{\"@type\":\"ListItem\",\"position\":1,\"name\":\"Home\",\"item\":\"https:\\\/\\\/www.victoriamedia.org\\\/ld\\\/\"},{\"@type\":\"ListItem\",\"position\":2,\"name\":\"Uusia huippuobjektiivej\u00e4 Tamronilta\"}]},{\"@type\":\"WebSite\",\"@id\":\"https:\\\/\\\/www.victoriamedia.org\\\/ld\\\/#website\",\"url\":\"https:\\\/\\\/www.victoriamedia.org\\\/ld\\\/\",\"name\":\"KAMERAT JA OPTISET LAITTEET\",\"description\":\"Kamerat Kiikarit ja optiset tarvikkeet\",\"publisher\":{\"@id\":\"https:\\\/\\\/www.victoriamedia.org\\\/ld\\\/#organization\"},\"potentialAction\":[{\"@type\":\"SearchAction\",\"target\":{\"@type\":\"EntryPoint\",\"urlTemplate\":\"https:\\\/\\\/www.victoriamedia.org\\\/ld\\\/?s={search_term_string}\"},\"query-input\":{\"@type\":\"PropertyValueSpecification\",\"valueRequired\":true,\"valueName\":\"search_term_string\"}}],\"inLanguage\":\"en-US\"},{\"@type\":\"Organization\",\"@id\":\"https:\\\/\\\/www.victoriamedia.org\\\/ld\\\/#organization\",\"name\":\"Victoria Media - Kamerauutiset\",\"url\":\"https:\\\/\\\/www.victoriamedia.org\\\/ld\\\/\",\"logo\":{\"@type\":\"ImageObject\",\"inLanguage\":\"en-US\",\"@id\":\"https:\\\/\\\/www.victoriamedia.org\\\/ld\\\/#\\\/schema\\\/logo\\\/image\\\/\",\"url\":\"https:\\\/\\\/www.victoriamedia.org\\\/ld\\\/wp-content\\\/uploads\\\/2022\\\/09\\\/292179098_555417722694101_2682724033383846896_n.png\",\"contentUrl\":\"https:\\\/\\\/www.victoriamedia.org\\\/ld\\\/wp-content\\\/uploads\\\/2022\\\/09\\\/292179098_555417722694101_2682724033383846896_n.png\",\"width\":215,\"height\":165,\"caption\":\"Victoria Media - Kamerauutiset\"},\"image\":{\"@id\":\"https:\\\/\\\/www.victoriamedia.org\\\/ld\\\/#\\\/schema\\\/logo\\\/image\\\/\"},\"sameAs\":[\"https:\\\/\\\/www.facebook.com\\\/victoriamedia\",\"https:\\\/\\\/x.com\\\/uutisparkki\"]},{\"@type\":\"Person\",\"@id\":\"https:\\\/\\\/www.victoriamedia.org\\\/ld\\\/#\\\/schema\\\/person\\\/a2e166f07bdda8a5ef0506501655c9ac\",\"name\":\"Kerttu Vali\",\"image\":{\"@type\":\"ImageObject\",\"inLanguage\":\"en-US\",\"@id\":\"https:\\\/\\\/secure.gravatar.com\\\/avatar\\\/62dbe1a847f655ad987c59fece23f885c4b0e7b06595c36d9597003852972217?s=96&d=mm&r=g\",\"url\":\"https:\\\/\\\/secure.gravatar.com\\\/avatar\\\/62dbe1a847f655ad987c59fece23f885c4b0e7b06595c36d9597003852972217?s=96&d=mm&r=g\",\"contentUrl\":\"https:\\\/\\\/secure.gravatar.com\\\/avatar\\\/62dbe1a847f655ad987c59fece23f885c4b0e7b06595c36d9597003852972217?s=96&d=mm&r=g\",\"caption\":\"Kerttu Vali\"},\"sameAs\":[\"http:\\\/\\\/www.victoriamedia.fi\\\/\"],\"url\":\"https:\\\/\\\/www.victoriamedia.org\\\/ld\\\/author\\\/kerttuvali\\\/\"}]}<\/script>\n<!-- \/ Yoast SEO plugin. -->","yoast_head_json":{"title":"Uusia huippuobjektiivej\u00e4 Tamronilta - KAMERAT JA OPTISET LAITTEET","robots":{"index":"index","follow":"follow","max-snippet":"max-snippet:-1","max-image-preview":"max-image-preview:large","max-video-preview":"max-video-preview:-1"},"canonical":"https:\/\/www.victoriamedia.org\/ld\/uusia-huippuobjektiiveja-tamronilta\/","og_locale":"en_US","og_type":"article","og_title":"Uusia huippuobjektiivej\u00e4 Tamronilta - KAMERAT JA OPTISET LAITTEET","og_description":"Digitaalisten kameroiden kuvanlaadun kehitys on mennyt monien objektiivien suorituskyvyn ohi ja rajoittaa jo kuvanlaatua. Tamron julkaisee kaksi uutta SP-objektiivia., jotka on suunniteltu selvi\u00e4m\u00e4\u00e4n my\u00f6s parhaiden t\u00e4ysikennoisten kameroiden kennojen vaatimuksista. Historia Tamron julkaisi ensimm\u00e4isen SP-objektiviinsa jo vuonna 1979. Tamron 90mm F\/2,5 -makro-objektiivista tulikin legendaarinen ennen kaikkea loistavan kuvanlaatunsa ansiosta. Sen j\u00e4lkeen Tamron on tuonut markkinoille useita [&hellip;]","og_url":"https:\/\/www.victoriamedia.org\/ld\/uusia-huippuobjektiiveja-tamronilta\/","og_site_name":"KAMERAT JA OPTISET LAITTEET","article_publisher":"https:\/\/www.facebook.com\/victoriamedia","article_published_time":"2015-09-02T09:19:13+00:00","og_image":[{"url":"http:\/\/www.victoriamedia.org\/ld\/wp-content\/uploads\/2015\/09\/ru5lrv8fhcxbch15vrhp-1.jpg","type":"","width":"","height":""}],"author":"Kerttu Vali","twitter_card":"summary_large_image","twitter_creator":"@uutisparkki","twitter_site":"@uutisparkki","twitter_misc":{"Written by":"Kerttu Vali","Est. reading time":"2 minutes"},"schema":{"@context":"https:\/\/schema.org","@graph":[{"@type":"Article","@id":"https:\/\/www.victoriamedia.org\/ld\/uusia-huippuobjektiiveja-tamronilta\/#article","isPartOf":{"@id":"https:\/\/www.victoriamedia.org\/ld\/uusia-huippuobjektiiveja-tamronilta\/"},"author":{"name":"Kerttu Vali","@id":"https:\/\/www.victoriamedia.org\/ld\/#\/schema\/person\/a2e166f07bdda8a5ef0506501655c9ac"},"headline":"Uusia huippuobjektiivej\u00e4 Tamronilta","datePublished":"2015-09-02T09:19:13+00:00","mainEntityOfPage":{"@id":"https:\/\/www.victoriamedia.org\/ld\/uusia-huippuobjektiiveja-tamronilta\/"},"wordCount":478,"publisher":{"@id":"https:\/\/www.victoriamedia.org\/ld\/#organization"},"image":{"@id":"https:\/\/www.victoriamedia.org\/ld\/uusia-huippuobjektiiveja-tamronilta\/#primaryimage"},"thumbnailUrl":"http:\/\/www.victoriamedia.org\/ld\/wp-content\/uploads\/2015\/09\/ru5lrv8fhcxbch15vrhp-1.jpg","articleSection":["Objektiivit"],"inLanguage":"en-US"},{"@type":"WebPage","@id":"https:\/\/www.victoriamedia.org\/ld\/uusia-huippuobjektiiveja-tamronilta\/","url":"https:\/\/www.victoriamedia.org\/ld\/uusia-huippuobjektiiveja-tamronilta\/","name":"Uusia huippuobjektiivej\u00e4 Tamronilta - KAMERAT JA OPTISET LAITTEET","isPartOf":{"@id":"https:\/\/www.victoriamedia.org\/ld\/#website"},"primaryImageOfPage":{"@id":"https:\/\/www.victoriamedia.org\/ld\/uusia-huippuobjektiiveja-tamronilta\/#primaryimage"},"image":{"@id":"https:\/\/www.victoriamedia.org\/ld\/uusia-huippuobjektiiveja-tamronilta\/#primaryimage"},"thumbnailUrl":"http:\/\/www.victoriamedia.org\/ld\/wp-content\/uploads\/2015\/09\/ru5lrv8fhcxbch15vrhp-1.jpg","datePublished":"2015-09-02T09:19:13+00:00","breadcrumb":{"@id":"https:\/\/www.victoriamedia.org\/ld\/uusia-huippuobjektiiveja-tamronilta\/#breadcrumb"},"inLanguage":"en-US","potentialAction":[{"@type":"ReadAction","target":["https:\/\/www.victoriamedia.org\/ld\/uusia-huippuobjektiiveja-tamronilta\/"]}]},{"@type":"ImageObject","inLanguage":"en-US","@id":"https:\/\/www.victoriamedia.org\/ld\/uusia-huippuobjektiiveja-tamronilta\/#primaryimage","url":"https:\/\/www.victoriamedia.org\/ld\/wp-content\/uploads\/2015\/09\/ru5lrv8fhcxbch15vrhp-1.jpg","contentUrl":"https:\/\/www.victoriamedia.org\/ld\/wp-content\/uploads\/2015\/09\/ru5lrv8fhcxbch15vrhp-1.jpg","width":700,"height":454},{"@type":"BreadcrumbList","@id":"https:\/\/www.victoriamedia.org\/ld\/uusia-huippuobjektiiveja-tamronilta\/#breadcrumb","itemListElement":[{"@type":"ListItem","position":1,"name":"Home","item":"https:\/\/www.victoriamedia.org\/ld\/"},{"@type":"ListItem","position":2,"name":"Uusia huippuobjektiivej\u00e4 Tamronilta"}]},{"@type":"WebSite","@id":"https:\/\/www.victoriamedia.org\/ld\/#website","url":"https:\/\/www.victoriamedia.org\/ld\/","name":"KAMERAT JA OPTISET LAITTEET","description":"Kamerat Kiikarit ja optiset tarvikkeet","publisher":{"@id":"https:\/\/www.victoriamedia.org\/ld\/#organization"},"potentialAction":[{"@type":"SearchAction","target":{"@type":"EntryPoint","urlTemplate":"https:\/\/www.victoriamedia.org\/ld\/?s={search_term_string}"},"query-input":{"@type":"PropertyValueSpecification","valueRequired":true,"valueName":"search_term_string"}}],"inLanguage":"en-US"},{"@type":"Organization","@id":"https:\/\/www.victoriamedia.org\/ld\/#organization","name":"Victoria Media - Kamerauutiset","url":"https:\/\/www.victoriamedia.org\/ld\/","logo":{"@type":"ImageObject","inLanguage":"en-US","@id":"https:\/\/www.victoriamedia.org\/ld\/#\/schema\/logo\/image\/","url":"https:\/\/www.victoriamedia.org\/ld\/wp-content\/uploads\/2022\/09\/292179098_555417722694101_2682724033383846896_n.png","contentUrl":"https:\/\/www.victoriamedia.org\/ld\/wp-content\/uploads\/2022\/09\/292179098_555417722694101_2682724033383846896_n.png","width":215,"height":165,"caption":"Victoria Media - Kamerauutiset"},"image":{"@id":"https:\/\/www.victoriamedia.org\/ld\/#\/schema\/logo\/image\/"},"sameAs":["https:\/\/www.facebook.com\/victoriamedia","https:\/\/x.com\/uutisparkki"]},{"@type":"Person","@id":"https:\/\/www.victoriamedia.org\/ld\/#\/schema\/person\/a2e166f07bdda8a5ef0506501655c9ac","name":"Kerttu Vali","image":{"@type":"ImageObject","inLanguage":"en-US","@id":"https:\/\/secure.gravatar.com\/avatar\/62dbe1a847f655ad987c59fece23f885c4b0e7b06595c36d9597003852972217?s=96&d=mm&r=g","url":"https:\/\/secure.gravatar.com\/avatar\/62dbe1a847f655ad987c59fece23f885c4b0e7b06595c36d9597003852972217?s=96&d=mm&r=g","contentUrl":"https:\/\/secure.gravatar.com\/avatar\/62dbe1a847f655ad987c59fece23f885c4b0e7b06595c36d9597003852972217?s=96&d=mm&r=g","caption":"Kerttu Vali"},"sameAs":["http:\/\/www.victoriamedia.fi\/"],"url":"https:\/\/www.victoriamedia.org\/ld\/author\/kerttuvali\/"}]}},"_links":{"self":[{"href":"https:\/\/www.victoriamedia.org\/ld\/wp-json\/wp\/v2\/posts\/443","targetHints":{"allow":["GET"]}}],"collection":[{"href":"https:\/\/www.victoriamedia.org\/ld\/wp-json\/wp\/v2\/posts"}],"about":[{"href":"https:\/\/www.victoriamedia.org\/ld\/wp-json\/wp\/v2\/types\/post"}],"author":[{"embeddable":true,"href":"https:\/\/www.victoriamedia.org\/ld\/wp-json\/wp\/v2\/users\/1"}],"replies":[{"embeddable":true,"href":"https:\/\/www.victoriamedia.org\/ld\/wp-json\/wp\/v2\/comments?post=443"}],"version-history":[{"count":1,"href":"https:\/\/www.victoriamedia.org\/ld\/wp-json\/wp\/v2\/posts\/443\/revisions"}],"predecessor-version":[{"id":445,"href":"https:\/\/www.victoriamedia.org\/ld\/wp-json\/wp\/v2\/posts\/443\/revisions\/445"}],"wp:attachment":[{"href":"https:\/\/www.victoriamedia.org\/ld\/wp-json\/wp\/v2\/media?parent=443"}],"wp:term":[{"taxonomy":"category","embeddable":true,"href":"https:\/\/www.victoriamedia.org\/ld\/wp-json\/wp\/v2\/categories?post=443"},{"taxonomy":"post_tag","embeddable":true,"href":"https:\/\/www.victoriamedia.org\/ld\/wp-json\/wp\/v2\/tags?post=443"}],"curies":[{"name":"wp","href":"https:\/\/api.w.org\/{rel}","templated":true}]}}