{"id":439,"date":"2015-08-17T12:25:48","date_gmt":"2015-08-17T12:25:48","guid":{"rendered":"http:\/\/www.victoriamedia.org\/ld\/?p=439"},"modified":"2015-08-17T12:25:48","modified_gmt":"2015-08-17T12:25:48","slug":"nikon-d5500-voitti-european-consumer-d-slr-camera-2015-2016-palkinnon","status":"publish","type":"post","link":"https:\/\/www.victoriamedia.org\/ld\/nikon-d5500-voitti-european-consumer-d-slr-camera-2015-2016-palkinnon\/","title":{"rendered":"NIKON D5500 voitti European Consumer D-SLR Camera 2015\u20132016 \u2013palkinnon"},"content":{"rendered":"<p><a href=\"http:\/\/www.victoriamedia.org\/ld\/wp-content\/uploads\/2015\/08\/left-1200.jpg\"><img loading=\"lazy\" decoding=\"async\" class=\"alignnone size-large wp-image-440\" src=\"http:\/\/www.victoriamedia.org\/ld\/wp-content\/uploads\/2015\/08\/left-1200-1024x953.jpg\" alt=\"left-1200\" width=\"590\" height=\"549\" srcset=\"https:\/\/www.victoriamedia.org\/ld\/wp-content\/uploads\/2015\/08\/left-1200-1024x953.jpg 1024w, https:\/\/www.victoriamedia.org\/ld\/wp-content\/uploads\/2015\/08\/left-1200-300x279.jpg 300w, https:\/\/www.victoriamedia.org\/ld\/wp-content\/uploads\/2015\/08\/left-1200.jpg 1200w\" sizes=\"auto, (max-width: 590px) 100vw, 590px\" \/><\/a><\/p>\n<p><strong><em>Helsinki, Suomi 17. elokuuta 2015: <\/em><\/strong><strong>Nikon sai arvostetun kunnianosoituksen t\u00e4m\u00e4n vuoden EISA-palkintojenjaossa, kun sen Nikon D5500 -kamera voitti European Consumer D-SLR Camera 2015\u20132016 -palkinnon.<\/strong><\/p>\n<p>Ilmoitus t\u00e4ydent\u00e4\u00e4 Nikonin palkintomenestyst\u00e4 t\u00e4m\u00e4n vuoden TIPA (Technical Image Press Association) -palkintojenjaossa, jossa Nikon voitti kolme palkintoa. Nikon D5500 niitti mainetta my\u00f6s siell\u00e4 voittamalla Best Entry Level DSLR -palkinnon ja Nikon D810 voitti Best Professional D-SLR -palkinnon.<\/p>\n<p>Jordi Brinkman, Product Manager, Nikon Europe sanoi: \u201dNikon D5500 rakennettiin auttamaan ihmisi\u00e4 p\u00e4\u00e4st\u00e4m\u00e4\u00e4n luovuutensa valloilleen ja kehitt\u00e4m\u00e4\u00e4n valokuvaustaitojaan yh\u00e4 pidemm\u00e4lle. Aloittelevat valokuvaajat ovat kehuneet kameran ergonomista muotoilua ja nopeasti toimivaa kosketusn\u00e4ytt\u00f6\u00e4, jotka tekev\u00e4t sen k\u00e4yt\u00f6st\u00e4 alusta alkaen mukavaa. Olemme tyytyv\u00e4isi\u00e4, ett\u00e4 kamera on otettu niin hyvin vastaan ja ett\u00e4 se voitti n\u00e4m\u00e4 EISA:n ja TIPA:n palkinnot.\u201d<\/p>\n<p>EISA nime\u00e4\u00e4 vuosittain parhaat Euroopassa edellisen 12 kuukauden aikana eri tuoteryhmiss\u00e4 julkaistut audiovisuaaliset tuotteet. Valinnoissa huomioidaan tuotteet, joita laatuun ja luoviin ominaisuuksiin huomiota kiinnitt\u00e4v\u00e4t harrastajat ja ammattilaiset arvostavat. Voittajien valinnoista vastaavat yli 50 merkitt\u00e4v\u00e4n valokuvaus-, video-, audio-, kodinelektroniikka- ja mobiilielektroniikkalehden edustajista koostuvat paneelit. Paneeleihin kuuluu lehti\u00e4 22:sta Euroopan maasta.<a href=\"http:\/\/www.eisa.eu\/\" target=\"_blank\" rel=\"nofollow\">www.eisa.eu<\/a><\/p>\n<p>EISA-tuomarit totesivat: \u201dNikon D5500 on pienikokoinen, kevyt, mutta eritt\u00e4in suorituskykyinen DSLR, jossa on helposti k\u00e4sitelt\u00e4v\u00e4 runko. Sen 24 megapikselin kuvakenno tarjoaa luokkansa parhaan kuvanlaadun ja erinomaisen tarkkuuden, joka johtuu optisen alip\u00e4\u00e4st\u00f6suotimen puuttumisesta. Lis\u00e4ksi kamerassa on valtava dynaaminen alue erityisesti alhaisilla ISO-asetuksilla. Sen 39 pisteen automaattitarkennusj\u00e4rjestelm\u00e4 p\u00e4ihitt\u00e4\u00e4 kaikki kilpailijat, varsinkin liikkuvia kohteita kuvattaessa. Ergonominen rungon muotoilu tekee siit\u00e4 pieneksi kameraksi harvinaisen mukavak\u00e4ytt\u00f6isen, ja t\u00e4ysin nivellettyn kosketusn\u00e4yt\u00f6n vulla on helppo ottaa kuvia itsest\u00e4. Kattavilla k\u00e4sis\u00e4\u00e4d\u00f6ill\u00e4 ja sis\u00e4\u00e4nrakennetulla WLAN-yhteydell\u00e4 varustettu Nikon D5500 sis\u00e4lt\u00e4\u00e4 kaiken, mit\u00e4 valokuvaajat tarvitsevat upeiden kuvien ottamiseen ja jakamiseen.\u201d<\/p>\n<p>Lis\u00e4tietoja: www.nikon.fi, <a href=\"http:\/\/www.facebook.com\/NikonFinland\" target=\"_blank\" rel=\"nofollow\">www.facebook.com\/NikonFinland <\/a>, @nikonnordic<\/p>\n","protected":false},"excerpt":{"rendered":"<p>Helsinki, Suomi 17. elokuuta 2015: Nikon sai arvostetun kunnianosoituksen t\u00e4m\u00e4n vuoden EISA-palkintojenjaossa, kun sen Nikon D5500 -kamera voitti European Consumer D-SLR Camera 2015\u20132016 -palkinnon. Ilmoitus t\u00e4ydent\u00e4\u00e4 Nikonin palkintomenestyst\u00e4 t\u00e4m\u00e4n vuoden TIPA (Technical Image Press Association) -palkintojenjaossa, jossa Nikon voitti kolme palkintoa. Nikon D5500 niitti mainetta my\u00f6s siell\u00e4 voittamalla Best Entry Level DSLR -palkinnon ja Nikon [&hellip;]<\/p>\n","protected":false},"author":1,"featured_media":0,"comment_status":"closed","ping_status":"closed","sticky":false,"template":"","format":"standard","meta":{"footnotes":""},"categories":[24],"tags":[],"class_list":["post-439","post","type-post","status-publish","format-standard","hentry","category-kamerat"],"yoast_head":"<!-- This site is optimized with the Yoast SEO plugin v27.5 - https:\/\/yoast.com\/product\/yoast-seo-wordpress\/ -->\n<title>NIKON D5500 voitti European Consumer D-SLR Camera 2015\u20132016 \u2013palkinnon - KAMERAT JA OPTISET LAITTEET<\/title>\n<meta name=\"robots\" content=\"index, follow, max-snippet:-1, max-image-preview:large, max-video-preview:-1\" \/>\n<link rel=\"canonical\" href=\"https:\/\/www.victoriamedia.org\/ld\/nikon-d5500-voitti-european-consumer-d-slr-camera-2015-2016-palkinnon\/\" \/>\n<meta property=\"og:locale\" content=\"en_US\" \/>\n<meta property=\"og:type\" content=\"article\" \/>\n<meta property=\"og:title\" content=\"NIKON D5500 voitti European Consumer D-SLR Camera 2015\u20132016 \u2013palkinnon - KAMERAT JA OPTISET LAITTEET\" \/>\n<meta property=\"og:description\" content=\"Helsinki, Suomi 17. elokuuta 2015: Nikon sai arvostetun kunnianosoituksen t\u00e4m\u00e4n vuoden EISA-palkintojenjaossa, kun sen Nikon D5500 -kamera voitti European Consumer D-SLR Camera 2015\u20132016 -palkinnon. Ilmoitus t\u00e4ydent\u00e4\u00e4 Nikonin palkintomenestyst\u00e4 t\u00e4m\u00e4n vuoden TIPA (Technical Image Press Association) -palkintojenjaossa, jossa Nikon voitti kolme palkintoa. Nikon D5500 niitti mainetta my\u00f6s siell\u00e4 voittamalla Best Entry Level DSLR -palkinnon ja Nikon [&hellip;]\" \/>\n<meta property=\"og:url\" content=\"https:\/\/www.victoriamedia.org\/ld\/nikon-d5500-voitti-european-consumer-d-slr-camera-2015-2016-palkinnon\/\" \/>\n<meta property=\"og:site_name\" content=\"KAMERAT JA OPTISET LAITTEET\" \/>\n<meta property=\"article:publisher\" content=\"https:\/\/www.facebook.com\/victoriamedia\" \/>\n<meta property=\"article:published_time\" content=\"2015-08-17T12:25:48+00:00\" \/>\n<meta property=\"og:image\" content=\"http:\/\/www.victoriamedia.org\/ld\/wp-content\/uploads\/2015\/08\/left-1200-1024x953.jpg\" \/>\n<meta name=\"author\" content=\"Kerttu Vali\" \/>\n<meta name=\"twitter:card\" content=\"summary_large_image\" \/>\n<meta name=\"twitter:creator\" content=\"@uutisparkki\" \/>\n<meta name=\"twitter:site\" content=\"@uutisparkki\" \/>\n<meta name=\"twitter:label1\" content=\"Written by\" \/>\n\t<meta name=\"twitter:data1\" content=\"Kerttu Vali\" \/>\n\t<meta name=\"twitter:label2\" content=\"Est. reading time\" \/>\n\t<meta name=\"twitter:data2\" content=\"2 minutes\" \/>\n<script type=\"application\/ld+json\" class=\"yoast-schema-graph\">{\"@context\":\"https:\\\/\\\/schema.org\",\"@graph\":[{\"@type\":\"Article\",\"@id\":\"https:\\\/\\\/www.victoriamedia.org\\\/ld\\\/nikon-d5500-voitti-european-consumer-d-slr-camera-2015-2016-palkinnon\\\/#article\",\"isPartOf\":{\"@id\":\"https:\\\/\\\/www.victoriamedia.org\\\/ld\\\/nikon-d5500-voitti-european-consumer-d-slr-camera-2015-2016-palkinnon\\\/\"},\"author\":{\"name\":\"Kerttu Vali\",\"@id\":\"https:\\\/\\\/www.victoriamedia.org\\\/ld\\\/#\\\/schema\\\/person\\\/a2e166f07bdda8a5ef0506501655c9ac\"},\"headline\":\"NIKON D5500 voitti European Consumer D-SLR Camera 2015\u20132016 \u2013palkinnon\",\"datePublished\":\"2015-08-17T12:25:48+00:00\",\"mainEntityOfPage\":{\"@id\":\"https:\\\/\\\/www.victoriamedia.org\\\/ld\\\/nikon-d5500-voitti-european-consumer-d-slr-camera-2015-2016-palkinnon\\\/\"},\"wordCount\":311,\"publisher\":{\"@id\":\"https:\\\/\\\/www.victoriamedia.org\\\/ld\\\/#organization\"},\"image\":{\"@id\":\"https:\\\/\\\/www.victoriamedia.org\\\/ld\\\/nikon-d5500-voitti-european-consumer-d-slr-camera-2015-2016-palkinnon\\\/#primaryimage\"},\"thumbnailUrl\":\"http:\\\/\\\/www.victoriamedia.org\\\/ld\\\/wp-content\\\/uploads\\\/2015\\\/08\\\/left-1200-1024x953.jpg\",\"articleSection\":[\"Kamerat\"],\"inLanguage\":\"en-US\"},{\"@type\":\"WebPage\",\"@id\":\"https:\\\/\\\/www.victoriamedia.org\\\/ld\\\/nikon-d5500-voitti-european-consumer-d-slr-camera-2015-2016-palkinnon\\\/\",\"url\":\"https:\\\/\\\/www.victoriamedia.org\\\/ld\\\/nikon-d5500-voitti-european-consumer-d-slr-camera-2015-2016-palkinnon\\\/\",\"name\":\"NIKON D5500 voitti European Consumer D-SLR Camera 2015\u20132016 \u2013palkinnon - KAMERAT JA OPTISET LAITTEET\",\"isPartOf\":{\"@id\":\"https:\\\/\\\/www.victoriamedia.org\\\/ld\\\/#website\"},\"primaryImageOfPage\":{\"@id\":\"https:\\\/\\\/www.victoriamedia.org\\\/ld\\\/nikon-d5500-voitti-european-consumer-d-slr-camera-2015-2016-palkinnon\\\/#primaryimage\"},\"image\":{\"@id\":\"https:\\\/\\\/www.victoriamedia.org\\\/ld\\\/nikon-d5500-voitti-european-consumer-d-slr-camera-2015-2016-palkinnon\\\/#primaryimage\"},\"thumbnailUrl\":\"http:\\\/\\\/www.victoriamedia.org\\\/ld\\\/wp-content\\\/uploads\\\/2015\\\/08\\\/left-1200-1024x953.jpg\",\"datePublished\":\"2015-08-17T12:25:48+00:00\",\"breadcrumb\":{\"@id\":\"https:\\\/\\\/www.victoriamedia.org\\\/ld\\\/nikon-d5500-voitti-european-consumer-d-slr-camera-2015-2016-palkinnon\\\/#breadcrumb\"},\"inLanguage\":\"en-US\",\"potentialAction\":[{\"@type\":\"ReadAction\",\"target\":[\"https:\\\/\\\/www.victoriamedia.org\\\/ld\\\/nikon-d5500-voitti-european-consumer-d-slr-camera-2015-2016-palkinnon\\\/\"]}]},{\"@type\":\"ImageObject\",\"inLanguage\":\"en-US\",\"@id\":\"https:\\\/\\\/www.victoriamedia.org\\\/ld\\\/nikon-d5500-voitti-european-consumer-d-slr-camera-2015-2016-palkinnon\\\/#primaryimage\",\"url\":\"https:\\\/\\\/www.victoriamedia.org\\\/ld\\\/wp-content\\\/uploads\\\/2015\\\/08\\\/left-1200.jpg\",\"contentUrl\":\"https:\\\/\\\/www.victoriamedia.org\\\/ld\\\/wp-content\\\/uploads\\\/2015\\\/08\\\/left-1200.jpg\",\"width\":1200,\"height\":1117},{\"@type\":\"BreadcrumbList\",\"@id\":\"https:\\\/\\\/www.victoriamedia.org\\\/ld\\\/nikon-d5500-voitti-european-consumer-d-slr-camera-2015-2016-palkinnon\\\/#breadcrumb\",\"itemListElement\":[{\"@type\":\"ListItem\",\"position\":1,\"name\":\"Home\",\"item\":\"https:\\\/\\\/www.victoriamedia.org\\\/ld\\\/\"},{\"@type\":\"ListItem\",\"position\":2,\"name\":\"NIKON D5500 voitti European Consumer D-SLR Camera 2015\u20132016 \u2013palkinnon\"}]},{\"@type\":\"WebSite\",\"@id\":\"https:\\\/\\\/www.victoriamedia.org\\\/ld\\\/#website\",\"url\":\"https:\\\/\\\/www.victoriamedia.org\\\/ld\\\/\",\"name\":\"KAMERAT JA OPTISET LAITTEET\",\"description\":\"Kamerat Kiikarit ja optiset tarvikkeet\",\"publisher\":{\"@id\":\"https:\\\/\\\/www.victoriamedia.org\\\/ld\\\/#organization\"},\"potentialAction\":[{\"@type\":\"SearchAction\",\"target\":{\"@type\":\"EntryPoint\",\"urlTemplate\":\"https:\\\/\\\/www.victoriamedia.org\\\/ld\\\/?s={search_term_string}\"},\"query-input\":{\"@type\":\"PropertyValueSpecification\",\"valueRequired\":true,\"valueName\":\"search_term_string\"}}],\"inLanguage\":\"en-US\"},{\"@type\":\"Organization\",\"@id\":\"https:\\\/\\\/www.victoriamedia.org\\\/ld\\\/#organization\",\"name\":\"Victoria Media - Kamerauutiset\",\"url\":\"https:\\\/\\\/www.victoriamedia.org\\\/ld\\\/\",\"logo\":{\"@type\":\"ImageObject\",\"inLanguage\":\"en-US\",\"@id\":\"https:\\\/\\\/www.victoriamedia.org\\\/ld\\\/#\\\/schema\\\/logo\\\/image\\\/\",\"url\":\"https:\\\/\\\/www.victoriamedia.org\\\/ld\\\/wp-content\\\/uploads\\\/2022\\\/09\\\/292179098_555417722694101_2682724033383846896_n.png\",\"contentUrl\":\"https:\\\/\\\/www.victoriamedia.org\\\/ld\\\/wp-content\\\/uploads\\\/2022\\\/09\\\/292179098_555417722694101_2682724033383846896_n.png\",\"width\":215,\"height\":165,\"caption\":\"Victoria Media - Kamerauutiset\"},\"image\":{\"@id\":\"https:\\\/\\\/www.victoriamedia.org\\\/ld\\\/#\\\/schema\\\/logo\\\/image\\\/\"},\"sameAs\":[\"https:\\\/\\\/www.facebook.com\\\/victoriamedia\",\"https:\\\/\\\/x.com\\\/uutisparkki\"]},{\"@type\":\"Person\",\"@id\":\"https:\\\/\\\/www.victoriamedia.org\\\/ld\\\/#\\\/schema\\\/person\\\/a2e166f07bdda8a5ef0506501655c9ac\",\"name\":\"Kerttu Vali\",\"image\":{\"@type\":\"ImageObject\",\"inLanguage\":\"en-US\",\"@id\":\"https:\\\/\\\/secure.gravatar.com\\\/avatar\\\/62dbe1a847f655ad987c59fece23f885c4b0e7b06595c36d9597003852972217?s=96&d=mm&r=g\",\"url\":\"https:\\\/\\\/secure.gravatar.com\\\/avatar\\\/62dbe1a847f655ad987c59fece23f885c4b0e7b06595c36d9597003852972217?s=96&d=mm&r=g\",\"contentUrl\":\"https:\\\/\\\/secure.gravatar.com\\\/avatar\\\/62dbe1a847f655ad987c59fece23f885c4b0e7b06595c36d9597003852972217?s=96&d=mm&r=g\",\"caption\":\"Kerttu Vali\"},\"sameAs\":[\"http:\\\/\\\/www.victoriamedia.fi\\\/\"],\"url\":\"https:\\\/\\\/www.victoriamedia.org\\\/ld\\\/author\\\/kerttuvali\\\/\"}]}<\/script>\n<!-- \/ Yoast SEO plugin. -->","yoast_head_json":{"title":"NIKON D5500 voitti European Consumer D-SLR Camera 2015\u20132016 \u2013palkinnon - KAMERAT JA OPTISET LAITTEET","robots":{"index":"index","follow":"follow","max-snippet":"max-snippet:-1","max-image-preview":"max-image-preview:large","max-video-preview":"max-video-preview:-1"},"canonical":"https:\/\/www.victoriamedia.org\/ld\/nikon-d5500-voitti-european-consumer-d-slr-camera-2015-2016-palkinnon\/","og_locale":"en_US","og_type":"article","og_title":"NIKON D5500 voitti European Consumer D-SLR Camera 2015\u20132016 \u2013palkinnon - KAMERAT JA OPTISET LAITTEET","og_description":"Helsinki, Suomi 17. elokuuta 2015: Nikon sai arvostetun kunnianosoituksen t\u00e4m\u00e4n vuoden EISA-palkintojenjaossa, kun sen Nikon D5500 -kamera voitti European Consumer D-SLR Camera 2015\u20132016 -palkinnon. Ilmoitus t\u00e4ydent\u00e4\u00e4 Nikonin palkintomenestyst\u00e4 t\u00e4m\u00e4n vuoden TIPA (Technical Image Press Association) -palkintojenjaossa, jossa Nikon voitti kolme palkintoa. Nikon D5500 niitti mainetta my\u00f6s siell\u00e4 voittamalla Best Entry Level DSLR -palkinnon ja Nikon [&hellip;]","og_url":"https:\/\/www.victoriamedia.org\/ld\/nikon-d5500-voitti-european-consumer-d-slr-camera-2015-2016-palkinnon\/","og_site_name":"KAMERAT JA OPTISET LAITTEET","article_publisher":"https:\/\/www.facebook.com\/victoriamedia","article_published_time":"2015-08-17T12:25:48+00:00","og_image":[{"url":"http:\/\/www.victoriamedia.org\/ld\/wp-content\/uploads\/2015\/08\/left-1200-1024x953.jpg","type":"","width":"","height":""}],"author":"Kerttu Vali","twitter_card":"summary_large_image","twitter_creator":"@uutisparkki","twitter_site":"@uutisparkki","twitter_misc":{"Written by":"Kerttu Vali","Est. reading time":"2 minutes"},"schema":{"@context":"https:\/\/schema.org","@graph":[{"@type":"Article","@id":"https:\/\/www.victoriamedia.org\/ld\/nikon-d5500-voitti-european-consumer-d-slr-camera-2015-2016-palkinnon\/#article","isPartOf":{"@id":"https:\/\/www.victoriamedia.org\/ld\/nikon-d5500-voitti-european-consumer-d-slr-camera-2015-2016-palkinnon\/"},"author":{"name":"Kerttu Vali","@id":"https:\/\/www.victoriamedia.org\/ld\/#\/schema\/person\/a2e166f07bdda8a5ef0506501655c9ac"},"headline":"NIKON D5500 voitti European Consumer D-SLR Camera 2015\u20132016 \u2013palkinnon","datePublished":"2015-08-17T12:25:48+00:00","mainEntityOfPage":{"@id":"https:\/\/www.victoriamedia.org\/ld\/nikon-d5500-voitti-european-consumer-d-slr-camera-2015-2016-palkinnon\/"},"wordCount":311,"publisher":{"@id":"https:\/\/www.victoriamedia.org\/ld\/#organization"},"image":{"@id":"https:\/\/www.victoriamedia.org\/ld\/nikon-d5500-voitti-european-consumer-d-slr-camera-2015-2016-palkinnon\/#primaryimage"},"thumbnailUrl":"http:\/\/www.victoriamedia.org\/ld\/wp-content\/uploads\/2015\/08\/left-1200-1024x953.jpg","articleSection":["Kamerat"],"inLanguage":"en-US"},{"@type":"WebPage","@id":"https:\/\/www.victoriamedia.org\/ld\/nikon-d5500-voitti-european-consumer-d-slr-camera-2015-2016-palkinnon\/","url":"https:\/\/www.victoriamedia.org\/ld\/nikon-d5500-voitti-european-consumer-d-slr-camera-2015-2016-palkinnon\/","name":"NIKON D5500 voitti European Consumer D-SLR Camera 2015\u20132016 \u2013palkinnon - KAMERAT JA OPTISET LAITTEET","isPartOf":{"@id":"https:\/\/www.victoriamedia.org\/ld\/#website"},"primaryImageOfPage":{"@id":"https:\/\/www.victoriamedia.org\/ld\/nikon-d5500-voitti-european-consumer-d-slr-camera-2015-2016-palkinnon\/#primaryimage"},"image":{"@id":"https:\/\/www.victoriamedia.org\/ld\/nikon-d5500-voitti-european-consumer-d-slr-camera-2015-2016-palkinnon\/#primaryimage"},"thumbnailUrl":"http:\/\/www.victoriamedia.org\/ld\/wp-content\/uploads\/2015\/08\/left-1200-1024x953.jpg","datePublished":"2015-08-17T12:25:48+00:00","breadcrumb":{"@id":"https:\/\/www.victoriamedia.org\/ld\/nikon-d5500-voitti-european-consumer-d-slr-camera-2015-2016-palkinnon\/#breadcrumb"},"inLanguage":"en-US","potentialAction":[{"@type":"ReadAction","target":["https:\/\/www.victoriamedia.org\/ld\/nikon-d5500-voitti-european-consumer-d-slr-camera-2015-2016-palkinnon\/"]}]},{"@type":"ImageObject","inLanguage":"en-US","@id":"https:\/\/www.victoriamedia.org\/ld\/nikon-d5500-voitti-european-consumer-d-slr-camera-2015-2016-palkinnon\/#primaryimage","url":"https:\/\/www.victoriamedia.org\/ld\/wp-content\/uploads\/2015\/08\/left-1200.jpg","contentUrl":"https:\/\/www.victoriamedia.org\/ld\/wp-content\/uploads\/2015\/08\/left-1200.jpg","width":1200,"height":1117},{"@type":"BreadcrumbList","@id":"https:\/\/www.victoriamedia.org\/ld\/nikon-d5500-voitti-european-consumer-d-slr-camera-2015-2016-palkinnon\/#breadcrumb","itemListElement":[{"@type":"ListItem","position":1,"name":"Home","item":"https:\/\/www.victoriamedia.org\/ld\/"},{"@type":"ListItem","position":2,"name":"NIKON D5500 voitti European Consumer D-SLR Camera 2015\u20132016 \u2013palkinnon"}]},{"@type":"WebSite","@id":"https:\/\/www.victoriamedia.org\/ld\/#website","url":"https:\/\/www.victoriamedia.org\/ld\/","name":"KAMERAT JA OPTISET LAITTEET","description":"Kamerat Kiikarit ja optiset tarvikkeet","publisher":{"@id":"https:\/\/www.victoriamedia.org\/ld\/#organization"},"potentialAction":[{"@type":"SearchAction","target":{"@type":"EntryPoint","urlTemplate":"https:\/\/www.victoriamedia.org\/ld\/?s={search_term_string}"},"query-input":{"@type":"PropertyValueSpecification","valueRequired":true,"valueName":"search_term_string"}}],"inLanguage":"en-US"},{"@type":"Organization","@id":"https:\/\/www.victoriamedia.org\/ld\/#organization","name":"Victoria Media - Kamerauutiset","url":"https:\/\/www.victoriamedia.org\/ld\/","logo":{"@type":"ImageObject","inLanguage":"en-US","@id":"https:\/\/www.victoriamedia.org\/ld\/#\/schema\/logo\/image\/","url":"https:\/\/www.victoriamedia.org\/ld\/wp-content\/uploads\/2022\/09\/292179098_555417722694101_2682724033383846896_n.png","contentUrl":"https:\/\/www.victoriamedia.org\/ld\/wp-content\/uploads\/2022\/09\/292179098_555417722694101_2682724033383846896_n.png","width":215,"height":165,"caption":"Victoria Media - Kamerauutiset"},"image":{"@id":"https:\/\/www.victoriamedia.org\/ld\/#\/schema\/logo\/image\/"},"sameAs":["https:\/\/www.facebook.com\/victoriamedia","https:\/\/x.com\/uutisparkki"]},{"@type":"Person","@id":"https:\/\/www.victoriamedia.org\/ld\/#\/schema\/person\/a2e166f07bdda8a5ef0506501655c9ac","name":"Kerttu Vali","image":{"@type":"ImageObject","inLanguage":"en-US","@id":"https:\/\/secure.gravatar.com\/avatar\/62dbe1a847f655ad987c59fece23f885c4b0e7b06595c36d9597003852972217?s=96&d=mm&r=g","url":"https:\/\/secure.gravatar.com\/avatar\/62dbe1a847f655ad987c59fece23f885c4b0e7b06595c36d9597003852972217?s=96&d=mm&r=g","contentUrl":"https:\/\/secure.gravatar.com\/avatar\/62dbe1a847f655ad987c59fece23f885c4b0e7b06595c36d9597003852972217?s=96&d=mm&r=g","caption":"Kerttu Vali"},"sameAs":["http:\/\/www.victoriamedia.fi\/"],"url":"https:\/\/www.victoriamedia.org\/ld\/author\/kerttuvali\/"}]}},"_links":{"self":[{"href":"https:\/\/www.victoriamedia.org\/ld\/wp-json\/wp\/v2\/posts\/439","targetHints":{"allow":["GET"]}}],"collection":[{"href":"https:\/\/www.victoriamedia.org\/ld\/wp-json\/wp\/v2\/posts"}],"about":[{"href":"https:\/\/www.victoriamedia.org\/ld\/wp-json\/wp\/v2\/types\/post"}],"author":[{"embeddable":true,"href":"https:\/\/www.victoriamedia.org\/ld\/wp-json\/wp\/v2\/users\/1"}],"replies":[{"embeddable":true,"href":"https:\/\/www.victoriamedia.org\/ld\/wp-json\/wp\/v2\/comments?post=439"}],"version-history":[{"count":1,"href":"https:\/\/www.victoriamedia.org\/ld\/wp-json\/wp\/v2\/posts\/439\/revisions"}],"predecessor-version":[{"id":441,"href":"https:\/\/www.victoriamedia.org\/ld\/wp-json\/wp\/v2\/posts\/439\/revisions\/441"}],"wp:attachment":[{"href":"https:\/\/www.victoriamedia.org\/ld\/wp-json\/wp\/v2\/media?parent=439"}],"wp:term":[{"taxonomy":"category","embeddable":true,"href":"https:\/\/www.victoriamedia.org\/ld\/wp-json\/wp\/v2\/categories?post=439"},{"taxonomy":"post_tag","embeddable":true,"href":"https:\/\/www.victoriamedia.org\/ld\/wp-json\/wp\/v2\/tags?post=439"}],"curies":[{"name":"wp","href":"https:\/\/api.w.org\/{rel}","templated":true}]}}