{"id":428,"date":"2015-05-18T08:56:25","date_gmt":"2015-05-18T08:56:25","guid":{"rendered":"http:\/\/www.victoriamedia.org\/ld\/?p=428"},"modified":"2015-05-18T08:56:25","modified_gmt":"2015-05-18T08:56:25","slug":"fujinon-xf90mmf2-r-lm-wr","status":"publish","type":"post","link":"https:\/\/www.victoriamedia.org\/ld\/fujinon-xf90mmf2-r-lm-wr\/","title":{"rendered":"FUJINON XF90mmF2 R LM WR"},"content":{"rendered":"<p><a href=\"http:\/\/www.victoriamedia.org\/ld\/wp-content\/uploads\/2015\/05\/print_H2YqRYHolb.jpg\"><img loading=\"lazy\" decoding=\"async\" class=\"alignnone  wp-image-429\" src=\"http:\/\/www.victoriamedia.org\/ld\/wp-content\/uploads\/2015\/05\/print_H2YqRYHolb-1024x989.jpg\" alt=\"print_H2YqRYHolb\" width=\"470\" height=\"454\" srcset=\"https:\/\/www.victoriamedia.org\/ld\/wp-content\/uploads\/2015\/05\/print_H2YqRYHolb-1024x989.jpg 1024w, https:\/\/www.victoriamedia.org\/ld\/wp-content\/uploads\/2015\/05\/print_H2YqRYHolb-300x290.jpg 300w\" sizes=\"auto, (max-width: 470px) 100vw, 470px\" \/><\/a><\/p>\n<p><b>FUJIFILM lis\u00e4\u00e4 laatuobjektiiviensa valikoimaa suosittuun X-sarjaan lanseeraamalla uuden FUJINON XF90mmF2 R LM WR. Objektiivissa on kiinte\u00e4 polttov\u00e4li, joka vastaa 137mm 35mm:n formaatissa ja jatkuva maksimaalinen F2 aukko. T\u00e4m\u00e4 tekee t\u00e4st\u00e4 lyhyest\u00e4 teleobjektiivista optimaalisen sek\u00e4 muoto- ett\u00e4 urheilu-valokuvaukseen.<\/b><\/p>\n<p>T\u00e4m\u00e4 objektiivi tarjoaa erinomaisen ter\u00e4vyyden jopa suurimalla mahdollisella aukolla. Objektiivissa on edistyksellinen optinen rakenn&#8230;e sis\u00e4lt\u00e4en 11 linssielementti\u00e4 8 ryhm\u00e4ss\u00e4, joista kolme on ED- linssielementti\u00e4. T\u00e4m\u00e4 rakenne minimoi v\u00e4ripoikkeuksia ja vinjetointia. Objektiivissa on manuaalinen himmenninrengas, jotta k\u00e4sittely olisi helppoa ja tarkkaa. Objektiivissa on my\u00f6s 7 py\u00f6ristetty\u00e4 aukonlevy\u00e4, mik\u00e4 luo reunoihin asti ulottuvan ainutlaatuisen kauniin py\u00f6re\u00e4n taustater\u00e4vyyden.<\/p>\n<p>Sis\u00e4isess\u00e4 automaattitarkennuksessa on uusi muotoilu, jossa kokonaisuudessaan on 4 lineaarimoottoria, jonka vuoksi se on eritt\u00e4in nopea, hiljainen ja t\u00e4sm\u00e4llinen. Lyhyin tarkennuset\u00e4isyys on vain 60cm ja t\u00e4m\u00e4 yhdess\u00e4 nopean automaattitarkennuksen kanssa tekee objektiivista monik\u00e4ytt\u00f6isen ja vangitsee yll\u00e4tt\u00e4v\u00e4tkin tilanteet ja kohteet.<\/p>\n<p>T\u00e4m\u00e4 on X-sarjan viides s\u00e4\u00e4nkest\u00e4v\u00e4 objektiivi, jossa toimintal\u00e4mp\u00f6tila -10 \u00b0 C asti. Objektiivi painaa vain 540g ja tulee myyntiin hein\u00e4kuussa 2015.<\/p>\n<p>Suos. hinta: 949 EUR<\/p>\n<p>Saatavilla: hein\u00e4kuu 2015<\/p>\n","protected":false},"excerpt":{"rendered":"<p>FUJIFILM lis\u00e4\u00e4 laatuobjektiiviensa valikoimaa suosittuun X-sarjaan lanseeraamalla uuden FUJINON XF90mmF2 R LM WR. Objektiivissa on kiinte\u00e4 polttov\u00e4li, joka vastaa 137mm 35mm:n formaatissa ja jatkuva maksimaalinen F2 aukko. T\u00e4m\u00e4 tekee t\u00e4st\u00e4 lyhyest\u00e4 teleobjektiivista optimaalisen sek\u00e4 muoto- ett\u00e4 urheilu-valokuvaukseen. T\u00e4m\u00e4 objektiivi tarjoaa erinomaisen ter\u00e4vyyden jopa suurimalla mahdollisella aukolla. Objektiivissa on edistyksellinen optinen rakenn&#8230;e sis\u00e4lt\u00e4en 11 linssielementti\u00e4 8 [&hellip;]<\/p>\n","protected":false},"author":1,"featured_media":0,"comment_status":"closed","ping_status":"closed","sticky":false,"template":"","format":"standard","meta":{"footnotes":""},"categories":[24],"tags":[],"class_list":["post-428","post","type-post","status-publish","format-standard","hentry","category-kamerat"],"yoast_head":"<!-- This site is optimized with the Yoast SEO plugin v27.5 - https:\/\/yoast.com\/product\/yoast-seo-wordpress\/ -->\n<title>FUJINON XF90mmF2 R LM WR - KAMERAT JA OPTISET LAITTEET<\/title>\n<meta name=\"robots\" content=\"index, follow, max-snippet:-1, max-image-preview:large, max-video-preview:-1\" \/>\n<link rel=\"canonical\" href=\"https:\/\/www.victoriamedia.org\/ld\/fujinon-xf90mmf2-r-lm-wr\/\" \/>\n<meta property=\"og:locale\" content=\"en_US\" \/>\n<meta property=\"og:type\" content=\"article\" \/>\n<meta property=\"og:title\" content=\"FUJINON XF90mmF2 R LM WR - KAMERAT JA OPTISET LAITTEET\" \/>\n<meta property=\"og:description\" content=\"FUJIFILM lis\u00e4\u00e4 laatuobjektiiviensa valikoimaa suosittuun X-sarjaan lanseeraamalla uuden FUJINON XF90mmF2 R LM WR. Objektiivissa on kiinte\u00e4 polttov\u00e4li, joka vastaa 137mm 35mm:n formaatissa ja jatkuva maksimaalinen F2 aukko. T\u00e4m\u00e4 tekee t\u00e4st\u00e4 lyhyest\u00e4 teleobjektiivista optimaalisen sek\u00e4 muoto- ett\u00e4 urheilu-valokuvaukseen. T\u00e4m\u00e4 objektiivi tarjoaa erinomaisen ter\u00e4vyyden jopa suurimalla mahdollisella aukolla. Objektiivissa on edistyksellinen optinen rakenn&#8230;e sis\u00e4lt\u00e4en 11 linssielementti\u00e4 8 [&hellip;]\" \/>\n<meta property=\"og:url\" content=\"https:\/\/www.victoriamedia.org\/ld\/fujinon-xf90mmf2-r-lm-wr\/\" \/>\n<meta property=\"og:site_name\" content=\"KAMERAT JA OPTISET LAITTEET\" \/>\n<meta property=\"article:publisher\" content=\"https:\/\/www.facebook.com\/victoriamedia\" \/>\n<meta property=\"article:published_time\" content=\"2015-05-18T08:56:25+00:00\" \/>\n<meta property=\"og:image\" content=\"http:\/\/www.victoriamedia.org\/ld\/wp-content\/uploads\/2015\/05\/print_H2YqRYHolb-1024x989.jpg\" \/>\n<meta name=\"author\" content=\"Kerttu Vali\" \/>\n<meta name=\"twitter:card\" content=\"summary_large_image\" \/>\n<meta name=\"twitter:creator\" content=\"@uutisparkki\" \/>\n<meta name=\"twitter:site\" content=\"@uutisparkki\" \/>\n<meta name=\"twitter:label1\" content=\"Written by\" \/>\n\t<meta name=\"twitter:data1\" content=\"Kerttu Vali\" \/>\n\t<meta name=\"twitter:label2\" content=\"Est. reading time\" \/>\n\t<meta name=\"twitter:data2\" content=\"1 minute\" \/>\n<script type=\"application\/ld+json\" class=\"yoast-schema-graph\">{\"@context\":\"https:\\\/\\\/schema.org\",\"@graph\":[{\"@type\":\"Article\",\"@id\":\"https:\\\/\\\/www.victoriamedia.org\\\/ld\\\/fujinon-xf90mmf2-r-lm-wr\\\/#article\",\"isPartOf\":{\"@id\":\"https:\\\/\\\/www.victoriamedia.org\\\/ld\\\/fujinon-xf90mmf2-r-lm-wr\\\/\"},\"author\":{\"name\":\"Kerttu Vali\",\"@id\":\"https:\\\/\\\/www.victoriamedia.org\\\/ld\\\/#\\\/schema\\\/person\\\/a2e166f07bdda8a5ef0506501655c9ac\"},\"headline\":\"FUJINON XF90mmF2 R LM WR\",\"datePublished\":\"2015-05-18T08:56:25+00:00\",\"mainEntityOfPage\":{\"@id\":\"https:\\\/\\\/www.victoriamedia.org\\\/ld\\\/fujinon-xf90mmf2-r-lm-wr\\\/\"},\"wordCount\":194,\"publisher\":{\"@id\":\"https:\\\/\\\/www.victoriamedia.org\\\/ld\\\/#organization\"},\"image\":{\"@id\":\"https:\\\/\\\/www.victoriamedia.org\\\/ld\\\/fujinon-xf90mmf2-r-lm-wr\\\/#primaryimage\"},\"thumbnailUrl\":\"http:\\\/\\\/www.victoriamedia.org\\\/ld\\\/wp-content\\\/uploads\\\/2015\\\/05\\\/print_H2YqRYHolb-1024x989.jpg\",\"articleSection\":[\"Kamerat\"],\"inLanguage\":\"en-US\"},{\"@type\":\"WebPage\",\"@id\":\"https:\\\/\\\/www.victoriamedia.org\\\/ld\\\/fujinon-xf90mmf2-r-lm-wr\\\/\",\"url\":\"https:\\\/\\\/www.victoriamedia.org\\\/ld\\\/fujinon-xf90mmf2-r-lm-wr\\\/\",\"name\":\"FUJINON XF90mmF2 R LM WR - KAMERAT JA OPTISET LAITTEET\",\"isPartOf\":{\"@id\":\"https:\\\/\\\/www.victoriamedia.org\\\/ld\\\/#website\"},\"primaryImageOfPage\":{\"@id\":\"https:\\\/\\\/www.victoriamedia.org\\\/ld\\\/fujinon-xf90mmf2-r-lm-wr\\\/#primaryimage\"},\"image\":{\"@id\":\"https:\\\/\\\/www.victoriamedia.org\\\/ld\\\/fujinon-xf90mmf2-r-lm-wr\\\/#primaryimage\"},\"thumbnailUrl\":\"http:\\\/\\\/www.victoriamedia.org\\\/ld\\\/wp-content\\\/uploads\\\/2015\\\/05\\\/print_H2YqRYHolb-1024x989.jpg\",\"datePublished\":\"2015-05-18T08:56:25+00:00\",\"breadcrumb\":{\"@id\":\"https:\\\/\\\/www.victoriamedia.org\\\/ld\\\/fujinon-xf90mmf2-r-lm-wr\\\/#breadcrumb\"},\"inLanguage\":\"en-US\",\"potentialAction\":[{\"@type\":\"ReadAction\",\"target\":[\"https:\\\/\\\/www.victoriamedia.org\\\/ld\\\/fujinon-xf90mmf2-r-lm-wr\\\/\"]}]},{\"@type\":\"ImageObject\",\"inLanguage\":\"en-US\",\"@id\":\"https:\\\/\\\/www.victoriamedia.org\\\/ld\\\/fujinon-xf90mmf2-r-lm-wr\\\/#primaryimage\",\"url\":\"https:\\\/\\\/www.victoriamedia.org\\\/ld\\\/wp-content\\\/uploads\\\/2015\\\/05\\\/print_H2YqRYHolb.jpg\",\"contentUrl\":\"https:\\\/\\\/www.victoriamedia.org\\\/ld\\\/wp-content\\\/uploads\\\/2015\\\/05\\\/print_H2YqRYHolb.jpg\",\"width\":2480,\"height\":2395},{\"@type\":\"BreadcrumbList\",\"@id\":\"https:\\\/\\\/www.victoriamedia.org\\\/ld\\\/fujinon-xf90mmf2-r-lm-wr\\\/#breadcrumb\",\"itemListElement\":[{\"@type\":\"ListItem\",\"position\":1,\"name\":\"Home\",\"item\":\"https:\\\/\\\/www.victoriamedia.org\\\/ld\\\/\"},{\"@type\":\"ListItem\",\"position\":2,\"name\":\"FUJINON XF90mmF2 R LM WR\"}]},{\"@type\":\"WebSite\",\"@id\":\"https:\\\/\\\/www.victoriamedia.org\\\/ld\\\/#website\",\"url\":\"https:\\\/\\\/www.victoriamedia.org\\\/ld\\\/\",\"name\":\"KAMERAT JA OPTISET LAITTEET\",\"description\":\"Kamerat Kiikarit ja optiset tarvikkeet\",\"publisher\":{\"@id\":\"https:\\\/\\\/www.victoriamedia.org\\\/ld\\\/#organization\"},\"potentialAction\":[{\"@type\":\"SearchAction\",\"target\":{\"@type\":\"EntryPoint\",\"urlTemplate\":\"https:\\\/\\\/www.victoriamedia.org\\\/ld\\\/?s={search_term_string}\"},\"query-input\":{\"@type\":\"PropertyValueSpecification\",\"valueRequired\":true,\"valueName\":\"search_term_string\"}}],\"inLanguage\":\"en-US\"},{\"@type\":\"Organization\",\"@id\":\"https:\\\/\\\/www.victoriamedia.org\\\/ld\\\/#organization\",\"name\":\"Victoria Media - Kamerauutiset\",\"url\":\"https:\\\/\\\/www.victoriamedia.org\\\/ld\\\/\",\"logo\":{\"@type\":\"ImageObject\",\"inLanguage\":\"en-US\",\"@id\":\"https:\\\/\\\/www.victoriamedia.org\\\/ld\\\/#\\\/schema\\\/logo\\\/image\\\/\",\"url\":\"https:\\\/\\\/www.victoriamedia.org\\\/ld\\\/wp-content\\\/uploads\\\/2022\\\/09\\\/292179098_555417722694101_2682724033383846896_n.png\",\"contentUrl\":\"https:\\\/\\\/www.victoriamedia.org\\\/ld\\\/wp-content\\\/uploads\\\/2022\\\/09\\\/292179098_555417722694101_2682724033383846896_n.png\",\"width\":215,\"height\":165,\"caption\":\"Victoria Media - Kamerauutiset\"},\"image\":{\"@id\":\"https:\\\/\\\/www.victoriamedia.org\\\/ld\\\/#\\\/schema\\\/logo\\\/image\\\/\"},\"sameAs\":[\"https:\\\/\\\/www.facebook.com\\\/victoriamedia\",\"https:\\\/\\\/x.com\\\/uutisparkki\"]},{\"@type\":\"Person\",\"@id\":\"https:\\\/\\\/www.victoriamedia.org\\\/ld\\\/#\\\/schema\\\/person\\\/a2e166f07bdda8a5ef0506501655c9ac\",\"name\":\"Kerttu Vali\",\"image\":{\"@type\":\"ImageObject\",\"inLanguage\":\"en-US\",\"@id\":\"https:\\\/\\\/secure.gravatar.com\\\/avatar\\\/62dbe1a847f655ad987c59fece23f885c4b0e7b06595c36d9597003852972217?s=96&d=mm&r=g\",\"url\":\"https:\\\/\\\/secure.gravatar.com\\\/avatar\\\/62dbe1a847f655ad987c59fece23f885c4b0e7b06595c36d9597003852972217?s=96&d=mm&r=g\",\"contentUrl\":\"https:\\\/\\\/secure.gravatar.com\\\/avatar\\\/62dbe1a847f655ad987c59fece23f885c4b0e7b06595c36d9597003852972217?s=96&d=mm&r=g\",\"caption\":\"Kerttu Vali\"},\"sameAs\":[\"http:\\\/\\\/www.victoriamedia.fi\\\/\"],\"url\":\"https:\\\/\\\/www.victoriamedia.org\\\/ld\\\/author\\\/kerttuvali\\\/\"}]}<\/script>\n<!-- \/ Yoast SEO plugin. -->","yoast_head_json":{"title":"FUJINON XF90mmF2 R LM WR - KAMERAT JA OPTISET LAITTEET","robots":{"index":"index","follow":"follow","max-snippet":"max-snippet:-1","max-image-preview":"max-image-preview:large","max-video-preview":"max-video-preview:-1"},"canonical":"https:\/\/www.victoriamedia.org\/ld\/fujinon-xf90mmf2-r-lm-wr\/","og_locale":"en_US","og_type":"article","og_title":"FUJINON XF90mmF2 R LM WR - KAMERAT JA OPTISET LAITTEET","og_description":"FUJIFILM lis\u00e4\u00e4 laatuobjektiiviensa valikoimaa suosittuun X-sarjaan lanseeraamalla uuden FUJINON XF90mmF2 R LM WR. Objektiivissa on kiinte\u00e4 polttov\u00e4li, joka vastaa 137mm 35mm:n formaatissa ja jatkuva maksimaalinen F2 aukko. T\u00e4m\u00e4 tekee t\u00e4st\u00e4 lyhyest\u00e4 teleobjektiivista optimaalisen sek\u00e4 muoto- ett\u00e4 urheilu-valokuvaukseen. T\u00e4m\u00e4 objektiivi tarjoaa erinomaisen ter\u00e4vyyden jopa suurimalla mahdollisella aukolla. Objektiivissa on edistyksellinen optinen rakenn&#8230;e sis\u00e4lt\u00e4en 11 linssielementti\u00e4 8 [&hellip;]","og_url":"https:\/\/www.victoriamedia.org\/ld\/fujinon-xf90mmf2-r-lm-wr\/","og_site_name":"KAMERAT JA OPTISET LAITTEET","article_publisher":"https:\/\/www.facebook.com\/victoriamedia","article_published_time":"2015-05-18T08:56:25+00:00","og_image":[{"url":"http:\/\/www.victoriamedia.org\/ld\/wp-content\/uploads\/2015\/05\/print_H2YqRYHolb-1024x989.jpg","type":"","width":"","height":""}],"author":"Kerttu Vali","twitter_card":"summary_large_image","twitter_creator":"@uutisparkki","twitter_site":"@uutisparkki","twitter_misc":{"Written by":"Kerttu Vali","Est. reading time":"1 minute"},"schema":{"@context":"https:\/\/schema.org","@graph":[{"@type":"Article","@id":"https:\/\/www.victoriamedia.org\/ld\/fujinon-xf90mmf2-r-lm-wr\/#article","isPartOf":{"@id":"https:\/\/www.victoriamedia.org\/ld\/fujinon-xf90mmf2-r-lm-wr\/"},"author":{"name":"Kerttu Vali","@id":"https:\/\/www.victoriamedia.org\/ld\/#\/schema\/person\/a2e166f07bdda8a5ef0506501655c9ac"},"headline":"FUJINON XF90mmF2 R LM WR","datePublished":"2015-05-18T08:56:25+00:00","mainEntityOfPage":{"@id":"https:\/\/www.victoriamedia.org\/ld\/fujinon-xf90mmf2-r-lm-wr\/"},"wordCount":194,"publisher":{"@id":"https:\/\/www.victoriamedia.org\/ld\/#organization"},"image":{"@id":"https:\/\/www.victoriamedia.org\/ld\/fujinon-xf90mmf2-r-lm-wr\/#primaryimage"},"thumbnailUrl":"http:\/\/www.victoriamedia.org\/ld\/wp-content\/uploads\/2015\/05\/print_H2YqRYHolb-1024x989.jpg","articleSection":["Kamerat"],"inLanguage":"en-US"},{"@type":"WebPage","@id":"https:\/\/www.victoriamedia.org\/ld\/fujinon-xf90mmf2-r-lm-wr\/","url":"https:\/\/www.victoriamedia.org\/ld\/fujinon-xf90mmf2-r-lm-wr\/","name":"FUJINON XF90mmF2 R LM WR - KAMERAT JA OPTISET LAITTEET","isPartOf":{"@id":"https:\/\/www.victoriamedia.org\/ld\/#website"},"primaryImageOfPage":{"@id":"https:\/\/www.victoriamedia.org\/ld\/fujinon-xf90mmf2-r-lm-wr\/#primaryimage"},"image":{"@id":"https:\/\/www.victoriamedia.org\/ld\/fujinon-xf90mmf2-r-lm-wr\/#primaryimage"},"thumbnailUrl":"http:\/\/www.victoriamedia.org\/ld\/wp-content\/uploads\/2015\/05\/print_H2YqRYHolb-1024x989.jpg","datePublished":"2015-05-18T08:56:25+00:00","breadcrumb":{"@id":"https:\/\/www.victoriamedia.org\/ld\/fujinon-xf90mmf2-r-lm-wr\/#breadcrumb"},"inLanguage":"en-US","potentialAction":[{"@type":"ReadAction","target":["https:\/\/www.victoriamedia.org\/ld\/fujinon-xf90mmf2-r-lm-wr\/"]}]},{"@type":"ImageObject","inLanguage":"en-US","@id":"https:\/\/www.victoriamedia.org\/ld\/fujinon-xf90mmf2-r-lm-wr\/#primaryimage","url":"https:\/\/www.victoriamedia.org\/ld\/wp-content\/uploads\/2015\/05\/print_H2YqRYHolb.jpg","contentUrl":"https:\/\/www.victoriamedia.org\/ld\/wp-content\/uploads\/2015\/05\/print_H2YqRYHolb.jpg","width":2480,"height":2395},{"@type":"BreadcrumbList","@id":"https:\/\/www.victoriamedia.org\/ld\/fujinon-xf90mmf2-r-lm-wr\/#breadcrumb","itemListElement":[{"@type":"ListItem","position":1,"name":"Home","item":"https:\/\/www.victoriamedia.org\/ld\/"},{"@type":"ListItem","position":2,"name":"FUJINON XF90mmF2 R LM WR"}]},{"@type":"WebSite","@id":"https:\/\/www.victoriamedia.org\/ld\/#website","url":"https:\/\/www.victoriamedia.org\/ld\/","name":"KAMERAT JA OPTISET LAITTEET","description":"Kamerat Kiikarit ja optiset tarvikkeet","publisher":{"@id":"https:\/\/www.victoriamedia.org\/ld\/#organization"},"potentialAction":[{"@type":"SearchAction","target":{"@type":"EntryPoint","urlTemplate":"https:\/\/www.victoriamedia.org\/ld\/?s={search_term_string}"},"query-input":{"@type":"PropertyValueSpecification","valueRequired":true,"valueName":"search_term_string"}}],"inLanguage":"en-US"},{"@type":"Organization","@id":"https:\/\/www.victoriamedia.org\/ld\/#organization","name":"Victoria Media - Kamerauutiset","url":"https:\/\/www.victoriamedia.org\/ld\/","logo":{"@type":"ImageObject","inLanguage":"en-US","@id":"https:\/\/www.victoriamedia.org\/ld\/#\/schema\/logo\/image\/","url":"https:\/\/www.victoriamedia.org\/ld\/wp-content\/uploads\/2022\/09\/292179098_555417722694101_2682724033383846896_n.png","contentUrl":"https:\/\/www.victoriamedia.org\/ld\/wp-content\/uploads\/2022\/09\/292179098_555417722694101_2682724033383846896_n.png","width":215,"height":165,"caption":"Victoria Media - Kamerauutiset"},"image":{"@id":"https:\/\/www.victoriamedia.org\/ld\/#\/schema\/logo\/image\/"},"sameAs":["https:\/\/www.facebook.com\/victoriamedia","https:\/\/x.com\/uutisparkki"]},{"@type":"Person","@id":"https:\/\/www.victoriamedia.org\/ld\/#\/schema\/person\/a2e166f07bdda8a5ef0506501655c9ac","name":"Kerttu Vali","image":{"@type":"ImageObject","inLanguage":"en-US","@id":"https:\/\/secure.gravatar.com\/avatar\/62dbe1a847f655ad987c59fece23f885c4b0e7b06595c36d9597003852972217?s=96&d=mm&r=g","url":"https:\/\/secure.gravatar.com\/avatar\/62dbe1a847f655ad987c59fece23f885c4b0e7b06595c36d9597003852972217?s=96&d=mm&r=g","contentUrl":"https:\/\/secure.gravatar.com\/avatar\/62dbe1a847f655ad987c59fece23f885c4b0e7b06595c36d9597003852972217?s=96&d=mm&r=g","caption":"Kerttu Vali"},"sameAs":["http:\/\/www.victoriamedia.fi\/"],"url":"https:\/\/www.victoriamedia.org\/ld\/author\/kerttuvali\/"}]}},"_links":{"self":[{"href":"https:\/\/www.victoriamedia.org\/ld\/wp-json\/wp\/v2\/posts\/428","targetHints":{"allow":["GET"]}}],"collection":[{"href":"https:\/\/www.victoriamedia.org\/ld\/wp-json\/wp\/v2\/posts"}],"about":[{"href":"https:\/\/www.victoriamedia.org\/ld\/wp-json\/wp\/v2\/types\/post"}],"author":[{"embeddable":true,"href":"https:\/\/www.victoriamedia.org\/ld\/wp-json\/wp\/v2\/users\/1"}],"replies":[{"embeddable":true,"href":"https:\/\/www.victoriamedia.org\/ld\/wp-json\/wp\/v2\/comments?post=428"}],"version-history":[{"count":1,"href":"https:\/\/www.victoriamedia.org\/ld\/wp-json\/wp\/v2\/posts\/428\/revisions"}],"predecessor-version":[{"id":430,"href":"https:\/\/www.victoriamedia.org\/ld\/wp-json\/wp\/v2\/posts\/428\/revisions\/430"}],"wp:attachment":[{"href":"https:\/\/www.victoriamedia.org\/ld\/wp-json\/wp\/v2\/media?parent=428"}],"wp:term":[{"taxonomy":"category","embeddable":true,"href":"https:\/\/www.victoriamedia.org\/ld\/wp-json\/wp\/v2\/categories?post=428"},{"taxonomy":"post_tag","embeddable":true,"href":"https:\/\/www.victoriamedia.org\/ld\/wp-json\/wp\/v2\/tags?post=428"}],"curies":[{"name":"wp","href":"https:\/\/api.w.org\/{rel}","templated":true}]}}