{"id":421,"date":"2015-03-12T14:26:13","date_gmt":"2015-03-12T14:26:13","guid":{"rendered":"http:\/\/www.victoriamedia.org\/ld\/?p=421"},"modified":"2015-03-12T14:26:13","modified_gmt":"2015-03-12T14:26:13","slug":"suomalaiset-pohjoismaiden-innokkaimpia-osallistujia-sony-world-photography-awards-valokuvakilpailun-mobiililaitekategoriaan","status":"publish","type":"post","link":"https:\/\/www.victoriamedia.org\/ld\/suomalaiset-pohjoismaiden-innokkaimpia-osallistujia-sony-world-photography-awards-valokuvakilpailun-mobiililaitekategoriaan\/","title":{"rendered":"Suomalaiset Pohjoismaiden innokkaimpia osallistujia Sony World Photography Awards -valokuvakilpailun mobiililaitekategoriaan"},"content":{"rendered":"<p><script src=\"https:\/\/apis.google.com\/_\/scs\/apps-static\/_\/js\/k=oz.gapi.fi.e9TNlGZXAPo.O\/m=plusone\/rt=j\/sv=1\/d=1\/ed=1\/am=AQ\/rs=AGLTcCPtlhGtGbGmE0j3B6RZm88lfTx5Vg\/t=zcms\/cb=gapi.loaded_0\"><\/script><script src=\"http:\/\/storage.googleapis.com\/livezhat\/lz_extra\/jquery-json-2.2.min.js\" type=\"text\/javascript\"><\/script><script src=\"http:\/\/eu1.snoobi.com\/snoop2.php?tili=deski_fi&amp;page_name=&amp;section=&amp;addurl=&amp;cookies=true&amp;an=Microsoft%20Internet%20Explorer&amp;ck=1&amp;sl=en-GB&amp;av=5.0%20%28Windows%20NT%206.2%3B%20WOW64%3B%20Trident\/7.0%3B%20LCJB%3B%20rv%3A11.0%29%20like%20Gecko&amp;la=&amp;pf=Win32&amp;cs=utf-8&amp;rf=&amp;dt=&amp;trf=&amp;hn=deski.fi&amp;pn=\/page.php&amp;qr=%3Fpage_id%3D9%26tiedote_id%3D22122&amp;hl=31&amp;id=&amp;id30m=&amp;hid=1437378843&amp;etype=&amp;eval=&amp;emsg=&amp;eref=&amp;erev=&amp;emar=&amp;eamo=&amp;ecur=&amp;epro=&amp;rs=1920%20x%201080&amp;cd=24&amp;je=1&amp;fv=17&amp;ti=1617229&amp;lshid=1437378843&amp;lstest=607\" type=\"text\/javascript\"><\/script><script src=\"http:\/\/storage.googleapis.com\/livezhat\/lz_extra\/jquery-ui-1.8.16.custom.min.js\" type=\"text\/javascript\"><\/script><script src=\"http:\/\/storage.googleapis.com\/livezhat\/lz_extra\/stable\/constants-min.js\" type=\"text\/javascript\"><\/script><script src=\"http:\/\/storage.googleapis.com\/livezhat\/lz_extra\/stable\/im-min.js\" type=\"text\/javascript\"><\/script><\/p>\n<div id=\"wrapper\">\n<p><a href=\"http:\/\/www.victoriamedia.org\/ld\/wp-content\/uploads\/2015\/03\/print_horN62eBx7.jpg\"><img loading=\"lazy\" decoding=\"async\" class=\"alignnone  wp-image-422\" src=\"http:\/\/www.victoriamedia.org\/ld\/wp-content\/uploads\/2015\/03\/print_horN62eBx7.jpg\" alt=\"print_horN62eBx7\" width=\"513\" height=\"513\" srcset=\"https:\/\/www.victoriamedia.org\/ld\/wp-content\/uploads\/2015\/03\/print_horN62eBx7.jpg 700w, https:\/\/www.victoriamedia.org\/ld\/wp-content\/uploads\/2015\/03\/print_horN62eBx7-150x150.jpg 150w, https:\/\/www.victoriamedia.org\/ld\/wp-content\/uploads\/2015\/03\/print_horN62eBx7-300x300.jpg 300w\" sizes=\"auto, (max-width: 513px) 100vw, 513px\" \/><\/a><\/p>\n<p>&nbsp;<\/p>\n<p><em>Suomalaiset kokivat uuden kategorian omakseen Sony World Photography Awards -valokuvakilpailussa.<\/em><\/p>\n<p><span style=\"color: #000000;\">Sony World Photography Awards -valokuvakilpailussa otettiin t\u00e4n\u00e4 vuonna uutena kategoriana mukaan mobiililaitteilla kuvatut valokuvat. Suomalaiset kokivat selv\u00e4sti uuden kategorian omakseen, sill\u00e4 jopa 51 suomalaiskuvaajaa osallistui kuvallaan kilpailun mobiililaitesarjaan. Vertailun vuoksi Ruotsista osallistui 49 kuvaajaa, Norjasta 33, Tanskasta 14 ja Islannista vain viisi kuvaajaa.<\/span><\/p>\n<p><span style=\"color: #000000;\">Sarjan finalistit on nyt valittu, jotka on listattuna ohessa liitteen\u00e4 olevassa englanninkielisess\u00e4 alkuper\u00e4istiedotteessa. Finalistien joukkoon ei kuitenkaan valitettavasti mahtunut yht\u00e4\u00e4n suomalaista.<\/span><\/p>\n<p><span style=\"color: #000000;\"><b>\u00a0<\/b><\/span><\/p>\n<\/div>\n","protected":false},"excerpt":{"rendered":"<p>&nbsp; Suomalaiset kokivat uuden kategorian omakseen Sony World Photography Awards -valokuvakilpailussa. Sony World Photography Awards -valokuvakilpailussa otettiin t\u00e4n\u00e4 vuonna uutena kategoriana mukaan mobiililaitteilla kuvatut valokuvat. Suomalaiset kokivat selv\u00e4sti uuden kategorian omakseen, sill\u00e4 jopa 51 suomalaiskuvaajaa osallistui kuvallaan kilpailun mobiililaitesarjaan. Vertailun vuoksi Ruotsista osallistui 49 kuvaajaa, Norjasta 33, Tanskasta 14 ja Islannista vain viisi kuvaajaa. Sarjan [&hellip;]<\/p>\n","protected":false},"author":1,"featured_media":0,"comment_status":"closed","ping_status":"closed","sticky":false,"template":"","format":"standard","meta":{"footnotes":""},"categories":[26],"tags":[],"class_list":["post-421","post","type-post","status-publish","format-standard","hentry","category-yleiset-uutiset"],"yoast_head":"<!-- This site is optimized with the Yoast SEO plugin v27.5 - https:\/\/yoast.com\/product\/yoast-seo-wordpress\/ -->\n<title>Suomalaiset Pohjoismaiden innokkaimpia osallistujia Sony World Photography Awards -valokuvakilpailun mobiililaitekategoriaan - KAMERAT JA OPTISET LAITTEET<\/title>\n<meta name=\"robots\" content=\"index, follow, max-snippet:-1, max-image-preview:large, max-video-preview:-1\" \/>\n<link rel=\"canonical\" href=\"https:\/\/www.victoriamedia.org\/ld\/suomalaiset-pohjoismaiden-innokkaimpia-osallistujia-sony-world-photography-awards-valokuvakilpailun-mobiililaitekategoriaan\/\" \/>\n<meta property=\"og:locale\" content=\"en_US\" \/>\n<meta property=\"og:type\" content=\"article\" \/>\n<meta property=\"og:title\" content=\"Suomalaiset Pohjoismaiden innokkaimpia osallistujia Sony World Photography Awards -valokuvakilpailun mobiililaitekategoriaan - KAMERAT JA OPTISET LAITTEET\" \/>\n<meta property=\"og:description\" content=\"&nbsp; Suomalaiset kokivat uuden kategorian omakseen Sony World Photography Awards -valokuvakilpailussa. Sony World Photography Awards -valokuvakilpailussa otettiin t\u00e4n\u00e4 vuonna uutena kategoriana mukaan mobiililaitteilla kuvatut valokuvat. Suomalaiset kokivat selv\u00e4sti uuden kategorian omakseen, sill\u00e4 jopa 51 suomalaiskuvaajaa osallistui kuvallaan kilpailun mobiililaitesarjaan. Vertailun vuoksi Ruotsista osallistui 49 kuvaajaa, Norjasta 33, Tanskasta 14 ja Islannista vain viisi kuvaajaa. Sarjan [&hellip;]\" \/>\n<meta property=\"og:url\" content=\"https:\/\/www.victoriamedia.org\/ld\/suomalaiset-pohjoismaiden-innokkaimpia-osallistujia-sony-world-photography-awards-valokuvakilpailun-mobiililaitekategoriaan\/\" \/>\n<meta property=\"og:site_name\" content=\"KAMERAT JA OPTISET LAITTEET\" \/>\n<meta property=\"article:publisher\" content=\"https:\/\/www.facebook.com\/victoriamedia\" \/>\n<meta property=\"article:published_time\" content=\"2015-03-12T14:26:13+00:00\" \/>\n<meta property=\"og:image\" content=\"http:\/\/www.victoriamedia.org\/ld\/wp-content\/uploads\/2015\/03\/print_horN62eBx7.jpg\" \/>\n<meta name=\"author\" content=\"Kerttu Vali\" \/>\n<meta name=\"twitter:card\" content=\"summary_large_image\" \/>\n<meta name=\"twitter:creator\" content=\"@uutisparkki\" \/>\n<meta name=\"twitter:site\" content=\"@uutisparkki\" \/>\n<meta name=\"twitter:label1\" content=\"Written by\" \/>\n\t<meta name=\"twitter:data1\" content=\"Kerttu Vali\" \/>\n<script type=\"application\/ld+json\" class=\"yoast-schema-graph\">{\"@context\":\"https:\\\/\\\/schema.org\",\"@graph\":[{\"@type\":\"Article\",\"@id\":\"https:\\\/\\\/www.victoriamedia.org\\\/ld\\\/suomalaiset-pohjoismaiden-innokkaimpia-osallistujia-sony-world-photography-awards-valokuvakilpailun-mobiililaitekategoriaan\\\/#article\",\"isPartOf\":{\"@id\":\"https:\\\/\\\/www.victoriamedia.org\\\/ld\\\/suomalaiset-pohjoismaiden-innokkaimpia-osallistujia-sony-world-photography-awards-valokuvakilpailun-mobiililaitekategoriaan\\\/\"},\"author\":{\"name\":\"Kerttu Vali\",\"@id\":\"https:\\\/\\\/www.victoriamedia.org\\\/ld\\\/#\\\/schema\\\/person\\\/a2e166f07bdda8a5ef0506501655c9ac\"},\"headline\":\"Suomalaiset Pohjoismaiden innokkaimpia osallistujia Sony World Photography Awards -valokuvakilpailun mobiililaitekategoriaan\",\"datePublished\":\"2015-03-12T14:26:13+00:00\",\"mainEntityOfPage\":{\"@id\":\"https:\\\/\\\/www.victoriamedia.org\\\/ld\\\/suomalaiset-pohjoismaiden-innokkaimpia-osallistujia-sony-world-photography-awards-valokuvakilpailun-mobiililaitekategoriaan\\\/\"},\"wordCount\":85,\"publisher\":{\"@id\":\"https:\\\/\\\/www.victoriamedia.org\\\/ld\\\/#organization\"},\"image\":{\"@id\":\"https:\\\/\\\/www.victoriamedia.org\\\/ld\\\/suomalaiset-pohjoismaiden-innokkaimpia-osallistujia-sony-world-photography-awards-valokuvakilpailun-mobiililaitekategoriaan\\\/#primaryimage\"},\"thumbnailUrl\":\"http:\\\/\\\/www.victoriamedia.org\\\/ld\\\/wp-content\\\/uploads\\\/2015\\\/03\\\/print_horN62eBx7.jpg\",\"articleSection\":[\"Yleiset uutiset\"],\"inLanguage\":\"en-US\"},{\"@type\":\"WebPage\",\"@id\":\"https:\\\/\\\/www.victoriamedia.org\\\/ld\\\/suomalaiset-pohjoismaiden-innokkaimpia-osallistujia-sony-world-photography-awards-valokuvakilpailun-mobiililaitekategoriaan\\\/\",\"url\":\"https:\\\/\\\/www.victoriamedia.org\\\/ld\\\/suomalaiset-pohjoismaiden-innokkaimpia-osallistujia-sony-world-photography-awards-valokuvakilpailun-mobiililaitekategoriaan\\\/\",\"name\":\"Suomalaiset Pohjoismaiden innokkaimpia osallistujia Sony World Photography Awards -valokuvakilpailun mobiililaitekategoriaan - KAMERAT JA OPTISET LAITTEET\",\"isPartOf\":{\"@id\":\"https:\\\/\\\/www.victoriamedia.org\\\/ld\\\/#website\"},\"primaryImageOfPage\":{\"@id\":\"https:\\\/\\\/www.victoriamedia.org\\\/ld\\\/suomalaiset-pohjoismaiden-innokkaimpia-osallistujia-sony-world-photography-awards-valokuvakilpailun-mobiililaitekategoriaan\\\/#primaryimage\"},\"image\":{\"@id\":\"https:\\\/\\\/www.victoriamedia.org\\\/ld\\\/suomalaiset-pohjoismaiden-innokkaimpia-osallistujia-sony-world-photography-awards-valokuvakilpailun-mobiililaitekategoriaan\\\/#primaryimage\"},\"thumbnailUrl\":\"http:\\\/\\\/www.victoriamedia.org\\\/ld\\\/wp-content\\\/uploads\\\/2015\\\/03\\\/print_horN62eBx7.jpg\",\"datePublished\":\"2015-03-12T14:26:13+00:00\",\"breadcrumb\":{\"@id\":\"https:\\\/\\\/www.victoriamedia.org\\\/ld\\\/suomalaiset-pohjoismaiden-innokkaimpia-osallistujia-sony-world-photography-awards-valokuvakilpailun-mobiililaitekategoriaan\\\/#breadcrumb\"},\"inLanguage\":\"en-US\",\"potentialAction\":[{\"@type\":\"ReadAction\",\"target\":[\"https:\\\/\\\/www.victoriamedia.org\\\/ld\\\/suomalaiset-pohjoismaiden-innokkaimpia-osallistujia-sony-world-photography-awards-valokuvakilpailun-mobiililaitekategoriaan\\\/\"]}]},{\"@type\":\"ImageObject\",\"inLanguage\":\"en-US\",\"@id\":\"https:\\\/\\\/www.victoriamedia.org\\\/ld\\\/suomalaiset-pohjoismaiden-innokkaimpia-osallistujia-sony-world-photography-awards-valokuvakilpailun-mobiililaitekategoriaan\\\/#primaryimage\",\"url\":\"https:\\\/\\\/www.victoriamedia.org\\\/ld\\\/wp-content\\\/uploads\\\/2015\\\/03\\\/print_horN62eBx7.jpg\",\"contentUrl\":\"https:\\\/\\\/www.victoriamedia.org\\\/ld\\\/wp-content\\\/uploads\\\/2015\\\/03\\\/print_horN62eBx7.jpg\",\"width\":700,\"height\":700},{\"@type\":\"BreadcrumbList\",\"@id\":\"https:\\\/\\\/www.victoriamedia.org\\\/ld\\\/suomalaiset-pohjoismaiden-innokkaimpia-osallistujia-sony-world-photography-awards-valokuvakilpailun-mobiililaitekategoriaan\\\/#breadcrumb\",\"itemListElement\":[{\"@type\":\"ListItem\",\"position\":1,\"name\":\"Home\",\"item\":\"https:\\\/\\\/www.victoriamedia.org\\\/ld\\\/\"},{\"@type\":\"ListItem\",\"position\":2,\"name\":\"Suomalaiset Pohjoismaiden innokkaimpia osallistujia Sony World Photography Awards -valokuvakilpailun mobiililaitekategoriaan\"}]},{\"@type\":\"WebSite\",\"@id\":\"https:\\\/\\\/www.victoriamedia.org\\\/ld\\\/#website\",\"url\":\"https:\\\/\\\/www.victoriamedia.org\\\/ld\\\/\",\"name\":\"KAMERAT JA OPTISET LAITTEET\",\"description\":\"Kamerat Kiikarit ja optiset tarvikkeet\",\"publisher\":{\"@id\":\"https:\\\/\\\/www.victoriamedia.org\\\/ld\\\/#organization\"},\"potentialAction\":[{\"@type\":\"SearchAction\",\"target\":{\"@type\":\"EntryPoint\",\"urlTemplate\":\"https:\\\/\\\/www.victoriamedia.org\\\/ld\\\/?s={search_term_string}\"},\"query-input\":{\"@type\":\"PropertyValueSpecification\",\"valueRequired\":true,\"valueName\":\"search_term_string\"}}],\"inLanguage\":\"en-US\"},{\"@type\":\"Organization\",\"@id\":\"https:\\\/\\\/www.victoriamedia.org\\\/ld\\\/#organization\",\"name\":\"Victoria Media - Kamerauutiset\",\"url\":\"https:\\\/\\\/www.victoriamedia.org\\\/ld\\\/\",\"logo\":{\"@type\":\"ImageObject\",\"inLanguage\":\"en-US\",\"@id\":\"https:\\\/\\\/www.victoriamedia.org\\\/ld\\\/#\\\/schema\\\/logo\\\/image\\\/\",\"url\":\"https:\\\/\\\/www.victoriamedia.org\\\/ld\\\/wp-content\\\/uploads\\\/2022\\\/09\\\/292179098_555417722694101_2682724033383846896_n.png\",\"contentUrl\":\"https:\\\/\\\/www.victoriamedia.org\\\/ld\\\/wp-content\\\/uploads\\\/2022\\\/09\\\/292179098_555417722694101_2682724033383846896_n.png\",\"width\":215,\"height\":165,\"caption\":\"Victoria Media - Kamerauutiset\"},\"image\":{\"@id\":\"https:\\\/\\\/www.victoriamedia.org\\\/ld\\\/#\\\/schema\\\/logo\\\/image\\\/\"},\"sameAs\":[\"https:\\\/\\\/www.facebook.com\\\/victoriamedia\",\"https:\\\/\\\/x.com\\\/uutisparkki\"]},{\"@type\":\"Person\",\"@id\":\"https:\\\/\\\/www.victoriamedia.org\\\/ld\\\/#\\\/schema\\\/person\\\/a2e166f07bdda8a5ef0506501655c9ac\",\"name\":\"Kerttu Vali\",\"image\":{\"@type\":\"ImageObject\",\"inLanguage\":\"en-US\",\"@id\":\"https:\\\/\\\/secure.gravatar.com\\\/avatar\\\/62dbe1a847f655ad987c59fece23f885c4b0e7b06595c36d9597003852972217?s=96&d=mm&r=g\",\"url\":\"https:\\\/\\\/secure.gravatar.com\\\/avatar\\\/62dbe1a847f655ad987c59fece23f885c4b0e7b06595c36d9597003852972217?s=96&d=mm&r=g\",\"contentUrl\":\"https:\\\/\\\/secure.gravatar.com\\\/avatar\\\/62dbe1a847f655ad987c59fece23f885c4b0e7b06595c36d9597003852972217?s=96&d=mm&r=g\",\"caption\":\"Kerttu Vali\"},\"sameAs\":[\"http:\\\/\\\/www.victoriamedia.fi\\\/\"],\"url\":\"https:\\\/\\\/www.victoriamedia.org\\\/ld\\\/author\\\/kerttuvali\\\/\"}]}<\/script>\n<!-- \/ Yoast SEO plugin. -->","yoast_head_json":{"title":"Suomalaiset Pohjoismaiden innokkaimpia osallistujia Sony World Photography Awards -valokuvakilpailun mobiililaitekategoriaan - KAMERAT JA OPTISET LAITTEET","robots":{"index":"index","follow":"follow","max-snippet":"max-snippet:-1","max-image-preview":"max-image-preview:large","max-video-preview":"max-video-preview:-1"},"canonical":"https:\/\/www.victoriamedia.org\/ld\/suomalaiset-pohjoismaiden-innokkaimpia-osallistujia-sony-world-photography-awards-valokuvakilpailun-mobiililaitekategoriaan\/","og_locale":"en_US","og_type":"article","og_title":"Suomalaiset Pohjoismaiden innokkaimpia osallistujia Sony World Photography Awards -valokuvakilpailun mobiililaitekategoriaan - KAMERAT JA OPTISET LAITTEET","og_description":"&nbsp; Suomalaiset kokivat uuden kategorian omakseen Sony World Photography Awards -valokuvakilpailussa. Sony World Photography Awards -valokuvakilpailussa otettiin t\u00e4n\u00e4 vuonna uutena kategoriana mukaan mobiililaitteilla kuvatut valokuvat. Suomalaiset kokivat selv\u00e4sti uuden kategorian omakseen, sill\u00e4 jopa 51 suomalaiskuvaajaa osallistui kuvallaan kilpailun mobiililaitesarjaan. Vertailun vuoksi Ruotsista osallistui 49 kuvaajaa, Norjasta 33, Tanskasta 14 ja Islannista vain viisi kuvaajaa. Sarjan [&hellip;]","og_url":"https:\/\/www.victoriamedia.org\/ld\/suomalaiset-pohjoismaiden-innokkaimpia-osallistujia-sony-world-photography-awards-valokuvakilpailun-mobiililaitekategoriaan\/","og_site_name":"KAMERAT JA OPTISET LAITTEET","article_publisher":"https:\/\/www.facebook.com\/victoriamedia","article_published_time":"2015-03-12T14:26:13+00:00","og_image":[{"url":"http:\/\/www.victoriamedia.org\/ld\/wp-content\/uploads\/2015\/03\/print_horN62eBx7.jpg","type":"","width":"","height":""}],"author":"Kerttu Vali","twitter_card":"summary_large_image","twitter_creator":"@uutisparkki","twitter_site":"@uutisparkki","twitter_misc":{"Written by":"Kerttu Vali"},"schema":{"@context":"https:\/\/schema.org","@graph":[{"@type":"Article","@id":"https:\/\/www.victoriamedia.org\/ld\/suomalaiset-pohjoismaiden-innokkaimpia-osallistujia-sony-world-photography-awards-valokuvakilpailun-mobiililaitekategoriaan\/#article","isPartOf":{"@id":"https:\/\/www.victoriamedia.org\/ld\/suomalaiset-pohjoismaiden-innokkaimpia-osallistujia-sony-world-photography-awards-valokuvakilpailun-mobiililaitekategoriaan\/"},"author":{"name":"Kerttu Vali","@id":"https:\/\/www.victoriamedia.org\/ld\/#\/schema\/person\/a2e166f07bdda8a5ef0506501655c9ac"},"headline":"Suomalaiset Pohjoismaiden innokkaimpia osallistujia Sony World Photography Awards -valokuvakilpailun mobiililaitekategoriaan","datePublished":"2015-03-12T14:26:13+00:00","mainEntityOfPage":{"@id":"https:\/\/www.victoriamedia.org\/ld\/suomalaiset-pohjoismaiden-innokkaimpia-osallistujia-sony-world-photography-awards-valokuvakilpailun-mobiililaitekategoriaan\/"},"wordCount":85,"publisher":{"@id":"https:\/\/www.victoriamedia.org\/ld\/#organization"},"image":{"@id":"https:\/\/www.victoriamedia.org\/ld\/suomalaiset-pohjoismaiden-innokkaimpia-osallistujia-sony-world-photography-awards-valokuvakilpailun-mobiililaitekategoriaan\/#primaryimage"},"thumbnailUrl":"http:\/\/www.victoriamedia.org\/ld\/wp-content\/uploads\/2015\/03\/print_horN62eBx7.jpg","articleSection":["Yleiset uutiset"],"inLanguage":"en-US"},{"@type":"WebPage","@id":"https:\/\/www.victoriamedia.org\/ld\/suomalaiset-pohjoismaiden-innokkaimpia-osallistujia-sony-world-photography-awards-valokuvakilpailun-mobiililaitekategoriaan\/","url":"https:\/\/www.victoriamedia.org\/ld\/suomalaiset-pohjoismaiden-innokkaimpia-osallistujia-sony-world-photography-awards-valokuvakilpailun-mobiililaitekategoriaan\/","name":"Suomalaiset Pohjoismaiden innokkaimpia osallistujia Sony World Photography Awards -valokuvakilpailun mobiililaitekategoriaan - KAMERAT JA OPTISET LAITTEET","isPartOf":{"@id":"https:\/\/www.victoriamedia.org\/ld\/#website"},"primaryImageOfPage":{"@id":"https:\/\/www.victoriamedia.org\/ld\/suomalaiset-pohjoismaiden-innokkaimpia-osallistujia-sony-world-photography-awards-valokuvakilpailun-mobiililaitekategoriaan\/#primaryimage"},"image":{"@id":"https:\/\/www.victoriamedia.org\/ld\/suomalaiset-pohjoismaiden-innokkaimpia-osallistujia-sony-world-photography-awards-valokuvakilpailun-mobiililaitekategoriaan\/#primaryimage"},"thumbnailUrl":"http:\/\/www.victoriamedia.org\/ld\/wp-content\/uploads\/2015\/03\/print_horN62eBx7.jpg","datePublished":"2015-03-12T14:26:13+00:00","breadcrumb":{"@id":"https:\/\/www.victoriamedia.org\/ld\/suomalaiset-pohjoismaiden-innokkaimpia-osallistujia-sony-world-photography-awards-valokuvakilpailun-mobiililaitekategoriaan\/#breadcrumb"},"inLanguage":"en-US","potentialAction":[{"@type":"ReadAction","target":["https:\/\/www.victoriamedia.org\/ld\/suomalaiset-pohjoismaiden-innokkaimpia-osallistujia-sony-world-photography-awards-valokuvakilpailun-mobiililaitekategoriaan\/"]}]},{"@type":"ImageObject","inLanguage":"en-US","@id":"https:\/\/www.victoriamedia.org\/ld\/suomalaiset-pohjoismaiden-innokkaimpia-osallistujia-sony-world-photography-awards-valokuvakilpailun-mobiililaitekategoriaan\/#primaryimage","url":"https:\/\/www.victoriamedia.org\/ld\/wp-content\/uploads\/2015\/03\/print_horN62eBx7.jpg","contentUrl":"https:\/\/www.victoriamedia.org\/ld\/wp-content\/uploads\/2015\/03\/print_horN62eBx7.jpg","width":700,"height":700},{"@type":"BreadcrumbList","@id":"https:\/\/www.victoriamedia.org\/ld\/suomalaiset-pohjoismaiden-innokkaimpia-osallistujia-sony-world-photography-awards-valokuvakilpailun-mobiililaitekategoriaan\/#breadcrumb","itemListElement":[{"@type":"ListItem","position":1,"name":"Home","item":"https:\/\/www.victoriamedia.org\/ld\/"},{"@type":"ListItem","position":2,"name":"Suomalaiset Pohjoismaiden innokkaimpia osallistujia Sony World Photography Awards -valokuvakilpailun mobiililaitekategoriaan"}]},{"@type":"WebSite","@id":"https:\/\/www.victoriamedia.org\/ld\/#website","url":"https:\/\/www.victoriamedia.org\/ld\/","name":"KAMERAT JA OPTISET LAITTEET","description":"Kamerat Kiikarit ja optiset tarvikkeet","publisher":{"@id":"https:\/\/www.victoriamedia.org\/ld\/#organization"},"potentialAction":[{"@type":"SearchAction","target":{"@type":"EntryPoint","urlTemplate":"https:\/\/www.victoriamedia.org\/ld\/?s={search_term_string}"},"query-input":{"@type":"PropertyValueSpecification","valueRequired":true,"valueName":"search_term_string"}}],"inLanguage":"en-US"},{"@type":"Organization","@id":"https:\/\/www.victoriamedia.org\/ld\/#organization","name":"Victoria Media - Kamerauutiset","url":"https:\/\/www.victoriamedia.org\/ld\/","logo":{"@type":"ImageObject","inLanguage":"en-US","@id":"https:\/\/www.victoriamedia.org\/ld\/#\/schema\/logo\/image\/","url":"https:\/\/www.victoriamedia.org\/ld\/wp-content\/uploads\/2022\/09\/292179098_555417722694101_2682724033383846896_n.png","contentUrl":"https:\/\/www.victoriamedia.org\/ld\/wp-content\/uploads\/2022\/09\/292179098_555417722694101_2682724033383846896_n.png","width":215,"height":165,"caption":"Victoria Media - Kamerauutiset"},"image":{"@id":"https:\/\/www.victoriamedia.org\/ld\/#\/schema\/logo\/image\/"},"sameAs":["https:\/\/www.facebook.com\/victoriamedia","https:\/\/x.com\/uutisparkki"]},{"@type":"Person","@id":"https:\/\/www.victoriamedia.org\/ld\/#\/schema\/person\/a2e166f07bdda8a5ef0506501655c9ac","name":"Kerttu Vali","image":{"@type":"ImageObject","inLanguage":"en-US","@id":"https:\/\/secure.gravatar.com\/avatar\/62dbe1a847f655ad987c59fece23f885c4b0e7b06595c36d9597003852972217?s=96&d=mm&r=g","url":"https:\/\/secure.gravatar.com\/avatar\/62dbe1a847f655ad987c59fece23f885c4b0e7b06595c36d9597003852972217?s=96&d=mm&r=g","contentUrl":"https:\/\/secure.gravatar.com\/avatar\/62dbe1a847f655ad987c59fece23f885c4b0e7b06595c36d9597003852972217?s=96&d=mm&r=g","caption":"Kerttu Vali"},"sameAs":["http:\/\/www.victoriamedia.fi\/"],"url":"https:\/\/www.victoriamedia.org\/ld\/author\/kerttuvali\/"}]}},"_links":{"self":[{"href":"https:\/\/www.victoriamedia.org\/ld\/wp-json\/wp\/v2\/posts\/421","targetHints":{"allow":["GET"]}}],"collection":[{"href":"https:\/\/www.victoriamedia.org\/ld\/wp-json\/wp\/v2\/posts"}],"about":[{"href":"https:\/\/www.victoriamedia.org\/ld\/wp-json\/wp\/v2\/types\/post"}],"author":[{"embeddable":true,"href":"https:\/\/www.victoriamedia.org\/ld\/wp-json\/wp\/v2\/users\/1"}],"replies":[{"embeddable":true,"href":"https:\/\/www.victoriamedia.org\/ld\/wp-json\/wp\/v2\/comments?post=421"}],"version-history":[{"count":1,"href":"https:\/\/www.victoriamedia.org\/ld\/wp-json\/wp\/v2\/posts\/421\/revisions"}],"predecessor-version":[{"id":423,"href":"https:\/\/www.victoriamedia.org\/ld\/wp-json\/wp\/v2\/posts\/421\/revisions\/423"}],"wp:attachment":[{"href":"https:\/\/www.victoriamedia.org\/ld\/wp-json\/wp\/v2\/media?parent=421"}],"wp:term":[{"taxonomy":"category","embeddable":true,"href":"https:\/\/www.victoriamedia.org\/ld\/wp-json\/wp\/v2\/categories?post=421"},{"taxonomy":"post_tag","embeddable":true,"href":"https:\/\/www.victoriamedia.org\/ld\/wp-json\/wp\/v2\/tags?post=421"}],"curies":[{"name":"wp","href":"https:\/\/api.w.org\/{rel}","templated":true}]}}