{"id":417,"date":"2015-03-04T10:39:27","date_gmt":"2015-03-04T10:39:27","guid":{"rendered":"http:\/\/www.victoriamedia.org\/ld\/?p=417"},"modified":"2015-03-04T10:39:27","modified_gmt":"2015-03-04T10:39:27","slug":"sonyn-%ce%b1-e-bajonetin-objektiivimallisto-kasvaa-neljalla-uudella-tayden-kinokoon-objektiivilla-ja-kahdella-tayden-kinokoon-sovittimella","status":"publish","type":"post","link":"https:\/\/www.victoriamedia.org\/ld\/sonyn-%ce%b1-e-bajonetin-objektiivimallisto-kasvaa-neljalla-uudella-tayden-kinokoon-objektiivilla-ja-kahdella-tayden-kinokoon-sovittimella\/","title":{"rendered":"Sonyn \u03b1 E-bajonetin objektiivimallisto kasvaa nelj\u00e4ll\u00e4 uudella t\u00e4yden kinokoon objektiivilla ja kahdella t\u00e4yden kinokoon sovittimella"},"content":{"rendered":"<p><a href=\"http:\/\/www.victoriamedia.org\/ld\/wp-content\/uploads\/2015\/03\/tg9b39rhcdxaojqfhhbt.jpg\"><img loading=\"lazy\" decoding=\"async\" class=\"alignnone size-full wp-image-418\" src=\"http:\/\/www.victoriamedia.org\/ld\/wp-content\/uploads\/2015\/03\/tg9b39rhcdxaojqfhhbt.jpg\" alt=\"tg9b39rhcdxaojqfhhbt\" width=\"620\" height=\"465\" srcset=\"https:\/\/www.victoriamedia.org\/ld\/wp-content\/uploads\/2015\/03\/tg9b39rhcdxaojqfhhbt.jpg 620w, https:\/\/www.victoriamedia.org\/ld\/wp-content\/uploads\/2015\/03\/tg9b39rhcdxaojqfhhbt-300x225.jpg 300w\" sizes=\"auto, (max-width: 620px) 100vw, 620px\" \/><\/a><\/p>\n<p>Runsaudenpulaa vaihtoehdoista: Sonyn \u03b1 E-bajonetin objektiivimallisto kasvaa nelj\u00e4ll\u00e4 uudella t\u00e4yden kinokoon objektiivilla ja kahdella t\u00e4yden kinokoon sovittimella.<\/p>\n<p>Zeiss\u00ae Distagon T* FE 35mm F1.4 ZA (SEL35F14Z) t\u00e4yden kinokoon laajakulma<\/p>\n<p>FE 90mm F2.8 Macro G OSS (SEL90M28G) t\u00e4yden kinokoon keskipitk\u00e4 makro G-teleobjektiivi<\/p>\n<p>FE 24-240mm F3.5-6.3 OSS (SEL24240) 10x t\u00e4yden kinokoon zoom-objektiivi<\/p>\n<p>FE 28mm F2 (SEL28F20) t\u00e4yden kinokoon laajakulma prime-objektiivi<\/p>\n<p>SEL057FEC-kalansilm\u00e4muunnin ja SEL075UWC-ultralaajakulmamuunnin t\u00e4yden kinokoon SEL28F20-objektiiville<\/p>\n<p>VCL-ECU2\/VCL-ECF2 ultralaajakulma- ja kalansilm\u00e4muuntimet (APS-C)<\/p>\n<p>Sonyn SEL35F14Z-objektiivi on saatavilla Suomessa j\u00e4lleenmyyjilt\u00e4 maaliskuun lopussa ja loput uutuusobjektiivit arviolta toukokuun tienoilla seuraavin suositushinnoin:<\/p>\n<p>SEL35F14Zn. 1530 euroa<\/p>\n<p>SEL24240n. 900 euroa<\/p>\n<p>SEL28F20n. 405 euroa<\/p>\n<p>SEL075UWCn. 225 euroa<\/p>\n<p>SEL057FECn. 279 euroa<\/p>\n<p>SEL90M28Gn. 1035 euroa<\/p>\n","protected":false},"excerpt":{"rendered":"<p>Runsaudenpulaa vaihtoehdoista: Sonyn \u03b1 E-bajonetin objektiivimallisto kasvaa nelj\u00e4ll\u00e4 uudella t\u00e4yden kinokoon objektiivilla ja kahdella t\u00e4yden kinokoon sovittimella. Zeiss\u00ae Distagon T* FE 35mm F1.4 ZA (SEL35F14Z) t\u00e4yden kinokoon laajakulma FE 90mm F2.8 Macro G OSS (SEL90M28G) t\u00e4yden kinokoon keskipitk\u00e4 makro G-teleobjektiivi FE 24-240mm F3.5-6.3 OSS (SEL24240) 10x t\u00e4yden kinokoon zoom-objektiivi FE 28mm F2 (SEL28F20) t\u00e4yden kinokoon [&hellip;]<\/p>\n","protected":false},"author":1,"featured_media":0,"comment_status":"closed","ping_status":"closed","sticky":false,"template":"","format":"standard","meta":{"footnotes":""},"categories":[10],"tags":[],"class_list":["post-417","post","type-post","status-publish","format-standard","hentry","category-objektiivit"],"yoast_head":"<!-- This site is optimized with the Yoast SEO plugin v27.5 - https:\/\/yoast.com\/product\/yoast-seo-wordpress\/ -->\n<title>Sonyn \u03b1 E-bajonetin objektiivimallisto kasvaa nelj\u00e4ll\u00e4 uudella t\u00e4yden kinokoon objektiivilla ja kahdella t\u00e4yden kinokoon sovittimella - KAMERAT JA OPTISET LAITTEET<\/title>\n<meta name=\"robots\" content=\"index, follow, max-snippet:-1, max-image-preview:large, max-video-preview:-1\" \/>\n<link rel=\"canonical\" href=\"https:\/\/www.victoriamedia.org\/ld\/sonyn-\u03b1-e-bajonetin-objektiivimallisto-kasvaa-neljalla-uudella-tayden-kinokoon-objektiivilla-ja-kahdella-tayden-kinokoon-sovittimella\/\" \/>\n<meta property=\"og:locale\" content=\"en_US\" \/>\n<meta property=\"og:type\" content=\"article\" \/>\n<meta property=\"og:title\" content=\"Sonyn \u03b1 E-bajonetin objektiivimallisto kasvaa nelj\u00e4ll\u00e4 uudella t\u00e4yden kinokoon objektiivilla ja kahdella t\u00e4yden kinokoon sovittimella - KAMERAT JA OPTISET LAITTEET\" \/>\n<meta property=\"og:description\" content=\"Runsaudenpulaa vaihtoehdoista: Sonyn \u03b1 E-bajonetin objektiivimallisto kasvaa nelj\u00e4ll\u00e4 uudella t\u00e4yden kinokoon objektiivilla ja kahdella t\u00e4yden kinokoon sovittimella. Zeiss\u00ae Distagon T* FE 35mm F1.4 ZA (SEL35F14Z) t\u00e4yden kinokoon laajakulma FE 90mm F2.8 Macro G OSS (SEL90M28G) t\u00e4yden kinokoon keskipitk\u00e4 makro G-teleobjektiivi FE 24-240mm F3.5-6.3 OSS (SEL24240) 10x t\u00e4yden kinokoon zoom-objektiivi FE 28mm F2 (SEL28F20) t\u00e4yden kinokoon [&hellip;]\" \/>\n<meta property=\"og:url\" content=\"https:\/\/www.victoriamedia.org\/ld\/sonyn-\u03b1-e-bajonetin-objektiivimallisto-kasvaa-neljalla-uudella-tayden-kinokoon-objektiivilla-ja-kahdella-tayden-kinokoon-sovittimella\/\" \/>\n<meta property=\"og:site_name\" content=\"KAMERAT JA OPTISET LAITTEET\" \/>\n<meta property=\"article:publisher\" content=\"https:\/\/www.facebook.com\/victoriamedia\" \/>\n<meta property=\"article:published_time\" content=\"2015-03-04T10:39:27+00:00\" \/>\n<meta property=\"og:image\" content=\"http:\/\/www.victoriamedia.org\/ld\/wp-content\/uploads\/2015\/03\/tg9b39rhcdxaojqfhhbt.jpg\" \/>\n<meta name=\"author\" content=\"Kerttu Vali\" \/>\n<meta name=\"twitter:card\" content=\"summary_large_image\" \/>\n<meta name=\"twitter:creator\" content=\"@uutisparkki\" \/>\n<meta name=\"twitter:site\" content=\"@uutisparkki\" \/>\n<meta name=\"twitter:label1\" content=\"Written by\" \/>\n\t<meta name=\"twitter:data1\" content=\"Kerttu Vali\" \/>\n\t<meta name=\"twitter:label2\" content=\"Est. reading time\" \/>\n\t<meta name=\"twitter:data2\" content=\"1 minute\" \/>\n<script type=\"application\/ld+json\" class=\"yoast-schema-graph\">{\"@context\":\"https:\\\/\\\/schema.org\",\"@graph\":[{\"@type\":\"Article\",\"@id\":\"https:\\\/\\\/www.victoriamedia.org\\\/ld\\\/sonyn-%ce%b1-e-bajonetin-objektiivimallisto-kasvaa-neljalla-uudella-tayden-kinokoon-objektiivilla-ja-kahdella-tayden-kinokoon-sovittimella\\\/#article\",\"isPartOf\":{\"@id\":\"https:\\\/\\\/www.victoriamedia.org\\\/ld\\\/sonyn-%ce%b1-e-bajonetin-objektiivimallisto-kasvaa-neljalla-uudella-tayden-kinokoon-objektiivilla-ja-kahdella-tayden-kinokoon-sovittimella\\\/\"},\"author\":{\"name\":\"Kerttu Vali\",\"@id\":\"https:\\\/\\\/www.victoriamedia.org\\\/ld\\\/#\\\/schema\\\/person\\\/a2e166f07bdda8a5ef0506501655c9ac\"},\"headline\":\"Sonyn \u03b1 E-bajonetin objektiivimallisto kasvaa nelj\u00e4ll\u00e4 uudella t\u00e4yden kinokoon objektiivilla ja kahdella t\u00e4yden kinokoon sovittimella\",\"datePublished\":\"2015-03-04T10:39:27+00:00\",\"mainEntityOfPage\":{\"@id\":\"https:\\\/\\\/www.victoriamedia.org\\\/ld\\\/sonyn-%ce%b1-e-bajonetin-objektiivimallisto-kasvaa-neljalla-uudella-tayden-kinokoon-objektiivilla-ja-kahdella-tayden-kinokoon-sovittimella\\\/\"},\"wordCount\":146,\"publisher\":{\"@id\":\"https:\\\/\\\/www.victoriamedia.org\\\/ld\\\/#organization\"},\"image\":{\"@id\":\"https:\\\/\\\/www.victoriamedia.org\\\/ld\\\/sonyn-%ce%b1-e-bajonetin-objektiivimallisto-kasvaa-neljalla-uudella-tayden-kinokoon-objektiivilla-ja-kahdella-tayden-kinokoon-sovittimella\\\/#primaryimage\"},\"thumbnailUrl\":\"http:\\\/\\\/www.victoriamedia.org\\\/ld\\\/wp-content\\\/uploads\\\/2015\\\/03\\\/tg9b39rhcdxaojqfhhbt.jpg\",\"articleSection\":[\"Objektiivit\"],\"inLanguage\":\"en-US\"},{\"@type\":\"WebPage\",\"@id\":\"https:\\\/\\\/www.victoriamedia.org\\\/ld\\\/sonyn-%ce%b1-e-bajonetin-objektiivimallisto-kasvaa-neljalla-uudella-tayden-kinokoon-objektiivilla-ja-kahdella-tayden-kinokoon-sovittimella\\\/\",\"url\":\"https:\\\/\\\/www.victoriamedia.org\\\/ld\\\/sonyn-%ce%b1-e-bajonetin-objektiivimallisto-kasvaa-neljalla-uudella-tayden-kinokoon-objektiivilla-ja-kahdella-tayden-kinokoon-sovittimella\\\/\",\"name\":\"Sonyn \u03b1 E-bajonetin objektiivimallisto kasvaa nelj\u00e4ll\u00e4 uudella t\u00e4yden kinokoon objektiivilla ja kahdella t\u00e4yden kinokoon sovittimella - KAMERAT JA OPTISET LAITTEET\",\"isPartOf\":{\"@id\":\"https:\\\/\\\/www.victoriamedia.org\\\/ld\\\/#website\"},\"primaryImageOfPage\":{\"@id\":\"https:\\\/\\\/www.victoriamedia.org\\\/ld\\\/sonyn-%ce%b1-e-bajonetin-objektiivimallisto-kasvaa-neljalla-uudella-tayden-kinokoon-objektiivilla-ja-kahdella-tayden-kinokoon-sovittimella\\\/#primaryimage\"},\"image\":{\"@id\":\"https:\\\/\\\/www.victoriamedia.org\\\/ld\\\/sonyn-%ce%b1-e-bajonetin-objektiivimallisto-kasvaa-neljalla-uudella-tayden-kinokoon-objektiivilla-ja-kahdella-tayden-kinokoon-sovittimella\\\/#primaryimage\"},\"thumbnailUrl\":\"http:\\\/\\\/www.victoriamedia.org\\\/ld\\\/wp-content\\\/uploads\\\/2015\\\/03\\\/tg9b39rhcdxaojqfhhbt.jpg\",\"datePublished\":\"2015-03-04T10:39:27+00:00\",\"breadcrumb\":{\"@id\":\"https:\\\/\\\/www.victoriamedia.org\\\/ld\\\/sonyn-%ce%b1-e-bajonetin-objektiivimallisto-kasvaa-neljalla-uudella-tayden-kinokoon-objektiivilla-ja-kahdella-tayden-kinokoon-sovittimella\\\/#breadcrumb\"},\"inLanguage\":\"en-US\",\"potentialAction\":[{\"@type\":\"ReadAction\",\"target\":[\"https:\\\/\\\/www.victoriamedia.org\\\/ld\\\/sonyn-%ce%b1-e-bajonetin-objektiivimallisto-kasvaa-neljalla-uudella-tayden-kinokoon-objektiivilla-ja-kahdella-tayden-kinokoon-sovittimella\\\/\"]}]},{\"@type\":\"ImageObject\",\"inLanguage\":\"en-US\",\"@id\":\"https:\\\/\\\/www.victoriamedia.org\\\/ld\\\/sonyn-%ce%b1-e-bajonetin-objektiivimallisto-kasvaa-neljalla-uudella-tayden-kinokoon-objektiivilla-ja-kahdella-tayden-kinokoon-sovittimella\\\/#primaryimage\",\"url\":\"https:\\\/\\\/www.victoriamedia.org\\\/ld\\\/wp-content\\\/uploads\\\/2015\\\/03\\\/tg9b39rhcdxaojqfhhbt.jpg\",\"contentUrl\":\"https:\\\/\\\/www.victoriamedia.org\\\/ld\\\/wp-content\\\/uploads\\\/2015\\\/03\\\/tg9b39rhcdxaojqfhhbt.jpg\",\"width\":620,\"height\":465},{\"@type\":\"BreadcrumbList\",\"@id\":\"https:\\\/\\\/www.victoriamedia.org\\\/ld\\\/sonyn-%ce%b1-e-bajonetin-objektiivimallisto-kasvaa-neljalla-uudella-tayden-kinokoon-objektiivilla-ja-kahdella-tayden-kinokoon-sovittimella\\\/#breadcrumb\",\"itemListElement\":[{\"@type\":\"ListItem\",\"position\":1,\"name\":\"Home\",\"item\":\"https:\\\/\\\/www.victoriamedia.org\\\/ld\\\/\"},{\"@type\":\"ListItem\",\"position\":2,\"name\":\"Sonyn \u03b1 E-bajonetin objektiivimallisto kasvaa nelj\u00e4ll\u00e4 uudella t\u00e4yden kinokoon objektiivilla ja kahdella t\u00e4yden kinokoon sovittimella\"}]},{\"@type\":\"WebSite\",\"@id\":\"https:\\\/\\\/www.victoriamedia.org\\\/ld\\\/#website\",\"url\":\"https:\\\/\\\/www.victoriamedia.org\\\/ld\\\/\",\"name\":\"KAMERAT JA OPTISET LAITTEET\",\"description\":\"Kamerat Kiikarit ja optiset tarvikkeet\",\"publisher\":{\"@id\":\"https:\\\/\\\/www.victoriamedia.org\\\/ld\\\/#organization\"},\"potentialAction\":[{\"@type\":\"SearchAction\",\"target\":{\"@type\":\"EntryPoint\",\"urlTemplate\":\"https:\\\/\\\/www.victoriamedia.org\\\/ld\\\/?s={search_term_string}\"},\"query-input\":{\"@type\":\"PropertyValueSpecification\",\"valueRequired\":true,\"valueName\":\"search_term_string\"}}],\"inLanguage\":\"en-US\"},{\"@type\":\"Organization\",\"@id\":\"https:\\\/\\\/www.victoriamedia.org\\\/ld\\\/#organization\",\"name\":\"Victoria Media - Kamerauutiset\",\"url\":\"https:\\\/\\\/www.victoriamedia.org\\\/ld\\\/\",\"logo\":{\"@type\":\"ImageObject\",\"inLanguage\":\"en-US\",\"@id\":\"https:\\\/\\\/www.victoriamedia.org\\\/ld\\\/#\\\/schema\\\/logo\\\/image\\\/\",\"url\":\"https:\\\/\\\/www.victoriamedia.org\\\/ld\\\/wp-content\\\/uploads\\\/2022\\\/09\\\/292179098_555417722694101_2682724033383846896_n.png\",\"contentUrl\":\"https:\\\/\\\/www.victoriamedia.org\\\/ld\\\/wp-content\\\/uploads\\\/2022\\\/09\\\/292179098_555417722694101_2682724033383846896_n.png\",\"width\":215,\"height\":165,\"caption\":\"Victoria Media - Kamerauutiset\"},\"image\":{\"@id\":\"https:\\\/\\\/www.victoriamedia.org\\\/ld\\\/#\\\/schema\\\/logo\\\/image\\\/\"},\"sameAs\":[\"https:\\\/\\\/www.facebook.com\\\/victoriamedia\",\"https:\\\/\\\/x.com\\\/uutisparkki\"]},{\"@type\":\"Person\",\"@id\":\"https:\\\/\\\/www.victoriamedia.org\\\/ld\\\/#\\\/schema\\\/person\\\/a2e166f07bdda8a5ef0506501655c9ac\",\"name\":\"Kerttu Vali\",\"image\":{\"@type\":\"ImageObject\",\"inLanguage\":\"en-US\",\"@id\":\"https:\\\/\\\/secure.gravatar.com\\\/avatar\\\/62dbe1a847f655ad987c59fece23f885c4b0e7b06595c36d9597003852972217?s=96&d=mm&r=g\",\"url\":\"https:\\\/\\\/secure.gravatar.com\\\/avatar\\\/62dbe1a847f655ad987c59fece23f885c4b0e7b06595c36d9597003852972217?s=96&d=mm&r=g\",\"contentUrl\":\"https:\\\/\\\/secure.gravatar.com\\\/avatar\\\/62dbe1a847f655ad987c59fece23f885c4b0e7b06595c36d9597003852972217?s=96&d=mm&r=g\",\"caption\":\"Kerttu Vali\"},\"sameAs\":[\"http:\\\/\\\/www.victoriamedia.fi\\\/\"],\"url\":\"https:\\\/\\\/www.victoriamedia.org\\\/ld\\\/author\\\/kerttuvali\\\/\"}]}<\/script>\n<!-- \/ Yoast SEO plugin. -->","yoast_head_json":{"title":"Sonyn \u03b1 E-bajonetin objektiivimallisto kasvaa nelj\u00e4ll\u00e4 uudella t\u00e4yden kinokoon objektiivilla ja kahdella t\u00e4yden kinokoon sovittimella - KAMERAT JA OPTISET LAITTEET","robots":{"index":"index","follow":"follow","max-snippet":"max-snippet:-1","max-image-preview":"max-image-preview:large","max-video-preview":"max-video-preview:-1"},"canonical":"https:\/\/www.victoriamedia.org\/ld\/sonyn-\u03b1-e-bajonetin-objektiivimallisto-kasvaa-neljalla-uudella-tayden-kinokoon-objektiivilla-ja-kahdella-tayden-kinokoon-sovittimella\/","og_locale":"en_US","og_type":"article","og_title":"Sonyn \u03b1 E-bajonetin objektiivimallisto kasvaa nelj\u00e4ll\u00e4 uudella t\u00e4yden kinokoon objektiivilla ja kahdella t\u00e4yden kinokoon sovittimella - KAMERAT JA OPTISET LAITTEET","og_description":"Runsaudenpulaa vaihtoehdoista: Sonyn \u03b1 E-bajonetin objektiivimallisto kasvaa nelj\u00e4ll\u00e4 uudella t\u00e4yden kinokoon objektiivilla ja kahdella t\u00e4yden kinokoon sovittimella. Zeiss\u00ae Distagon T* FE 35mm F1.4 ZA (SEL35F14Z) t\u00e4yden kinokoon laajakulma FE 90mm F2.8 Macro G OSS (SEL90M28G) t\u00e4yden kinokoon keskipitk\u00e4 makro G-teleobjektiivi FE 24-240mm F3.5-6.3 OSS (SEL24240) 10x t\u00e4yden kinokoon zoom-objektiivi FE 28mm F2 (SEL28F20) t\u00e4yden kinokoon [&hellip;]","og_url":"https:\/\/www.victoriamedia.org\/ld\/sonyn-\u03b1-e-bajonetin-objektiivimallisto-kasvaa-neljalla-uudella-tayden-kinokoon-objektiivilla-ja-kahdella-tayden-kinokoon-sovittimella\/","og_site_name":"KAMERAT JA OPTISET LAITTEET","article_publisher":"https:\/\/www.facebook.com\/victoriamedia","article_published_time":"2015-03-04T10:39:27+00:00","og_image":[{"url":"http:\/\/www.victoriamedia.org\/ld\/wp-content\/uploads\/2015\/03\/tg9b39rhcdxaojqfhhbt.jpg","type":"","width":"","height":""}],"author":"Kerttu Vali","twitter_card":"summary_large_image","twitter_creator":"@uutisparkki","twitter_site":"@uutisparkki","twitter_misc":{"Written by":"Kerttu Vali","Est. reading time":"1 minute"},"schema":{"@context":"https:\/\/schema.org","@graph":[{"@type":"Article","@id":"https:\/\/www.victoriamedia.org\/ld\/sonyn-%ce%b1-e-bajonetin-objektiivimallisto-kasvaa-neljalla-uudella-tayden-kinokoon-objektiivilla-ja-kahdella-tayden-kinokoon-sovittimella\/#article","isPartOf":{"@id":"https:\/\/www.victoriamedia.org\/ld\/sonyn-%ce%b1-e-bajonetin-objektiivimallisto-kasvaa-neljalla-uudella-tayden-kinokoon-objektiivilla-ja-kahdella-tayden-kinokoon-sovittimella\/"},"author":{"name":"Kerttu Vali","@id":"https:\/\/www.victoriamedia.org\/ld\/#\/schema\/person\/a2e166f07bdda8a5ef0506501655c9ac"},"headline":"Sonyn \u03b1 E-bajonetin objektiivimallisto kasvaa nelj\u00e4ll\u00e4 uudella t\u00e4yden kinokoon objektiivilla ja kahdella t\u00e4yden kinokoon sovittimella","datePublished":"2015-03-04T10:39:27+00:00","mainEntityOfPage":{"@id":"https:\/\/www.victoriamedia.org\/ld\/sonyn-%ce%b1-e-bajonetin-objektiivimallisto-kasvaa-neljalla-uudella-tayden-kinokoon-objektiivilla-ja-kahdella-tayden-kinokoon-sovittimella\/"},"wordCount":146,"publisher":{"@id":"https:\/\/www.victoriamedia.org\/ld\/#organization"},"image":{"@id":"https:\/\/www.victoriamedia.org\/ld\/sonyn-%ce%b1-e-bajonetin-objektiivimallisto-kasvaa-neljalla-uudella-tayden-kinokoon-objektiivilla-ja-kahdella-tayden-kinokoon-sovittimella\/#primaryimage"},"thumbnailUrl":"http:\/\/www.victoriamedia.org\/ld\/wp-content\/uploads\/2015\/03\/tg9b39rhcdxaojqfhhbt.jpg","articleSection":["Objektiivit"],"inLanguage":"en-US"},{"@type":"WebPage","@id":"https:\/\/www.victoriamedia.org\/ld\/sonyn-%ce%b1-e-bajonetin-objektiivimallisto-kasvaa-neljalla-uudella-tayden-kinokoon-objektiivilla-ja-kahdella-tayden-kinokoon-sovittimella\/","url":"https:\/\/www.victoriamedia.org\/ld\/sonyn-%ce%b1-e-bajonetin-objektiivimallisto-kasvaa-neljalla-uudella-tayden-kinokoon-objektiivilla-ja-kahdella-tayden-kinokoon-sovittimella\/","name":"Sonyn \u03b1 E-bajonetin objektiivimallisto kasvaa nelj\u00e4ll\u00e4 uudella t\u00e4yden kinokoon objektiivilla ja kahdella t\u00e4yden kinokoon sovittimella - KAMERAT JA OPTISET LAITTEET","isPartOf":{"@id":"https:\/\/www.victoriamedia.org\/ld\/#website"},"primaryImageOfPage":{"@id":"https:\/\/www.victoriamedia.org\/ld\/sonyn-%ce%b1-e-bajonetin-objektiivimallisto-kasvaa-neljalla-uudella-tayden-kinokoon-objektiivilla-ja-kahdella-tayden-kinokoon-sovittimella\/#primaryimage"},"image":{"@id":"https:\/\/www.victoriamedia.org\/ld\/sonyn-%ce%b1-e-bajonetin-objektiivimallisto-kasvaa-neljalla-uudella-tayden-kinokoon-objektiivilla-ja-kahdella-tayden-kinokoon-sovittimella\/#primaryimage"},"thumbnailUrl":"http:\/\/www.victoriamedia.org\/ld\/wp-content\/uploads\/2015\/03\/tg9b39rhcdxaojqfhhbt.jpg","datePublished":"2015-03-04T10:39:27+00:00","breadcrumb":{"@id":"https:\/\/www.victoriamedia.org\/ld\/sonyn-%ce%b1-e-bajonetin-objektiivimallisto-kasvaa-neljalla-uudella-tayden-kinokoon-objektiivilla-ja-kahdella-tayden-kinokoon-sovittimella\/#breadcrumb"},"inLanguage":"en-US","potentialAction":[{"@type":"ReadAction","target":["https:\/\/www.victoriamedia.org\/ld\/sonyn-%ce%b1-e-bajonetin-objektiivimallisto-kasvaa-neljalla-uudella-tayden-kinokoon-objektiivilla-ja-kahdella-tayden-kinokoon-sovittimella\/"]}]},{"@type":"ImageObject","inLanguage":"en-US","@id":"https:\/\/www.victoriamedia.org\/ld\/sonyn-%ce%b1-e-bajonetin-objektiivimallisto-kasvaa-neljalla-uudella-tayden-kinokoon-objektiivilla-ja-kahdella-tayden-kinokoon-sovittimella\/#primaryimage","url":"https:\/\/www.victoriamedia.org\/ld\/wp-content\/uploads\/2015\/03\/tg9b39rhcdxaojqfhhbt.jpg","contentUrl":"https:\/\/www.victoriamedia.org\/ld\/wp-content\/uploads\/2015\/03\/tg9b39rhcdxaojqfhhbt.jpg","width":620,"height":465},{"@type":"BreadcrumbList","@id":"https:\/\/www.victoriamedia.org\/ld\/sonyn-%ce%b1-e-bajonetin-objektiivimallisto-kasvaa-neljalla-uudella-tayden-kinokoon-objektiivilla-ja-kahdella-tayden-kinokoon-sovittimella\/#breadcrumb","itemListElement":[{"@type":"ListItem","position":1,"name":"Home","item":"https:\/\/www.victoriamedia.org\/ld\/"},{"@type":"ListItem","position":2,"name":"Sonyn \u03b1 E-bajonetin objektiivimallisto kasvaa nelj\u00e4ll\u00e4 uudella t\u00e4yden kinokoon objektiivilla ja kahdella t\u00e4yden kinokoon sovittimella"}]},{"@type":"WebSite","@id":"https:\/\/www.victoriamedia.org\/ld\/#website","url":"https:\/\/www.victoriamedia.org\/ld\/","name":"KAMERAT JA OPTISET LAITTEET","description":"Kamerat Kiikarit ja optiset tarvikkeet","publisher":{"@id":"https:\/\/www.victoriamedia.org\/ld\/#organization"},"potentialAction":[{"@type":"SearchAction","target":{"@type":"EntryPoint","urlTemplate":"https:\/\/www.victoriamedia.org\/ld\/?s={search_term_string}"},"query-input":{"@type":"PropertyValueSpecification","valueRequired":true,"valueName":"search_term_string"}}],"inLanguage":"en-US"},{"@type":"Organization","@id":"https:\/\/www.victoriamedia.org\/ld\/#organization","name":"Victoria Media - Kamerauutiset","url":"https:\/\/www.victoriamedia.org\/ld\/","logo":{"@type":"ImageObject","inLanguage":"en-US","@id":"https:\/\/www.victoriamedia.org\/ld\/#\/schema\/logo\/image\/","url":"https:\/\/www.victoriamedia.org\/ld\/wp-content\/uploads\/2022\/09\/292179098_555417722694101_2682724033383846896_n.png","contentUrl":"https:\/\/www.victoriamedia.org\/ld\/wp-content\/uploads\/2022\/09\/292179098_555417722694101_2682724033383846896_n.png","width":215,"height":165,"caption":"Victoria Media - Kamerauutiset"},"image":{"@id":"https:\/\/www.victoriamedia.org\/ld\/#\/schema\/logo\/image\/"},"sameAs":["https:\/\/www.facebook.com\/victoriamedia","https:\/\/x.com\/uutisparkki"]},{"@type":"Person","@id":"https:\/\/www.victoriamedia.org\/ld\/#\/schema\/person\/a2e166f07bdda8a5ef0506501655c9ac","name":"Kerttu Vali","image":{"@type":"ImageObject","inLanguage":"en-US","@id":"https:\/\/secure.gravatar.com\/avatar\/62dbe1a847f655ad987c59fece23f885c4b0e7b06595c36d9597003852972217?s=96&d=mm&r=g","url":"https:\/\/secure.gravatar.com\/avatar\/62dbe1a847f655ad987c59fece23f885c4b0e7b06595c36d9597003852972217?s=96&d=mm&r=g","contentUrl":"https:\/\/secure.gravatar.com\/avatar\/62dbe1a847f655ad987c59fece23f885c4b0e7b06595c36d9597003852972217?s=96&d=mm&r=g","caption":"Kerttu Vali"},"sameAs":["http:\/\/www.victoriamedia.fi\/"],"url":"https:\/\/www.victoriamedia.org\/ld\/author\/kerttuvali\/"}]}},"_links":{"self":[{"href":"https:\/\/www.victoriamedia.org\/ld\/wp-json\/wp\/v2\/posts\/417","targetHints":{"allow":["GET"]}}],"collection":[{"href":"https:\/\/www.victoriamedia.org\/ld\/wp-json\/wp\/v2\/posts"}],"about":[{"href":"https:\/\/www.victoriamedia.org\/ld\/wp-json\/wp\/v2\/types\/post"}],"author":[{"embeddable":true,"href":"https:\/\/www.victoriamedia.org\/ld\/wp-json\/wp\/v2\/users\/1"}],"replies":[{"embeddable":true,"href":"https:\/\/www.victoriamedia.org\/ld\/wp-json\/wp\/v2\/comments?post=417"}],"version-history":[{"count":1,"href":"https:\/\/www.victoriamedia.org\/ld\/wp-json\/wp\/v2\/posts\/417\/revisions"}],"predecessor-version":[{"id":419,"href":"https:\/\/www.victoriamedia.org\/ld\/wp-json\/wp\/v2\/posts\/417\/revisions\/419"}],"wp:attachment":[{"href":"https:\/\/www.victoriamedia.org\/ld\/wp-json\/wp\/v2\/media?parent=417"}],"wp:term":[{"taxonomy":"category","embeddable":true,"href":"https:\/\/www.victoriamedia.org\/ld\/wp-json\/wp\/v2\/categories?post=417"},{"taxonomy":"post_tag","embeddable":true,"href":"https:\/\/www.victoriamedia.org\/ld\/wp-json\/wp\/v2\/tags?post=417"}],"curies":[{"name":"wp","href":"https:\/\/api.w.org\/{rel}","templated":true}]}}