{"id":414,"date":"2015-03-03T12:10:39","date_gmt":"2015-03-03T12:10:39","guid":{"rendered":"http:\/\/www.victoriamedia.org\/ld\/?p=414"},"modified":"2015-03-03T12:10:39","modified_gmt":"2015-03-03T12:10:39","slug":"finnfoto-palkinto-2015-merja-salolle","status":"publish","type":"post","link":"https:\/\/www.victoriamedia.org\/ld\/finnfoto-palkinto-2015-merja-salolle\/","title":{"rendered":"Finnfoto-palkinto 2015 Merja Salolle"},"content":{"rendered":"<p><a href=\"http:\/\/www.victoriamedia.org\/ld\/wp-content\/uploads\/2015\/03\/merja_salo_finnfotopalkinto.jpg\"><img loading=\"lazy\" decoding=\"async\" class=\"alignnone size-medium wp-image-415\" src=\"http:\/\/www.victoriamedia.org\/ld\/wp-content\/uploads\/2015\/03\/merja_salo_finnfotopalkinto-200x300.jpg\" alt=\"merja_salo_finnfotopalkinto\" width=\"200\" height=\"300\" srcset=\"https:\/\/www.victoriamedia.org\/ld\/wp-content\/uploads\/2015\/03\/merja_salo_finnfotopalkinto-200x300.jpg 200w, https:\/\/www.victoriamedia.org\/ld\/wp-content\/uploads\/2015\/03\/merja_salo_finnfotopalkinto-683x1024.jpg 683w\" sizes=\"auto, (max-width: 200px) 100vw, 200px\" \/><\/a><\/p>\n<p>Suomen valokuvaj\u00e4rjest\u00f6jen keskusliitto Finnfoto ry on my\u00f6nt\u00e4nyt valokuva-alan Finnfoto-palkinnon vuonna 2015 kuvallisen viestinn\u00e4n ja valokuvauksen professori Merja Salolle. Suomen Messus\u00e4\u00e4ti\u00f6n rahoittama 3000 euron arvoinen palkinto luovutetaan voittajalle Kuva&amp;Kamera 2015 -tapahtumassa Messukeskuksessa Helsingiss\u00e4 perjantaina 6.3.2015 klo 11.30.<\/p>\n<p>Finnfoto-palkinto annetaan vuosittain henkil\u00f6lle tai yhteis\u00f6lle, joka on merkitt\u00e4v\u00e4sti vaikuttanut suomalaisen valokuvauksen kehitykseen sek\u00e4 luonut edellytyksi\u00e4 valokuvan arvostuksen lis\u00e4\u00e4miselle.<\/p>\n<p>Kuvallisen viestinn\u00e4n ja valokuvauksen professori Merja Salo (s. 1953, H\u00e4meenlinna) on suorittanut Taideteollisen korkeakoulun koulutuskeskuksen valokuvauslinjan tutkinnon vuonna1984. Taiteen tohtoriksi h\u00e4n v\u00e4itteli Taideteollisessa korkeakoulussa vuonna 1997.<\/p>\n<p>Tampereen yliopistossa toimittajan tutkinnon (sosionomi) 1979 suorittanut Merja Salo oli Suomen Tietotoimiston ulkomaantoimittajana 1980-1988 ja vapaana valokuvaajana sek\u00e4 kirjoittajana 1988-93. Taideteollisen korkeakoulun (nyk. Aalto-yliopisto) kuvallisen viestinn\u00e4n ja valokuvauksen professoriksi Merja Salo nimitettiin 1994, jossa toimessa h\u00e4n jatkaa edelleen.<\/p>\n<p>Valokuvaajana ja my\u00f6s kirjoittajana professori Merja Salo on todellinen moniottelija. Kattavan opetus- ja tutkimusuran ohella h\u00e4n on muun muassa tuottanut runsaasti valokuvaa ja valokuvausta monista n\u00e4k\u00f6kulmista k\u00e4sittelevi\u00e4 ja valottavia artikkeleita, joita on julkaistu muun muassa lukuisissa lehdiss\u00e4 ja kirjoissa.<\/p>\n<p>Monipuolisena valokuva-alan tutkijana ja kouluttajana arvostettu Merja Salo on ollut my\u00f6s suosittu luennoitsija muissa alan oppilaitoksissa kuten Helsingin Yliopiston viestinn\u00e4n laitoksella ja Lahden muotoiluinstituutissa.<\/p>\n<p>Valokuvaajana Merja Salo on toteuttanut niin omia valokuvan\u00e4yttelyit\u00e4\u00e4n kuin osallistunut lukuisiin ryhm\u00e4n\u00e4yttelyihin.<\/p>\n<p>T\u00e4ll\u00e4 hetkell\u00e4 tutkimusvapaalla oleva professori Merja Salo ty\u00f6st\u00e4\u00e4 kirjaa suomalaisen valokuvauksen digitalisoitumisen historiasta. Sen on tarkoitus ilmesty\u00e4 syksyll\u00e4 2015.<\/p>\n<p>Kuvallisen viestinn\u00e4n ja valokuvauksen professori Merja Salo on 18. Finnfoto-palkinnon saaja. Aikaisemmat palkitut ovat Matti J. Kaleva, Mikko Pekari, Tuomo-Juhani Vuorenmaa, Salme Simanainen, Kai Nordberg, Hannu Hautala, Rashid Nasretdin, Leena Saraste, Jukka Kukkonen, Sakari Nenye, Lassi Rautiainen, Pekka Punkari, Boris Fagerstr\u00f6m, Juha Suonp\u00e4\u00e4, Kari Kuukka, Benjam P\u00f6ntinen ja Laura Luostarinen. Finnfoto-palkinnon arvo on 3000 euroa ja sen rahoittaa Suomen Messus\u00e4\u00e4ti\u00f6.<\/p>\n<p>Vuonna 1970 perustettu Suomen valokuvaj\u00e4rjest\u00f6jen keskusliitto Finnfoto ry edist\u00e4\u00e4 valokuvataidetta ja -kulttuuria ja toimii etenkin ammattivalokuvaajien arvostuksen ja aseman parantamiseksi sek\u00e4 edist\u00e4\u00e4 valokuvaajien yhteisty\u00f6t\u00e4 kansallisella ja kansainv\u00e4lisell\u00e4 tasolla.<\/p>\n","protected":false},"excerpt":{"rendered":"<p>Suomen valokuvaj\u00e4rjest\u00f6jen keskusliitto Finnfoto ry on my\u00f6nt\u00e4nyt valokuva-alan Finnfoto-palkinnon vuonna 2015 kuvallisen viestinn\u00e4n ja valokuvauksen professori Merja Salolle. Suomen Messus\u00e4\u00e4ti\u00f6n rahoittama 3000 euron arvoinen palkinto luovutetaan voittajalle Kuva&amp;Kamera 2015 -tapahtumassa Messukeskuksessa Helsingiss\u00e4 perjantaina 6.3.2015 klo 11.30. Finnfoto-palkinto annetaan vuosittain henkil\u00f6lle tai yhteis\u00f6lle, joka on merkitt\u00e4v\u00e4sti vaikuttanut suomalaisen valokuvauksen kehitykseen sek\u00e4 luonut edellytyksi\u00e4 valokuvan arvostuksen lis\u00e4\u00e4miselle. [&hellip;]<\/p>\n","protected":false},"author":1,"featured_media":0,"comment_status":"closed","ping_status":"closed","sticky":false,"template":"","format":"standard","meta":{"footnotes":""},"categories":[13],"tags":[],"class_list":["post-414","post","type-post","status-publish","format-standard","hentry","category-finnfoto-ry"],"yoast_head":"<!-- This site is optimized with the Yoast SEO plugin v27.5 - https:\/\/yoast.com\/product\/yoast-seo-wordpress\/ -->\n<title>Finnfoto-palkinto 2015 Merja Salolle - KAMERAT JA OPTISET LAITTEET<\/title>\n<meta name=\"robots\" content=\"index, follow, max-snippet:-1, max-image-preview:large, max-video-preview:-1\" \/>\n<link rel=\"canonical\" href=\"https:\/\/www.victoriamedia.org\/ld\/finnfoto-palkinto-2015-merja-salolle\/\" \/>\n<meta property=\"og:locale\" content=\"en_US\" \/>\n<meta property=\"og:type\" content=\"article\" \/>\n<meta property=\"og:title\" content=\"Finnfoto-palkinto 2015 Merja Salolle - KAMERAT JA OPTISET LAITTEET\" \/>\n<meta property=\"og:description\" content=\"Suomen valokuvaj\u00e4rjest\u00f6jen keskusliitto Finnfoto ry on my\u00f6nt\u00e4nyt valokuva-alan Finnfoto-palkinnon vuonna 2015 kuvallisen viestinn\u00e4n ja valokuvauksen professori Merja Salolle. Suomen Messus\u00e4\u00e4ti\u00f6n rahoittama 3000 euron arvoinen palkinto luovutetaan voittajalle Kuva&amp;Kamera 2015 -tapahtumassa Messukeskuksessa Helsingiss\u00e4 perjantaina 6.3.2015 klo 11.30. Finnfoto-palkinto annetaan vuosittain henkil\u00f6lle tai yhteis\u00f6lle, joka on merkitt\u00e4v\u00e4sti vaikuttanut suomalaisen valokuvauksen kehitykseen sek\u00e4 luonut edellytyksi\u00e4 valokuvan arvostuksen lis\u00e4\u00e4miselle. [&hellip;]\" \/>\n<meta property=\"og:url\" content=\"https:\/\/www.victoriamedia.org\/ld\/finnfoto-palkinto-2015-merja-salolle\/\" \/>\n<meta property=\"og:site_name\" content=\"KAMERAT JA OPTISET LAITTEET\" \/>\n<meta property=\"article:publisher\" content=\"https:\/\/www.facebook.com\/victoriamedia\" \/>\n<meta property=\"article:published_time\" content=\"2015-03-03T12:10:39+00:00\" \/>\n<meta property=\"og:image\" content=\"http:\/\/www.victoriamedia.org\/ld\/wp-content\/uploads\/2015\/03\/merja_salo_finnfotopalkinto-200x300.jpg\" \/>\n<meta name=\"author\" content=\"Kerttu Vali\" \/>\n<meta name=\"twitter:card\" content=\"summary_large_image\" \/>\n<meta name=\"twitter:creator\" content=\"@uutisparkki\" \/>\n<meta name=\"twitter:site\" content=\"@uutisparkki\" \/>\n<meta name=\"twitter:label1\" content=\"Written by\" \/>\n\t<meta name=\"twitter:data1\" content=\"Kerttu Vali\" \/>\n\t<meta name=\"twitter:label2\" content=\"Est. reading time\" \/>\n\t<meta name=\"twitter:data2\" content=\"2 minutes\" \/>\n<script type=\"application\/ld+json\" class=\"yoast-schema-graph\">{\"@context\":\"https:\\\/\\\/schema.org\",\"@graph\":[{\"@type\":\"Article\",\"@id\":\"https:\\\/\\\/www.victoriamedia.org\\\/ld\\\/finnfoto-palkinto-2015-merja-salolle\\\/#article\",\"isPartOf\":{\"@id\":\"https:\\\/\\\/www.victoriamedia.org\\\/ld\\\/finnfoto-palkinto-2015-merja-salolle\\\/\"},\"author\":{\"name\":\"Kerttu Vali\",\"@id\":\"https:\\\/\\\/www.victoriamedia.org\\\/ld\\\/#\\\/schema\\\/person\\\/a2e166f07bdda8a5ef0506501655c9ac\"},\"headline\":\"Finnfoto-palkinto 2015 Merja Salolle\",\"datePublished\":\"2015-03-03T12:10:39+00:00\",\"mainEntityOfPage\":{\"@id\":\"https:\\\/\\\/www.victoriamedia.org\\\/ld\\\/finnfoto-palkinto-2015-merja-salolle\\\/\"},\"wordCount\":332,\"publisher\":{\"@id\":\"https:\\\/\\\/www.victoriamedia.org\\\/ld\\\/#organization\"},\"image\":{\"@id\":\"https:\\\/\\\/www.victoriamedia.org\\\/ld\\\/finnfoto-palkinto-2015-merja-salolle\\\/#primaryimage\"},\"thumbnailUrl\":\"http:\\\/\\\/www.victoriamedia.org\\\/ld\\\/wp-content\\\/uploads\\\/2015\\\/03\\\/merja_salo_finnfotopalkinto-200x300.jpg\",\"articleSection\":[\"Finnfoto Ry\"],\"inLanguage\":\"en-US\"},{\"@type\":\"WebPage\",\"@id\":\"https:\\\/\\\/www.victoriamedia.org\\\/ld\\\/finnfoto-palkinto-2015-merja-salolle\\\/\",\"url\":\"https:\\\/\\\/www.victoriamedia.org\\\/ld\\\/finnfoto-palkinto-2015-merja-salolle\\\/\",\"name\":\"Finnfoto-palkinto 2015 Merja Salolle - KAMERAT JA OPTISET LAITTEET\",\"isPartOf\":{\"@id\":\"https:\\\/\\\/www.victoriamedia.org\\\/ld\\\/#website\"},\"primaryImageOfPage\":{\"@id\":\"https:\\\/\\\/www.victoriamedia.org\\\/ld\\\/finnfoto-palkinto-2015-merja-salolle\\\/#primaryimage\"},\"image\":{\"@id\":\"https:\\\/\\\/www.victoriamedia.org\\\/ld\\\/finnfoto-palkinto-2015-merja-salolle\\\/#primaryimage\"},\"thumbnailUrl\":\"http:\\\/\\\/www.victoriamedia.org\\\/ld\\\/wp-content\\\/uploads\\\/2015\\\/03\\\/merja_salo_finnfotopalkinto-200x300.jpg\",\"datePublished\":\"2015-03-03T12:10:39+00:00\",\"breadcrumb\":{\"@id\":\"https:\\\/\\\/www.victoriamedia.org\\\/ld\\\/finnfoto-palkinto-2015-merja-salolle\\\/#breadcrumb\"},\"inLanguage\":\"en-US\",\"potentialAction\":[{\"@type\":\"ReadAction\",\"target\":[\"https:\\\/\\\/www.victoriamedia.org\\\/ld\\\/finnfoto-palkinto-2015-merja-salolle\\\/\"]}]},{\"@type\":\"ImageObject\",\"inLanguage\":\"en-US\",\"@id\":\"https:\\\/\\\/www.victoriamedia.org\\\/ld\\\/finnfoto-palkinto-2015-merja-salolle\\\/#primaryimage\",\"url\":\"https:\\\/\\\/www.victoriamedia.org\\\/ld\\\/wp-content\\\/uploads\\\/2015\\\/03\\\/merja_salo_finnfotopalkinto.jpg\",\"contentUrl\":\"https:\\\/\\\/www.victoriamedia.org\\\/ld\\\/wp-content\\\/uploads\\\/2015\\\/03\\\/merja_salo_finnfotopalkinto.jpg\",\"width\":2336,\"height\":3504},{\"@type\":\"BreadcrumbList\",\"@id\":\"https:\\\/\\\/www.victoriamedia.org\\\/ld\\\/finnfoto-palkinto-2015-merja-salolle\\\/#breadcrumb\",\"itemListElement\":[{\"@type\":\"ListItem\",\"position\":1,\"name\":\"Home\",\"item\":\"https:\\\/\\\/www.victoriamedia.org\\\/ld\\\/\"},{\"@type\":\"ListItem\",\"position\":2,\"name\":\"Finnfoto-palkinto 2015 Merja Salolle\"}]},{\"@type\":\"WebSite\",\"@id\":\"https:\\\/\\\/www.victoriamedia.org\\\/ld\\\/#website\",\"url\":\"https:\\\/\\\/www.victoriamedia.org\\\/ld\\\/\",\"name\":\"KAMERAT JA OPTISET LAITTEET\",\"description\":\"Kamerat Kiikarit ja optiset tarvikkeet\",\"publisher\":{\"@id\":\"https:\\\/\\\/www.victoriamedia.org\\\/ld\\\/#organization\"},\"potentialAction\":[{\"@type\":\"SearchAction\",\"target\":{\"@type\":\"EntryPoint\",\"urlTemplate\":\"https:\\\/\\\/www.victoriamedia.org\\\/ld\\\/?s={search_term_string}\"},\"query-input\":{\"@type\":\"PropertyValueSpecification\",\"valueRequired\":true,\"valueName\":\"search_term_string\"}}],\"inLanguage\":\"en-US\"},{\"@type\":\"Organization\",\"@id\":\"https:\\\/\\\/www.victoriamedia.org\\\/ld\\\/#organization\",\"name\":\"Victoria Media - Kamerauutiset\",\"url\":\"https:\\\/\\\/www.victoriamedia.org\\\/ld\\\/\",\"logo\":{\"@type\":\"ImageObject\",\"inLanguage\":\"en-US\",\"@id\":\"https:\\\/\\\/www.victoriamedia.org\\\/ld\\\/#\\\/schema\\\/logo\\\/image\\\/\",\"url\":\"https:\\\/\\\/www.victoriamedia.org\\\/ld\\\/wp-content\\\/uploads\\\/2022\\\/09\\\/292179098_555417722694101_2682724033383846896_n.png\",\"contentUrl\":\"https:\\\/\\\/www.victoriamedia.org\\\/ld\\\/wp-content\\\/uploads\\\/2022\\\/09\\\/292179098_555417722694101_2682724033383846896_n.png\",\"width\":215,\"height\":165,\"caption\":\"Victoria Media - Kamerauutiset\"},\"image\":{\"@id\":\"https:\\\/\\\/www.victoriamedia.org\\\/ld\\\/#\\\/schema\\\/logo\\\/image\\\/\"},\"sameAs\":[\"https:\\\/\\\/www.facebook.com\\\/victoriamedia\",\"https:\\\/\\\/x.com\\\/uutisparkki\"]},{\"@type\":\"Person\",\"@id\":\"https:\\\/\\\/www.victoriamedia.org\\\/ld\\\/#\\\/schema\\\/person\\\/a2e166f07bdda8a5ef0506501655c9ac\",\"name\":\"Kerttu Vali\",\"image\":{\"@type\":\"ImageObject\",\"inLanguage\":\"en-US\",\"@id\":\"https:\\\/\\\/secure.gravatar.com\\\/avatar\\\/62dbe1a847f655ad987c59fece23f885c4b0e7b06595c36d9597003852972217?s=96&d=mm&r=g\",\"url\":\"https:\\\/\\\/secure.gravatar.com\\\/avatar\\\/62dbe1a847f655ad987c59fece23f885c4b0e7b06595c36d9597003852972217?s=96&d=mm&r=g\",\"contentUrl\":\"https:\\\/\\\/secure.gravatar.com\\\/avatar\\\/62dbe1a847f655ad987c59fece23f885c4b0e7b06595c36d9597003852972217?s=96&d=mm&r=g\",\"caption\":\"Kerttu Vali\"},\"sameAs\":[\"http:\\\/\\\/www.victoriamedia.fi\\\/\"],\"url\":\"https:\\\/\\\/www.victoriamedia.org\\\/ld\\\/author\\\/kerttuvali\\\/\"}]}<\/script>\n<!-- \/ Yoast SEO plugin. -->","yoast_head_json":{"title":"Finnfoto-palkinto 2015 Merja Salolle - KAMERAT JA OPTISET LAITTEET","robots":{"index":"index","follow":"follow","max-snippet":"max-snippet:-1","max-image-preview":"max-image-preview:large","max-video-preview":"max-video-preview:-1"},"canonical":"https:\/\/www.victoriamedia.org\/ld\/finnfoto-palkinto-2015-merja-salolle\/","og_locale":"en_US","og_type":"article","og_title":"Finnfoto-palkinto 2015 Merja Salolle - KAMERAT JA OPTISET LAITTEET","og_description":"Suomen valokuvaj\u00e4rjest\u00f6jen keskusliitto Finnfoto ry on my\u00f6nt\u00e4nyt valokuva-alan Finnfoto-palkinnon vuonna 2015 kuvallisen viestinn\u00e4n ja valokuvauksen professori Merja Salolle. Suomen Messus\u00e4\u00e4ti\u00f6n rahoittama 3000 euron arvoinen palkinto luovutetaan voittajalle Kuva&amp;Kamera 2015 -tapahtumassa Messukeskuksessa Helsingiss\u00e4 perjantaina 6.3.2015 klo 11.30. Finnfoto-palkinto annetaan vuosittain henkil\u00f6lle tai yhteis\u00f6lle, joka on merkitt\u00e4v\u00e4sti vaikuttanut suomalaisen valokuvauksen kehitykseen sek\u00e4 luonut edellytyksi\u00e4 valokuvan arvostuksen lis\u00e4\u00e4miselle. [&hellip;]","og_url":"https:\/\/www.victoriamedia.org\/ld\/finnfoto-palkinto-2015-merja-salolle\/","og_site_name":"KAMERAT JA OPTISET LAITTEET","article_publisher":"https:\/\/www.facebook.com\/victoriamedia","article_published_time":"2015-03-03T12:10:39+00:00","og_image":[{"url":"http:\/\/www.victoriamedia.org\/ld\/wp-content\/uploads\/2015\/03\/merja_salo_finnfotopalkinto-200x300.jpg","type":"","width":"","height":""}],"author":"Kerttu Vali","twitter_card":"summary_large_image","twitter_creator":"@uutisparkki","twitter_site":"@uutisparkki","twitter_misc":{"Written by":"Kerttu Vali","Est. reading time":"2 minutes"},"schema":{"@context":"https:\/\/schema.org","@graph":[{"@type":"Article","@id":"https:\/\/www.victoriamedia.org\/ld\/finnfoto-palkinto-2015-merja-salolle\/#article","isPartOf":{"@id":"https:\/\/www.victoriamedia.org\/ld\/finnfoto-palkinto-2015-merja-salolle\/"},"author":{"name":"Kerttu Vali","@id":"https:\/\/www.victoriamedia.org\/ld\/#\/schema\/person\/a2e166f07bdda8a5ef0506501655c9ac"},"headline":"Finnfoto-palkinto 2015 Merja Salolle","datePublished":"2015-03-03T12:10:39+00:00","mainEntityOfPage":{"@id":"https:\/\/www.victoriamedia.org\/ld\/finnfoto-palkinto-2015-merja-salolle\/"},"wordCount":332,"publisher":{"@id":"https:\/\/www.victoriamedia.org\/ld\/#organization"},"image":{"@id":"https:\/\/www.victoriamedia.org\/ld\/finnfoto-palkinto-2015-merja-salolle\/#primaryimage"},"thumbnailUrl":"http:\/\/www.victoriamedia.org\/ld\/wp-content\/uploads\/2015\/03\/merja_salo_finnfotopalkinto-200x300.jpg","articleSection":["Finnfoto Ry"],"inLanguage":"en-US"},{"@type":"WebPage","@id":"https:\/\/www.victoriamedia.org\/ld\/finnfoto-palkinto-2015-merja-salolle\/","url":"https:\/\/www.victoriamedia.org\/ld\/finnfoto-palkinto-2015-merja-salolle\/","name":"Finnfoto-palkinto 2015 Merja Salolle - KAMERAT JA OPTISET LAITTEET","isPartOf":{"@id":"https:\/\/www.victoriamedia.org\/ld\/#website"},"primaryImageOfPage":{"@id":"https:\/\/www.victoriamedia.org\/ld\/finnfoto-palkinto-2015-merja-salolle\/#primaryimage"},"image":{"@id":"https:\/\/www.victoriamedia.org\/ld\/finnfoto-palkinto-2015-merja-salolle\/#primaryimage"},"thumbnailUrl":"http:\/\/www.victoriamedia.org\/ld\/wp-content\/uploads\/2015\/03\/merja_salo_finnfotopalkinto-200x300.jpg","datePublished":"2015-03-03T12:10:39+00:00","breadcrumb":{"@id":"https:\/\/www.victoriamedia.org\/ld\/finnfoto-palkinto-2015-merja-salolle\/#breadcrumb"},"inLanguage":"en-US","potentialAction":[{"@type":"ReadAction","target":["https:\/\/www.victoriamedia.org\/ld\/finnfoto-palkinto-2015-merja-salolle\/"]}]},{"@type":"ImageObject","inLanguage":"en-US","@id":"https:\/\/www.victoriamedia.org\/ld\/finnfoto-palkinto-2015-merja-salolle\/#primaryimage","url":"https:\/\/www.victoriamedia.org\/ld\/wp-content\/uploads\/2015\/03\/merja_salo_finnfotopalkinto.jpg","contentUrl":"https:\/\/www.victoriamedia.org\/ld\/wp-content\/uploads\/2015\/03\/merja_salo_finnfotopalkinto.jpg","width":2336,"height":3504},{"@type":"BreadcrumbList","@id":"https:\/\/www.victoriamedia.org\/ld\/finnfoto-palkinto-2015-merja-salolle\/#breadcrumb","itemListElement":[{"@type":"ListItem","position":1,"name":"Home","item":"https:\/\/www.victoriamedia.org\/ld\/"},{"@type":"ListItem","position":2,"name":"Finnfoto-palkinto 2015 Merja Salolle"}]},{"@type":"WebSite","@id":"https:\/\/www.victoriamedia.org\/ld\/#website","url":"https:\/\/www.victoriamedia.org\/ld\/","name":"KAMERAT JA OPTISET LAITTEET","description":"Kamerat Kiikarit ja optiset tarvikkeet","publisher":{"@id":"https:\/\/www.victoriamedia.org\/ld\/#organization"},"potentialAction":[{"@type":"SearchAction","target":{"@type":"EntryPoint","urlTemplate":"https:\/\/www.victoriamedia.org\/ld\/?s={search_term_string}"},"query-input":{"@type":"PropertyValueSpecification","valueRequired":true,"valueName":"search_term_string"}}],"inLanguage":"en-US"},{"@type":"Organization","@id":"https:\/\/www.victoriamedia.org\/ld\/#organization","name":"Victoria Media - Kamerauutiset","url":"https:\/\/www.victoriamedia.org\/ld\/","logo":{"@type":"ImageObject","inLanguage":"en-US","@id":"https:\/\/www.victoriamedia.org\/ld\/#\/schema\/logo\/image\/","url":"https:\/\/www.victoriamedia.org\/ld\/wp-content\/uploads\/2022\/09\/292179098_555417722694101_2682724033383846896_n.png","contentUrl":"https:\/\/www.victoriamedia.org\/ld\/wp-content\/uploads\/2022\/09\/292179098_555417722694101_2682724033383846896_n.png","width":215,"height":165,"caption":"Victoria Media - Kamerauutiset"},"image":{"@id":"https:\/\/www.victoriamedia.org\/ld\/#\/schema\/logo\/image\/"},"sameAs":["https:\/\/www.facebook.com\/victoriamedia","https:\/\/x.com\/uutisparkki"]},{"@type":"Person","@id":"https:\/\/www.victoriamedia.org\/ld\/#\/schema\/person\/a2e166f07bdda8a5ef0506501655c9ac","name":"Kerttu Vali","image":{"@type":"ImageObject","inLanguage":"en-US","@id":"https:\/\/secure.gravatar.com\/avatar\/62dbe1a847f655ad987c59fece23f885c4b0e7b06595c36d9597003852972217?s=96&d=mm&r=g","url":"https:\/\/secure.gravatar.com\/avatar\/62dbe1a847f655ad987c59fece23f885c4b0e7b06595c36d9597003852972217?s=96&d=mm&r=g","contentUrl":"https:\/\/secure.gravatar.com\/avatar\/62dbe1a847f655ad987c59fece23f885c4b0e7b06595c36d9597003852972217?s=96&d=mm&r=g","caption":"Kerttu Vali"},"sameAs":["http:\/\/www.victoriamedia.fi\/"],"url":"https:\/\/www.victoriamedia.org\/ld\/author\/kerttuvali\/"}]}},"_links":{"self":[{"href":"https:\/\/www.victoriamedia.org\/ld\/wp-json\/wp\/v2\/posts\/414","targetHints":{"allow":["GET"]}}],"collection":[{"href":"https:\/\/www.victoriamedia.org\/ld\/wp-json\/wp\/v2\/posts"}],"about":[{"href":"https:\/\/www.victoriamedia.org\/ld\/wp-json\/wp\/v2\/types\/post"}],"author":[{"embeddable":true,"href":"https:\/\/www.victoriamedia.org\/ld\/wp-json\/wp\/v2\/users\/1"}],"replies":[{"embeddable":true,"href":"https:\/\/www.victoriamedia.org\/ld\/wp-json\/wp\/v2\/comments?post=414"}],"version-history":[{"count":1,"href":"https:\/\/www.victoriamedia.org\/ld\/wp-json\/wp\/v2\/posts\/414\/revisions"}],"predecessor-version":[{"id":416,"href":"https:\/\/www.victoriamedia.org\/ld\/wp-json\/wp\/v2\/posts\/414\/revisions\/416"}],"wp:attachment":[{"href":"https:\/\/www.victoriamedia.org\/ld\/wp-json\/wp\/v2\/media?parent=414"}],"wp:term":[{"taxonomy":"category","embeddable":true,"href":"https:\/\/www.victoriamedia.org\/ld\/wp-json\/wp\/v2\/categories?post=414"},{"taxonomy":"post_tag","embeddable":true,"href":"https:\/\/www.victoriamedia.org\/ld\/wp-json\/wp\/v2\/tags?post=414"}],"curies":[{"name":"wp","href":"https:\/\/api.w.org\/{rel}","templated":true}]}}