{"id":400,"date":"2015-01-13T10:47:02","date_gmt":"2015-01-13T10:47:02","guid":{"rendered":"http:\/\/www.victoriamedia.org\/ld\/?p=400"},"modified":"2015-01-13T10:47:02","modified_gmt":"2015-01-13T10:47:02","slug":"samyang-julkaisee-uuden-teleobjektiivin-kahtena-versiona","status":"publish","type":"post","link":"https:\/\/www.victoriamedia.org\/ld\/samyang-julkaisee-uuden-teleobjektiivin-kahtena-versiona\/","title":{"rendered":"Samyang julkaisee uuden teleobjektiivin kahtena versiona"},"content":{"rendered":"<p><a href=\"http:\/\/www.victoriamedia.org\/ld\/wp-content\/uploads\/2015\/01\/print_tlMh06bHgl.jpg\"><img loading=\"lazy\" decoding=\"async\" class=\"alignnone  wp-image-401\" src=\"http:\/\/www.victoriamedia.org\/ld\/wp-content\/uploads\/2015\/01\/print_tlMh06bHgl-1024x910.jpg\" alt=\"print_tlMh06bHgl\" width=\"436\" height=\"387\" srcset=\"https:\/\/www.victoriamedia.org\/ld\/wp-content\/uploads\/2015\/01\/print_tlMh06bHgl-1024x910.jpg 1024w, https:\/\/www.victoriamedia.org\/ld\/wp-content\/uploads\/2015\/01\/print_tlMh06bHgl-300x266.jpg 300w, https:\/\/www.victoriamedia.org\/ld\/wp-content\/uploads\/2015\/01\/print_tlMh06bHgl.jpg 1063w\" sizes=\"auto, (max-width: 436px) 100vw, 436px\" \/><\/a><\/p>\n<p><b>Samyang julkaisee uuden 135mm teleobjektiivin. Se tulee sek\u00e4 normaalina ett\u00e4 videokuvaukseen sopivana versiona. Objektiivi on suunniteltu t\u00e4yden kennon kameroille mutta se toimii tietenkin my\u00f6s pienempikennoisissa kameroissa. Objektiivi julkaistaan kymmenelle eri kamerakiinnitykselle.<\/b><\/p>\n<p><b>Toivottu uutuus<\/b><\/p>\n<p>Samyangin pisin videosarjan objektiivien polttov\u00e4li on t\u00e4h\u00e4n asti ollut 85mm, joten pidemm\u00e4lle teleobjektiiville on ollut paljon kysynt\u00e4\u00e4.<\/p>\n<p><b>Rakenne<\/b><\/p>\n<p>Objektiivi on suunniteltu t\u00e4ydelle kennolle, mutta se toimii my\u00f6s pienempien kennojen kanssa ja tulee saataville useille kiinnityksille, esimerkiksi MFT.<\/p>\n<p>ED-lasia k\u00e4ytt\u00e4m\u00e4ll\u00e4 saavutetaan totuttu Samyang-laatu erinomaisella piirrolla. My\u00f6s objektiivin v\u00e4ritoisto vastaa muita Samyang-objektiiveja, jonka ansiosta eri polttov\u00e4leill\u00e4 otettujen elokuvien leikkaaminen on helppoa.<\/p>\n<p>Objektiivi tulee saataville seuraaville kiinnityksille: Canon EOS, Canon M, Nikon, Pentax K, Sony A, Sony E, Fuji X, Samsung NX, Four Thirds ja Micro Four Thirds<\/p>\n<p><b>Hinta ja saatavuus<\/b><\/p>\n<p>Objektiivien toimitukset alkavat vuoden 2015 ensimm\u00e4isell\u00e4 nelj\u00e4nneksell\u00e4 ja ne tulevat maksamaan seuraavasti.<\/p>\n<p>Samyang V-DSLR 135mm T2.2, Hinta noin 529,00 euroa.<\/p>\n<p>Samyang DSLR 135mm F2.0, Hinta noin 499,00 euroa.<\/p>\n<p>Samyang DSLR 135mm F2.0 Nikon AE, Hinta noin 555,00 euroa.<\/p>\n","protected":false},"excerpt":{"rendered":"<p>Samyang julkaisee uuden 135mm teleobjektiivin. Se tulee sek\u00e4 normaalina ett\u00e4 videokuvaukseen sopivana versiona. Objektiivi on suunniteltu t\u00e4yden kennon kameroille mutta se toimii tietenkin my\u00f6s pienempikennoisissa kameroissa. Objektiivi julkaistaan kymmenelle eri kamerakiinnitykselle. Toivottu uutuus Samyangin pisin videosarjan objektiivien polttov\u00e4li on t\u00e4h\u00e4n asti ollut 85mm, joten pidemm\u00e4lle teleobjektiiville on ollut paljon kysynt\u00e4\u00e4. Rakenne Objektiivi on suunniteltu t\u00e4ydelle [&hellip;]<\/p>\n","protected":false},"author":1,"featured_media":0,"comment_status":"closed","ping_status":"closed","sticky":false,"template":"","format":"standard","meta":{"footnotes":""},"categories":[10],"tags":[],"class_list":["post-400","post","type-post","status-publish","format-standard","hentry","category-objektiivit"],"yoast_head":"<!-- This site is optimized with the Yoast SEO plugin v27.5 - https:\/\/yoast.com\/product\/yoast-seo-wordpress\/ -->\n<title>Samyang julkaisee uuden teleobjektiivin kahtena versiona - KAMERAT JA OPTISET LAITTEET<\/title>\n<meta name=\"robots\" content=\"index, follow, max-snippet:-1, max-image-preview:large, max-video-preview:-1\" \/>\n<link rel=\"canonical\" href=\"https:\/\/www.victoriamedia.org\/ld\/samyang-julkaisee-uuden-teleobjektiivin-kahtena-versiona\/\" \/>\n<meta property=\"og:locale\" content=\"en_US\" \/>\n<meta property=\"og:type\" content=\"article\" \/>\n<meta property=\"og:title\" content=\"Samyang julkaisee uuden teleobjektiivin kahtena versiona - KAMERAT JA OPTISET LAITTEET\" \/>\n<meta property=\"og:description\" content=\"Samyang julkaisee uuden 135mm teleobjektiivin. Se tulee sek\u00e4 normaalina ett\u00e4 videokuvaukseen sopivana versiona. Objektiivi on suunniteltu t\u00e4yden kennon kameroille mutta se toimii tietenkin my\u00f6s pienempikennoisissa kameroissa. Objektiivi julkaistaan kymmenelle eri kamerakiinnitykselle. Toivottu uutuus Samyangin pisin videosarjan objektiivien polttov\u00e4li on t\u00e4h\u00e4n asti ollut 85mm, joten pidemm\u00e4lle teleobjektiiville on ollut paljon kysynt\u00e4\u00e4. Rakenne Objektiivi on suunniteltu t\u00e4ydelle [&hellip;]\" \/>\n<meta property=\"og:url\" content=\"https:\/\/www.victoriamedia.org\/ld\/samyang-julkaisee-uuden-teleobjektiivin-kahtena-versiona\/\" \/>\n<meta property=\"og:site_name\" content=\"KAMERAT JA OPTISET LAITTEET\" \/>\n<meta property=\"article:publisher\" content=\"https:\/\/www.facebook.com\/victoriamedia\" \/>\n<meta property=\"article:published_time\" content=\"2015-01-13T10:47:02+00:00\" \/>\n<meta property=\"og:image\" content=\"http:\/\/www.victoriamedia.org\/ld\/wp-content\/uploads\/2015\/01\/print_tlMh06bHgl-1024x910.jpg\" \/>\n<meta name=\"author\" content=\"Kerttu Vali\" \/>\n<meta name=\"twitter:card\" content=\"summary_large_image\" \/>\n<meta name=\"twitter:creator\" content=\"@uutisparkki\" \/>\n<meta name=\"twitter:site\" content=\"@uutisparkki\" \/>\n<meta name=\"twitter:label1\" content=\"Written by\" \/>\n\t<meta name=\"twitter:data1\" content=\"Kerttu Vali\" \/>\n\t<meta name=\"twitter:label2\" content=\"Est. reading time\" \/>\n\t<meta name=\"twitter:data2\" content=\"1 minute\" \/>\n<script type=\"application\/ld+json\" class=\"yoast-schema-graph\">{\"@context\":\"https:\\\/\\\/schema.org\",\"@graph\":[{\"@type\":\"Article\",\"@id\":\"https:\\\/\\\/www.victoriamedia.org\\\/ld\\\/samyang-julkaisee-uuden-teleobjektiivin-kahtena-versiona\\\/#article\",\"isPartOf\":{\"@id\":\"https:\\\/\\\/www.victoriamedia.org\\\/ld\\\/samyang-julkaisee-uuden-teleobjektiivin-kahtena-versiona\\\/\"},\"author\":{\"name\":\"Kerttu Vali\",\"@id\":\"https:\\\/\\\/www.victoriamedia.org\\\/ld\\\/#\\\/schema\\\/person\\\/a2e166f07bdda8a5ef0506501655c9ac\"},\"headline\":\"Samyang julkaisee uuden teleobjektiivin kahtena versiona\",\"datePublished\":\"2015-01-13T10:47:02+00:00\",\"mainEntityOfPage\":{\"@id\":\"https:\\\/\\\/www.victoriamedia.org\\\/ld\\\/samyang-julkaisee-uuden-teleobjektiivin-kahtena-versiona\\\/\"},\"wordCount\":177,\"publisher\":{\"@id\":\"https:\\\/\\\/www.victoriamedia.org\\\/ld\\\/#organization\"},\"image\":{\"@id\":\"https:\\\/\\\/www.victoriamedia.org\\\/ld\\\/samyang-julkaisee-uuden-teleobjektiivin-kahtena-versiona\\\/#primaryimage\"},\"thumbnailUrl\":\"http:\\\/\\\/www.victoriamedia.org\\\/ld\\\/wp-content\\\/uploads\\\/2015\\\/01\\\/print_tlMh06bHgl-1024x910.jpg\",\"articleSection\":[\"Objektiivit\"],\"inLanguage\":\"en-US\"},{\"@type\":\"WebPage\",\"@id\":\"https:\\\/\\\/www.victoriamedia.org\\\/ld\\\/samyang-julkaisee-uuden-teleobjektiivin-kahtena-versiona\\\/\",\"url\":\"https:\\\/\\\/www.victoriamedia.org\\\/ld\\\/samyang-julkaisee-uuden-teleobjektiivin-kahtena-versiona\\\/\",\"name\":\"Samyang julkaisee uuden teleobjektiivin kahtena versiona - KAMERAT JA OPTISET LAITTEET\",\"isPartOf\":{\"@id\":\"https:\\\/\\\/www.victoriamedia.org\\\/ld\\\/#website\"},\"primaryImageOfPage\":{\"@id\":\"https:\\\/\\\/www.victoriamedia.org\\\/ld\\\/samyang-julkaisee-uuden-teleobjektiivin-kahtena-versiona\\\/#primaryimage\"},\"image\":{\"@id\":\"https:\\\/\\\/www.victoriamedia.org\\\/ld\\\/samyang-julkaisee-uuden-teleobjektiivin-kahtena-versiona\\\/#primaryimage\"},\"thumbnailUrl\":\"http:\\\/\\\/www.victoriamedia.org\\\/ld\\\/wp-content\\\/uploads\\\/2015\\\/01\\\/print_tlMh06bHgl-1024x910.jpg\",\"datePublished\":\"2015-01-13T10:47:02+00:00\",\"breadcrumb\":{\"@id\":\"https:\\\/\\\/www.victoriamedia.org\\\/ld\\\/samyang-julkaisee-uuden-teleobjektiivin-kahtena-versiona\\\/#breadcrumb\"},\"inLanguage\":\"en-US\",\"potentialAction\":[{\"@type\":\"ReadAction\",\"target\":[\"https:\\\/\\\/www.victoriamedia.org\\\/ld\\\/samyang-julkaisee-uuden-teleobjektiivin-kahtena-versiona\\\/\"]}]},{\"@type\":\"ImageObject\",\"inLanguage\":\"en-US\",\"@id\":\"https:\\\/\\\/www.victoriamedia.org\\\/ld\\\/samyang-julkaisee-uuden-teleobjektiivin-kahtena-versiona\\\/#primaryimage\",\"url\":\"https:\\\/\\\/www.victoriamedia.org\\\/ld\\\/wp-content\\\/uploads\\\/2015\\\/01\\\/print_tlMh06bHgl.jpg\",\"contentUrl\":\"https:\\\/\\\/www.victoriamedia.org\\\/ld\\\/wp-content\\\/uploads\\\/2015\\\/01\\\/print_tlMh06bHgl.jpg\",\"width\":1063,\"height\":945},{\"@type\":\"BreadcrumbList\",\"@id\":\"https:\\\/\\\/www.victoriamedia.org\\\/ld\\\/samyang-julkaisee-uuden-teleobjektiivin-kahtena-versiona\\\/#breadcrumb\",\"itemListElement\":[{\"@type\":\"ListItem\",\"position\":1,\"name\":\"Home\",\"item\":\"https:\\\/\\\/www.victoriamedia.org\\\/ld\\\/\"},{\"@type\":\"ListItem\",\"position\":2,\"name\":\"Samyang julkaisee uuden teleobjektiivin kahtena versiona\"}]},{\"@type\":\"WebSite\",\"@id\":\"https:\\\/\\\/www.victoriamedia.org\\\/ld\\\/#website\",\"url\":\"https:\\\/\\\/www.victoriamedia.org\\\/ld\\\/\",\"name\":\"KAMERAT JA OPTISET LAITTEET\",\"description\":\"Kamerat Kiikarit ja optiset tarvikkeet\",\"publisher\":{\"@id\":\"https:\\\/\\\/www.victoriamedia.org\\\/ld\\\/#organization\"},\"potentialAction\":[{\"@type\":\"SearchAction\",\"target\":{\"@type\":\"EntryPoint\",\"urlTemplate\":\"https:\\\/\\\/www.victoriamedia.org\\\/ld\\\/?s={search_term_string}\"},\"query-input\":{\"@type\":\"PropertyValueSpecification\",\"valueRequired\":true,\"valueName\":\"search_term_string\"}}],\"inLanguage\":\"en-US\"},{\"@type\":\"Organization\",\"@id\":\"https:\\\/\\\/www.victoriamedia.org\\\/ld\\\/#organization\",\"name\":\"Victoria Media - Kamerauutiset\",\"url\":\"https:\\\/\\\/www.victoriamedia.org\\\/ld\\\/\",\"logo\":{\"@type\":\"ImageObject\",\"inLanguage\":\"en-US\",\"@id\":\"https:\\\/\\\/www.victoriamedia.org\\\/ld\\\/#\\\/schema\\\/logo\\\/image\\\/\",\"url\":\"https:\\\/\\\/www.victoriamedia.org\\\/ld\\\/wp-content\\\/uploads\\\/2022\\\/09\\\/292179098_555417722694101_2682724033383846896_n.png\",\"contentUrl\":\"https:\\\/\\\/www.victoriamedia.org\\\/ld\\\/wp-content\\\/uploads\\\/2022\\\/09\\\/292179098_555417722694101_2682724033383846896_n.png\",\"width\":215,\"height\":165,\"caption\":\"Victoria Media - Kamerauutiset\"},\"image\":{\"@id\":\"https:\\\/\\\/www.victoriamedia.org\\\/ld\\\/#\\\/schema\\\/logo\\\/image\\\/\"},\"sameAs\":[\"https:\\\/\\\/www.facebook.com\\\/victoriamedia\",\"https:\\\/\\\/x.com\\\/uutisparkki\"]},{\"@type\":\"Person\",\"@id\":\"https:\\\/\\\/www.victoriamedia.org\\\/ld\\\/#\\\/schema\\\/person\\\/a2e166f07bdda8a5ef0506501655c9ac\",\"name\":\"Kerttu Vali\",\"image\":{\"@type\":\"ImageObject\",\"inLanguage\":\"en-US\",\"@id\":\"https:\\\/\\\/secure.gravatar.com\\\/avatar\\\/62dbe1a847f655ad987c59fece23f885c4b0e7b06595c36d9597003852972217?s=96&d=mm&r=g\",\"url\":\"https:\\\/\\\/secure.gravatar.com\\\/avatar\\\/62dbe1a847f655ad987c59fece23f885c4b0e7b06595c36d9597003852972217?s=96&d=mm&r=g\",\"contentUrl\":\"https:\\\/\\\/secure.gravatar.com\\\/avatar\\\/62dbe1a847f655ad987c59fece23f885c4b0e7b06595c36d9597003852972217?s=96&d=mm&r=g\",\"caption\":\"Kerttu Vali\"},\"sameAs\":[\"http:\\\/\\\/www.victoriamedia.fi\\\/\"],\"url\":\"https:\\\/\\\/www.victoriamedia.org\\\/ld\\\/author\\\/kerttuvali\\\/\"}]}<\/script>\n<!-- \/ Yoast SEO plugin. -->","yoast_head_json":{"title":"Samyang julkaisee uuden teleobjektiivin kahtena versiona - KAMERAT JA OPTISET LAITTEET","robots":{"index":"index","follow":"follow","max-snippet":"max-snippet:-1","max-image-preview":"max-image-preview:large","max-video-preview":"max-video-preview:-1"},"canonical":"https:\/\/www.victoriamedia.org\/ld\/samyang-julkaisee-uuden-teleobjektiivin-kahtena-versiona\/","og_locale":"en_US","og_type":"article","og_title":"Samyang julkaisee uuden teleobjektiivin kahtena versiona - KAMERAT JA OPTISET LAITTEET","og_description":"Samyang julkaisee uuden 135mm teleobjektiivin. Se tulee sek\u00e4 normaalina ett\u00e4 videokuvaukseen sopivana versiona. Objektiivi on suunniteltu t\u00e4yden kennon kameroille mutta se toimii tietenkin my\u00f6s pienempikennoisissa kameroissa. Objektiivi julkaistaan kymmenelle eri kamerakiinnitykselle. Toivottu uutuus Samyangin pisin videosarjan objektiivien polttov\u00e4li on t\u00e4h\u00e4n asti ollut 85mm, joten pidemm\u00e4lle teleobjektiiville on ollut paljon kysynt\u00e4\u00e4. Rakenne Objektiivi on suunniteltu t\u00e4ydelle [&hellip;]","og_url":"https:\/\/www.victoriamedia.org\/ld\/samyang-julkaisee-uuden-teleobjektiivin-kahtena-versiona\/","og_site_name":"KAMERAT JA OPTISET LAITTEET","article_publisher":"https:\/\/www.facebook.com\/victoriamedia","article_published_time":"2015-01-13T10:47:02+00:00","og_image":[{"url":"http:\/\/www.victoriamedia.org\/ld\/wp-content\/uploads\/2015\/01\/print_tlMh06bHgl-1024x910.jpg","type":"","width":"","height":""}],"author":"Kerttu Vali","twitter_card":"summary_large_image","twitter_creator":"@uutisparkki","twitter_site":"@uutisparkki","twitter_misc":{"Written by":"Kerttu Vali","Est. reading time":"1 minute"},"schema":{"@context":"https:\/\/schema.org","@graph":[{"@type":"Article","@id":"https:\/\/www.victoriamedia.org\/ld\/samyang-julkaisee-uuden-teleobjektiivin-kahtena-versiona\/#article","isPartOf":{"@id":"https:\/\/www.victoriamedia.org\/ld\/samyang-julkaisee-uuden-teleobjektiivin-kahtena-versiona\/"},"author":{"name":"Kerttu Vali","@id":"https:\/\/www.victoriamedia.org\/ld\/#\/schema\/person\/a2e166f07bdda8a5ef0506501655c9ac"},"headline":"Samyang julkaisee uuden teleobjektiivin kahtena versiona","datePublished":"2015-01-13T10:47:02+00:00","mainEntityOfPage":{"@id":"https:\/\/www.victoriamedia.org\/ld\/samyang-julkaisee-uuden-teleobjektiivin-kahtena-versiona\/"},"wordCount":177,"publisher":{"@id":"https:\/\/www.victoriamedia.org\/ld\/#organization"},"image":{"@id":"https:\/\/www.victoriamedia.org\/ld\/samyang-julkaisee-uuden-teleobjektiivin-kahtena-versiona\/#primaryimage"},"thumbnailUrl":"http:\/\/www.victoriamedia.org\/ld\/wp-content\/uploads\/2015\/01\/print_tlMh06bHgl-1024x910.jpg","articleSection":["Objektiivit"],"inLanguage":"en-US"},{"@type":"WebPage","@id":"https:\/\/www.victoriamedia.org\/ld\/samyang-julkaisee-uuden-teleobjektiivin-kahtena-versiona\/","url":"https:\/\/www.victoriamedia.org\/ld\/samyang-julkaisee-uuden-teleobjektiivin-kahtena-versiona\/","name":"Samyang julkaisee uuden teleobjektiivin kahtena versiona - KAMERAT JA OPTISET LAITTEET","isPartOf":{"@id":"https:\/\/www.victoriamedia.org\/ld\/#website"},"primaryImageOfPage":{"@id":"https:\/\/www.victoriamedia.org\/ld\/samyang-julkaisee-uuden-teleobjektiivin-kahtena-versiona\/#primaryimage"},"image":{"@id":"https:\/\/www.victoriamedia.org\/ld\/samyang-julkaisee-uuden-teleobjektiivin-kahtena-versiona\/#primaryimage"},"thumbnailUrl":"http:\/\/www.victoriamedia.org\/ld\/wp-content\/uploads\/2015\/01\/print_tlMh06bHgl-1024x910.jpg","datePublished":"2015-01-13T10:47:02+00:00","breadcrumb":{"@id":"https:\/\/www.victoriamedia.org\/ld\/samyang-julkaisee-uuden-teleobjektiivin-kahtena-versiona\/#breadcrumb"},"inLanguage":"en-US","potentialAction":[{"@type":"ReadAction","target":["https:\/\/www.victoriamedia.org\/ld\/samyang-julkaisee-uuden-teleobjektiivin-kahtena-versiona\/"]}]},{"@type":"ImageObject","inLanguage":"en-US","@id":"https:\/\/www.victoriamedia.org\/ld\/samyang-julkaisee-uuden-teleobjektiivin-kahtena-versiona\/#primaryimage","url":"https:\/\/www.victoriamedia.org\/ld\/wp-content\/uploads\/2015\/01\/print_tlMh06bHgl.jpg","contentUrl":"https:\/\/www.victoriamedia.org\/ld\/wp-content\/uploads\/2015\/01\/print_tlMh06bHgl.jpg","width":1063,"height":945},{"@type":"BreadcrumbList","@id":"https:\/\/www.victoriamedia.org\/ld\/samyang-julkaisee-uuden-teleobjektiivin-kahtena-versiona\/#breadcrumb","itemListElement":[{"@type":"ListItem","position":1,"name":"Home","item":"https:\/\/www.victoriamedia.org\/ld\/"},{"@type":"ListItem","position":2,"name":"Samyang julkaisee uuden teleobjektiivin kahtena versiona"}]},{"@type":"WebSite","@id":"https:\/\/www.victoriamedia.org\/ld\/#website","url":"https:\/\/www.victoriamedia.org\/ld\/","name":"KAMERAT JA OPTISET LAITTEET","description":"Kamerat Kiikarit ja optiset tarvikkeet","publisher":{"@id":"https:\/\/www.victoriamedia.org\/ld\/#organization"},"potentialAction":[{"@type":"SearchAction","target":{"@type":"EntryPoint","urlTemplate":"https:\/\/www.victoriamedia.org\/ld\/?s={search_term_string}"},"query-input":{"@type":"PropertyValueSpecification","valueRequired":true,"valueName":"search_term_string"}}],"inLanguage":"en-US"},{"@type":"Organization","@id":"https:\/\/www.victoriamedia.org\/ld\/#organization","name":"Victoria Media - Kamerauutiset","url":"https:\/\/www.victoriamedia.org\/ld\/","logo":{"@type":"ImageObject","inLanguage":"en-US","@id":"https:\/\/www.victoriamedia.org\/ld\/#\/schema\/logo\/image\/","url":"https:\/\/www.victoriamedia.org\/ld\/wp-content\/uploads\/2022\/09\/292179098_555417722694101_2682724033383846896_n.png","contentUrl":"https:\/\/www.victoriamedia.org\/ld\/wp-content\/uploads\/2022\/09\/292179098_555417722694101_2682724033383846896_n.png","width":215,"height":165,"caption":"Victoria Media - Kamerauutiset"},"image":{"@id":"https:\/\/www.victoriamedia.org\/ld\/#\/schema\/logo\/image\/"},"sameAs":["https:\/\/www.facebook.com\/victoriamedia","https:\/\/x.com\/uutisparkki"]},{"@type":"Person","@id":"https:\/\/www.victoriamedia.org\/ld\/#\/schema\/person\/a2e166f07bdda8a5ef0506501655c9ac","name":"Kerttu Vali","image":{"@type":"ImageObject","inLanguage":"en-US","@id":"https:\/\/secure.gravatar.com\/avatar\/62dbe1a847f655ad987c59fece23f885c4b0e7b06595c36d9597003852972217?s=96&d=mm&r=g","url":"https:\/\/secure.gravatar.com\/avatar\/62dbe1a847f655ad987c59fece23f885c4b0e7b06595c36d9597003852972217?s=96&d=mm&r=g","contentUrl":"https:\/\/secure.gravatar.com\/avatar\/62dbe1a847f655ad987c59fece23f885c4b0e7b06595c36d9597003852972217?s=96&d=mm&r=g","caption":"Kerttu Vali"},"sameAs":["http:\/\/www.victoriamedia.fi\/"],"url":"https:\/\/www.victoriamedia.org\/ld\/author\/kerttuvali\/"}]}},"_links":{"self":[{"href":"https:\/\/www.victoriamedia.org\/ld\/wp-json\/wp\/v2\/posts\/400","targetHints":{"allow":["GET"]}}],"collection":[{"href":"https:\/\/www.victoriamedia.org\/ld\/wp-json\/wp\/v2\/posts"}],"about":[{"href":"https:\/\/www.victoriamedia.org\/ld\/wp-json\/wp\/v2\/types\/post"}],"author":[{"embeddable":true,"href":"https:\/\/www.victoriamedia.org\/ld\/wp-json\/wp\/v2\/users\/1"}],"replies":[{"embeddable":true,"href":"https:\/\/www.victoriamedia.org\/ld\/wp-json\/wp\/v2\/comments?post=400"}],"version-history":[{"count":1,"href":"https:\/\/www.victoriamedia.org\/ld\/wp-json\/wp\/v2\/posts\/400\/revisions"}],"predecessor-version":[{"id":402,"href":"https:\/\/www.victoriamedia.org\/ld\/wp-json\/wp\/v2\/posts\/400\/revisions\/402"}],"wp:attachment":[{"href":"https:\/\/www.victoriamedia.org\/ld\/wp-json\/wp\/v2\/media?parent=400"}],"wp:term":[{"taxonomy":"category","embeddable":true,"href":"https:\/\/www.victoriamedia.org\/ld\/wp-json\/wp\/v2\/categories?post=400"},{"taxonomy":"post_tag","embeddable":true,"href":"https:\/\/www.victoriamedia.org\/ld\/wp-json\/wp\/v2\/tags?post=400"}],"curies":[{"name":"wp","href":"https:\/\/api.w.org\/{rel}","templated":true}]}}