{"id":386,"date":"2014-10-02T09:53:53","date_gmt":"2014-10-02T09:53:53","guid":{"rendered":"http:\/\/www.victoriamedia.org\/ld\/?p=386"},"modified":"2014-10-02T09:54:20","modified_gmt":"2014-10-02T09:54:20","slug":"nikon-photo-contest-2014-2015-valokuvauskilpailu-avataan-kilpailutoille","status":"publish","type":"post","link":"https:\/\/www.victoriamedia.org\/ld\/nikon-photo-contest-2014-2015-valokuvauskilpailu-avataan-kilpailutoille\/","title":{"rendered":"Nikon Photo Contest 2014\u20132015 -valokuvauskilpailu avataan kilpailut\u00f6ille"},"content":{"rendered":"<p style=\"color: #333333;\"><a href=\"http:\/\/www.victoriamedia.org\/ld\/wp-content\/uploads\/2014\/10\/bda4eee81104c01b_800x800ar.png\"><img loading=\"lazy\" decoding=\"async\" class=\"alignnone size-full wp-image-387\" src=\"http:\/\/www.victoriamedia.org\/ld\/wp-content\/uploads\/2014\/10\/bda4eee81104c01b_800x800ar.png\" alt=\"bda4eee81104c01b_800x800ar\" width=\"228\" height=\"182\" \/><\/a><\/p>\n<p style=\"color: #333333;\"><strong style=\"font-weight: bold;\"><strong style=\"font-weight: bold;\">35. kertaa j\u00e4rjestett\u00e4v\u00e4\u00e4n kilpailuun voi nyt ensimm\u00e4ist\u00e4 kertaa osallistua mill\u00e4 tahansa laitteella otetuilla teoksilla<\/strong><\/strong><\/p>\n<p style=\"color: #333333;\"><strong style=\"font-weight: bold;\"><em style=\"font-style: italic;\">Amsterdam, Alankomaat, 2.10.2014\u00a0<\/em><\/strong>:\u00a0<strong style=\"font-weight: bold;\">Nikon Europe kutsuu nousevat valokuvaajat n\u00e4ytt\u00e4m\u00e4\u00e4n intohimonsa ja osallistumaan 35. kertaa j\u00e4rjestett\u00e4v\u00e4\u00e4n Nikon Photo Contest -valokuvauskilpailuun. Ensimm\u00e4ist\u00e4 kertaa kaikkiin valokuva- ja videokategorioihin voi nyt osallistua mill\u00e4 tahansa laitteella kuvatuilla teoksilla, my\u00f6s \u00e4lylaitteilla.\u00a0Osallistua voivat kaikki ammattilaiset ja aloittelevat kuvaajat, ja kilpailuaika on 15.9.\u201315.12.2014\u00a0<\/strong>.<\/p>\n<p style=\"color: #333333;\">Vuodesta 1969 l\u00e4htien j\u00e4rjestetty arvostettu Nikon Photo Contest -kilpailu kokoaa yhteen niin aloittelevat kuin ammattikuvaajatkin antaen heille mahdollisuuden rikastaa maailmanlaajuista valokuvauskulttuuria. Viime vuoden kilpailuun saimme 153 maasta eri puolilta maailmaa enn\u00e4tykselliset 99\u00a0339 kilpailuty\u00f6t\u00e4, joissa kuvattiin kaikkea vaikuttavista maisemista veikeisiin muotokuviin.<\/p>\n<p style=\"color: #333333;\">T\u00e4ll\u00e4 kertaa olemme lis\u00e4nneet kilpailuun nelj\u00e4 uutta haastetta:<\/p>\n<ul style=\"color: #333333;\">\n<li>Kaikkiin valokuva- ja videokategorioihin on lis\u00e4tty uutena teemana Home (Koti), jota kilpailun osallistujat voivat tulkita yksil\u00f6llisesti sen mukaan, mit\u00e4 koti heille itselleen merkitsee.<\/li>\n<li>Nyt valokuva- ja videokategorioihin voi osallistua mill\u00e4 tahansa digitaalisella laitteella kuvatuilla teoksilla (mukaan luettuina \u00e4lylaitteet ja videokamerat).<\/li>\n<li>Tunnemme videoiden mahdollistaman valtavan luovuuden ja ilmaisuvoiman, joten videokategorioihin voi nyt osallistua 6\u2013180 sekunnin pituisilla kilpailut\u00f6ill\u00e4.<\/li>\n<li>Kaikissa kategorioissa jaetaan uusi Generation N -palkinto kymmenelle korkeintaan 19-vuotiaalle voittajalle.<\/li>\n<\/ul>\n<p style=\"color: #333333;\">T\u00e4m\u00e4n vuoden kilpailua arvostelee 17 hengen raati, joka koostuu eri puolilla maailmaa asuvista menestyvist\u00e4 valokuvaajista, ohjaajista, luovista johtajista ja kuvaamisen ammattilaisista. He valitsevat eri kategorioista yhteens\u00e4 96 palkintosijoille p\u00e4\u00e4sev\u00e4\u00e4 sek\u00e4 koko kilpailun p\u00e4\u00e4palkinnon voittajan.<\/p>\n<p style=\"color: #333333;\">Valokuva- ja videokategorioiden p\u00e4\u00e4palkinnon voittajat saavat pokaalin, kunniakirjan, Nikon-tuotteita 1\u00a0000\u00a0000\u00a0\u00a5:n arvosta sek\u00e4 500\u00a0000\u00a0\u00a5:n arvoisen rahapalkinnon. Kunkin teeman ensimm\u00e4inen palkinto on pokaali, kunniakirja ja Nikon-tuotteita 500\u00a0000\u00a0\u00a5:n arvosta. Lis\u00e4tietoja kategorioiden palkinnoista on osoitteessa\u00a0<a style=\"color: #1966a4;\" href=\"http:\/\/www.nikon-photocontest.com\/en\/\" target=\"_blank\" rel=\"nofollow\">www.nikon-photocontest.com\/en\/\u00a0<\/a>.<\/p>\n<p style=\"color: #333333;\">Voittajat julkistetaan kes\u00e4kuussa 2015, ja voittajien teoksista j\u00e4rjestet\u00e4\u00e4n n\u00e4yttely.<\/p>\n<p style=\"color: #333333;\">Takami Tsuchida, President, Nikon Europe, kertoo: \u201dNikon Photo Contest -kilpailuun osallistuu eri puolilta maailmaa kuvaajia, joiden kilpailut\u00f6iden monipuolisuus \u00e4llistytt\u00e4\u00e4 ja innoittaa raatia joka vuosi. Kilpailulla haluamme juhlistaa valokuvaamista taidemuotona sek\u00e4 siihen liittyv\u00e4\u00e4 intohimoa, joten kuka tahansa voi osallistua. Yhteisty\u00f6kumppanimme Western Digital Technologyn kanssa kutsumme valokuvaajat suunnittelemaan t\u00e4m\u00e4n vuoden osallistumistaan, ja odotamme innokkaasti kilpailut\u00f6it\u00e4.\u201d<\/p>\n<p style=\"color: #333333;\"><strong style=\"font-weight: bold;\">P\u00e4\u00e4tuomarit valittu<\/strong><\/p>\n<p style=\"color: #333333;\">Olemme kutsuneet valokuva- ja videokategorioiden p\u00e4\u00e4tuomareiksi Stephen Mayesin ja John C Jayn. He molemmat ovat menestyneit\u00e4 luovia johtajia, joilla on vahva ja monipuolinen kokemuspohja.<\/p>\n<p style=\"color: #333333;\"><strong style=\"font-weight: bold;\">P\u00e4\u00e4tuomari, valokuvakategoria\u00a0<\/strong><br \/>\n<strong style=\"font-weight: bold;\">Stephen Mayes<\/strong><\/p>\n<p style=\"color: #333333;\"><strong style=\"font-weight: bold;\">P\u00e4\u00e4tuomari, videokategoria\u00a0<\/strong><br \/>\n<strong style=\"font-weight: bold;\">John C Jay<\/strong><\/p>\n<p style=\"color: #333333;\">Valokuvakategorian p\u00e4\u00e4tuomari Stephen Mayes on t\u00e4ll\u00e4 hetkell\u00e4 Tim Hetherington Trustin Executive Director\u00a0<a style=\"color: #1966a4;\" href=\"http:\/\/file\/\/\/K:\/Kunder%20p%C3%A5g%C3%A5ende\/NIKON%20-%20AD\/L%C3%B6pande%20r%C3%A5dgivning\/2014\/Tiedotteet\/Tiedotteet%2015.9\/141002-Nikon%20valokuvauskilpailu.docx#_ftn1\" target=\"_blank\" rel=\"nofollow\">[1]\u00a0<\/a>. H\u00e4n on hallinnut huippuluokan valokuvaajien ja taiteilijoiden ty\u00f6t\u00e4 ja urakehityst\u00e4 taiteen, muodin, kuvajournalismin ja mainosvalokuvauksen parissa yli 25 vuoden ajan.<\/p>\n<p style=\"color: #333333;\">Mayes toimi World Press Photo -kilpailun sihteerin\u00e4 vuosina 2004\u20132012, mink\u00e4 lis\u00e4ksi h\u00e4n on laatinut menestyvi\u00e4 liiketoimintasuunnitelmia ja uudistanut toimintaa useissa kuvausyhti\u00f6iss\u00e4 eri maissa.<\/p>\n<p style=\"color: #333333;\">Videokategorian p\u00e4\u00e4tuomari John C Jay on President ja Executive Creative Director strategisessa ja luovassa konsulttiyhti\u00f6ss\u00e4, joka kehitt\u00e4\u00e4 uusia yrityksi\u00e4, tuotteita ja palveluita.<\/p>\n<p style=\"color: #333333;\">Graphic Design USA:n lukijat nimesiv\u00e4t h\u00e4net yhdeksi maailman kymmenest\u00e4 vaikutusvaltaisimmasta taiteellisesta johtajasta viimeisten 50 vuoden aikana, ja lis\u00e4ksi h\u00e4net on valittu arvostetun Art Directors Club of New Yorkin\u00a0<a style=\"color: #1966a4;\" href=\"http:\/\/file\/\/\/K:\/Kunder%20p%C3%A5g%C3%A5ende\/NIKON%20-%20AD\/L%C3%B6pande%20r%C3%A5dgivning\/2014\/Tiedotteet\/Tiedotteet%2015.9\/141002-Nikon%20valokuvauskilpailu.docx#_ftn2\" target=\"_blank\" rel=\"nofollow\">[2]<\/a>kunniagalleriaan.<\/p>\n<p style=\"color: #333333;\">Lis\u00e4tietoja Nikon Photo Contest -kilpailusta, kategorioista ja osallistumisvaatimuksista on osoitteessa\u00a0<a style=\"color: #1966a4;\" href=\"http:\/\/www.nikon-photocontest.com\/en\/\" target=\"_blank\" rel=\"nofollow\">www.nikon-photocontest.com\/en\/<\/a><\/p>\n<p><a style=\"color: #1966a4;\" href=\"http:\/\/file\/\/\/K:\/Kunder%20p%C3%A5g%C3%A5ende\/NIKON%20-%20AD\/L%C3%B6pande%20r%C3%A5dgivning\/2014\/Tiedotteet\/Tiedotteet%2015.9\/141002-Nikon%20valokuvauskilpailu.docx#_ftnref1\" target=\"_blank\" rel=\"nofollow\">[1]\u00a0<\/a>Tim Hetherington oli brittil\u00e4inen valokuvajournalisti. H\u00e4n keskittyi ty\u00f6ss\u00e4\u00e4n\u00a0\u00a0dokumentoimaan ristiriitoja, ja yksi h\u00e4nen valokuvistaan valittiin World Press Photon vuoden 2007 valokuvaksi. Tim Hetherington Trust yll\u00e4pit\u00e4\u00e4 Hetheringtonin ammattiuran perint\u00f6\u00e4 arkistoiden turvallisesti kaikkea fyysist\u00e4 aineistoa ja halliten h\u00e4nen teostensa immateriaalista ja taiteellista k\u00e4ytt\u00f6\u00e4.<\/p>\n<p><a style=\"color: #1966a4;\" href=\"http:\/\/file\/\/\/K:\/Kunder%20p%C3%A5g%C3%A5ende\/NIKON%20-%20AD\/L%C3%B6pande%20r%C3%A5dgivning\/2014\/Tiedotteet\/Tiedotteet%2015.9\/141002-Nikon%20valokuvauskilpailu.docx#_ftnref2\" target=\"_blank\" rel=\"nofollow\">[2]\u00a0<\/a>Maailman vanhin taiteellisten johtajien j\u00e4rjest\u00f6 (New Yorkissa sijaitseva ADC perustettiin vuonna 1920). Art Directors Club of New Yorkin kansainv\u00e4lisess\u00e4 ADC Annual Awards -kilpailussa annetaan tunnustusta taiteellisen johtamisen saralla esimerkiksi mainonnassa ja graafisessa suunnittelussa.<\/p>\n","protected":false},"excerpt":{"rendered":"<p>35. kertaa j\u00e4rjestett\u00e4v\u00e4\u00e4n kilpailuun voi nyt ensimm\u00e4ist\u00e4 kertaa osallistua mill\u00e4 tahansa laitteella otetuilla teoksilla Amsterdam, Alankomaat, 2.10.2014\u00a0:\u00a0Nikon Europe kutsuu nousevat valokuvaajat n\u00e4ytt\u00e4m\u00e4\u00e4n intohimonsa ja osallistumaan 35. kertaa j\u00e4rjestett\u00e4v\u00e4\u00e4n Nikon Photo Contest -valokuvauskilpailuun. Ensimm\u00e4ist\u00e4 kertaa kaikkiin valokuva- ja videokategorioihin voi nyt osallistua mill\u00e4 tahansa laitteella kuvatuilla teoksilla, my\u00f6s \u00e4lylaitteilla.\u00a0Osallistua voivat kaikki ammattilaiset ja aloittelevat kuvaajat, ja [&hellip;]<\/p>\n","protected":false},"author":1,"featured_media":0,"comment_status":"closed","ping_status":"open","sticky":false,"template":"","format":"standard","meta":{"footnotes":""},"categories":[27],"tags":[],"class_list":["post-386","post","type-post","status-publish","format-standard","hentry","category-kilpailut"],"yoast_head":"<!-- This site is optimized with the Yoast SEO plugin v27.5 - https:\/\/yoast.com\/product\/yoast-seo-wordpress\/ -->\n<title>Nikon Photo Contest 2014\u20132015 -valokuvauskilpailu avataan kilpailut\u00f6ille - KAMERAT JA OPTISET LAITTEET<\/title>\n<meta name=\"robots\" content=\"index, follow, max-snippet:-1, max-image-preview:large, max-video-preview:-1\" \/>\n<link rel=\"canonical\" href=\"https:\/\/www.victoriamedia.org\/ld\/nikon-photo-contest-2014-2015-valokuvauskilpailu-avataan-kilpailutoille\/\" \/>\n<meta property=\"og:locale\" content=\"en_US\" \/>\n<meta property=\"og:type\" content=\"article\" \/>\n<meta property=\"og:title\" content=\"Nikon Photo Contest 2014\u20132015 -valokuvauskilpailu avataan kilpailut\u00f6ille - KAMERAT JA OPTISET LAITTEET\" \/>\n<meta property=\"og:description\" content=\"35. kertaa j\u00e4rjestett\u00e4v\u00e4\u00e4n kilpailuun voi nyt ensimm\u00e4ist\u00e4 kertaa osallistua mill\u00e4 tahansa laitteella otetuilla teoksilla Amsterdam, Alankomaat, 2.10.2014\u00a0:\u00a0Nikon Europe kutsuu nousevat valokuvaajat n\u00e4ytt\u00e4m\u00e4\u00e4n intohimonsa ja osallistumaan 35. kertaa j\u00e4rjestett\u00e4v\u00e4\u00e4n Nikon Photo Contest -valokuvauskilpailuun. Ensimm\u00e4ist\u00e4 kertaa kaikkiin valokuva- ja videokategorioihin voi nyt osallistua mill\u00e4 tahansa laitteella kuvatuilla teoksilla, my\u00f6s \u00e4lylaitteilla.\u00a0Osallistua voivat kaikki ammattilaiset ja aloittelevat kuvaajat, ja [&hellip;]\" \/>\n<meta property=\"og:url\" content=\"https:\/\/www.victoriamedia.org\/ld\/nikon-photo-contest-2014-2015-valokuvauskilpailu-avataan-kilpailutoille\/\" \/>\n<meta property=\"og:site_name\" content=\"KAMERAT JA OPTISET LAITTEET\" \/>\n<meta property=\"article:publisher\" content=\"https:\/\/www.facebook.com\/victoriamedia\" \/>\n<meta property=\"article:published_time\" content=\"2014-10-02T09:53:53+00:00\" \/>\n<meta property=\"article:modified_time\" content=\"2014-10-02T09:54:20+00:00\" \/>\n<meta property=\"og:image\" content=\"http:\/\/www.victoriamedia.org\/ld\/wp-content\/uploads\/2014\/10\/bda4eee81104c01b_800x800ar.png\" \/>\n<meta name=\"author\" content=\"Kerttu Vali\" \/>\n<meta name=\"twitter:card\" content=\"summary_large_image\" \/>\n<meta name=\"twitter:creator\" content=\"@uutisparkki\" \/>\n<meta name=\"twitter:site\" content=\"@uutisparkki\" \/>\n<meta name=\"twitter:label1\" content=\"Written by\" \/>\n\t<meta name=\"twitter:data1\" content=\"Kerttu Vali\" \/>\n\t<meta name=\"twitter:label2\" content=\"Est. reading time\" \/>\n\t<meta name=\"twitter:data2\" content=\"3 minutes\" \/>\n<script type=\"application\/ld+json\" class=\"yoast-schema-graph\">{\"@context\":\"https:\\\/\\\/schema.org\",\"@graph\":[{\"@type\":\"Article\",\"@id\":\"https:\\\/\\\/www.victoriamedia.org\\\/ld\\\/nikon-photo-contest-2014-2015-valokuvauskilpailu-avataan-kilpailutoille\\\/#article\",\"isPartOf\":{\"@id\":\"https:\\\/\\\/www.victoriamedia.org\\\/ld\\\/nikon-photo-contest-2014-2015-valokuvauskilpailu-avataan-kilpailutoille\\\/\"},\"author\":{\"name\":\"Kerttu Vali\",\"@id\":\"https:\\\/\\\/www.victoriamedia.org\\\/ld\\\/#\\\/schema\\\/person\\\/a2e166f07bdda8a5ef0506501655c9ac\"},\"headline\":\"Nikon Photo Contest 2014\u20132015 -valokuvauskilpailu avataan kilpailut\u00f6ille\",\"datePublished\":\"2014-10-02T09:53:53+00:00\",\"dateModified\":\"2014-10-02T09:54:20+00:00\",\"mainEntityOfPage\":{\"@id\":\"https:\\\/\\\/www.victoriamedia.org\\\/ld\\\/nikon-photo-contest-2014-2015-valokuvauskilpailu-avataan-kilpailutoille\\\/\"},\"wordCount\":592,\"publisher\":{\"@id\":\"https:\\\/\\\/www.victoriamedia.org\\\/ld\\\/#organization\"},\"image\":{\"@id\":\"https:\\\/\\\/www.victoriamedia.org\\\/ld\\\/nikon-photo-contest-2014-2015-valokuvauskilpailu-avataan-kilpailutoille\\\/#primaryimage\"},\"thumbnailUrl\":\"http:\\\/\\\/www.victoriamedia.org\\\/ld\\\/wp-content\\\/uploads\\\/2014\\\/10\\\/bda4eee81104c01b_800x800ar.png\",\"articleSection\":[\"Kilpailut\"],\"inLanguage\":\"en-US\"},{\"@type\":\"WebPage\",\"@id\":\"https:\\\/\\\/www.victoriamedia.org\\\/ld\\\/nikon-photo-contest-2014-2015-valokuvauskilpailu-avataan-kilpailutoille\\\/\",\"url\":\"https:\\\/\\\/www.victoriamedia.org\\\/ld\\\/nikon-photo-contest-2014-2015-valokuvauskilpailu-avataan-kilpailutoille\\\/\",\"name\":\"Nikon Photo Contest 2014\u20132015 -valokuvauskilpailu avataan kilpailut\u00f6ille - KAMERAT JA OPTISET LAITTEET\",\"isPartOf\":{\"@id\":\"https:\\\/\\\/www.victoriamedia.org\\\/ld\\\/#website\"},\"primaryImageOfPage\":{\"@id\":\"https:\\\/\\\/www.victoriamedia.org\\\/ld\\\/nikon-photo-contest-2014-2015-valokuvauskilpailu-avataan-kilpailutoille\\\/#primaryimage\"},\"image\":{\"@id\":\"https:\\\/\\\/www.victoriamedia.org\\\/ld\\\/nikon-photo-contest-2014-2015-valokuvauskilpailu-avataan-kilpailutoille\\\/#primaryimage\"},\"thumbnailUrl\":\"http:\\\/\\\/www.victoriamedia.org\\\/ld\\\/wp-content\\\/uploads\\\/2014\\\/10\\\/bda4eee81104c01b_800x800ar.png\",\"datePublished\":\"2014-10-02T09:53:53+00:00\",\"dateModified\":\"2014-10-02T09:54:20+00:00\",\"breadcrumb\":{\"@id\":\"https:\\\/\\\/www.victoriamedia.org\\\/ld\\\/nikon-photo-contest-2014-2015-valokuvauskilpailu-avataan-kilpailutoille\\\/#breadcrumb\"},\"inLanguage\":\"en-US\",\"potentialAction\":[{\"@type\":\"ReadAction\",\"target\":[\"https:\\\/\\\/www.victoriamedia.org\\\/ld\\\/nikon-photo-contest-2014-2015-valokuvauskilpailu-avataan-kilpailutoille\\\/\"]}]},{\"@type\":\"ImageObject\",\"inLanguage\":\"en-US\",\"@id\":\"https:\\\/\\\/www.victoriamedia.org\\\/ld\\\/nikon-photo-contest-2014-2015-valokuvauskilpailu-avataan-kilpailutoille\\\/#primaryimage\",\"url\":\"https:\\\/\\\/www.victoriamedia.org\\\/ld\\\/wp-content\\\/uploads\\\/2014\\\/10\\\/bda4eee81104c01b_800x800ar.png\",\"contentUrl\":\"https:\\\/\\\/www.victoriamedia.org\\\/ld\\\/wp-content\\\/uploads\\\/2014\\\/10\\\/bda4eee81104c01b_800x800ar.png\",\"width\":228,\"height\":182},{\"@type\":\"BreadcrumbList\",\"@id\":\"https:\\\/\\\/www.victoriamedia.org\\\/ld\\\/nikon-photo-contest-2014-2015-valokuvauskilpailu-avataan-kilpailutoille\\\/#breadcrumb\",\"itemListElement\":[{\"@type\":\"ListItem\",\"position\":1,\"name\":\"Home\",\"item\":\"https:\\\/\\\/www.victoriamedia.org\\\/ld\\\/\"},{\"@type\":\"ListItem\",\"position\":2,\"name\":\"Nikon Photo Contest 2014\u20132015 -valokuvauskilpailu avataan kilpailut\u00f6ille\"}]},{\"@type\":\"WebSite\",\"@id\":\"https:\\\/\\\/www.victoriamedia.org\\\/ld\\\/#website\",\"url\":\"https:\\\/\\\/www.victoriamedia.org\\\/ld\\\/\",\"name\":\"KAMERAT JA OPTISET LAITTEET\",\"description\":\"Kamerat Kiikarit ja optiset tarvikkeet\",\"publisher\":{\"@id\":\"https:\\\/\\\/www.victoriamedia.org\\\/ld\\\/#organization\"},\"potentialAction\":[{\"@type\":\"SearchAction\",\"target\":{\"@type\":\"EntryPoint\",\"urlTemplate\":\"https:\\\/\\\/www.victoriamedia.org\\\/ld\\\/?s={search_term_string}\"},\"query-input\":{\"@type\":\"PropertyValueSpecification\",\"valueRequired\":true,\"valueName\":\"search_term_string\"}}],\"inLanguage\":\"en-US\"},{\"@type\":\"Organization\",\"@id\":\"https:\\\/\\\/www.victoriamedia.org\\\/ld\\\/#organization\",\"name\":\"Victoria Media - Kamerauutiset\",\"url\":\"https:\\\/\\\/www.victoriamedia.org\\\/ld\\\/\",\"logo\":{\"@type\":\"ImageObject\",\"inLanguage\":\"en-US\",\"@id\":\"https:\\\/\\\/www.victoriamedia.org\\\/ld\\\/#\\\/schema\\\/logo\\\/image\\\/\",\"url\":\"https:\\\/\\\/www.victoriamedia.org\\\/ld\\\/wp-content\\\/uploads\\\/2022\\\/09\\\/292179098_555417722694101_2682724033383846896_n.png\",\"contentUrl\":\"https:\\\/\\\/www.victoriamedia.org\\\/ld\\\/wp-content\\\/uploads\\\/2022\\\/09\\\/292179098_555417722694101_2682724033383846896_n.png\",\"width\":215,\"height\":165,\"caption\":\"Victoria Media - Kamerauutiset\"},\"image\":{\"@id\":\"https:\\\/\\\/www.victoriamedia.org\\\/ld\\\/#\\\/schema\\\/logo\\\/image\\\/\"},\"sameAs\":[\"https:\\\/\\\/www.facebook.com\\\/victoriamedia\",\"https:\\\/\\\/x.com\\\/uutisparkki\"]},{\"@type\":\"Person\",\"@id\":\"https:\\\/\\\/www.victoriamedia.org\\\/ld\\\/#\\\/schema\\\/person\\\/a2e166f07bdda8a5ef0506501655c9ac\",\"name\":\"Kerttu Vali\",\"image\":{\"@type\":\"ImageObject\",\"inLanguage\":\"en-US\",\"@id\":\"https:\\\/\\\/secure.gravatar.com\\\/avatar\\\/62dbe1a847f655ad987c59fece23f885c4b0e7b06595c36d9597003852972217?s=96&d=mm&r=g\",\"url\":\"https:\\\/\\\/secure.gravatar.com\\\/avatar\\\/62dbe1a847f655ad987c59fece23f885c4b0e7b06595c36d9597003852972217?s=96&d=mm&r=g\",\"contentUrl\":\"https:\\\/\\\/secure.gravatar.com\\\/avatar\\\/62dbe1a847f655ad987c59fece23f885c4b0e7b06595c36d9597003852972217?s=96&d=mm&r=g\",\"caption\":\"Kerttu Vali\"},\"sameAs\":[\"http:\\\/\\\/www.victoriamedia.fi\\\/\"],\"url\":\"https:\\\/\\\/www.victoriamedia.org\\\/ld\\\/author\\\/kerttuvali\\\/\"}]}<\/script>\n<!-- \/ Yoast SEO plugin. -->","yoast_head_json":{"title":"Nikon Photo Contest 2014\u20132015 -valokuvauskilpailu avataan kilpailut\u00f6ille - KAMERAT JA OPTISET LAITTEET","robots":{"index":"index","follow":"follow","max-snippet":"max-snippet:-1","max-image-preview":"max-image-preview:large","max-video-preview":"max-video-preview:-1"},"canonical":"https:\/\/www.victoriamedia.org\/ld\/nikon-photo-contest-2014-2015-valokuvauskilpailu-avataan-kilpailutoille\/","og_locale":"en_US","og_type":"article","og_title":"Nikon Photo Contest 2014\u20132015 -valokuvauskilpailu avataan kilpailut\u00f6ille - KAMERAT JA OPTISET LAITTEET","og_description":"35. kertaa j\u00e4rjestett\u00e4v\u00e4\u00e4n kilpailuun voi nyt ensimm\u00e4ist\u00e4 kertaa osallistua mill\u00e4 tahansa laitteella otetuilla teoksilla Amsterdam, Alankomaat, 2.10.2014\u00a0:\u00a0Nikon Europe kutsuu nousevat valokuvaajat n\u00e4ytt\u00e4m\u00e4\u00e4n intohimonsa ja osallistumaan 35. kertaa j\u00e4rjestett\u00e4v\u00e4\u00e4n Nikon Photo Contest -valokuvauskilpailuun. Ensimm\u00e4ist\u00e4 kertaa kaikkiin valokuva- ja videokategorioihin voi nyt osallistua mill\u00e4 tahansa laitteella kuvatuilla teoksilla, my\u00f6s \u00e4lylaitteilla.\u00a0Osallistua voivat kaikki ammattilaiset ja aloittelevat kuvaajat, ja [&hellip;]","og_url":"https:\/\/www.victoriamedia.org\/ld\/nikon-photo-contest-2014-2015-valokuvauskilpailu-avataan-kilpailutoille\/","og_site_name":"KAMERAT JA OPTISET LAITTEET","article_publisher":"https:\/\/www.facebook.com\/victoriamedia","article_published_time":"2014-10-02T09:53:53+00:00","article_modified_time":"2014-10-02T09:54:20+00:00","og_image":[{"url":"http:\/\/www.victoriamedia.org\/ld\/wp-content\/uploads\/2014\/10\/bda4eee81104c01b_800x800ar.png","type":"","width":"","height":""}],"author":"Kerttu Vali","twitter_card":"summary_large_image","twitter_creator":"@uutisparkki","twitter_site":"@uutisparkki","twitter_misc":{"Written by":"Kerttu Vali","Est. reading time":"3 minutes"},"schema":{"@context":"https:\/\/schema.org","@graph":[{"@type":"Article","@id":"https:\/\/www.victoriamedia.org\/ld\/nikon-photo-contest-2014-2015-valokuvauskilpailu-avataan-kilpailutoille\/#article","isPartOf":{"@id":"https:\/\/www.victoriamedia.org\/ld\/nikon-photo-contest-2014-2015-valokuvauskilpailu-avataan-kilpailutoille\/"},"author":{"name":"Kerttu Vali","@id":"https:\/\/www.victoriamedia.org\/ld\/#\/schema\/person\/a2e166f07bdda8a5ef0506501655c9ac"},"headline":"Nikon Photo Contest 2014\u20132015 -valokuvauskilpailu avataan kilpailut\u00f6ille","datePublished":"2014-10-02T09:53:53+00:00","dateModified":"2014-10-02T09:54:20+00:00","mainEntityOfPage":{"@id":"https:\/\/www.victoriamedia.org\/ld\/nikon-photo-contest-2014-2015-valokuvauskilpailu-avataan-kilpailutoille\/"},"wordCount":592,"publisher":{"@id":"https:\/\/www.victoriamedia.org\/ld\/#organization"},"image":{"@id":"https:\/\/www.victoriamedia.org\/ld\/nikon-photo-contest-2014-2015-valokuvauskilpailu-avataan-kilpailutoille\/#primaryimage"},"thumbnailUrl":"http:\/\/www.victoriamedia.org\/ld\/wp-content\/uploads\/2014\/10\/bda4eee81104c01b_800x800ar.png","articleSection":["Kilpailut"],"inLanguage":"en-US"},{"@type":"WebPage","@id":"https:\/\/www.victoriamedia.org\/ld\/nikon-photo-contest-2014-2015-valokuvauskilpailu-avataan-kilpailutoille\/","url":"https:\/\/www.victoriamedia.org\/ld\/nikon-photo-contest-2014-2015-valokuvauskilpailu-avataan-kilpailutoille\/","name":"Nikon Photo Contest 2014\u20132015 -valokuvauskilpailu avataan kilpailut\u00f6ille - KAMERAT JA OPTISET LAITTEET","isPartOf":{"@id":"https:\/\/www.victoriamedia.org\/ld\/#website"},"primaryImageOfPage":{"@id":"https:\/\/www.victoriamedia.org\/ld\/nikon-photo-contest-2014-2015-valokuvauskilpailu-avataan-kilpailutoille\/#primaryimage"},"image":{"@id":"https:\/\/www.victoriamedia.org\/ld\/nikon-photo-contest-2014-2015-valokuvauskilpailu-avataan-kilpailutoille\/#primaryimage"},"thumbnailUrl":"http:\/\/www.victoriamedia.org\/ld\/wp-content\/uploads\/2014\/10\/bda4eee81104c01b_800x800ar.png","datePublished":"2014-10-02T09:53:53+00:00","dateModified":"2014-10-02T09:54:20+00:00","breadcrumb":{"@id":"https:\/\/www.victoriamedia.org\/ld\/nikon-photo-contest-2014-2015-valokuvauskilpailu-avataan-kilpailutoille\/#breadcrumb"},"inLanguage":"en-US","potentialAction":[{"@type":"ReadAction","target":["https:\/\/www.victoriamedia.org\/ld\/nikon-photo-contest-2014-2015-valokuvauskilpailu-avataan-kilpailutoille\/"]}]},{"@type":"ImageObject","inLanguage":"en-US","@id":"https:\/\/www.victoriamedia.org\/ld\/nikon-photo-contest-2014-2015-valokuvauskilpailu-avataan-kilpailutoille\/#primaryimage","url":"https:\/\/www.victoriamedia.org\/ld\/wp-content\/uploads\/2014\/10\/bda4eee81104c01b_800x800ar.png","contentUrl":"https:\/\/www.victoriamedia.org\/ld\/wp-content\/uploads\/2014\/10\/bda4eee81104c01b_800x800ar.png","width":228,"height":182},{"@type":"BreadcrumbList","@id":"https:\/\/www.victoriamedia.org\/ld\/nikon-photo-contest-2014-2015-valokuvauskilpailu-avataan-kilpailutoille\/#breadcrumb","itemListElement":[{"@type":"ListItem","position":1,"name":"Home","item":"https:\/\/www.victoriamedia.org\/ld\/"},{"@type":"ListItem","position":2,"name":"Nikon Photo Contest 2014\u20132015 -valokuvauskilpailu avataan kilpailut\u00f6ille"}]},{"@type":"WebSite","@id":"https:\/\/www.victoriamedia.org\/ld\/#website","url":"https:\/\/www.victoriamedia.org\/ld\/","name":"KAMERAT JA OPTISET LAITTEET","description":"Kamerat Kiikarit ja optiset tarvikkeet","publisher":{"@id":"https:\/\/www.victoriamedia.org\/ld\/#organization"},"potentialAction":[{"@type":"SearchAction","target":{"@type":"EntryPoint","urlTemplate":"https:\/\/www.victoriamedia.org\/ld\/?s={search_term_string}"},"query-input":{"@type":"PropertyValueSpecification","valueRequired":true,"valueName":"search_term_string"}}],"inLanguage":"en-US"},{"@type":"Organization","@id":"https:\/\/www.victoriamedia.org\/ld\/#organization","name":"Victoria Media - Kamerauutiset","url":"https:\/\/www.victoriamedia.org\/ld\/","logo":{"@type":"ImageObject","inLanguage":"en-US","@id":"https:\/\/www.victoriamedia.org\/ld\/#\/schema\/logo\/image\/","url":"https:\/\/www.victoriamedia.org\/ld\/wp-content\/uploads\/2022\/09\/292179098_555417722694101_2682724033383846896_n.png","contentUrl":"https:\/\/www.victoriamedia.org\/ld\/wp-content\/uploads\/2022\/09\/292179098_555417722694101_2682724033383846896_n.png","width":215,"height":165,"caption":"Victoria Media - Kamerauutiset"},"image":{"@id":"https:\/\/www.victoriamedia.org\/ld\/#\/schema\/logo\/image\/"},"sameAs":["https:\/\/www.facebook.com\/victoriamedia","https:\/\/x.com\/uutisparkki"]},{"@type":"Person","@id":"https:\/\/www.victoriamedia.org\/ld\/#\/schema\/person\/a2e166f07bdda8a5ef0506501655c9ac","name":"Kerttu Vali","image":{"@type":"ImageObject","inLanguage":"en-US","@id":"https:\/\/secure.gravatar.com\/avatar\/62dbe1a847f655ad987c59fece23f885c4b0e7b06595c36d9597003852972217?s=96&d=mm&r=g","url":"https:\/\/secure.gravatar.com\/avatar\/62dbe1a847f655ad987c59fece23f885c4b0e7b06595c36d9597003852972217?s=96&d=mm&r=g","contentUrl":"https:\/\/secure.gravatar.com\/avatar\/62dbe1a847f655ad987c59fece23f885c4b0e7b06595c36d9597003852972217?s=96&d=mm&r=g","caption":"Kerttu Vali"},"sameAs":["http:\/\/www.victoriamedia.fi\/"],"url":"https:\/\/www.victoriamedia.org\/ld\/author\/kerttuvali\/"}]}},"_links":{"self":[{"href":"https:\/\/www.victoriamedia.org\/ld\/wp-json\/wp\/v2\/posts\/386","targetHints":{"allow":["GET"]}}],"collection":[{"href":"https:\/\/www.victoriamedia.org\/ld\/wp-json\/wp\/v2\/posts"}],"about":[{"href":"https:\/\/www.victoriamedia.org\/ld\/wp-json\/wp\/v2\/types\/post"}],"author":[{"embeddable":true,"href":"https:\/\/www.victoriamedia.org\/ld\/wp-json\/wp\/v2\/users\/1"}],"replies":[{"embeddable":true,"href":"https:\/\/www.victoriamedia.org\/ld\/wp-json\/wp\/v2\/comments?post=386"}],"version-history":[{"count":2,"href":"https:\/\/www.victoriamedia.org\/ld\/wp-json\/wp\/v2\/posts\/386\/revisions"}],"predecessor-version":[{"id":389,"href":"https:\/\/www.victoriamedia.org\/ld\/wp-json\/wp\/v2\/posts\/386\/revisions\/389"}],"wp:attachment":[{"href":"https:\/\/www.victoriamedia.org\/ld\/wp-json\/wp\/v2\/media?parent=386"}],"wp:term":[{"taxonomy":"category","embeddable":true,"href":"https:\/\/www.victoriamedia.org\/ld\/wp-json\/wp\/v2\/categories?post=386"},{"taxonomy":"post_tag","embeddable":true,"href":"https:\/\/www.victoriamedia.org\/ld\/wp-json\/wp\/v2\/tags?post=386"}],"curies":[{"name":"wp","href":"https:\/\/api.w.org\/{rel}","templated":true}]}}