{"id":363,"date":"2014-09-08T10:40:55","date_gmt":"2014-09-08T10:40:55","guid":{"rendered":"http:\/\/www.victoriamedia.org\/ld\/?p=363"},"modified":"2014-09-08T10:40:55","modified_gmt":"2014-09-08T10:40:55","slug":"zeiss-julkaisee-toisen-otus-objektiivinsa","status":"publish","type":"post","link":"https:\/\/www.victoriamedia.org\/ld\/zeiss-julkaisee-toisen-otus-objektiivinsa\/","title":{"rendered":"Zeiss julkaisee toisen Otus-objektiivinsa"},"content":{"rendered":"<p>&nbsp;<\/p>\n<p><a href=\"http:\/\/www.victoriamedia.org\/ld\/wp-content\/uploads\/2014\/09\/print_4wURjHSpay1.jpg\"><img loading=\"lazy\" decoding=\"async\" class=\"alignnone size-medium wp-image-365\" src=\"http:\/\/www.victoriamedia.org\/ld\/wp-content\/uploads\/2014\/09\/print_4wURjHSpay1-300x233.jpg\" alt=\"print_4wURjHSpay\" width=\"300\" height=\"233\" srcset=\"https:\/\/www.victoriamedia.org\/ld\/wp-content\/uploads\/2014\/09\/print_4wURjHSpay1-300x233.jpg 300w, https:\/\/www.victoriamedia.org\/ld\/wp-content\/uploads\/2014\/09\/print_4wURjHSpay1-1024x798.jpg 1024w\" sizes=\"auto, (max-width: 300px) 100vw, 300px\" \/><\/a><\/p>\n<p><b style=\"color: #555555;\">Zeissin julkaistessa Otus 55mm F\/1,4 objektiivin viime vuonna, kuulimme monesta l\u00e4hteest\u00e4, ett\u00e4 se on maailman paras objektiivi. Objektiivin korkea laatu on sittemmin osoitettu useissa testeiss\u00e4, joka on tietenkin nostanut uuden, nyt julkaistavan Otus 85mm F\/1,4:n odotukset \u00e4\u00e4rimm\u00e4isen korkealle. Objektiivi esitell\u00e4\u00e4n 16.9. K\u00f6lniss\u00e4 alkavassa Photokinassa.<\/b><br style=\"color: #555555;\" \/><br style=\"color: #555555;\" \/><span style=\"color: #555555;\">Perinteisesti 85mm -objektiivin ajatellaan soveltuvan muotokuvaukseen, mutta Otus 85mm F\/1,4:n pit\u00e4isi olla my\u00f6s paljon muuta. Objektiivin laadun ja l\u00e4hes t\u00e4ydellisen piirtokyvyn, jota se tuottaa my\u00f6s suurimmalla aukolla, ansiosta se on joka paikan objektiivi, joka tuottaa ennen n\u00e4kem\u00e4t\u00f6nt\u00e4 kuvanlaatua. Se sopii t\u00e4ydellisesti niin studioon, muotikuvaukseen, kuin tuote- ja arkkitehtuurikuviinkin.<\/span><br style=\"color: #555555;\" \/><br style=\"color: #555555;\" \/><span style=\"color: #555555;\">F\/1,4 valovoimansa, korkean kuvanlaadun ja modernien kameroiden suurien ISO-herkkyyksien ansiosta voit ottaa upeita kuvia my\u00f6s huonoissa valaistusolosuhteissa. Objektiivi on suunniteltu ammattilaisten k\u00e4ytt\u00f6\u00f6n.<\/span><br style=\"color: #555555;\" \/><br style=\"color: #555555;\" \/><span style=\"color: #555555;\">\u201dOtus-sarja erottuu optisesti korkealla kuvanlaadulla, jopa t\u00e4ydell\u00e4 aukolla. Erityisesti taustan neutraali bok\u00e9h ja optisesti virheett\u00f6m\u00e4t ja eritt\u00e4in korkea kontrastiset kuvat erottuvat edukseen.\u201d, sanoo Juha Korteniemi Zeissia maahantuovalta Focus Nordicilta.<\/span><br style=\"color: #555555;\" \/><br style=\"color: #555555;\" \/><span style=\"color: #555555;\">Objektiivin l\u00e4hin tarkennuset\u00e4isyys on vain 0,8 metri\u00e4, joka tekee siit\u00e4 my\u00f6s erinomaisen l\u00e4hikuvaamiseen.<\/span><br style=\"color: #555555;\" \/><br style=\"color: #555555;\" \/><span style=\"color: #555555;\">Tekniset tiedot:<\/span><br style=\"color: #555555;\" \/><br style=\"color: #555555;\" \/><span style=\"color: #555555;\">\u2022 Polttov\u00e4li : 85mm<\/span><br style=\"color: #555555;\" \/><span style=\"color: #555555;\">\u2022 Aukkoalue: F\/1.4 \u2013 F\/16<\/span><br style=\"color: #555555;\" \/><span style=\"color: #555555;\">\u2022 Optinen rakenne: 11 linssi\u00e4 9 ryhm\u00e4ss\u00e4<\/span><br style=\"color: #555555;\" \/><span style=\"color: #555555;\">\u2022 Tarkennusalue: 0.8m \u2013 \u00e4\u00e4ret\u00f6n<\/span><br style=\"color: #555555;\" \/><span style=\"color: #555555;\">\u2022 Kuvakulma (diag.\/horis.\/vert.): 28,24\u00b0 \/ 23,71\u00b0 \/ 15,97\u00b0<\/span><br style=\"color: #555555;\" \/><span style=\"color: #555555;\">\u2022 Kuva-ala l\u00e4hikuvauksessa: 278,85 x 185,61 mm<\/span><br style=\"color: #555555;\" \/><span style=\"color: #555555;\">\u2022 Suurennoskerroin: 1:7,7<\/span><br style=\"color: #555555;\" \/><span style=\"color: #555555;\">\u2022 Suodinkierre: M86 x 1.0<\/span><br style=\"color: #555555;\" \/><span style=\"color: #555555;\">\u2022 Pituus (sis. obj.suojus): 138 mm (ZF.2) \/ 141 mm (ZE)<\/span><br style=\"color: #555555;\" \/><span style=\"color: #555555;\">\u2022 Pituus (ilman suojusta): 122 mm (ZF.2) \/ 124 mm (ZE)<\/span><br style=\"color: #555555;\" \/><span style=\"color: #555555;\">\u2022 Halkaisija: 92 mm<\/span><br style=\"color: #555555;\" \/><span style=\"color: #555555;\">\u2022 Paino: 1140 g (ZF.2) \/ 1200 g (ZE)<\/span><br style=\"color: #555555;\" \/><span style=\"color: #555555;\">\u2022 Kiinnitykset: ZF.2 (Nikon F) \/ ZE (Canon EF)<\/span><br style=\"color: #555555;\" \/><br style=\"color: #555555;\" \/><span style=\"color: #555555;\">Hinta ja saatavuus<\/span><br style=\"color: #555555;\" \/><br style=\"color: #555555;\" \/><span style=\"color: #555555;\">Objektiivin toimitukset alkavat syyskuun lopussa ja se maksaa:<\/span><br style=\"color: #555555;\" \/><br style=\"color: #555555;\" \/><span style=\"color: #555555;\">Zeiss 85mm F\/1,4. Hinta noin 4300 euroa.<\/span><\/p>\n","protected":false},"excerpt":{"rendered":"<p>&nbsp; Zeissin julkaistessa Otus 55mm F\/1,4 objektiivin viime vuonna, kuulimme monesta l\u00e4hteest\u00e4, ett\u00e4 se on maailman paras objektiivi. Objektiivin korkea laatu on sittemmin osoitettu useissa testeiss\u00e4, joka on tietenkin nostanut uuden, nyt julkaistavan Otus 85mm F\/1,4:n odotukset \u00e4\u00e4rimm\u00e4isen korkealle. Objektiivi esitell\u00e4\u00e4n 16.9. K\u00f6lniss\u00e4 alkavassa Photokinassa.Perinteisesti 85mm -objektiivin ajatellaan soveltuvan muotokuvaukseen, mutta Otus 85mm F\/1,4:n pit\u00e4isi [&hellip;]<\/p>\n","protected":false},"author":1,"featured_media":0,"comment_status":"closed","ping_status":"open","sticky":false,"template":"","format":"standard","meta":{"footnotes":""},"categories":[10],"tags":[],"class_list":["post-363","post","type-post","status-publish","format-standard","hentry","category-objektiivit"],"yoast_head":"<!-- This site is optimized with the Yoast SEO plugin v27.5 - https:\/\/yoast.com\/product\/yoast-seo-wordpress\/ -->\n<title>Zeiss julkaisee toisen Otus-objektiivinsa - KAMERAT JA OPTISET LAITTEET<\/title>\n<meta name=\"robots\" content=\"index, follow, max-snippet:-1, max-image-preview:large, max-video-preview:-1\" \/>\n<link rel=\"canonical\" href=\"https:\/\/www.victoriamedia.org\/ld\/zeiss-julkaisee-toisen-otus-objektiivinsa\/\" \/>\n<meta property=\"og:locale\" content=\"en_US\" \/>\n<meta property=\"og:type\" content=\"article\" \/>\n<meta property=\"og:title\" content=\"Zeiss julkaisee toisen Otus-objektiivinsa - KAMERAT JA OPTISET LAITTEET\" \/>\n<meta property=\"og:description\" content=\"&nbsp; Zeissin julkaistessa Otus 55mm F\/1,4 objektiivin viime vuonna, kuulimme monesta l\u00e4hteest\u00e4, ett\u00e4 se on maailman paras objektiivi. Objektiivin korkea laatu on sittemmin osoitettu useissa testeiss\u00e4, joka on tietenkin nostanut uuden, nyt julkaistavan Otus 85mm F\/1,4:n odotukset \u00e4\u00e4rimm\u00e4isen korkealle. Objektiivi esitell\u00e4\u00e4n 16.9. K\u00f6lniss\u00e4 alkavassa Photokinassa.Perinteisesti 85mm -objektiivin ajatellaan soveltuvan muotokuvaukseen, mutta Otus 85mm F\/1,4:n pit\u00e4isi [&hellip;]\" \/>\n<meta property=\"og:url\" content=\"https:\/\/www.victoriamedia.org\/ld\/zeiss-julkaisee-toisen-otus-objektiivinsa\/\" \/>\n<meta property=\"og:site_name\" content=\"KAMERAT JA OPTISET LAITTEET\" \/>\n<meta property=\"article:publisher\" content=\"https:\/\/www.facebook.com\/victoriamedia\" \/>\n<meta property=\"article:published_time\" content=\"2014-09-08T10:40:55+00:00\" \/>\n<meta property=\"og:image\" content=\"http:\/\/www.victoriamedia.org\/ld\/wp-content\/uploads\/2014\/09\/print_4wURjHSpay1-300x233.jpg\" \/>\n<meta name=\"author\" content=\"Kerttu Vali\" \/>\n<meta name=\"twitter:card\" content=\"summary_large_image\" \/>\n<meta name=\"twitter:creator\" content=\"@uutisparkki\" \/>\n<meta name=\"twitter:site\" content=\"@uutisparkki\" \/>\n<meta name=\"twitter:label1\" content=\"Written by\" \/>\n\t<meta name=\"twitter:data1\" content=\"Kerttu Vali\" \/>\n\t<meta name=\"twitter:label2\" content=\"Est. reading time\" \/>\n\t<meta name=\"twitter:data2\" content=\"1 minute\" \/>\n<script type=\"application\/ld+json\" class=\"yoast-schema-graph\">{\"@context\":\"https:\\\/\\\/schema.org\",\"@graph\":[{\"@type\":\"Article\",\"@id\":\"https:\\\/\\\/www.victoriamedia.org\\\/ld\\\/zeiss-julkaisee-toisen-otus-objektiivinsa\\\/#article\",\"isPartOf\":{\"@id\":\"https:\\\/\\\/www.victoriamedia.org\\\/ld\\\/zeiss-julkaisee-toisen-otus-objektiivinsa\\\/\"},\"author\":{\"name\":\"Kerttu Vali\",\"@id\":\"https:\\\/\\\/www.victoriamedia.org\\\/ld\\\/#\\\/schema\\\/person\\\/a2e166f07bdda8a5ef0506501655c9ac\"},\"headline\":\"Zeiss julkaisee toisen Otus-objektiivinsa\",\"datePublished\":\"2014-09-08T10:40:55+00:00\",\"mainEntityOfPage\":{\"@id\":\"https:\\\/\\\/www.victoriamedia.org\\\/ld\\\/zeiss-julkaisee-toisen-otus-objektiivinsa\\\/\"},\"wordCount\":262,\"publisher\":{\"@id\":\"https:\\\/\\\/www.victoriamedia.org\\\/ld\\\/#organization\"},\"image\":{\"@id\":\"https:\\\/\\\/www.victoriamedia.org\\\/ld\\\/zeiss-julkaisee-toisen-otus-objektiivinsa\\\/#primaryimage\"},\"thumbnailUrl\":\"http:\\\/\\\/www.victoriamedia.org\\\/ld\\\/wp-content\\\/uploads\\\/2014\\\/09\\\/print_4wURjHSpay1-300x233.jpg\",\"articleSection\":[\"Objektiivit\"],\"inLanguage\":\"en-US\"},{\"@type\":\"WebPage\",\"@id\":\"https:\\\/\\\/www.victoriamedia.org\\\/ld\\\/zeiss-julkaisee-toisen-otus-objektiivinsa\\\/\",\"url\":\"https:\\\/\\\/www.victoriamedia.org\\\/ld\\\/zeiss-julkaisee-toisen-otus-objektiivinsa\\\/\",\"name\":\"Zeiss julkaisee toisen Otus-objektiivinsa - KAMERAT JA OPTISET LAITTEET\",\"isPartOf\":{\"@id\":\"https:\\\/\\\/www.victoriamedia.org\\\/ld\\\/#website\"},\"primaryImageOfPage\":{\"@id\":\"https:\\\/\\\/www.victoriamedia.org\\\/ld\\\/zeiss-julkaisee-toisen-otus-objektiivinsa\\\/#primaryimage\"},\"image\":{\"@id\":\"https:\\\/\\\/www.victoriamedia.org\\\/ld\\\/zeiss-julkaisee-toisen-otus-objektiivinsa\\\/#primaryimage\"},\"thumbnailUrl\":\"http:\\\/\\\/www.victoriamedia.org\\\/ld\\\/wp-content\\\/uploads\\\/2014\\\/09\\\/print_4wURjHSpay1-300x233.jpg\",\"datePublished\":\"2014-09-08T10:40:55+00:00\",\"breadcrumb\":{\"@id\":\"https:\\\/\\\/www.victoriamedia.org\\\/ld\\\/zeiss-julkaisee-toisen-otus-objektiivinsa\\\/#breadcrumb\"},\"inLanguage\":\"en-US\",\"potentialAction\":[{\"@type\":\"ReadAction\",\"target\":[\"https:\\\/\\\/www.victoriamedia.org\\\/ld\\\/zeiss-julkaisee-toisen-otus-objektiivinsa\\\/\"]}]},{\"@type\":\"ImageObject\",\"inLanguage\":\"en-US\",\"@id\":\"https:\\\/\\\/www.victoriamedia.org\\\/ld\\\/zeiss-julkaisee-toisen-otus-objektiivinsa\\\/#primaryimage\",\"url\":\"https:\\\/\\\/www.victoriamedia.org\\\/ld\\\/wp-content\\\/uploads\\\/2014\\\/09\\\/print_4wURjHSpay1.jpg\",\"contentUrl\":\"https:\\\/\\\/www.victoriamedia.org\\\/ld\\\/wp-content\\\/uploads\\\/2014\\\/09\\\/print_4wURjHSpay1.jpg\",\"width\":2480,\"height\":1934},{\"@type\":\"BreadcrumbList\",\"@id\":\"https:\\\/\\\/www.victoriamedia.org\\\/ld\\\/zeiss-julkaisee-toisen-otus-objektiivinsa\\\/#breadcrumb\",\"itemListElement\":[{\"@type\":\"ListItem\",\"position\":1,\"name\":\"Home\",\"item\":\"https:\\\/\\\/www.victoriamedia.org\\\/ld\\\/\"},{\"@type\":\"ListItem\",\"position\":2,\"name\":\"Zeiss julkaisee toisen Otus-objektiivinsa\"}]},{\"@type\":\"WebSite\",\"@id\":\"https:\\\/\\\/www.victoriamedia.org\\\/ld\\\/#website\",\"url\":\"https:\\\/\\\/www.victoriamedia.org\\\/ld\\\/\",\"name\":\"KAMERAT JA OPTISET LAITTEET\",\"description\":\"Kamerat Kiikarit ja optiset tarvikkeet\",\"publisher\":{\"@id\":\"https:\\\/\\\/www.victoriamedia.org\\\/ld\\\/#organization\"},\"potentialAction\":[{\"@type\":\"SearchAction\",\"target\":{\"@type\":\"EntryPoint\",\"urlTemplate\":\"https:\\\/\\\/www.victoriamedia.org\\\/ld\\\/?s={search_term_string}\"},\"query-input\":{\"@type\":\"PropertyValueSpecification\",\"valueRequired\":true,\"valueName\":\"search_term_string\"}}],\"inLanguage\":\"en-US\"},{\"@type\":\"Organization\",\"@id\":\"https:\\\/\\\/www.victoriamedia.org\\\/ld\\\/#organization\",\"name\":\"Victoria Media - Kamerauutiset\",\"url\":\"https:\\\/\\\/www.victoriamedia.org\\\/ld\\\/\",\"logo\":{\"@type\":\"ImageObject\",\"inLanguage\":\"en-US\",\"@id\":\"https:\\\/\\\/www.victoriamedia.org\\\/ld\\\/#\\\/schema\\\/logo\\\/image\\\/\",\"url\":\"https:\\\/\\\/www.victoriamedia.org\\\/ld\\\/wp-content\\\/uploads\\\/2022\\\/09\\\/292179098_555417722694101_2682724033383846896_n.png\",\"contentUrl\":\"https:\\\/\\\/www.victoriamedia.org\\\/ld\\\/wp-content\\\/uploads\\\/2022\\\/09\\\/292179098_555417722694101_2682724033383846896_n.png\",\"width\":215,\"height\":165,\"caption\":\"Victoria Media - Kamerauutiset\"},\"image\":{\"@id\":\"https:\\\/\\\/www.victoriamedia.org\\\/ld\\\/#\\\/schema\\\/logo\\\/image\\\/\"},\"sameAs\":[\"https:\\\/\\\/www.facebook.com\\\/victoriamedia\",\"https:\\\/\\\/x.com\\\/uutisparkki\"]},{\"@type\":\"Person\",\"@id\":\"https:\\\/\\\/www.victoriamedia.org\\\/ld\\\/#\\\/schema\\\/person\\\/a2e166f07bdda8a5ef0506501655c9ac\",\"name\":\"Kerttu Vali\",\"image\":{\"@type\":\"ImageObject\",\"inLanguage\":\"en-US\",\"@id\":\"https:\\\/\\\/secure.gravatar.com\\\/avatar\\\/62dbe1a847f655ad987c59fece23f885c4b0e7b06595c36d9597003852972217?s=96&d=mm&r=g\",\"url\":\"https:\\\/\\\/secure.gravatar.com\\\/avatar\\\/62dbe1a847f655ad987c59fece23f885c4b0e7b06595c36d9597003852972217?s=96&d=mm&r=g\",\"contentUrl\":\"https:\\\/\\\/secure.gravatar.com\\\/avatar\\\/62dbe1a847f655ad987c59fece23f885c4b0e7b06595c36d9597003852972217?s=96&d=mm&r=g\",\"caption\":\"Kerttu Vali\"},\"sameAs\":[\"http:\\\/\\\/www.victoriamedia.fi\\\/\"],\"url\":\"https:\\\/\\\/www.victoriamedia.org\\\/ld\\\/author\\\/kerttuvali\\\/\"}]}<\/script>\n<!-- \/ Yoast SEO plugin. -->","yoast_head_json":{"title":"Zeiss julkaisee toisen Otus-objektiivinsa - KAMERAT JA OPTISET LAITTEET","robots":{"index":"index","follow":"follow","max-snippet":"max-snippet:-1","max-image-preview":"max-image-preview:large","max-video-preview":"max-video-preview:-1"},"canonical":"https:\/\/www.victoriamedia.org\/ld\/zeiss-julkaisee-toisen-otus-objektiivinsa\/","og_locale":"en_US","og_type":"article","og_title":"Zeiss julkaisee toisen Otus-objektiivinsa - KAMERAT JA OPTISET LAITTEET","og_description":"&nbsp; Zeissin julkaistessa Otus 55mm F\/1,4 objektiivin viime vuonna, kuulimme monesta l\u00e4hteest\u00e4, ett\u00e4 se on maailman paras objektiivi. Objektiivin korkea laatu on sittemmin osoitettu useissa testeiss\u00e4, joka on tietenkin nostanut uuden, nyt julkaistavan Otus 85mm F\/1,4:n odotukset \u00e4\u00e4rimm\u00e4isen korkealle. Objektiivi esitell\u00e4\u00e4n 16.9. K\u00f6lniss\u00e4 alkavassa Photokinassa.Perinteisesti 85mm -objektiivin ajatellaan soveltuvan muotokuvaukseen, mutta Otus 85mm F\/1,4:n pit\u00e4isi [&hellip;]","og_url":"https:\/\/www.victoriamedia.org\/ld\/zeiss-julkaisee-toisen-otus-objektiivinsa\/","og_site_name":"KAMERAT JA OPTISET LAITTEET","article_publisher":"https:\/\/www.facebook.com\/victoriamedia","article_published_time":"2014-09-08T10:40:55+00:00","og_image":[{"url":"http:\/\/www.victoriamedia.org\/ld\/wp-content\/uploads\/2014\/09\/print_4wURjHSpay1-300x233.jpg","type":"","width":"","height":""}],"author":"Kerttu Vali","twitter_card":"summary_large_image","twitter_creator":"@uutisparkki","twitter_site":"@uutisparkki","twitter_misc":{"Written by":"Kerttu Vali","Est. reading time":"1 minute"},"schema":{"@context":"https:\/\/schema.org","@graph":[{"@type":"Article","@id":"https:\/\/www.victoriamedia.org\/ld\/zeiss-julkaisee-toisen-otus-objektiivinsa\/#article","isPartOf":{"@id":"https:\/\/www.victoriamedia.org\/ld\/zeiss-julkaisee-toisen-otus-objektiivinsa\/"},"author":{"name":"Kerttu Vali","@id":"https:\/\/www.victoriamedia.org\/ld\/#\/schema\/person\/a2e166f07bdda8a5ef0506501655c9ac"},"headline":"Zeiss julkaisee toisen Otus-objektiivinsa","datePublished":"2014-09-08T10:40:55+00:00","mainEntityOfPage":{"@id":"https:\/\/www.victoriamedia.org\/ld\/zeiss-julkaisee-toisen-otus-objektiivinsa\/"},"wordCount":262,"publisher":{"@id":"https:\/\/www.victoriamedia.org\/ld\/#organization"},"image":{"@id":"https:\/\/www.victoriamedia.org\/ld\/zeiss-julkaisee-toisen-otus-objektiivinsa\/#primaryimage"},"thumbnailUrl":"http:\/\/www.victoriamedia.org\/ld\/wp-content\/uploads\/2014\/09\/print_4wURjHSpay1-300x233.jpg","articleSection":["Objektiivit"],"inLanguage":"en-US"},{"@type":"WebPage","@id":"https:\/\/www.victoriamedia.org\/ld\/zeiss-julkaisee-toisen-otus-objektiivinsa\/","url":"https:\/\/www.victoriamedia.org\/ld\/zeiss-julkaisee-toisen-otus-objektiivinsa\/","name":"Zeiss julkaisee toisen Otus-objektiivinsa - KAMERAT JA OPTISET LAITTEET","isPartOf":{"@id":"https:\/\/www.victoriamedia.org\/ld\/#website"},"primaryImageOfPage":{"@id":"https:\/\/www.victoriamedia.org\/ld\/zeiss-julkaisee-toisen-otus-objektiivinsa\/#primaryimage"},"image":{"@id":"https:\/\/www.victoriamedia.org\/ld\/zeiss-julkaisee-toisen-otus-objektiivinsa\/#primaryimage"},"thumbnailUrl":"http:\/\/www.victoriamedia.org\/ld\/wp-content\/uploads\/2014\/09\/print_4wURjHSpay1-300x233.jpg","datePublished":"2014-09-08T10:40:55+00:00","breadcrumb":{"@id":"https:\/\/www.victoriamedia.org\/ld\/zeiss-julkaisee-toisen-otus-objektiivinsa\/#breadcrumb"},"inLanguage":"en-US","potentialAction":[{"@type":"ReadAction","target":["https:\/\/www.victoriamedia.org\/ld\/zeiss-julkaisee-toisen-otus-objektiivinsa\/"]}]},{"@type":"ImageObject","inLanguage":"en-US","@id":"https:\/\/www.victoriamedia.org\/ld\/zeiss-julkaisee-toisen-otus-objektiivinsa\/#primaryimage","url":"https:\/\/www.victoriamedia.org\/ld\/wp-content\/uploads\/2014\/09\/print_4wURjHSpay1.jpg","contentUrl":"https:\/\/www.victoriamedia.org\/ld\/wp-content\/uploads\/2014\/09\/print_4wURjHSpay1.jpg","width":2480,"height":1934},{"@type":"BreadcrumbList","@id":"https:\/\/www.victoriamedia.org\/ld\/zeiss-julkaisee-toisen-otus-objektiivinsa\/#breadcrumb","itemListElement":[{"@type":"ListItem","position":1,"name":"Home","item":"https:\/\/www.victoriamedia.org\/ld\/"},{"@type":"ListItem","position":2,"name":"Zeiss julkaisee toisen Otus-objektiivinsa"}]},{"@type":"WebSite","@id":"https:\/\/www.victoriamedia.org\/ld\/#website","url":"https:\/\/www.victoriamedia.org\/ld\/","name":"KAMERAT JA OPTISET LAITTEET","description":"Kamerat Kiikarit ja optiset tarvikkeet","publisher":{"@id":"https:\/\/www.victoriamedia.org\/ld\/#organization"},"potentialAction":[{"@type":"SearchAction","target":{"@type":"EntryPoint","urlTemplate":"https:\/\/www.victoriamedia.org\/ld\/?s={search_term_string}"},"query-input":{"@type":"PropertyValueSpecification","valueRequired":true,"valueName":"search_term_string"}}],"inLanguage":"en-US"},{"@type":"Organization","@id":"https:\/\/www.victoriamedia.org\/ld\/#organization","name":"Victoria Media - Kamerauutiset","url":"https:\/\/www.victoriamedia.org\/ld\/","logo":{"@type":"ImageObject","inLanguage":"en-US","@id":"https:\/\/www.victoriamedia.org\/ld\/#\/schema\/logo\/image\/","url":"https:\/\/www.victoriamedia.org\/ld\/wp-content\/uploads\/2022\/09\/292179098_555417722694101_2682724033383846896_n.png","contentUrl":"https:\/\/www.victoriamedia.org\/ld\/wp-content\/uploads\/2022\/09\/292179098_555417722694101_2682724033383846896_n.png","width":215,"height":165,"caption":"Victoria Media - Kamerauutiset"},"image":{"@id":"https:\/\/www.victoriamedia.org\/ld\/#\/schema\/logo\/image\/"},"sameAs":["https:\/\/www.facebook.com\/victoriamedia","https:\/\/x.com\/uutisparkki"]},{"@type":"Person","@id":"https:\/\/www.victoriamedia.org\/ld\/#\/schema\/person\/a2e166f07bdda8a5ef0506501655c9ac","name":"Kerttu Vali","image":{"@type":"ImageObject","inLanguage":"en-US","@id":"https:\/\/secure.gravatar.com\/avatar\/62dbe1a847f655ad987c59fece23f885c4b0e7b06595c36d9597003852972217?s=96&d=mm&r=g","url":"https:\/\/secure.gravatar.com\/avatar\/62dbe1a847f655ad987c59fece23f885c4b0e7b06595c36d9597003852972217?s=96&d=mm&r=g","contentUrl":"https:\/\/secure.gravatar.com\/avatar\/62dbe1a847f655ad987c59fece23f885c4b0e7b06595c36d9597003852972217?s=96&d=mm&r=g","caption":"Kerttu Vali"},"sameAs":["http:\/\/www.victoriamedia.fi\/"],"url":"https:\/\/www.victoriamedia.org\/ld\/author\/kerttuvali\/"}]}},"_links":{"self":[{"href":"https:\/\/www.victoriamedia.org\/ld\/wp-json\/wp\/v2\/posts\/363","targetHints":{"allow":["GET"]}}],"collection":[{"href":"https:\/\/www.victoriamedia.org\/ld\/wp-json\/wp\/v2\/posts"}],"about":[{"href":"https:\/\/www.victoriamedia.org\/ld\/wp-json\/wp\/v2\/types\/post"}],"author":[{"embeddable":true,"href":"https:\/\/www.victoriamedia.org\/ld\/wp-json\/wp\/v2\/users\/1"}],"replies":[{"embeddable":true,"href":"https:\/\/www.victoriamedia.org\/ld\/wp-json\/wp\/v2\/comments?post=363"}],"version-history":[{"count":1,"href":"https:\/\/www.victoriamedia.org\/ld\/wp-json\/wp\/v2\/posts\/363\/revisions"}],"predecessor-version":[{"id":366,"href":"https:\/\/www.victoriamedia.org\/ld\/wp-json\/wp\/v2\/posts\/363\/revisions\/366"}],"wp:attachment":[{"href":"https:\/\/www.victoriamedia.org\/ld\/wp-json\/wp\/v2\/media?parent=363"}],"wp:term":[{"taxonomy":"category","embeddable":true,"href":"https:\/\/www.victoriamedia.org\/ld\/wp-json\/wp\/v2\/categories?post=363"},{"taxonomy":"post_tag","embeddable":true,"href":"https:\/\/www.victoriamedia.org\/ld\/wp-json\/wp\/v2\/tags?post=363"}],"curies":[{"name":"wp","href":"https:\/\/api.w.org\/{rel}","templated":true}]}}