{"id":355,"date":"2014-09-02T10:36:22","date_gmt":"2014-09-02T10:36:22","guid":{"rendered":"http:\/\/www.victoriamedia.org\/ld\/?p=355"},"modified":"2014-09-02T10:36:22","modified_gmt":"2014-09-02T10:36:22","slug":"zeiss-uutuudet-sony-e-bajonetille","status":"publish","type":"post","link":"https:\/\/www.victoriamedia.org\/ld\/zeiss-uutuudet-sony-e-bajonetille\/","title":{"rendered":"Zeiss-uutuudet Sony E-bajonetille"},"content":{"rendered":"<p style=\"color: #555555;\"><a href=\"http:\/\/www.victoriamedia.org\/ld\/wp-content\/uploads\/2014\/09\/xcorffhiae1w7qejh1jb.jpg\"><img loading=\"lazy\" decoding=\"async\" class=\"alignnone  wp-image-356\" src=\"http:\/\/www.victoriamedia.org\/ld\/wp-content\/uploads\/2014\/09\/xcorffhiae1w7qejh1jb.jpg\" alt=\"xcorffhiae1w7qejh1jb\" width=\"513\" height=\"328\" srcset=\"https:\/\/www.victoriamedia.org\/ld\/wp-content\/uploads\/2014\/09\/xcorffhiae1w7qejh1jb.jpg 700w, https:\/\/www.victoriamedia.org\/ld\/wp-content\/uploads\/2014\/09\/xcorffhiae1w7qejh1jb-300x191.jpg 300w\" sizes=\"auto, (max-width: 513px) 100vw, 513px\" \/><\/a><\/p>\n<p style=\"color: #555555;\"><b style=\"color: #111111;\"><i>Zeiss julkaisee kokonaan uuden Loxia-sarjan Sonyn E-bajonetille. Nyt julkaistaan 35mm ja 50mm objektiivit valovoimalla F\/2.0.\u00a0<\/i><\/b><b style=\"color: #111111;\"><i>Objektiivien ensiesittely on 16. syyskuuta K\u00f6lniss\u00e4 j\u00e4rjestett\u00e4v\u00e4ss\u00e4 Photokinassa.<\/i><\/b><\/p>\n<p style=\"color: #555555;\"><b style=\"color: #111111;\">T\u00e4ydelle kennolle<\/b><\/p>\n<p style=\"color: #555555;\">Sen j\u00e4lkeen kun Sony julkaisi ensimm\u00e4isen peilitt\u00f6m\u00e4n t\u00e4yden kennon kameransa, on kysynt\u00e4 siihen sopiville objektiiveille ollut suurta. N\u00e4iden erikoisobjektiivien julkaisua on sen vuoksi jo odotettu. Niiss\u00e4 on mekaaninen aukons\u00e4\u00e4t\u00f6, jota voidaan k\u00e4ytt\u00e4\u00e4 tarvittaessa my\u00f6s portaattomasti, mik\u00e4 on toivottu ominaisuus videokuvauksessa. Yhdess\u00e4 Zeissin korkean optisen laadun kanssa, n\u00e4m\u00e4 objektiivit sopivat hyvin my\u00f6s ammattimaiseen elokuvatuotantoon.<\/p>\n<p style=\"color: #555555;\"><b style=\"color: #111111;\">Rakenne<\/b><\/p>\n<p style=\"color: #555555;\">Elektronisten kontaktien ansiosta objektiivi v\u00e4litt\u00e4\u00e4 kamerarungolle t\u00e4ydet EXIF-tiedot, esimerkiksi k\u00e4ytetyn aukon. Objektiivi tukee my\u00f6s kameran zoom-toimintoa.<\/p>\n<p style=\"color: #555555;\">Loxia 35mm -objektiivissa on yhdeks\u00e4n linssi\u00e4 kuudessa ryhm\u00e4ss\u00e4 ja sen l\u00e4hin tarkennuset\u00e4isyys on 30 cm. Se sopii erityisesti maisema- ja arkkitehtuurikuvaamiseen.<\/p>\n<p style=\"color: #555555;\">Loxia 50mm -objektiivissa on kuusi linssi\u00e4 nelj\u00e4ss\u00e4 ryhm\u00e4ss\u00e4 ja sen l\u00e4hin tarkennuset\u00e4isyys on 37 cm. Se on normaaliobjektiivi, joka sopii kaikenlaiseen valokuvaamiseen.<\/p>\n<p style=\"color: #555555;\"><b style=\"color: #111111;\">Hinta ja saatavuus<\/b><\/p>\n<p style=\"color: #555555;\">Loxia 50mm toimitukset alkavat lokakuun lopulla. Loxia 35mm toimitukset alkavat my\u00f6hemmin, vuoden loppuun menness\u00e4. Ne tulevat maksamaan seuraavasti:<\/p>\n<p style=\"color: #555555;\">Zeiss Loxia 50mm F\/2.0, hinta noin 899 euroa.<\/p>\n<p style=\"color: #555555;\">Zeiss Loxia 35mm F\/2.0, hinta noin 1219 euroa.<\/p>\n","protected":false},"excerpt":{"rendered":"<p>Zeiss julkaisee kokonaan uuden Loxia-sarjan Sonyn E-bajonetille. Nyt julkaistaan 35mm ja 50mm objektiivit valovoimalla F\/2.0.\u00a0Objektiivien ensiesittely on 16. syyskuuta K\u00f6lniss\u00e4 j\u00e4rjestett\u00e4v\u00e4ss\u00e4 Photokinassa. T\u00e4ydelle kennolle Sen j\u00e4lkeen kun Sony julkaisi ensimm\u00e4isen peilitt\u00f6m\u00e4n t\u00e4yden kennon kameransa, on kysynt\u00e4 siihen sopiville objektiiveille ollut suurta. N\u00e4iden erikoisobjektiivien julkaisua on sen vuoksi jo odotettu. Niiss\u00e4 on mekaaninen aukons\u00e4\u00e4t\u00f6, jota voidaan [&hellip;]<\/p>\n","protected":false},"author":1,"featured_media":0,"comment_status":"closed","ping_status":"open","sticky":false,"template":"","format":"standard","meta":{"footnotes":""},"categories":[10],"tags":[],"class_list":["post-355","post","type-post","status-publish","format-standard","hentry","category-objektiivit"],"yoast_head":"<!-- This site is optimized with the Yoast SEO plugin v27.5 - https:\/\/yoast.com\/product\/yoast-seo-wordpress\/ -->\n<title>Zeiss-uutuudet Sony E-bajonetille - KAMERAT JA OPTISET LAITTEET<\/title>\n<meta name=\"robots\" content=\"index, follow, max-snippet:-1, max-image-preview:large, max-video-preview:-1\" \/>\n<link rel=\"canonical\" href=\"https:\/\/www.victoriamedia.org\/ld\/zeiss-uutuudet-sony-e-bajonetille\/\" \/>\n<meta property=\"og:locale\" content=\"en_US\" \/>\n<meta property=\"og:type\" content=\"article\" \/>\n<meta property=\"og:title\" content=\"Zeiss-uutuudet Sony E-bajonetille - KAMERAT JA OPTISET LAITTEET\" \/>\n<meta property=\"og:description\" content=\"Zeiss julkaisee kokonaan uuden Loxia-sarjan Sonyn E-bajonetille. Nyt julkaistaan 35mm ja 50mm objektiivit valovoimalla F\/2.0.\u00a0Objektiivien ensiesittely on 16. syyskuuta K\u00f6lniss\u00e4 j\u00e4rjestett\u00e4v\u00e4ss\u00e4 Photokinassa. T\u00e4ydelle kennolle Sen j\u00e4lkeen kun Sony julkaisi ensimm\u00e4isen peilitt\u00f6m\u00e4n t\u00e4yden kennon kameransa, on kysynt\u00e4 siihen sopiville objektiiveille ollut suurta. N\u00e4iden erikoisobjektiivien julkaisua on sen vuoksi jo odotettu. Niiss\u00e4 on mekaaninen aukons\u00e4\u00e4t\u00f6, jota voidaan [&hellip;]\" \/>\n<meta property=\"og:url\" content=\"https:\/\/www.victoriamedia.org\/ld\/zeiss-uutuudet-sony-e-bajonetille\/\" \/>\n<meta property=\"og:site_name\" content=\"KAMERAT JA OPTISET LAITTEET\" \/>\n<meta property=\"article:publisher\" content=\"https:\/\/www.facebook.com\/victoriamedia\" \/>\n<meta property=\"article:published_time\" content=\"2014-09-02T10:36:22+00:00\" \/>\n<meta property=\"og:image\" content=\"http:\/\/www.victoriamedia.org\/ld\/wp-content\/uploads\/2014\/09\/xcorffhiae1w7qejh1jb.jpg\" \/>\n<meta name=\"author\" content=\"Kerttu Vali\" \/>\n<meta name=\"twitter:card\" content=\"summary_large_image\" \/>\n<meta name=\"twitter:creator\" content=\"@uutisparkki\" \/>\n<meta name=\"twitter:site\" content=\"@uutisparkki\" \/>\n<meta name=\"twitter:label1\" content=\"Written by\" \/>\n\t<meta name=\"twitter:data1\" content=\"Kerttu Vali\" \/>\n\t<meta name=\"twitter:label2\" content=\"Est. reading time\" \/>\n\t<meta name=\"twitter:data2\" content=\"1 minute\" \/>\n<script type=\"application\/ld+json\" class=\"yoast-schema-graph\">{\"@context\":\"https:\\\/\\\/schema.org\",\"@graph\":[{\"@type\":\"Article\",\"@id\":\"https:\\\/\\\/www.victoriamedia.org\\\/ld\\\/zeiss-uutuudet-sony-e-bajonetille\\\/#article\",\"isPartOf\":{\"@id\":\"https:\\\/\\\/www.victoriamedia.org\\\/ld\\\/zeiss-uutuudet-sony-e-bajonetille\\\/\"},\"author\":{\"name\":\"Kerttu Vali\",\"@id\":\"https:\\\/\\\/www.victoriamedia.org\\\/ld\\\/#\\\/schema\\\/person\\\/a2e166f07bdda8a5ef0506501655c9ac\"},\"headline\":\"Zeiss-uutuudet Sony E-bajonetille\",\"datePublished\":\"2014-09-02T10:36:22+00:00\",\"mainEntityOfPage\":{\"@id\":\"https:\\\/\\\/www.victoriamedia.org\\\/ld\\\/zeiss-uutuudet-sony-e-bajonetille\\\/\"},\"wordCount\":202,\"publisher\":{\"@id\":\"https:\\\/\\\/www.victoriamedia.org\\\/ld\\\/#organization\"},\"image\":{\"@id\":\"https:\\\/\\\/www.victoriamedia.org\\\/ld\\\/zeiss-uutuudet-sony-e-bajonetille\\\/#primaryimage\"},\"thumbnailUrl\":\"http:\\\/\\\/www.victoriamedia.org\\\/ld\\\/wp-content\\\/uploads\\\/2014\\\/09\\\/xcorffhiae1w7qejh1jb.jpg\",\"articleSection\":[\"Objektiivit\"],\"inLanguage\":\"en-US\"},{\"@type\":\"WebPage\",\"@id\":\"https:\\\/\\\/www.victoriamedia.org\\\/ld\\\/zeiss-uutuudet-sony-e-bajonetille\\\/\",\"url\":\"https:\\\/\\\/www.victoriamedia.org\\\/ld\\\/zeiss-uutuudet-sony-e-bajonetille\\\/\",\"name\":\"Zeiss-uutuudet Sony E-bajonetille - KAMERAT JA OPTISET LAITTEET\",\"isPartOf\":{\"@id\":\"https:\\\/\\\/www.victoriamedia.org\\\/ld\\\/#website\"},\"primaryImageOfPage\":{\"@id\":\"https:\\\/\\\/www.victoriamedia.org\\\/ld\\\/zeiss-uutuudet-sony-e-bajonetille\\\/#primaryimage\"},\"image\":{\"@id\":\"https:\\\/\\\/www.victoriamedia.org\\\/ld\\\/zeiss-uutuudet-sony-e-bajonetille\\\/#primaryimage\"},\"thumbnailUrl\":\"http:\\\/\\\/www.victoriamedia.org\\\/ld\\\/wp-content\\\/uploads\\\/2014\\\/09\\\/xcorffhiae1w7qejh1jb.jpg\",\"datePublished\":\"2014-09-02T10:36:22+00:00\",\"breadcrumb\":{\"@id\":\"https:\\\/\\\/www.victoriamedia.org\\\/ld\\\/zeiss-uutuudet-sony-e-bajonetille\\\/#breadcrumb\"},\"inLanguage\":\"en-US\",\"potentialAction\":[{\"@type\":\"ReadAction\",\"target\":[\"https:\\\/\\\/www.victoriamedia.org\\\/ld\\\/zeiss-uutuudet-sony-e-bajonetille\\\/\"]}]},{\"@type\":\"ImageObject\",\"inLanguage\":\"en-US\",\"@id\":\"https:\\\/\\\/www.victoriamedia.org\\\/ld\\\/zeiss-uutuudet-sony-e-bajonetille\\\/#primaryimage\",\"url\":\"https:\\\/\\\/www.victoriamedia.org\\\/ld\\\/wp-content\\\/uploads\\\/2014\\\/09\\\/xcorffhiae1w7qejh1jb.jpg\",\"contentUrl\":\"https:\\\/\\\/www.victoriamedia.org\\\/ld\\\/wp-content\\\/uploads\\\/2014\\\/09\\\/xcorffhiae1w7qejh1jb.jpg\",\"width\":700,\"height\":447},{\"@type\":\"BreadcrumbList\",\"@id\":\"https:\\\/\\\/www.victoriamedia.org\\\/ld\\\/zeiss-uutuudet-sony-e-bajonetille\\\/#breadcrumb\",\"itemListElement\":[{\"@type\":\"ListItem\",\"position\":1,\"name\":\"Home\",\"item\":\"https:\\\/\\\/www.victoriamedia.org\\\/ld\\\/\"},{\"@type\":\"ListItem\",\"position\":2,\"name\":\"Zeiss-uutuudet Sony E-bajonetille\"}]},{\"@type\":\"WebSite\",\"@id\":\"https:\\\/\\\/www.victoriamedia.org\\\/ld\\\/#website\",\"url\":\"https:\\\/\\\/www.victoriamedia.org\\\/ld\\\/\",\"name\":\"KAMERAT JA OPTISET LAITTEET\",\"description\":\"Kamerat Kiikarit ja optiset tarvikkeet\",\"publisher\":{\"@id\":\"https:\\\/\\\/www.victoriamedia.org\\\/ld\\\/#organization\"},\"potentialAction\":[{\"@type\":\"SearchAction\",\"target\":{\"@type\":\"EntryPoint\",\"urlTemplate\":\"https:\\\/\\\/www.victoriamedia.org\\\/ld\\\/?s={search_term_string}\"},\"query-input\":{\"@type\":\"PropertyValueSpecification\",\"valueRequired\":true,\"valueName\":\"search_term_string\"}}],\"inLanguage\":\"en-US\"},{\"@type\":\"Organization\",\"@id\":\"https:\\\/\\\/www.victoriamedia.org\\\/ld\\\/#organization\",\"name\":\"Victoria Media - Kamerauutiset\",\"url\":\"https:\\\/\\\/www.victoriamedia.org\\\/ld\\\/\",\"logo\":{\"@type\":\"ImageObject\",\"inLanguage\":\"en-US\",\"@id\":\"https:\\\/\\\/www.victoriamedia.org\\\/ld\\\/#\\\/schema\\\/logo\\\/image\\\/\",\"url\":\"https:\\\/\\\/www.victoriamedia.org\\\/ld\\\/wp-content\\\/uploads\\\/2022\\\/09\\\/292179098_555417722694101_2682724033383846896_n.png\",\"contentUrl\":\"https:\\\/\\\/www.victoriamedia.org\\\/ld\\\/wp-content\\\/uploads\\\/2022\\\/09\\\/292179098_555417722694101_2682724033383846896_n.png\",\"width\":215,\"height\":165,\"caption\":\"Victoria Media - Kamerauutiset\"},\"image\":{\"@id\":\"https:\\\/\\\/www.victoriamedia.org\\\/ld\\\/#\\\/schema\\\/logo\\\/image\\\/\"},\"sameAs\":[\"https:\\\/\\\/www.facebook.com\\\/victoriamedia\",\"https:\\\/\\\/x.com\\\/uutisparkki\"]},{\"@type\":\"Person\",\"@id\":\"https:\\\/\\\/www.victoriamedia.org\\\/ld\\\/#\\\/schema\\\/person\\\/a2e166f07bdda8a5ef0506501655c9ac\",\"name\":\"Kerttu Vali\",\"image\":{\"@type\":\"ImageObject\",\"inLanguage\":\"en-US\",\"@id\":\"https:\\\/\\\/secure.gravatar.com\\\/avatar\\\/62dbe1a847f655ad987c59fece23f885c4b0e7b06595c36d9597003852972217?s=96&d=mm&r=g\",\"url\":\"https:\\\/\\\/secure.gravatar.com\\\/avatar\\\/62dbe1a847f655ad987c59fece23f885c4b0e7b06595c36d9597003852972217?s=96&d=mm&r=g\",\"contentUrl\":\"https:\\\/\\\/secure.gravatar.com\\\/avatar\\\/62dbe1a847f655ad987c59fece23f885c4b0e7b06595c36d9597003852972217?s=96&d=mm&r=g\",\"caption\":\"Kerttu Vali\"},\"sameAs\":[\"http:\\\/\\\/www.victoriamedia.fi\\\/\"],\"url\":\"https:\\\/\\\/www.victoriamedia.org\\\/ld\\\/author\\\/kerttuvali\\\/\"}]}<\/script>\n<!-- \/ Yoast SEO plugin. -->","yoast_head_json":{"title":"Zeiss-uutuudet Sony E-bajonetille - KAMERAT JA OPTISET LAITTEET","robots":{"index":"index","follow":"follow","max-snippet":"max-snippet:-1","max-image-preview":"max-image-preview:large","max-video-preview":"max-video-preview:-1"},"canonical":"https:\/\/www.victoriamedia.org\/ld\/zeiss-uutuudet-sony-e-bajonetille\/","og_locale":"en_US","og_type":"article","og_title":"Zeiss-uutuudet Sony E-bajonetille - KAMERAT JA OPTISET LAITTEET","og_description":"Zeiss julkaisee kokonaan uuden Loxia-sarjan Sonyn E-bajonetille. Nyt julkaistaan 35mm ja 50mm objektiivit valovoimalla F\/2.0.\u00a0Objektiivien ensiesittely on 16. syyskuuta K\u00f6lniss\u00e4 j\u00e4rjestett\u00e4v\u00e4ss\u00e4 Photokinassa. T\u00e4ydelle kennolle Sen j\u00e4lkeen kun Sony julkaisi ensimm\u00e4isen peilitt\u00f6m\u00e4n t\u00e4yden kennon kameransa, on kysynt\u00e4 siihen sopiville objektiiveille ollut suurta. N\u00e4iden erikoisobjektiivien julkaisua on sen vuoksi jo odotettu. Niiss\u00e4 on mekaaninen aukons\u00e4\u00e4t\u00f6, jota voidaan [&hellip;]","og_url":"https:\/\/www.victoriamedia.org\/ld\/zeiss-uutuudet-sony-e-bajonetille\/","og_site_name":"KAMERAT JA OPTISET LAITTEET","article_publisher":"https:\/\/www.facebook.com\/victoriamedia","article_published_time":"2014-09-02T10:36:22+00:00","og_image":[{"url":"http:\/\/www.victoriamedia.org\/ld\/wp-content\/uploads\/2014\/09\/xcorffhiae1w7qejh1jb.jpg","type":"","width":"","height":""}],"author":"Kerttu Vali","twitter_card":"summary_large_image","twitter_creator":"@uutisparkki","twitter_site":"@uutisparkki","twitter_misc":{"Written by":"Kerttu Vali","Est. reading time":"1 minute"},"schema":{"@context":"https:\/\/schema.org","@graph":[{"@type":"Article","@id":"https:\/\/www.victoriamedia.org\/ld\/zeiss-uutuudet-sony-e-bajonetille\/#article","isPartOf":{"@id":"https:\/\/www.victoriamedia.org\/ld\/zeiss-uutuudet-sony-e-bajonetille\/"},"author":{"name":"Kerttu Vali","@id":"https:\/\/www.victoriamedia.org\/ld\/#\/schema\/person\/a2e166f07bdda8a5ef0506501655c9ac"},"headline":"Zeiss-uutuudet Sony E-bajonetille","datePublished":"2014-09-02T10:36:22+00:00","mainEntityOfPage":{"@id":"https:\/\/www.victoriamedia.org\/ld\/zeiss-uutuudet-sony-e-bajonetille\/"},"wordCount":202,"publisher":{"@id":"https:\/\/www.victoriamedia.org\/ld\/#organization"},"image":{"@id":"https:\/\/www.victoriamedia.org\/ld\/zeiss-uutuudet-sony-e-bajonetille\/#primaryimage"},"thumbnailUrl":"http:\/\/www.victoriamedia.org\/ld\/wp-content\/uploads\/2014\/09\/xcorffhiae1w7qejh1jb.jpg","articleSection":["Objektiivit"],"inLanguage":"en-US"},{"@type":"WebPage","@id":"https:\/\/www.victoriamedia.org\/ld\/zeiss-uutuudet-sony-e-bajonetille\/","url":"https:\/\/www.victoriamedia.org\/ld\/zeiss-uutuudet-sony-e-bajonetille\/","name":"Zeiss-uutuudet Sony E-bajonetille - KAMERAT JA OPTISET LAITTEET","isPartOf":{"@id":"https:\/\/www.victoriamedia.org\/ld\/#website"},"primaryImageOfPage":{"@id":"https:\/\/www.victoriamedia.org\/ld\/zeiss-uutuudet-sony-e-bajonetille\/#primaryimage"},"image":{"@id":"https:\/\/www.victoriamedia.org\/ld\/zeiss-uutuudet-sony-e-bajonetille\/#primaryimage"},"thumbnailUrl":"http:\/\/www.victoriamedia.org\/ld\/wp-content\/uploads\/2014\/09\/xcorffhiae1w7qejh1jb.jpg","datePublished":"2014-09-02T10:36:22+00:00","breadcrumb":{"@id":"https:\/\/www.victoriamedia.org\/ld\/zeiss-uutuudet-sony-e-bajonetille\/#breadcrumb"},"inLanguage":"en-US","potentialAction":[{"@type":"ReadAction","target":["https:\/\/www.victoriamedia.org\/ld\/zeiss-uutuudet-sony-e-bajonetille\/"]}]},{"@type":"ImageObject","inLanguage":"en-US","@id":"https:\/\/www.victoriamedia.org\/ld\/zeiss-uutuudet-sony-e-bajonetille\/#primaryimage","url":"https:\/\/www.victoriamedia.org\/ld\/wp-content\/uploads\/2014\/09\/xcorffhiae1w7qejh1jb.jpg","contentUrl":"https:\/\/www.victoriamedia.org\/ld\/wp-content\/uploads\/2014\/09\/xcorffhiae1w7qejh1jb.jpg","width":700,"height":447},{"@type":"BreadcrumbList","@id":"https:\/\/www.victoriamedia.org\/ld\/zeiss-uutuudet-sony-e-bajonetille\/#breadcrumb","itemListElement":[{"@type":"ListItem","position":1,"name":"Home","item":"https:\/\/www.victoriamedia.org\/ld\/"},{"@type":"ListItem","position":2,"name":"Zeiss-uutuudet Sony E-bajonetille"}]},{"@type":"WebSite","@id":"https:\/\/www.victoriamedia.org\/ld\/#website","url":"https:\/\/www.victoriamedia.org\/ld\/","name":"KAMERAT JA OPTISET LAITTEET","description":"Kamerat Kiikarit ja optiset tarvikkeet","publisher":{"@id":"https:\/\/www.victoriamedia.org\/ld\/#organization"},"potentialAction":[{"@type":"SearchAction","target":{"@type":"EntryPoint","urlTemplate":"https:\/\/www.victoriamedia.org\/ld\/?s={search_term_string}"},"query-input":{"@type":"PropertyValueSpecification","valueRequired":true,"valueName":"search_term_string"}}],"inLanguage":"en-US"},{"@type":"Organization","@id":"https:\/\/www.victoriamedia.org\/ld\/#organization","name":"Victoria Media - Kamerauutiset","url":"https:\/\/www.victoriamedia.org\/ld\/","logo":{"@type":"ImageObject","inLanguage":"en-US","@id":"https:\/\/www.victoriamedia.org\/ld\/#\/schema\/logo\/image\/","url":"https:\/\/www.victoriamedia.org\/ld\/wp-content\/uploads\/2022\/09\/292179098_555417722694101_2682724033383846896_n.png","contentUrl":"https:\/\/www.victoriamedia.org\/ld\/wp-content\/uploads\/2022\/09\/292179098_555417722694101_2682724033383846896_n.png","width":215,"height":165,"caption":"Victoria Media - Kamerauutiset"},"image":{"@id":"https:\/\/www.victoriamedia.org\/ld\/#\/schema\/logo\/image\/"},"sameAs":["https:\/\/www.facebook.com\/victoriamedia","https:\/\/x.com\/uutisparkki"]},{"@type":"Person","@id":"https:\/\/www.victoriamedia.org\/ld\/#\/schema\/person\/a2e166f07bdda8a5ef0506501655c9ac","name":"Kerttu Vali","image":{"@type":"ImageObject","inLanguage":"en-US","@id":"https:\/\/secure.gravatar.com\/avatar\/62dbe1a847f655ad987c59fece23f885c4b0e7b06595c36d9597003852972217?s=96&d=mm&r=g","url":"https:\/\/secure.gravatar.com\/avatar\/62dbe1a847f655ad987c59fece23f885c4b0e7b06595c36d9597003852972217?s=96&d=mm&r=g","contentUrl":"https:\/\/secure.gravatar.com\/avatar\/62dbe1a847f655ad987c59fece23f885c4b0e7b06595c36d9597003852972217?s=96&d=mm&r=g","caption":"Kerttu Vali"},"sameAs":["http:\/\/www.victoriamedia.fi\/"],"url":"https:\/\/www.victoriamedia.org\/ld\/author\/kerttuvali\/"}]}},"_links":{"self":[{"href":"https:\/\/www.victoriamedia.org\/ld\/wp-json\/wp\/v2\/posts\/355","targetHints":{"allow":["GET"]}}],"collection":[{"href":"https:\/\/www.victoriamedia.org\/ld\/wp-json\/wp\/v2\/posts"}],"about":[{"href":"https:\/\/www.victoriamedia.org\/ld\/wp-json\/wp\/v2\/types\/post"}],"author":[{"embeddable":true,"href":"https:\/\/www.victoriamedia.org\/ld\/wp-json\/wp\/v2\/users\/1"}],"replies":[{"embeddable":true,"href":"https:\/\/www.victoriamedia.org\/ld\/wp-json\/wp\/v2\/comments?post=355"}],"version-history":[{"count":1,"href":"https:\/\/www.victoriamedia.org\/ld\/wp-json\/wp\/v2\/posts\/355\/revisions"}],"predecessor-version":[{"id":357,"href":"https:\/\/www.victoriamedia.org\/ld\/wp-json\/wp\/v2\/posts\/355\/revisions\/357"}],"wp:attachment":[{"href":"https:\/\/www.victoriamedia.org\/ld\/wp-json\/wp\/v2\/media?parent=355"}],"wp:term":[{"taxonomy":"category","embeddable":true,"href":"https:\/\/www.victoriamedia.org\/ld\/wp-json\/wp\/v2\/categories?post=355"},{"taxonomy":"post_tag","embeddable":true,"href":"https:\/\/www.victoriamedia.org\/ld\/wp-json\/wp\/v2\/tags?post=355"}],"curies":[{"name":"wp","href":"https:\/\/api.w.org\/{rel}","templated":true}]}}