{"id":352,"date":"2014-08-28T12:15:41","date_gmt":"2014-08-28T12:15:41","guid":{"rendered":"http:\/\/www.victoriamedia.org\/ld\/?p=352"},"modified":"2014-08-28T12:15:41","modified_gmt":"2014-08-28T12:15:41","slug":"pentaxilta-uusi-innovatiivinen-jarjestelmakamera","status":"publish","type":"post","link":"https:\/\/www.victoriamedia.org\/ld\/pentaxilta-uusi-innovatiivinen-jarjestelmakamera\/","title":{"rendered":"Pentaxilta uusi innovatiivinen j\u00e4rjestelm\u00e4kamera"},"content":{"rendered":"<p><a href=\"http:\/\/www.victoriamedia.org\/ld\/wp-content\/uploads\/2014\/08\/print_tsWDuXkgxh.jpg\"><img loading=\"lazy\" decoding=\"async\" class=\"alignnone  wp-image-353\" src=\"http:\/\/www.victoriamedia.org\/ld\/wp-content\/uploads\/2014\/08\/print_tsWDuXkgxh-1024x846.jpg\" alt=\"print_tsWDuXkgxh\" width=\"515\" height=\"425\" srcset=\"https:\/\/www.victoriamedia.org\/ld\/wp-content\/uploads\/2014\/08\/print_tsWDuXkgxh-1024x846.jpg 1024w, https:\/\/www.victoriamedia.org\/ld\/wp-content\/uploads\/2014\/08\/print_tsWDuXkgxh-300x247.jpg 300w, https:\/\/www.victoriamedia.org\/ld\/wp-content\/uploads\/2014\/08\/print_tsWDuXkgxh.jpg 1755w\" sizes=\"auto, (max-width: 515px) 100vw, 515px\" \/><\/a><\/p>\n<p><span style=\"color: #000000;\"><b style=\"color: #555555;\">Pentax K-S1 on vaativan harrastajan j\u00e4rjestelm\u00e4kamera, jossa on useita EISA-palkitun K-3 -kameran ominaisuuksia: simuloitu alip\u00e4\u00e4st\u00f6suodin, kuvanvakaaja, todella valoherkk\u00e4 kenno (ISO 51200). Kamera on kuitenkin suunnattu eri yleis\u00f6lle, kuin lippulaivamalli K-3. Siin\u00e4 ei ole s\u00e4\u00e4suojausta, johon on Pentax-kameroiden kanssa totuttu, vaan painopiste on ollut ulkoasussa ja k\u00e4ytett\u00e4vyydess\u00e4.<\/b><\/span><br style=\"color: #555555;\" \/><br style=\"color: #555555;\" \/><span style=\"color: #000000;\">\u201dPentaxilta oli j\u00e4rkev\u00e4 valinta tehd\u00e4 kamera vaativammille harrastajille ilman s\u00e4\u00e4suojausta. Monet vertaavat K-3:n hintaa kilpaileviin malleihin, joissa ei s\u00e4\u00e4suojausta ole. Uuden K-S1 my\u00f6t\u00e4 voimme saavuttaa eritt\u00e4in houkuttelevan kuluttajahinnan niille kuvaajille, jotka eiv\u00e4t tarvitse suojattua kameraa.\u201d, sanoo Juha Korteniemi maahantuovalta Focus Nordicilta. \u201dIlman s\u00e4\u00e4suojausta kamera on saatu rakennettua pienemm\u00e4ksi, uusi malli on todella kompakti.\u201d.<\/span><br style=\"color: #555555;\" \/><br style=\"color: #555555;\" \/><span style=\"color: #000000;\">Muotoilu<\/span><br style=\"color: #555555;\" \/><br style=\"color: #555555;\" \/><span style=\"color: #000000;\">Aivan uusi innovatiivinen kamerarunko LCD-valaistuilla painikkeilla, jotka v\u00e4litt\u00e4v\u00e4t kuvaajalle erilaisia tietoa. Esimerkiksi laukaisimen valo palaa vihre\u00e4n\u00e4 valokuvattaessa ja muuttuu punaiseksi videokuvatilaan siirtyess\u00e4. Kasvojen tunnistusta k\u00e4ytt\u00e4ess\u00e4 kahvan valot n\u00e4ytt\u00e4v\u00e4t kuinka monta kasvoa on tunnistettu. Sen lis\u00e4ksi, ett\u00e4 toiminto on intuitiivinen, se antaa my\u00f6s kameralle modernin ilmeen.<\/span><br style=\"color: #555555;\" \/><br style=\"color: #555555;\" \/><span style=\"color: #000000;\">Kamera on todella pienikokoinen ja sen muotoiluun on k\u00e4ytetty paljon huomiota. Se tulee saataville kolmessa vakiov\u00e4riss\u00e4, mustana, sinisen\u00e4 ja valkoisena, mutta sen voi tilata my\u00f6s kahdesta erikoismallistosta:<\/span><br style=\"color: #555555;\" \/><br style=\"color: #555555;\" \/><span style=\"color: #000000;\">Fabric-mallisto: Cotton Beige, Linen Brown, Denim Blue ja Tweed Grey<\/span><br style=\"color: #555555;\" \/><br style=\"color: #555555;\" \/><span style=\"color: #000000;\">Night Sky -mallisto: Sunset Orange, Dusk Gold, Moon Silver, Midnight Black ja Dawn Purple<\/span><br style=\"color: #555555;\" \/><br style=\"color: #555555;\" \/><span style=\"color: #000000;\">Kenno ja prosessori<\/span><br style=\"color: #555555;\" \/><br style=\"color: #555555;\" \/><span style=\"color: #000000;\">Uusi 20 megapikselin APS-C -koon CMOS-kenno ja uusi Prime MII -prosessori mahdollistavat eritt\u00e4in v\u00e4h\u00e4isen kohinan suurillakin ISO-herkkyyksill\u00e4. Tehokas prosessori mahdollistaa my\u00f6s nopean 5,4 kuvaa sekunnissa sarjakuvausnopeuden.<\/span><br style=\"color: #555555;\" \/><br style=\"color: #555555;\" \/><span style=\"color: #000000;\">Kuvanvakaaja, simuloitu alip\u00e4\u00e4st\u00f6suodin ja astrotoiminto<\/span><br style=\"color: #555555;\" \/><br style=\"color: #555555;\" \/><span style=\"color: #000000;\">Pentax K-S1 -kamerassa on kuvanvakaaja, joka toimii kaikilla K-bajonetin objektiiveilla. Sinun ei tarvitse maksaa enemp\u00e4\u00e4 ostaessasi uutta kuvanvakaajallista objektiivia. Kuten K-3 -mallissa, my\u00f6s t\u00e4ss\u00e4 liikkuvaa kennoa hy\u00f6dynnet\u00e4\u00e4n simuloimaan alip\u00e4\u00e4st\u00f6suodinta. T\u00e4ll\u00e4 voidaan v\u00e4ltt\u00e4\u00e4 moir\u00e9-virhett\u00e4 tietyiss\u00e4 olosuhteissa.<\/span><br style=\"color: #555555;\" \/><br style=\"color: #555555;\" \/><span style=\"color: #000000;\">Liikutettavalla kennolla voidaan toteuttaa my\u00f6s monia muita lis\u00e4toimintoja. Sit\u00e4 voidaan k\u00e4ytt\u00e4\u00e4 kennon puhdistamiseen p\u00f6lyst\u00e4, automaattiseen horisontin suoristamiseen ja t\u00e4htivalokuvaamiseen. Astrotilassa kennoa liikutetaan hitaasti, jolla voidaan kompensoida maanpy\u00f6rimisest\u00e4 syntyv\u00e4 ep\u00e4tarkkuus pitkill\u00e4 valoitusajoilla. T\u00e4m\u00e4n ansiosta saadaan t\u00e4ydellisen tarkkoja kuvia ilman liike-ep\u00e4ter\u00e4vyytt\u00e4 (vaatii erikseen myyt\u00e4v\u00e4n Pentax O-GPS -lis\u00e4varusteen.)<\/span><br style=\"color: #555555;\" \/><br style=\"color: #555555;\" \/><span style=\"color: #000000;\">Safox IXi+ -tarkennusj\u00e4rjestelm\u00e4<\/span><br style=\"color: #555555;\" \/><br style=\"color: #555555;\" \/><span style=\"color: #000000;\">Automaattitarkennusj\u00e4rjestelm\u00e4 on todella tarkka ja se sis\u00e4lt\u00e4\u00e4 11 tarkennuspistett\u00e4, joista yhdeks\u00e4n on ristikk\u00e4isi\u00e4.<\/span><br style=\"color: #555555;\" \/><br style=\"color: #555555;\" \/><span style=\"color: #000000;\">Etsin\/LCD-n\u00e4ytt\u00f6<\/span><br style=\"color: #555555;\" \/><br style=\"color: #555555;\" \/><span style=\"color: #000000;\">Optinen etsin tarjoaa 100% etsinkuvan, joka on yksi Pentaxin tunnusmerkeist\u00e4. Voit my\u00f6s ty\u00f6skennell\u00e4 3\u201d LCD (Live View) -n\u00e4yt\u00f6lt\u00e4, jossa on 921 000 kuvapistett\u00e4.<\/span><br style=\"color: #555555;\" \/><br style=\"color: #555555;\" \/><span style=\"color: #000000;\">Video<\/span><br style=\"color: #555555;\" \/><br style=\"color: #555555;\" \/><span style=\"color: #000000;\">Voit ottaa K-S1:ll\u00e4 Full HD \u2013videokuvaa (1920&#215;1080) H.264-pakkauksella 30, 25 tai 24 kuvaa sekunnissa. Kamerassa on liit\u00e4nt\u00e4 stereomikrofonille.<\/span><br style=\"color: #555555;\" \/><br style=\"color: #555555;\" \/><span style=\"color: #000000;\">\u00c4lypuhelin tuki<\/span><br style=\"color: #555555;\" \/><br style=\"color: #555555;\" \/><span style=\"color: #000000;\">Pentax Flu Card \u2013muistikorttia k\u00e4ytt\u00e4m\u00e4ll\u00e4 (lis\u00e4varuste), voit s\u00e4\u00e4t\u00e4\u00e4 kameran asetuksia, ottaa valokuvia, seurata livekuvaa, sek\u00e4 tallentaa ja ladata kuvia \u00e4lypuhelimesi kautta. Kamera on my\u00f6s yhteensopiva langattomien Eye-Fi-muistikorttien kanssa.<\/span><br style=\"color: #555555;\" \/><br style=\"color: #555555;\" \/><span style=\"color: #000000;\">HDR<\/span><br style=\"color: #555555;\" \/><br style=\"color: #555555;\" \/><span style=\"color: #000000;\">Sis\u00e4\u00e4nrakennettu HDR (High Dynamic Range) toimii jopa RAW-tiedostojen kanssa. HDR-ominaisuudella kamera ottaa kolme kuvaa hyvin nopeasti per\u00e4kk\u00e4in ja yhdist\u00e4\u00e4 ne yhdeksi kuvaksi. Ominaisuuden ansiosta voit saada oikein valotetun kuvan, jossa sek\u00e4 vaalea, ett\u00e4 tumma p\u00e4\u00e4 n\u00e4kyv\u00e4t selke\u00e4sti.<\/span><br style=\"color: #555555;\" \/><br style=\"color: #555555;\" \/><span style=\"color: #000000;\">Hinta ja saatavuus<\/span><br style=\"color: #555555;\" \/><br style=\"color: #555555;\" \/><span style=\"color: #000000;\">Kameran toimitukset alkavat lokauussa seuraavilla hinnoilla:<\/span><br style=\"color: #555555;\" \/><br style=\"color: #555555;\" \/><span style=\"color: #000000;\">Pentax K-S1 kamerarunko. Hinta noin 650 euroa.<\/span><br style=\"color: #555555;\" \/><br style=\"color: #555555;\" \/><span style=\"color: #000000;\">Pentax K-S1 18-55mm -kit. Hinta noin 700 euroa.<\/span><\/p>\n","protected":false},"excerpt":{"rendered":"<p>Pentax K-S1 on vaativan harrastajan j\u00e4rjestelm\u00e4kamera, jossa on useita EISA-palkitun K-3 -kameran ominaisuuksia: simuloitu alip\u00e4\u00e4st\u00f6suodin, kuvanvakaaja, todella valoherkk\u00e4 kenno (ISO 51200). Kamera on kuitenkin suunnattu eri yleis\u00f6lle, kuin lippulaivamalli K-3. Siin\u00e4 ei ole s\u00e4\u00e4suojausta, johon on Pentax-kameroiden kanssa totuttu, vaan painopiste on ollut ulkoasussa ja k\u00e4ytett\u00e4vyydess\u00e4.\u201dPentaxilta oli j\u00e4rkev\u00e4 valinta tehd\u00e4 kamera vaativammille harrastajille ilman s\u00e4\u00e4suojausta. [&hellip;]<\/p>\n","protected":false},"author":1,"featured_media":0,"comment_status":"closed","ping_status":"open","sticky":false,"template":"","format":"standard","meta":{"footnotes":""},"categories":[24],"tags":[],"class_list":["post-352","post","type-post","status-publish","format-standard","hentry","category-kamerat"],"yoast_head":"<!-- This site is optimized with the Yoast SEO plugin v27.5 - https:\/\/yoast.com\/product\/yoast-seo-wordpress\/ -->\n<title>Pentaxilta uusi innovatiivinen j\u00e4rjestelm\u00e4kamera - KAMERAT JA OPTISET LAITTEET<\/title>\n<meta name=\"robots\" content=\"index, follow, max-snippet:-1, max-image-preview:large, max-video-preview:-1\" \/>\n<link rel=\"canonical\" href=\"https:\/\/www.victoriamedia.org\/ld\/pentaxilta-uusi-innovatiivinen-jarjestelmakamera\/\" \/>\n<meta property=\"og:locale\" content=\"en_US\" \/>\n<meta property=\"og:type\" content=\"article\" \/>\n<meta property=\"og:title\" content=\"Pentaxilta uusi innovatiivinen j\u00e4rjestelm\u00e4kamera - KAMERAT JA OPTISET LAITTEET\" \/>\n<meta property=\"og:description\" content=\"Pentax K-S1 on vaativan harrastajan j\u00e4rjestelm\u00e4kamera, jossa on useita EISA-palkitun K-3 -kameran ominaisuuksia: simuloitu alip\u00e4\u00e4st\u00f6suodin, kuvanvakaaja, todella valoherkk\u00e4 kenno (ISO 51200). Kamera on kuitenkin suunnattu eri yleis\u00f6lle, kuin lippulaivamalli K-3. Siin\u00e4 ei ole s\u00e4\u00e4suojausta, johon on Pentax-kameroiden kanssa totuttu, vaan painopiste on ollut ulkoasussa ja k\u00e4ytett\u00e4vyydess\u00e4.\u201dPentaxilta oli j\u00e4rkev\u00e4 valinta tehd\u00e4 kamera vaativammille harrastajille ilman s\u00e4\u00e4suojausta. [&hellip;]\" \/>\n<meta property=\"og:url\" content=\"https:\/\/www.victoriamedia.org\/ld\/pentaxilta-uusi-innovatiivinen-jarjestelmakamera\/\" \/>\n<meta property=\"og:site_name\" content=\"KAMERAT JA OPTISET LAITTEET\" \/>\n<meta property=\"article:publisher\" content=\"https:\/\/www.facebook.com\/victoriamedia\" \/>\n<meta property=\"article:published_time\" content=\"2014-08-28T12:15:41+00:00\" \/>\n<meta property=\"og:image\" content=\"http:\/\/www.victoriamedia.org\/ld\/wp-content\/uploads\/2014\/08\/print_tsWDuXkgxh-1024x846.jpg\" \/>\n<meta name=\"author\" content=\"Kerttu Vali\" \/>\n<meta name=\"twitter:card\" content=\"summary_large_image\" \/>\n<meta name=\"twitter:creator\" content=\"@uutisparkki\" \/>\n<meta name=\"twitter:site\" content=\"@uutisparkki\" \/>\n<meta name=\"twitter:label1\" content=\"Written by\" \/>\n\t<meta name=\"twitter:data1\" content=\"Kerttu Vali\" \/>\n\t<meta name=\"twitter:label2\" content=\"Est. reading time\" \/>\n\t<meta name=\"twitter:data2\" content=\"3 minutes\" \/>\n<script type=\"application\/ld+json\" class=\"yoast-schema-graph\">{\"@context\":\"https:\\\/\\\/schema.org\",\"@graph\":[{\"@type\":\"Article\",\"@id\":\"https:\\\/\\\/www.victoriamedia.org\\\/ld\\\/pentaxilta-uusi-innovatiivinen-jarjestelmakamera\\\/#article\",\"isPartOf\":{\"@id\":\"https:\\\/\\\/www.victoriamedia.org\\\/ld\\\/pentaxilta-uusi-innovatiivinen-jarjestelmakamera\\\/\"},\"author\":{\"name\":\"Kerttu Vali\",\"@id\":\"https:\\\/\\\/www.victoriamedia.org\\\/ld\\\/#\\\/schema\\\/person\\\/a2e166f07bdda8a5ef0506501655c9ac\"},\"headline\":\"Pentaxilta uusi innovatiivinen j\u00e4rjestelm\u00e4kamera\",\"datePublished\":\"2014-08-28T12:15:41+00:00\",\"mainEntityOfPage\":{\"@id\":\"https:\\\/\\\/www.victoriamedia.org\\\/ld\\\/pentaxilta-uusi-innovatiivinen-jarjestelmakamera\\\/\"},\"wordCount\":542,\"publisher\":{\"@id\":\"https:\\\/\\\/www.victoriamedia.org\\\/ld\\\/#organization\"},\"image\":{\"@id\":\"https:\\\/\\\/www.victoriamedia.org\\\/ld\\\/pentaxilta-uusi-innovatiivinen-jarjestelmakamera\\\/#primaryimage\"},\"thumbnailUrl\":\"http:\\\/\\\/www.victoriamedia.org\\\/ld\\\/wp-content\\\/uploads\\\/2014\\\/08\\\/print_tsWDuXkgxh-1024x846.jpg\",\"articleSection\":[\"Kamerat\"],\"inLanguage\":\"en-US\"},{\"@type\":\"WebPage\",\"@id\":\"https:\\\/\\\/www.victoriamedia.org\\\/ld\\\/pentaxilta-uusi-innovatiivinen-jarjestelmakamera\\\/\",\"url\":\"https:\\\/\\\/www.victoriamedia.org\\\/ld\\\/pentaxilta-uusi-innovatiivinen-jarjestelmakamera\\\/\",\"name\":\"Pentaxilta uusi innovatiivinen j\u00e4rjestelm\u00e4kamera - KAMERAT JA OPTISET LAITTEET\",\"isPartOf\":{\"@id\":\"https:\\\/\\\/www.victoriamedia.org\\\/ld\\\/#website\"},\"primaryImageOfPage\":{\"@id\":\"https:\\\/\\\/www.victoriamedia.org\\\/ld\\\/pentaxilta-uusi-innovatiivinen-jarjestelmakamera\\\/#primaryimage\"},\"image\":{\"@id\":\"https:\\\/\\\/www.victoriamedia.org\\\/ld\\\/pentaxilta-uusi-innovatiivinen-jarjestelmakamera\\\/#primaryimage\"},\"thumbnailUrl\":\"http:\\\/\\\/www.victoriamedia.org\\\/ld\\\/wp-content\\\/uploads\\\/2014\\\/08\\\/print_tsWDuXkgxh-1024x846.jpg\",\"datePublished\":\"2014-08-28T12:15:41+00:00\",\"breadcrumb\":{\"@id\":\"https:\\\/\\\/www.victoriamedia.org\\\/ld\\\/pentaxilta-uusi-innovatiivinen-jarjestelmakamera\\\/#breadcrumb\"},\"inLanguage\":\"en-US\",\"potentialAction\":[{\"@type\":\"ReadAction\",\"target\":[\"https:\\\/\\\/www.victoriamedia.org\\\/ld\\\/pentaxilta-uusi-innovatiivinen-jarjestelmakamera\\\/\"]}]},{\"@type\":\"ImageObject\",\"inLanguage\":\"en-US\",\"@id\":\"https:\\\/\\\/www.victoriamedia.org\\\/ld\\\/pentaxilta-uusi-innovatiivinen-jarjestelmakamera\\\/#primaryimage\",\"url\":\"https:\\\/\\\/www.victoriamedia.org\\\/ld\\\/wp-content\\\/uploads\\\/2014\\\/08\\\/print_tsWDuXkgxh.jpg\",\"contentUrl\":\"https:\\\/\\\/www.victoriamedia.org\\\/ld\\\/wp-content\\\/uploads\\\/2014\\\/08\\\/print_tsWDuXkgxh.jpg\",\"width\":1755,\"height\":1450},{\"@type\":\"BreadcrumbList\",\"@id\":\"https:\\\/\\\/www.victoriamedia.org\\\/ld\\\/pentaxilta-uusi-innovatiivinen-jarjestelmakamera\\\/#breadcrumb\",\"itemListElement\":[{\"@type\":\"ListItem\",\"position\":1,\"name\":\"Home\",\"item\":\"https:\\\/\\\/www.victoriamedia.org\\\/ld\\\/\"},{\"@type\":\"ListItem\",\"position\":2,\"name\":\"Pentaxilta uusi innovatiivinen j\u00e4rjestelm\u00e4kamera\"}]},{\"@type\":\"WebSite\",\"@id\":\"https:\\\/\\\/www.victoriamedia.org\\\/ld\\\/#website\",\"url\":\"https:\\\/\\\/www.victoriamedia.org\\\/ld\\\/\",\"name\":\"KAMERAT JA OPTISET LAITTEET\",\"description\":\"Kamerat Kiikarit ja optiset tarvikkeet\",\"publisher\":{\"@id\":\"https:\\\/\\\/www.victoriamedia.org\\\/ld\\\/#organization\"},\"potentialAction\":[{\"@type\":\"SearchAction\",\"target\":{\"@type\":\"EntryPoint\",\"urlTemplate\":\"https:\\\/\\\/www.victoriamedia.org\\\/ld\\\/?s={search_term_string}\"},\"query-input\":{\"@type\":\"PropertyValueSpecification\",\"valueRequired\":true,\"valueName\":\"search_term_string\"}}],\"inLanguage\":\"en-US\"},{\"@type\":\"Organization\",\"@id\":\"https:\\\/\\\/www.victoriamedia.org\\\/ld\\\/#organization\",\"name\":\"Victoria Media - Kamerauutiset\",\"url\":\"https:\\\/\\\/www.victoriamedia.org\\\/ld\\\/\",\"logo\":{\"@type\":\"ImageObject\",\"inLanguage\":\"en-US\",\"@id\":\"https:\\\/\\\/www.victoriamedia.org\\\/ld\\\/#\\\/schema\\\/logo\\\/image\\\/\",\"url\":\"https:\\\/\\\/www.victoriamedia.org\\\/ld\\\/wp-content\\\/uploads\\\/2022\\\/09\\\/292179098_555417722694101_2682724033383846896_n.png\",\"contentUrl\":\"https:\\\/\\\/www.victoriamedia.org\\\/ld\\\/wp-content\\\/uploads\\\/2022\\\/09\\\/292179098_555417722694101_2682724033383846896_n.png\",\"width\":215,\"height\":165,\"caption\":\"Victoria Media - Kamerauutiset\"},\"image\":{\"@id\":\"https:\\\/\\\/www.victoriamedia.org\\\/ld\\\/#\\\/schema\\\/logo\\\/image\\\/\"},\"sameAs\":[\"https:\\\/\\\/www.facebook.com\\\/victoriamedia\",\"https:\\\/\\\/x.com\\\/uutisparkki\"]},{\"@type\":\"Person\",\"@id\":\"https:\\\/\\\/www.victoriamedia.org\\\/ld\\\/#\\\/schema\\\/person\\\/a2e166f07bdda8a5ef0506501655c9ac\",\"name\":\"Kerttu Vali\",\"image\":{\"@type\":\"ImageObject\",\"inLanguage\":\"en-US\",\"@id\":\"https:\\\/\\\/secure.gravatar.com\\\/avatar\\\/62dbe1a847f655ad987c59fece23f885c4b0e7b06595c36d9597003852972217?s=96&d=mm&r=g\",\"url\":\"https:\\\/\\\/secure.gravatar.com\\\/avatar\\\/62dbe1a847f655ad987c59fece23f885c4b0e7b06595c36d9597003852972217?s=96&d=mm&r=g\",\"contentUrl\":\"https:\\\/\\\/secure.gravatar.com\\\/avatar\\\/62dbe1a847f655ad987c59fece23f885c4b0e7b06595c36d9597003852972217?s=96&d=mm&r=g\",\"caption\":\"Kerttu Vali\"},\"sameAs\":[\"http:\\\/\\\/www.victoriamedia.fi\\\/\"],\"url\":\"https:\\\/\\\/www.victoriamedia.org\\\/ld\\\/author\\\/kerttuvali\\\/\"}]}<\/script>\n<!-- \/ Yoast SEO plugin. -->","yoast_head_json":{"title":"Pentaxilta uusi innovatiivinen j\u00e4rjestelm\u00e4kamera - KAMERAT JA OPTISET LAITTEET","robots":{"index":"index","follow":"follow","max-snippet":"max-snippet:-1","max-image-preview":"max-image-preview:large","max-video-preview":"max-video-preview:-1"},"canonical":"https:\/\/www.victoriamedia.org\/ld\/pentaxilta-uusi-innovatiivinen-jarjestelmakamera\/","og_locale":"en_US","og_type":"article","og_title":"Pentaxilta uusi innovatiivinen j\u00e4rjestelm\u00e4kamera - KAMERAT JA OPTISET LAITTEET","og_description":"Pentax K-S1 on vaativan harrastajan j\u00e4rjestelm\u00e4kamera, jossa on useita EISA-palkitun K-3 -kameran ominaisuuksia: simuloitu alip\u00e4\u00e4st\u00f6suodin, kuvanvakaaja, todella valoherkk\u00e4 kenno (ISO 51200). Kamera on kuitenkin suunnattu eri yleis\u00f6lle, kuin lippulaivamalli K-3. Siin\u00e4 ei ole s\u00e4\u00e4suojausta, johon on Pentax-kameroiden kanssa totuttu, vaan painopiste on ollut ulkoasussa ja k\u00e4ytett\u00e4vyydess\u00e4.\u201dPentaxilta oli j\u00e4rkev\u00e4 valinta tehd\u00e4 kamera vaativammille harrastajille ilman s\u00e4\u00e4suojausta. [&hellip;]","og_url":"https:\/\/www.victoriamedia.org\/ld\/pentaxilta-uusi-innovatiivinen-jarjestelmakamera\/","og_site_name":"KAMERAT JA OPTISET LAITTEET","article_publisher":"https:\/\/www.facebook.com\/victoriamedia","article_published_time":"2014-08-28T12:15:41+00:00","og_image":[{"url":"http:\/\/www.victoriamedia.org\/ld\/wp-content\/uploads\/2014\/08\/print_tsWDuXkgxh-1024x846.jpg","type":"","width":"","height":""}],"author":"Kerttu Vali","twitter_card":"summary_large_image","twitter_creator":"@uutisparkki","twitter_site":"@uutisparkki","twitter_misc":{"Written by":"Kerttu Vali","Est. reading time":"3 minutes"},"schema":{"@context":"https:\/\/schema.org","@graph":[{"@type":"Article","@id":"https:\/\/www.victoriamedia.org\/ld\/pentaxilta-uusi-innovatiivinen-jarjestelmakamera\/#article","isPartOf":{"@id":"https:\/\/www.victoriamedia.org\/ld\/pentaxilta-uusi-innovatiivinen-jarjestelmakamera\/"},"author":{"name":"Kerttu Vali","@id":"https:\/\/www.victoriamedia.org\/ld\/#\/schema\/person\/a2e166f07bdda8a5ef0506501655c9ac"},"headline":"Pentaxilta uusi innovatiivinen j\u00e4rjestelm\u00e4kamera","datePublished":"2014-08-28T12:15:41+00:00","mainEntityOfPage":{"@id":"https:\/\/www.victoriamedia.org\/ld\/pentaxilta-uusi-innovatiivinen-jarjestelmakamera\/"},"wordCount":542,"publisher":{"@id":"https:\/\/www.victoriamedia.org\/ld\/#organization"},"image":{"@id":"https:\/\/www.victoriamedia.org\/ld\/pentaxilta-uusi-innovatiivinen-jarjestelmakamera\/#primaryimage"},"thumbnailUrl":"http:\/\/www.victoriamedia.org\/ld\/wp-content\/uploads\/2014\/08\/print_tsWDuXkgxh-1024x846.jpg","articleSection":["Kamerat"],"inLanguage":"en-US"},{"@type":"WebPage","@id":"https:\/\/www.victoriamedia.org\/ld\/pentaxilta-uusi-innovatiivinen-jarjestelmakamera\/","url":"https:\/\/www.victoriamedia.org\/ld\/pentaxilta-uusi-innovatiivinen-jarjestelmakamera\/","name":"Pentaxilta uusi innovatiivinen j\u00e4rjestelm\u00e4kamera - KAMERAT JA OPTISET LAITTEET","isPartOf":{"@id":"https:\/\/www.victoriamedia.org\/ld\/#website"},"primaryImageOfPage":{"@id":"https:\/\/www.victoriamedia.org\/ld\/pentaxilta-uusi-innovatiivinen-jarjestelmakamera\/#primaryimage"},"image":{"@id":"https:\/\/www.victoriamedia.org\/ld\/pentaxilta-uusi-innovatiivinen-jarjestelmakamera\/#primaryimage"},"thumbnailUrl":"http:\/\/www.victoriamedia.org\/ld\/wp-content\/uploads\/2014\/08\/print_tsWDuXkgxh-1024x846.jpg","datePublished":"2014-08-28T12:15:41+00:00","breadcrumb":{"@id":"https:\/\/www.victoriamedia.org\/ld\/pentaxilta-uusi-innovatiivinen-jarjestelmakamera\/#breadcrumb"},"inLanguage":"en-US","potentialAction":[{"@type":"ReadAction","target":["https:\/\/www.victoriamedia.org\/ld\/pentaxilta-uusi-innovatiivinen-jarjestelmakamera\/"]}]},{"@type":"ImageObject","inLanguage":"en-US","@id":"https:\/\/www.victoriamedia.org\/ld\/pentaxilta-uusi-innovatiivinen-jarjestelmakamera\/#primaryimage","url":"https:\/\/www.victoriamedia.org\/ld\/wp-content\/uploads\/2014\/08\/print_tsWDuXkgxh.jpg","contentUrl":"https:\/\/www.victoriamedia.org\/ld\/wp-content\/uploads\/2014\/08\/print_tsWDuXkgxh.jpg","width":1755,"height":1450},{"@type":"BreadcrumbList","@id":"https:\/\/www.victoriamedia.org\/ld\/pentaxilta-uusi-innovatiivinen-jarjestelmakamera\/#breadcrumb","itemListElement":[{"@type":"ListItem","position":1,"name":"Home","item":"https:\/\/www.victoriamedia.org\/ld\/"},{"@type":"ListItem","position":2,"name":"Pentaxilta uusi innovatiivinen j\u00e4rjestelm\u00e4kamera"}]},{"@type":"WebSite","@id":"https:\/\/www.victoriamedia.org\/ld\/#website","url":"https:\/\/www.victoriamedia.org\/ld\/","name":"KAMERAT JA OPTISET LAITTEET","description":"Kamerat Kiikarit ja optiset tarvikkeet","publisher":{"@id":"https:\/\/www.victoriamedia.org\/ld\/#organization"},"potentialAction":[{"@type":"SearchAction","target":{"@type":"EntryPoint","urlTemplate":"https:\/\/www.victoriamedia.org\/ld\/?s={search_term_string}"},"query-input":{"@type":"PropertyValueSpecification","valueRequired":true,"valueName":"search_term_string"}}],"inLanguage":"en-US"},{"@type":"Organization","@id":"https:\/\/www.victoriamedia.org\/ld\/#organization","name":"Victoria Media - Kamerauutiset","url":"https:\/\/www.victoriamedia.org\/ld\/","logo":{"@type":"ImageObject","inLanguage":"en-US","@id":"https:\/\/www.victoriamedia.org\/ld\/#\/schema\/logo\/image\/","url":"https:\/\/www.victoriamedia.org\/ld\/wp-content\/uploads\/2022\/09\/292179098_555417722694101_2682724033383846896_n.png","contentUrl":"https:\/\/www.victoriamedia.org\/ld\/wp-content\/uploads\/2022\/09\/292179098_555417722694101_2682724033383846896_n.png","width":215,"height":165,"caption":"Victoria Media - Kamerauutiset"},"image":{"@id":"https:\/\/www.victoriamedia.org\/ld\/#\/schema\/logo\/image\/"},"sameAs":["https:\/\/www.facebook.com\/victoriamedia","https:\/\/x.com\/uutisparkki"]},{"@type":"Person","@id":"https:\/\/www.victoriamedia.org\/ld\/#\/schema\/person\/a2e166f07bdda8a5ef0506501655c9ac","name":"Kerttu Vali","image":{"@type":"ImageObject","inLanguage":"en-US","@id":"https:\/\/secure.gravatar.com\/avatar\/62dbe1a847f655ad987c59fece23f885c4b0e7b06595c36d9597003852972217?s=96&d=mm&r=g","url":"https:\/\/secure.gravatar.com\/avatar\/62dbe1a847f655ad987c59fece23f885c4b0e7b06595c36d9597003852972217?s=96&d=mm&r=g","contentUrl":"https:\/\/secure.gravatar.com\/avatar\/62dbe1a847f655ad987c59fece23f885c4b0e7b06595c36d9597003852972217?s=96&d=mm&r=g","caption":"Kerttu Vali"},"sameAs":["http:\/\/www.victoriamedia.fi\/"],"url":"https:\/\/www.victoriamedia.org\/ld\/author\/kerttuvali\/"}]}},"_links":{"self":[{"href":"https:\/\/www.victoriamedia.org\/ld\/wp-json\/wp\/v2\/posts\/352","targetHints":{"allow":["GET"]}}],"collection":[{"href":"https:\/\/www.victoriamedia.org\/ld\/wp-json\/wp\/v2\/posts"}],"about":[{"href":"https:\/\/www.victoriamedia.org\/ld\/wp-json\/wp\/v2\/types\/post"}],"author":[{"embeddable":true,"href":"https:\/\/www.victoriamedia.org\/ld\/wp-json\/wp\/v2\/users\/1"}],"replies":[{"embeddable":true,"href":"https:\/\/www.victoriamedia.org\/ld\/wp-json\/wp\/v2\/comments?post=352"}],"version-history":[{"count":1,"href":"https:\/\/www.victoriamedia.org\/ld\/wp-json\/wp\/v2\/posts\/352\/revisions"}],"predecessor-version":[{"id":354,"href":"https:\/\/www.victoriamedia.org\/ld\/wp-json\/wp\/v2\/posts\/352\/revisions\/354"}],"wp:attachment":[{"href":"https:\/\/www.victoriamedia.org\/ld\/wp-json\/wp\/v2\/media?parent=352"}],"wp:term":[{"taxonomy":"category","embeddable":true,"href":"https:\/\/www.victoriamedia.org\/ld\/wp-json\/wp\/v2\/categories?post=352"},{"taxonomy":"post_tag","embeddable":true,"href":"https:\/\/www.victoriamedia.org\/ld\/wp-json\/wp\/v2\/tags?post=352"}],"curies":[{"name":"wp","href":"https:\/\/api.w.org\/{rel}","templated":true}]}}