{"id":349,"date":"2014-08-28T09:19:51","date_gmt":"2014-08-28T09:19:51","guid":{"rendered":"http:\/\/www.victoriamedia.org\/ld\/?p=349"},"modified":"2014-08-28T09:19:51","modified_gmt":"2014-08-28T09:19:51","slug":"samyang-julkaisee-valovoimaisen-50mm-objektiivin","status":"publish","type":"post","link":"https:\/\/www.victoriamedia.org\/ld\/samyang-julkaisee-valovoimaisen-50mm-objektiivin\/","title":{"rendered":"Samyang julkaisee valovoimaisen 50mm objektiivin"},"content":{"rendered":"<p><a href=\"http:\/\/www.victoriamedia.org\/ld\/wp-content\/uploads\/2014\/08\/patjcaub8rah4hl4q4ks.jpg\"><img loading=\"lazy\" decoding=\"async\" class=\"alignnone  wp-image-350\" src=\"http:\/\/www.victoriamedia.org\/ld\/wp-content\/uploads\/2014\/08\/patjcaub8rah4hl4q4ks.jpg\" alt=\"patjcaub8rah4hl4q4ks\" width=\"499\" height=\"374\" srcset=\"https:\/\/www.victoriamedia.org\/ld\/wp-content\/uploads\/2014\/08\/patjcaub8rah4hl4q4ks.jpg 700w, https:\/\/www.victoriamedia.org\/ld\/wp-content\/uploads\/2014\/08\/patjcaub8rah4hl4q4ks-300x225.jpg 300w\" sizes=\"auto, (max-width: 499px) 100vw, 499px\" \/><\/a><\/p>\n<p><b style=\"color: #555555;\">Samyang julkaisee kaksi versiota valovoimaisesta 50mm objektiivista. Toinen on valokuvaukseen soveltuvan valovoimalla F\/1,4 ja toinen videoversio V-DSLR 50mm valovoimalla T1,5. Objektiivit esitell\u00e4\u00e4n 16.9. K\u00f6lniss\u00e4 alkavassa Photokinassa.<\/b><br style=\"color: #555555;\" \/><br style=\"color: #555555;\" \/><b style=\"color: #555555;\">T\u00e4ytt\u00e4\u00e4 aukon<\/b><br style=\"color: #555555;\" \/><br style=\"color: #555555;\" \/><span style=\"color: #555555;\">Uusi objektiivi t\u00e4ytt\u00e4\u00e4 Samyang 35mm ja 85mm v\u00e4lisen tilan ja antaa elokuvantekij\u00f6ille ja valokuvaajille t\u00e4yden polttov\u00e4livalikoiman valovoimaisia samanlaisilla ominaisuuksilla varustettuja objektiiveja.<\/span><br style=\"color: #555555;\" \/><br style=\"color: #555555;\" \/><b style=\"color: #555555;\">Rakenne<\/b><br style=\"color: #555555;\" \/><br style=\"color: #555555;\" \/><span style=\"color: #555555;\">Objektiivi on suunniteltu t\u00e4yden kennon kameroille, mutta toimii hyvin my\u00f6s pienemmill\u00e4 kennoilla ja tulee saataville useille kiinnityksille, kuten esimerkiksi MFT.<\/span><br style=\"color: #555555;\" \/><br style=\"color: #555555;\" \/><span style=\"color: #555555;\">Py\u00f6re\u00e4 himmenninaukko tuottaa kauniin ep\u00e4ter\u00e4v\u00e4n alueen (bok\u00e9h), jota monet valo- ja videokuvaajat arvostavat.<\/span><br style=\"color: #555555;\" \/><br style=\"color: #555555;\" \/><span style=\"color: #555555;\">Objektiivin linssist\u00f6 koostuu 9 linssist\u00e4 6 ryhm\u00e4ss\u00e4. Yksi linsseist\u00e4 on asf\u00e4\u00e4rinen ja yksi hybridiasf\u00e4\u00e4rinen linssi. Se tulee saataville seuraavilla kiinnityksill\u00e4: Canon EOS, Canon M, Nikon, Pentax K, Sony A, Sony E, Fuji X, Samung NX, Four Thirds &amp; Micro Four Thirds.<\/span><br style=\"color: #555555;\" \/><br style=\"color: #555555;\" \/><b style=\"color: #555555;\">Hinta ja saatavuus<\/b><br style=\"color: #555555;\" \/><br style=\"color: #555555;\" \/><span style=\"color: #555555;\">Samyang V-DSLR 50mm T1,5 -objektiivin toimitukset alkavat syyskuun lopussa ja sen hinta on noin 615 euroa.<\/span><br style=\"color: #555555;\" \/><br style=\"color: #555555;\" \/><span style=\"color: #555555;\">Samyang 50mm F\/1,4 -objektiivin toimitukset alkavat lokakuussa ja sen hinta varmistuu my\u00f6hemmin.<\/span><\/p>\n","protected":false},"excerpt":{"rendered":"<p>Samyang julkaisee kaksi versiota valovoimaisesta 50mm objektiivista. Toinen on valokuvaukseen soveltuvan valovoimalla F\/1,4 ja toinen videoversio V-DSLR 50mm valovoimalla T1,5. Objektiivit esitell\u00e4\u00e4n 16.9. K\u00f6lniss\u00e4 alkavassa Photokinassa.T\u00e4ytt\u00e4\u00e4 aukonUusi objektiivi t\u00e4ytt\u00e4\u00e4 Samyang 35mm ja 85mm v\u00e4lisen tilan ja antaa elokuvantekij\u00f6ille ja valokuvaajille t\u00e4yden polttov\u00e4livalikoiman valovoimaisia samanlaisilla ominaisuuksilla varustettuja objektiiveja.RakenneObjektiivi on suunniteltu t\u00e4yden kennon kameroille, mutta toimii hyvin [&hellip;]<\/p>\n","protected":false},"author":1,"featured_media":0,"comment_status":"closed","ping_status":"open","sticky":false,"template":"","format":"standard","meta":{"footnotes":""},"categories":[10],"tags":[],"class_list":["post-349","post","type-post","status-publish","format-standard","hentry","category-objektiivit"],"yoast_head":"<!-- This site is optimized with the Yoast SEO plugin v27.5 - https:\/\/yoast.com\/product\/yoast-seo-wordpress\/ -->\n<title>Samyang julkaisee valovoimaisen 50mm objektiivin - KAMERAT JA OPTISET LAITTEET<\/title>\n<meta name=\"robots\" content=\"index, follow, max-snippet:-1, max-image-preview:large, max-video-preview:-1\" \/>\n<link rel=\"canonical\" href=\"https:\/\/www.victoriamedia.org\/ld\/samyang-julkaisee-valovoimaisen-50mm-objektiivin\/\" \/>\n<meta property=\"og:locale\" content=\"en_US\" \/>\n<meta property=\"og:type\" content=\"article\" \/>\n<meta property=\"og:title\" content=\"Samyang julkaisee valovoimaisen 50mm objektiivin - KAMERAT JA OPTISET LAITTEET\" \/>\n<meta property=\"og:description\" content=\"Samyang julkaisee kaksi versiota valovoimaisesta 50mm objektiivista. Toinen on valokuvaukseen soveltuvan valovoimalla F\/1,4 ja toinen videoversio V-DSLR 50mm valovoimalla T1,5. Objektiivit esitell\u00e4\u00e4n 16.9. K\u00f6lniss\u00e4 alkavassa Photokinassa.T\u00e4ytt\u00e4\u00e4 aukonUusi objektiivi t\u00e4ytt\u00e4\u00e4 Samyang 35mm ja 85mm v\u00e4lisen tilan ja antaa elokuvantekij\u00f6ille ja valokuvaajille t\u00e4yden polttov\u00e4livalikoiman valovoimaisia samanlaisilla ominaisuuksilla varustettuja objektiiveja.RakenneObjektiivi on suunniteltu t\u00e4yden kennon kameroille, mutta toimii hyvin [&hellip;]\" \/>\n<meta property=\"og:url\" content=\"https:\/\/www.victoriamedia.org\/ld\/samyang-julkaisee-valovoimaisen-50mm-objektiivin\/\" \/>\n<meta property=\"og:site_name\" content=\"KAMERAT JA OPTISET LAITTEET\" \/>\n<meta property=\"article:publisher\" content=\"https:\/\/www.facebook.com\/victoriamedia\" \/>\n<meta property=\"article:published_time\" content=\"2014-08-28T09:19:51+00:00\" \/>\n<meta property=\"og:image\" content=\"http:\/\/www.victoriamedia.org\/ld\/wp-content\/uploads\/2014\/08\/patjcaub8rah4hl4q4ks.jpg\" \/>\n<meta name=\"author\" content=\"Kerttu Vali\" \/>\n<meta name=\"twitter:card\" content=\"summary_large_image\" \/>\n<meta name=\"twitter:creator\" content=\"@uutisparkki\" \/>\n<meta name=\"twitter:site\" content=\"@uutisparkki\" \/>\n<meta name=\"twitter:label1\" content=\"Written by\" \/>\n\t<meta name=\"twitter:data1\" content=\"Kerttu Vali\" \/>\n\t<meta name=\"twitter:label2\" content=\"Est. reading time\" \/>\n\t<meta name=\"twitter:data2\" content=\"1 minute\" \/>\n<script type=\"application\/ld+json\" class=\"yoast-schema-graph\">{\"@context\":\"https:\\\/\\\/schema.org\",\"@graph\":[{\"@type\":\"Article\",\"@id\":\"https:\\\/\\\/www.victoriamedia.org\\\/ld\\\/samyang-julkaisee-valovoimaisen-50mm-objektiivin\\\/#article\",\"isPartOf\":{\"@id\":\"https:\\\/\\\/www.victoriamedia.org\\\/ld\\\/samyang-julkaisee-valovoimaisen-50mm-objektiivin\\\/\"},\"author\":{\"name\":\"Kerttu Vali\",\"@id\":\"https:\\\/\\\/www.victoriamedia.org\\\/ld\\\/#\\\/schema\\\/person\\\/a2e166f07bdda8a5ef0506501655c9ac\"},\"headline\":\"Samyang julkaisee valovoimaisen 50mm objektiivin\",\"datePublished\":\"2014-08-28T09:19:51+00:00\",\"mainEntityOfPage\":{\"@id\":\"https:\\\/\\\/www.victoriamedia.org\\\/ld\\\/samyang-julkaisee-valovoimaisen-50mm-objektiivin\\\/\"},\"wordCount\":175,\"publisher\":{\"@id\":\"https:\\\/\\\/www.victoriamedia.org\\\/ld\\\/#organization\"},\"image\":{\"@id\":\"https:\\\/\\\/www.victoriamedia.org\\\/ld\\\/samyang-julkaisee-valovoimaisen-50mm-objektiivin\\\/#primaryimage\"},\"thumbnailUrl\":\"http:\\\/\\\/www.victoriamedia.org\\\/ld\\\/wp-content\\\/uploads\\\/2014\\\/08\\\/patjcaub8rah4hl4q4ks.jpg\",\"articleSection\":[\"Objektiivit\"],\"inLanguage\":\"en-US\"},{\"@type\":\"WebPage\",\"@id\":\"https:\\\/\\\/www.victoriamedia.org\\\/ld\\\/samyang-julkaisee-valovoimaisen-50mm-objektiivin\\\/\",\"url\":\"https:\\\/\\\/www.victoriamedia.org\\\/ld\\\/samyang-julkaisee-valovoimaisen-50mm-objektiivin\\\/\",\"name\":\"Samyang julkaisee valovoimaisen 50mm objektiivin - KAMERAT JA OPTISET LAITTEET\",\"isPartOf\":{\"@id\":\"https:\\\/\\\/www.victoriamedia.org\\\/ld\\\/#website\"},\"primaryImageOfPage\":{\"@id\":\"https:\\\/\\\/www.victoriamedia.org\\\/ld\\\/samyang-julkaisee-valovoimaisen-50mm-objektiivin\\\/#primaryimage\"},\"image\":{\"@id\":\"https:\\\/\\\/www.victoriamedia.org\\\/ld\\\/samyang-julkaisee-valovoimaisen-50mm-objektiivin\\\/#primaryimage\"},\"thumbnailUrl\":\"http:\\\/\\\/www.victoriamedia.org\\\/ld\\\/wp-content\\\/uploads\\\/2014\\\/08\\\/patjcaub8rah4hl4q4ks.jpg\",\"datePublished\":\"2014-08-28T09:19:51+00:00\",\"breadcrumb\":{\"@id\":\"https:\\\/\\\/www.victoriamedia.org\\\/ld\\\/samyang-julkaisee-valovoimaisen-50mm-objektiivin\\\/#breadcrumb\"},\"inLanguage\":\"en-US\",\"potentialAction\":[{\"@type\":\"ReadAction\",\"target\":[\"https:\\\/\\\/www.victoriamedia.org\\\/ld\\\/samyang-julkaisee-valovoimaisen-50mm-objektiivin\\\/\"]}]},{\"@type\":\"ImageObject\",\"inLanguage\":\"en-US\",\"@id\":\"https:\\\/\\\/www.victoriamedia.org\\\/ld\\\/samyang-julkaisee-valovoimaisen-50mm-objektiivin\\\/#primaryimage\",\"url\":\"https:\\\/\\\/www.victoriamedia.org\\\/ld\\\/wp-content\\\/uploads\\\/2014\\\/08\\\/patjcaub8rah4hl4q4ks.jpg\",\"contentUrl\":\"https:\\\/\\\/www.victoriamedia.org\\\/ld\\\/wp-content\\\/uploads\\\/2014\\\/08\\\/patjcaub8rah4hl4q4ks.jpg\",\"width\":700,\"height\":525},{\"@type\":\"BreadcrumbList\",\"@id\":\"https:\\\/\\\/www.victoriamedia.org\\\/ld\\\/samyang-julkaisee-valovoimaisen-50mm-objektiivin\\\/#breadcrumb\",\"itemListElement\":[{\"@type\":\"ListItem\",\"position\":1,\"name\":\"Home\",\"item\":\"https:\\\/\\\/www.victoriamedia.org\\\/ld\\\/\"},{\"@type\":\"ListItem\",\"position\":2,\"name\":\"Samyang julkaisee valovoimaisen 50mm objektiivin\"}]},{\"@type\":\"WebSite\",\"@id\":\"https:\\\/\\\/www.victoriamedia.org\\\/ld\\\/#website\",\"url\":\"https:\\\/\\\/www.victoriamedia.org\\\/ld\\\/\",\"name\":\"KAMERAT JA OPTISET LAITTEET\",\"description\":\"Kamerat Kiikarit ja optiset tarvikkeet\",\"publisher\":{\"@id\":\"https:\\\/\\\/www.victoriamedia.org\\\/ld\\\/#organization\"},\"potentialAction\":[{\"@type\":\"SearchAction\",\"target\":{\"@type\":\"EntryPoint\",\"urlTemplate\":\"https:\\\/\\\/www.victoriamedia.org\\\/ld\\\/?s={search_term_string}\"},\"query-input\":{\"@type\":\"PropertyValueSpecification\",\"valueRequired\":true,\"valueName\":\"search_term_string\"}}],\"inLanguage\":\"en-US\"},{\"@type\":\"Organization\",\"@id\":\"https:\\\/\\\/www.victoriamedia.org\\\/ld\\\/#organization\",\"name\":\"Victoria Media - Kamerauutiset\",\"url\":\"https:\\\/\\\/www.victoriamedia.org\\\/ld\\\/\",\"logo\":{\"@type\":\"ImageObject\",\"inLanguage\":\"en-US\",\"@id\":\"https:\\\/\\\/www.victoriamedia.org\\\/ld\\\/#\\\/schema\\\/logo\\\/image\\\/\",\"url\":\"https:\\\/\\\/www.victoriamedia.org\\\/ld\\\/wp-content\\\/uploads\\\/2022\\\/09\\\/292179098_555417722694101_2682724033383846896_n.png\",\"contentUrl\":\"https:\\\/\\\/www.victoriamedia.org\\\/ld\\\/wp-content\\\/uploads\\\/2022\\\/09\\\/292179098_555417722694101_2682724033383846896_n.png\",\"width\":215,\"height\":165,\"caption\":\"Victoria Media - Kamerauutiset\"},\"image\":{\"@id\":\"https:\\\/\\\/www.victoriamedia.org\\\/ld\\\/#\\\/schema\\\/logo\\\/image\\\/\"},\"sameAs\":[\"https:\\\/\\\/www.facebook.com\\\/victoriamedia\",\"https:\\\/\\\/x.com\\\/uutisparkki\"]},{\"@type\":\"Person\",\"@id\":\"https:\\\/\\\/www.victoriamedia.org\\\/ld\\\/#\\\/schema\\\/person\\\/a2e166f07bdda8a5ef0506501655c9ac\",\"name\":\"Kerttu Vali\",\"image\":{\"@type\":\"ImageObject\",\"inLanguage\":\"en-US\",\"@id\":\"https:\\\/\\\/secure.gravatar.com\\\/avatar\\\/62dbe1a847f655ad987c59fece23f885c4b0e7b06595c36d9597003852972217?s=96&d=mm&r=g\",\"url\":\"https:\\\/\\\/secure.gravatar.com\\\/avatar\\\/62dbe1a847f655ad987c59fece23f885c4b0e7b06595c36d9597003852972217?s=96&d=mm&r=g\",\"contentUrl\":\"https:\\\/\\\/secure.gravatar.com\\\/avatar\\\/62dbe1a847f655ad987c59fece23f885c4b0e7b06595c36d9597003852972217?s=96&d=mm&r=g\",\"caption\":\"Kerttu Vali\"},\"sameAs\":[\"http:\\\/\\\/www.victoriamedia.fi\\\/\"],\"url\":\"https:\\\/\\\/www.victoriamedia.org\\\/ld\\\/author\\\/kerttuvali\\\/\"}]}<\/script>\n<!-- \/ Yoast SEO plugin. -->","yoast_head_json":{"title":"Samyang julkaisee valovoimaisen 50mm objektiivin - KAMERAT JA OPTISET LAITTEET","robots":{"index":"index","follow":"follow","max-snippet":"max-snippet:-1","max-image-preview":"max-image-preview:large","max-video-preview":"max-video-preview:-1"},"canonical":"https:\/\/www.victoriamedia.org\/ld\/samyang-julkaisee-valovoimaisen-50mm-objektiivin\/","og_locale":"en_US","og_type":"article","og_title":"Samyang julkaisee valovoimaisen 50mm objektiivin - KAMERAT JA OPTISET LAITTEET","og_description":"Samyang julkaisee kaksi versiota valovoimaisesta 50mm objektiivista. Toinen on valokuvaukseen soveltuvan valovoimalla F\/1,4 ja toinen videoversio V-DSLR 50mm valovoimalla T1,5. Objektiivit esitell\u00e4\u00e4n 16.9. K\u00f6lniss\u00e4 alkavassa Photokinassa.T\u00e4ytt\u00e4\u00e4 aukonUusi objektiivi t\u00e4ytt\u00e4\u00e4 Samyang 35mm ja 85mm v\u00e4lisen tilan ja antaa elokuvantekij\u00f6ille ja valokuvaajille t\u00e4yden polttov\u00e4livalikoiman valovoimaisia samanlaisilla ominaisuuksilla varustettuja objektiiveja.RakenneObjektiivi on suunniteltu t\u00e4yden kennon kameroille, mutta toimii hyvin [&hellip;]","og_url":"https:\/\/www.victoriamedia.org\/ld\/samyang-julkaisee-valovoimaisen-50mm-objektiivin\/","og_site_name":"KAMERAT JA OPTISET LAITTEET","article_publisher":"https:\/\/www.facebook.com\/victoriamedia","article_published_time":"2014-08-28T09:19:51+00:00","og_image":[{"url":"http:\/\/www.victoriamedia.org\/ld\/wp-content\/uploads\/2014\/08\/patjcaub8rah4hl4q4ks.jpg","type":"","width":"","height":""}],"author":"Kerttu Vali","twitter_card":"summary_large_image","twitter_creator":"@uutisparkki","twitter_site":"@uutisparkki","twitter_misc":{"Written by":"Kerttu Vali","Est. reading time":"1 minute"},"schema":{"@context":"https:\/\/schema.org","@graph":[{"@type":"Article","@id":"https:\/\/www.victoriamedia.org\/ld\/samyang-julkaisee-valovoimaisen-50mm-objektiivin\/#article","isPartOf":{"@id":"https:\/\/www.victoriamedia.org\/ld\/samyang-julkaisee-valovoimaisen-50mm-objektiivin\/"},"author":{"name":"Kerttu Vali","@id":"https:\/\/www.victoriamedia.org\/ld\/#\/schema\/person\/a2e166f07bdda8a5ef0506501655c9ac"},"headline":"Samyang julkaisee valovoimaisen 50mm objektiivin","datePublished":"2014-08-28T09:19:51+00:00","mainEntityOfPage":{"@id":"https:\/\/www.victoriamedia.org\/ld\/samyang-julkaisee-valovoimaisen-50mm-objektiivin\/"},"wordCount":175,"publisher":{"@id":"https:\/\/www.victoriamedia.org\/ld\/#organization"},"image":{"@id":"https:\/\/www.victoriamedia.org\/ld\/samyang-julkaisee-valovoimaisen-50mm-objektiivin\/#primaryimage"},"thumbnailUrl":"http:\/\/www.victoriamedia.org\/ld\/wp-content\/uploads\/2014\/08\/patjcaub8rah4hl4q4ks.jpg","articleSection":["Objektiivit"],"inLanguage":"en-US"},{"@type":"WebPage","@id":"https:\/\/www.victoriamedia.org\/ld\/samyang-julkaisee-valovoimaisen-50mm-objektiivin\/","url":"https:\/\/www.victoriamedia.org\/ld\/samyang-julkaisee-valovoimaisen-50mm-objektiivin\/","name":"Samyang julkaisee valovoimaisen 50mm objektiivin - KAMERAT JA OPTISET LAITTEET","isPartOf":{"@id":"https:\/\/www.victoriamedia.org\/ld\/#website"},"primaryImageOfPage":{"@id":"https:\/\/www.victoriamedia.org\/ld\/samyang-julkaisee-valovoimaisen-50mm-objektiivin\/#primaryimage"},"image":{"@id":"https:\/\/www.victoriamedia.org\/ld\/samyang-julkaisee-valovoimaisen-50mm-objektiivin\/#primaryimage"},"thumbnailUrl":"http:\/\/www.victoriamedia.org\/ld\/wp-content\/uploads\/2014\/08\/patjcaub8rah4hl4q4ks.jpg","datePublished":"2014-08-28T09:19:51+00:00","breadcrumb":{"@id":"https:\/\/www.victoriamedia.org\/ld\/samyang-julkaisee-valovoimaisen-50mm-objektiivin\/#breadcrumb"},"inLanguage":"en-US","potentialAction":[{"@type":"ReadAction","target":["https:\/\/www.victoriamedia.org\/ld\/samyang-julkaisee-valovoimaisen-50mm-objektiivin\/"]}]},{"@type":"ImageObject","inLanguage":"en-US","@id":"https:\/\/www.victoriamedia.org\/ld\/samyang-julkaisee-valovoimaisen-50mm-objektiivin\/#primaryimage","url":"https:\/\/www.victoriamedia.org\/ld\/wp-content\/uploads\/2014\/08\/patjcaub8rah4hl4q4ks.jpg","contentUrl":"https:\/\/www.victoriamedia.org\/ld\/wp-content\/uploads\/2014\/08\/patjcaub8rah4hl4q4ks.jpg","width":700,"height":525},{"@type":"BreadcrumbList","@id":"https:\/\/www.victoriamedia.org\/ld\/samyang-julkaisee-valovoimaisen-50mm-objektiivin\/#breadcrumb","itemListElement":[{"@type":"ListItem","position":1,"name":"Home","item":"https:\/\/www.victoriamedia.org\/ld\/"},{"@type":"ListItem","position":2,"name":"Samyang julkaisee valovoimaisen 50mm objektiivin"}]},{"@type":"WebSite","@id":"https:\/\/www.victoriamedia.org\/ld\/#website","url":"https:\/\/www.victoriamedia.org\/ld\/","name":"KAMERAT JA OPTISET LAITTEET","description":"Kamerat Kiikarit ja optiset tarvikkeet","publisher":{"@id":"https:\/\/www.victoriamedia.org\/ld\/#organization"},"potentialAction":[{"@type":"SearchAction","target":{"@type":"EntryPoint","urlTemplate":"https:\/\/www.victoriamedia.org\/ld\/?s={search_term_string}"},"query-input":{"@type":"PropertyValueSpecification","valueRequired":true,"valueName":"search_term_string"}}],"inLanguage":"en-US"},{"@type":"Organization","@id":"https:\/\/www.victoriamedia.org\/ld\/#organization","name":"Victoria Media - Kamerauutiset","url":"https:\/\/www.victoriamedia.org\/ld\/","logo":{"@type":"ImageObject","inLanguage":"en-US","@id":"https:\/\/www.victoriamedia.org\/ld\/#\/schema\/logo\/image\/","url":"https:\/\/www.victoriamedia.org\/ld\/wp-content\/uploads\/2022\/09\/292179098_555417722694101_2682724033383846896_n.png","contentUrl":"https:\/\/www.victoriamedia.org\/ld\/wp-content\/uploads\/2022\/09\/292179098_555417722694101_2682724033383846896_n.png","width":215,"height":165,"caption":"Victoria Media - Kamerauutiset"},"image":{"@id":"https:\/\/www.victoriamedia.org\/ld\/#\/schema\/logo\/image\/"},"sameAs":["https:\/\/www.facebook.com\/victoriamedia","https:\/\/x.com\/uutisparkki"]},{"@type":"Person","@id":"https:\/\/www.victoriamedia.org\/ld\/#\/schema\/person\/a2e166f07bdda8a5ef0506501655c9ac","name":"Kerttu Vali","image":{"@type":"ImageObject","inLanguage":"en-US","@id":"https:\/\/secure.gravatar.com\/avatar\/62dbe1a847f655ad987c59fece23f885c4b0e7b06595c36d9597003852972217?s=96&d=mm&r=g","url":"https:\/\/secure.gravatar.com\/avatar\/62dbe1a847f655ad987c59fece23f885c4b0e7b06595c36d9597003852972217?s=96&d=mm&r=g","contentUrl":"https:\/\/secure.gravatar.com\/avatar\/62dbe1a847f655ad987c59fece23f885c4b0e7b06595c36d9597003852972217?s=96&d=mm&r=g","caption":"Kerttu Vali"},"sameAs":["http:\/\/www.victoriamedia.fi\/"],"url":"https:\/\/www.victoriamedia.org\/ld\/author\/kerttuvali\/"}]}},"_links":{"self":[{"href":"https:\/\/www.victoriamedia.org\/ld\/wp-json\/wp\/v2\/posts\/349","targetHints":{"allow":["GET"]}}],"collection":[{"href":"https:\/\/www.victoriamedia.org\/ld\/wp-json\/wp\/v2\/posts"}],"about":[{"href":"https:\/\/www.victoriamedia.org\/ld\/wp-json\/wp\/v2\/types\/post"}],"author":[{"embeddable":true,"href":"https:\/\/www.victoriamedia.org\/ld\/wp-json\/wp\/v2\/users\/1"}],"replies":[{"embeddable":true,"href":"https:\/\/www.victoriamedia.org\/ld\/wp-json\/wp\/v2\/comments?post=349"}],"version-history":[{"count":1,"href":"https:\/\/www.victoriamedia.org\/ld\/wp-json\/wp\/v2\/posts\/349\/revisions"}],"predecessor-version":[{"id":351,"href":"https:\/\/www.victoriamedia.org\/ld\/wp-json\/wp\/v2\/posts\/349\/revisions\/351"}],"wp:attachment":[{"href":"https:\/\/www.victoriamedia.org\/ld\/wp-json\/wp\/v2\/media?parent=349"}],"wp:term":[{"taxonomy":"category","embeddable":true,"href":"https:\/\/www.victoriamedia.org\/ld\/wp-json\/wp\/v2\/categories?post=349"},{"taxonomy":"post_tag","embeddable":true,"href":"https:\/\/www.victoriamedia.org\/ld\/wp-json\/wp\/v2\/tags?post=349"}],"curies":[{"name":"wp","href":"https:\/\/api.w.org\/{rel}","templated":true}]}}