{"id":345,"date":"2014-08-15T09:34:34","date_gmt":"2014-08-15T09:34:34","guid":{"rendered":"http:\/\/www.victoriamedia.org\/ld\/?p=345"},"modified":"2014-08-15T09:34:34","modified_gmt":"2014-08-15T09:34:34","slug":"nikon-d4s-on-voittanut-european-professional-d-slr-camera-2014-2015-palkinnon","status":"publish","type":"post","link":"https:\/\/www.victoriamedia.org\/ld\/nikon-d4s-on-voittanut-european-professional-d-slr-camera-2014-2015-palkinnon\/","title":{"rendered":"Nikon D4S on voittanut European Professional D-SLR Camera 2014-2015 -palkinnon"},"content":{"rendered":"<p style=\"color: #333333;\"><a href=\"http:\/\/www.victoriamedia.org\/ld\/wp-content\/uploads\/2014\/08\/1200.jpg\"><img loading=\"lazy\" decoding=\"async\" class=\"alignnone size-large wp-image-346\" src=\"http:\/\/www.victoriamedia.org\/ld\/wp-content\/uploads\/2014\/08\/1200-1024x1006.jpg\" alt=\"1200\" width=\"590\" height=\"579\" srcset=\"https:\/\/www.victoriamedia.org\/ld\/wp-content\/uploads\/2014\/08\/1200-1024x1006.jpg 1024w, https:\/\/www.victoriamedia.org\/ld\/wp-content\/uploads\/2014\/08\/1200-300x295.jpg 300w, https:\/\/www.victoriamedia.org\/ld\/wp-content\/uploads\/2014\/08\/1200.jpg 1200w\" sizes=\"auto, (max-width: 590px) 100vw, 590px\" \/><\/a><\/p>\n<p style=\"color: #333333;\"><strong style=\"font-weight: bold;\">EISA (European Imaging and Sound Association) -palkinto julkistettu<\/strong><\/p>\n<p style=\"color: #333333;\"><strong style=\"font-weight: bold;\"><em style=\"font-style: italic;\">Helsinki, 15.8.2014:\u00a0<\/em>Nikon on saanut t\u00e4m\u00e4n vuoden EISA-palkintojenjakotilaisuudessa arvostetun tunnustuksen: se on voittanut European Professional D-SLR Camera 2014-2015 (paras ammattilaistason digitaalinen j\u00e4rjestelm\u00e4kamera) -palkinnon t\u00e4yden koon lippulaivamallillaan, Nikon D4S:ll\u00e4.<\/strong><\/p>\n<p style=\"color: #333333;\">T\u00e4m\u00e4 voitto t\u00e4ydent\u00e4\u00e4 Nikonin menestyst\u00e4 t\u00e4m\u00e4n vuoden TIPA (Technical Image Press Association) -palkintojenjakotilaisuudessa, jossa Nikon voitti nelj\u00e4 palkintoa, mukaan lukien Nikon D4S:n saaman Best D-SLR Professional -palkinnon.<\/p>\n<p style=\"color: #333333;\">Nikon Europen tuotep\u00e4\u00e4llikk\u00f6\u00a0<strong style=\"font-weight: bold;\">Dirk Jasper\u00a0<\/strong>sanoo: \u201dD4S on digitaalisten j\u00e4rjestelm\u00e4kameroidemme huippumalli ja edustaa Nikonin osaamista parhaimmillaan. Se on suunniteltu t\u00e4ytt\u00e4m\u00e4\u00e4n ammattikuvaajan ty\u00f6n kaikki vaatimukset, jotta sill\u00e4 voi ottaa huikeita kuvia eritt\u00e4in nopeasti. Olemme todella iloisia kameran voitettua sek\u00e4 EISA- ett\u00e4 TIPA-palkinnot.\u201d<\/p>\n<p style=\"color: #333333;\">EISA nime\u00e4\u00e4 vuosittain parhaat edelt\u00e4v\u00e4n vuoden aikana Euroopassa eri tuoteryhmiss\u00e4 julkaistut audiovisuaaliset tuotteet. Valinnoissa huomioidaan tuotteet, joita laatuun ja luoviin ominaisuuksiin huomiota kiinnitt\u00e4v\u00e4t harrastajat ja ammattilaiset arvostavat. Voittajien valinnasta vastaavat yli 50 merkitt\u00e4v\u00e4n valokuvaus-, video-, audio-, kodinelektroniikka- ja mobiilielektroniikkalehden edustajista koostuvat paneelit. Paneeleihin kuuluu lehti\u00e4 jopa 20:st\u00e4 Euroopan maasta.<\/p>\n<p style=\"color: #333333;\"><strong style=\"font-weight: bold;\">European Professional D-SLR Camera 2014-2015: Nikon D4S<\/strong><\/p>\n<p style=\"color: #333333;\">EISA-tuomarien lausunto: \u201dVaikka kaksi vuotta Nikon D4:n j\u00e4lkeen julkistettu Nikon D4S muistuttaa ulkoisesti hyvin paljon edelt\u00e4j\u00e4\u00e4ns\u00e4, on sen toimintoja parannettu monin tavoin. Uusi EXPEED 4 -prosessori on mahdollistanut h\u00e4kellytt\u00e4v\u00e4n, jopa ISO 409 600:aan ulottuvan ISO-herkkyysalueen sek\u00e4 11 kuvan ottamisen sekunnissa tarkennuksen seurantaa k\u00e4ytett\u00e4ess\u00e4. Lis\u00e4ksi entist\u00e4 parempi 51 pisteen automaattitarkennus ja D-videotoiminto parantavat D4S:n k\u00e4ytett\u00e4vyytt\u00e4 edelt\u00e4j\u00e4\u00e4ns\u00e4 verrattuna. EISAn asiantuntijaryhm\u00e4n suorittamat kattavat testit ovat osoittaneet, ett\u00e4 Nikon D4S ansaitsee Professional D-SLR Camera of the Year -palkinnon.\u201d<\/p>\n","protected":false},"excerpt":{"rendered":"<p>EISA (European Imaging and Sound Association) -palkinto julkistettu Helsinki, 15.8.2014:\u00a0Nikon on saanut t\u00e4m\u00e4n vuoden EISA-palkintojenjakotilaisuudessa arvostetun tunnustuksen: se on voittanut European Professional D-SLR Camera 2014-2015 (paras ammattilaistason digitaalinen j\u00e4rjestelm\u00e4kamera) -palkinnon t\u00e4yden koon lippulaivamallillaan, Nikon D4S:ll\u00e4. T\u00e4m\u00e4 voitto t\u00e4ydent\u00e4\u00e4 Nikonin menestyst\u00e4 t\u00e4m\u00e4n vuoden TIPA (Technical Image Press Association) -palkintojenjakotilaisuudessa, jossa Nikon voitti nelj\u00e4 palkintoa, mukaan lukien [&hellip;]<\/p>\n","protected":false},"author":1,"featured_media":0,"comment_status":"closed","ping_status":"open","sticky":false,"template":"","format":"standard","meta":{"footnotes":""},"categories":[24],"tags":[],"class_list":["post-345","post","type-post","status-publish","format-standard","hentry","category-kamerat"],"yoast_head":"<!-- This site is optimized with the Yoast SEO plugin v27.5 - https:\/\/yoast.com\/product\/yoast-seo-wordpress\/ -->\n<title>Nikon D4S on voittanut European Professional D-SLR Camera 2014-2015 -palkinnon - KAMERAT JA OPTISET LAITTEET<\/title>\n<meta name=\"robots\" content=\"index, follow, max-snippet:-1, max-image-preview:large, max-video-preview:-1\" \/>\n<link rel=\"canonical\" href=\"https:\/\/www.victoriamedia.org\/ld\/nikon-d4s-on-voittanut-european-professional-d-slr-camera-2014-2015-palkinnon\/\" \/>\n<meta property=\"og:locale\" content=\"en_US\" \/>\n<meta property=\"og:type\" content=\"article\" \/>\n<meta property=\"og:title\" content=\"Nikon D4S on voittanut European Professional D-SLR Camera 2014-2015 -palkinnon - KAMERAT JA OPTISET LAITTEET\" \/>\n<meta property=\"og:description\" content=\"EISA (European Imaging and Sound Association) -palkinto julkistettu Helsinki, 15.8.2014:\u00a0Nikon on saanut t\u00e4m\u00e4n vuoden EISA-palkintojenjakotilaisuudessa arvostetun tunnustuksen: se on voittanut European Professional D-SLR Camera 2014-2015 (paras ammattilaistason digitaalinen j\u00e4rjestelm\u00e4kamera) -palkinnon t\u00e4yden koon lippulaivamallillaan, Nikon D4S:ll\u00e4. T\u00e4m\u00e4 voitto t\u00e4ydent\u00e4\u00e4 Nikonin menestyst\u00e4 t\u00e4m\u00e4n vuoden TIPA (Technical Image Press Association) -palkintojenjakotilaisuudessa, jossa Nikon voitti nelj\u00e4 palkintoa, mukaan lukien [&hellip;]\" \/>\n<meta property=\"og:url\" content=\"https:\/\/www.victoriamedia.org\/ld\/nikon-d4s-on-voittanut-european-professional-d-slr-camera-2014-2015-palkinnon\/\" \/>\n<meta property=\"og:site_name\" content=\"KAMERAT JA OPTISET LAITTEET\" \/>\n<meta property=\"article:publisher\" content=\"https:\/\/www.facebook.com\/victoriamedia\" \/>\n<meta property=\"article:published_time\" content=\"2014-08-15T09:34:34+00:00\" \/>\n<meta property=\"og:image\" content=\"http:\/\/www.victoriamedia.org\/ld\/wp-content\/uploads\/2014\/08\/1200-1024x1006.jpg\" \/>\n<meta name=\"author\" content=\"Kerttu Vali\" \/>\n<meta name=\"twitter:card\" content=\"summary_large_image\" \/>\n<meta name=\"twitter:creator\" content=\"@uutisparkki\" \/>\n<meta name=\"twitter:site\" content=\"@uutisparkki\" \/>\n<meta name=\"twitter:label1\" content=\"Written by\" \/>\n\t<meta name=\"twitter:data1\" content=\"Kerttu Vali\" \/>\n\t<meta name=\"twitter:label2\" content=\"Est. reading time\" \/>\n\t<meta name=\"twitter:data2\" content=\"1 minute\" \/>\n<script type=\"application\/ld+json\" class=\"yoast-schema-graph\">{\"@context\":\"https:\\\/\\\/schema.org\",\"@graph\":[{\"@type\":\"Article\",\"@id\":\"https:\\\/\\\/www.victoriamedia.org\\\/ld\\\/nikon-d4s-on-voittanut-european-professional-d-slr-camera-2014-2015-palkinnon\\\/#article\",\"isPartOf\":{\"@id\":\"https:\\\/\\\/www.victoriamedia.org\\\/ld\\\/nikon-d4s-on-voittanut-european-professional-d-slr-camera-2014-2015-palkinnon\\\/\"},\"author\":{\"name\":\"Kerttu Vali\",\"@id\":\"https:\\\/\\\/www.victoriamedia.org\\\/ld\\\/#\\\/schema\\\/person\\\/a2e166f07bdda8a5ef0506501655c9ac\"},\"headline\":\"Nikon D4S on voittanut European Professional D-SLR Camera 2014-2015 -palkinnon\",\"datePublished\":\"2014-08-15T09:34:34+00:00\",\"mainEntityOfPage\":{\"@id\":\"https:\\\/\\\/www.victoriamedia.org\\\/ld\\\/nikon-d4s-on-voittanut-european-professional-d-slr-camera-2014-2015-palkinnon\\\/\"},\"wordCount\":287,\"publisher\":{\"@id\":\"https:\\\/\\\/www.victoriamedia.org\\\/ld\\\/#organization\"},\"image\":{\"@id\":\"https:\\\/\\\/www.victoriamedia.org\\\/ld\\\/nikon-d4s-on-voittanut-european-professional-d-slr-camera-2014-2015-palkinnon\\\/#primaryimage\"},\"thumbnailUrl\":\"http:\\\/\\\/www.victoriamedia.org\\\/ld\\\/wp-content\\\/uploads\\\/2014\\\/08\\\/1200-1024x1006.jpg\",\"articleSection\":[\"Kamerat\"],\"inLanguage\":\"en-US\"},{\"@type\":\"WebPage\",\"@id\":\"https:\\\/\\\/www.victoriamedia.org\\\/ld\\\/nikon-d4s-on-voittanut-european-professional-d-slr-camera-2014-2015-palkinnon\\\/\",\"url\":\"https:\\\/\\\/www.victoriamedia.org\\\/ld\\\/nikon-d4s-on-voittanut-european-professional-d-slr-camera-2014-2015-palkinnon\\\/\",\"name\":\"Nikon D4S on voittanut European Professional D-SLR Camera 2014-2015 -palkinnon - KAMERAT JA OPTISET LAITTEET\",\"isPartOf\":{\"@id\":\"https:\\\/\\\/www.victoriamedia.org\\\/ld\\\/#website\"},\"primaryImageOfPage\":{\"@id\":\"https:\\\/\\\/www.victoriamedia.org\\\/ld\\\/nikon-d4s-on-voittanut-european-professional-d-slr-camera-2014-2015-palkinnon\\\/#primaryimage\"},\"image\":{\"@id\":\"https:\\\/\\\/www.victoriamedia.org\\\/ld\\\/nikon-d4s-on-voittanut-european-professional-d-slr-camera-2014-2015-palkinnon\\\/#primaryimage\"},\"thumbnailUrl\":\"http:\\\/\\\/www.victoriamedia.org\\\/ld\\\/wp-content\\\/uploads\\\/2014\\\/08\\\/1200-1024x1006.jpg\",\"datePublished\":\"2014-08-15T09:34:34+00:00\",\"breadcrumb\":{\"@id\":\"https:\\\/\\\/www.victoriamedia.org\\\/ld\\\/nikon-d4s-on-voittanut-european-professional-d-slr-camera-2014-2015-palkinnon\\\/#breadcrumb\"},\"inLanguage\":\"en-US\",\"potentialAction\":[{\"@type\":\"ReadAction\",\"target\":[\"https:\\\/\\\/www.victoriamedia.org\\\/ld\\\/nikon-d4s-on-voittanut-european-professional-d-slr-camera-2014-2015-palkinnon\\\/\"]}]},{\"@type\":\"ImageObject\",\"inLanguage\":\"en-US\",\"@id\":\"https:\\\/\\\/www.victoriamedia.org\\\/ld\\\/nikon-d4s-on-voittanut-european-professional-d-slr-camera-2014-2015-palkinnon\\\/#primaryimage\",\"url\":\"https:\\\/\\\/www.victoriamedia.org\\\/ld\\\/wp-content\\\/uploads\\\/2014\\\/08\\\/1200.jpg\",\"contentUrl\":\"https:\\\/\\\/www.victoriamedia.org\\\/ld\\\/wp-content\\\/uploads\\\/2014\\\/08\\\/1200.jpg\",\"width\":1200,\"height\":1180},{\"@type\":\"BreadcrumbList\",\"@id\":\"https:\\\/\\\/www.victoriamedia.org\\\/ld\\\/nikon-d4s-on-voittanut-european-professional-d-slr-camera-2014-2015-palkinnon\\\/#breadcrumb\",\"itemListElement\":[{\"@type\":\"ListItem\",\"position\":1,\"name\":\"Home\",\"item\":\"https:\\\/\\\/www.victoriamedia.org\\\/ld\\\/\"},{\"@type\":\"ListItem\",\"position\":2,\"name\":\"Nikon D4S on voittanut European Professional D-SLR Camera 2014-2015 -palkinnon\"}]},{\"@type\":\"WebSite\",\"@id\":\"https:\\\/\\\/www.victoriamedia.org\\\/ld\\\/#website\",\"url\":\"https:\\\/\\\/www.victoriamedia.org\\\/ld\\\/\",\"name\":\"KAMERAT JA OPTISET LAITTEET\",\"description\":\"Kamerat Kiikarit ja optiset tarvikkeet\",\"publisher\":{\"@id\":\"https:\\\/\\\/www.victoriamedia.org\\\/ld\\\/#organization\"},\"potentialAction\":[{\"@type\":\"SearchAction\",\"target\":{\"@type\":\"EntryPoint\",\"urlTemplate\":\"https:\\\/\\\/www.victoriamedia.org\\\/ld\\\/?s={search_term_string}\"},\"query-input\":{\"@type\":\"PropertyValueSpecification\",\"valueRequired\":true,\"valueName\":\"search_term_string\"}}],\"inLanguage\":\"en-US\"},{\"@type\":\"Organization\",\"@id\":\"https:\\\/\\\/www.victoriamedia.org\\\/ld\\\/#organization\",\"name\":\"Victoria Media - Kamerauutiset\",\"url\":\"https:\\\/\\\/www.victoriamedia.org\\\/ld\\\/\",\"logo\":{\"@type\":\"ImageObject\",\"inLanguage\":\"en-US\",\"@id\":\"https:\\\/\\\/www.victoriamedia.org\\\/ld\\\/#\\\/schema\\\/logo\\\/image\\\/\",\"url\":\"https:\\\/\\\/www.victoriamedia.org\\\/ld\\\/wp-content\\\/uploads\\\/2022\\\/09\\\/292179098_555417722694101_2682724033383846896_n.png\",\"contentUrl\":\"https:\\\/\\\/www.victoriamedia.org\\\/ld\\\/wp-content\\\/uploads\\\/2022\\\/09\\\/292179098_555417722694101_2682724033383846896_n.png\",\"width\":215,\"height\":165,\"caption\":\"Victoria Media - Kamerauutiset\"},\"image\":{\"@id\":\"https:\\\/\\\/www.victoriamedia.org\\\/ld\\\/#\\\/schema\\\/logo\\\/image\\\/\"},\"sameAs\":[\"https:\\\/\\\/www.facebook.com\\\/victoriamedia\",\"https:\\\/\\\/x.com\\\/uutisparkki\"]},{\"@type\":\"Person\",\"@id\":\"https:\\\/\\\/www.victoriamedia.org\\\/ld\\\/#\\\/schema\\\/person\\\/a2e166f07bdda8a5ef0506501655c9ac\",\"name\":\"Kerttu Vali\",\"image\":{\"@type\":\"ImageObject\",\"inLanguage\":\"en-US\",\"@id\":\"https:\\\/\\\/secure.gravatar.com\\\/avatar\\\/62dbe1a847f655ad987c59fece23f885c4b0e7b06595c36d9597003852972217?s=96&d=mm&r=g\",\"url\":\"https:\\\/\\\/secure.gravatar.com\\\/avatar\\\/62dbe1a847f655ad987c59fece23f885c4b0e7b06595c36d9597003852972217?s=96&d=mm&r=g\",\"contentUrl\":\"https:\\\/\\\/secure.gravatar.com\\\/avatar\\\/62dbe1a847f655ad987c59fece23f885c4b0e7b06595c36d9597003852972217?s=96&d=mm&r=g\",\"caption\":\"Kerttu Vali\"},\"sameAs\":[\"http:\\\/\\\/www.victoriamedia.fi\\\/\"],\"url\":\"https:\\\/\\\/www.victoriamedia.org\\\/ld\\\/author\\\/kerttuvali\\\/\"}]}<\/script>\n<!-- \/ Yoast SEO plugin. -->","yoast_head_json":{"title":"Nikon D4S on voittanut European Professional D-SLR Camera 2014-2015 -palkinnon - KAMERAT JA OPTISET LAITTEET","robots":{"index":"index","follow":"follow","max-snippet":"max-snippet:-1","max-image-preview":"max-image-preview:large","max-video-preview":"max-video-preview:-1"},"canonical":"https:\/\/www.victoriamedia.org\/ld\/nikon-d4s-on-voittanut-european-professional-d-slr-camera-2014-2015-palkinnon\/","og_locale":"en_US","og_type":"article","og_title":"Nikon D4S on voittanut European Professional D-SLR Camera 2014-2015 -palkinnon - KAMERAT JA OPTISET LAITTEET","og_description":"EISA (European Imaging and Sound Association) -palkinto julkistettu Helsinki, 15.8.2014:\u00a0Nikon on saanut t\u00e4m\u00e4n vuoden EISA-palkintojenjakotilaisuudessa arvostetun tunnustuksen: se on voittanut European Professional D-SLR Camera 2014-2015 (paras ammattilaistason digitaalinen j\u00e4rjestelm\u00e4kamera) -palkinnon t\u00e4yden koon lippulaivamallillaan, Nikon D4S:ll\u00e4. T\u00e4m\u00e4 voitto t\u00e4ydent\u00e4\u00e4 Nikonin menestyst\u00e4 t\u00e4m\u00e4n vuoden TIPA (Technical Image Press Association) -palkintojenjakotilaisuudessa, jossa Nikon voitti nelj\u00e4 palkintoa, mukaan lukien [&hellip;]","og_url":"https:\/\/www.victoriamedia.org\/ld\/nikon-d4s-on-voittanut-european-professional-d-slr-camera-2014-2015-palkinnon\/","og_site_name":"KAMERAT JA OPTISET LAITTEET","article_publisher":"https:\/\/www.facebook.com\/victoriamedia","article_published_time":"2014-08-15T09:34:34+00:00","og_image":[{"url":"http:\/\/www.victoriamedia.org\/ld\/wp-content\/uploads\/2014\/08\/1200-1024x1006.jpg","type":"","width":"","height":""}],"author":"Kerttu Vali","twitter_card":"summary_large_image","twitter_creator":"@uutisparkki","twitter_site":"@uutisparkki","twitter_misc":{"Written by":"Kerttu Vali","Est. reading time":"1 minute"},"schema":{"@context":"https:\/\/schema.org","@graph":[{"@type":"Article","@id":"https:\/\/www.victoriamedia.org\/ld\/nikon-d4s-on-voittanut-european-professional-d-slr-camera-2014-2015-palkinnon\/#article","isPartOf":{"@id":"https:\/\/www.victoriamedia.org\/ld\/nikon-d4s-on-voittanut-european-professional-d-slr-camera-2014-2015-palkinnon\/"},"author":{"name":"Kerttu Vali","@id":"https:\/\/www.victoriamedia.org\/ld\/#\/schema\/person\/a2e166f07bdda8a5ef0506501655c9ac"},"headline":"Nikon D4S on voittanut European Professional D-SLR Camera 2014-2015 -palkinnon","datePublished":"2014-08-15T09:34:34+00:00","mainEntityOfPage":{"@id":"https:\/\/www.victoriamedia.org\/ld\/nikon-d4s-on-voittanut-european-professional-d-slr-camera-2014-2015-palkinnon\/"},"wordCount":287,"publisher":{"@id":"https:\/\/www.victoriamedia.org\/ld\/#organization"},"image":{"@id":"https:\/\/www.victoriamedia.org\/ld\/nikon-d4s-on-voittanut-european-professional-d-slr-camera-2014-2015-palkinnon\/#primaryimage"},"thumbnailUrl":"http:\/\/www.victoriamedia.org\/ld\/wp-content\/uploads\/2014\/08\/1200-1024x1006.jpg","articleSection":["Kamerat"],"inLanguage":"en-US"},{"@type":"WebPage","@id":"https:\/\/www.victoriamedia.org\/ld\/nikon-d4s-on-voittanut-european-professional-d-slr-camera-2014-2015-palkinnon\/","url":"https:\/\/www.victoriamedia.org\/ld\/nikon-d4s-on-voittanut-european-professional-d-slr-camera-2014-2015-palkinnon\/","name":"Nikon D4S on voittanut European Professional D-SLR Camera 2014-2015 -palkinnon - KAMERAT JA OPTISET LAITTEET","isPartOf":{"@id":"https:\/\/www.victoriamedia.org\/ld\/#website"},"primaryImageOfPage":{"@id":"https:\/\/www.victoriamedia.org\/ld\/nikon-d4s-on-voittanut-european-professional-d-slr-camera-2014-2015-palkinnon\/#primaryimage"},"image":{"@id":"https:\/\/www.victoriamedia.org\/ld\/nikon-d4s-on-voittanut-european-professional-d-slr-camera-2014-2015-palkinnon\/#primaryimage"},"thumbnailUrl":"http:\/\/www.victoriamedia.org\/ld\/wp-content\/uploads\/2014\/08\/1200-1024x1006.jpg","datePublished":"2014-08-15T09:34:34+00:00","breadcrumb":{"@id":"https:\/\/www.victoriamedia.org\/ld\/nikon-d4s-on-voittanut-european-professional-d-slr-camera-2014-2015-palkinnon\/#breadcrumb"},"inLanguage":"en-US","potentialAction":[{"@type":"ReadAction","target":["https:\/\/www.victoriamedia.org\/ld\/nikon-d4s-on-voittanut-european-professional-d-slr-camera-2014-2015-palkinnon\/"]}]},{"@type":"ImageObject","inLanguage":"en-US","@id":"https:\/\/www.victoriamedia.org\/ld\/nikon-d4s-on-voittanut-european-professional-d-slr-camera-2014-2015-palkinnon\/#primaryimage","url":"https:\/\/www.victoriamedia.org\/ld\/wp-content\/uploads\/2014\/08\/1200.jpg","contentUrl":"https:\/\/www.victoriamedia.org\/ld\/wp-content\/uploads\/2014\/08\/1200.jpg","width":1200,"height":1180},{"@type":"BreadcrumbList","@id":"https:\/\/www.victoriamedia.org\/ld\/nikon-d4s-on-voittanut-european-professional-d-slr-camera-2014-2015-palkinnon\/#breadcrumb","itemListElement":[{"@type":"ListItem","position":1,"name":"Home","item":"https:\/\/www.victoriamedia.org\/ld\/"},{"@type":"ListItem","position":2,"name":"Nikon D4S on voittanut European Professional D-SLR Camera 2014-2015 -palkinnon"}]},{"@type":"WebSite","@id":"https:\/\/www.victoriamedia.org\/ld\/#website","url":"https:\/\/www.victoriamedia.org\/ld\/","name":"KAMERAT JA OPTISET LAITTEET","description":"Kamerat Kiikarit ja optiset tarvikkeet","publisher":{"@id":"https:\/\/www.victoriamedia.org\/ld\/#organization"},"potentialAction":[{"@type":"SearchAction","target":{"@type":"EntryPoint","urlTemplate":"https:\/\/www.victoriamedia.org\/ld\/?s={search_term_string}"},"query-input":{"@type":"PropertyValueSpecification","valueRequired":true,"valueName":"search_term_string"}}],"inLanguage":"en-US"},{"@type":"Organization","@id":"https:\/\/www.victoriamedia.org\/ld\/#organization","name":"Victoria Media - Kamerauutiset","url":"https:\/\/www.victoriamedia.org\/ld\/","logo":{"@type":"ImageObject","inLanguage":"en-US","@id":"https:\/\/www.victoriamedia.org\/ld\/#\/schema\/logo\/image\/","url":"https:\/\/www.victoriamedia.org\/ld\/wp-content\/uploads\/2022\/09\/292179098_555417722694101_2682724033383846896_n.png","contentUrl":"https:\/\/www.victoriamedia.org\/ld\/wp-content\/uploads\/2022\/09\/292179098_555417722694101_2682724033383846896_n.png","width":215,"height":165,"caption":"Victoria Media - Kamerauutiset"},"image":{"@id":"https:\/\/www.victoriamedia.org\/ld\/#\/schema\/logo\/image\/"},"sameAs":["https:\/\/www.facebook.com\/victoriamedia","https:\/\/x.com\/uutisparkki"]},{"@type":"Person","@id":"https:\/\/www.victoriamedia.org\/ld\/#\/schema\/person\/a2e166f07bdda8a5ef0506501655c9ac","name":"Kerttu Vali","image":{"@type":"ImageObject","inLanguage":"en-US","@id":"https:\/\/secure.gravatar.com\/avatar\/62dbe1a847f655ad987c59fece23f885c4b0e7b06595c36d9597003852972217?s=96&d=mm&r=g","url":"https:\/\/secure.gravatar.com\/avatar\/62dbe1a847f655ad987c59fece23f885c4b0e7b06595c36d9597003852972217?s=96&d=mm&r=g","contentUrl":"https:\/\/secure.gravatar.com\/avatar\/62dbe1a847f655ad987c59fece23f885c4b0e7b06595c36d9597003852972217?s=96&d=mm&r=g","caption":"Kerttu Vali"},"sameAs":["http:\/\/www.victoriamedia.fi\/"],"url":"https:\/\/www.victoriamedia.org\/ld\/author\/kerttuvali\/"}]}},"_links":{"self":[{"href":"https:\/\/www.victoriamedia.org\/ld\/wp-json\/wp\/v2\/posts\/345","targetHints":{"allow":["GET"]}}],"collection":[{"href":"https:\/\/www.victoriamedia.org\/ld\/wp-json\/wp\/v2\/posts"}],"about":[{"href":"https:\/\/www.victoriamedia.org\/ld\/wp-json\/wp\/v2\/types\/post"}],"author":[{"embeddable":true,"href":"https:\/\/www.victoriamedia.org\/ld\/wp-json\/wp\/v2\/users\/1"}],"replies":[{"embeddable":true,"href":"https:\/\/www.victoriamedia.org\/ld\/wp-json\/wp\/v2\/comments?post=345"}],"version-history":[{"count":1,"href":"https:\/\/www.victoriamedia.org\/ld\/wp-json\/wp\/v2\/posts\/345\/revisions"}],"predecessor-version":[{"id":347,"href":"https:\/\/www.victoriamedia.org\/ld\/wp-json\/wp\/v2\/posts\/345\/revisions\/347"}],"wp:attachment":[{"href":"https:\/\/www.victoriamedia.org\/ld\/wp-json\/wp\/v2\/media?parent=345"}],"wp:term":[{"taxonomy":"category","embeddable":true,"href":"https:\/\/www.victoriamedia.org\/ld\/wp-json\/wp\/v2\/categories?post=345"},{"taxonomy":"post_tag","embeddable":true,"href":"https:\/\/www.victoriamedia.org\/ld\/wp-json\/wp\/v2\/tags?post=345"}],"curies":[{"name":"wp","href":"https:\/\/api.w.org\/{rel}","templated":true}]}}