{"id":334,"date":"2014-05-14T13:09:44","date_gmt":"2014-05-14T13:09:44","guid":{"rendered":"http:\/\/www.victoriamedia.org\/ld\/?p=334"},"modified":"2014-05-14T13:09:44","modified_gmt":"2014-05-14T13:09:44","slug":"nikon-julkistaa-nopean-ja-kevyen-af-s-nikkor-400mm-f2-8e-fl-ed-vr-objektiivin-tarkkuutta-kaikilla-nopeuksilla","status":"publish","type":"post","link":"https:\/\/www.victoriamedia.org\/ld\/nikon-julkistaa-nopean-ja-kevyen-af-s-nikkor-400mm-f2-8e-fl-ed-vr-objektiivin-tarkkuutta-kaikilla-nopeuksilla\/","title":{"rendered":"Nikon julkistaa nopean ja kevyen AF-S NIKKOR 400mm f\/2.8E FL ED VR -objektiivin: tarkkuutta kaikilla nopeuksilla"},"content":{"rendered":"<p><a href=\"http:\/\/www.victoriamedia.org\/ld\/wp-content\/uploads\/2014\/05\/b9e9ec2bde94a0ab_800x800ar.jpg\"><img loading=\"lazy\" decoding=\"async\" class=\"alignnone  wp-image-335\" alt=\"b9e9ec2bde94a0ab_800x800ar\" src=\"http:\/\/www.victoriamedia.org\/ld\/wp-content\/uploads\/2014\/05\/b9e9ec2bde94a0ab_800x800ar.jpg\" width=\"480\" height=\"259\" srcset=\"https:\/\/www.victoriamedia.org\/ld\/wp-content\/uploads\/2014\/05\/b9e9ec2bde94a0ab_800x800ar.jpg 800w, https:\/\/www.victoriamedia.org\/ld\/wp-content\/uploads\/2014\/05\/b9e9ec2bde94a0ab_800x800ar-300x162.jpg 300w\" sizes=\"auto, (max-width: 480px) 100vw, 480px\" \/><\/a><\/p>\n<p><strong><em>Helsinki, 14. toukokuuta 2014:\u00a0<\/em>Nikon julkisti t\u00e4n\u00e4\u00e4n uuden ja valovoimaisen kiinte\u00e4polttov\u00e4lisen superteleobjektiivin, kevyen AF-S NIKKOR 400mm f\/2.8E FL ED VR:n. Kaikilla nopeuksilla tarkat kuvat tuottava FX-koon superteleobjektiivi sopii erinomaisesti urheilu- ja uutiskuvauksen ammattilaisille, jotka vaativat ty\u00f6kaluiltaan huippuluokan suorituskyky\u00e4.<\/strong><\/p>\n<p>Suurin aukko f\/2.8, uudistettu optinen suunnittelu ja Nikonin uusi SPORT-t\u00e4rin\u00e4nvaimennustila takaavat NIKKOR 400 mm f\/2.8 -objektiivin erinomaisen kuvanlaadun ja kyvyn seurata nopeaa toimintaa selke\u00e4sti. Objektiivi on edelt\u00e4v\u00e4\u00e4 mallia kevyempi. Sen optiseen rakenteeseen kuuluu kaksi fluoriittilinssielementti\u00e4, jotka parantavat suorituskyky\u00e4 ja edist\u00e4v\u00e4t keveytens\u00e4 ansiosta objektiivin tasapainoista k\u00e4sittely\u00e4. Objektiivin vankka rakenne kest\u00e4\u00e4 ammattimaisen ulkok\u00e4yt\u00f6n vaatimukset, ja fluoripinnoite hylkii vett\u00e4, p\u00f6ly\u00e4 ja likaa kuvanlaadun k\u00e4rsim\u00e4tt\u00e4.<\/p>\n<p>Yhdess\u00e4 objektiivin kanssa julkistetaan tehokas telejatke AF-S TELECONVERTER TC-14E III. Telejatke lis\u00e4\u00e4 tiettyjen NIKKOR-objektiivien polttov\u00e4li\u00e4 40 prosenttia, joten se sopii erinomaisesti pitk\u00e4\u00e4 ulottuvuutta edellytt\u00e4v\u00e4\u00e4n urheilu-, luonto- ja lehtikuvaukseen. Kehittynyt optinen rakenne tuottaa laadukkaat ja tarkat kuvat my\u00f6s suurimmalla aukolla. S\u00e4hk\u00f6toiminen himmennin puolestaan parantaa valotuksen tarkkuutta yhteensopivia objektiiveja k\u00e4ytett\u00e4ess\u00e4.<\/p>\n<p>\u201dNikonin viimeaikaiset tekniset edistysaskeleet optiikassa ja elektroniikassa ovat osoittautumassa todelliseksi eduksi NIKKOR-teleobjektiivien uudelle sarjalle. Uuden 400 mm:n objektiivin fluoriittilasi v\u00e4hent\u00e4\u00e4 painoa ja parantaa kuvanlaatua. Objektiivissa on my\u00f6s tarkkuutta parantava s\u00e4hk\u00f6toiminen himmennin sek\u00e4 upouusi SPORT-t\u00e4rin\u00e4nvaimennustila. Lis\u00e4ksi fluoripinnoite suojaa objektiivia vaativissa s\u00e4\u00e4olosuhteissa ja tukee ergonomista k\u00e4sittely\u00e4. My\u00f6s uuden AF-S TELECONVERTER TC-14E III -telejatkeen suunnitteluun on tehty parannuksia. Telejatke on eritt\u00e4in k\u00e4tev\u00e4 tapa kasvattaa superteleobjektiivin polttov\u00e4li\u00e4. Sek\u00e4 uusi objektiivi ett\u00e4 telejatke on suunniteltu kest\u00e4m\u00e4\u00e4n pitk\u00e4\u00e4 yht\u00e4jaksoista k\u00e4ytt\u00f6\u00e4 hankalissa olosuhteissa. Uskomme niiden t\u00e4ytt\u00e4v\u00e4n vaativimpienkin ammattikuvaajien tarpeet\u201d, kertoo objektiiveista, lis\u00e4varusteista ja ohjelmistoista vastaava Nikon Europen tuotep\u00e4\u00e4llikk\u00f6\u00a0<strong>Zurab Kiknadze\u00a0<\/strong>.<\/p>\n<p><strong>Nopeaa tarkkuutta\u00a0<\/strong><br \/>\nUusi nopea, tarkka ja vakaa NIKKOR 400 mm f\/2.8 on urheilu- ja uutiskuvaajien luotettava kumppani. Hienoimmatkin yksityiskohdat tallentava suurin aukko f\/2.8 mahdollistaa suljinaikojen tarkan hallinnan, ja hyv\u00e4 syv\u00e4ter\u00e4vyys saa kohteen erottumaan selv\u00e4sti taustasta. S\u00e4hk\u00f6toiminen himmennin takaa aukons\u00e4\u00e4d\u00f6n luotettavan ja eritt\u00e4in tarkan toiminnan, jossa on hyvin v\u00e4h\u00e4n virheit\u00e4. T\u00e4m\u00e4 tarkka mekanismi parantaa my\u00f6s automaattisen valotuss\u00e4\u00e4d\u00f6n vakautta sarjakuvauksen aikana ja lis\u00e4\u00e4 tarkkuutta \u2013 erityisesti silloin, kun objektiivia k\u00e4ytet\u00e4\u00e4n yhdess\u00e4 s\u00e4hk\u00f6magneettisen telejatkeen, kuten AF-S TELECONVERTER TC-14E III:n, kanssa. K\u00e4ytett\u00e4viss\u00e4 on kolme tarkennustilaa: A\/M (asettaa automaattitarkennuksen ensisijaiseksi my\u00f6s tarkennusrengasta k\u00e4ytett\u00e4ess\u00e4), M\/A (v\u00e4lit\u00f6n siirtymismahdollisuus automaattitarkennuksesta k\u00e4sis\u00e4\u00e4t\u00f6\u00f6n miss\u00e4 tahansa AF-tilassa) ja M (k\u00e4sitarkennus).<\/p>\n<p><strong>Urheilutila\u00a0<\/strong><br \/>\nVakautta parantava Nikonin maineikas t\u00e4rin\u00e4nvaimennustekniikka mahdollistaa kuvaamisen jopa nelj\u00e4 askelta pidemm\u00e4ll\u00e4 suljinajalla. Upouuden SPORT-t\u00e4rin\u00e4nvaimennustilan ansiosta nopeasti liikkuvia kohteita voi my\u00f6s panoroida selke\u00e4sti. SPORT-tila on suunniteltu tuottamaan vakaa etsimen kuva kuvattaessa nopeaa liikett\u00e4. Tilan ansiosta sarjakuvauksen kuvausnopeus ja laukaisun aikaviive ovat samaa luokkaa kuin silloin, kun t\u00e4rin\u00e4nvaimennus on poissa k\u00e4yt\u00f6st\u00e4.<\/p>\n<p><strong>Uusi optinen rakenne\u00a0<\/strong><br \/>\nUudelleensuunnitellun optisen rakenteen 12 ryhm\u00e4ss\u00e4 on 16 elementti\u00e4, joista kaksi on fluoriittielementtej\u00e4 ja kaksi ED-elementtej\u00e4. Fluoriitin k\u00e4ytt\u00f6 kahdessa etuelementiss\u00e4 kevent\u00e4\u00e4 objektiivin etuosaa ja siirt\u00e4\u00e4 painopisteen objektiivin taakse, mik\u00e4 parantaa k\u00e4sitelt\u00e4vyytt\u00e4 ja vakautta. Fluoriittielementit takaavat my\u00f6s huippuluokan optisen suorituskyvyn suuren siirtonopeuden, eritt\u00e4in v\u00e4h\u00e4isen v\u00e4riaberraation ja jopa super-ED-lasielementtej\u00e4 pienemm\u00e4n hajonnan ansiosta. Lis\u00e4ksi Nikonin heijastamaton nanokidepinnoite varmistaa kuvien selkeyden v\u00e4hent\u00e4m\u00e4ll\u00e4 heijastusten ja haamukuvien m\u00e4\u00e4r\u00e4\u00e4. Objektiivissa on my\u00f6s suojaava meniski-linssi, ja objektiivin mukana toimitetaan neutraaliv\u00e4risuodin. Objektiivin takana on k\u00e4tev\u00e4 suotimen pidike.<\/p>\n<p><strong>Parempi ergonomia, vankka rakenne\u00a0<\/strong><br \/>\nEdelt\u00e4v\u00e4\u00e4 mallia huomattavasti kevyemm\u00e4n superteleobjektiivin rakenteessa on k\u00e4ytetty fluoriittielementtej\u00e4, joiden ansiosta uusi objektiivi painaa vain noin 3 800 g. Ergonomian parannuksia on tehty esimerkiksi jalustarenkaaseen, jonka uudet kannattimet takaavat sujuvan vaihdon vaaka- ja pystyasennon v\u00e4lill\u00e4. Integroitu jalustajalka on nyt objektiivin etuosaa kohden, mik\u00e4 parantaa tasapainoa sek\u00e4 helpottaa kuljetusta objektiivin ollessa kiinnitettyn\u00e4 jalustaan. Lis\u00e4ksi objektiivin mukana toimitetaan yksijalkainen jalusta. Yksiosainen vastavalosuoja voidaan k\u00e4\u00e4nt\u00e4\u00e4 toiseen suuntaan tai toisinp\u00e4in, joten se voi olla kiinnitettyn\u00e4 objektiiviin my\u00f6s kuljetuksen aikana.<\/p>\n<p>Objektiivissa on p\u00f6lylt\u00e4 ja kosteudelta suojattu ammattilaistason rakenne. Sen suojaavassa meniski-linssiss\u00e4 k\u00e4ytetty fluoripinnoite hylkii tehokkaasti vett\u00e4, p\u00f6ly\u00e4 ja likaa kuvanlaadun k\u00e4rsim\u00e4tt\u00e4. Varkaudelta suojaava turvakiinnitys pit\u00e4\u00e4 objektiivin turvassa, ja mukana toimitettava tukeva objektiivilaukku CT-405 helpottaa turvallista kuljetusta.<\/p>\n<p><strong>Uusi 1,4-kertainen telejatke\u00a0<\/strong><br \/>\nT\u00e4n\u00e4\u00e4n julkistettiin my\u00f6s Nikonin uusi AF-S TELECONVERTER TC-14E III -telejatke, joka lis\u00e4\u00e4 tiettyjen NIKKOR-objektiivien polttov\u00e4li\u00e4 40 prosenttia. Nopeiden kiinte\u00e4polttov\u00e4listen objektiivien sek\u00e4 zoomobjektiivien kanssa k\u00e4ytett\u00e4v\u00e4ksi sopiva telejatke korvaa nykyisen AF-S Teleconverter TC-14E II -telejatkeen. Kooltaan entist\u00e4 pienempi ja ergonomialtaan parempi telejatke sopii erinomaisesti pitk\u00e4\u00e4 ulottuvuutta edellytt\u00e4v\u00e4\u00e4n urheilu-, luonto- ja lehtikuvaukseen; k\u00e4ytett\u00e4ess\u00e4 uuden NIKKOR 400 mm f\/2.8 -objektiivin kanssa se kasvattaa polttov\u00e4lin 560 mm:iin.<\/p>\n<p>Optinen suunnittelu hy\u00f6dynt\u00e4\u00e4 objektiivin koko suorituskyky\u00e4 sek\u00e4 v\u00e4hent\u00e4\u00e4 telejatkeesta itsest\u00e4\u00e4n aiheutuvaa v\u00e4riaberraatiota. Tuloksena saadaan laadukkaat, tarkat kuvat my\u00f6s suurimmalla aukolla. S\u00e4hk\u00f6toiminen himmennin varmistaa parhaan mahdollisen valotuksen tarkkuuden yhteensopivien objektiivien kanssa. Objektiivin etu- ja takapinnoilla on fluoriittipinnoite, joka hylkii likaa ja kosteutta. Vankka objektiivin rakenne on suunniteltu kest\u00e4m\u00e4\u00e4n ammattikuvaajan kohtaamat s\u00e4\u00e4olosuhteet.<\/p>\n<p>Objektiivin suositushinta on 13 420 \u20ac ja telejatke 585 \u20ac. Tuotteet tulevat myyntiin 28.8.2014.<\/p>\n","protected":false},"excerpt":{"rendered":"<p>Helsinki, 14. toukokuuta 2014:\u00a0Nikon julkisti t\u00e4n\u00e4\u00e4n uuden ja valovoimaisen kiinte\u00e4polttov\u00e4lisen superteleobjektiivin, kevyen AF-S NIKKOR 400mm f\/2.8E FL ED VR:n. Kaikilla nopeuksilla tarkat kuvat tuottava FX-koon superteleobjektiivi sopii erinomaisesti urheilu- ja uutiskuvauksen ammattilaisille, jotka vaativat ty\u00f6kaluiltaan huippuluokan suorituskyky\u00e4. Suurin aukko f\/2.8, uudistettu optinen suunnittelu ja Nikonin uusi SPORT-t\u00e4rin\u00e4nvaimennustila takaavat NIKKOR 400 mm f\/2.8 -objektiivin erinomaisen kuvanlaadun [&hellip;]<\/p>\n","protected":false},"author":1,"featured_media":0,"comment_status":"closed","ping_status":"open","sticky":false,"template":"","format":"standard","meta":{"footnotes":""},"categories":[10],"tags":[],"class_list":["post-334","post","type-post","status-publish","format-standard","hentry","category-objektiivit"],"yoast_head":"<!-- This site is optimized with the Yoast SEO plugin v27.5 - https:\/\/yoast.com\/product\/yoast-seo-wordpress\/ -->\n<title>Nikon julkistaa nopean ja kevyen AF-S NIKKOR 400mm f\/2.8E FL ED VR -objektiivin: tarkkuutta kaikilla nopeuksilla - KAMERAT JA OPTISET LAITTEET<\/title>\n<meta name=\"robots\" content=\"index, follow, max-snippet:-1, max-image-preview:large, max-video-preview:-1\" \/>\n<link rel=\"canonical\" href=\"https:\/\/www.victoriamedia.org\/ld\/nikon-julkistaa-nopean-ja-kevyen-af-s-nikkor-400mm-f2-8e-fl-ed-vr-objektiivin-tarkkuutta-kaikilla-nopeuksilla\/\" \/>\n<meta property=\"og:locale\" content=\"en_US\" \/>\n<meta property=\"og:type\" content=\"article\" \/>\n<meta property=\"og:title\" content=\"Nikon julkistaa nopean ja kevyen AF-S NIKKOR 400mm f\/2.8E FL ED VR -objektiivin: tarkkuutta kaikilla nopeuksilla - KAMERAT JA OPTISET LAITTEET\" \/>\n<meta property=\"og:description\" content=\"Helsinki, 14. toukokuuta 2014:\u00a0Nikon julkisti t\u00e4n\u00e4\u00e4n uuden ja valovoimaisen kiinte\u00e4polttov\u00e4lisen superteleobjektiivin, kevyen AF-S NIKKOR 400mm f\/2.8E FL ED VR:n. Kaikilla nopeuksilla tarkat kuvat tuottava FX-koon superteleobjektiivi sopii erinomaisesti urheilu- ja uutiskuvauksen ammattilaisille, jotka vaativat ty\u00f6kaluiltaan huippuluokan suorituskyky\u00e4. Suurin aukko f\/2.8, uudistettu optinen suunnittelu ja Nikonin uusi SPORT-t\u00e4rin\u00e4nvaimennustila takaavat NIKKOR 400 mm f\/2.8 -objektiivin erinomaisen kuvanlaadun [&hellip;]\" \/>\n<meta property=\"og:url\" content=\"https:\/\/www.victoriamedia.org\/ld\/nikon-julkistaa-nopean-ja-kevyen-af-s-nikkor-400mm-f2-8e-fl-ed-vr-objektiivin-tarkkuutta-kaikilla-nopeuksilla\/\" \/>\n<meta property=\"og:site_name\" content=\"KAMERAT JA OPTISET LAITTEET\" \/>\n<meta property=\"article:publisher\" content=\"https:\/\/www.facebook.com\/victoriamedia\" \/>\n<meta property=\"article:published_time\" content=\"2014-05-14T13:09:44+00:00\" \/>\n<meta property=\"og:image\" content=\"http:\/\/www.victoriamedia.org\/ld\/wp-content\/uploads\/2014\/05\/b9e9ec2bde94a0ab_800x800ar.jpg\" \/>\n<meta name=\"author\" content=\"Kerttu Vali\" \/>\n<meta name=\"twitter:card\" content=\"summary_large_image\" \/>\n<meta name=\"twitter:creator\" content=\"@uutisparkki\" \/>\n<meta name=\"twitter:site\" content=\"@uutisparkki\" \/>\n<meta name=\"twitter:label1\" content=\"Written by\" \/>\n\t<meta name=\"twitter:data1\" content=\"Kerttu Vali\" \/>\n\t<meta name=\"twitter:label2\" content=\"Est. reading time\" \/>\n\t<meta name=\"twitter:data2\" content=\"4 minutes\" \/>\n<script type=\"application\/ld+json\" class=\"yoast-schema-graph\">{\"@context\":\"https:\\\/\\\/schema.org\",\"@graph\":[{\"@type\":\"Article\",\"@id\":\"https:\\\/\\\/www.victoriamedia.org\\\/ld\\\/nikon-julkistaa-nopean-ja-kevyen-af-s-nikkor-400mm-f2-8e-fl-ed-vr-objektiivin-tarkkuutta-kaikilla-nopeuksilla\\\/#article\",\"isPartOf\":{\"@id\":\"https:\\\/\\\/www.victoriamedia.org\\\/ld\\\/nikon-julkistaa-nopean-ja-kevyen-af-s-nikkor-400mm-f2-8e-fl-ed-vr-objektiivin-tarkkuutta-kaikilla-nopeuksilla\\\/\"},\"author\":{\"name\":\"Kerttu Vali\",\"@id\":\"https:\\\/\\\/www.victoriamedia.org\\\/ld\\\/#\\\/schema\\\/person\\\/a2e166f07bdda8a5ef0506501655c9ac\"},\"headline\":\"Nikon julkistaa nopean ja kevyen AF-S NIKKOR 400mm f\\\/2.8E FL ED VR -objektiivin: tarkkuutta kaikilla nopeuksilla\",\"datePublished\":\"2014-05-14T13:09:44+00:00\",\"mainEntityOfPage\":{\"@id\":\"https:\\\/\\\/www.victoriamedia.org\\\/ld\\\/nikon-julkistaa-nopean-ja-kevyen-af-s-nikkor-400mm-f2-8e-fl-ed-vr-objektiivin-tarkkuutta-kaikilla-nopeuksilla\\\/\"},\"wordCount\":864,\"publisher\":{\"@id\":\"https:\\\/\\\/www.victoriamedia.org\\\/ld\\\/#organization\"},\"image\":{\"@id\":\"https:\\\/\\\/www.victoriamedia.org\\\/ld\\\/nikon-julkistaa-nopean-ja-kevyen-af-s-nikkor-400mm-f2-8e-fl-ed-vr-objektiivin-tarkkuutta-kaikilla-nopeuksilla\\\/#primaryimage\"},\"thumbnailUrl\":\"http:\\\/\\\/www.victoriamedia.org\\\/ld\\\/wp-content\\\/uploads\\\/2014\\\/05\\\/b9e9ec2bde94a0ab_800x800ar.jpg\",\"articleSection\":[\"Objektiivit\"],\"inLanguage\":\"en-US\"},{\"@type\":\"WebPage\",\"@id\":\"https:\\\/\\\/www.victoriamedia.org\\\/ld\\\/nikon-julkistaa-nopean-ja-kevyen-af-s-nikkor-400mm-f2-8e-fl-ed-vr-objektiivin-tarkkuutta-kaikilla-nopeuksilla\\\/\",\"url\":\"https:\\\/\\\/www.victoriamedia.org\\\/ld\\\/nikon-julkistaa-nopean-ja-kevyen-af-s-nikkor-400mm-f2-8e-fl-ed-vr-objektiivin-tarkkuutta-kaikilla-nopeuksilla\\\/\",\"name\":\"Nikon julkistaa nopean ja kevyen AF-S NIKKOR 400mm f\\\/2.8E FL ED VR -objektiivin: tarkkuutta kaikilla nopeuksilla - KAMERAT JA OPTISET LAITTEET\",\"isPartOf\":{\"@id\":\"https:\\\/\\\/www.victoriamedia.org\\\/ld\\\/#website\"},\"primaryImageOfPage\":{\"@id\":\"https:\\\/\\\/www.victoriamedia.org\\\/ld\\\/nikon-julkistaa-nopean-ja-kevyen-af-s-nikkor-400mm-f2-8e-fl-ed-vr-objektiivin-tarkkuutta-kaikilla-nopeuksilla\\\/#primaryimage\"},\"image\":{\"@id\":\"https:\\\/\\\/www.victoriamedia.org\\\/ld\\\/nikon-julkistaa-nopean-ja-kevyen-af-s-nikkor-400mm-f2-8e-fl-ed-vr-objektiivin-tarkkuutta-kaikilla-nopeuksilla\\\/#primaryimage\"},\"thumbnailUrl\":\"http:\\\/\\\/www.victoriamedia.org\\\/ld\\\/wp-content\\\/uploads\\\/2014\\\/05\\\/b9e9ec2bde94a0ab_800x800ar.jpg\",\"datePublished\":\"2014-05-14T13:09:44+00:00\",\"breadcrumb\":{\"@id\":\"https:\\\/\\\/www.victoriamedia.org\\\/ld\\\/nikon-julkistaa-nopean-ja-kevyen-af-s-nikkor-400mm-f2-8e-fl-ed-vr-objektiivin-tarkkuutta-kaikilla-nopeuksilla\\\/#breadcrumb\"},\"inLanguage\":\"en-US\",\"potentialAction\":[{\"@type\":\"ReadAction\",\"target\":[\"https:\\\/\\\/www.victoriamedia.org\\\/ld\\\/nikon-julkistaa-nopean-ja-kevyen-af-s-nikkor-400mm-f2-8e-fl-ed-vr-objektiivin-tarkkuutta-kaikilla-nopeuksilla\\\/\"]}]},{\"@type\":\"ImageObject\",\"inLanguage\":\"en-US\",\"@id\":\"https:\\\/\\\/www.victoriamedia.org\\\/ld\\\/nikon-julkistaa-nopean-ja-kevyen-af-s-nikkor-400mm-f2-8e-fl-ed-vr-objektiivin-tarkkuutta-kaikilla-nopeuksilla\\\/#primaryimage\",\"url\":\"https:\\\/\\\/www.victoriamedia.org\\\/ld\\\/wp-content\\\/uploads\\\/2014\\\/05\\\/b9e9ec2bde94a0ab_800x800ar.jpg\",\"contentUrl\":\"https:\\\/\\\/www.victoriamedia.org\\\/ld\\\/wp-content\\\/uploads\\\/2014\\\/05\\\/b9e9ec2bde94a0ab_800x800ar.jpg\",\"width\":800,\"height\":432},{\"@type\":\"BreadcrumbList\",\"@id\":\"https:\\\/\\\/www.victoriamedia.org\\\/ld\\\/nikon-julkistaa-nopean-ja-kevyen-af-s-nikkor-400mm-f2-8e-fl-ed-vr-objektiivin-tarkkuutta-kaikilla-nopeuksilla\\\/#breadcrumb\",\"itemListElement\":[{\"@type\":\"ListItem\",\"position\":1,\"name\":\"Home\",\"item\":\"https:\\\/\\\/www.victoriamedia.org\\\/ld\\\/\"},{\"@type\":\"ListItem\",\"position\":2,\"name\":\"Nikon julkistaa nopean ja kevyen AF-S NIKKOR 400mm f\\\/2.8E FL ED VR -objektiivin: tarkkuutta kaikilla nopeuksilla\"}]},{\"@type\":\"WebSite\",\"@id\":\"https:\\\/\\\/www.victoriamedia.org\\\/ld\\\/#website\",\"url\":\"https:\\\/\\\/www.victoriamedia.org\\\/ld\\\/\",\"name\":\"KAMERAT JA OPTISET LAITTEET\",\"description\":\"Kamerat Kiikarit ja optiset tarvikkeet\",\"publisher\":{\"@id\":\"https:\\\/\\\/www.victoriamedia.org\\\/ld\\\/#organization\"},\"potentialAction\":[{\"@type\":\"SearchAction\",\"target\":{\"@type\":\"EntryPoint\",\"urlTemplate\":\"https:\\\/\\\/www.victoriamedia.org\\\/ld\\\/?s={search_term_string}\"},\"query-input\":{\"@type\":\"PropertyValueSpecification\",\"valueRequired\":true,\"valueName\":\"search_term_string\"}}],\"inLanguage\":\"en-US\"},{\"@type\":\"Organization\",\"@id\":\"https:\\\/\\\/www.victoriamedia.org\\\/ld\\\/#organization\",\"name\":\"Victoria Media - Kamerauutiset\",\"url\":\"https:\\\/\\\/www.victoriamedia.org\\\/ld\\\/\",\"logo\":{\"@type\":\"ImageObject\",\"inLanguage\":\"en-US\",\"@id\":\"https:\\\/\\\/www.victoriamedia.org\\\/ld\\\/#\\\/schema\\\/logo\\\/image\\\/\",\"url\":\"https:\\\/\\\/www.victoriamedia.org\\\/ld\\\/wp-content\\\/uploads\\\/2022\\\/09\\\/292179098_555417722694101_2682724033383846896_n.png\",\"contentUrl\":\"https:\\\/\\\/www.victoriamedia.org\\\/ld\\\/wp-content\\\/uploads\\\/2022\\\/09\\\/292179098_555417722694101_2682724033383846896_n.png\",\"width\":215,\"height\":165,\"caption\":\"Victoria Media - Kamerauutiset\"},\"image\":{\"@id\":\"https:\\\/\\\/www.victoriamedia.org\\\/ld\\\/#\\\/schema\\\/logo\\\/image\\\/\"},\"sameAs\":[\"https:\\\/\\\/www.facebook.com\\\/victoriamedia\",\"https:\\\/\\\/x.com\\\/uutisparkki\"]},{\"@type\":\"Person\",\"@id\":\"https:\\\/\\\/www.victoriamedia.org\\\/ld\\\/#\\\/schema\\\/person\\\/a2e166f07bdda8a5ef0506501655c9ac\",\"name\":\"Kerttu Vali\",\"image\":{\"@type\":\"ImageObject\",\"inLanguage\":\"en-US\",\"@id\":\"https:\\\/\\\/secure.gravatar.com\\\/avatar\\\/62dbe1a847f655ad987c59fece23f885c4b0e7b06595c36d9597003852972217?s=96&d=mm&r=g\",\"url\":\"https:\\\/\\\/secure.gravatar.com\\\/avatar\\\/62dbe1a847f655ad987c59fece23f885c4b0e7b06595c36d9597003852972217?s=96&d=mm&r=g\",\"contentUrl\":\"https:\\\/\\\/secure.gravatar.com\\\/avatar\\\/62dbe1a847f655ad987c59fece23f885c4b0e7b06595c36d9597003852972217?s=96&d=mm&r=g\",\"caption\":\"Kerttu Vali\"},\"sameAs\":[\"http:\\\/\\\/www.victoriamedia.fi\\\/\"],\"url\":\"https:\\\/\\\/www.victoriamedia.org\\\/ld\\\/author\\\/kerttuvali\\\/\"}]}<\/script>\n<!-- \/ Yoast SEO plugin. -->","yoast_head_json":{"title":"Nikon julkistaa nopean ja kevyen AF-S NIKKOR 400mm f\/2.8E FL ED VR -objektiivin: tarkkuutta kaikilla nopeuksilla - KAMERAT JA OPTISET LAITTEET","robots":{"index":"index","follow":"follow","max-snippet":"max-snippet:-1","max-image-preview":"max-image-preview:large","max-video-preview":"max-video-preview:-1"},"canonical":"https:\/\/www.victoriamedia.org\/ld\/nikon-julkistaa-nopean-ja-kevyen-af-s-nikkor-400mm-f2-8e-fl-ed-vr-objektiivin-tarkkuutta-kaikilla-nopeuksilla\/","og_locale":"en_US","og_type":"article","og_title":"Nikon julkistaa nopean ja kevyen AF-S NIKKOR 400mm f\/2.8E FL ED VR -objektiivin: tarkkuutta kaikilla nopeuksilla - KAMERAT JA OPTISET LAITTEET","og_description":"Helsinki, 14. toukokuuta 2014:\u00a0Nikon julkisti t\u00e4n\u00e4\u00e4n uuden ja valovoimaisen kiinte\u00e4polttov\u00e4lisen superteleobjektiivin, kevyen AF-S NIKKOR 400mm f\/2.8E FL ED VR:n. Kaikilla nopeuksilla tarkat kuvat tuottava FX-koon superteleobjektiivi sopii erinomaisesti urheilu- ja uutiskuvauksen ammattilaisille, jotka vaativat ty\u00f6kaluiltaan huippuluokan suorituskyky\u00e4. Suurin aukko f\/2.8, uudistettu optinen suunnittelu ja Nikonin uusi SPORT-t\u00e4rin\u00e4nvaimennustila takaavat NIKKOR 400 mm f\/2.8 -objektiivin erinomaisen kuvanlaadun [&hellip;]","og_url":"https:\/\/www.victoriamedia.org\/ld\/nikon-julkistaa-nopean-ja-kevyen-af-s-nikkor-400mm-f2-8e-fl-ed-vr-objektiivin-tarkkuutta-kaikilla-nopeuksilla\/","og_site_name":"KAMERAT JA OPTISET LAITTEET","article_publisher":"https:\/\/www.facebook.com\/victoriamedia","article_published_time":"2014-05-14T13:09:44+00:00","og_image":[{"url":"http:\/\/www.victoriamedia.org\/ld\/wp-content\/uploads\/2014\/05\/b9e9ec2bde94a0ab_800x800ar.jpg","type":"","width":"","height":""}],"author":"Kerttu Vali","twitter_card":"summary_large_image","twitter_creator":"@uutisparkki","twitter_site":"@uutisparkki","twitter_misc":{"Written by":"Kerttu Vali","Est. reading time":"4 minutes"},"schema":{"@context":"https:\/\/schema.org","@graph":[{"@type":"Article","@id":"https:\/\/www.victoriamedia.org\/ld\/nikon-julkistaa-nopean-ja-kevyen-af-s-nikkor-400mm-f2-8e-fl-ed-vr-objektiivin-tarkkuutta-kaikilla-nopeuksilla\/#article","isPartOf":{"@id":"https:\/\/www.victoriamedia.org\/ld\/nikon-julkistaa-nopean-ja-kevyen-af-s-nikkor-400mm-f2-8e-fl-ed-vr-objektiivin-tarkkuutta-kaikilla-nopeuksilla\/"},"author":{"name":"Kerttu Vali","@id":"https:\/\/www.victoriamedia.org\/ld\/#\/schema\/person\/a2e166f07bdda8a5ef0506501655c9ac"},"headline":"Nikon julkistaa nopean ja kevyen AF-S NIKKOR 400mm f\/2.8E FL ED VR -objektiivin: tarkkuutta kaikilla nopeuksilla","datePublished":"2014-05-14T13:09:44+00:00","mainEntityOfPage":{"@id":"https:\/\/www.victoriamedia.org\/ld\/nikon-julkistaa-nopean-ja-kevyen-af-s-nikkor-400mm-f2-8e-fl-ed-vr-objektiivin-tarkkuutta-kaikilla-nopeuksilla\/"},"wordCount":864,"publisher":{"@id":"https:\/\/www.victoriamedia.org\/ld\/#organization"},"image":{"@id":"https:\/\/www.victoriamedia.org\/ld\/nikon-julkistaa-nopean-ja-kevyen-af-s-nikkor-400mm-f2-8e-fl-ed-vr-objektiivin-tarkkuutta-kaikilla-nopeuksilla\/#primaryimage"},"thumbnailUrl":"http:\/\/www.victoriamedia.org\/ld\/wp-content\/uploads\/2014\/05\/b9e9ec2bde94a0ab_800x800ar.jpg","articleSection":["Objektiivit"],"inLanguage":"en-US"},{"@type":"WebPage","@id":"https:\/\/www.victoriamedia.org\/ld\/nikon-julkistaa-nopean-ja-kevyen-af-s-nikkor-400mm-f2-8e-fl-ed-vr-objektiivin-tarkkuutta-kaikilla-nopeuksilla\/","url":"https:\/\/www.victoriamedia.org\/ld\/nikon-julkistaa-nopean-ja-kevyen-af-s-nikkor-400mm-f2-8e-fl-ed-vr-objektiivin-tarkkuutta-kaikilla-nopeuksilla\/","name":"Nikon julkistaa nopean ja kevyen AF-S NIKKOR 400mm f\/2.8E FL ED VR -objektiivin: tarkkuutta kaikilla nopeuksilla - KAMERAT JA OPTISET LAITTEET","isPartOf":{"@id":"https:\/\/www.victoriamedia.org\/ld\/#website"},"primaryImageOfPage":{"@id":"https:\/\/www.victoriamedia.org\/ld\/nikon-julkistaa-nopean-ja-kevyen-af-s-nikkor-400mm-f2-8e-fl-ed-vr-objektiivin-tarkkuutta-kaikilla-nopeuksilla\/#primaryimage"},"image":{"@id":"https:\/\/www.victoriamedia.org\/ld\/nikon-julkistaa-nopean-ja-kevyen-af-s-nikkor-400mm-f2-8e-fl-ed-vr-objektiivin-tarkkuutta-kaikilla-nopeuksilla\/#primaryimage"},"thumbnailUrl":"http:\/\/www.victoriamedia.org\/ld\/wp-content\/uploads\/2014\/05\/b9e9ec2bde94a0ab_800x800ar.jpg","datePublished":"2014-05-14T13:09:44+00:00","breadcrumb":{"@id":"https:\/\/www.victoriamedia.org\/ld\/nikon-julkistaa-nopean-ja-kevyen-af-s-nikkor-400mm-f2-8e-fl-ed-vr-objektiivin-tarkkuutta-kaikilla-nopeuksilla\/#breadcrumb"},"inLanguage":"en-US","potentialAction":[{"@type":"ReadAction","target":["https:\/\/www.victoriamedia.org\/ld\/nikon-julkistaa-nopean-ja-kevyen-af-s-nikkor-400mm-f2-8e-fl-ed-vr-objektiivin-tarkkuutta-kaikilla-nopeuksilla\/"]}]},{"@type":"ImageObject","inLanguage":"en-US","@id":"https:\/\/www.victoriamedia.org\/ld\/nikon-julkistaa-nopean-ja-kevyen-af-s-nikkor-400mm-f2-8e-fl-ed-vr-objektiivin-tarkkuutta-kaikilla-nopeuksilla\/#primaryimage","url":"https:\/\/www.victoriamedia.org\/ld\/wp-content\/uploads\/2014\/05\/b9e9ec2bde94a0ab_800x800ar.jpg","contentUrl":"https:\/\/www.victoriamedia.org\/ld\/wp-content\/uploads\/2014\/05\/b9e9ec2bde94a0ab_800x800ar.jpg","width":800,"height":432},{"@type":"BreadcrumbList","@id":"https:\/\/www.victoriamedia.org\/ld\/nikon-julkistaa-nopean-ja-kevyen-af-s-nikkor-400mm-f2-8e-fl-ed-vr-objektiivin-tarkkuutta-kaikilla-nopeuksilla\/#breadcrumb","itemListElement":[{"@type":"ListItem","position":1,"name":"Home","item":"https:\/\/www.victoriamedia.org\/ld\/"},{"@type":"ListItem","position":2,"name":"Nikon julkistaa nopean ja kevyen AF-S NIKKOR 400mm f\/2.8E FL ED VR -objektiivin: tarkkuutta kaikilla nopeuksilla"}]},{"@type":"WebSite","@id":"https:\/\/www.victoriamedia.org\/ld\/#website","url":"https:\/\/www.victoriamedia.org\/ld\/","name":"KAMERAT JA OPTISET LAITTEET","description":"Kamerat Kiikarit ja optiset tarvikkeet","publisher":{"@id":"https:\/\/www.victoriamedia.org\/ld\/#organization"},"potentialAction":[{"@type":"SearchAction","target":{"@type":"EntryPoint","urlTemplate":"https:\/\/www.victoriamedia.org\/ld\/?s={search_term_string}"},"query-input":{"@type":"PropertyValueSpecification","valueRequired":true,"valueName":"search_term_string"}}],"inLanguage":"en-US"},{"@type":"Organization","@id":"https:\/\/www.victoriamedia.org\/ld\/#organization","name":"Victoria Media - Kamerauutiset","url":"https:\/\/www.victoriamedia.org\/ld\/","logo":{"@type":"ImageObject","inLanguage":"en-US","@id":"https:\/\/www.victoriamedia.org\/ld\/#\/schema\/logo\/image\/","url":"https:\/\/www.victoriamedia.org\/ld\/wp-content\/uploads\/2022\/09\/292179098_555417722694101_2682724033383846896_n.png","contentUrl":"https:\/\/www.victoriamedia.org\/ld\/wp-content\/uploads\/2022\/09\/292179098_555417722694101_2682724033383846896_n.png","width":215,"height":165,"caption":"Victoria Media - Kamerauutiset"},"image":{"@id":"https:\/\/www.victoriamedia.org\/ld\/#\/schema\/logo\/image\/"},"sameAs":["https:\/\/www.facebook.com\/victoriamedia","https:\/\/x.com\/uutisparkki"]},{"@type":"Person","@id":"https:\/\/www.victoriamedia.org\/ld\/#\/schema\/person\/a2e166f07bdda8a5ef0506501655c9ac","name":"Kerttu Vali","image":{"@type":"ImageObject","inLanguage":"en-US","@id":"https:\/\/secure.gravatar.com\/avatar\/62dbe1a847f655ad987c59fece23f885c4b0e7b06595c36d9597003852972217?s=96&d=mm&r=g","url":"https:\/\/secure.gravatar.com\/avatar\/62dbe1a847f655ad987c59fece23f885c4b0e7b06595c36d9597003852972217?s=96&d=mm&r=g","contentUrl":"https:\/\/secure.gravatar.com\/avatar\/62dbe1a847f655ad987c59fece23f885c4b0e7b06595c36d9597003852972217?s=96&d=mm&r=g","caption":"Kerttu Vali"},"sameAs":["http:\/\/www.victoriamedia.fi\/"],"url":"https:\/\/www.victoriamedia.org\/ld\/author\/kerttuvali\/"}]}},"_links":{"self":[{"href":"https:\/\/www.victoriamedia.org\/ld\/wp-json\/wp\/v2\/posts\/334","targetHints":{"allow":["GET"]}}],"collection":[{"href":"https:\/\/www.victoriamedia.org\/ld\/wp-json\/wp\/v2\/posts"}],"about":[{"href":"https:\/\/www.victoriamedia.org\/ld\/wp-json\/wp\/v2\/types\/post"}],"author":[{"embeddable":true,"href":"https:\/\/www.victoriamedia.org\/ld\/wp-json\/wp\/v2\/users\/1"}],"replies":[{"embeddable":true,"href":"https:\/\/www.victoriamedia.org\/ld\/wp-json\/wp\/v2\/comments?post=334"}],"version-history":[{"count":1,"href":"https:\/\/www.victoriamedia.org\/ld\/wp-json\/wp\/v2\/posts\/334\/revisions"}],"predecessor-version":[{"id":336,"href":"https:\/\/www.victoriamedia.org\/ld\/wp-json\/wp\/v2\/posts\/334\/revisions\/336"}],"wp:attachment":[{"href":"https:\/\/www.victoriamedia.org\/ld\/wp-json\/wp\/v2\/media?parent=334"}],"wp:term":[{"taxonomy":"category","embeddable":true,"href":"https:\/\/www.victoriamedia.org\/ld\/wp-json\/wp\/v2\/categories?post=334"},{"taxonomy":"post_tag","embeddable":true,"href":"https:\/\/www.victoriamedia.org\/ld\/wp-json\/wp\/v2\/tags?post=334"}],"curies":[{"name":"wp","href":"https:\/\/api.w.org\/{rel}","templated":true}]}}