{"id":327,"date":"2014-05-09T10:36:54","date_gmt":"2014-05-09T10:36:54","guid":{"rendered":"http:\/\/www.victoriamedia.org\/ld\/?p=327"},"modified":"2014-05-09T10:36:54","modified_gmt":"2014-05-09T10:36:54","slug":"samsung-smart-camera-nx3000-ota-selfie-silmaniskulla","status":"publish","type":"post","link":"https:\/\/www.victoriamedia.org\/ld\/samsung-smart-camera-nx3000-ota-selfie-silmaniskulla\/","title":{"rendered":"Samsung SMART Camera NX3000 \u2013 Ota selfie silm\u00e4niskulla"},"content":{"rendered":"<p style=\"text-align: left;\" align=\"center\"><a href=\"http:\/\/www.victoriamedia.org\/ld\/wp-content\/uploads\/2014\/05\/nx3000.png\"><img loading=\"lazy\" decoding=\"async\" class=\"alignnone size-full wp-image-328\" alt=\"nx3000\" src=\"http:\/\/www.victoriamedia.org\/ld\/wp-content\/uploads\/2014\/05\/nx3000.png\" width=\"314\" height=\"287\" srcset=\"https:\/\/www.victoriamedia.org\/ld\/wp-content\/uploads\/2014\/05\/nx3000.png 314w, https:\/\/www.victoriamedia.org\/ld\/wp-content\/uploads\/2014\/05\/nx3000-300x274.png 300w\" sizes=\"auto, (max-width: 314px) 100vw, 314px\" \/><\/a><\/p>\n<p style=\"text-align: left;\" align=\"center\"><em>Retrohenkinen minij\u00e4rjestelm\u00e4kamera tulee kauppoihin kes\u00e4kuussa.<\/em><\/p>\n<p align=\"left\"><strong>Helsinki, 9. toukokuuta 2014<\/strong><strong>\u00a0<\/strong><strong>\u2013 Samsung esitteli t\u00e4n\u00e4\u00e4n retrohenkisen minij\u00e4rjestelm\u00e4kameran, NX3000:n. N\u00e4ytt\u00e4v\u00e4st\u00e4 analogisest\u00e4 tyylist\u00e4 huolimatta rungon sis\u00e4lt\u00e4 paljastuu uusinta j\u00e4rjestelm\u00e4kameratekniikkaa, jonka ansiosta valokuvausharrastajat voivat taltioida el\u00e4m\u00e4n t\u00e4rkeimm\u00e4t hetket tinkim\u00e4tt\u00f6m\u00e4ll\u00e4 kuvanlaadulla ja huippuluokan tarkkuudella.<\/strong><\/p>\n<p align=\"left\">NX3000:ssa on kolmen tuuman Flip Up -kosketusn\u00e4ytt\u00f6, joka k\u00e4\u00e4ntyy 180 astetta. Sen avulla omakuvien ottaminen onnistuu n\u00e4pp\u00e4r\u00e4sti n\u00e4yt\u00f6nk\u00e4\u00e4nteess\u00e4. NX3000:ssa on my\u00f6s uusi Wink Shot -toiminto, jolla kamera\u00a0osaa ottaa kuvan, kun sille isket\u00e4\u00e4n silm\u00e4\u00e4.<\/p>\n<p align=\"left\">Samsungin uusissa SMART-kameroissa on sis\u00e4\u00e4nrakennettu WiFi ja uusi Tag &amp; Go -toiminto, joka mahdollistaa kuvien jakamisen nopeasti ja langattomasti yst\u00e4vien kesken. Photo Beam -toiminnolla kuvat voi jakaa pelk\u00e4ll\u00e4 hipaisulla NFC-yhteensopiville mobiilaitteille.<\/p>\n<p align=\"left\">NX3000:ssa on 20,3 megapikselin BSI CMOS-kenno, ja kamera pystyy ottamaan 5 kuvaa sekunnissa 1\/4000 suljinnopeudella. Siin\u00e4 on vakiona Samsungin uusi 16\u201350 mm F3.5\u20135.6 Power Zoom ED OIS -objektiivi.\u00a0Kompakti objektiivi sopii hyvin my\u00f6s videokuvaukseen moottoroidun polttov\u00e4lin vaihdon takia.<\/p>\n<p align=\"left\">Lis\u00e4ksi Remote Viewfinder Pro -sovelluksen avulla kameraa voi ohjata Android-\u00e4lypuhelimella tai -tabletillla.<\/p>\n<p align=\"left\">Samsung Smart Camera NX3000 tulee saataville kolmena v\u00e4rivaihtoehtona: valkoinen, musta ja ruskea. Se saapuu kauppoihin kes\u00e4kuussa ja sen suositushinta on 500 euroa.<\/p>\n","protected":false},"excerpt":{"rendered":"<p>Retrohenkinen minij\u00e4rjestelm\u00e4kamera tulee kauppoihin kes\u00e4kuussa. Helsinki, 9. toukokuuta 2014\u00a0\u2013 Samsung esitteli t\u00e4n\u00e4\u00e4n retrohenkisen minij\u00e4rjestelm\u00e4kameran, NX3000:n. N\u00e4ytt\u00e4v\u00e4st\u00e4 analogisest\u00e4 tyylist\u00e4 huolimatta rungon sis\u00e4lt\u00e4 paljastuu uusinta j\u00e4rjestelm\u00e4kameratekniikkaa, jonka ansiosta valokuvausharrastajat voivat taltioida el\u00e4m\u00e4n t\u00e4rkeimm\u00e4t hetket tinkim\u00e4tt\u00f6m\u00e4ll\u00e4 kuvanlaadulla ja huippuluokan tarkkuudella. NX3000:ssa on kolmen tuuman Flip Up -kosketusn\u00e4ytt\u00f6, joka k\u00e4\u00e4ntyy 180 astetta. Sen avulla omakuvien ottaminen onnistuu n\u00e4pp\u00e4r\u00e4sti n\u00e4yt\u00f6nk\u00e4\u00e4nteess\u00e4. [&hellip;]<\/p>\n","protected":false},"author":1,"featured_media":0,"comment_status":"closed","ping_status":"open","sticky":false,"template":"","format":"standard","meta":{"footnotes":""},"categories":[24],"tags":[],"class_list":["post-327","post","type-post","status-publish","format-standard","hentry","category-kamerat"],"yoast_head":"<!-- This site is optimized with the Yoast SEO plugin v27.5 - https:\/\/yoast.com\/product\/yoast-seo-wordpress\/ -->\n<title>Samsung SMART Camera NX3000 \u2013 Ota selfie silm\u00e4niskulla - KAMERAT JA OPTISET LAITTEET<\/title>\n<meta name=\"robots\" content=\"index, follow, max-snippet:-1, max-image-preview:large, max-video-preview:-1\" \/>\n<link rel=\"canonical\" href=\"https:\/\/www.victoriamedia.org\/ld\/samsung-smart-camera-nx3000-ota-selfie-silmaniskulla\/\" \/>\n<meta property=\"og:locale\" content=\"en_US\" \/>\n<meta property=\"og:type\" content=\"article\" \/>\n<meta property=\"og:title\" content=\"Samsung SMART Camera NX3000 \u2013 Ota selfie silm\u00e4niskulla - KAMERAT JA OPTISET LAITTEET\" \/>\n<meta property=\"og:description\" content=\"Retrohenkinen minij\u00e4rjestelm\u00e4kamera tulee kauppoihin kes\u00e4kuussa. Helsinki, 9. toukokuuta 2014\u00a0\u2013 Samsung esitteli t\u00e4n\u00e4\u00e4n retrohenkisen minij\u00e4rjestelm\u00e4kameran, NX3000:n. N\u00e4ytt\u00e4v\u00e4st\u00e4 analogisest\u00e4 tyylist\u00e4 huolimatta rungon sis\u00e4lt\u00e4 paljastuu uusinta j\u00e4rjestelm\u00e4kameratekniikkaa, jonka ansiosta valokuvausharrastajat voivat taltioida el\u00e4m\u00e4n t\u00e4rkeimm\u00e4t hetket tinkim\u00e4tt\u00f6m\u00e4ll\u00e4 kuvanlaadulla ja huippuluokan tarkkuudella. NX3000:ssa on kolmen tuuman Flip Up -kosketusn\u00e4ytt\u00f6, joka k\u00e4\u00e4ntyy 180 astetta. Sen avulla omakuvien ottaminen onnistuu n\u00e4pp\u00e4r\u00e4sti n\u00e4yt\u00f6nk\u00e4\u00e4nteess\u00e4. [&hellip;]\" \/>\n<meta property=\"og:url\" content=\"https:\/\/www.victoriamedia.org\/ld\/samsung-smart-camera-nx3000-ota-selfie-silmaniskulla\/\" \/>\n<meta property=\"og:site_name\" content=\"KAMERAT JA OPTISET LAITTEET\" \/>\n<meta property=\"article:publisher\" content=\"https:\/\/www.facebook.com\/victoriamedia\" \/>\n<meta property=\"article:published_time\" content=\"2014-05-09T10:36:54+00:00\" \/>\n<meta property=\"og:image\" content=\"http:\/\/www.victoriamedia.org\/ld\/wp-content\/uploads\/2014\/05\/nx3000.png\" \/>\n<meta name=\"author\" content=\"Kerttu Vali\" \/>\n<meta name=\"twitter:card\" content=\"summary_large_image\" \/>\n<meta name=\"twitter:creator\" content=\"@uutisparkki\" \/>\n<meta name=\"twitter:site\" content=\"@uutisparkki\" \/>\n<meta name=\"twitter:label1\" content=\"Written by\" \/>\n\t<meta name=\"twitter:data1\" content=\"Kerttu Vali\" \/>\n\t<meta name=\"twitter:label2\" content=\"Est. reading time\" \/>\n\t<meta name=\"twitter:data2\" content=\"1 minute\" \/>\n<script type=\"application\/ld+json\" class=\"yoast-schema-graph\">{\"@context\":\"https:\\\/\\\/schema.org\",\"@graph\":[{\"@type\":\"Article\",\"@id\":\"https:\\\/\\\/www.victoriamedia.org\\\/ld\\\/samsung-smart-camera-nx3000-ota-selfie-silmaniskulla\\\/#article\",\"isPartOf\":{\"@id\":\"https:\\\/\\\/www.victoriamedia.org\\\/ld\\\/samsung-smart-camera-nx3000-ota-selfie-silmaniskulla\\\/\"},\"author\":{\"name\":\"Kerttu Vali\",\"@id\":\"https:\\\/\\\/www.victoriamedia.org\\\/ld\\\/#\\\/schema\\\/person\\\/a2e166f07bdda8a5ef0506501655c9ac\"},\"headline\":\"Samsung SMART Camera NX3000 \u2013 Ota selfie silm\u00e4niskulla\",\"datePublished\":\"2014-05-09T10:36:54+00:00\",\"mainEntityOfPage\":{\"@id\":\"https:\\\/\\\/www.victoriamedia.org\\\/ld\\\/samsung-smart-camera-nx3000-ota-selfie-silmaniskulla\\\/\"},\"wordCount\":217,\"publisher\":{\"@id\":\"https:\\\/\\\/www.victoriamedia.org\\\/ld\\\/#organization\"},\"image\":{\"@id\":\"https:\\\/\\\/www.victoriamedia.org\\\/ld\\\/samsung-smart-camera-nx3000-ota-selfie-silmaniskulla\\\/#primaryimage\"},\"thumbnailUrl\":\"http:\\\/\\\/www.victoriamedia.org\\\/ld\\\/wp-content\\\/uploads\\\/2014\\\/05\\\/nx3000.png\",\"articleSection\":[\"Kamerat\"],\"inLanguage\":\"en-US\"},{\"@type\":\"WebPage\",\"@id\":\"https:\\\/\\\/www.victoriamedia.org\\\/ld\\\/samsung-smart-camera-nx3000-ota-selfie-silmaniskulla\\\/\",\"url\":\"https:\\\/\\\/www.victoriamedia.org\\\/ld\\\/samsung-smart-camera-nx3000-ota-selfie-silmaniskulla\\\/\",\"name\":\"Samsung SMART Camera NX3000 \u2013 Ota selfie silm\u00e4niskulla - KAMERAT JA OPTISET LAITTEET\",\"isPartOf\":{\"@id\":\"https:\\\/\\\/www.victoriamedia.org\\\/ld\\\/#website\"},\"primaryImageOfPage\":{\"@id\":\"https:\\\/\\\/www.victoriamedia.org\\\/ld\\\/samsung-smart-camera-nx3000-ota-selfie-silmaniskulla\\\/#primaryimage\"},\"image\":{\"@id\":\"https:\\\/\\\/www.victoriamedia.org\\\/ld\\\/samsung-smart-camera-nx3000-ota-selfie-silmaniskulla\\\/#primaryimage\"},\"thumbnailUrl\":\"http:\\\/\\\/www.victoriamedia.org\\\/ld\\\/wp-content\\\/uploads\\\/2014\\\/05\\\/nx3000.png\",\"datePublished\":\"2014-05-09T10:36:54+00:00\",\"breadcrumb\":{\"@id\":\"https:\\\/\\\/www.victoriamedia.org\\\/ld\\\/samsung-smart-camera-nx3000-ota-selfie-silmaniskulla\\\/#breadcrumb\"},\"inLanguage\":\"en-US\",\"potentialAction\":[{\"@type\":\"ReadAction\",\"target\":[\"https:\\\/\\\/www.victoriamedia.org\\\/ld\\\/samsung-smart-camera-nx3000-ota-selfie-silmaniskulla\\\/\"]}]},{\"@type\":\"ImageObject\",\"inLanguage\":\"en-US\",\"@id\":\"https:\\\/\\\/www.victoriamedia.org\\\/ld\\\/samsung-smart-camera-nx3000-ota-selfie-silmaniskulla\\\/#primaryimage\",\"url\":\"https:\\\/\\\/www.victoriamedia.org\\\/ld\\\/wp-content\\\/uploads\\\/2014\\\/05\\\/nx3000.png\",\"contentUrl\":\"https:\\\/\\\/www.victoriamedia.org\\\/ld\\\/wp-content\\\/uploads\\\/2014\\\/05\\\/nx3000.png\",\"width\":314,\"height\":287},{\"@type\":\"BreadcrumbList\",\"@id\":\"https:\\\/\\\/www.victoriamedia.org\\\/ld\\\/samsung-smart-camera-nx3000-ota-selfie-silmaniskulla\\\/#breadcrumb\",\"itemListElement\":[{\"@type\":\"ListItem\",\"position\":1,\"name\":\"Home\",\"item\":\"https:\\\/\\\/www.victoriamedia.org\\\/ld\\\/\"},{\"@type\":\"ListItem\",\"position\":2,\"name\":\"Samsung SMART Camera NX3000 \u2013 Ota selfie silm\u00e4niskulla\"}]},{\"@type\":\"WebSite\",\"@id\":\"https:\\\/\\\/www.victoriamedia.org\\\/ld\\\/#website\",\"url\":\"https:\\\/\\\/www.victoriamedia.org\\\/ld\\\/\",\"name\":\"KAMERAT JA OPTISET LAITTEET\",\"description\":\"Kamerat Kiikarit ja optiset tarvikkeet\",\"publisher\":{\"@id\":\"https:\\\/\\\/www.victoriamedia.org\\\/ld\\\/#organization\"},\"potentialAction\":[{\"@type\":\"SearchAction\",\"target\":{\"@type\":\"EntryPoint\",\"urlTemplate\":\"https:\\\/\\\/www.victoriamedia.org\\\/ld\\\/?s={search_term_string}\"},\"query-input\":{\"@type\":\"PropertyValueSpecification\",\"valueRequired\":true,\"valueName\":\"search_term_string\"}}],\"inLanguage\":\"en-US\"},{\"@type\":\"Organization\",\"@id\":\"https:\\\/\\\/www.victoriamedia.org\\\/ld\\\/#organization\",\"name\":\"Victoria Media - Kamerauutiset\",\"url\":\"https:\\\/\\\/www.victoriamedia.org\\\/ld\\\/\",\"logo\":{\"@type\":\"ImageObject\",\"inLanguage\":\"en-US\",\"@id\":\"https:\\\/\\\/www.victoriamedia.org\\\/ld\\\/#\\\/schema\\\/logo\\\/image\\\/\",\"url\":\"https:\\\/\\\/www.victoriamedia.org\\\/ld\\\/wp-content\\\/uploads\\\/2022\\\/09\\\/292179098_555417722694101_2682724033383846896_n.png\",\"contentUrl\":\"https:\\\/\\\/www.victoriamedia.org\\\/ld\\\/wp-content\\\/uploads\\\/2022\\\/09\\\/292179098_555417722694101_2682724033383846896_n.png\",\"width\":215,\"height\":165,\"caption\":\"Victoria Media - Kamerauutiset\"},\"image\":{\"@id\":\"https:\\\/\\\/www.victoriamedia.org\\\/ld\\\/#\\\/schema\\\/logo\\\/image\\\/\"},\"sameAs\":[\"https:\\\/\\\/www.facebook.com\\\/victoriamedia\",\"https:\\\/\\\/x.com\\\/uutisparkki\"]},{\"@type\":\"Person\",\"@id\":\"https:\\\/\\\/www.victoriamedia.org\\\/ld\\\/#\\\/schema\\\/person\\\/a2e166f07bdda8a5ef0506501655c9ac\",\"name\":\"Kerttu Vali\",\"image\":{\"@type\":\"ImageObject\",\"inLanguage\":\"en-US\",\"@id\":\"https:\\\/\\\/secure.gravatar.com\\\/avatar\\\/62dbe1a847f655ad987c59fece23f885c4b0e7b06595c36d9597003852972217?s=96&d=mm&r=g\",\"url\":\"https:\\\/\\\/secure.gravatar.com\\\/avatar\\\/62dbe1a847f655ad987c59fece23f885c4b0e7b06595c36d9597003852972217?s=96&d=mm&r=g\",\"contentUrl\":\"https:\\\/\\\/secure.gravatar.com\\\/avatar\\\/62dbe1a847f655ad987c59fece23f885c4b0e7b06595c36d9597003852972217?s=96&d=mm&r=g\",\"caption\":\"Kerttu Vali\"},\"sameAs\":[\"http:\\\/\\\/www.victoriamedia.fi\\\/\"],\"url\":\"https:\\\/\\\/www.victoriamedia.org\\\/ld\\\/author\\\/kerttuvali\\\/\"}]}<\/script>\n<!-- \/ Yoast SEO plugin. -->","yoast_head_json":{"title":"Samsung SMART Camera NX3000 \u2013 Ota selfie silm\u00e4niskulla - KAMERAT JA OPTISET LAITTEET","robots":{"index":"index","follow":"follow","max-snippet":"max-snippet:-1","max-image-preview":"max-image-preview:large","max-video-preview":"max-video-preview:-1"},"canonical":"https:\/\/www.victoriamedia.org\/ld\/samsung-smart-camera-nx3000-ota-selfie-silmaniskulla\/","og_locale":"en_US","og_type":"article","og_title":"Samsung SMART Camera NX3000 \u2013 Ota selfie silm\u00e4niskulla - KAMERAT JA OPTISET LAITTEET","og_description":"Retrohenkinen minij\u00e4rjestelm\u00e4kamera tulee kauppoihin kes\u00e4kuussa. Helsinki, 9. toukokuuta 2014\u00a0\u2013 Samsung esitteli t\u00e4n\u00e4\u00e4n retrohenkisen minij\u00e4rjestelm\u00e4kameran, NX3000:n. N\u00e4ytt\u00e4v\u00e4st\u00e4 analogisest\u00e4 tyylist\u00e4 huolimatta rungon sis\u00e4lt\u00e4 paljastuu uusinta j\u00e4rjestelm\u00e4kameratekniikkaa, jonka ansiosta valokuvausharrastajat voivat taltioida el\u00e4m\u00e4n t\u00e4rkeimm\u00e4t hetket tinkim\u00e4tt\u00f6m\u00e4ll\u00e4 kuvanlaadulla ja huippuluokan tarkkuudella. NX3000:ssa on kolmen tuuman Flip Up -kosketusn\u00e4ytt\u00f6, joka k\u00e4\u00e4ntyy 180 astetta. Sen avulla omakuvien ottaminen onnistuu n\u00e4pp\u00e4r\u00e4sti n\u00e4yt\u00f6nk\u00e4\u00e4nteess\u00e4. [&hellip;]","og_url":"https:\/\/www.victoriamedia.org\/ld\/samsung-smart-camera-nx3000-ota-selfie-silmaniskulla\/","og_site_name":"KAMERAT JA OPTISET LAITTEET","article_publisher":"https:\/\/www.facebook.com\/victoriamedia","article_published_time":"2014-05-09T10:36:54+00:00","og_image":[{"url":"http:\/\/www.victoriamedia.org\/ld\/wp-content\/uploads\/2014\/05\/nx3000.png","type":"","width":"","height":""}],"author":"Kerttu Vali","twitter_card":"summary_large_image","twitter_creator":"@uutisparkki","twitter_site":"@uutisparkki","twitter_misc":{"Written by":"Kerttu Vali","Est. reading time":"1 minute"},"schema":{"@context":"https:\/\/schema.org","@graph":[{"@type":"Article","@id":"https:\/\/www.victoriamedia.org\/ld\/samsung-smart-camera-nx3000-ota-selfie-silmaniskulla\/#article","isPartOf":{"@id":"https:\/\/www.victoriamedia.org\/ld\/samsung-smart-camera-nx3000-ota-selfie-silmaniskulla\/"},"author":{"name":"Kerttu Vali","@id":"https:\/\/www.victoriamedia.org\/ld\/#\/schema\/person\/a2e166f07bdda8a5ef0506501655c9ac"},"headline":"Samsung SMART Camera NX3000 \u2013 Ota selfie silm\u00e4niskulla","datePublished":"2014-05-09T10:36:54+00:00","mainEntityOfPage":{"@id":"https:\/\/www.victoriamedia.org\/ld\/samsung-smart-camera-nx3000-ota-selfie-silmaniskulla\/"},"wordCount":217,"publisher":{"@id":"https:\/\/www.victoriamedia.org\/ld\/#organization"},"image":{"@id":"https:\/\/www.victoriamedia.org\/ld\/samsung-smart-camera-nx3000-ota-selfie-silmaniskulla\/#primaryimage"},"thumbnailUrl":"http:\/\/www.victoriamedia.org\/ld\/wp-content\/uploads\/2014\/05\/nx3000.png","articleSection":["Kamerat"],"inLanguage":"en-US"},{"@type":"WebPage","@id":"https:\/\/www.victoriamedia.org\/ld\/samsung-smart-camera-nx3000-ota-selfie-silmaniskulla\/","url":"https:\/\/www.victoriamedia.org\/ld\/samsung-smart-camera-nx3000-ota-selfie-silmaniskulla\/","name":"Samsung SMART Camera NX3000 \u2013 Ota selfie silm\u00e4niskulla - KAMERAT JA OPTISET LAITTEET","isPartOf":{"@id":"https:\/\/www.victoriamedia.org\/ld\/#website"},"primaryImageOfPage":{"@id":"https:\/\/www.victoriamedia.org\/ld\/samsung-smart-camera-nx3000-ota-selfie-silmaniskulla\/#primaryimage"},"image":{"@id":"https:\/\/www.victoriamedia.org\/ld\/samsung-smart-camera-nx3000-ota-selfie-silmaniskulla\/#primaryimage"},"thumbnailUrl":"http:\/\/www.victoriamedia.org\/ld\/wp-content\/uploads\/2014\/05\/nx3000.png","datePublished":"2014-05-09T10:36:54+00:00","breadcrumb":{"@id":"https:\/\/www.victoriamedia.org\/ld\/samsung-smart-camera-nx3000-ota-selfie-silmaniskulla\/#breadcrumb"},"inLanguage":"en-US","potentialAction":[{"@type":"ReadAction","target":["https:\/\/www.victoriamedia.org\/ld\/samsung-smart-camera-nx3000-ota-selfie-silmaniskulla\/"]}]},{"@type":"ImageObject","inLanguage":"en-US","@id":"https:\/\/www.victoriamedia.org\/ld\/samsung-smart-camera-nx3000-ota-selfie-silmaniskulla\/#primaryimage","url":"https:\/\/www.victoriamedia.org\/ld\/wp-content\/uploads\/2014\/05\/nx3000.png","contentUrl":"https:\/\/www.victoriamedia.org\/ld\/wp-content\/uploads\/2014\/05\/nx3000.png","width":314,"height":287},{"@type":"BreadcrumbList","@id":"https:\/\/www.victoriamedia.org\/ld\/samsung-smart-camera-nx3000-ota-selfie-silmaniskulla\/#breadcrumb","itemListElement":[{"@type":"ListItem","position":1,"name":"Home","item":"https:\/\/www.victoriamedia.org\/ld\/"},{"@type":"ListItem","position":2,"name":"Samsung SMART Camera NX3000 \u2013 Ota selfie silm\u00e4niskulla"}]},{"@type":"WebSite","@id":"https:\/\/www.victoriamedia.org\/ld\/#website","url":"https:\/\/www.victoriamedia.org\/ld\/","name":"KAMERAT JA OPTISET LAITTEET","description":"Kamerat Kiikarit ja optiset tarvikkeet","publisher":{"@id":"https:\/\/www.victoriamedia.org\/ld\/#organization"},"potentialAction":[{"@type":"SearchAction","target":{"@type":"EntryPoint","urlTemplate":"https:\/\/www.victoriamedia.org\/ld\/?s={search_term_string}"},"query-input":{"@type":"PropertyValueSpecification","valueRequired":true,"valueName":"search_term_string"}}],"inLanguage":"en-US"},{"@type":"Organization","@id":"https:\/\/www.victoriamedia.org\/ld\/#organization","name":"Victoria Media - Kamerauutiset","url":"https:\/\/www.victoriamedia.org\/ld\/","logo":{"@type":"ImageObject","inLanguage":"en-US","@id":"https:\/\/www.victoriamedia.org\/ld\/#\/schema\/logo\/image\/","url":"https:\/\/www.victoriamedia.org\/ld\/wp-content\/uploads\/2022\/09\/292179098_555417722694101_2682724033383846896_n.png","contentUrl":"https:\/\/www.victoriamedia.org\/ld\/wp-content\/uploads\/2022\/09\/292179098_555417722694101_2682724033383846896_n.png","width":215,"height":165,"caption":"Victoria Media - Kamerauutiset"},"image":{"@id":"https:\/\/www.victoriamedia.org\/ld\/#\/schema\/logo\/image\/"},"sameAs":["https:\/\/www.facebook.com\/victoriamedia","https:\/\/x.com\/uutisparkki"]},{"@type":"Person","@id":"https:\/\/www.victoriamedia.org\/ld\/#\/schema\/person\/a2e166f07bdda8a5ef0506501655c9ac","name":"Kerttu Vali","image":{"@type":"ImageObject","inLanguage":"en-US","@id":"https:\/\/secure.gravatar.com\/avatar\/62dbe1a847f655ad987c59fece23f885c4b0e7b06595c36d9597003852972217?s=96&d=mm&r=g","url":"https:\/\/secure.gravatar.com\/avatar\/62dbe1a847f655ad987c59fece23f885c4b0e7b06595c36d9597003852972217?s=96&d=mm&r=g","contentUrl":"https:\/\/secure.gravatar.com\/avatar\/62dbe1a847f655ad987c59fece23f885c4b0e7b06595c36d9597003852972217?s=96&d=mm&r=g","caption":"Kerttu Vali"},"sameAs":["http:\/\/www.victoriamedia.fi\/"],"url":"https:\/\/www.victoriamedia.org\/ld\/author\/kerttuvali\/"}]}},"_links":{"self":[{"href":"https:\/\/www.victoriamedia.org\/ld\/wp-json\/wp\/v2\/posts\/327","targetHints":{"allow":["GET"]}}],"collection":[{"href":"https:\/\/www.victoriamedia.org\/ld\/wp-json\/wp\/v2\/posts"}],"about":[{"href":"https:\/\/www.victoriamedia.org\/ld\/wp-json\/wp\/v2\/types\/post"}],"author":[{"embeddable":true,"href":"https:\/\/www.victoriamedia.org\/ld\/wp-json\/wp\/v2\/users\/1"}],"replies":[{"embeddable":true,"href":"https:\/\/www.victoriamedia.org\/ld\/wp-json\/wp\/v2\/comments?post=327"}],"version-history":[{"count":1,"href":"https:\/\/www.victoriamedia.org\/ld\/wp-json\/wp\/v2\/posts\/327\/revisions"}],"predecessor-version":[{"id":329,"href":"https:\/\/www.victoriamedia.org\/ld\/wp-json\/wp\/v2\/posts\/327\/revisions\/329"}],"wp:attachment":[{"href":"https:\/\/www.victoriamedia.org\/ld\/wp-json\/wp\/v2\/media?parent=327"}],"wp:term":[{"taxonomy":"category","embeddable":true,"href":"https:\/\/www.victoriamedia.org\/ld\/wp-json\/wp\/v2\/categories?post=327"},{"taxonomy":"post_tag","embeddable":true,"href":"https:\/\/www.victoriamedia.org\/ld\/wp-json\/wp\/v2\/tags?post=327"}],"curies":[{"name":"wp","href":"https:\/\/api.w.org\/{rel}","templated":true}]}}