{"id":310,"date":"2014-04-08T10:04:27","date_gmt":"2014-04-08T10:04:27","guid":{"rendered":"http:\/\/www.victoriamedia.org\/ld\/?p=310"},"modified":"2014-04-08T10:04:27","modified_gmt":"2014-04-08T10:04:27","slug":"kunnioitusta-herattava-herkkyys-avaa-ikkunan-valokuvailmaisun-uuteen-maailmaan","status":"publish","type":"post","link":"https:\/\/www.victoriamedia.org\/ld\/kunnioitusta-herattava-herkkyys-avaa-ikkunan-valokuvailmaisun-uuteen-maailmaan\/","title":{"rendered":"Kunnioitusta her\u00e4tt\u00e4v\u00e4 herkkyys avaa ikkunan valokuvailmaisun uuteen maailmaan"},"content":{"rendered":"<p><a href=\"http:\/\/www.victoriamedia.org\/ld\/wp-content\/uploads\/2014\/04\/aed81f3f49e7463c_800x800ar.jpg\"><img loading=\"lazy\" decoding=\"async\" class=\"alignnone  wp-image-311\" alt=\"aed81f3f49e7463c_800x800ar\" src=\"http:\/\/www.victoriamedia.org\/ld\/wp-content\/uploads\/2014\/04\/aed81f3f49e7463c_800x800ar.jpg\" width=\"560\" height=\"472\" srcset=\"https:\/\/www.victoriamedia.org\/ld\/wp-content\/uploads\/2014\/04\/aed81f3f49e7463c_800x800ar.jpg 800w, https:\/\/www.victoriamedia.org\/ld\/wp-content\/uploads\/2014\/04\/aed81f3f49e7463c_800x800ar-300x253.jpg 300w\" sizes=\"auto, (max-width: 560px) 100vw, 560px\" \/><\/a><\/p>\n<p><strong>\u03b1\u00a0<\/strong><strong>7s-kamerassa on uusi kuvakenno, jossa on laaja valotusalue tarjoten taiteellisia kuvakulmia vakavasti otettaville valokuvaajille<\/strong><\/p>\n<ul>\n<li><strong>Laaja 100-409600 ISO-herkkyysalue, jossa kennolle tehty piiri pystyy dynaamisesti s\u00e4\u00e4t\u00e4m\u00e4\u00e4n muuntamista<\/strong><\/li>\n<li><strong>Maailman ensimm\u00e4inen t\u00e4yden kuvakoon kenno, joka pystyy hy\u00f6dynt\u00e4m\u00e4\u00e4n koko pikselim\u00e4\u00e4r\u00e4n ilman pikselim\u00e4\u00e4r\u00e4n v\u00e4liaikaista pudottamista videoita ja 4K-laatua (QFHD: 3840&#215;2160) varten<\/strong><\/li>\n<li><strong>Ammattitasoiset videotoiminnot sis\u00e4lt\u00e4en XAVC S Full HD -tallennusmuodon, joka tallentaa 50 Mbps -nopeudella. Lis\u00e4ksi aikakoodaus ja valinnainen XLR audio -sis\u00e4\u00e4ntulo<\/strong><\/li>\n<li><strong>Suuri ISO-herkkyysalue, joka mahdollistaa nopeammat suljinajat h\u00e4m\u00e4r\u00e4mmiss\u00e4 valaistusolosuhteissa<\/strong><\/li>\n<li><strong>Parannettu Fast Intelligent AF -suorituskyky jopa EV-4 -asteen h\u00e4m\u00e4r\u00e4ss\u00e4 valaistuksessa<\/strong><strong><\/strong><\/li>\n<li><strong>Eritt\u00e4in kompakti ja kevyt runko, joka mahdollistaa miellytt\u00e4v\u00e4n ammattimaisen k\u00e4yt\u00f6n<\/strong><strong><\/strong><\/li>\n<li><strong>Saatavilla\u00a0<\/strong><strong>\u03b1\u00a0<\/strong><strong>-tyypin kiinnitysadapteri, jolloin valittavana on laaja valikoima laadukkaita objektiiveja, kuten s\u00e4hk\u00f6inen zoom -objektiivin, joka on ihanteellinen videokuvauksesssa<\/strong><\/li>\n<\/ul>\n<p><strong>Sony lyhyesti<\/strong><\/p>\n<p>Sony on yksi maailman johtavista sek\u00e4 kuluttajille ett\u00e4 ammattilaisille suunnattujen audio-, video-, viestint\u00e4- ja tietotekniikkatuotteiden innovoijista. Sony on tunnettu sen audiovisuaalisista tuotteista kuten 4K Ultra HD ja Full HD LED BRAVIA\u2122 -televisioista, Cyber-shot\u2122-digitaalikameroista, Handycam\u00ae-videokameroista, \u201c\u03b1\u201d-mallin (lausutaan Alpha) digitaalisista SLR-kameroista, Sony-tableteista ja Walkman\u00ae-MP3-soittimista sek\u00e4 VAIO\u2122-tietokoneista ja ammattilaisten broadcast-tuotantolaitteista.<\/p>\n<p>Lis\u00e4tietoja Sony Europesta osoitteessa:\u00a0<a href=\"http:\/\/www.sony-europe.com\/\" target=\"_blank\" rel=\"nofollow\">www.sony-europe.com\u00a0<\/a>. Lis\u00e4tietoja Sony Corporationista osoitteessa:\u00a0<a href=\"http:\/\/www.sony.net\/\" target=\"_blank\" rel=\"nofollow\">www.sony.net\u00a0<\/a>.<\/p>\n<p>Sony, WALKMAN, VAIO, Cyber-shot, Handycam, \u03b1, Exmor, BRAVIA and XDCAM ovat Sony Corporationin rekister\u00f6ityj\u00e4 tavaramerkkej\u00e4. Kaikki muut tavaramerkit ovat niiden yritysten omistamia joille kyseiset tavaramerkit ovat rekister\u00f6ity.<\/p>\n","protected":false},"excerpt":{"rendered":"<p>\u03b1\u00a07s-kamerassa on uusi kuvakenno, jossa on laaja valotusalue tarjoten taiteellisia kuvakulmia vakavasti otettaville valokuvaajille Laaja 100-409600 ISO-herkkyysalue, jossa kennolle tehty piiri pystyy dynaamisesti s\u00e4\u00e4t\u00e4m\u00e4\u00e4n muuntamista Maailman ensimm\u00e4inen t\u00e4yden kuvakoon kenno, joka pystyy hy\u00f6dynt\u00e4m\u00e4\u00e4n koko pikselim\u00e4\u00e4r\u00e4n ilman pikselim\u00e4\u00e4r\u00e4n v\u00e4liaikaista pudottamista videoita ja 4K-laatua (QFHD: 3840&#215;2160) varten Ammattitasoiset videotoiminnot sis\u00e4lt\u00e4en XAVC S Full HD -tallennusmuodon, joka tallentaa [&hellip;]<\/p>\n","protected":false},"author":1,"featured_media":0,"comment_status":"closed","ping_status":"open","sticky":false,"template":"","format":"standard","meta":{"footnotes":""},"categories":[24],"tags":[],"class_list":["post-310","post","type-post","status-publish","format-standard","hentry","category-kamerat"],"yoast_head":"<!-- This site is optimized with the Yoast SEO plugin v27.5 - https:\/\/yoast.com\/product\/yoast-seo-wordpress\/ -->\n<title>Kunnioitusta her\u00e4tt\u00e4v\u00e4 herkkyys avaa ikkunan valokuvailmaisun uuteen maailmaan - KAMERAT JA OPTISET LAITTEET<\/title>\n<meta name=\"robots\" content=\"index, follow, max-snippet:-1, max-image-preview:large, max-video-preview:-1\" \/>\n<link rel=\"canonical\" href=\"https:\/\/www.victoriamedia.org\/ld\/kunnioitusta-herattava-herkkyys-avaa-ikkunan-valokuvailmaisun-uuteen-maailmaan\/\" \/>\n<meta property=\"og:locale\" content=\"en_US\" \/>\n<meta property=\"og:type\" content=\"article\" \/>\n<meta property=\"og:title\" content=\"Kunnioitusta her\u00e4tt\u00e4v\u00e4 herkkyys avaa ikkunan valokuvailmaisun uuteen maailmaan - KAMERAT JA OPTISET LAITTEET\" \/>\n<meta property=\"og:description\" content=\"\u03b1\u00a07s-kamerassa on uusi kuvakenno, jossa on laaja valotusalue tarjoten taiteellisia kuvakulmia vakavasti otettaville valokuvaajille Laaja 100-409600 ISO-herkkyysalue, jossa kennolle tehty piiri pystyy dynaamisesti s\u00e4\u00e4t\u00e4m\u00e4\u00e4n muuntamista Maailman ensimm\u00e4inen t\u00e4yden kuvakoon kenno, joka pystyy hy\u00f6dynt\u00e4m\u00e4\u00e4n koko pikselim\u00e4\u00e4r\u00e4n ilman pikselim\u00e4\u00e4r\u00e4n v\u00e4liaikaista pudottamista videoita ja 4K-laatua (QFHD: 3840&#215;2160) varten Ammattitasoiset videotoiminnot sis\u00e4lt\u00e4en XAVC S Full HD -tallennusmuodon, joka tallentaa [&hellip;]\" \/>\n<meta property=\"og:url\" content=\"https:\/\/www.victoriamedia.org\/ld\/kunnioitusta-herattava-herkkyys-avaa-ikkunan-valokuvailmaisun-uuteen-maailmaan\/\" \/>\n<meta property=\"og:site_name\" content=\"KAMERAT JA OPTISET LAITTEET\" \/>\n<meta property=\"article:publisher\" content=\"https:\/\/www.facebook.com\/victoriamedia\" \/>\n<meta property=\"article:published_time\" content=\"2014-04-08T10:04:27+00:00\" \/>\n<meta property=\"og:image\" content=\"http:\/\/www.victoriamedia.org\/ld\/wp-content\/uploads\/2014\/04\/aed81f3f49e7463c_800x800ar.jpg\" \/>\n<meta name=\"author\" content=\"Kerttu Vali\" \/>\n<meta name=\"twitter:card\" content=\"summary_large_image\" \/>\n<meta name=\"twitter:creator\" content=\"@uutisparkki\" \/>\n<meta name=\"twitter:site\" content=\"@uutisparkki\" \/>\n<meta name=\"twitter:label1\" content=\"Written by\" \/>\n\t<meta name=\"twitter:data1\" content=\"Kerttu Vali\" \/>\n\t<meta name=\"twitter:label2\" content=\"Est. reading time\" \/>\n\t<meta name=\"twitter:data2\" content=\"1 minute\" \/>\n<script type=\"application\/ld+json\" class=\"yoast-schema-graph\">{\"@context\":\"https:\\\/\\\/schema.org\",\"@graph\":[{\"@type\":\"Article\",\"@id\":\"https:\\\/\\\/www.victoriamedia.org\\\/ld\\\/kunnioitusta-herattava-herkkyys-avaa-ikkunan-valokuvailmaisun-uuteen-maailmaan\\\/#article\",\"isPartOf\":{\"@id\":\"https:\\\/\\\/www.victoriamedia.org\\\/ld\\\/kunnioitusta-herattava-herkkyys-avaa-ikkunan-valokuvailmaisun-uuteen-maailmaan\\\/\"},\"author\":{\"name\":\"Kerttu Vali\",\"@id\":\"https:\\\/\\\/www.victoriamedia.org\\\/ld\\\/#\\\/schema\\\/person\\\/a2e166f07bdda8a5ef0506501655c9ac\"},\"headline\":\"Kunnioitusta her\u00e4tt\u00e4v\u00e4 herkkyys avaa ikkunan valokuvailmaisun uuteen maailmaan\",\"datePublished\":\"2014-04-08T10:04:27+00:00\",\"mainEntityOfPage\":{\"@id\":\"https:\\\/\\\/www.victoriamedia.org\\\/ld\\\/kunnioitusta-herattava-herkkyys-avaa-ikkunan-valokuvailmaisun-uuteen-maailmaan\\\/\"},\"wordCount\":249,\"publisher\":{\"@id\":\"https:\\\/\\\/www.victoriamedia.org\\\/ld\\\/#organization\"},\"image\":{\"@id\":\"https:\\\/\\\/www.victoriamedia.org\\\/ld\\\/kunnioitusta-herattava-herkkyys-avaa-ikkunan-valokuvailmaisun-uuteen-maailmaan\\\/#primaryimage\"},\"thumbnailUrl\":\"http:\\\/\\\/www.victoriamedia.org\\\/ld\\\/wp-content\\\/uploads\\\/2014\\\/04\\\/aed81f3f49e7463c_800x800ar.jpg\",\"articleSection\":[\"Kamerat\"],\"inLanguage\":\"en-US\"},{\"@type\":\"WebPage\",\"@id\":\"https:\\\/\\\/www.victoriamedia.org\\\/ld\\\/kunnioitusta-herattava-herkkyys-avaa-ikkunan-valokuvailmaisun-uuteen-maailmaan\\\/\",\"url\":\"https:\\\/\\\/www.victoriamedia.org\\\/ld\\\/kunnioitusta-herattava-herkkyys-avaa-ikkunan-valokuvailmaisun-uuteen-maailmaan\\\/\",\"name\":\"Kunnioitusta her\u00e4tt\u00e4v\u00e4 herkkyys avaa ikkunan valokuvailmaisun uuteen maailmaan - KAMERAT JA OPTISET LAITTEET\",\"isPartOf\":{\"@id\":\"https:\\\/\\\/www.victoriamedia.org\\\/ld\\\/#website\"},\"primaryImageOfPage\":{\"@id\":\"https:\\\/\\\/www.victoriamedia.org\\\/ld\\\/kunnioitusta-herattava-herkkyys-avaa-ikkunan-valokuvailmaisun-uuteen-maailmaan\\\/#primaryimage\"},\"image\":{\"@id\":\"https:\\\/\\\/www.victoriamedia.org\\\/ld\\\/kunnioitusta-herattava-herkkyys-avaa-ikkunan-valokuvailmaisun-uuteen-maailmaan\\\/#primaryimage\"},\"thumbnailUrl\":\"http:\\\/\\\/www.victoriamedia.org\\\/ld\\\/wp-content\\\/uploads\\\/2014\\\/04\\\/aed81f3f49e7463c_800x800ar.jpg\",\"datePublished\":\"2014-04-08T10:04:27+00:00\",\"breadcrumb\":{\"@id\":\"https:\\\/\\\/www.victoriamedia.org\\\/ld\\\/kunnioitusta-herattava-herkkyys-avaa-ikkunan-valokuvailmaisun-uuteen-maailmaan\\\/#breadcrumb\"},\"inLanguage\":\"en-US\",\"potentialAction\":[{\"@type\":\"ReadAction\",\"target\":[\"https:\\\/\\\/www.victoriamedia.org\\\/ld\\\/kunnioitusta-herattava-herkkyys-avaa-ikkunan-valokuvailmaisun-uuteen-maailmaan\\\/\"]}]},{\"@type\":\"ImageObject\",\"inLanguage\":\"en-US\",\"@id\":\"https:\\\/\\\/www.victoriamedia.org\\\/ld\\\/kunnioitusta-herattava-herkkyys-avaa-ikkunan-valokuvailmaisun-uuteen-maailmaan\\\/#primaryimage\",\"url\":\"https:\\\/\\\/www.victoriamedia.org\\\/ld\\\/wp-content\\\/uploads\\\/2014\\\/04\\\/aed81f3f49e7463c_800x800ar.jpg\",\"contentUrl\":\"https:\\\/\\\/www.victoriamedia.org\\\/ld\\\/wp-content\\\/uploads\\\/2014\\\/04\\\/aed81f3f49e7463c_800x800ar.jpg\",\"width\":800,\"height\":675},{\"@type\":\"BreadcrumbList\",\"@id\":\"https:\\\/\\\/www.victoriamedia.org\\\/ld\\\/kunnioitusta-herattava-herkkyys-avaa-ikkunan-valokuvailmaisun-uuteen-maailmaan\\\/#breadcrumb\",\"itemListElement\":[{\"@type\":\"ListItem\",\"position\":1,\"name\":\"Home\",\"item\":\"https:\\\/\\\/www.victoriamedia.org\\\/ld\\\/\"},{\"@type\":\"ListItem\",\"position\":2,\"name\":\"Kunnioitusta her\u00e4tt\u00e4v\u00e4 herkkyys avaa ikkunan valokuvailmaisun uuteen maailmaan\"}]},{\"@type\":\"WebSite\",\"@id\":\"https:\\\/\\\/www.victoriamedia.org\\\/ld\\\/#website\",\"url\":\"https:\\\/\\\/www.victoriamedia.org\\\/ld\\\/\",\"name\":\"KAMERAT JA OPTISET LAITTEET\",\"description\":\"Kamerat Kiikarit ja optiset tarvikkeet\",\"publisher\":{\"@id\":\"https:\\\/\\\/www.victoriamedia.org\\\/ld\\\/#organization\"},\"potentialAction\":[{\"@type\":\"SearchAction\",\"target\":{\"@type\":\"EntryPoint\",\"urlTemplate\":\"https:\\\/\\\/www.victoriamedia.org\\\/ld\\\/?s={search_term_string}\"},\"query-input\":{\"@type\":\"PropertyValueSpecification\",\"valueRequired\":true,\"valueName\":\"search_term_string\"}}],\"inLanguage\":\"en-US\"},{\"@type\":\"Organization\",\"@id\":\"https:\\\/\\\/www.victoriamedia.org\\\/ld\\\/#organization\",\"name\":\"Victoria Media - Kamerauutiset\",\"url\":\"https:\\\/\\\/www.victoriamedia.org\\\/ld\\\/\",\"logo\":{\"@type\":\"ImageObject\",\"inLanguage\":\"en-US\",\"@id\":\"https:\\\/\\\/www.victoriamedia.org\\\/ld\\\/#\\\/schema\\\/logo\\\/image\\\/\",\"url\":\"https:\\\/\\\/www.victoriamedia.org\\\/ld\\\/wp-content\\\/uploads\\\/2022\\\/09\\\/292179098_555417722694101_2682724033383846896_n.png\",\"contentUrl\":\"https:\\\/\\\/www.victoriamedia.org\\\/ld\\\/wp-content\\\/uploads\\\/2022\\\/09\\\/292179098_555417722694101_2682724033383846896_n.png\",\"width\":215,\"height\":165,\"caption\":\"Victoria Media - Kamerauutiset\"},\"image\":{\"@id\":\"https:\\\/\\\/www.victoriamedia.org\\\/ld\\\/#\\\/schema\\\/logo\\\/image\\\/\"},\"sameAs\":[\"https:\\\/\\\/www.facebook.com\\\/victoriamedia\",\"https:\\\/\\\/x.com\\\/uutisparkki\"]},{\"@type\":\"Person\",\"@id\":\"https:\\\/\\\/www.victoriamedia.org\\\/ld\\\/#\\\/schema\\\/person\\\/a2e166f07bdda8a5ef0506501655c9ac\",\"name\":\"Kerttu Vali\",\"image\":{\"@type\":\"ImageObject\",\"inLanguage\":\"en-US\",\"@id\":\"https:\\\/\\\/secure.gravatar.com\\\/avatar\\\/62dbe1a847f655ad987c59fece23f885c4b0e7b06595c36d9597003852972217?s=96&d=mm&r=g\",\"url\":\"https:\\\/\\\/secure.gravatar.com\\\/avatar\\\/62dbe1a847f655ad987c59fece23f885c4b0e7b06595c36d9597003852972217?s=96&d=mm&r=g\",\"contentUrl\":\"https:\\\/\\\/secure.gravatar.com\\\/avatar\\\/62dbe1a847f655ad987c59fece23f885c4b0e7b06595c36d9597003852972217?s=96&d=mm&r=g\",\"caption\":\"Kerttu Vali\"},\"sameAs\":[\"http:\\\/\\\/www.victoriamedia.fi\\\/\"],\"url\":\"https:\\\/\\\/www.victoriamedia.org\\\/ld\\\/author\\\/kerttuvali\\\/\"}]}<\/script>\n<!-- \/ Yoast SEO plugin. -->","yoast_head_json":{"title":"Kunnioitusta her\u00e4tt\u00e4v\u00e4 herkkyys avaa ikkunan valokuvailmaisun uuteen maailmaan - KAMERAT JA OPTISET LAITTEET","robots":{"index":"index","follow":"follow","max-snippet":"max-snippet:-1","max-image-preview":"max-image-preview:large","max-video-preview":"max-video-preview:-1"},"canonical":"https:\/\/www.victoriamedia.org\/ld\/kunnioitusta-herattava-herkkyys-avaa-ikkunan-valokuvailmaisun-uuteen-maailmaan\/","og_locale":"en_US","og_type":"article","og_title":"Kunnioitusta her\u00e4tt\u00e4v\u00e4 herkkyys avaa ikkunan valokuvailmaisun uuteen maailmaan - KAMERAT JA OPTISET LAITTEET","og_description":"\u03b1\u00a07s-kamerassa on uusi kuvakenno, jossa on laaja valotusalue tarjoten taiteellisia kuvakulmia vakavasti otettaville valokuvaajille Laaja 100-409600 ISO-herkkyysalue, jossa kennolle tehty piiri pystyy dynaamisesti s\u00e4\u00e4t\u00e4m\u00e4\u00e4n muuntamista Maailman ensimm\u00e4inen t\u00e4yden kuvakoon kenno, joka pystyy hy\u00f6dynt\u00e4m\u00e4\u00e4n koko pikselim\u00e4\u00e4r\u00e4n ilman pikselim\u00e4\u00e4r\u00e4n v\u00e4liaikaista pudottamista videoita ja 4K-laatua (QFHD: 3840&#215;2160) varten Ammattitasoiset videotoiminnot sis\u00e4lt\u00e4en XAVC S Full HD -tallennusmuodon, joka tallentaa [&hellip;]","og_url":"https:\/\/www.victoriamedia.org\/ld\/kunnioitusta-herattava-herkkyys-avaa-ikkunan-valokuvailmaisun-uuteen-maailmaan\/","og_site_name":"KAMERAT JA OPTISET LAITTEET","article_publisher":"https:\/\/www.facebook.com\/victoriamedia","article_published_time":"2014-04-08T10:04:27+00:00","og_image":[{"url":"http:\/\/www.victoriamedia.org\/ld\/wp-content\/uploads\/2014\/04\/aed81f3f49e7463c_800x800ar.jpg","type":"","width":"","height":""}],"author":"Kerttu Vali","twitter_card":"summary_large_image","twitter_creator":"@uutisparkki","twitter_site":"@uutisparkki","twitter_misc":{"Written by":"Kerttu Vali","Est. reading time":"1 minute"},"schema":{"@context":"https:\/\/schema.org","@graph":[{"@type":"Article","@id":"https:\/\/www.victoriamedia.org\/ld\/kunnioitusta-herattava-herkkyys-avaa-ikkunan-valokuvailmaisun-uuteen-maailmaan\/#article","isPartOf":{"@id":"https:\/\/www.victoriamedia.org\/ld\/kunnioitusta-herattava-herkkyys-avaa-ikkunan-valokuvailmaisun-uuteen-maailmaan\/"},"author":{"name":"Kerttu Vali","@id":"https:\/\/www.victoriamedia.org\/ld\/#\/schema\/person\/a2e166f07bdda8a5ef0506501655c9ac"},"headline":"Kunnioitusta her\u00e4tt\u00e4v\u00e4 herkkyys avaa ikkunan valokuvailmaisun uuteen maailmaan","datePublished":"2014-04-08T10:04:27+00:00","mainEntityOfPage":{"@id":"https:\/\/www.victoriamedia.org\/ld\/kunnioitusta-herattava-herkkyys-avaa-ikkunan-valokuvailmaisun-uuteen-maailmaan\/"},"wordCount":249,"publisher":{"@id":"https:\/\/www.victoriamedia.org\/ld\/#organization"},"image":{"@id":"https:\/\/www.victoriamedia.org\/ld\/kunnioitusta-herattava-herkkyys-avaa-ikkunan-valokuvailmaisun-uuteen-maailmaan\/#primaryimage"},"thumbnailUrl":"http:\/\/www.victoriamedia.org\/ld\/wp-content\/uploads\/2014\/04\/aed81f3f49e7463c_800x800ar.jpg","articleSection":["Kamerat"],"inLanguage":"en-US"},{"@type":"WebPage","@id":"https:\/\/www.victoriamedia.org\/ld\/kunnioitusta-herattava-herkkyys-avaa-ikkunan-valokuvailmaisun-uuteen-maailmaan\/","url":"https:\/\/www.victoriamedia.org\/ld\/kunnioitusta-herattava-herkkyys-avaa-ikkunan-valokuvailmaisun-uuteen-maailmaan\/","name":"Kunnioitusta her\u00e4tt\u00e4v\u00e4 herkkyys avaa ikkunan valokuvailmaisun uuteen maailmaan - KAMERAT JA OPTISET LAITTEET","isPartOf":{"@id":"https:\/\/www.victoriamedia.org\/ld\/#website"},"primaryImageOfPage":{"@id":"https:\/\/www.victoriamedia.org\/ld\/kunnioitusta-herattava-herkkyys-avaa-ikkunan-valokuvailmaisun-uuteen-maailmaan\/#primaryimage"},"image":{"@id":"https:\/\/www.victoriamedia.org\/ld\/kunnioitusta-herattava-herkkyys-avaa-ikkunan-valokuvailmaisun-uuteen-maailmaan\/#primaryimage"},"thumbnailUrl":"http:\/\/www.victoriamedia.org\/ld\/wp-content\/uploads\/2014\/04\/aed81f3f49e7463c_800x800ar.jpg","datePublished":"2014-04-08T10:04:27+00:00","breadcrumb":{"@id":"https:\/\/www.victoriamedia.org\/ld\/kunnioitusta-herattava-herkkyys-avaa-ikkunan-valokuvailmaisun-uuteen-maailmaan\/#breadcrumb"},"inLanguage":"en-US","potentialAction":[{"@type":"ReadAction","target":["https:\/\/www.victoriamedia.org\/ld\/kunnioitusta-herattava-herkkyys-avaa-ikkunan-valokuvailmaisun-uuteen-maailmaan\/"]}]},{"@type":"ImageObject","inLanguage":"en-US","@id":"https:\/\/www.victoriamedia.org\/ld\/kunnioitusta-herattava-herkkyys-avaa-ikkunan-valokuvailmaisun-uuteen-maailmaan\/#primaryimage","url":"https:\/\/www.victoriamedia.org\/ld\/wp-content\/uploads\/2014\/04\/aed81f3f49e7463c_800x800ar.jpg","contentUrl":"https:\/\/www.victoriamedia.org\/ld\/wp-content\/uploads\/2014\/04\/aed81f3f49e7463c_800x800ar.jpg","width":800,"height":675},{"@type":"BreadcrumbList","@id":"https:\/\/www.victoriamedia.org\/ld\/kunnioitusta-herattava-herkkyys-avaa-ikkunan-valokuvailmaisun-uuteen-maailmaan\/#breadcrumb","itemListElement":[{"@type":"ListItem","position":1,"name":"Home","item":"https:\/\/www.victoriamedia.org\/ld\/"},{"@type":"ListItem","position":2,"name":"Kunnioitusta her\u00e4tt\u00e4v\u00e4 herkkyys avaa ikkunan valokuvailmaisun uuteen maailmaan"}]},{"@type":"WebSite","@id":"https:\/\/www.victoriamedia.org\/ld\/#website","url":"https:\/\/www.victoriamedia.org\/ld\/","name":"KAMERAT JA OPTISET LAITTEET","description":"Kamerat Kiikarit ja optiset tarvikkeet","publisher":{"@id":"https:\/\/www.victoriamedia.org\/ld\/#organization"},"potentialAction":[{"@type":"SearchAction","target":{"@type":"EntryPoint","urlTemplate":"https:\/\/www.victoriamedia.org\/ld\/?s={search_term_string}"},"query-input":{"@type":"PropertyValueSpecification","valueRequired":true,"valueName":"search_term_string"}}],"inLanguage":"en-US"},{"@type":"Organization","@id":"https:\/\/www.victoriamedia.org\/ld\/#organization","name":"Victoria Media - Kamerauutiset","url":"https:\/\/www.victoriamedia.org\/ld\/","logo":{"@type":"ImageObject","inLanguage":"en-US","@id":"https:\/\/www.victoriamedia.org\/ld\/#\/schema\/logo\/image\/","url":"https:\/\/www.victoriamedia.org\/ld\/wp-content\/uploads\/2022\/09\/292179098_555417722694101_2682724033383846896_n.png","contentUrl":"https:\/\/www.victoriamedia.org\/ld\/wp-content\/uploads\/2022\/09\/292179098_555417722694101_2682724033383846896_n.png","width":215,"height":165,"caption":"Victoria Media - Kamerauutiset"},"image":{"@id":"https:\/\/www.victoriamedia.org\/ld\/#\/schema\/logo\/image\/"},"sameAs":["https:\/\/www.facebook.com\/victoriamedia","https:\/\/x.com\/uutisparkki"]},{"@type":"Person","@id":"https:\/\/www.victoriamedia.org\/ld\/#\/schema\/person\/a2e166f07bdda8a5ef0506501655c9ac","name":"Kerttu Vali","image":{"@type":"ImageObject","inLanguage":"en-US","@id":"https:\/\/secure.gravatar.com\/avatar\/62dbe1a847f655ad987c59fece23f885c4b0e7b06595c36d9597003852972217?s=96&d=mm&r=g","url":"https:\/\/secure.gravatar.com\/avatar\/62dbe1a847f655ad987c59fece23f885c4b0e7b06595c36d9597003852972217?s=96&d=mm&r=g","contentUrl":"https:\/\/secure.gravatar.com\/avatar\/62dbe1a847f655ad987c59fece23f885c4b0e7b06595c36d9597003852972217?s=96&d=mm&r=g","caption":"Kerttu Vali"},"sameAs":["http:\/\/www.victoriamedia.fi\/"],"url":"https:\/\/www.victoriamedia.org\/ld\/author\/kerttuvali\/"}]}},"_links":{"self":[{"href":"https:\/\/www.victoriamedia.org\/ld\/wp-json\/wp\/v2\/posts\/310","targetHints":{"allow":["GET"]}}],"collection":[{"href":"https:\/\/www.victoriamedia.org\/ld\/wp-json\/wp\/v2\/posts"}],"about":[{"href":"https:\/\/www.victoriamedia.org\/ld\/wp-json\/wp\/v2\/types\/post"}],"author":[{"embeddable":true,"href":"https:\/\/www.victoriamedia.org\/ld\/wp-json\/wp\/v2\/users\/1"}],"replies":[{"embeddable":true,"href":"https:\/\/www.victoriamedia.org\/ld\/wp-json\/wp\/v2\/comments?post=310"}],"version-history":[{"count":1,"href":"https:\/\/www.victoriamedia.org\/ld\/wp-json\/wp\/v2\/posts\/310\/revisions"}],"predecessor-version":[{"id":312,"href":"https:\/\/www.victoriamedia.org\/ld\/wp-json\/wp\/v2\/posts\/310\/revisions\/312"}],"wp:attachment":[{"href":"https:\/\/www.victoriamedia.org\/ld\/wp-json\/wp\/v2\/media?parent=310"}],"wp:term":[{"taxonomy":"category","embeddable":true,"href":"https:\/\/www.victoriamedia.org\/ld\/wp-json\/wp\/v2\/categories?post=310"},{"taxonomy":"post_tag","embeddable":true,"href":"https:\/\/www.victoriamedia.org\/ld\/wp-json\/wp\/v2\/tags?post=310"}],"curies":[{"name":"wp","href":"https:\/\/api.w.org\/{rel}","templated":true}]}}