{"id":296,"date":"2014-03-04T11:21:40","date_gmt":"2014-03-04T11:21:40","guid":{"rendered":"http:\/\/www.victoriamedia.org\/ld\/?p=296"},"modified":"2014-03-04T11:21:40","modified_gmt":"2014-03-04T11:21:40","slug":"eirikuva-lopettaa-ifolor-vahvistaa-asemaansa","status":"publish","type":"post","link":"https:\/\/www.victoriamedia.org\/ld\/eirikuva-lopettaa-ifolor-vahvistaa-asemaansa\/","title":{"rendered":"Eirikuva lopettaa, Ifolor vahvistaa asemaansa"},"content":{"rendered":"<p><a href=\"http:\/\/www.victoriamedia.org\/ld\/wp-content\/uploads\/2014\/03\/903-180x180-medium.jpg\"><img loading=\"lazy\" decoding=\"async\" class=\"alignnone size-full wp-image-297\" alt=\"903-180x180-medium\" src=\"http:\/\/www.victoriamedia.org\/ld\/wp-content\/uploads\/2014\/03\/903-180x180-medium.jpg\" width=\"96\" height=\"96\" \/><\/a><\/p>\n<p>Suomen suurin yksil\u00f6it\u00e4vien kuvatuotteiden valmistaja Ifolor Oy on ostanut Eirikuva Oy:n tuotemerkit ja verkkotunnukset. Eirikuvan kuvatuotanto Lahdessa p\u00e4\u00e4ttyy ja Eirikuva Oy muuttaa toimintansa kokonaan Nestholma-kiihdytt\u00e4m\u00f6ksi.<\/p>\n<p>Kaupan my\u00f6t\u00e4 perinteik\u00e4s Eirikuva-tuotemerkki siirtyy Ifolorin omistukseen, kuten my\u00f6s Eirikuva Oy:n muut tuotemerkit Eirikehys ja Kymppikuva. Jatkossa tuotteet myyd\u00e4\u00e4n ja markkinoidaan ifolor-tuotemerkin alla ja Ifolor palvelee entisi\u00e4 Eirikuvan asiakkaita.<\/p>\n<p>\u201dJo yli 40 vuoden ajan olemme toimineet kuva-alalla rinta rinnan ja kokeneet muutoksen filmiajasta digiaikaan. Olemme ylpeit\u00e4 voidessamme palvella saman ifolor-tuotemerkin alla my\u00f6s Eirin asiakkaita. T\u00e4m\u00e4 on hyv\u00e4 p\u00e4\u00e4t\u00f6s kaikille, erityisesti asiakkaille\u201d, sanoo Ifolorin toimitusjohtaja Leena Lamminen.<\/p>\n<p>P\u00e4\u00e4t\u00f6kseen vaikutti Eirikuvan tuttu ja perinteinen br\u00e4ndi, joka tunnetaan kotimaisuudestaan. \u201dEirin asiakkaat tulevat ottamaan ifolorin laatutuotteet ja l\u00e4mminhenkisen palvelun ilolla vastaan\u201d, uskoo Leena Lamminen.<\/p>\n<p><strong>Kuvatuotteiden valmistus keskittyy Keravalle<\/strong><\/p>\n<p>Eirikuvan kuvatuotanto p\u00e4\u00e4ttyy. Valokuvien ja kuvatuotteiden valmistus keskittyy Ifolorin huippumoderniin tuotantolaitokseen Keravalle, josta k\u00e4sin palvellaan kotimaisten asiakkaiden lis\u00e4ksi my\u00f6s Ruotsin ja Norjan asiakkaita.<\/p>\n<p>Teknologin kehittyminen kuvatuotteiden valmistuksessa edellytt\u00e4\u00e4 yh\u00e4 isompia tuotantoyksik\u00f6it\u00e4. Eirikuva on perinteik\u00e4s kuva-alan toimija, joka on tuottanut laadukkaita kuvatuotteita Lahdessa jo vuosikymmeni\u00e4. Valokuvavalmistuksen p\u00e4\u00e4tytty\u00e4 Nestholma-yrityskiihdytt\u00e4m\u00f6 jatkaa Eirikuva Oy:n seuraavaa vaihetta kehitt\u00e4en innovatiivisia ratkaisuja muun muassa kuva-alalle.<\/p>\n<p>\u201dSuosittelemme asiakkaitamme k\u00e4ytt\u00e4m\u00e4\u00e4n ifolorin palveluita. Ifolorilla on parhaat edellytykset vastata vaativimpienkin asiakkaidemme vaatimukseen kotimaisesta laadusta ja hyv\u00e4st\u00e4 palvelusta\u201d, vakuuttaa Eirikuva Oy:n toimitusjohtaja Arto Kosunen.<\/p>\n<p>Eirikuvan verkkokaupasta tilaajat ohjataan ifolorille osoitteeseen\u00a0<a href=\"http:\/\/www.ifolor.fi\/\">www.ifolor.fi<\/a><\/p>\n<p><em><strong>Ifolor<\/strong>\u00a0on Suomen markkinajohtaja kuvatuotteiden valmistuksessa. Yritys tunnetaan korkealaatuisista kuvatuotteista ja niiden helppok\u00e4ytt\u00f6isist\u00e4 tilausohjelmista. Ifolorin liikevaihto on 20 miljoonaa euroa ja sen palveluksessa Keravalla ty\u00f6skentelee 90 henkil\u00f6\u00e4. Ifolor kuuluu kahdeksalla markkina-alueella toimivaan Ifolor-konserniin, joka on sveitsil\u00e4inen perheyritys.\u00a0<a href=\"http:\/\/www.ifolor.fi\/\">www.ifolor.fi<\/a><\/em><\/p>\n<p><em>Eirikuva Oy on vuonna 1944 toimintansa aloittanut lahtelainen valokuvausalan yritys. Eirikuva Oy muuttaa toimintansa kokonaan Nestholma-kiihdytt\u00e4m\u00f6ksi, jossa on t\u00e4h\u00e4n menness\u00e4 autettu yli kolmeakymment\u00e4 alkuvaiheen yrityst\u00e4 imaging teknologia- ja palvelualan yrityst\u00e4. Maaliskuun lopussa p\u00e4\u00e4ttyv\u00e4st\u00e4 ohjelmasta tulee nyt 7 eritt\u00e4in lupaavaa teknologia startup -yrityst\u00e4. Kiihdytt\u00e4m\u00f6toiminta tulee nyt teht\u00e4v\u00e4n muutoksen my\u00f6t\u00e4 kasvamaan vahvasti strategisten kumppanien kanssa.\u00a0<\/em><em><a href=\"http:\/\/www.nestholma.com\/\">www.nestholma.com<\/a><\/em><\/p>\n","protected":false},"excerpt":{"rendered":"<p>Suomen suurin yksil\u00f6it\u00e4vien kuvatuotteiden valmistaja Ifolor Oy on ostanut Eirikuva Oy:n tuotemerkit ja verkkotunnukset. Eirikuvan kuvatuotanto Lahdessa p\u00e4\u00e4ttyy ja Eirikuva Oy muuttaa toimintansa kokonaan Nestholma-kiihdytt\u00e4m\u00f6ksi. Kaupan my\u00f6t\u00e4 perinteik\u00e4s Eirikuva-tuotemerkki siirtyy Ifolorin omistukseen, kuten my\u00f6s Eirikuva Oy:n muut tuotemerkit Eirikehys ja Kymppikuva. Jatkossa tuotteet myyd\u00e4\u00e4n ja markkinoidaan ifolor-tuotemerkin alla ja Ifolor palvelee entisi\u00e4 Eirikuvan asiakkaita. \u201dJo [&hellip;]<\/p>\n","protected":false},"author":1,"featured_media":0,"comment_status":"closed","ping_status":"open","sticky":false,"template":"","format":"standard","meta":{"footnotes":""},"categories":[26],"tags":[],"class_list":["post-296","post","type-post","status-publish","format-standard","hentry","category-yleiset-uutiset"],"yoast_head":"<!-- This site is optimized with the Yoast SEO plugin v27.5 - https:\/\/yoast.com\/product\/yoast-seo-wordpress\/ -->\n<title>Eirikuva lopettaa, Ifolor vahvistaa asemaansa - KAMERAT JA OPTISET LAITTEET<\/title>\n<meta name=\"robots\" content=\"index, follow, max-snippet:-1, max-image-preview:large, max-video-preview:-1\" \/>\n<link rel=\"canonical\" href=\"https:\/\/www.victoriamedia.org\/ld\/eirikuva-lopettaa-ifolor-vahvistaa-asemaansa\/\" \/>\n<meta property=\"og:locale\" content=\"en_US\" \/>\n<meta property=\"og:type\" content=\"article\" \/>\n<meta property=\"og:title\" content=\"Eirikuva lopettaa, Ifolor vahvistaa asemaansa - KAMERAT JA OPTISET LAITTEET\" \/>\n<meta property=\"og:description\" content=\"Suomen suurin yksil\u00f6it\u00e4vien kuvatuotteiden valmistaja Ifolor Oy on ostanut Eirikuva Oy:n tuotemerkit ja verkkotunnukset. Eirikuvan kuvatuotanto Lahdessa p\u00e4\u00e4ttyy ja Eirikuva Oy muuttaa toimintansa kokonaan Nestholma-kiihdytt\u00e4m\u00f6ksi. Kaupan my\u00f6t\u00e4 perinteik\u00e4s Eirikuva-tuotemerkki siirtyy Ifolorin omistukseen, kuten my\u00f6s Eirikuva Oy:n muut tuotemerkit Eirikehys ja Kymppikuva. Jatkossa tuotteet myyd\u00e4\u00e4n ja markkinoidaan ifolor-tuotemerkin alla ja Ifolor palvelee entisi\u00e4 Eirikuvan asiakkaita. \u201dJo [&hellip;]\" \/>\n<meta property=\"og:url\" content=\"https:\/\/www.victoriamedia.org\/ld\/eirikuva-lopettaa-ifolor-vahvistaa-asemaansa\/\" \/>\n<meta property=\"og:site_name\" content=\"KAMERAT JA OPTISET LAITTEET\" \/>\n<meta property=\"article:publisher\" content=\"https:\/\/www.facebook.com\/victoriamedia\" \/>\n<meta property=\"article:published_time\" content=\"2014-03-04T11:21:40+00:00\" \/>\n<meta property=\"og:image\" content=\"http:\/\/www.victoriamedia.org\/ld\/wp-content\/uploads\/2014\/03\/903-180x180-medium.jpg\" \/>\n<meta name=\"author\" content=\"Kerttu Vali\" \/>\n<meta name=\"twitter:card\" content=\"summary_large_image\" \/>\n<meta name=\"twitter:creator\" content=\"@uutisparkki\" \/>\n<meta name=\"twitter:site\" content=\"@uutisparkki\" \/>\n<meta name=\"twitter:label1\" content=\"Written by\" \/>\n\t<meta name=\"twitter:data1\" content=\"Kerttu Vali\" \/>\n\t<meta name=\"twitter:label2\" content=\"Est. reading time\" \/>\n\t<meta name=\"twitter:data2\" content=\"2 minutes\" \/>\n<script type=\"application\/ld+json\" class=\"yoast-schema-graph\">{\"@context\":\"https:\\\/\\\/schema.org\",\"@graph\":[{\"@type\":\"Article\",\"@id\":\"https:\\\/\\\/www.victoriamedia.org\\\/ld\\\/eirikuva-lopettaa-ifolor-vahvistaa-asemaansa\\\/#article\",\"isPartOf\":{\"@id\":\"https:\\\/\\\/www.victoriamedia.org\\\/ld\\\/eirikuva-lopettaa-ifolor-vahvistaa-asemaansa\\\/\"},\"author\":{\"name\":\"Kerttu Vali\",\"@id\":\"https:\\\/\\\/www.victoriamedia.org\\\/ld\\\/#\\\/schema\\\/person\\\/a2e166f07bdda8a5ef0506501655c9ac\"},\"headline\":\"Eirikuva lopettaa, Ifolor vahvistaa asemaansa\",\"datePublished\":\"2014-03-04T11:21:40+00:00\",\"mainEntityOfPage\":{\"@id\":\"https:\\\/\\\/www.victoriamedia.org\\\/ld\\\/eirikuva-lopettaa-ifolor-vahvistaa-asemaansa\\\/\"},\"wordCount\":356,\"publisher\":{\"@id\":\"https:\\\/\\\/www.victoriamedia.org\\\/ld\\\/#organization\"},\"image\":{\"@id\":\"https:\\\/\\\/www.victoriamedia.org\\\/ld\\\/eirikuva-lopettaa-ifolor-vahvistaa-asemaansa\\\/#primaryimage\"},\"thumbnailUrl\":\"http:\\\/\\\/www.victoriamedia.org\\\/ld\\\/wp-content\\\/uploads\\\/2014\\\/03\\\/903-180x180-medium.jpg\",\"articleSection\":[\"Yleiset uutiset\"],\"inLanguage\":\"en-US\"},{\"@type\":\"WebPage\",\"@id\":\"https:\\\/\\\/www.victoriamedia.org\\\/ld\\\/eirikuva-lopettaa-ifolor-vahvistaa-asemaansa\\\/\",\"url\":\"https:\\\/\\\/www.victoriamedia.org\\\/ld\\\/eirikuva-lopettaa-ifolor-vahvistaa-asemaansa\\\/\",\"name\":\"Eirikuva lopettaa, Ifolor vahvistaa asemaansa - KAMERAT JA OPTISET LAITTEET\",\"isPartOf\":{\"@id\":\"https:\\\/\\\/www.victoriamedia.org\\\/ld\\\/#website\"},\"primaryImageOfPage\":{\"@id\":\"https:\\\/\\\/www.victoriamedia.org\\\/ld\\\/eirikuva-lopettaa-ifolor-vahvistaa-asemaansa\\\/#primaryimage\"},\"image\":{\"@id\":\"https:\\\/\\\/www.victoriamedia.org\\\/ld\\\/eirikuva-lopettaa-ifolor-vahvistaa-asemaansa\\\/#primaryimage\"},\"thumbnailUrl\":\"http:\\\/\\\/www.victoriamedia.org\\\/ld\\\/wp-content\\\/uploads\\\/2014\\\/03\\\/903-180x180-medium.jpg\",\"datePublished\":\"2014-03-04T11:21:40+00:00\",\"breadcrumb\":{\"@id\":\"https:\\\/\\\/www.victoriamedia.org\\\/ld\\\/eirikuva-lopettaa-ifolor-vahvistaa-asemaansa\\\/#breadcrumb\"},\"inLanguage\":\"en-US\",\"potentialAction\":[{\"@type\":\"ReadAction\",\"target\":[\"https:\\\/\\\/www.victoriamedia.org\\\/ld\\\/eirikuva-lopettaa-ifolor-vahvistaa-asemaansa\\\/\"]}]},{\"@type\":\"ImageObject\",\"inLanguage\":\"en-US\",\"@id\":\"https:\\\/\\\/www.victoriamedia.org\\\/ld\\\/eirikuva-lopettaa-ifolor-vahvistaa-asemaansa\\\/#primaryimage\",\"url\":\"https:\\\/\\\/www.victoriamedia.org\\\/ld\\\/wp-content\\\/uploads\\\/2014\\\/03\\\/903-180x180-medium.jpg\",\"contentUrl\":\"https:\\\/\\\/www.victoriamedia.org\\\/ld\\\/wp-content\\\/uploads\\\/2014\\\/03\\\/903-180x180-medium.jpg\",\"width\":96,\"height\":96},{\"@type\":\"BreadcrumbList\",\"@id\":\"https:\\\/\\\/www.victoriamedia.org\\\/ld\\\/eirikuva-lopettaa-ifolor-vahvistaa-asemaansa\\\/#breadcrumb\",\"itemListElement\":[{\"@type\":\"ListItem\",\"position\":1,\"name\":\"Home\",\"item\":\"https:\\\/\\\/www.victoriamedia.org\\\/ld\\\/\"},{\"@type\":\"ListItem\",\"position\":2,\"name\":\"Eirikuva lopettaa, Ifolor vahvistaa asemaansa\"}]},{\"@type\":\"WebSite\",\"@id\":\"https:\\\/\\\/www.victoriamedia.org\\\/ld\\\/#website\",\"url\":\"https:\\\/\\\/www.victoriamedia.org\\\/ld\\\/\",\"name\":\"KAMERAT JA OPTISET LAITTEET\",\"description\":\"Kamerat Kiikarit ja optiset tarvikkeet\",\"publisher\":{\"@id\":\"https:\\\/\\\/www.victoriamedia.org\\\/ld\\\/#organization\"},\"potentialAction\":[{\"@type\":\"SearchAction\",\"target\":{\"@type\":\"EntryPoint\",\"urlTemplate\":\"https:\\\/\\\/www.victoriamedia.org\\\/ld\\\/?s={search_term_string}\"},\"query-input\":{\"@type\":\"PropertyValueSpecification\",\"valueRequired\":true,\"valueName\":\"search_term_string\"}}],\"inLanguage\":\"en-US\"},{\"@type\":\"Organization\",\"@id\":\"https:\\\/\\\/www.victoriamedia.org\\\/ld\\\/#organization\",\"name\":\"Victoria Media - Kamerauutiset\",\"url\":\"https:\\\/\\\/www.victoriamedia.org\\\/ld\\\/\",\"logo\":{\"@type\":\"ImageObject\",\"inLanguage\":\"en-US\",\"@id\":\"https:\\\/\\\/www.victoriamedia.org\\\/ld\\\/#\\\/schema\\\/logo\\\/image\\\/\",\"url\":\"https:\\\/\\\/www.victoriamedia.org\\\/ld\\\/wp-content\\\/uploads\\\/2022\\\/09\\\/292179098_555417722694101_2682724033383846896_n.png\",\"contentUrl\":\"https:\\\/\\\/www.victoriamedia.org\\\/ld\\\/wp-content\\\/uploads\\\/2022\\\/09\\\/292179098_555417722694101_2682724033383846896_n.png\",\"width\":215,\"height\":165,\"caption\":\"Victoria Media - Kamerauutiset\"},\"image\":{\"@id\":\"https:\\\/\\\/www.victoriamedia.org\\\/ld\\\/#\\\/schema\\\/logo\\\/image\\\/\"},\"sameAs\":[\"https:\\\/\\\/www.facebook.com\\\/victoriamedia\",\"https:\\\/\\\/x.com\\\/uutisparkki\"]},{\"@type\":\"Person\",\"@id\":\"https:\\\/\\\/www.victoriamedia.org\\\/ld\\\/#\\\/schema\\\/person\\\/a2e166f07bdda8a5ef0506501655c9ac\",\"name\":\"Kerttu Vali\",\"image\":{\"@type\":\"ImageObject\",\"inLanguage\":\"en-US\",\"@id\":\"https:\\\/\\\/secure.gravatar.com\\\/avatar\\\/62dbe1a847f655ad987c59fece23f885c4b0e7b06595c36d9597003852972217?s=96&d=mm&r=g\",\"url\":\"https:\\\/\\\/secure.gravatar.com\\\/avatar\\\/62dbe1a847f655ad987c59fece23f885c4b0e7b06595c36d9597003852972217?s=96&d=mm&r=g\",\"contentUrl\":\"https:\\\/\\\/secure.gravatar.com\\\/avatar\\\/62dbe1a847f655ad987c59fece23f885c4b0e7b06595c36d9597003852972217?s=96&d=mm&r=g\",\"caption\":\"Kerttu Vali\"},\"sameAs\":[\"http:\\\/\\\/www.victoriamedia.fi\\\/\"],\"url\":\"https:\\\/\\\/www.victoriamedia.org\\\/ld\\\/author\\\/kerttuvali\\\/\"}]}<\/script>\n<!-- \/ Yoast SEO plugin. -->","yoast_head_json":{"title":"Eirikuva lopettaa, Ifolor vahvistaa asemaansa - KAMERAT JA OPTISET LAITTEET","robots":{"index":"index","follow":"follow","max-snippet":"max-snippet:-1","max-image-preview":"max-image-preview:large","max-video-preview":"max-video-preview:-1"},"canonical":"https:\/\/www.victoriamedia.org\/ld\/eirikuva-lopettaa-ifolor-vahvistaa-asemaansa\/","og_locale":"en_US","og_type":"article","og_title":"Eirikuva lopettaa, Ifolor vahvistaa asemaansa - KAMERAT JA OPTISET LAITTEET","og_description":"Suomen suurin yksil\u00f6it\u00e4vien kuvatuotteiden valmistaja Ifolor Oy on ostanut Eirikuva Oy:n tuotemerkit ja verkkotunnukset. Eirikuvan kuvatuotanto Lahdessa p\u00e4\u00e4ttyy ja Eirikuva Oy muuttaa toimintansa kokonaan Nestholma-kiihdytt\u00e4m\u00f6ksi. Kaupan my\u00f6t\u00e4 perinteik\u00e4s Eirikuva-tuotemerkki siirtyy Ifolorin omistukseen, kuten my\u00f6s Eirikuva Oy:n muut tuotemerkit Eirikehys ja Kymppikuva. Jatkossa tuotteet myyd\u00e4\u00e4n ja markkinoidaan ifolor-tuotemerkin alla ja Ifolor palvelee entisi\u00e4 Eirikuvan asiakkaita. \u201dJo [&hellip;]","og_url":"https:\/\/www.victoriamedia.org\/ld\/eirikuva-lopettaa-ifolor-vahvistaa-asemaansa\/","og_site_name":"KAMERAT JA OPTISET LAITTEET","article_publisher":"https:\/\/www.facebook.com\/victoriamedia","article_published_time":"2014-03-04T11:21:40+00:00","og_image":[{"url":"http:\/\/www.victoriamedia.org\/ld\/wp-content\/uploads\/2014\/03\/903-180x180-medium.jpg","type":"","width":"","height":""}],"author":"Kerttu Vali","twitter_card":"summary_large_image","twitter_creator":"@uutisparkki","twitter_site":"@uutisparkki","twitter_misc":{"Written by":"Kerttu Vali","Est. reading time":"2 minutes"},"schema":{"@context":"https:\/\/schema.org","@graph":[{"@type":"Article","@id":"https:\/\/www.victoriamedia.org\/ld\/eirikuva-lopettaa-ifolor-vahvistaa-asemaansa\/#article","isPartOf":{"@id":"https:\/\/www.victoriamedia.org\/ld\/eirikuva-lopettaa-ifolor-vahvistaa-asemaansa\/"},"author":{"name":"Kerttu Vali","@id":"https:\/\/www.victoriamedia.org\/ld\/#\/schema\/person\/a2e166f07bdda8a5ef0506501655c9ac"},"headline":"Eirikuva lopettaa, Ifolor vahvistaa asemaansa","datePublished":"2014-03-04T11:21:40+00:00","mainEntityOfPage":{"@id":"https:\/\/www.victoriamedia.org\/ld\/eirikuva-lopettaa-ifolor-vahvistaa-asemaansa\/"},"wordCount":356,"publisher":{"@id":"https:\/\/www.victoriamedia.org\/ld\/#organization"},"image":{"@id":"https:\/\/www.victoriamedia.org\/ld\/eirikuva-lopettaa-ifolor-vahvistaa-asemaansa\/#primaryimage"},"thumbnailUrl":"http:\/\/www.victoriamedia.org\/ld\/wp-content\/uploads\/2014\/03\/903-180x180-medium.jpg","articleSection":["Yleiset uutiset"],"inLanguage":"en-US"},{"@type":"WebPage","@id":"https:\/\/www.victoriamedia.org\/ld\/eirikuva-lopettaa-ifolor-vahvistaa-asemaansa\/","url":"https:\/\/www.victoriamedia.org\/ld\/eirikuva-lopettaa-ifolor-vahvistaa-asemaansa\/","name":"Eirikuva lopettaa, Ifolor vahvistaa asemaansa - KAMERAT JA OPTISET LAITTEET","isPartOf":{"@id":"https:\/\/www.victoriamedia.org\/ld\/#website"},"primaryImageOfPage":{"@id":"https:\/\/www.victoriamedia.org\/ld\/eirikuva-lopettaa-ifolor-vahvistaa-asemaansa\/#primaryimage"},"image":{"@id":"https:\/\/www.victoriamedia.org\/ld\/eirikuva-lopettaa-ifolor-vahvistaa-asemaansa\/#primaryimage"},"thumbnailUrl":"http:\/\/www.victoriamedia.org\/ld\/wp-content\/uploads\/2014\/03\/903-180x180-medium.jpg","datePublished":"2014-03-04T11:21:40+00:00","breadcrumb":{"@id":"https:\/\/www.victoriamedia.org\/ld\/eirikuva-lopettaa-ifolor-vahvistaa-asemaansa\/#breadcrumb"},"inLanguage":"en-US","potentialAction":[{"@type":"ReadAction","target":["https:\/\/www.victoriamedia.org\/ld\/eirikuva-lopettaa-ifolor-vahvistaa-asemaansa\/"]}]},{"@type":"ImageObject","inLanguage":"en-US","@id":"https:\/\/www.victoriamedia.org\/ld\/eirikuva-lopettaa-ifolor-vahvistaa-asemaansa\/#primaryimage","url":"https:\/\/www.victoriamedia.org\/ld\/wp-content\/uploads\/2014\/03\/903-180x180-medium.jpg","contentUrl":"https:\/\/www.victoriamedia.org\/ld\/wp-content\/uploads\/2014\/03\/903-180x180-medium.jpg","width":96,"height":96},{"@type":"BreadcrumbList","@id":"https:\/\/www.victoriamedia.org\/ld\/eirikuva-lopettaa-ifolor-vahvistaa-asemaansa\/#breadcrumb","itemListElement":[{"@type":"ListItem","position":1,"name":"Home","item":"https:\/\/www.victoriamedia.org\/ld\/"},{"@type":"ListItem","position":2,"name":"Eirikuva lopettaa, Ifolor vahvistaa asemaansa"}]},{"@type":"WebSite","@id":"https:\/\/www.victoriamedia.org\/ld\/#website","url":"https:\/\/www.victoriamedia.org\/ld\/","name":"KAMERAT JA OPTISET LAITTEET","description":"Kamerat Kiikarit ja optiset tarvikkeet","publisher":{"@id":"https:\/\/www.victoriamedia.org\/ld\/#organization"},"potentialAction":[{"@type":"SearchAction","target":{"@type":"EntryPoint","urlTemplate":"https:\/\/www.victoriamedia.org\/ld\/?s={search_term_string}"},"query-input":{"@type":"PropertyValueSpecification","valueRequired":true,"valueName":"search_term_string"}}],"inLanguage":"en-US"},{"@type":"Organization","@id":"https:\/\/www.victoriamedia.org\/ld\/#organization","name":"Victoria Media - Kamerauutiset","url":"https:\/\/www.victoriamedia.org\/ld\/","logo":{"@type":"ImageObject","inLanguage":"en-US","@id":"https:\/\/www.victoriamedia.org\/ld\/#\/schema\/logo\/image\/","url":"https:\/\/www.victoriamedia.org\/ld\/wp-content\/uploads\/2022\/09\/292179098_555417722694101_2682724033383846896_n.png","contentUrl":"https:\/\/www.victoriamedia.org\/ld\/wp-content\/uploads\/2022\/09\/292179098_555417722694101_2682724033383846896_n.png","width":215,"height":165,"caption":"Victoria Media - Kamerauutiset"},"image":{"@id":"https:\/\/www.victoriamedia.org\/ld\/#\/schema\/logo\/image\/"},"sameAs":["https:\/\/www.facebook.com\/victoriamedia","https:\/\/x.com\/uutisparkki"]},{"@type":"Person","@id":"https:\/\/www.victoriamedia.org\/ld\/#\/schema\/person\/a2e166f07bdda8a5ef0506501655c9ac","name":"Kerttu Vali","image":{"@type":"ImageObject","inLanguage":"en-US","@id":"https:\/\/secure.gravatar.com\/avatar\/62dbe1a847f655ad987c59fece23f885c4b0e7b06595c36d9597003852972217?s=96&d=mm&r=g","url":"https:\/\/secure.gravatar.com\/avatar\/62dbe1a847f655ad987c59fece23f885c4b0e7b06595c36d9597003852972217?s=96&d=mm&r=g","contentUrl":"https:\/\/secure.gravatar.com\/avatar\/62dbe1a847f655ad987c59fece23f885c4b0e7b06595c36d9597003852972217?s=96&d=mm&r=g","caption":"Kerttu Vali"},"sameAs":["http:\/\/www.victoriamedia.fi\/"],"url":"https:\/\/www.victoriamedia.org\/ld\/author\/kerttuvali\/"}]}},"_links":{"self":[{"href":"https:\/\/www.victoriamedia.org\/ld\/wp-json\/wp\/v2\/posts\/296","targetHints":{"allow":["GET"]}}],"collection":[{"href":"https:\/\/www.victoriamedia.org\/ld\/wp-json\/wp\/v2\/posts"}],"about":[{"href":"https:\/\/www.victoriamedia.org\/ld\/wp-json\/wp\/v2\/types\/post"}],"author":[{"embeddable":true,"href":"https:\/\/www.victoriamedia.org\/ld\/wp-json\/wp\/v2\/users\/1"}],"replies":[{"embeddable":true,"href":"https:\/\/www.victoriamedia.org\/ld\/wp-json\/wp\/v2\/comments?post=296"}],"version-history":[{"count":1,"href":"https:\/\/www.victoriamedia.org\/ld\/wp-json\/wp\/v2\/posts\/296\/revisions"}],"predecessor-version":[{"id":298,"href":"https:\/\/www.victoriamedia.org\/ld\/wp-json\/wp\/v2\/posts\/296\/revisions\/298"}],"wp:attachment":[{"href":"https:\/\/www.victoriamedia.org\/ld\/wp-json\/wp\/v2\/media?parent=296"}],"wp:term":[{"taxonomy":"category","embeddable":true,"href":"https:\/\/www.victoriamedia.org\/ld\/wp-json\/wp\/v2\/categories?post=296"},{"taxonomy":"post_tag","embeddable":true,"href":"https:\/\/www.victoriamedia.org\/ld\/wp-json\/wp\/v2\/tags?post=296"}],"curies":[{"name":"wp","href":"https:\/\/api.w.org\/{rel}","templated":true}]}}