{"id":270,"date":"2014-02-07T10:58:56","date_gmt":"2014-02-07T10:58:56","guid":{"rendered":"http:\/\/www.victoriamedia.org\/ld\/?p=270"},"modified":"2014-02-07T10:58:56","modified_gmt":"2014-02-07T10:58:56","slug":"ricoh-julkaisee-uusia-tuotteita-seka-omalla-etta-pentax-nimella","status":"publish","type":"post","link":"https:\/\/www.victoriamedia.org\/ld\/ricoh-julkaisee-uusia-tuotteita-seka-omalla-etta-pentax-nimella\/","title":{"rendered":"Ricoh julkaisee uusia tuotteita sek\u00e4 omalla ett\u00e4 Pentax-nimell\u00e4"},"content":{"rendered":"<p><a href=\"http:\/\/www.victoriamedia.org\/ld\/wp-content\/uploads\/2014\/02\/print_yKRMEoOiWI.jpg\"><img loading=\"lazy\" decoding=\"async\" class=\"alignnone  wp-image-271\" alt=\"print_yKRMEoOiWI\" src=\"http:\/\/www.victoriamedia.org\/ld\/wp-content\/uploads\/2014\/02\/print_yKRMEoOiWI-1024x686.jpg\" width=\"472\" height=\"316\" srcset=\"https:\/\/www.victoriamedia.org\/ld\/wp-content\/uploads\/2014\/02\/print_yKRMEoOiWI-1024x686.jpg 1024w, https:\/\/www.victoriamedia.org\/ld\/wp-content\/uploads\/2014\/02\/print_yKRMEoOiWI-300x201.jpg 300w\" sizes=\"auto, (max-width: 472px) 100vw, 472px\" \/><\/a><\/p>\n<p><b>Pentax j\u00e4rjestelm\u00e4kameran omistajille julkaistaan vihdoin kauan odotettu ja luvattu uutuus, 1,4x telejatke s\u00e4\u00e4suojauksella ja automaattitarkennuksella. Samalla julkaistaan kolme uutta vesitiivist\u00e4 kompaktikameraa, Ricoh WG-4, WG-4 GPS ja WG-20.<\/b><\/p>\n<p><b>HD Pentax-DA AF Rear Converter 1,4X AW<\/b><\/p>\n<p>Kiinnitt\u00e4m\u00e4ll\u00e4 telejatkeen kameran ja objektiivin v\u00e4liin saa polttov\u00e4lin pidennetty\u00e4 1,4-kertaiseksi. Polttov\u00e4lin kasvaessa tarkennuset\u00e4isyys s\u00e4ilyy kuitenkin samana, mik\u00e4 antaa objektiiville uusia k\u00e4ytt\u00f6mahdollisuuksia. Telejatkeen k\u00e4ytt\u00e4minen v\u00e4hent\u00e4\u00e4 kuitenkin objektiivin valovoimaa, t\u00e4ss\u00e4 tapauksessa yhden aukkoarvon verran.<\/p>\n<p>Kuten useimmat Pentax-objektiivit on uusi telejatke my\u00f6s s\u00e4\u00e4nkest\u00e4v\u00e4.<\/p>\n<p><b>Automaattitarkenteinen<\/b><\/p>\n<p>Uusi telejatke on Pentaxin ensimm\u00e4inen t\u00e4ytt\u00e4 automaattitarkennusta tukeva objektiivilis\u00e4ke, joka toimii sek\u00e4 kameran tarkennusmoottorilla ett\u00e4 objektiivien sis\u00e4\u00e4nrakennetuilla moottoreilla (esimerkiksi SDM- &amp; DC-objektiivit).**<\/p>\n<p>** Kamerassa t\u00e4ytyy olla uusin ohjelmisto ja objektiivin valovoiman t\u00e4ytyy olla v\u00e4hint\u00e4\u00e4n f\/4,0, jotta automaattitarkennus toimii. Yhteensopivat kamerat: K-3, K-50, K-500, K-30, K-5 II, K-5 IIs, K-5, K-01, K-7 ja K-r.<\/p>\n<p><b>Kuvanlaatu ja optinen rakenne<\/b><\/p>\n<p>Telejatkeella on sama korkea optinen laatu, josta Pentaxin objektiivit ovat kuuluisia. Siin\u00e4 on my\u00f6s viimeisint\u00e4 teknologiaa oleva antireflex-k\u00e4sittely, Pentax HD-pinnoite.<\/p>\n<p><b>Hinta ja saatavuus<\/b><\/p>\n<p>Pentax Rear Converter 1,4x toimitukset alkavat helmikuussa ja sen hinta on noin 500 euroa.<\/p>\n<p><b>Uudet vesitiiviit kompaktikamerat<\/b><\/p>\n<p>Vesitiiviit kompaktikamerat p\u00e4ivittyv\u00e4t yleens\u00e4 uusiin malleihin kev\u00e4\u00e4ll\u00e4. T\u00e4n\u00e4 vuonna julkaistaan kolme uutta mallia: Ricoh WG-4, WG-4 GPS ja WG-20. Kaikki pohjautuvat yrityksen vuoden 2013 menestysmalleihin. N\u00e4iden mallien my\u00f6t\u00e4 Pentax-nimi tulee j\u00e4\u00e4m\u00e4\u00e4n kokonaan pois kompaktikameroissa ja nime\u00e4 tullaan k\u00e4ytt\u00e4m\u00e4\u00e4n jatkossa ainoastaan j\u00e4rjestelm\u00e4kameroissa.<\/p>\n<p><b>WG-4 &amp; WG-4 GPS<\/b><\/p>\n<p>Saman kameran kaksi eri versiota, GPS:ll\u00e4 ja ilman. Molemmat ovat vesitiiviit\u00e4 14 metriin asti (jopa 2 tuntia, joka vastaa IPX8- ja JIS Class8 \u2013standardeja) ja kest\u00e4v\u00e4t pudotuksen kahdesta metrist\u00e4.<\/p>\n<p>Uudelleen suunnitellussa objektiivissa on nelinkertainen zoom (polttov\u00e4lin kinovastaavuus 25-100mm) ja valovoima F\/2,0. Samalla julkaistaan uusia lis\u00e4varusteita actionkuvaajille. Kamera tallentaa videota Full-HD \u2013formaatissa (1920&#215;1080).<\/p>\n<p>Uusi vedenalaistila parantaa huomattavasti v\u00e4rien toistoa veden alla, sek\u00e4 valokuvauksessa ett\u00e4 videoinnissa. Kehutut objektiivin ymp\u00e4rill\u00e4 olevia led-valoja hy\u00f6dynt\u00e4v\u00e4t makro- ja mikroskooppitoiminnot, l\u00f6ytyv\u00e4t edelleen uusista malleista.<\/p>\n<p>WG-4 GPS \u2013malli n\u00e4ytt\u00e4\u00e4 tavanomaisen GPS-tiedon lis\u00e4ksi my\u00f6s paineen, korkeuden ja syvyyden.<\/p>\n<p><b>WG-20<\/b><\/p>\n<p>Yksinkertaisempi ja edullisempi malli, joka on kuitenkin t\u00e4ydellinen kamera mukaan hiekkarannoille tai laskettelurinteeseen. WG-20 on vesitiivis kymmeneen metriin asti ja kest\u00e4\u00e4 pudotuksen 1,5 metrist\u00e4.<\/p>\n<p><b>Hinta ja saatavuus<\/b><\/p>\n<p>Ricoh WG-4, WG-4 GPS ja WG-20 toimitukset alkavat maaliskuussa.<\/p>\n<p>Ricoh WG-4, hinta noin: 330 euroa<\/p>\n<p>Ricoh WG-4 GPS, hinta noin: 380 euroa<\/p>\n<p>Ricoh WG-20, hinta noin: 230 euroa<\/p>\n","protected":false},"excerpt":{"rendered":"<p>Pentax j\u00e4rjestelm\u00e4kameran omistajille julkaistaan vihdoin kauan odotettu ja luvattu uutuus, 1,4x telejatke s\u00e4\u00e4suojauksella ja automaattitarkennuksella. Samalla julkaistaan kolme uutta vesitiivist\u00e4 kompaktikameraa, Ricoh WG-4, WG-4 GPS ja WG-20. HD Pentax-DA AF Rear Converter 1,4X AW Kiinnitt\u00e4m\u00e4ll\u00e4 telejatkeen kameran ja objektiivin v\u00e4liin saa polttov\u00e4lin pidennetty\u00e4 1,4-kertaiseksi. Polttov\u00e4lin kasvaessa tarkennuset\u00e4isyys s\u00e4ilyy kuitenkin samana, mik\u00e4 antaa objektiiville uusia k\u00e4ytt\u00f6mahdollisuuksia. [&hellip;]<\/p>\n","protected":false},"author":1,"featured_media":0,"comment_status":"closed","ping_status":"open","sticky":false,"template":"","format":"standard","meta":{"footnotes":""},"categories":[24,10,26],"tags":[],"class_list":["post-270","post","type-post","status-publish","format-standard","hentry","category-kamerat","category-objektiivit","category-yleiset-uutiset"],"yoast_head":"<!-- This site is optimized with the Yoast SEO plugin v27.5 - https:\/\/yoast.com\/product\/yoast-seo-wordpress\/ -->\n<title>Ricoh julkaisee uusia tuotteita sek\u00e4 omalla ett\u00e4 Pentax-nimell\u00e4 - KAMERAT JA OPTISET LAITTEET<\/title>\n<meta name=\"robots\" content=\"index, follow, max-snippet:-1, max-image-preview:large, max-video-preview:-1\" \/>\n<link rel=\"canonical\" href=\"https:\/\/www.victoriamedia.org\/ld\/ricoh-julkaisee-uusia-tuotteita-seka-omalla-etta-pentax-nimella\/\" \/>\n<meta property=\"og:locale\" content=\"en_US\" \/>\n<meta property=\"og:type\" content=\"article\" \/>\n<meta property=\"og:title\" content=\"Ricoh julkaisee uusia tuotteita sek\u00e4 omalla ett\u00e4 Pentax-nimell\u00e4 - KAMERAT JA OPTISET LAITTEET\" \/>\n<meta property=\"og:description\" content=\"Pentax j\u00e4rjestelm\u00e4kameran omistajille julkaistaan vihdoin kauan odotettu ja luvattu uutuus, 1,4x telejatke s\u00e4\u00e4suojauksella ja automaattitarkennuksella. Samalla julkaistaan kolme uutta vesitiivist\u00e4 kompaktikameraa, Ricoh WG-4, WG-4 GPS ja WG-20. HD Pentax-DA AF Rear Converter 1,4X AW Kiinnitt\u00e4m\u00e4ll\u00e4 telejatkeen kameran ja objektiivin v\u00e4liin saa polttov\u00e4lin pidennetty\u00e4 1,4-kertaiseksi. Polttov\u00e4lin kasvaessa tarkennuset\u00e4isyys s\u00e4ilyy kuitenkin samana, mik\u00e4 antaa objektiiville uusia k\u00e4ytt\u00f6mahdollisuuksia. [&hellip;]\" \/>\n<meta property=\"og:url\" content=\"https:\/\/www.victoriamedia.org\/ld\/ricoh-julkaisee-uusia-tuotteita-seka-omalla-etta-pentax-nimella\/\" \/>\n<meta property=\"og:site_name\" content=\"KAMERAT JA OPTISET LAITTEET\" \/>\n<meta property=\"article:publisher\" content=\"https:\/\/www.facebook.com\/victoriamedia\" \/>\n<meta property=\"article:published_time\" content=\"2014-02-07T10:58:56+00:00\" \/>\n<meta property=\"og:image\" content=\"http:\/\/www.victoriamedia.org\/ld\/wp-content\/uploads\/2014\/02\/print_yKRMEoOiWI-1024x686.jpg\" \/>\n<meta name=\"author\" content=\"Kerttu Vali\" \/>\n<meta name=\"twitter:card\" content=\"summary_large_image\" \/>\n<meta name=\"twitter:creator\" content=\"@uutisparkki\" \/>\n<meta name=\"twitter:site\" content=\"@uutisparkki\" \/>\n<meta name=\"twitter:label1\" content=\"Written by\" \/>\n\t<meta name=\"twitter:data1\" content=\"Kerttu Vali\" \/>\n\t<meta name=\"twitter:label2\" content=\"Est. reading time\" \/>\n\t<meta name=\"twitter:data2\" content=\"2 minutes\" \/>\n<script type=\"application\/ld+json\" class=\"yoast-schema-graph\">{\"@context\":\"https:\\\/\\\/schema.org\",\"@graph\":[{\"@type\":\"Article\",\"@id\":\"https:\\\/\\\/www.victoriamedia.org\\\/ld\\\/ricoh-julkaisee-uusia-tuotteita-seka-omalla-etta-pentax-nimella\\\/#article\",\"isPartOf\":{\"@id\":\"https:\\\/\\\/www.victoriamedia.org\\\/ld\\\/ricoh-julkaisee-uusia-tuotteita-seka-omalla-etta-pentax-nimella\\\/\"},\"author\":{\"name\":\"Kerttu Vali\",\"@id\":\"https:\\\/\\\/www.victoriamedia.org\\\/ld\\\/#\\\/schema\\\/person\\\/a2e166f07bdda8a5ef0506501655c9ac\"},\"headline\":\"Ricoh julkaisee uusia tuotteita sek\u00e4 omalla ett\u00e4 Pentax-nimell\u00e4\",\"datePublished\":\"2014-02-07T10:58:56+00:00\",\"mainEntityOfPage\":{\"@id\":\"https:\\\/\\\/www.victoriamedia.org\\\/ld\\\/ricoh-julkaisee-uusia-tuotteita-seka-omalla-etta-pentax-nimella\\\/\"},\"wordCount\":421,\"publisher\":{\"@id\":\"https:\\\/\\\/www.victoriamedia.org\\\/ld\\\/#organization\"},\"image\":{\"@id\":\"https:\\\/\\\/www.victoriamedia.org\\\/ld\\\/ricoh-julkaisee-uusia-tuotteita-seka-omalla-etta-pentax-nimella\\\/#primaryimage\"},\"thumbnailUrl\":\"http:\\\/\\\/www.victoriamedia.org\\\/ld\\\/wp-content\\\/uploads\\\/2014\\\/02\\\/print_yKRMEoOiWI-1024x686.jpg\",\"articleSection\":[\"Kamerat\",\"Objektiivit\",\"Yleiset uutiset\"],\"inLanguage\":\"en-US\"},{\"@type\":\"WebPage\",\"@id\":\"https:\\\/\\\/www.victoriamedia.org\\\/ld\\\/ricoh-julkaisee-uusia-tuotteita-seka-omalla-etta-pentax-nimella\\\/\",\"url\":\"https:\\\/\\\/www.victoriamedia.org\\\/ld\\\/ricoh-julkaisee-uusia-tuotteita-seka-omalla-etta-pentax-nimella\\\/\",\"name\":\"Ricoh julkaisee uusia tuotteita sek\u00e4 omalla ett\u00e4 Pentax-nimell\u00e4 - KAMERAT JA OPTISET LAITTEET\",\"isPartOf\":{\"@id\":\"https:\\\/\\\/www.victoriamedia.org\\\/ld\\\/#website\"},\"primaryImageOfPage\":{\"@id\":\"https:\\\/\\\/www.victoriamedia.org\\\/ld\\\/ricoh-julkaisee-uusia-tuotteita-seka-omalla-etta-pentax-nimella\\\/#primaryimage\"},\"image\":{\"@id\":\"https:\\\/\\\/www.victoriamedia.org\\\/ld\\\/ricoh-julkaisee-uusia-tuotteita-seka-omalla-etta-pentax-nimella\\\/#primaryimage\"},\"thumbnailUrl\":\"http:\\\/\\\/www.victoriamedia.org\\\/ld\\\/wp-content\\\/uploads\\\/2014\\\/02\\\/print_yKRMEoOiWI-1024x686.jpg\",\"datePublished\":\"2014-02-07T10:58:56+00:00\",\"breadcrumb\":{\"@id\":\"https:\\\/\\\/www.victoriamedia.org\\\/ld\\\/ricoh-julkaisee-uusia-tuotteita-seka-omalla-etta-pentax-nimella\\\/#breadcrumb\"},\"inLanguage\":\"en-US\",\"potentialAction\":[{\"@type\":\"ReadAction\",\"target\":[\"https:\\\/\\\/www.victoriamedia.org\\\/ld\\\/ricoh-julkaisee-uusia-tuotteita-seka-omalla-etta-pentax-nimella\\\/\"]}]},{\"@type\":\"ImageObject\",\"inLanguage\":\"en-US\",\"@id\":\"https:\\\/\\\/www.victoriamedia.org\\\/ld\\\/ricoh-julkaisee-uusia-tuotteita-seka-omalla-etta-pentax-nimella\\\/#primaryimage\",\"url\":\"https:\\\/\\\/www.victoriamedia.org\\\/ld\\\/wp-content\\\/uploads\\\/2014\\\/02\\\/print_yKRMEoOiWI.jpg\",\"contentUrl\":\"https:\\\/\\\/www.victoriamedia.org\\\/ld\\\/wp-content\\\/uploads\\\/2014\\\/02\\\/print_yKRMEoOiWI.jpg\",\"width\":2894,\"height\":1940},{\"@type\":\"BreadcrumbList\",\"@id\":\"https:\\\/\\\/www.victoriamedia.org\\\/ld\\\/ricoh-julkaisee-uusia-tuotteita-seka-omalla-etta-pentax-nimella\\\/#breadcrumb\",\"itemListElement\":[{\"@type\":\"ListItem\",\"position\":1,\"name\":\"Home\",\"item\":\"https:\\\/\\\/www.victoriamedia.org\\\/ld\\\/\"},{\"@type\":\"ListItem\",\"position\":2,\"name\":\"Ricoh julkaisee uusia tuotteita sek\u00e4 omalla ett\u00e4 Pentax-nimell\u00e4\"}]},{\"@type\":\"WebSite\",\"@id\":\"https:\\\/\\\/www.victoriamedia.org\\\/ld\\\/#website\",\"url\":\"https:\\\/\\\/www.victoriamedia.org\\\/ld\\\/\",\"name\":\"KAMERAT JA OPTISET LAITTEET\",\"description\":\"Kamerat Kiikarit ja optiset tarvikkeet\",\"publisher\":{\"@id\":\"https:\\\/\\\/www.victoriamedia.org\\\/ld\\\/#organization\"},\"potentialAction\":[{\"@type\":\"SearchAction\",\"target\":{\"@type\":\"EntryPoint\",\"urlTemplate\":\"https:\\\/\\\/www.victoriamedia.org\\\/ld\\\/?s={search_term_string}\"},\"query-input\":{\"@type\":\"PropertyValueSpecification\",\"valueRequired\":true,\"valueName\":\"search_term_string\"}}],\"inLanguage\":\"en-US\"},{\"@type\":\"Organization\",\"@id\":\"https:\\\/\\\/www.victoriamedia.org\\\/ld\\\/#organization\",\"name\":\"Victoria Media - Kamerauutiset\",\"url\":\"https:\\\/\\\/www.victoriamedia.org\\\/ld\\\/\",\"logo\":{\"@type\":\"ImageObject\",\"inLanguage\":\"en-US\",\"@id\":\"https:\\\/\\\/www.victoriamedia.org\\\/ld\\\/#\\\/schema\\\/logo\\\/image\\\/\",\"url\":\"https:\\\/\\\/www.victoriamedia.org\\\/ld\\\/wp-content\\\/uploads\\\/2022\\\/09\\\/292179098_555417722694101_2682724033383846896_n.png\",\"contentUrl\":\"https:\\\/\\\/www.victoriamedia.org\\\/ld\\\/wp-content\\\/uploads\\\/2022\\\/09\\\/292179098_555417722694101_2682724033383846896_n.png\",\"width\":215,\"height\":165,\"caption\":\"Victoria Media - Kamerauutiset\"},\"image\":{\"@id\":\"https:\\\/\\\/www.victoriamedia.org\\\/ld\\\/#\\\/schema\\\/logo\\\/image\\\/\"},\"sameAs\":[\"https:\\\/\\\/www.facebook.com\\\/victoriamedia\",\"https:\\\/\\\/x.com\\\/uutisparkki\"]},{\"@type\":\"Person\",\"@id\":\"https:\\\/\\\/www.victoriamedia.org\\\/ld\\\/#\\\/schema\\\/person\\\/a2e166f07bdda8a5ef0506501655c9ac\",\"name\":\"Kerttu Vali\",\"image\":{\"@type\":\"ImageObject\",\"inLanguage\":\"en-US\",\"@id\":\"https:\\\/\\\/secure.gravatar.com\\\/avatar\\\/62dbe1a847f655ad987c59fece23f885c4b0e7b06595c36d9597003852972217?s=96&d=mm&r=g\",\"url\":\"https:\\\/\\\/secure.gravatar.com\\\/avatar\\\/62dbe1a847f655ad987c59fece23f885c4b0e7b06595c36d9597003852972217?s=96&d=mm&r=g\",\"contentUrl\":\"https:\\\/\\\/secure.gravatar.com\\\/avatar\\\/62dbe1a847f655ad987c59fece23f885c4b0e7b06595c36d9597003852972217?s=96&d=mm&r=g\",\"caption\":\"Kerttu Vali\"},\"sameAs\":[\"http:\\\/\\\/www.victoriamedia.fi\\\/\"],\"url\":\"https:\\\/\\\/www.victoriamedia.org\\\/ld\\\/author\\\/kerttuvali\\\/\"}]}<\/script>\n<!-- \/ Yoast SEO plugin. -->","yoast_head_json":{"title":"Ricoh julkaisee uusia tuotteita sek\u00e4 omalla ett\u00e4 Pentax-nimell\u00e4 - KAMERAT JA OPTISET LAITTEET","robots":{"index":"index","follow":"follow","max-snippet":"max-snippet:-1","max-image-preview":"max-image-preview:large","max-video-preview":"max-video-preview:-1"},"canonical":"https:\/\/www.victoriamedia.org\/ld\/ricoh-julkaisee-uusia-tuotteita-seka-omalla-etta-pentax-nimella\/","og_locale":"en_US","og_type":"article","og_title":"Ricoh julkaisee uusia tuotteita sek\u00e4 omalla ett\u00e4 Pentax-nimell\u00e4 - KAMERAT JA OPTISET LAITTEET","og_description":"Pentax j\u00e4rjestelm\u00e4kameran omistajille julkaistaan vihdoin kauan odotettu ja luvattu uutuus, 1,4x telejatke s\u00e4\u00e4suojauksella ja automaattitarkennuksella. Samalla julkaistaan kolme uutta vesitiivist\u00e4 kompaktikameraa, Ricoh WG-4, WG-4 GPS ja WG-20. HD Pentax-DA AF Rear Converter 1,4X AW Kiinnitt\u00e4m\u00e4ll\u00e4 telejatkeen kameran ja objektiivin v\u00e4liin saa polttov\u00e4lin pidennetty\u00e4 1,4-kertaiseksi. Polttov\u00e4lin kasvaessa tarkennuset\u00e4isyys s\u00e4ilyy kuitenkin samana, mik\u00e4 antaa objektiiville uusia k\u00e4ytt\u00f6mahdollisuuksia. [&hellip;]","og_url":"https:\/\/www.victoriamedia.org\/ld\/ricoh-julkaisee-uusia-tuotteita-seka-omalla-etta-pentax-nimella\/","og_site_name":"KAMERAT JA OPTISET LAITTEET","article_publisher":"https:\/\/www.facebook.com\/victoriamedia","article_published_time":"2014-02-07T10:58:56+00:00","og_image":[{"url":"http:\/\/www.victoriamedia.org\/ld\/wp-content\/uploads\/2014\/02\/print_yKRMEoOiWI-1024x686.jpg","type":"","width":"","height":""}],"author":"Kerttu Vali","twitter_card":"summary_large_image","twitter_creator":"@uutisparkki","twitter_site":"@uutisparkki","twitter_misc":{"Written by":"Kerttu Vali","Est. reading time":"2 minutes"},"schema":{"@context":"https:\/\/schema.org","@graph":[{"@type":"Article","@id":"https:\/\/www.victoriamedia.org\/ld\/ricoh-julkaisee-uusia-tuotteita-seka-omalla-etta-pentax-nimella\/#article","isPartOf":{"@id":"https:\/\/www.victoriamedia.org\/ld\/ricoh-julkaisee-uusia-tuotteita-seka-omalla-etta-pentax-nimella\/"},"author":{"name":"Kerttu Vali","@id":"https:\/\/www.victoriamedia.org\/ld\/#\/schema\/person\/a2e166f07bdda8a5ef0506501655c9ac"},"headline":"Ricoh julkaisee uusia tuotteita sek\u00e4 omalla ett\u00e4 Pentax-nimell\u00e4","datePublished":"2014-02-07T10:58:56+00:00","mainEntityOfPage":{"@id":"https:\/\/www.victoriamedia.org\/ld\/ricoh-julkaisee-uusia-tuotteita-seka-omalla-etta-pentax-nimella\/"},"wordCount":421,"publisher":{"@id":"https:\/\/www.victoriamedia.org\/ld\/#organization"},"image":{"@id":"https:\/\/www.victoriamedia.org\/ld\/ricoh-julkaisee-uusia-tuotteita-seka-omalla-etta-pentax-nimella\/#primaryimage"},"thumbnailUrl":"http:\/\/www.victoriamedia.org\/ld\/wp-content\/uploads\/2014\/02\/print_yKRMEoOiWI-1024x686.jpg","articleSection":["Kamerat","Objektiivit","Yleiset uutiset"],"inLanguage":"en-US"},{"@type":"WebPage","@id":"https:\/\/www.victoriamedia.org\/ld\/ricoh-julkaisee-uusia-tuotteita-seka-omalla-etta-pentax-nimella\/","url":"https:\/\/www.victoriamedia.org\/ld\/ricoh-julkaisee-uusia-tuotteita-seka-omalla-etta-pentax-nimella\/","name":"Ricoh julkaisee uusia tuotteita sek\u00e4 omalla ett\u00e4 Pentax-nimell\u00e4 - KAMERAT JA OPTISET LAITTEET","isPartOf":{"@id":"https:\/\/www.victoriamedia.org\/ld\/#website"},"primaryImageOfPage":{"@id":"https:\/\/www.victoriamedia.org\/ld\/ricoh-julkaisee-uusia-tuotteita-seka-omalla-etta-pentax-nimella\/#primaryimage"},"image":{"@id":"https:\/\/www.victoriamedia.org\/ld\/ricoh-julkaisee-uusia-tuotteita-seka-omalla-etta-pentax-nimella\/#primaryimage"},"thumbnailUrl":"http:\/\/www.victoriamedia.org\/ld\/wp-content\/uploads\/2014\/02\/print_yKRMEoOiWI-1024x686.jpg","datePublished":"2014-02-07T10:58:56+00:00","breadcrumb":{"@id":"https:\/\/www.victoriamedia.org\/ld\/ricoh-julkaisee-uusia-tuotteita-seka-omalla-etta-pentax-nimella\/#breadcrumb"},"inLanguage":"en-US","potentialAction":[{"@type":"ReadAction","target":["https:\/\/www.victoriamedia.org\/ld\/ricoh-julkaisee-uusia-tuotteita-seka-omalla-etta-pentax-nimella\/"]}]},{"@type":"ImageObject","inLanguage":"en-US","@id":"https:\/\/www.victoriamedia.org\/ld\/ricoh-julkaisee-uusia-tuotteita-seka-omalla-etta-pentax-nimella\/#primaryimage","url":"https:\/\/www.victoriamedia.org\/ld\/wp-content\/uploads\/2014\/02\/print_yKRMEoOiWI.jpg","contentUrl":"https:\/\/www.victoriamedia.org\/ld\/wp-content\/uploads\/2014\/02\/print_yKRMEoOiWI.jpg","width":2894,"height":1940},{"@type":"BreadcrumbList","@id":"https:\/\/www.victoriamedia.org\/ld\/ricoh-julkaisee-uusia-tuotteita-seka-omalla-etta-pentax-nimella\/#breadcrumb","itemListElement":[{"@type":"ListItem","position":1,"name":"Home","item":"https:\/\/www.victoriamedia.org\/ld\/"},{"@type":"ListItem","position":2,"name":"Ricoh julkaisee uusia tuotteita sek\u00e4 omalla ett\u00e4 Pentax-nimell\u00e4"}]},{"@type":"WebSite","@id":"https:\/\/www.victoriamedia.org\/ld\/#website","url":"https:\/\/www.victoriamedia.org\/ld\/","name":"KAMERAT JA OPTISET LAITTEET","description":"Kamerat Kiikarit ja optiset tarvikkeet","publisher":{"@id":"https:\/\/www.victoriamedia.org\/ld\/#organization"},"potentialAction":[{"@type":"SearchAction","target":{"@type":"EntryPoint","urlTemplate":"https:\/\/www.victoriamedia.org\/ld\/?s={search_term_string}"},"query-input":{"@type":"PropertyValueSpecification","valueRequired":true,"valueName":"search_term_string"}}],"inLanguage":"en-US"},{"@type":"Organization","@id":"https:\/\/www.victoriamedia.org\/ld\/#organization","name":"Victoria Media - Kamerauutiset","url":"https:\/\/www.victoriamedia.org\/ld\/","logo":{"@type":"ImageObject","inLanguage":"en-US","@id":"https:\/\/www.victoriamedia.org\/ld\/#\/schema\/logo\/image\/","url":"https:\/\/www.victoriamedia.org\/ld\/wp-content\/uploads\/2022\/09\/292179098_555417722694101_2682724033383846896_n.png","contentUrl":"https:\/\/www.victoriamedia.org\/ld\/wp-content\/uploads\/2022\/09\/292179098_555417722694101_2682724033383846896_n.png","width":215,"height":165,"caption":"Victoria Media - Kamerauutiset"},"image":{"@id":"https:\/\/www.victoriamedia.org\/ld\/#\/schema\/logo\/image\/"},"sameAs":["https:\/\/www.facebook.com\/victoriamedia","https:\/\/x.com\/uutisparkki"]},{"@type":"Person","@id":"https:\/\/www.victoriamedia.org\/ld\/#\/schema\/person\/a2e166f07bdda8a5ef0506501655c9ac","name":"Kerttu Vali","image":{"@type":"ImageObject","inLanguage":"en-US","@id":"https:\/\/secure.gravatar.com\/avatar\/62dbe1a847f655ad987c59fece23f885c4b0e7b06595c36d9597003852972217?s=96&d=mm&r=g","url":"https:\/\/secure.gravatar.com\/avatar\/62dbe1a847f655ad987c59fece23f885c4b0e7b06595c36d9597003852972217?s=96&d=mm&r=g","contentUrl":"https:\/\/secure.gravatar.com\/avatar\/62dbe1a847f655ad987c59fece23f885c4b0e7b06595c36d9597003852972217?s=96&d=mm&r=g","caption":"Kerttu Vali"},"sameAs":["http:\/\/www.victoriamedia.fi\/"],"url":"https:\/\/www.victoriamedia.org\/ld\/author\/kerttuvali\/"}]}},"_links":{"self":[{"href":"https:\/\/www.victoriamedia.org\/ld\/wp-json\/wp\/v2\/posts\/270","targetHints":{"allow":["GET"]}}],"collection":[{"href":"https:\/\/www.victoriamedia.org\/ld\/wp-json\/wp\/v2\/posts"}],"about":[{"href":"https:\/\/www.victoriamedia.org\/ld\/wp-json\/wp\/v2\/types\/post"}],"author":[{"embeddable":true,"href":"https:\/\/www.victoriamedia.org\/ld\/wp-json\/wp\/v2\/users\/1"}],"replies":[{"embeddable":true,"href":"https:\/\/www.victoriamedia.org\/ld\/wp-json\/wp\/v2\/comments?post=270"}],"version-history":[{"count":1,"href":"https:\/\/www.victoriamedia.org\/ld\/wp-json\/wp\/v2\/posts\/270\/revisions"}],"predecessor-version":[{"id":272,"href":"https:\/\/www.victoriamedia.org\/ld\/wp-json\/wp\/v2\/posts\/270\/revisions\/272"}],"wp:attachment":[{"href":"https:\/\/www.victoriamedia.org\/ld\/wp-json\/wp\/v2\/media?parent=270"}],"wp:term":[{"taxonomy":"category","embeddable":true,"href":"https:\/\/www.victoriamedia.org\/ld\/wp-json\/wp\/v2\/categories?post=270"},{"taxonomy":"post_tag","embeddable":true,"href":"https:\/\/www.victoriamedia.org\/ld\/wp-json\/wp\/v2\/tags?post=270"}],"curies":[{"name":"wp","href":"https:\/\/api.w.org\/{rel}","templated":true}]}}