{"id":266,"date":"2014-01-30T10:42:59","date_gmt":"2014-01-30T10:42:59","guid":{"rendered":"http:\/\/www.victoriamedia.org\/ld\/?p=266"},"modified":"2014-01-30T10:42:59","modified_gmt":"2014-01-30T10:42:59","slug":"uusi-touit-sarjan-makro-objektiivi-zeissilta","status":"publish","type":"post","link":"https:\/\/www.victoriamedia.org\/ld\/uusi-touit-sarjan-makro-objektiivi-zeissilta\/","title":{"rendered":"Uusi Touit-sarjan makro-objektiivi Zeissilta"},"content":{"rendered":"<p><a href=\"http:\/\/www.victoriamedia.org\/ld\/wp-content\/uploads\/2014\/01\/eqdz7xhll43hqptmmrb0.jpg\"><img loading=\"lazy\" decoding=\"async\" class=\"alignnone  wp-image-267\" alt=\"eqdz7xhll43hqptmmrb0\" src=\"http:\/\/www.victoriamedia.org\/ld\/wp-content\/uploads\/2014\/01\/eqdz7xhll43hqptmmrb0.jpg\" width=\"560\" height=\"329\" srcset=\"https:\/\/www.victoriamedia.org\/ld\/wp-content\/uploads\/2014\/01\/eqdz7xhll43hqptmmrb0.jpg 700w, https:\/\/www.victoriamedia.org\/ld\/wp-content\/uploads\/2014\/01\/eqdz7xhll43hqptmmrb0-300x176.jpg 300w\" sizes=\"auto, (max-width: 560px) 100vw, 560px\" \/><\/a><\/p>\n<p><i>Zeiss julkaisee Touit-sarjaansa uuden objektiivin, joka sopii Sonyn E- ja Fujin X-kiinnityksille. Sarjassa on jo kaksi huippuluokan objektiivia; Touit 12mm F\/2,8 ja Touit 32mm F\/1,8. Nyt t\u00e4h\u00e4n perheeseen tulee uutuutena makro-objektiivi, Touit 50mm F\/2,8, joka tulee l\u00e4hikuvauksen lis\u00e4ksi olemaan potrettikuvaajien suosikki.<\/i><\/p>\n<p><b>Makro<\/b><\/p>\n<p>Zeiss Touit 50mm F\/2,8 \u2013objektiivilla saa makrokuvia jopa 1:1 suurennussuhteella. Korkealuokkaisen objektiivin ansiosta voit n\u00e4hd\u00e4 kuvissa yksityiskohtia, joita ei voisi n\u00e4hd\u00e4 paljaalla silm\u00e4ll\u00e4.<\/p>\n<p><b>Muotokuva<\/b><\/p>\n<p>Lyhyen televaikutelman ansiosta polttov\u00e4li (vastaavuus 75mm kinokoossa) on t\u00e4ydellinen muotokuviin. Objektiivin tarkennus on my\u00f6s portaaton makrosta \u00e4\u00e4rett\u00f6m\u00e4\u00e4n.<\/p>\n<p><b>Rakenne<\/b><\/p>\n<p>Erinomaiset optiset ominaisuudet, tarkennuset\u00e4isyydest\u00e4 huolimatta, saavutetaan rakenteella, jossa on kelluva linssielementti, kaksi asf\u00e4\u00e4rist\u00e4 linssi\u00e4 ja kaksi LD-linssi\u00e4 (Low Dispersion), jotka v\u00e4hent\u00e4v\u00e4t kromaattista aberraatiota (v\u00e4rien hajoamista). Kaikkiaan rakenteessa on 14 linssi\u00e4 11:ssa ryhm\u00e4ss\u00e4.<\/p>\n<p><b>Bok\u00e9h<\/b><\/p>\n<p>L\u00e4hes t\u00e4ydellisen py\u00f6re\u00e4n aukon tekev\u00e4t yhdeks\u00e4n himmenninlevy\u00e4, jotka mahdollistavat selke\u00e4n tarkennusalueen riippumatta k\u00e4ytetyst\u00e4 aukosta, ep\u00e4ter\u00e4v\u00e4n alueen (bokeh) piirtyess\u00e4 samalla kauniisti.<\/p>\n<p><b>Tekniset tiedot<\/b><\/p>\n<ul>\n<li>Polttov\u00e4li:\u00a0 50mm<\/li>\n<li>Aukko: F\/2,8 \u2013 F\/22<\/li>\n<li>Rakenne: 14 linssi\u00e4 11 ryhm\u00e4ss\u00e4<\/li>\n<li>Tarkennusalue: 0.15 m \u2013 \u00e4\u00e4ret\u00f6n<\/li>\n<li>Kuvakulma (diag.\/horis.\/vert.):\u00a0 31\u00b0 \/ 26\u00b0 \/ 18\u00b0<\/li>\n<li>Suurennussuhde: 1:1<\/li>\n<li>Suodinkierre: M52 x 0.75<\/li>\n<li>Pituus, objektiivisuojalla, E-bajonetilla: 104 mm<\/li>\n<li>Pituus, objektiivisuojalla, X-bajonetilla: 108 mm<\/li>\n<li>Pituus, ilman suojaa, E-bajonetilla: 91 mm<\/li>\n<li>Pituus, ilman suojaa, X-bajonetilla: 91 mm<\/li>\n<li>Halkaisija:\u00a0 65 mm<\/li>\n<li>Halkaisija vastavalosuojalla: 75 mm<\/li>\n<li>Paino (ilman vastavalosuojaa): 290 g<\/li>\n<li>Kiinnitykset: Sony E- ja Fuji X-bajonetit<\/li>\n<\/ul>\n","protected":false},"excerpt":{"rendered":"<p>Zeiss julkaisee Touit-sarjaansa uuden objektiivin, joka sopii Sonyn E- ja Fujin X-kiinnityksille. Sarjassa on jo kaksi huippuluokan objektiivia; Touit 12mm F\/2,8 ja Touit 32mm F\/1,8. Nyt t\u00e4h\u00e4n perheeseen tulee uutuutena makro-objektiivi, Touit 50mm F\/2,8, joka tulee l\u00e4hikuvauksen lis\u00e4ksi olemaan potrettikuvaajien suosikki. Makro Zeiss Touit 50mm F\/2,8 \u2013objektiivilla saa makrokuvia jopa 1:1 suurennussuhteella. Korkealuokkaisen objektiivin ansiosta [&hellip;]<\/p>\n","protected":false},"author":1,"featured_media":0,"comment_status":"closed","ping_status":"open","sticky":false,"template":"","format":"standard","meta":{"footnotes":""},"categories":[10],"tags":[],"class_list":["post-266","post","type-post","status-publish","format-standard","hentry","category-objektiivit"],"yoast_head":"<!-- This site is optimized with the Yoast SEO plugin v27.5 - https:\/\/yoast.com\/product\/yoast-seo-wordpress\/ -->\n<title>Uusi Touit-sarjan makro-objektiivi Zeissilta - KAMERAT JA OPTISET LAITTEET<\/title>\n<meta name=\"robots\" content=\"index, follow, max-snippet:-1, max-image-preview:large, max-video-preview:-1\" \/>\n<link rel=\"canonical\" href=\"https:\/\/www.victoriamedia.org\/ld\/uusi-touit-sarjan-makro-objektiivi-zeissilta\/\" \/>\n<meta property=\"og:locale\" content=\"en_US\" \/>\n<meta property=\"og:type\" content=\"article\" \/>\n<meta property=\"og:title\" content=\"Uusi Touit-sarjan makro-objektiivi Zeissilta - KAMERAT JA OPTISET LAITTEET\" \/>\n<meta property=\"og:description\" content=\"Zeiss julkaisee Touit-sarjaansa uuden objektiivin, joka sopii Sonyn E- ja Fujin X-kiinnityksille. Sarjassa on jo kaksi huippuluokan objektiivia; Touit 12mm F\/2,8 ja Touit 32mm F\/1,8. Nyt t\u00e4h\u00e4n perheeseen tulee uutuutena makro-objektiivi, Touit 50mm F\/2,8, joka tulee l\u00e4hikuvauksen lis\u00e4ksi olemaan potrettikuvaajien suosikki. Makro Zeiss Touit 50mm F\/2,8 \u2013objektiivilla saa makrokuvia jopa 1:1 suurennussuhteella. Korkealuokkaisen objektiivin ansiosta [&hellip;]\" \/>\n<meta property=\"og:url\" content=\"https:\/\/www.victoriamedia.org\/ld\/uusi-touit-sarjan-makro-objektiivi-zeissilta\/\" \/>\n<meta property=\"og:site_name\" content=\"KAMERAT JA OPTISET LAITTEET\" \/>\n<meta property=\"article:publisher\" content=\"https:\/\/www.facebook.com\/victoriamedia\" \/>\n<meta property=\"article:published_time\" content=\"2014-01-30T10:42:59+00:00\" \/>\n<meta property=\"og:image\" content=\"http:\/\/www.victoriamedia.org\/ld\/wp-content\/uploads\/2014\/01\/eqdz7xhll43hqptmmrb0.jpg\" \/>\n<meta name=\"author\" content=\"Kerttu Vali\" \/>\n<meta name=\"twitter:card\" content=\"summary_large_image\" \/>\n<meta name=\"twitter:creator\" content=\"@uutisparkki\" \/>\n<meta name=\"twitter:site\" content=\"@uutisparkki\" \/>\n<meta name=\"twitter:label1\" content=\"Written by\" \/>\n\t<meta name=\"twitter:data1\" content=\"Kerttu Vali\" \/>\n\t<meta name=\"twitter:label2\" content=\"Est. reading time\" \/>\n\t<meta name=\"twitter:data2\" content=\"1 minute\" \/>\n<script type=\"application\/ld+json\" class=\"yoast-schema-graph\">{\"@context\":\"https:\\\/\\\/schema.org\",\"@graph\":[{\"@type\":\"Article\",\"@id\":\"https:\\\/\\\/www.victoriamedia.org\\\/ld\\\/uusi-touit-sarjan-makro-objektiivi-zeissilta\\\/#article\",\"isPartOf\":{\"@id\":\"https:\\\/\\\/www.victoriamedia.org\\\/ld\\\/uusi-touit-sarjan-makro-objektiivi-zeissilta\\\/\"},\"author\":{\"name\":\"Kerttu Vali\",\"@id\":\"https:\\\/\\\/www.victoriamedia.org\\\/ld\\\/#\\\/schema\\\/person\\\/a2e166f07bdda8a5ef0506501655c9ac\"},\"headline\":\"Uusi Touit-sarjan makro-objektiivi Zeissilta\",\"datePublished\":\"2014-01-30T10:42:59+00:00\",\"mainEntityOfPage\":{\"@id\":\"https:\\\/\\\/www.victoriamedia.org\\\/ld\\\/uusi-touit-sarjan-makro-objektiivi-zeissilta\\\/\"},\"wordCount\":227,\"publisher\":{\"@id\":\"https:\\\/\\\/www.victoriamedia.org\\\/ld\\\/#organization\"},\"image\":{\"@id\":\"https:\\\/\\\/www.victoriamedia.org\\\/ld\\\/uusi-touit-sarjan-makro-objektiivi-zeissilta\\\/#primaryimage\"},\"thumbnailUrl\":\"http:\\\/\\\/www.victoriamedia.org\\\/ld\\\/wp-content\\\/uploads\\\/2014\\\/01\\\/eqdz7xhll43hqptmmrb0.jpg\",\"articleSection\":[\"Objektiivit\"],\"inLanguage\":\"en-US\"},{\"@type\":\"WebPage\",\"@id\":\"https:\\\/\\\/www.victoriamedia.org\\\/ld\\\/uusi-touit-sarjan-makro-objektiivi-zeissilta\\\/\",\"url\":\"https:\\\/\\\/www.victoriamedia.org\\\/ld\\\/uusi-touit-sarjan-makro-objektiivi-zeissilta\\\/\",\"name\":\"Uusi Touit-sarjan makro-objektiivi Zeissilta - KAMERAT JA OPTISET LAITTEET\",\"isPartOf\":{\"@id\":\"https:\\\/\\\/www.victoriamedia.org\\\/ld\\\/#website\"},\"primaryImageOfPage\":{\"@id\":\"https:\\\/\\\/www.victoriamedia.org\\\/ld\\\/uusi-touit-sarjan-makro-objektiivi-zeissilta\\\/#primaryimage\"},\"image\":{\"@id\":\"https:\\\/\\\/www.victoriamedia.org\\\/ld\\\/uusi-touit-sarjan-makro-objektiivi-zeissilta\\\/#primaryimage\"},\"thumbnailUrl\":\"http:\\\/\\\/www.victoriamedia.org\\\/ld\\\/wp-content\\\/uploads\\\/2014\\\/01\\\/eqdz7xhll43hqptmmrb0.jpg\",\"datePublished\":\"2014-01-30T10:42:59+00:00\",\"breadcrumb\":{\"@id\":\"https:\\\/\\\/www.victoriamedia.org\\\/ld\\\/uusi-touit-sarjan-makro-objektiivi-zeissilta\\\/#breadcrumb\"},\"inLanguage\":\"en-US\",\"potentialAction\":[{\"@type\":\"ReadAction\",\"target\":[\"https:\\\/\\\/www.victoriamedia.org\\\/ld\\\/uusi-touit-sarjan-makro-objektiivi-zeissilta\\\/\"]}]},{\"@type\":\"ImageObject\",\"inLanguage\":\"en-US\",\"@id\":\"https:\\\/\\\/www.victoriamedia.org\\\/ld\\\/uusi-touit-sarjan-makro-objektiivi-zeissilta\\\/#primaryimage\",\"url\":\"https:\\\/\\\/www.victoriamedia.org\\\/ld\\\/wp-content\\\/uploads\\\/2014\\\/01\\\/eqdz7xhll43hqptmmrb0.jpg\",\"contentUrl\":\"https:\\\/\\\/www.victoriamedia.org\\\/ld\\\/wp-content\\\/uploads\\\/2014\\\/01\\\/eqdz7xhll43hqptmmrb0.jpg\",\"width\":700,\"height\":411},{\"@type\":\"BreadcrumbList\",\"@id\":\"https:\\\/\\\/www.victoriamedia.org\\\/ld\\\/uusi-touit-sarjan-makro-objektiivi-zeissilta\\\/#breadcrumb\",\"itemListElement\":[{\"@type\":\"ListItem\",\"position\":1,\"name\":\"Home\",\"item\":\"https:\\\/\\\/www.victoriamedia.org\\\/ld\\\/\"},{\"@type\":\"ListItem\",\"position\":2,\"name\":\"Uusi Touit-sarjan makro-objektiivi Zeissilta\"}]},{\"@type\":\"WebSite\",\"@id\":\"https:\\\/\\\/www.victoriamedia.org\\\/ld\\\/#website\",\"url\":\"https:\\\/\\\/www.victoriamedia.org\\\/ld\\\/\",\"name\":\"KAMERAT JA OPTISET LAITTEET\",\"description\":\"Kamerat Kiikarit ja optiset tarvikkeet\",\"publisher\":{\"@id\":\"https:\\\/\\\/www.victoriamedia.org\\\/ld\\\/#organization\"},\"potentialAction\":[{\"@type\":\"SearchAction\",\"target\":{\"@type\":\"EntryPoint\",\"urlTemplate\":\"https:\\\/\\\/www.victoriamedia.org\\\/ld\\\/?s={search_term_string}\"},\"query-input\":{\"@type\":\"PropertyValueSpecification\",\"valueRequired\":true,\"valueName\":\"search_term_string\"}}],\"inLanguage\":\"en-US\"},{\"@type\":\"Organization\",\"@id\":\"https:\\\/\\\/www.victoriamedia.org\\\/ld\\\/#organization\",\"name\":\"Victoria Media - Kamerauutiset\",\"url\":\"https:\\\/\\\/www.victoriamedia.org\\\/ld\\\/\",\"logo\":{\"@type\":\"ImageObject\",\"inLanguage\":\"en-US\",\"@id\":\"https:\\\/\\\/www.victoriamedia.org\\\/ld\\\/#\\\/schema\\\/logo\\\/image\\\/\",\"url\":\"https:\\\/\\\/www.victoriamedia.org\\\/ld\\\/wp-content\\\/uploads\\\/2022\\\/09\\\/292179098_555417722694101_2682724033383846896_n.png\",\"contentUrl\":\"https:\\\/\\\/www.victoriamedia.org\\\/ld\\\/wp-content\\\/uploads\\\/2022\\\/09\\\/292179098_555417722694101_2682724033383846896_n.png\",\"width\":215,\"height\":165,\"caption\":\"Victoria Media - Kamerauutiset\"},\"image\":{\"@id\":\"https:\\\/\\\/www.victoriamedia.org\\\/ld\\\/#\\\/schema\\\/logo\\\/image\\\/\"},\"sameAs\":[\"https:\\\/\\\/www.facebook.com\\\/victoriamedia\",\"https:\\\/\\\/x.com\\\/uutisparkki\"]},{\"@type\":\"Person\",\"@id\":\"https:\\\/\\\/www.victoriamedia.org\\\/ld\\\/#\\\/schema\\\/person\\\/a2e166f07bdda8a5ef0506501655c9ac\",\"name\":\"Kerttu Vali\",\"image\":{\"@type\":\"ImageObject\",\"inLanguage\":\"en-US\",\"@id\":\"https:\\\/\\\/secure.gravatar.com\\\/avatar\\\/62dbe1a847f655ad987c59fece23f885c4b0e7b06595c36d9597003852972217?s=96&d=mm&r=g\",\"url\":\"https:\\\/\\\/secure.gravatar.com\\\/avatar\\\/62dbe1a847f655ad987c59fece23f885c4b0e7b06595c36d9597003852972217?s=96&d=mm&r=g\",\"contentUrl\":\"https:\\\/\\\/secure.gravatar.com\\\/avatar\\\/62dbe1a847f655ad987c59fece23f885c4b0e7b06595c36d9597003852972217?s=96&d=mm&r=g\",\"caption\":\"Kerttu Vali\"},\"sameAs\":[\"http:\\\/\\\/www.victoriamedia.fi\\\/\"],\"url\":\"https:\\\/\\\/www.victoriamedia.org\\\/ld\\\/author\\\/kerttuvali\\\/\"}]}<\/script>\n<!-- \/ Yoast SEO plugin. -->","yoast_head_json":{"title":"Uusi Touit-sarjan makro-objektiivi Zeissilta - KAMERAT JA OPTISET LAITTEET","robots":{"index":"index","follow":"follow","max-snippet":"max-snippet:-1","max-image-preview":"max-image-preview:large","max-video-preview":"max-video-preview:-1"},"canonical":"https:\/\/www.victoriamedia.org\/ld\/uusi-touit-sarjan-makro-objektiivi-zeissilta\/","og_locale":"en_US","og_type":"article","og_title":"Uusi Touit-sarjan makro-objektiivi Zeissilta - KAMERAT JA OPTISET LAITTEET","og_description":"Zeiss julkaisee Touit-sarjaansa uuden objektiivin, joka sopii Sonyn E- ja Fujin X-kiinnityksille. Sarjassa on jo kaksi huippuluokan objektiivia; Touit 12mm F\/2,8 ja Touit 32mm F\/1,8. Nyt t\u00e4h\u00e4n perheeseen tulee uutuutena makro-objektiivi, Touit 50mm F\/2,8, joka tulee l\u00e4hikuvauksen lis\u00e4ksi olemaan potrettikuvaajien suosikki. Makro Zeiss Touit 50mm F\/2,8 \u2013objektiivilla saa makrokuvia jopa 1:1 suurennussuhteella. Korkealuokkaisen objektiivin ansiosta [&hellip;]","og_url":"https:\/\/www.victoriamedia.org\/ld\/uusi-touit-sarjan-makro-objektiivi-zeissilta\/","og_site_name":"KAMERAT JA OPTISET LAITTEET","article_publisher":"https:\/\/www.facebook.com\/victoriamedia","article_published_time":"2014-01-30T10:42:59+00:00","og_image":[{"url":"http:\/\/www.victoriamedia.org\/ld\/wp-content\/uploads\/2014\/01\/eqdz7xhll43hqptmmrb0.jpg","type":"","width":"","height":""}],"author":"Kerttu Vali","twitter_card":"summary_large_image","twitter_creator":"@uutisparkki","twitter_site":"@uutisparkki","twitter_misc":{"Written by":"Kerttu Vali","Est. reading time":"1 minute"},"schema":{"@context":"https:\/\/schema.org","@graph":[{"@type":"Article","@id":"https:\/\/www.victoriamedia.org\/ld\/uusi-touit-sarjan-makro-objektiivi-zeissilta\/#article","isPartOf":{"@id":"https:\/\/www.victoriamedia.org\/ld\/uusi-touit-sarjan-makro-objektiivi-zeissilta\/"},"author":{"name":"Kerttu Vali","@id":"https:\/\/www.victoriamedia.org\/ld\/#\/schema\/person\/a2e166f07bdda8a5ef0506501655c9ac"},"headline":"Uusi Touit-sarjan makro-objektiivi Zeissilta","datePublished":"2014-01-30T10:42:59+00:00","mainEntityOfPage":{"@id":"https:\/\/www.victoriamedia.org\/ld\/uusi-touit-sarjan-makro-objektiivi-zeissilta\/"},"wordCount":227,"publisher":{"@id":"https:\/\/www.victoriamedia.org\/ld\/#organization"},"image":{"@id":"https:\/\/www.victoriamedia.org\/ld\/uusi-touit-sarjan-makro-objektiivi-zeissilta\/#primaryimage"},"thumbnailUrl":"http:\/\/www.victoriamedia.org\/ld\/wp-content\/uploads\/2014\/01\/eqdz7xhll43hqptmmrb0.jpg","articleSection":["Objektiivit"],"inLanguage":"en-US"},{"@type":"WebPage","@id":"https:\/\/www.victoriamedia.org\/ld\/uusi-touit-sarjan-makro-objektiivi-zeissilta\/","url":"https:\/\/www.victoriamedia.org\/ld\/uusi-touit-sarjan-makro-objektiivi-zeissilta\/","name":"Uusi Touit-sarjan makro-objektiivi Zeissilta - KAMERAT JA OPTISET LAITTEET","isPartOf":{"@id":"https:\/\/www.victoriamedia.org\/ld\/#website"},"primaryImageOfPage":{"@id":"https:\/\/www.victoriamedia.org\/ld\/uusi-touit-sarjan-makro-objektiivi-zeissilta\/#primaryimage"},"image":{"@id":"https:\/\/www.victoriamedia.org\/ld\/uusi-touit-sarjan-makro-objektiivi-zeissilta\/#primaryimage"},"thumbnailUrl":"http:\/\/www.victoriamedia.org\/ld\/wp-content\/uploads\/2014\/01\/eqdz7xhll43hqptmmrb0.jpg","datePublished":"2014-01-30T10:42:59+00:00","breadcrumb":{"@id":"https:\/\/www.victoriamedia.org\/ld\/uusi-touit-sarjan-makro-objektiivi-zeissilta\/#breadcrumb"},"inLanguage":"en-US","potentialAction":[{"@type":"ReadAction","target":["https:\/\/www.victoriamedia.org\/ld\/uusi-touit-sarjan-makro-objektiivi-zeissilta\/"]}]},{"@type":"ImageObject","inLanguage":"en-US","@id":"https:\/\/www.victoriamedia.org\/ld\/uusi-touit-sarjan-makro-objektiivi-zeissilta\/#primaryimage","url":"https:\/\/www.victoriamedia.org\/ld\/wp-content\/uploads\/2014\/01\/eqdz7xhll43hqptmmrb0.jpg","contentUrl":"https:\/\/www.victoriamedia.org\/ld\/wp-content\/uploads\/2014\/01\/eqdz7xhll43hqptmmrb0.jpg","width":700,"height":411},{"@type":"BreadcrumbList","@id":"https:\/\/www.victoriamedia.org\/ld\/uusi-touit-sarjan-makro-objektiivi-zeissilta\/#breadcrumb","itemListElement":[{"@type":"ListItem","position":1,"name":"Home","item":"https:\/\/www.victoriamedia.org\/ld\/"},{"@type":"ListItem","position":2,"name":"Uusi Touit-sarjan makro-objektiivi Zeissilta"}]},{"@type":"WebSite","@id":"https:\/\/www.victoriamedia.org\/ld\/#website","url":"https:\/\/www.victoriamedia.org\/ld\/","name":"KAMERAT JA OPTISET LAITTEET","description":"Kamerat Kiikarit ja optiset tarvikkeet","publisher":{"@id":"https:\/\/www.victoriamedia.org\/ld\/#organization"},"potentialAction":[{"@type":"SearchAction","target":{"@type":"EntryPoint","urlTemplate":"https:\/\/www.victoriamedia.org\/ld\/?s={search_term_string}"},"query-input":{"@type":"PropertyValueSpecification","valueRequired":true,"valueName":"search_term_string"}}],"inLanguage":"en-US"},{"@type":"Organization","@id":"https:\/\/www.victoriamedia.org\/ld\/#organization","name":"Victoria Media - Kamerauutiset","url":"https:\/\/www.victoriamedia.org\/ld\/","logo":{"@type":"ImageObject","inLanguage":"en-US","@id":"https:\/\/www.victoriamedia.org\/ld\/#\/schema\/logo\/image\/","url":"https:\/\/www.victoriamedia.org\/ld\/wp-content\/uploads\/2022\/09\/292179098_555417722694101_2682724033383846896_n.png","contentUrl":"https:\/\/www.victoriamedia.org\/ld\/wp-content\/uploads\/2022\/09\/292179098_555417722694101_2682724033383846896_n.png","width":215,"height":165,"caption":"Victoria Media - Kamerauutiset"},"image":{"@id":"https:\/\/www.victoriamedia.org\/ld\/#\/schema\/logo\/image\/"},"sameAs":["https:\/\/www.facebook.com\/victoriamedia","https:\/\/x.com\/uutisparkki"]},{"@type":"Person","@id":"https:\/\/www.victoriamedia.org\/ld\/#\/schema\/person\/a2e166f07bdda8a5ef0506501655c9ac","name":"Kerttu Vali","image":{"@type":"ImageObject","inLanguage":"en-US","@id":"https:\/\/secure.gravatar.com\/avatar\/62dbe1a847f655ad987c59fece23f885c4b0e7b06595c36d9597003852972217?s=96&d=mm&r=g","url":"https:\/\/secure.gravatar.com\/avatar\/62dbe1a847f655ad987c59fece23f885c4b0e7b06595c36d9597003852972217?s=96&d=mm&r=g","contentUrl":"https:\/\/secure.gravatar.com\/avatar\/62dbe1a847f655ad987c59fece23f885c4b0e7b06595c36d9597003852972217?s=96&d=mm&r=g","caption":"Kerttu Vali"},"sameAs":["http:\/\/www.victoriamedia.fi\/"],"url":"https:\/\/www.victoriamedia.org\/ld\/author\/kerttuvali\/"}]}},"_links":{"self":[{"href":"https:\/\/www.victoriamedia.org\/ld\/wp-json\/wp\/v2\/posts\/266","targetHints":{"allow":["GET"]}}],"collection":[{"href":"https:\/\/www.victoriamedia.org\/ld\/wp-json\/wp\/v2\/posts"}],"about":[{"href":"https:\/\/www.victoriamedia.org\/ld\/wp-json\/wp\/v2\/types\/post"}],"author":[{"embeddable":true,"href":"https:\/\/www.victoriamedia.org\/ld\/wp-json\/wp\/v2\/users\/1"}],"replies":[{"embeddable":true,"href":"https:\/\/www.victoriamedia.org\/ld\/wp-json\/wp\/v2\/comments?post=266"}],"version-history":[{"count":1,"href":"https:\/\/www.victoriamedia.org\/ld\/wp-json\/wp\/v2\/posts\/266\/revisions"}],"predecessor-version":[{"id":268,"href":"https:\/\/www.victoriamedia.org\/ld\/wp-json\/wp\/v2\/posts\/266\/revisions\/268"}],"wp:attachment":[{"href":"https:\/\/www.victoriamedia.org\/ld\/wp-json\/wp\/v2\/media?parent=266"}],"wp:term":[{"taxonomy":"category","embeddable":true,"href":"https:\/\/www.victoriamedia.org\/ld\/wp-json\/wp\/v2\/categories?post=266"},{"taxonomy":"post_tag","embeddable":true,"href":"https:\/\/www.victoriamedia.org\/ld\/wp-json\/wp\/v2\/tags?post=266"}],"curies":[{"name":"wp","href":"https:\/\/api.w.org\/{rel}","templated":true}]}}