{"id":261,"date":"2014-01-23T15:15:37","date_gmt":"2014-01-23T15:15:37","guid":{"rendered":"http:\/\/www.victoriamedia.org\/ld\/?p=261"},"modified":"2014-01-23T15:15:37","modified_gmt":"2014-01-23T15:15:37","slug":"stefan-lindfors-valitsee-fotofinlandian-voittajan","status":"publish","type":"post","link":"https:\/\/www.victoriamedia.org\/ld\/stefan-lindfors-valitsee-fotofinlandian-voittajan\/","title":{"rendered":"STEFAN LINDFORS VALITSEE FOTOFINLANDIAN VOITTAJAN"},"content":{"rendered":"<p>Fotofinlandia 2014 -kilpailun p\u00e4\u00e4tuomarina toimii Stefan Lindfors, jonka teht\u00e4v\u00e4 on valita\u00a0voittaja 20 finalistin joukosta. Lindfors (s.1962) on sisustusarkkitehti, muotoilija,\u00a0kuvanveist\u00e4j\u00e4 ja ohjaaja, joka vaikuttaa vahvasti monella taiteen ja teollisen muotoilun\u00a0alalla. H\u00e4n toteuttanut useita kansainv\u00e4lisi\u00e4 projekteja, ty\u00f6skennellyt opettajana\u00a0taidekorkeakouluissa ja toiminut kymmeniss\u00e4 kilpailujyryiss\u00e4 Euroopassa ja\u00a0Yhdysvalloissa.<\/p>\n<p>Avoimen valokuvakilpailun tulokset julkistetaan perjantaina 7.3. 2014 kello 11.30 Helsingin\u00a0Messukeskuksessa, miss\u00e4 Fotofinlandia-n\u00e4yttely on esill\u00e4 Kuva &amp; Kamera -messujen ajan.\u00a0Suomen valokuvaj\u00e4rjest\u00f6jen keskusliitto Finnfoton j\u00e4rjest\u00e4m\u00e4n avoimen kilpailun\u00a0tavoitteena on nostaa esiin suomalaisen valokuvataiteen ja k\u00e4ytt\u00f6kuvan tuoreita ilmi\u00f6it\u00e4.<\/p>\n<p>Kilpailun p\u00e4\u00e4palkinto 20 000 euroa rahoitetaan Kopiosto ry:n valokopiointikorvauksista\u00a0saaduilla varoilla.<\/p>\n","protected":false},"excerpt":{"rendered":"<p>Fotofinlandia 2014 -kilpailun p\u00e4\u00e4tuomarina toimii Stefan Lindfors, jonka teht\u00e4v\u00e4 on valita\u00a0voittaja 20 finalistin joukosta. Lindfors (s.1962) on sisustusarkkitehti, muotoilija,\u00a0kuvanveist\u00e4j\u00e4 ja ohjaaja, joka vaikuttaa vahvasti monella taiteen ja teollisen muotoilun\u00a0alalla. H\u00e4n toteuttanut useita kansainv\u00e4lisi\u00e4 projekteja, ty\u00f6skennellyt opettajana\u00a0taidekorkeakouluissa ja toiminut kymmeniss\u00e4 kilpailujyryiss\u00e4 Euroopassa ja\u00a0Yhdysvalloissa. Avoimen valokuvakilpailun tulokset julkistetaan perjantaina 7.3. 2014 kello 11.30 Helsingin\u00a0Messukeskuksessa, miss\u00e4 Fotofinlandia-n\u00e4yttely on [&hellip;]<\/p>\n","protected":false},"author":1,"featured_media":0,"comment_status":"closed","ping_status":"open","sticky":false,"template":"","format":"standard","meta":{"footnotes":""},"categories":[26],"tags":[],"class_list":["post-261","post","type-post","status-publish","format-standard","hentry","category-yleiset-uutiset"],"yoast_head":"<!-- This site is optimized with the Yoast SEO plugin v27.5 - https:\/\/yoast.com\/product\/yoast-seo-wordpress\/ -->\n<title>STEFAN LINDFORS VALITSEE FOTOFINLANDIAN VOITTAJAN - KAMERAT JA OPTISET LAITTEET<\/title>\n<meta name=\"robots\" content=\"index, follow, max-snippet:-1, max-image-preview:large, max-video-preview:-1\" \/>\n<link rel=\"canonical\" href=\"https:\/\/www.victoriamedia.org\/ld\/stefan-lindfors-valitsee-fotofinlandian-voittajan\/\" \/>\n<meta property=\"og:locale\" content=\"en_US\" \/>\n<meta property=\"og:type\" content=\"article\" \/>\n<meta property=\"og:title\" content=\"STEFAN LINDFORS VALITSEE FOTOFINLANDIAN VOITTAJAN - KAMERAT JA OPTISET LAITTEET\" \/>\n<meta property=\"og:description\" content=\"Fotofinlandia 2014 -kilpailun p\u00e4\u00e4tuomarina toimii Stefan Lindfors, jonka teht\u00e4v\u00e4 on valita\u00a0voittaja 20 finalistin joukosta. Lindfors (s.1962) on sisustusarkkitehti, muotoilija,\u00a0kuvanveist\u00e4j\u00e4 ja ohjaaja, joka vaikuttaa vahvasti monella taiteen ja teollisen muotoilun\u00a0alalla. H\u00e4n toteuttanut useita kansainv\u00e4lisi\u00e4 projekteja, ty\u00f6skennellyt opettajana\u00a0taidekorkeakouluissa ja toiminut kymmeniss\u00e4 kilpailujyryiss\u00e4 Euroopassa ja\u00a0Yhdysvalloissa. Avoimen valokuvakilpailun tulokset julkistetaan perjantaina 7.3. 2014 kello 11.30 Helsingin\u00a0Messukeskuksessa, miss\u00e4 Fotofinlandia-n\u00e4yttely on [&hellip;]\" \/>\n<meta property=\"og:url\" content=\"https:\/\/www.victoriamedia.org\/ld\/stefan-lindfors-valitsee-fotofinlandian-voittajan\/\" \/>\n<meta property=\"og:site_name\" content=\"KAMERAT JA OPTISET LAITTEET\" \/>\n<meta property=\"article:publisher\" content=\"https:\/\/www.facebook.com\/victoriamedia\" \/>\n<meta property=\"article:published_time\" content=\"2014-01-23T15:15:37+00:00\" \/>\n<meta name=\"author\" content=\"Kerttu Vali\" \/>\n<meta name=\"twitter:card\" content=\"summary_large_image\" \/>\n<meta name=\"twitter:creator\" content=\"@uutisparkki\" \/>\n<meta name=\"twitter:site\" content=\"@uutisparkki\" \/>\n<meta name=\"twitter:label1\" content=\"Written by\" \/>\n\t<meta name=\"twitter:data1\" content=\"Kerttu Vali\" \/>\n\t<meta name=\"twitter:label2\" content=\"Est. reading time\" \/>\n\t<meta name=\"twitter:data2\" content=\"1 minute\" \/>\n<script type=\"application\/ld+json\" class=\"yoast-schema-graph\">{\"@context\":\"https:\\\/\\\/schema.org\",\"@graph\":[{\"@type\":\"Article\",\"@id\":\"https:\\\/\\\/www.victoriamedia.org\\\/ld\\\/stefan-lindfors-valitsee-fotofinlandian-voittajan\\\/#article\",\"isPartOf\":{\"@id\":\"https:\\\/\\\/www.victoriamedia.org\\\/ld\\\/stefan-lindfors-valitsee-fotofinlandian-voittajan\\\/\"},\"author\":{\"name\":\"Kerttu Vali\",\"@id\":\"https:\\\/\\\/www.victoriamedia.org\\\/ld\\\/#\\\/schema\\\/person\\\/a2e166f07bdda8a5ef0506501655c9ac\"},\"headline\":\"STEFAN LINDFORS VALITSEE FOTOFINLANDIAN VOITTAJAN\",\"datePublished\":\"2014-01-23T15:15:37+00:00\",\"mainEntityOfPage\":{\"@id\":\"https:\\\/\\\/www.victoriamedia.org\\\/ld\\\/stefan-lindfors-valitsee-fotofinlandian-voittajan\\\/\"},\"wordCount\":110,\"publisher\":{\"@id\":\"https:\\\/\\\/www.victoriamedia.org\\\/ld\\\/#organization\"},\"articleSection\":[\"Yleiset uutiset\"],\"inLanguage\":\"en-US\"},{\"@type\":\"WebPage\",\"@id\":\"https:\\\/\\\/www.victoriamedia.org\\\/ld\\\/stefan-lindfors-valitsee-fotofinlandian-voittajan\\\/\",\"url\":\"https:\\\/\\\/www.victoriamedia.org\\\/ld\\\/stefan-lindfors-valitsee-fotofinlandian-voittajan\\\/\",\"name\":\"STEFAN LINDFORS VALITSEE FOTOFINLANDIAN VOITTAJAN - KAMERAT JA OPTISET LAITTEET\",\"isPartOf\":{\"@id\":\"https:\\\/\\\/www.victoriamedia.org\\\/ld\\\/#website\"},\"datePublished\":\"2014-01-23T15:15:37+00:00\",\"breadcrumb\":{\"@id\":\"https:\\\/\\\/www.victoriamedia.org\\\/ld\\\/stefan-lindfors-valitsee-fotofinlandian-voittajan\\\/#breadcrumb\"},\"inLanguage\":\"en-US\",\"potentialAction\":[{\"@type\":\"ReadAction\",\"target\":[\"https:\\\/\\\/www.victoriamedia.org\\\/ld\\\/stefan-lindfors-valitsee-fotofinlandian-voittajan\\\/\"]}]},{\"@type\":\"BreadcrumbList\",\"@id\":\"https:\\\/\\\/www.victoriamedia.org\\\/ld\\\/stefan-lindfors-valitsee-fotofinlandian-voittajan\\\/#breadcrumb\",\"itemListElement\":[{\"@type\":\"ListItem\",\"position\":1,\"name\":\"Home\",\"item\":\"https:\\\/\\\/www.victoriamedia.org\\\/ld\\\/\"},{\"@type\":\"ListItem\",\"position\":2,\"name\":\"STEFAN LINDFORS VALITSEE FOTOFINLANDIAN VOITTAJAN\"}]},{\"@type\":\"WebSite\",\"@id\":\"https:\\\/\\\/www.victoriamedia.org\\\/ld\\\/#website\",\"url\":\"https:\\\/\\\/www.victoriamedia.org\\\/ld\\\/\",\"name\":\"KAMERAT JA OPTISET LAITTEET\",\"description\":\"Kamerat Kiikarit ja optiset tarvikkeet\",\"publisher\":{\"@id\":\"https:\\\/\\\/www.victoriamedia.org\\\/ld\\\/#organization\"},\"potentialAction\":[{\"@type\":\"SearchAction\",\"target\":{\"@type\":\"EntryPoint\",\"urlTemplate\":\"https:\\\/\\\/www.victoriamedia.org\\\/ld\\\/?s={search_term_string}\"},\"query-input\":{\"@type\":\"PropertyValueSpecification\",\"valueRequired\":true,\"valueName\":\"search_term_string\"}}],\"inLanguage\":\"en-US\"},{\"@type\":\"Organization\",\"@id\":\"https:\\\/\\\/www.victoriamedia.org\\\/ld\\\/#organization\",\"name\":\"Victoria Media - Kamerauutiset\",\"url\":\"https:\\\/\\\/www.victoriamedia.org\\\/ld\\\/\",\"logo\":{\"@type\":\"ImageObject\",\"inLanguage\":\"en-US\",\"@id\":\"https:\\\/\\\/www.victoriamedia.org\\\/ld\\\/#\\\/schema\\\/logo\\\/image\\\/\",\"url\":\"https:\\\/\\\/www.victoriamedia.org\\\/ld\\\/wp-content\\\/uploads\\\/2022\\\/09\\\/292179098_555417722694101_2682724033383846896_n.png\",\"contentUrl\":\"https:\\\/\\\/www.victoriamedia.org\\\/ld\\\/wp-content\\\/uploads\\\/2022\\\/09\\\/292179098_555417722694101_2682724033383846896_n.png\",\"width\":215,\"height\":165,\"caption\":\"Victoria Media - Kamerauutiset\"},\"image\":{\"@id\":\"https:\\\/\\\/www.victoriamedia.org\\\/ld\\\/#\\\/schema\\\/logo\\\/image\\\/\"},\"sameAs\":[\"https:\\\/\\\/www.facebook.com\\\/victoriamedia\",\"https:\\\/\\\/x.com\\\/uutisparkki\"]},{\"@type\":\"Person\",\"@id\":\"https:\\\/\\\/www.victoriamedia.org\\\/ld\\\/#\\\/schema\\\/person\\\/a2e166f07bdda8a5ef0506501655c9ac\",\"name\":\"Kerttu Vali\",\"image\":{\"@type\":\"ImageObject\",\"inLanguage\":\"en-US\",\"@id\":\"https:\\\/\\\/secure.gravatar.com\\\/avatar\\\/62dbe1a847f655ad987c59fece23f885c4b0e7b06595c36d9597003852972217?s=96&d=mm&r=g\",\"url\":\"https:\\\/\\\/secure.gravatar.com\\\/avatar\\\/62dbe1a847f655ad987c59fece23f885c4b0e7b06595c36d9597003852972217?s=96&d=mm&r=g\",\"contentUrl\":\"https:\\\/\\\/secure.gravatar.com\\\/avatar\\\/62dbe1a847f655ad987c59fece23f885c4b0e7b06595c36d9597003852972217?s=96&d=mm&r=g\",\"caption\":\"Kerttu Vali\"},\"sameAs\":[\"http:\\\/\\\/www.victoriamedia.fi\\\/\"],\"url\":\"https:\\\/\\\/www.victoriamedia.org\\\/ld\\\/author\\\/kerttuvali\\\/\"}]}<\/script>\n<!-- \/ Yoast SEO plugin. -->","yoast_head_json":{"title":"STEFAN LINDFORS VALITSEE FOTOFINLANDIAN VOITTAJAN - KAMERAT JA OPTISET LAITTEET","robots":{"index":"index","follow":"follow","max-snippet":"max-snippet:-1","max-image-preview":"max-image-preview:large","max-video-preview":"max-video-preview:-1"},"canonical":"https:\/\/www.victoriamedia.org\/ld\/stefan-lindfors-valitsee-fotofinlandian-voittajan\/","og_locale":"en_US","og_type":"article","og_title":"STEFAN LINDFORS VALITSEE FOTOFINLANDIAN VOITTAJAN - KAMERAT JA OPTISET LAITTEET","og_description":"Fotofinlandia 2014 -kilpailun p\u00e4\u00e4tuomarina toimii Stefan Lindfors, jonka teht\u00e4v\u00e4 on valita\u00a0voittaja 20 finalistin joukosta. Lindfors (s.1962) on sisustusarkkitehti, muotoilija,\u00a0kuvanveist\u00e4j\u00e4 ja ohjaaja, joka vaikuttaa vahvasti monella taiteen ja teollisen muotoilun\u00a0alalla. H\u00e4n toteuttanut useita kansainv\u00e4lisi\u00e4 projekteja, ty\u00f6skennellyt opettajana\u00a0taidekorkeakouluissa ja toiminut kymmeniss\u00e4 kilpailujyryiss\u00e4 Euroopassa ja\u00a0Yhdysvalloissa. Avoimen valokuvakilpailun tulokset julkistetaan perjantaina 7.3. 2014 kello 11.30 Helsingin\u00a0Messukeskuksessa, miss\u00e4 Fotofinlandia-n\u00e4yttely on [&hellip;]","og_url":"https:\/\/www.victoriamedia.org\/ld\/stefan-lindfors-valitsee-fotofinlandian-voittajan\/","og_site_name":"KAMERAT JA OPTISET LAITTEET","article_publisher":"https:\/\/www.facebook.com\/victoriamedia","article_published_time":"2014-01-23T15:15:37+00:00","author":"Kerttu Vali","twitter_card":"summary_large_image","twitter_creator":"@uutisparkki","twitter_site":"@uutisparkki","twitter_misc":{"Written by":"Kerttu Vali","Est. reading time":"1 minute"},"schema":{"@context":"https:\/\/schema.org","@graph":[{"@type":"Article","@id":"https:\/\/www.victoriamedia.org\/ld\/stefan-lindfors-valitsee-fotofinlandian-voittajan\/#article","isPartOf":{"@id":"https:\/\/www.victoriamedia.org\/ld\/stefan-lindfors-valitsee-fotofinlandian-voittajan\/"},"author":{"name":"Kerttu Vali","@id":"https:\/\/www.victoriamedia.org\/ld\/#\/schema\/person\/a2e166f07bdda8a5ef0506501655c9ac"},"headline":"STEFAN LINDFORS VALITSEE FOTOFINLANDIAN VOITTAJAN","datePublished":"2014-01-23T15:15:37+00:00","mainEntityOfPage":{"@id":"https:\/\/www.victoriamedia.org\/ld\/stefan-lindfors-valitsee-fotofinlandian-voittajan\/"},"wordCount":110,"publisher":{"@id":"https:\/\/www.victoriamedia.org\/ld\/#organization"},"articleSection":["Yleiset uutiset"],"inLanguage":"en-US"},{"@type":"WebPage","@id":"https:\/\/www.victoriamedia.org\/ld\/stefan-lindfors-valitsee-fotofinlandian-voittajan\/","url":"https:\/\/www.victoriamedia.org\/ld\/stefan-lindfors-valitsee-fotofinlandian-voittajan\/","name":"STEFAN LINDFORS VALITSEE FOTOFINLANDIAN VOITTAJAN - KAMERAT JA OPTISET LAITTEET","isPartOf":{"@id":"https:\/\/www.victoriamedia.org\/ld\/#website"},"datePublished":"2014-01-23T15:15:37+00:00","breadcrumb":{"@id":"https:\/\/www.victoriamedia.org\/ld\/stefan-lindfors-valitsee-fotofinlandian-voittajan\/#breadcrumb"},"inLanguage":"en-US","potentialAction":[{"@type":"ReadAction","target":["https:\/\/www.victoriamedia.org\/ld\/stefan-lindfors-valitsee-fotofinlandian-voittajan\/"]}]},{"@type":"BreadcrumbList","@id":"https:\/\/www.victoriamedia.org\/ld\/stefan-lindfors-valitsee-fotofinlandian-voittajan\/#breadcrumb","itemListElement":[{"@type":"ListItem","position":1,"name":"Home","item":"https:\/\/www.victoriamedia.org\/ld\/"},{"@type":"ListItem","position":2,"name":"STEFAN LINDFORS VALITSEE FOTOFINLANDIAN VOITTAJAN"}]},{"@type":"WebSite","@id":"https:\/\/www.victoriamedia.org\/ld\/#website","url":"https:\/\/www.victoriamedia.org\/ld\/","name":"KAMERAT JA OPTISET LAITTEET","description":"Kamerat Kiikarit ja optiset tarvikkeet","publisher":{"@id":"https:\/\/www.victoriamedia.org\/ld\/#organization"},"potentialAction":[{"@type":"SearchAction","target":{"@type":"EntryPoint","urlTemplate":"https:\/\/www.victoriamedia.org\/ld\/?s={search_term_string}"},"query-input":{"@type":"PropertyValueSpecification","valueRequired":true,"valueName":"search_term_string"}}],"inLanguage":"en-US"},{"@type":"Organization","@id":"https:\/\/www.victoriamedia.org\/ld\/#organization","name":"Victoria Media - Kamerauutiset","url":"https:\/\/www.victoriamedia.org\/ld\/","logo":{"@type":"ImageObject","inLanguage":"en-US","@id":"https:\/\/www.victoriamedia.org\/ld\/#\/schema\/logo\/image\/","url":"https:\/\/www.victoriamedia.org\/ld\/wp-content\/uploads\/2022\/09\/292179098_555417722694101_2682724033383846896_n.png","contentUrl":"https:\/\/www.victoriamedia.org\/ld\/wp-content\/uploads\/2022\/09\/292179098_555417722694101_2682724033383846896_n.png","width":215,"height":165,"caption":"Victoria Media - Kamerauutiset"},"image":{"@id":"https:\/\/www.victoriamedia.org\/ld\/#\/schema\/logo\/image\/"},"sameAs":["https:\/\/www.facebook.com\/victoriamedia","https:\/\/x.com\/uutisparkki"]},{"@type":"Person","@id":"https:\/\/www.victoriamedia.org\/ld\/#\/schema\/person\/a2e166f07bdda8a5ef0506501655c9ac","name":"Kerttu Vali","image":{"@type":"ImageObject","inLanguage":"en-US","@id":"https:\/\/secure.gravatar.com\/avatar\/62dbe1a847f655ad987c59fece23f885c4b0e7b06595c36d9597003852972217?s=96&d=mm&r=g","url":"https:\/\/secure.gravatar.com\/avatar\/62dbe1a847f655ad987c59fece23f885c4b0e7b06595c36d9597003852972217?s=96&d=mm&r=g","contentUrl":"https:\/\/secure.gravatar.com\/avatar\/62dbe1a847f655ad987c59fece23f885c4b0e7b06595c36d9597003852972217?s=96&d=mm&r=g","caption":"Kerttu Vali"},"sameAs":["http:\/\/www.victoriamedia.fi\/"],"url":"https:\/\/www.victoriamedia.org\/ld\/author\/kerttuvali\/"}]}},"_links":{"self":[{"href":"https:\/\/www.victoriamedia.org\/ld\/wp-json\/wp\/v2\/posts\/261","targetHints":{"allow":["GET"]}}],"collection":[{"href":"https:\/\/www.victoriamedia.org\/ld\/wp-json\/wp\/v2\/posts"}],"about":[{"href":"https:\/\/www.victoriamedia.org\/ld\/wp-json\/wp\/v2\/types\/post"}],"author":[{"embeddable":true,"href":"https:\/\/www.victoriamedia.org\/ld\/wp-json\/wp\/v2\/users\/1"}],"replies":[{"embeddable":true,"href":"https:\/\/www.victoriamedia.org\/ld\/wp-json\/wp\/v2\/comments?post=261"}],"version-history":[{"count":1,"href":"https:\/\/www.victoriamedia.org\/ld\/wp-json\/wp\/v2\/posts\/261\/revisions"}],"predecessor-version":[{"id":262,"href":"https:\/\/www.victoriamedia.org\/ld\/wp-json\/wp\/v2\/posts\/261\/revisions\/262"}],"wp:attachment":[{"href":"https:\/\/www.victoriamedia.org\/ld\/wp-json\/wp\/v2\/media?parent=261"}],"wp:term":[{"taxonomy":"category","embeddable":true,"href":"https:\/\/www.victoriamedia.org\/ld\/wp-json\/wp\/v2\/categories?post=261"},{"taxonomy":"post_tag","embeddable":true,"href":"https:\/\/www.victoriamedia.org\/ld\/wp-json\/wp\/v2\/tags?post=261"}],"curies":[{"name":"wp","href":"https:\/\/api.w.org\/{rel}","templated":true}]}}