{"id":257,"date":"2014-01-07T17:25:12","date_gmt":"2014-01-07T17:25:12","guid":{"rendered":"http:\/\/www.victoriamedia.org\/ld\/?p=257"},"modified":"2014-01-07T17:25:12","modified_gmt":"2014-01-07T17:25:12","slug":"kompaktia-kaukokuvausta-samsung-wb350flla","status":"publish","type":"post","link":"https:\/\/www.victoriamedia.org\/ld\/kompaktia-kaukokuvausta-samsung-wb350flla\/","title":{"rendered":"Kompaktia kaukokuvausta Samsung WB350F:ll\u00e4"},"content":{"rendered":"<p style=\"text-align: left;\" align=\"center\"><a href=\"http:\/\/www.victoriamedia.org\/ld\/wp-content\/uploads\/2014\/01\/wb350f_005_right-angle_black.jpg\"><img loading=\"lazy\" decoding=\"async\" class=\"alignnone  wp-image-258\" alt=\"wb350f_005_right-angle_black\" src=\"http:\/\/www.victoriamedia.org\/ld\/wp-content\/uploads\/2014\/01\/wb350f_005_right-angle_black.jpg\" width=\"573\" height=\"382\" srcset=\"https:\/\/www.victoriamedia.org\/ld\/wp-content\/uploads\/2014\/01\/wb350f_005_right-angle_black.jpg 1024w, https:\/\/www.victoriamedia.org\/ld\/wp-content\/uploads\/2014\/01\/wb350f_005_right-angle_black-300x200.jpg 300w\" sizes=\"auto, (max-width: 573px) 100vw, 573px\" \/><\/a><\/p>\n<p style=\"text-align: left;\" align=\"center\"><strong>Kompaktia kaukokuvausta WB350F:ll\u00e4<\/strong><\/p>\n<p style=\"text-align: left;\" align=\"center\"><em>Samsung WB350F tuo kaukaisetkin kohteet l\u00e4helle<\/em><\/p>\n<p align=\"left\">Vuosi sitten Samsung esitteli CES-messuilla WB250F ja WB800F-kamerat. Malliston versio 3.0, WB350F, on nyt t\u00e4\u00e4ll\u00e4. Kamera on varustettu 21x optisella zoomilla, 23mm:n laajakulmalla ja 16 megapikselin BSI CMOS -kennolla. Kamerassa on NFC:n ja Wi-Fin lis\u00e4ksi uusi Tag &amp; Go -toiminto, joka tuo kameraan \u00e4lypuhelimista tuttuja ominaisuuksia. Toiminnon avulla kameran kuvamateriaali voidaan jakaa v\u00e4litt\u00f6m\u00e4sti muiden n\u00e4ht\u00e4v\u00e4ksi. Kameran saa useina eri v\u00e4rivaihtoehtoina: valkoisena, mustana, ruskeana, sinisen\u00e4 ja punaisena. WB350F tulee kauppoihin tammikuun lopussa ja sen suositushinta on 270 euroa. CES-messuilla on esill\u00e4 my\u00f6s kaksi sisarlaitetta WB-sarjaan. WB35F:n ja WB50F:n suositushinnat ovat 150 ja 180 euroa.<\/p>\n","protected":false},"excerpt":{"rendered":"<p>Kompaktia kaukokuvausta WB350F:ll\u00e4 Samsung WB350F tuo kaukaisetkin kohteet l\u00e4helle Vuosi sitten Samsung esitteli CES-messuilla WB250F ja WB800F-kamerat. Malliston versio 3.0, WB350F, on nyt t\u00e4\u00e4ll\u00e4. Kamera on varustettu 21x optisella zoomilla, 23mm:n laajakulmalla ja 16 megapikselin BSI CMOS -kennolla. Kamerassa on NFC:n ja Wi-Fin lis\u00e4ksi uusi Tag &amp; Go -toiminto, joka tuo kameraan \u00e4lypuhelimista tuttuja ominaisuuksia. [&hellip;]<\/p>\n","protected":false},"author":1,"featured_media":0,"comment_status":"closed","ping_status":"open","sticky":false,"template":"","format":"standard","meta":{"footnotes":""},"categories":[24],"tags":[],"class_list":["post-257","post","type-post","status-publish","format-standard","hentry","category-kamerat"],"yoast_head":"<!-- This site is optimized with the Yoast SEO plugin v27.5 - https:\/\/yoast.com\/product\/yoast-seo-wordpress\/ -->\n<title>Kompaktia kaukokuvausta Samsung WB350F:ll\u00e4 - KAMERAT JA OPTISET LAITTEET<\/title>\n<meta name=\"robots\" content=\"index, follow, max-snippet:-1, max-image-preview:large, max-video-preview:-1\" \/>\n<link rel=\"canonical\" href=\"https:\/\/www.victoriamedia.org\/ld\/kompaktia-kaukokuvausta-samsung-wb350flla\/\" \/>\n<meta property=\"og:locale\" content=\"en_US\" \/>\n<meta property=\"og:type\" content=\"article\" \/>\n<meta property=\"og:title\" content=\"Kompaktia kaukokuvausta Samsung WB350F:ll\u00e4 - KAMERAT JA OPTISET LAITTEET\" \/>\n<meta property=\"og:description\" content=\"Kompaktia kaukokuvausta WB350F:ll\u00e4 Samsung WB350F tuo kaukaisetkin kohteet l\u00e4helle Vuosi sitten Samsung esitteli CES-messuilla WB250F ja WB800F-kamerat. Malliston versio 3.0, WB350F, on nyt t\u00e4\u00e4ll\u00e4. Kamera on varustettu 21x optisella zoomilla, 23mm:n laajakulmalla ja 16 megapikselin BSI CMOS -kennolla. Kamerassa on NFC:n ja Wi-Fin lis\u00e4ksi uusi Tag &amp; Go -toiminto, joka tuo kameraan \u00e4lypuhelimista tuttuja ominaisuuksia. [&hellip;]\" \/>\n<meta property=\"og:url\" content=\"https:\/\/www.victoriamedia.org\/ld\/kompaktia-kaukokuvausta-samsung-wb350flla\/\" \/>\n<meta property=\"og:site_name\" content=\"KAMERAT JA OPTISET LAITTEET\" \/>\n<meta property=\"article:publisher\" content=\"https:\/\/www.facebook.com\/victoriamedia\" \/>\n<meta property=\"article:published_time\" content=\"2014-01-07T17:25:12+00:00\" \/>\n<meta property=\"og:image\" content=\"http:\/\/www.victoriamedia.org\/ld\/wp-content\/uploads\/2014\/01\/wb350f_005_right-angle_black.jpg\" \/>\n<meta name=\"author\" content=\"Kerttu Vali\" \/>\n<meta name=\"twitter:card\" content=\"summary_large_image\" \/>\n<meta name=\"twitter:creator\" content=\"@uutisparkki\" \/>\n<meta name=\"twitter:site\" content=\"@uutisparkki\" \/>\n<meta name=\"twitter:label1\" content=\"Written by\" \/>\n\t<meta name=\"twitter:data1\" content=\"Kerttu Vali\" \/>\n\t<meta name=\"twitter:label2\" content=\"Est. reading time\" \/>\n\t<meta name=\"twitter:data2\" content=\"1 minute\" \/>\n<script type=\"application\/ld+json\" class=\"yoast-schema-graph\">{\"@context\":\"https:\\\/\\\/schema.org\",\"@graph\":[{\"@type\":\"Article\",\"@id\":\"https:\\\/\\\/www.victoriamedia.org\\\/ld\\\/kompaktia-kaukokuvausta-samsung-wb350flla\\\/#article\",\"isPartOf\":{\"@id\":\"https:\\\/\\\/www.victoriamedia.org\\\/ld\\\/kompaktia-kaukokuvausta-samsung-wb350flla\\\/\"},\"author\":{\"name\":\"Kerttu Vali\",\"@id\":\"https:\\\/\\\/www.victoriamedia.org\\\/ld\\\/#\\\/schema\\\/person\\\/a2e166f07bdda8a5ef0506501655c9ac\"},\"headline\":\"Kompaktia kaukokuvausta Samsung WB350F:ll\u00e4\",\"datePublished\":\"2014-01-07T17:25:12+00:00\",\"mainEntityOfPage\":{\"@id\":\"https:\\\/\\\/www.victoriamedia.org\\\/ld\\\/kompaktia-kaukokuvausta-samsung-wb350flla\\\/\"},\"wordCount\":127,\"publisher\":{\"@id\":\"https:\\\/\\\/www.victoriamedia.org\\\/ld\\\/#organization\"},\"image\":{\"@id\":\"https:\\\/\\\/www.victoriamedia.org\\\/ld\\\/kompaktia-kaukokuvausta-samsung-wb350flla\\\/#primaryimage\"},\"thumbnailUrl\":\"http:\\\/\\\/www.victoriamedia.org\\\/ld\\\/wp-content\\\/uploads\\\/2014\\\/01\\\/wb350f_005_right-angle_black.jpg\",\"articleSection\":[\"Kamerat\"],\"inLanguage\":\"en-US\"},{\"@type\":\"WebPage\",\"@id\":\"https:\\\/\\\/www.victoriamedia.org\\\/ld\\\/kompaktia-kaukokuvausta-samsung-wb350flla\\\/\",\"url\":\"https:\\\/\\\/www.victoriamedia.org\\\/ld\\\/kompaktia-kaukokuvausta-samsung-wb350flla\\\/\",\"name\":\"Kompaktia kaukokuvausta Samsung WB350F:ll\u00e4 - KAMERAT JA OPTISET LAITTEET\",\"isPartOf\":{\"@id\":\"https:\\\/\\\/www.victoriamedia.org\\\/ld\\\/#website\"},\"primaryImageOfPage\":{\"@id\":\"https:\\\/\\\/www.victoriamedia.org\\\/ld\\\/kompaktia-kaukokuvausta-samsung-wb350flla\\\/#primaryimage\"},\"image\":{\"@id\":\"https:\\\/\\\/www.victoriamedia.org\\\/ld\\\/kompaktia-kaukokuvausta-samsung-wb350flla\\\/#primaryimage\"},\"thumbnailUrl\":\"http:\\\/\\\/www.victoriamedia.org\\\/ld\\\/wp-content\\\/uploads\\\/2014\\\/01\\\/wb350f_005_right-angle_black.jpg\",\"datePublished\":\"2014-01-07T17:25:12+00:00\",\"breadcrumb\":{\"@id\":\"https:\\\/\\\/www.victoriamedia.org\\\/ld\\\/kompaktia-kaukokuvausta-samsung-wb350flla\\\/#breadcrumb\"},\"inLanguage\":\"en-US\",\"potentialAction\":[{\"@type\":\"ReadAction\",\"target\":[\"https:\\\/\\\/www.victoriamedia.org\\\/ld\\\/kompaktia-kaukokuvausta-samsung-wb350flla\\\/\"]}]},{\"@type\":\"ImageObject\",\"inLanguage\":\"en-US\",\"@id\":\"https:\\\/\\\/www.victoriamedia.org\\\/ld\\\/kompaktia-kaukokuvausta-samsung-wb350flla\\\/#primaryimage\",\"url\":\"https:\\\/\\\/www.victoriamedia.org\\\/ld\\\/wp-content\\\/uploads\\\/2014\\\/01\\\/wb350f_005_right-angle_black.jpg\",\"contentUrl\":\"https:\\\/\\\/www.victoriamedia.org\\\/ld\\\/wp-content\\\/uploads\\\/2014\\\/01\\\/wb350f_005_right-angle_black.jpg\",\"width\":1024,\"height\":683},{\"@type\":\"BreadcrumbList\",\"@id\":\"https:\\\/\\\/www.victoriamedia.org\\\/ld\\\/kompaktia-kaukokuvausta-samsung-wb350flla\\\/#breadcrumb\",\"itemListElement\":[{\"@type\":\"ListItem\",\"position\":1,\"name\":\"Home\",\"item\":\"https:\\\/\\\/www.victoriamedia.org\\\/ld\\\/\"},{\"@type\":\"ListItem\",\"position\":2,\"name\":\"Kompaktia kaukokuvausta Samsung WB350F:ll\u00e4\"}]},{\"@type\":\"WebSite\",\"@id\":\"https:\\\/\\\/www.victoriamedia.org\\\/ld\\\/#website\",\"url\":\"https:\\\/\\\/www.victoriamedia.org\\\/ld\\\/\",\"name\":\"KAMERAT JA OPTISET LAITTEET\",\"description\":\"Kamerat Kiikarit ja optiset tarvikkeet\",\"publisher\":{\"@id\":\"https:\\\/\\\/www.victoriamedia.org\\\/ld\\\/#organization\"},\"potentialAction\":[{\"@type\":\"SearchAction\",\"target\":{\"@type\":\"EntryPoint\",\"urlTemplate\":\"https:\\\/\\\/www.victoriamedia.org\\\/ld\\\/?s={search_term_string}\"},\"query-input\":{\"@type\":\"PropertyValueSpecification\",\"valueRequired\":true,\"valueName\":\"search_term_string\"}}],\"inLanguage\":\"en-US\"},{\"@type\":\"Organization\",\"@id\":\"https:\\\/\\\/www.victoriamedia.org\\\/ld\\\/#organization\",\"name\":\"Victoria Media - Kamerauutiset\",\"url\":\"https:\\\/\\\/www.victoriamedia.org\\\/ld\\\/\",\"logo\":{\"@type\":\"ImageObject\",\"inLanguage\":\"en-US\",\"@id\":\"https:\\\/\\\/www.victoriamedia.org\\\/ld\\\/#\\\/schema\\\/logo\\\/image\\\/\",\"url\":\"https:\\\/\\\/www.victoriamedia.org\\\/ld\\\/wp-content\\\/uploads\\\/2022\\\/09\\\/292179098_555417722694101_2682724033383846896_n.png\",\"contentUrl\":\"https:\\\/\\\/www.victoriamedia.org\\\/ld\\\/wp-content\\\/uploads\\\/2022\\\/09\\\/292179098_555417722694101_2682724033383846896_n.png\",\"width\":215,\"height\":165,\"caption\":\"Victoria Media - Kamerauutiset\"},\"image\":{\"@id\":\"https:\\\/\\\/www.victoriamedia.org\\\/ld\\\/#\\\/schema\\\/logo\\\/image\\\/\"},\"sameAs\":[\"https:\\\/\\\/www.facebook.com\\\/victoriamedia\",\"https:\\\/\\\/x.com\\\/uutisparkki\"]},{\"@type\":\"Person\",\"@id\":\"https:\\\/\\\/www.victoriamedia.org\\\/ld\\\/#\\\/schema\\\/person\\\/a2e166f07bdda8a5ef0506501655c9ac\",\"name\":\"Kerttu Vali\",\"image\":{\"@type\":\"ImageObject\",\"inLanguage\":\"en-US\",\"@id\":\"https:\\\/\\\/secure.gravatar.com\\\/avatar\\\/62dbe1a847f655ad987c59fece23f885c4b0e7b06595c36d9597003852972217?s=96&d=mm&r=g\",\"url\":\"https:\\\/\\\/secure.gravatar.com\\\/avatar\\\/62dbe1a847f655ad987c59fece23f885c4b0e7b06595c36d9597003852972217?s=96&d=mm&r=g\",\"contentUrl\":\"https:\\\/\\\/secure.gravatar.com\\\/avatar\\\/62dbe1a847f655ad987c59fece23f885c4b0e7b06595c36d9597003852972217?s=96&d=mm&r=g\",\"caption\":\"Kerttu Vali\"},\"sameAs\":[\"http:\\\/\\\/www.victoriamedia.fi\\\/\"],\"url\":\"https:\\\/\\\/www.victoriamedia.org\\\/ld\\\/author\\\/kerttuvali\\\/\"}]}<\/script>\n<!-- \/ Yoast SEO plugin. -->","yoast_head_json":{"title":"Kompaktia kaukokuvausta Samsung WB350F:ll\u00e4 - KAMERAT JA OPTISET LAITTEET","robots":{"index":"index","follow":"follow","max-snippet":"max-snippet:-1","max-image-preview":"max-image-preview:large","max-video-preview":"max-video-preview:-1"},"canonical":"https:\/\/www.victoriamedia.org\/ld\/kompaktia-kaukokuvausta-samsung-wb350flla\/","og_locale":"en_US","og_type":"article","og_title":"Kompaktia kaukokuvausta Samsung WB350F:ll\u00e4 - KAMERAT JA OPTISET LAITTEET","og_description":"Kompaktia kaukokuvausta WB350F:ll\u00e4 Samsung WB350F tuo kaukaisetkin kohteet l\u00e4helle Vuosi sitten Samsung esitteli CES-messuilla WB250F ja WB800F-kamerat. Malliston versio 3.0, WB350F, on nyt t\u00e4\u00e4ll\u00e4. Kamera on varustettu 21x optisella zoomilla, 23mm:n laajakulmalla ja 16 megapikselin BSI CMOS -kennolla. Kamerassa on NFC:n ja Wi-Fin lis\u00e4ksi uusi Tag &amp; Go -toiminto, joka tuo kameraan \u00e4lypuhelimista tuttuja ominaisuuksia. [&hellip;]","og_url":"https:\/\/www.victoriamedia.org\/ld\/kompaktia-kaukokuvausta-samsung-wb350flla\/","og_site_name":"KAMERAT JA OPTISET LAITTEET","article_publisher":"https:\/\/www.facebook.com\/victoriamedia","article_published_time":"2014-01-07T17:25:12+00:00","og_image":[{"url":"http:\/\/www.victoriamedia.org\/ld\/wp-content\/uploads\/2014\/01\/wb350f_005_right-angle_black.jpg","type":"","width":"","height":""}],"author":"Kerttu Vali","twitter_card":"summary_large_image","twitter_creator":"@uutisparkki","twitter_site":"@uutisparkki","twitter_misc":{"Written by":"Kerttu Vali","Est. reading time":"1 minute"},"schema":{"@context":"https:\/\/schema.org","@graph":[{"@type":"Article","@id":"https:\/\/www.victoriamedia.org\/ld\/kompaktia-kaukokuvausta-samsung-wb350flla\/#article","isPartOf":{"@id":"https:\/\/www.victoriamedia.org\/ld\/kompaktia-kaukokuvausta-samsung-wb350flla\/"},"author":{"name":"Kerttu Vali","@id":"https:\/\/www.victoriamedia.org\/ld\/#\/schema\/person\/a2e166f07bdda8a5ef0506501655c9ac"},"headline":"Kompaktia kaukokuvausta Samsung WB350F:ll\u00e4","datePublished":"2014-01-07T17:25:12+00:00","mainEntityOfPage":{"@id":"https:\/\/www.victoriamedia.org\/ld\/kompaktia-kaukokuvausta-samsung-wb350flla\/"},"wordCount":127,"publisher":{"@id":"https:\/\/www.victoriamedia.org\/ld\/#organization"},"image":{"@id":"https:\/\/www.victoriamedia.org\/ld\/kompaktia-kaukokuvausta-samsung-wb350flla\/#primaryimage"},"thumbnailUrl":"http:\/\/www.victoriamedia.org\/ld\/wp-content\/uploads\/2014\/01\/wb350f_005_right-angle_black.jpg","articleSection":["Kamerat"],"inLanguage":"en-US"},{"@type":"WebPage","@id":"https:\/\/www.victoriamedia.org\/ld\/kompaktia-kaukokuvausta-samsung-wb350flla\/","url":"https:\/\/www.victoriamedia.org\/ld\/kompaktia-kaukokuvausta-samsung-wb350flla\/","name":"Kompaktia kaukokuvausta Samsung WB350F:ll\u00e4 - KAMERAT JA OPTISET LAITTEET","isPartOf":{"@id":"https:\/\/www.victoriamedia.org\/ld\/#website"},"primaryImageOfPage":{"@id":"https:\/\/www.victoriamedia.org\/ld\/kompaktia-kaukokuvausta-samsung-wb350flla\/#primaryimage"},"image":{"@id":"https:\/\/www.victoriamedia.org\/ld\/kompaktia-kaukokuvausta-samsung-wb350flla\/#primaryimage"},"thumbnailUrl":"http:\/\/www.victoriamedia.org\/ld\/wp-content\/uploads\/2014\/01\/wb350f_005_right-angle_black.jpg","datePublished":"2014-01-07T17:25:12+00:00","breadcrumb":{"@id":"https:\/\/www.victoriamedia.org\/ld\/kompaktia-kaukokuvausta-samsung-wb350flla\/#breadcrumb"},"inLanguage":"en-US","potentialAction":[{"@type":"ReadAction","target":["https:\/\/www.victoriamedia.org\/ld\/kompaktia-kaukokuvausta-samsung-wb350flla\/"]}]},{"@type":"ImageObject","inLanguage":"en-US","@id":"https:\/\/www.victoriamedia.org\/ld\/kompaktia-kaukokuvausta-samsung-wb350flla\/#primaryimage","url":"https:\/\/www.victoriamedia.org\/ld\/wp-content\/uploads\/2014\/01\/wb350f_005_right-angle_black.jpg","contentUrl":"https:\/\/www.victoriamedia.org\/ld\/wp-content\/uploads\/2014\/01\/wb350f_005_right-angle_black.jpg","width":1024,"height":683},{"@type":"BreadcrumbList","@id":"https:\/\/www.victoriamedia.org\/ld\/kompaktia-kaukokuvausta-samsung-wb350flla\/#breadcrumb","itemListElement":[{"@type":"ListItem","position":1,"name":"Home","item":"https:\/\/www.victoriamedia.org\/ld\/"},{"@type":"ListItem","position":2,"name":"Kompaktia kaukokuvausta Samsung WB350F:ll\u00e4"}]},{"@type":"WebSite","@id":"https:\/\/www.victoriamedia.org\/ld\/#website","url":"https:\/\/www.victoriamedia.org\/ld\/","name":"KAMERAT JA OPTISET LAITTEET","description":"Kamerat Kiikarit ja optiset tarvikkeet","publisher":{"@id":"https:\/\/www.victoriamedia.org\/ld\/#organization"},"potentialAction":[{"@type":"SearchAction","target":{"@type":"EntryPoint","urlTemplate":"https:\/\/www.victoriamedia.org\/ld\/?s={search_term_string}"},"query-input":{"@type":"PropertyValueSpecification","valueRequired":true,"valueName":"search_term_string"}}],"inLanguage":"en-US"},{"@type":"Organization","@id":"https:\/\/www.victoriamedia.org\/ld\/#organization","name":"Victoria Media - Kamerauutiset","url":"https:\/\/www.victoriamedia.org\/ld\/","logo":{"@type":"ImageObject","inLanguage":"en-US","@id":"https:\/\/www.victoriamedia.org\/ld\/#\/schema\/logo\/image\/","url":"https:\/\/www.victoriamedia.org\/ld\/wp-content\/uploads\/2022\/09\/292179098_555417722694101_2682724033383846896_n.png","contentUrl":"https:\/\/www.victoriamedia.org\/ld\/wp-content\/uploads\/2022\/09\/292179098_555417722694101_2682724033383846896_n.png","width":215,"height":165,"caption":"Victoria Media - Kamerauutiset"},"image":{"@id":"https:\/\/www.victoriamedia.org\/ld\/#\/schema\/logo\/image\/"},"sameAs":["https:\/\/www.facebook.com\/victoriamedia","https:\/\/x.com\/uutisparkki"]},{"@type":"Person","@id":"https:\/\/www.victoriamedia.org\/ld\/#\/schema\/person\/a2e166f07bdda8a5ef0506501655c9ac","name":"Kerttu Vali","image":{"@type":"ImageObject","inLanguage":"en-US","@id":"https:\/\/secure.gravatar.com\/avatar\/62dbe1a847f655ad987c59fece23f885c4b0e7b06595c36d9597003852972217?s=96&d=mm&r=g","url":"https:\/\/secure.gravatar.com\/avatar\/62dbe1a847f655ad987c59fece23f885c4b0e7b06595c36d9597003852972217?s=96&d=mm&r=g","contentUrl":"https:\/\/secure.gravatar.com\/avatar\/62dbe1a847f655ad987c59fece23f885c4b0e7b06595c36d9597003852972217?s=96&d=mm&r=g","caption":"Kerttu Vali"},"sameAs":["http:\/\/www.victoriamedia.fi\/"],"url":"https:\/\/www.victoriamedia.org\/ld\/author\/kerttuvali\/"}]}},"_links":{"self":[{"href":"https:\/\/www.victoriamedia.org\/ld\/wp-json\/wp\/v2\/posts\/257","targetHints":{"allow":["GET"]}}],"collection":[{"href":"https:\/\/www.victoriamedia.org\/ld\/wp-json\/wp\/v2\/posts"}],"about":[{"href":"https:\/\/www.victoriamedia.org\/ld\/wp-json\/wp\/v2\/types\/post"}],"author":[{"embeddable":true,"href":"https:\/\/www.victoriamedia.org\/ld\/wp-json\/wp\/v2\/users\/1"}],"replies":[{"embeddable":true,"href":"https:\/\/www.victoriamedia.org\/ld\/wp-json\/wp\/v2\/comments?post=257"}],"version-history":[{"count":1,"href":"https:\/\/www.victoriamedia.org\/ld\/wp-json\/wp\/v2\/posts\/257\/revisions"}],"predecessor-version":[{"id":259,"href":"https:\/\/www.victoriamedia.org\/ld\/wp-json\/wp\/v2\/posts\/257\/revisions\/259"}],"wp:attachment":[{"href":"https:\/\/www.victoriamedia.org\/ld\/wp-json\/wp\/v2\/media?parent=257"}],"wp:term":[{"taxonomy":"category","embeddable":true,"href":"https:\/\/www.victoriamedia.org\/ld\/wp-json\/wp\/v2\/categories?post=257"},{"taxonomy":"post_tag","embeddable":true,"href":"https:\/\/www.victoriamedia.org\/ld\/wp-json\/wp\/v2\/tags?post=257"}],"curies":[{"name":"wp","href":"https:\/\/api.w.org\/{rel}","templated":true}]}}