{"id":247,"date":"2013-12-06T12:53:45","date_gmt":"2013-12-06T12:53:45","guid":{"rendered":"http:\/\/www.victoriamedia.org\/ld\/?p=247"},"modified":"2013-12-06T12:53:45","modified_gmt":"2013-12-06T12:53:45","slug":"uusi-laajakulmaobjektiivi-samyangilta","status":"publish","type":"post","link":"https:\/\/www.victoriamedia.org\/ld\/uusi-laajakulmaobjektiivi-samyangilta\/","title":{"rendered":"Uusi laajakulmaobjektiivi Samyangilta"},"content":{"rendered":"<p><a href=\"http:\/\/www.victoriamedia.org\/ld\/wp-content\/uploads\/2013\/12\/pg0ilcsypb1qmyecilue.jpg\"><img loading=\"lazy\" decoding=\"async\" class=\"alignnone  wp-image-248\" alt=\"pg0ilcsypb1qmyecilue\" src=\"http:\/\/www.victoriamedia.org\/ld\/wp-content\/uploads\/2013\/12\/pg0ilcsypb1qmyecilue.jpg\" width=\"504\" height=\"366\" srcset=\"https:\/\/www.victoriamedia.org\/ld\/wp-content\/uploads\/2013\/12\/pg0ilcsypb1qmyecilue.jpg 700w, https:\/\/www.victoriamedia.org\/ld\/wp-content\/uploads\/2013\/12\/pg0ilcsypb1qmyecilue-300x218.jpg 300w\" sizes=\"auto, (max-width: 504px) 100vw, 504px\" \/><\/a><\/p>\n<p>&nbsp;<\/p>\n<p><b>Samyang 10mm F\/2,8 ED AS NCS CS<\/b><\/p>\n<p>Samyang esitteli t\u00e4m\u00e4n polttov\u00e4lin objektiivin prototyypin jo Photokinassa 2012, mutta sen j\u00e4lkeen on tapahtunut paljon. Objektiivin koon pienent\u00e4miseen on k\u00e4ytetty paljon energiaa samalla kun optinen suorituskyky on haluttu pit\u00e4\u00e4 mahdollisimman hyv\u00e4n\u00e4. T\u00e4st\u00e4 syyst\u00e4 lopullinen versio eroaa suuresti aiemmin esitellyst\u00e4 prototyypist\u00e4.<\/p>\n<p>\u201dEritt\u00e4in laadukas laajakulmaobjektiivi maksaan normaalisti paljon, mutta Samyang n\u00e4ytt\u00e4\u00e4 j\u00e4lleen, ett\u00e4 he voivat valmistaa huippuoptiikkaa edullisesti\u201d, kertoo Juha Korteniemi, Samyangia maahantuovalta Focus Nordicilta. \u201dJos olet valmis ty\u00f6skentelem\u00e4\u00e4n manuaalitarkennuksella, saat varmasti vastinetta rahoillesi\u201d<\/p>\n<p>Objektiivi on v\u00e4\u00e4ristym\u00e4korjattu ja sen polttov\u00e4li on 10mm (kinovastaavuus 15mm APS-C ja 20mm MFT) ja sen kuvakulma on jopa 109,5 astetta, joten se sopii hyvin niin sis\u00e4-, arkkitehtuuri- kuin maisemakuvaukseenkin.<\/p>\n<p>L\u00e4hin tarkennuset\u00e4isyys 25 cm antaa mahdollisuuksia mielenkiintoisiin kuviin.<\/p>\n<p>Objektiivin rakenne koostuu 14 linssist\u00e4, 10 ryhm\u00e4ss\u00e4, joista kaksi on asf\u00e4\u00e4rist\u00e4 linssielementti\u00e4 ja yksi ED-lasielementti (Extra-low Dispersion).<\/p>\n<p><b>Samyang NCS \u2013 Nano-pinnoitus<\/b><\/p>\n<p>10mm F\/2,8 on Samyangin ensimm\u00e4inen objektiivi, jossa on t\u00e4ysin uusi heijastamaton nanokristallipinnoite. T\u00e4m\u00e4 mahdollistaa entist\u00e4 paremman valon l\u00e4p\u00e4isyn, v\u00e4hent\u00e4\u00e4 heijastuksia ja parantaa kontrastia, jotka yhdess\u00e4 tarjoavat eritt\u00e4in korkean resoluution, joka riitt\u00e4\u00e4 parhaimmillekin markkinoilla oleville kameroille.<\/p>\n<p>Objektiivissa on manuaalitarkennus.<\/p>\n<p>Se tulee saataville seuraavilla kiinnityksill\u00e4: Canon EOS, Nikon AE, Pentax K, Sony A, Canon M, Fujifilm X, Samsung NX, Sony E, Four Thirds ja Micro Four Thirds (kaksi viimeist\u00e4 sopivat Olympuksen ja Panasonicin -j\u00e4rjestelmiin).<\/p>\n<p><b>Hinta ja saatavuus<\/b><\/p>\n<p>Ensimm\u00e4iset toimitukset alkavat tammikuussa 2014 ja sen hinta on noin 549 \u20ac (Nikon AE\u00a0599 \u20ac)<\/p>\n","protected":false},"excerpt":{"rendered":"<p>&nbsp; Samyang 10mm F\/2,8 ED AS NCS CS Samyang esitteli t\u00e4m\u00e4n polttov\u00e4lin objektiivin prototyypin jo Photokinassa 2012, mutta sen j\u00e4lkeen on tapahtunut paljon. Objektiivin koon pienent\u00e4miseen on k\u00e4ytetty paljon energiaa samalla kun optinen suorituskyky on haluttu pit\u00e4\u00e4 mahdollisimman hyv\u00e4n\u00e4. T\u00e4st\u00e4 syyst\u00e4 lopullinen versio eroaa suuresti aiemmin esitellyst\u00e4 prototyypist\u00e4. \u201dEritt\u00e4in laadukas laajakulmaobjektiivi maksaan normaalisti paljon, mutta [&hellip;]<\/p>\n","protected":false},"author":1,"featured_media":0,"comment_status":"closed","ping_status":"open","sticky":false,"template":"","format":"standard","meta":{"footnotes":""},"categories":[10],"tags":[],"class_list":["post-247","post","type-post","status-publish","format-standard","hentry","category-objektiivit"],"yoast_head":"<!-- This site is optimized with the Yoast SEO plugin v27.5 - https:\/\/yoast.com\/product\/yoast-seo-wordpress\/ -->\n<title>Uusi laajakulmaobjektiivi Samyangilta - KAMERAT JA OPTISET LAITTEET<\/title>\n<meta name=\"robots\" content=\"index, follow, max-snippet:-1, max-image-preview:large, max-video-preview:-1\" \/>\n<link rel=\"canonical\" href=\"https:\/\/www.victoriamedia.org\/ld\/uusi-laajakulmaobjektiivi-samyangilta\/\" \/>\n<meta property=\"og:locale\" content=\"en_US\" \/>\n<meta property=\"og:type\" content=\"article\" \/>\n<meta property=\"og:title\" content=\"Uusi laajakulmaobjektiivi Samyangilta - KAMERAT JA OPTISET LAITTEET\" \/>\n<meta property=\"og:description\" content=\"&nbsp; Samyang 10mm F\/2,8 ED AS NCS CS Samyang esitteli t\u00e4m\u00e4n polttov\u00e4lin objektiivin prototyypin jo Photokinassa 2012, mutta sen j\u00e4lkeen on tapahtunut paljon. Objektiivin koon pienent\u00e4miseen on k\u00e4ytetty paljon energiaa samalla kun optinen suorituskyky on haluttu pit\u00e4\u00e4 mahdollisimman hyv\u00e4n\u00e4. T\u00e4st\u00e4 syyst\u00e4 lopullinen versio eroaa suuresti aiemmin esitellyst\u00e4 prototyypist\u00e4. \u201dEritt\u00e4in laadukas laajakulmaobjektiivi maksaan normaalisti paljon, mutta [&hellip;]\" \/>\n<meta property=\"og:url\" content=\"https:\/\/www.victoriamedia.org\/ld\/uusi-laajakulmaobjektiivi-samyangilta\/\" \/>\n<meta property=\"og:site_name\" content=\"KAMERAT JA OPTISET LAITTEET\" \/>\n<meta property=\"article:publisher\" content=\"https:\/\/www.facebook.com\/victoriamedia\" \/>\n<meta property=\"article:published_time\" content=\"2013-12-06T12:53:45+00:00\" \/>\n<meta property=\"og:image\" content=\"http:\/\/www.victoriamedia.org\/ld\/wp-content\/uploads\/2013\/12\/pg0ilcsypb1qmyecilue.jpg\" \/>\n<meta name=\"author\" content=\"Kerttu Vali\" \/>\n<meta name=\"twitter:card\" content=\"summary_large_image\" \/>\n<meta name=\"twitter:creator\" content=\"@uutisparkki\" \/>\n<meta name=\"twitter:site\" content=\"@uutisparkki\" \/>\n<meta name=\"twitter:label1\" content=\"Written by\" \/>\n\t<meta name=\"twitter:data1\" content=\"Kerttu Vali\" \/>\n\t<meta name=\"twitter:label2\" content=\"Est. reading time\" \/>\n\t<meta name=\"twitter:data2\" content=\"1 minute\" \/>\n<script type=\"application\/ld+json\" class=\"yoast-schema-graph\">{\"@context\":\"https:\\\/\\\/schema.org\",\"@graph\":[{\"@type\":\"Article\",\"@id\":\"https:\\\/\\\/www.victoriamedia.org\\\/ld\\\/uusi-laajakulmaobjektiivi-samyangilta\\\/#article\",\"isPartOf\":{\"@id\":\"https:\\\/\\\/www.victoriamedia.org\\\/ld\\\/uusi-laajakulmaobjektiivi-samyangilta\\\/\"},\"author\":{\"name\":\"Kerttu Vali\",\"@id\":\"https:\\\/\\\/www.victoriamedia.org\\\/ld\\\/#\\\/schema\\\/person\\\/a2e166f07bdda8a5ef0506501655c9ac\"},\"headline\":\"Uusi laajakulmaobjektiivi Samyangilta\",\"datePublished\":\"2013-12-06T12:53:45+00:00\",\"mainEntityOfPage\":{\"@id\":\"https:\\\/\\\/www.victoriamedia.org\\\/ld\\\/uusi-laajakulmaobjektiivi-samyangilta\\\/\"},\"wordCount\":252,\"publisher\":{\"@id\":\"https:\\\/\\\/www.victoriamedia.org\\\/ld\\\/#organization\"},\"image\":{\"@id\":\"https:\\\/\\\/www.victoriamedia.org\\\/ld\\\/uusi-laajakulmaobjektiivi-samyangilta\\\/#primaryimage\"},\"thumbnailUrl\":\"http:\\\/\\\/www.victoriamedia.org\\\/ld\\\/wp-content\\\/uploads\\\/2013\\\/12\\\/pg0ilcsypb1qmyecilue.jpg\",\"articleSection\":[\"Objektiivit\"],\"inLanguage\":\"en-US\"},{\"@type\":\"WebPage\",\"@id\":\"https:\\\/\\\/www.victoriamedia.org\\\/ld\\\/uusi-laajakulmaobjektiivi-samyangilta\\\/\",\"url\":\"https:\\\/\\\/www.victoriamedia.org\\\/ld\\\/uusi-laajakulmaobjektiivi-samyangilta\\\/\",\"name\":\"Uusi laajakulmaobjektiivi Samyangilta - KAMERAT JA OPTISET LAITTEET\",\"isPartOf\":{\"@id\":\"https:\\\/\\\/www.victoriamedia.org\\\/ld\\\/#website\"},\"primaryImageOfPage\":{\"@id\":\"https:\\\/\\\/www.victoriamedia.org\\\/ld\\\/uusi-laajakulmaobjektiivi-samyangilta\\\/#primaryimage\"},\"image\":{\"@id\":\"https:\\\/\\\/www.victoriamedia.org\\\/ld\\\/uusi-laajakulmaobjektiivi-samyangilta\\\/#primaryimage\"},\"thumbnailUrl\":\"http:\\\/\\\/www.victoriamedia.org\\\/ld\\\/wp-content\\\/uploads\\\/2013\\\/12\\\/pg0ilcsypb1qmyecilue.jpg\",\"datePublished\":\"2013-12-06T12:53:45+00:00\",\"breadcrumb\":{\"@id\":\"https:\\\/\\\/www.victoriamedia.org\\\/ld\\\/uusi-laajakulmaobjektiivi-samyangilta\\\/#breadcrumb\"},\"inLanguage\":\"en-US\",\"potentialAction\":[{\"@type\":\"ReadAction\",\"target\":[\"https:\\\/\\\/www.victoriamedia.org\\\/ld\\\/uusi-laajakulmaobjektiivi-samyangilta\\\/\"]}]},{\"@type\":\"ImageObject\",\"inLanguage\":\"en-US\",\"@id\":\"https:\\\/\\\/www.victoriamedia.org\\\/ld\\\/uusi-laajakulmaobjektiivi-samyangilta\\\/#primaryimage\",\"url\":\"https:\\\/\\\/www.victoriamedia.org\\\/ld\\\/wp-content\\\/uploads\\\/2013\\\/12\\\/pg0ilcsypb1qmyecilue.jpg\",\"contentUrl\":\"https:\\\/\\\/www.victoriamedia.org\\\/ld\\\/wp-content\\\/uploads\\\/2013\\\/12\\\/pg0ilcsypb1qmyecilue.jpg\",\"width\":700,\"height\":509},{\"@type\":\"BreadcrumbList\",\"@id\":\"https:\\\/\\\/www.victoriamedia.org\\\/ld\\\/uusi-laajakulmaobjektiivi-samyangilta\\\/#breadcrumb\",\"itemListElement\":[{\"@type\":\"ListItem\",\"position\":1,\"name\":\"Home\",\"item\":\"https:\\\/\\\/www.victoriamedia.org\\\/ld\\\/\"},{\"@type\":\"ListItem\",\"position\":2,\"name\":\"Uusi laajakulmaobjektiivi Samyangilta\"}]},{\"@type\":\"WebSite\",\"@id\":\"https:\\\/\\\/www.victoriamedia.org\\\/ld\\\/#website\",\"url\":\"https:\\\/\\\/www.victoriamedia.org\\\/ld\\\/\",\"name\":\"KAMERAT JA OPTISET LAITTEET\",\"description\":\"Kamerat Kiikarit ja optiset tarvikkeet\",\"publisher\":{\"@id\":\"https:\\\/\\\/www.victoriamedia.org\\\/ld\\\/#organization\"},\"potentialAction\":[{\"@type\":\"SearchAction\",\"target\":{\"@type\":\"EntryPoint\",\"urlTemplate\":\"https:\\\/\\\/www.victoriamedia.org\\\/ld\\\/?s={search_term_string}\"},\"query-input\":{\"@type\":\"PropertyValueSpecification\",\"valueRequired\":true,\"valueName\":\"search_term_string\"}}],\"inLanguage\":\"en-US\"},{\"@type\":\"Organization\",\"@id\":\"https:\\\/\\\/www.victoriamedia.org\\\/ld\\\/#organization\",\"name\":\"Victoria Media - Kamerauutiset\",\"url\":\"https:\\\/\\\/www.victoriamedia.org\\\/ld\\\/\",\"logo\":{\"@type\":\"ImageObject\",\"inLanguage\":\"en-US\",\"@id\":\"https:\\\/\\\/www.victoriamedia.org\\\/ld\\\/#\\\/schema\\\/logo\\\/image\\\/\",\"url\":\"https:\\\/\\\/www.victoriamedia.org\\\/ld\\\/wp-content\\\/uploads\\\/2022\\\/09\\\/292179098_555417722694101_2682724033383846896_n.png\",\"contentUrl\":\"https:\\\/\\\/www.victoriamedia.org\\\/ld\\\/wp-content\\\/uploads\\\/2022\\\/09\\\/292179098_555417722694101_2682724033383846896_n.png\",\"width\":215,\"height\":165,\"caption\":\"Victoria Media - Kamerauutiset\"},\"image\":{\"@id\":\"https:\\\/\\\/www.victoriamedia.org\\\/ld\\\/#\\\/schema\\\/logo\\\/image\\\/\"},\"sameAs\":[\"https:\\\/\\\/www.facebook.com\\\/victoriamedia\",\"https:\\\/\\\/x.com\\\/uutisparkki\"]},{\"@type\":\"Person\",\"@id\":\"https:\\\/\\\/www.victoriamedia.org\\\/ld\\\/#\\\/schema\\\/person\\\/a2e166f07bdda8a5ef0506501655c9ac\",\"name\":\"Kerttu Vali\",\"image\":{\"@type\":\"ImageObject\",\"inLanguage\":\"en-US\",\"@id\":\"https:\\\/\\\/secure.gravatar.com\\\/avatar\\\/62dbe1a847f655ad987c59fece23f885c4b0e7b06595c36d9597003852972217?s=96&d=mm&r=g\",\"url\":\"https:\\\/\\\/secure.gravatar.com\\\/avatar\\\/62dbe1a847f655ad987c59fece23f885c4b0e7b06595c36d9597003852972217?s=96&d=mm&r=g\",\"contentUrl\":\"https:\\\/\\\/secure.gravatar.com\\\/avatar\\\/62dbe1a847f655ad987c59fece23f885c4b0e7b06595c36d9597003852972217?s=96&d=mm&r=g\",\"caption\":\"Kerttu Vali\"},\"sameAs\":[\"http:\\\/\\\/www.victoriamedia.fi\\\/\"],\"url\":\"https:\\\/\\\/www.victoriamedia.org\\\/ld\\\/author\\\/kerttuvali\\\/\"}]}<\/script>\n<!-- \/ Yoast SEO plugin. -->","yoast_head_json":{"title":"Uusi laajakulmaobjektiivi Samyangilta - KAMERAT JA OPTISET LAITTEET","robots":{"index":"index","follow":"follow","max-snippet":"max-snippet:-1","max-image-preview":"max-image-preview:large","max-video-preview":"max-video-preview:-1"},"canonical":"https:\/\/www.victoriamedia.org\/ld\/uusi-laajakulmaobjektiivi-samyangilta\/","og_locale":"en_US","og_type":"article","og_title":"Uusi laajakulmaobjektiivi Samyangilta - KAMERAT JA OPTISET LAITTEET","og_description":"&nbsp; Samyang 10mm F\/2,8 ED AS NCS CS Samyang esitteli t\u00e4m\u00e4n polttov\u00e4lin objektiivin prototyypin jo Photokinassa 2012, mutta sen j\u00e4lkeen on tapahtunut paljon. Objektiivin koon pienent\u00e4miseen on k\u00e4ytetty paljon energiaa samalla kun optinen suorituskyky on haluttu pit\u00e4\u00e4 mahdollisimman hyv\u00e4n\u00e4. T\u00e4st\u00e4 syyst\u00e4 lopullinen versio eroaa suuresti aiemmin esitellyst\u00e4 prototyypist\u00e4. \u201dEritt\u00e4in laadukas laajakulmaobjektiivi maksaan normaalisti paljon, mutta [&hellip;]","og_url":"https:\/\/www.victoriamedia.org\/ld\/uusi-laajakulmaobjektiivi-samyangilta\/","og_site_name":"KAMERAT JA OPTISET LAITTEET","article_publisher":"https:\/\/www.facebook.com\/victoriamedia","article_published_time":"2013-12-06T12:53:45+00:00","og_image":[{"url":"http:\/\/www.victoriamedia.org\/ld\/wp-content\/uploads\/2013\/12\/pg0ilcsypb1qmyecilue.jpg","type":"","width":"","height":""}],"author":"Kerttu Vali","twitter_card":"summary_large_image","twitter_creator":"@uutisparkki","twitter_site":"@uutisparkki","twitter_misc":{"Written by":"Kerttu Vali","Est. reading time":"1 minute"},"schema":{"@context":"https:\/\/schema.org","@graph":[{"@type":"Article","@id":"https:\/\/www.victoriamedia.org\/ld\/uusi-laajakulmaobjektiivi-samyangilta\/#article","isPartOf":{"@id":"https:\/\/www.victoriamedia.org\/ld\/uusi-laajakulmaobjektiivi-samyangilta\/"},"author":{"name":"Kerttu Vali","@id":"https:\/\/www.victoriamedia.org\/ld\/#\/schema\/person\/a2e166f07bdda8a5ef0506501655c9ac"},"headline":"Uusi laajakulmaobjektiivi Samyangilta","datePublished":"2013-12-06T12:53:45+00:00","mainEntityOfPage":{"@id":"https:\/\/www.victoriamedia.org\/ld\/uusi-laajakulmaobjektiivi-samyangilta\/"},"wordCount":252,"publisher":{"@id":"https:\/\/www.victoriamedia.org\/ld\/#organization"},"image":{"@id":"https:\/\/www.victoriamedia.org\/ld\/uusi-laajakulmaobjektiivi-samyangilta\/#primaryimage"},"thumbnailUrl":"http:\/\/www.victoriamedia.org\/ld\/wp-content\/uploads\/2013\/12\/pg0ilcsypb1qmyecilue.jpg","articleSection":["Objektiivit"],"inLanguage":"en-US"},{"@type":"WebPage","@id":"https:\/\/www.victoriamedia.org\/ld\/uusi-laajakulmaobjektiivi-samyangilta\/","url":"https:\/\/www.victoriamedia.org\/ld\/uusi-laajakulmaobjektiivi-samyangilta\/","name":"Uusi laajakulmaobjektiivi Samyangilta - KAMERAT JA OPTISET LAITTEET","isPartOf":{"@id":"https:\/\/www.victoriamedia.org\/ld\/#website"},"primaryImageOfPage":{"@id":"https:\/\/www.victoriamedia.org\/ld\/uusi-laajakulmaobjektiivi-samyangilta\/#primaryimage"},"image":{"@id":"https:\/\/www.victoriamedia.org\/ld\/uusi-laajakulmaobjektiivi-samyangilta\/#primaryimage"},"thumbnailUrl":"http:\/\/www.victoriamedia.org\/ld\/wp-content\/uploads\/2013\/12\/pg0ilcsypb1qmyecilue.jpg","datePublished":"2013-12-06T12:53:45+00:00","breadcrumb":{"@id":"https:\/\/www.victoriamedia.org\/ld\/uusi-laajakulmaobjektiivi-samyangilta\/#breadcrumb"},"inLanguage":"en-US","potentialAction":[{"@type":"ReadAction","target":["https:\/\/www.victoriamedia.org\/ld\/uusi-laajakulmaobjektiivi-samyangilta\/"]}]},{"@type":"ImageObject","inLanguage":"en-US","@id":"https:\/\/www.victoriamedia.org\/ld\/uusi-laajakulmaobjektiivi-samyangilta\/#primaryimage","url":"https:\/\/www.victoriamedia.org\/ld\/wp-content\/uploads\/2013\/12\/pg0ilcsypb1qmyecilue.jpg","contentUrl":"https:\/\/www.victoriamedia.org\/ld\/wp-content\/uploads\/2013\/12\/pg0ilcsypb1qmyecilue.jpg","width":700,"height":509},{"@type":"BreadcrumbList","@id":"https:\/\/www.victoriamedia.org\/ld\/uusi-laajakulmaobjektiivi-samyangilta\/#breadcrumb","itemListElement":[{"@type":"ListItem","position":1,"name":"Home","item":"https:\/\/www.victoriamedia.org\/ld\/"},{"@type":"ListItem","position":2,"name":"Uusi laajakulmaobjektiivi Samyangilta"}]},{"@type":"WebSite","@id":"https:\/\/www.victoriamedia.org\/ld\/#website","url":"https:\/\/www.victoriamedia.org\/ld\/","name":"KAMERAT JA OPTISET LAITTEET","description":"Kamerat Kiikarit ja optiset tarvikkeet","publisher":{"@id":"https:\/\/www.victoriamedia.org\/ld\/#organization"},"potentialAction":[{"@type":"SearchAction","target":{"@type":"EntryPoint","urlTemplate":"https:\/\/www.victoriamedia.org\/ld\/?s={search_term_string}"},"query-input":{"@type":"PropertyValueSpecification","valueRequired":true,"valueName":"search_term_string"}}],"inLanguage":"en-US"},{"@type":"Organization","@id":"https:\/\/www.victoriamedia.org\/ld\/#organization","name":"Victoria Media - Kamerauutiset","url":"https:\/\/www.victoriamedia.org\/ld\/","logo":{"@type":"ImageObject","inLanguage":"en-US","@id":"https:\/\/www.victoriamedia.org\/ld\/#\/schema\/logo\/image\/","url":"https:\/\/www.victoriamedia.org\/ld\/wp-content\/uploads\/2022\/09\/292179098_555417722694101_2682724033383846896_n.png","contentUrl":"https:\/\/www.victoriamedia.org\/ld\/wp-content\/uploads\/2022\/09\/292179098_555417722694101_2682724033383846896_n.png","width":215,"height":165,"caption":"Victoria Media - Kamerauutiset"},"image":{"@id":"https:\/\/www.victoriamedia.org\/ld\/#\/schema\/logo\/image\/"},"sameAs":["https:\/\/www.facebook.com\/victoriamedia","https:\/\/x.com\/uutisparkki"]},{"@type":"Person","@id":"https:\/\/www.victoriamedia.org\/ld\/#\/schema\/person\/a2e166f07bdda8a5ef0506501655c9ac","name":"Kerttu Vali","image":{"@type":"ImageObject","inLanguage":"en-US","@id":"https:\/\/secure.gravatar.com\/avatar\/62dbe1a847f655ad987c59fece23f885c4b0e7b06595c36d9597003852972217?s=96&d=mm&r=g","url":"https:\/\/secure.gravatar.com\/avatar\/62dbe1a847f655ad987c59fece23f885c4b0e7b06595c36d9597003852972217?s=96&d=mm&r=g","contentUrl":"https:\/\/secure.gravatar.com\/avatar\/62dbe1a847f655ad987c59fece23f885c4b0e7b06595c36d9597003852972217?s=96&d=mm&r=g","caption":"Kerttu Vali"},"sameAs":["http:\/\/www.victoriamedia.fi\/"],"url":"https:\/\/www.victoriamedia.org\/ld\/author\/kerttuvali\/"}]}},"_links":{"self":[{"href":"https:\/\/www.victoriamedia.org\/ld\/wp-json\/wp\/v2\/posts\/247","targetHints":{"allow":["GET"]}}],"collection":[{"href":"https:\/\/www.victoriamedia.org\/ld\/wp-json\/wp\/v2\/posts"}],"about":[{"href":"https:\/\/www.victoriamedia.org\/ld\/wp-json\/wp\/v2\/types\/post"}],"author":[{"embeddable":true,"href":"https:\/\/www.victoriamedia.org\/ld\/wp-json\/wp\/v2\/users\/1"}],"replies":[{"embeddable":true,"href":"https:\/\/www.victoriamedia.org\/ld\/wp-json\/wp\/v2\/comments?post=247"}],"version-history":[{"count":1,"href":"https:\/\/www.victoriamedia.org\/ld\/wp-json\/wp\/v2\/posts\/247\/revisions"}],"predecessor-version":[{"id":249,"href":"https:\/\/www.victoriamedia.org\/ld\/wp-json\/wp\/v2\/posts\/247\/revisions\/249"}],"wp:attachment":[{"href":"https:\/\/www.victoriamedia.org\/ld\/wp-json\/wp\/v2\/media?parent=247"}],"wp:term":[{"taxonomy":"category","embeddable":true,"href":"https:\/\/www.victoriamedia.org\/ld\/wp-json\/wp\/v2\/categories?post=247"},{"taxonomy":"post_tag","embeddable":true,"href":"https:\/\/www.victoriamedia.org\/ld\/wp-json\/wp\/v2\/tags?post=247"}],"curies":[{"name":"wp","href":"https:\/\/api.w.org\/{rel}","templated":true}]}}