{"id":244,"date":"2013-12-03T18:23:40","date_gmt":"2013-12-03T18:23:40","guid":{"rendered":"http:\/\/www.victoriamedia.org\/ld\/?p=244"},"modified":"2013-12-03T18:23:40","modified_gmt":"2013-12-03T18:23:40","slug":"kuvien-kaytto-viestinnan-tukena","status":"publish","type":"post","link":"https:\/\/www.victoriamedia.org\/ld\/kuvien-kaytto-viestinnan-tukena\/","title":{"rendered":"Kuvien k\u00e4ytt\u00f6 viestinn\u00e4n tukena"},"content":{"rendered":"<p><a href=\"http:\/\/www.victoriamedia.org\/ld\/wp-content\/uploads\/2013\/12\/snozgkjrxlix0zl3llzc.jpg\"><img loading=\"lazy\" decoding=\"async\" class=\"alignnone  wp-image-245\" alt=\"snozgkjrxlix0zl3llzc\" src=\"http:\/\/www.victoriamedia.org\/ld\/wp-content\/uploads\/2013\/12\/snozgkjrxlix0zl3llzc.jpg\" width=\"560\" height=\"373\" srcset=\"https:\/\/www.victoriamedia.org\/ld\/wp-content\/uploads\/2013\/12\/snozgkjrxlix0zl3llzc.jpg 700w, https:\/\/www.victoriamedia.org\/ld\/wp-content\/uploads\/2013\/12\/snozgkjrxlix0zl3llzc-300x199.jpg 300w\" sizes=\"auto, (max-width: 560px) 100vw, 560px\" \/><\/a><\/p>\n<p>Viestint\u00e4toimisto Deski ja uutishuoneyhti\u00f6 Mynewsdesk arvioivat huhtikuussa Pohjoismaiden Top 50 -br\u00e4ndien uutishuoneet (<a href=\"http:\/\/viestintatoimistodeski.fi\/uutishuone\/\" target=\"_blank\">\u00a0Lataa raportti\u00a0<\/a>) tarkoin m\u00e4\u00e4riteltyjen kriteerien perusteella. Tutkimus osoitti, ett\u00e4 vain kahdeksalta prosentilta yhti\u00f6ist\u00e4 puuttui uutishuoneesta kunnollinen kuvamateriaali. Globaalilla tasolla vastaava luku oli jopa 51 prosenttia, joten voisimme kuvitella kuvien k\u00e4yt\u00f6n jalkautuneen pysyv\u00e4sti pohjoismaiseen PR-ty\u00f6h\u00f6n. K\u00e4yt\u00e4nt\u00f6 kertoo kuitenkin toisenlaisesta maailmasta. Kaikilla yhti\u00f6ill\u00e4 ei ole riitt\u00e4vi\u00e4 resursseja laadukkaan kuvamateriaalin k\u00e4ytt\u00f6\u00f6n, ja useat viestinn\u00e4n ammattilaiset painivat p\u00e4ivitt\u00e4in t\u00e4m\u00e4n ongelman kanssa.<\/p>\n<p>Mitk\u00e4 ovat siis tyypillisimm\u00e4t ongelmat laadukkaan ja relevantin kuvamateriaalin tuottamisessa ja miten ylitt\u00e4\u00e4 n\u00e4m\u00e4 esteet? Olemme listanneet t\u00e4h\u00e4n muutamia ongelmia koskien kuvien k\u00e4ytt\u00e4mist\u00e4 viestinn\u00e4ss\u00e4 sek\u00e4 vinkkej\u00e4 niiden taklaamiseksi.<\/p>\n<p><b>Tuotteestani ei voida saada mielenkiintoisia kuvia<\/b><\/p>\n<p>\u201dTyls\u00e4n\u201d tai muuten vaan abstraktin tuotteen edustaminen on itse asiassa yksi hyv\u00e4 syy lis\u00e4t\u00e4 yhti\u00f6n viestint\u00e4\u00e4n innovatiivisia ja mielenkiintoa her\u00e4tt\u00e4vi\u00e4 kuvia. Esimerkkin\u00e4 t\u00e4st\u00e4 voimme nimet\u00e4 muun muassa juomayhti\u00f6<a href=\"http:\/\/www.innocentdrinks.se\/\" target=\"_blank\">\u00a0Innocent Smoothien<\/a>, jonka sosiaalisen median kanavat ovat pullollaan kuvia kaikesta muusta kuin itse tuotteesta. Kuvat ja niiden teemat on valittu onnistuneesti v\u00e4litt\u00e4m\u00e4\u00e4n br\u00e4ndin persoonallisuutta.<\/p>\n<p>Kuvan valitsemisessa voi esimerkiksi auttaa se, ett\u00e4 et mieti teksti\u00e4 kokonaisuutena vaan pyrit kuvittamaan luomasi tekstisis\u00e4ll\u00f6n otsikon. Otsikot ovat jo l\u00e4ht\u00f6kohtaisesti luonteeltaan kuvaavia, ja jutun p\u00e4\u00e4idean kuvittaminen on jo huomattavasti helpompaa kuin saada visualisoitua tekstisis\u00e4lt\u00f6si jokainen kulma.<\/p>\n<p><b>Kuvaajan k\u00e4ytt\u00e4minen yksitt\u00e4isess\u00e4 projektissa on liian kallista<\/b><\/p>\n<p>Kuvapankin yll\u00e4pit\u00e4minen voi pureskella budjettisi viimeisimm\u00e4tkin rippeet &#8211; tai silt\u00e4 se voi ainakin vaikuttaa. Tosiasiassa toimivan kuvapankin luominen on j\u00e4rkev\u00e4 investointi ja sen ei tarvitse maksaa niin paljon kuin kuvitellaan. T\u00e4rke\u00e4\u00e4 on edet\u00e4 suunnitelmallisesti eik\u00e4 ostaa kuvapankin p\u00e4ivityksi\u00e4 projektikohtaisesti. Suosittelemmekin, ett\u00e4 kirjoitat listan tulevan vuoden toimenpiteist\u00e4, kampanjoista ja esitteist\u00e4. Mit\u00e4 meid\u00e4n ihan oikeasti pit\u00e4\u00e4 kuvata? Nime\u00e4 teemat ja palkkaa kuvaaja yhden p\u00e4iv\u00e4n ajaksi kuvaamaan koko vuosisuunnitelma l\u00e4pi. T\u00e4m\u00e4 on varmasti edullisempaa kuin palkata valokuvaaja aina projektikohtaisesti.<\/p>\n<p><b>Edustan pient\u00e4 yhti\u00f6t\u00e4 tai j\u00e4rjest\u00f6\u00e4, kuvaajan palkkaaminen on budjettisyist\u00e4 puhdas mahdottomuus<\/b><\/p>\n<p>\u00c4l\u00e4 aliarvioi oman \u00e4lypuhelimesi kyky\u00e4 tuottaa riitt\u00e4v\u00e4n hyv\u00e4\u00e4 kuvamateriaalia julkaisujen tueksi. Lis\u00e4ksi voit huoletta k\u00e4ytt\u00e4\u00e4 puhelimeen ladattavia lis\u00e4toimintoja, joilla saat helposti suodatettua eli filtter\u00f6ity\u00e4 kuviisi uuden tunnelman. Vaikka \u00e4lypuhelimella otetut kuvat eiv\u00e4t ole painokelpoisia, niit\u00e4 voidaan k\u00e4ytt\u00e4\u00e4 varsin hyvin sosiaalisen median kanavissa tai blogeissa, joissa julkaisujen luonne on muutenkin maanl\u00e4heisempi.<\/p>\n<p><b>Olen maailman huonoin valokuvaaja<\/b><\/p>\n<p>Jos kaipaat opastusta tiell\u00e4si huippukuvaajaksi, voit tutustua esimerkiksi Adam Dachisin\u00a0<a href=\"http:\/\/lifehacker.com\/5815742\/basics-of-photography-the-complete-guide?tag=nightschool\" target=\"_blank\">oppaaseen<\/a>kuvaamisen perusasioista tai expertphotographyn\u00a0<a href=\"http:\/\/www.expertphotography.com\/a-beginners-guide-to-photography\/\" target=\"_blank\">aloittelijan oppaaseen<\/a>. Suomeksi l\u00f6ytyy muutamia hyvi\u00e4 vinkkej\u00e4\u00a0<a href=\"http:\/\/yle.fi\/vintti\/yle.fi\/digikuva\/index.html\" target=\"_blank\">Ylen sivulta<\/a>.<\/p>\n<p><b>Kuvien j\u00e4lkieditointiin tarkoitetut ohjelmat ovat liian kalliita ja vaativat ammattiosaamista<\/b><\/p>\n<p>Kuvien j\u00e4lkieditoinnillekin voi l\u00f6yty\u00e4 huokeampia ja helpompia vaihtoehtoja. Aina ei siis tarvitse opetella uutta ja investoida rutkasti rahaa. Jos et siis ole valmis ulkoistamaan, investoimaan tai kouluttautumaan niin kannattaa tutustua esimerkiksi\u00a0<a href=\"http:\/\/www.getpaint.net\/\" target=\"_blank\">Paint.NET:iin<\/a>\u00a0tai\u00a0<a href=\"http:\/\/www.brighthub.com\/multimedia\/photography\/reviews\/16373.aspx\" target=\"_blank\">Gimpiin<\/a>.<\/p>\n<p>Jos innostus kasvaa, niin kannattaa investoida esimerkiksi Photoshopiin, joka on maailman k\u00e4ytetyin kuvanmuokkausohjelma. Photoshopin k\u00e4ytt\u00f6\u00f6n l\u00f6ytyy paljon ohjeita netist\u00e4 ja kirjoista. My\u00f6s kursseja j\u00e4rjestet\u00e4\u00e4n paljon.<\/p>\n<p><b>Tekij\u00e4noikeuslains\u00e4\u00e4d\u00e4nt\u00f6 &#8211; mist\u00e4 tied\u00e4n mit\u00e4 kuvia voin k\u00e4ytt\u00e4\u00e4?<\/b><\/p>\n<p>Tekij\u00e4noikeudet ovat niin sanottu kestoteema kuvien k\u00e4ytt\u00e4misess\u00e4 viestinn\u00e4n tukena. Tilannetta hankaloittaa usein se, ett\u00e4 kyse saattaa olla muiden kuvaamista otoksista. Tekij\u00e4noikeuksiin liittyv\u00e4t kysymykset kannattaa kuitenkin aina selvitt\u00e4\u00e4. Nyrkkis\u00e4\u00e4nt\u00f6n\u00e4 kannattaa pit\u00e4\u00e4 sit\u00e4, ettei koskaan k\u00e4yt\u00e4 kuvaa, ellei ole t\u00e4ysin varma kenelle sen tekij\u00e4noikeudet kuuluvat. Ulkopuolista kuvaajaa k\u00e4ytt\u00e4ess\u00e4 kannattaa aina sopia kirjallisesti k\u00e4ytt\u00f6oikeuksista ja varmistaa, ett\u00e4 ne eiv\u00e4t ole liian tiukat.<\/p>\n","protected":false},"excerpt":{"rendered":"<p>Viestint\u00e4toimisto Deski ja uutishuoneyhti\u00f6 Mynewsdesk arvioivat huhtikuussa Pohjoismaiden Top 50 -br\u00e4ndien uutishuoneet (\u00a0Lataa raportti\u00a0) tarkoin m\u00e4\u00e4riteltyjen kriteerien perusteella. Tutkimus osoitti, ett\u00e4 vain kahdeksalta prosentilta yhti\u00f6ist\u00e4 puuttui uutishuoneesta kunnollinen kuvamateriaali. Globaalilla tasolla vastaava luku oli jopa 51 prosenttia, joten voisimme kuvitella kuvien k\u00e4yt\u00f6n jalkautuneen pysyv\u00e4sti pohjoismaiseen PR-ty\u00f6h\u00f6n. K\u00e4yt\u00e4nt\u00f6 kertoo kuitenkin toisenlaisesta maailmasta. Kaikilla yhti\u00f6ill\u00e4 ei ole [&hellip;]<\/p>\n","protected":false},"author":1,"featured_media":0,"comment_status":"closed","ping_status":"open","sticky":false,"template":"","format":"standard","meta":{"footnotes":""},"categories":[34],"tags":[],"class_list":["post-244","post","type-post","status-publish","format-standard","hentry","category-kuvaaminen"],"yoast_head":"<!-- This site is optimized with the Yoast SEO plugin v27.5 - https:\/\/yoast.com\/product\/yoast-seo-wordpress\/ -->\n<title>Kuvien k\u00e4ytt\u00f6 viestinn\u00e4n tukena - KAMERAT JA OPTISET LAITTEET<\/title>\n<meta name=\"robots\" content=\"index, follow, max-snippet:-1, max-image-preview:large, max-video-preview:-1\" \/>\n<link rel=\"canonical\" href=\"https:\/\/www.victoriamedia.org\/ld\/kuvien-kaytto-viestinnan-tukena\/\" \/>\n<meta property=\"og:locale\" content=\"en_US\" \/>\n<meta property=\"og:type\" content=\"article\" \/>\n<meta property=\"og:title\" content=\"Kuvien k\u00e4ytt\u00f6 viestinn\u00e4n tukena - KAMERAT JA OPTISET LAITTEET\" \/>\n<meta property=\"og:description\" content=\"Viestint\u00e4toimisto Deski ja uutishuoneyhti\u00f6 Mynewsdesk arvioivat huhtikuussa Pohjoismaiden Top 50 -br\u00e4ndien uutishuoneet (\u00a0Lataa raportti\u00a0) tarkoin m\u00e4\u00e4riteltyjen kriteerien perusteella. Tutkimus osoitti, ett\u00e4 vain kahdeksalta prosentilta yhti\u00f6ist\u00e4 puuttui uutishuoneesta kunnollinen kuvamateriaali. Globaalilla tasolla vastaava luku oli jopa 51 prosenttia, joten voisimme kuvitella kuvien k\u00e4yt\u00f6n jalkautuneen pysyv\u00e4sti pohjoismaiseen PR-ty\u00f6h\u00f6n. K\u00e4yt\u00e4nt\u00f6 kertoo kuitenkin toisenlaisesta maailmasta. Kaikilla yhti\u00f6ill\u00e4 ei ole [&hellip;]\" \/>\n<meta property=\"og:url\" content=\"https:\/\/www.victoriamedia.org\/ld\/kuvien-kaytto-viestinnan-tukena\/\" \/>\n<meta property=\"og:site_name\" content=\"KAMERAT JA OPTISET LAITTEET\" \/>\n<meta property=\"article:publisher\" content=\"https:\/\/www.facebook.com\/victoriamedia\" \/>\n<meta property=\"article:published_time\" content=\"2013-12-03T18:23:40+00:00\" \/>\n<meta property=\"og:image\" content=\"http:\/\/www.victoriamedia.org\/ld\/wp-content\/uploads\/2013\/12\/snozgkjrxlix0zl3llzc.jpg\" \/>\n<meta name=\"author\" content=\"Kerttu Vali\" \/>\n<meta name=\"twitter:card\" content=\"summary_large_image\" \/>\n<meta name=\"twitter:creator\" content=\"@uutisparkki\" \/>\n<meta name=\"twitter:site\" content=\"@uutisparkki\" \/>\n<meta name=\"twitter:label1\" content=\"Written by\" \/>\n\t<meta name=\"twitter:data1\" content=\"Kerttu Vali\" \/>\n\t<meta name=\"twitter:label2\" content=\"Est. reading time\" \/>\n\t<meta name=\"twitter:data2\" content=\"3 minutes\" \/>\n<script type=\"application\/ld+json\" class=\"yoast-schema-graph\">{\"@context\":\"https:\\\/\\\/schema.org\",\"@graph\":[{\"@type\":\"Article\",\"@id\":\"https:\\\/\\\/www.victoriamedia.org\\\/ld\\\/kuvien-kaytto-viestinnan-tukena\\\/#article\",\"isPartOf\":{\"@id\":\"https:\\\/\\\/www.victoriamedia.org\\\/ld\\\/kuvien-kaytto-viestinnan-tukena\\\/\"},\"author\":{\"name\":\"Kerttu Vali\",\"@id\":\"https:\\\/\\\/www.victoriamedia.org\\\/ld\\\/#\\\/schema\\\/person\\\/a2e166f07bdda8a5ef0506501655c9ac\"},\"headline\":\"Kuvien k\u00e4ytt\u00f6 viestinn\u00e4n tukena\",\"datePublished\":\"2013-12-03T18:23:40+00:00\",\"mainEntityOfPage\":{\"@id\":\"https:\\\/\\\/www.victoriamedia.org\\\/ld\\\/kuvien-kaytto-viestinnan-tukena\\\/\"},\"wordCount\":608,\"publisher\":{\"@id\":\"https:\\\/\\\/www.victoriamedia.org\\\/ld\\\/#organization\"},\"image\":{\"@id\":\"https:\\\/\\\/www.victoriamedia.org\\\/ld\\\/kuvien-kaytto-viestinnan-tukena\\\/#primaryimage\"},\"thumbnailUrl\":\"http:\\\/\\\/www.victoriamedia.org\\\/ld\\\/wp-content\\\/uploads\\\/2013\\\/12\\\/snozgkjrxlix0zl3llzc.jpg\",\"articleSection\":[\"Kuvaaminen\"],\"inLanguage\":\"en-US\"},{\"@type\":\"WebPage\",\"@id\":\"https:\\\/\\\/www.victoriamedia.org\\\/ld\\\/kuvien-kaytto-viestinnan-tukena\\\/\",\"url\":\"https:\\\/\\\/www.victoriamedia.org\\\/ld\\\/kuvien-kaytto-viestinnan-tukena\\\/\",\"name\":\"Kuvien k\u00e4ytt\u00f6 viestinn\u00e4n tukena - KAMERAT JA OPTISET LAITTEET\",\"isPartOf\":{\"@id\":\"https:\\\/\\\/www.victoriamedia.org\\\/ld\\\/#website\"},\"primaryImageOfPage\":{\"@id\":\"https:\\\/\\\/www.victoriamedia.org\\\/ld\\\/kuvien-kaytto-viestinnan-tukena\\\/#primaryimage\"},\"image\":{\"@id\":\"https:\\\/\\\/www.victoriamedia.org\\\/ld\\\/kuvien-kaytto-viestinnan-tukena\\\/#primaryimage\"},\"thumbnailUrl\":\"http:\\\/\\\/www.victoriamedia.org\\\/ld\\\/wp-content\\\/uploads\\\/2013\\\/12\\\/snozgkjrxlix0zl3llzc.jpg\",\"datePublished\":\"2013-12-03T18:23:40+00:00\",\"breadcrumb\":{\"@id\":\"https:\\\/\\\/www.victoriamedia.org\\\/ld\\\/kuvien-kaytto-viestinnan-tukena\\\/#breadcrumb\"},\"inLanguage\":\"en-US\",\"potentialAction\":[{\"@type\":\"ReadAction\",\"target\":[\"https:\\\/\\\/www.victoriamedia.org\\\/ld\\\/kuvien-kaytto-viestinnan-tukena\\\/\"]}]},{\"@type\":\"ImageObject\",\"inLanguage\":\"en-US\",\"@id\":\"https:\\\/\\\/www.victoriamedia.org\\\/ld\\\/kuvien-kaytto-viestinnan-tukena\\\/#primaryimage\",\"url\":\"https:\\\/\\\/www.victoriamedia.org\\\/ld\\\/wp-content\\\/uploads\\\/2013\\\/12\\\/snozgkjrxlix0zl3llzc.jpg\",\"contentUrl\":\"https:\\\/\\\/www.victoriamedia.org\\\/ld\\\/wp-content\\\/uploads\\\/2013\\\/12\\\/snozgkjrxlix0zl3llzc.jpg\",\"width\":700,\"height\":466},{\"@type\":\"BreadcrumbList\",\"@id\":\"https:\\\/\\\/www.victoriamedia.org\\\/ld\\\/kuvien-kaytto-viestinnan-tukena\\\/#breadcrumb\",\"itemListElement\":[{\"@type\":\"ListItem\",\"position\":1,\"name\":\"Home\",\"item\":\"https:\\\/\\\/www.victoriamedia.org\\\/ld\\\/\"},{\"@type\":\"ListItem\",\"position\":2,\"name\":\"Kuvien k\u00e4ytt\u00f6 viestinn\u00e4n tukena\"}]},{\"@type\":\"WebSite\",\"@id\":\"https:\\\/\\\/www.victoriamedia.org\\\/ld\\\/#website\",\"url\":\"https:\\\/\\\/www.victoriamedia.org\\\/ld\\\/\",\"name\":\"KAMERAT JA OPTISET LAITTEET\",\"description\":\"Kamerat Kiikarit ja optiset tarvikkeet\",\"publisher\":{\"@id\":\"https:\\\/\\\/www.victoriamedia.org\\\/ld\\\/#organization\"},\"potentialAction\":[{\"@type\":\"SearchAction\",\"target\":{\"@type\":\"EntryPoint\",\"urlTemplate\":\"https:\\\/\\\/www.victoriamedia.org\\\/ld\\\/?s={search_term_string}\"},\"query-input\":{\"@type\":\"PropertyValueSpecification\",\"valueRequired\":true,\"valueName\":\"search_term_string\"}}],\"inLanguage\":\"en-US\"},{\"@type\":\"Organization\",\"@id\":\"https:\\\/\\\/www.victoriamedia.org\\\/ld\\\/#organization\",\"name\":\"Victoria Media - Kamerauutiset\",\"url\":\"https:\\\/\\\/www.victoriamedia.org\\\/ld\\\/\",\"logo\":{\"@type\":\"ImageObject\",\"inLanguage\":\"en-US\",\"@id\":\"https:\\\/\\\/www.victoriamedia.org\\\/ld\\\/#\\\/schema\\\/logo\\\/image\\\/\",\"url\":\"https:\\\/\\\/www.victoriamedia.org\\\/ld\\\/wp-content\\\/uploads\\\/2022\\\/09\\\/292179098_555417722694101_2682724033383846896_n.png\",\"contentUrl\":\"https:\\\/\\\/www.victoriamedia.org\\\/ld\\\/wp-content\\\/uploads\\\/2022\\\/09\\\/292179098_555417722694101_2682724033383846896_n.png\",\"width\":215,\"height\":165,\"caption\":\"Victoria Media - Kamerauutiset\"},\"image\":{\"@id\":\"https:\\\/\\\/www.victoriamedia.org\\\/ld\\\/#\\\/schema\\\/logo\\\/image\\\/\"},\"sameAs\":[\"https:\\\/\\\/www.facebook.com\\\/victoriamedia\",\"https:\\\/\\\/x.com\\\/uutisparkki\"]},{\"@type\":\"Person\",\"@id\":\"https:\\\/\\\/www.victoriamedia.org\\\/ld\\\/#\\\/schema\\\/person\\\/a2e166f07bdda8a5ef0506501655c9ac\",\"name\":\"Kerttu Vali\",\"image\":{\"@type\":\"ImageObject\",\"inLanguage\":\"en-US\",\"@id\":\"https:\\\/\\\/secure.gravatar.com\\\/avatar\\\/62dbe1a847f655ad987c59fece23f885c4b0e7b06595c36d9597003852972217?s=96&d=mm&r=g\",\"url\":\"https:\\\/\\\/secure.gravatar.com\\\/avatar\\\/62dbe1a847f655ad987c59fece23f885c4b0e7b06595c36d9597003852972217?s=96&d=mm&r=g\",\"contentUrl\":\"https:\\\/\\\/secure.gravatar.com\\\/avatar\\\/62dbe1a847f655ad987c59fece23f885c4b0e7b06595c36d9597003852972217?s=96&d=mm&r=g\",\"caption\":\"Kerttu Vali\"},\"sameAs\":[\"http:\\\/\\\/www.victoriamedia.fi\\\/\"],\"url\":\"https:\\\/\\\/www.victoriamedia.org\\\/ld\\\/author\\\/kerttuvali\\\/\"}]}<\/script>\n<!-- \/ Yoast SEO plugin. -->","yoast_head_json":{"title":"Kuvien k\u00e4ytt\u00f6 viestinn\u00e4n tukena - KAMERAT JA OPTISET LAITTEET","robots":{"index":"index","follow":"follow","max-snippet":"max-snippet:-1","max-image-preview":"max-image-preview:large","max-video-preview":"max-video-preview:-1"},"canonical":"https:\/\/www.victoriamedia.org\/ld\/kuvien-kaytto-viestinnan-tukena\/","og_locale":"en_US","og_type":"article","og_title":"Kuvien k\u00e4ytt\u00f6 viestinn\u00e4n tukena - KAMERAT JA OPTISET LAITTEET","og_description":"Viestint\u00e4toimisto Deski ja uutishuoneyhti\u00f6 Mynewsdesk arvioivat huhtikuussa Pohjoismaiden Top 50 -br\u00e4ndien uutishuoneet (\u00a0Lataa raportti\u00a0) tarkoin m\u00e4\u00e4riteltyjen kriteerien perusteella. Tutkimus osoitti, ett\u00e4 vain kahdeksalta prosentilta yhti\u00f6ist\u00e4 puuttui uutishuoneesta kunnollinen kuvamateriaali. Globaalilla tasolla vastaava luku oli jopa 51 prosenttia, joten voisimme kuvitella kuvien k\u00e4yt\u00f6n jalkautuneen pysyv\u00e4sti pohjoismaiseen PR-ty\u00f6h\u00f6n. K\u00e4yt\u00e4nt\u00f6 kertoo kuitenkin toisenlaisesta maailmasta. Kaikilla yhti\u00f6ill\u00e4 ei ole [&hellip;]","og_url":"https:\/\/www.victoriamedia.org\/ld\/kuvien-kaytto-viestinnan-tukena\/","og_site_name":"KAMERAT JA OPTISET LAITTEET","article_publisher":"https:\/\/www.facebook.com\/victoriamedia","article_published_time":"2013-12-03T18:23:40+00:00","og_image":[{"url":"http:\/\/www.victoriamedia.org\/ld\/wp-content\/uploads\/2013\/12\/snozgkjrxlix0zl3llzc.jpg","type":"","width":"","height":""}],"author":"Kerttu Vali","twitter_card":"summary_large_image","twitter_creator":"@uutisparkki","twitter_site":"@uutisparkki","twitter_misc":{"Written by":"Kerttu Vali","Est. reading time":"3 minutes"},"schema":{"@context":"https:\/\/schema.org","@graph":[{"@type":"Article","@id":"https:\/\/www.victoriamedia.org\/ld\/kuvien-kaytto-viestinnan-tukena\/#article","isPartOf":{"@id":"https:\/\/www.victoriamedia.org\/ld\/kuvien-kaytto-viestinnan-tukena\/"},"author":{"name":"Kerttu Vali","@id":"https:\/\/www.victoriamedia.org\/ld\/#\/schema\/person\/a2e166f07bdda8a5ef0506501655c9ac"},"headline":"Kuvien k\u00e4ytt\u00f6 viestinn\u00e4n tukena","datePublished":"2013-12-03T18:23:40+00:00","mainEntityOfPage":{"@id":"https:\/\/www.victoriamedia.org\/ld\/kuvien-kaytto-viestinnan-tukena\/"},"wordCount":608,"publisher":{"@id":"https:\/\/www.victoriamedia.org\/ld\/#organization"},"image":{"@id":"https:\/\/www.victoriamedia.org\/ld\/kuvien-kaytto-viestinnan-tukena\/#primaryimage"},"thumbnailUrl":"http:\/\/www.victoriamedia.org\/ld\/wp-content\/uploads\/2013\/12\/snozgkjrxlix0zl3llzc.jpg","articleSection":["Kuvaaminen"],"inLanguage":"en-US"},{"@type":"WebPage","@id":"https:\/\/www.victoriamedia.org\/ld\/kuvien-kaytto-viestinnan-tukena\/","url":"https:\/\/www.victoriamedia.org\/ld\/kuvien-kaytto-viestinnan-tukena\/","name":"Kuvien k\u00e4ytt\u00f6 viestinn\u00e4n tukena - KAMERAT JA OPTISET LAITTEET","isPartOf":{"@id":"https:\/\/www.victoriamedia.org\/ld\/#website"},"primaryImageOfPage":{"@id":"https:\/\/www.victoriamedia.org\/ld\/kuvien-kaytto-viestinnan-tukena\/#primaryimage"},"image":{"@id":"https:\/\/www.victoriamedia.org\/ld\/kuvien-kaytto-viestinnan-tukena\/#primaryimage"},"thumbnailUrl":"http:\/\/www.victoriamedia.org\/ld\/wp-content\/uploads\/2013\/12\/snozgkjrxlix0zl3llzc.jpg","datePublished":"2013-12-03T18:23:40+00:00","breadcrumb":{"@id":"https:\/\/www.victoriamedia.org\/ld\/kuvien-kaytto-viestinnan-tukena\/#breadcrumb"},"inLanguage":"en-US","potentialAction":[{"@type":"ReadAction","target":["https:\/\/www.victoriamedia.org\/ld\/kuvien-kaytto-viestinnan-tukena\/"]}]},{"@type":"ImageObject","inLanguage":"en-US","@id":"https:\/\/www.victoriamedia.org\/ld\/kuvien-kaytto-viestinnan-tukena\/#primaryimage","url":"https:\/\/www.victoriamedia.org\/ld\/wp-content\/uploads\/2013\/12\/snozgkjrxlix0zl3llzc.jpg","contentUrl":"https:\/\/www.victoriamedia.org\/ld\/wp-content\/uploads\/2013\/12\/snozgkjrxlix0zl3llzc.jpg","width":700,"height":466},{"@type":"BreadcrumbList","@id":"https:\/\/www.victoriamedia.org\/ld\/kuvien-kaytto-viestinnan-tukena\/#breadcrumb","itemListElement":[{"@type":"ListItem","position":1,"name":"Home","item":"https:\/\/www.victoriamedia.org\/ld\/"},{"@type":"ListItem","position":2,"name":"Kuvien k\u00e4ytt\u00f6 viestinn\u00e4n tukena"}]},{"@type":"WebSite","@id":"https:\/\/www.victoriamedia.org\/ld\/#website","url":"https:\/\/www.victoriamedia.org\/ld\/","name":"KAMERAT JA OPTISET LAITTEET","description":"Kamerat Kiikarit ja optiset tarvikkeet","publisher":{"@id":"https:\/\/www.victoriamedia.org\/ld\/#organization"},"potentialAction":[{"@type":"SearchAction","target":{"@type":"EntryPoint","urlTemplate":"https:\/\/www.victoriamedia.org\/ld\/?s={search_term_string}"},"query-input":{"@type":"PropertyValueSpecification","valueRequired":true,"valueName":"search_term_string"}}],"inLanguage":"en-US"},{"@type":"Organization","@id":"https:\/\/www.victoriamedia.org\/ld\/#organization","name":"Victoria Media - Kamerauutiset","url":"https:\/\/www.victoriamedia.org\/ld\/","logo":{"@type":"ImageObject","inLanguage":"en-US","@id":"https:\/\/www.victoriamedia.org\/ld\/#\/schema\/logo\/image\/","url":"https:\/\/www.victoriamedia.org\/ld\/wp-content\/uploads\/2022\/09\/292179098_555417722694101_2682724033383846896_n.png","contentUrl":"https:\/\/www.victoriamedia.org\/ld\/wp-content\/uploads\/2022\/09\/292179098_555417722694101_2682724033383846896_n.png","width":215,"height":165,"caption":"Victoria Media - Kamerauutiset"},"image":{"@id":"https:\/\/www.victoriamedia.org\/ld\/#\/schema\/logo\/image\/"},"sameAs":["https:\/\/www.facebook.com\/victoriamedia","https:\/\/x.com\/uutisparkki"]},{"@type":"Person","@id":"https:\/\/www.victoriamedia.org\/ld\/#\/schema\/person\/a2e166f07bdda8a5ef0506501655c9ac","name":"Kerttu Vali","image":{"@type":"ImageObject","inLanguage":"en-US","@id":"https:\/\/secure.gravatar.com\/avatar\/62dbe1a847f655ad987c59fece23f885c4b0e7b06595c36d9597003852972217?s=96&d=mm&r=g","url":"https:\/\/secure.gravatar.com\/avatar\/62dbe1a847f655ad987c59fece23f885c4b0e7b06595c36d9597003852972217?s=96&d=mm&r=g","contentUrl":"https:\/\/secure.gravatar.com\/avatar\/62dbe1a847f655ad987c59fece23f885c4b0e7b06595c36d9597003852972217?s=96&d=mm&r=g","caption":"Kerttu Vali"},"sameAs":["http:\/\/www.victoriamedia.fi\/"],"url":"https:\/\/www.victoriamedia.org\/ld\/author\/kerttuvali\/"}]}},"_links":{"self":[{"href":"https:\/\/www.victoriamedia.org\/ld\/wp-json\/wp\/v2\/posts\/244","targetHints":{"allow":["GET"]}}],"collection":[{"href":"https:\/\/www.victoriamedia.org\/ld\/wp-json\/wp\/v2\/posts"}],"about":[{"href":"https:\/\/www.victoriamedia.org\/ld\/wp-json\/wp\/v2\/types\/post"}],"author":[{"embeddable":true,"href":"https:\/\/www.victoriamedia.org\/ld\/wp-json\/wp\/v2\/users\/1"}],"replies":[{"embeddable":true,"href":"https:\/\/www.victoriamedia.org\/ld\/wp-json\/wp\/v2\/comments?post=244"}],"version-history":[{"count":1,"href":"https:\/\/www.victoriamedia.org\/ld\/wp-json\/wp\/v2\/posts\/244\/revisions"}],"predecessor-version":[{"id":246,"href":"https:\/\/www.victoriamedia.org\/ld\/wp-json\/wp\/v2\/posts\/244\/revisions\/246"}],"wp:attachment":[{"href":"https:\/\/www.victoriamedia.org\/ld\/wp-json\/wp\/v2\/media?parent=244"}],"wp:term":[{"taxonomy":"category","embeddable":true,"href":"https:\/\/www.victoriamedia.org\/ld\/wp-json\/wp\/v2\/categories?post=244"},{"taxonomy":"post_tag","embeddable":true,"href":"https:\/\/www.victoriamedia.org\/ld\/wp-json\/wp\/v2\/tags?post=244"}],"curies":[{"name":"wp","href":"https:\/\/api.w.org\/{rel}","templated":true}]}}