{"id":234,"date":"2013-11-07T11:18:19","date_gmt":"2013-11-07T11:18:19","guid":{"rendered":"http:\/\/www.victoriamedia.org\/ld\/?p=234"},"modified":"2013-11-07T11:18:19","modified_gmt":"2013-11-07T11:18:19","slug":"lisaa-saasuojattuja-objektiiveja-pentaxilta","status":"publish","type":"post","link":"https:\/\/www.victoriamedia.org\/ld\/lisaa-saasuojattuja-objektiiveja-pentaxilta\/","title":{"rendered":"Lis\u00e4\u00e4 s\u00e4\u00e4suojattuja objektiivej\u00e4 Pentaxilta"},"content":{"rendered":"<p><a href=\"http:\/\/www.victoriamedia.org\/ld\/wp-content\/uploads\/2013\/11\/print_zqSMD5y7mG.jpg\"><img loading=\"lazy\" decoding=\"async\" class=\"alignnone  wp-image-235\" alt=\"print_zqSMD5y7mG\" src=\"http:\/\/www.victoriamedia.org\/ld\/wp-content\/uploads\/2013\/11\/print_zqSMD5y7mG-723x1024.jpg\" width=\"354\" height=\"501\" srcset=\"https:\/\/www.victoriamedia.org\/ld\/wp-content\/uploads\/2013\/11\/print_zqSMD5y7mG-723x1024.jpg 723w, https:\/\/www.victoriamedia.org\/ld\/wp-content\/uploads\/2013\/11\/print_zqSMD5y7mG-212x300.jpg 212w, https:\/\/www.victoriamedia.org\/ld\/wp-content\/uploads\/2013\/11\/print_zqSMD5y7mG.jpg 1753w\" sizes=\"auto, (max-width: 354px) 100vw, 354px\" \/><\/a><\/p>\n<p><b>Pentax laajentaa s\u00e4\u00e4suojattujen objektiiviensa sarjaa uudella 20-40mm zoom-objektiivilla. Se on ensimm\u00e4nen s\u00e4\u00e4suojattu zoom-objektiivi Pentaxin arvostetussa Limited-sarjassa. Nopea ja hiljainen automaattitarkennus, korkea optinen laatu ja vankka metallirakenne, ovat tyypillist\u00e4 Limited-sarjalle.<\/b><\/p>\n<p><b>HD Pentax-DA 20-40mm F\/2,8-4 ED Limited DC<\/b><\/p>\n<p>Objektiivin polttov\u00e4li, joka APS-C kamerassa k\u00e4ytettyn\u00e4 vastaa 30,5mm \u2013 61,5mm kino-objektiivin kuvakulmaa, sopii erinomaisesti useimpiin kuvaustarkoituksiin.<\/p>\n<p><b>Kamerakiinnitys pitk\u00e4ll\u00e4 historialla<\/b><\/p>\n<p>Objektiivissa on luonnollisesti Pentax K-bajonetti, jonka Pentax on s\u00e4ilytt\u00e4nyt vuodesta 1975. Bajonetin julkaisun j\u00e4lkeen Pentax on valmistanut yhteens\u00e4 27 miljoonaa objektiivia kyseisell\u00e4 kiinnityksell\u00e4. Uusiin Pentax-kameroihin kiinnitettyn\u00e4 n\u00e4m\u00e4 objektiivit saavat my\u00f6s moderneja ominaisuuksia, kuten optisen kuvanvakauksen. Itseasiassa voit k\u00e4ytt\u00e4\u00e4 my\u00f6s vanhoja linssej\u00e4 Pentaxin peilitt\u00f6miss\u00e4 kameroissa adapterin avulla.<\/p>\n<p><b>Kuvanlaatu \/ Optinen rakenne<\/b><\/p>\n<p>Objektiivi on suurimmaksi osaksi metallia, joka antaa sille hyv\u00e4n tuntuman ja kest\u00e4v\u00e4n rakenteen. Se on pinnoitettu Pentaxin HD-pinnoitteella, linssirakenteeseen kuuluu ED- ja \u201dsuper-low-dispersion\u201d-elementit. N\u00e4iden ansiosta kuva on \u00e4\u00e4rimm\u00e4isen tarkka reunasta reunaan, eik\u00e4 v\u00e4rivirheit\u00e4 ole havaittavissa.<\/p>\n<p>Objektiivissa on my\u00f6s \u201dQuick Shift Focus\u201d, jonka ansiosta automaatti- ja manuaalitarkennuksen v\u00e4lill\u00e4 vaihtaminen on nopeaa, sek\u00e4 nopea tarkennusmoottori. Objektiivi tulee saataville sek\u00e4 mustana, ett\u00e4 hopeisena.<\/p>\n<p><b>Tekniset tiedot<\/b><br \/>\n\u2022 Polttov\u00e4li: 20-40mm<br \/>\n\u2022 Valovoima: F\/2,8-4<br \/>\n\u2022 Linssirakenne: 9 elementti\u00e4 8:ssa ryhm\u00e4ss\u00e4<br \/>\n\u2022 L\u00e4hin tarkennuset\u00e4isyys: 0,28 meteri\u00e4<br \/>\n\u2022 Suodinkierre: 55mm<br \/>\n\u2022 Pituus: 71mm<br \/>\n\u2022 Halkaisija: 68,5mm<br \/>\n\u2022 Paino: 283 g<br \/>\n\u2022 Himmenninlevyj\u00e4: 9 kpl<br \/>\n\u2022 Sis\u00e4lt\u00e4\u00e4: Vastavalosuoja<\/p>\n<p><b>Hinta ja saatavuus<\/b><\/p>\n<p>Objektiivin toimitukset alkavat marraskuussa ja sen hinta on noin 1150 euroa.<\/p>\n<p><b>J\u00e4lleen uusi objektiivi<\/b><\/p>\n<p>Samaan aikaan, kun Pentax esittelee uuden Limited-sarjan objektiivin, julkaisee se my\u00f6s Q-sarjaan maailman pienimm\u00e4n laajakulmazoom-objektiivin. Objektiivin kinovastaavuus on 17,5mm &#8211; 27mm uudessa Pentax Q7-kamerassa.<\/p>\n<p>Pentax Q 17,5-27mm toimitus alkaa my\u00f6s marraskuussa ja sen hinta on noin 560 euroa.<\/p>\n","protected":false},"excerpt":{"rendered":"<p>Pentax laajentaa s\u00e4\u00e4suojattujen objektiiviensa sarjaa uudella 20-40mm zoom-objektiivilla. Se on ensimm\u00e4nen s\u00e4\u00e4suojattu zoom-objektiivi Pentaxin arvostetussa Limited-sarjassa. Nopea ja hiljainen automaattitarkennus, korkea optinen laatu ja vankka metallirakenne, ovat tyypillist\u00e4 Limited-sarjalle. HD Pentax-DA 20-40mm F\/2,8-4 ED Limited DC Objektiivin polttov\u00e4li, joka APS-C kamerassa k\u00e4ytettyn\u00e4 vastaa 30,5mm \u2013 61,5mm kino-objektiivin kuvakulmaa, sopii erinomaisesti useimpiin kuvaustarkoituksiin. Kamerakiinnitys pitk\u00e4ll\u00e4 historialla [&hellip;]<\/p>\n","protected":false},"author":1,"featured_media":0,"comment_status":"closed","ping_status":"open","sticky":false,"template":"","format":"standard","meta":{"footnotes":""},"categories":[10],"tags":[],"class_list":["post-234","post","type-post","status-publish","format-standard","hentry","category-objektiivit"],"yoast_head":"<!-- This site is optimized with the Yoast SEO plugin v27.5 - https:\/\/yoast.com\/product\/yoast-seo-wordpress\/ -->\n<title>Lis\u00e4\u00e4 s\u00e4\u00e4suojattuja objektiivej\u00e4 Pentaxilta - KAMERAT JA OPTISET LAITTEET<\/title>\n<meta name=\"robots\" content=\"index, follow, max-snippet:-1, max-image-preview:large, max-video-preview:-1\" \/>\n<link rel=\"canonical\" href=\"https:\/\/www.victoriamedia.org\/ld\/lisaa-saasuojattuja-objektiiveja-pentaxilta\/\" \/>\n<meta property=\"og:locale\" content=\"en_US\" \/>\n<meta property=\"og:type\" content=\"article\" \/>\n<meta property=\"og:title\" content=\"Lis\u00e4\u00e4 s\u00e4\u00e4suojattuja objektiivej\u00e4 Pentaxilta - KAMERAT JA OPTISET LAITTEET\" \/>\n<meta property=\"og:description\" content=\"Pentax laajentaa s\u00e4\u00e4suojattujen objektiiviensa sarjaa uudella 20-40mm zoom-objektiivilla. Se on ensimm\u00e4nen s\u00e4\u00e4suojattu zoom-objektiivi Pentaxin arvostetussa Limited-sarjassa. Nopea ja hiljainen automaattitarkennus, korkea optinen laatu ja vankka metallirakenne, ovat tyypillist\u00e4 Limited-sarjalle. HD Pentax-DA 20-40mm F\/2,8-4 ED Limited DC Objektiivin polttov\u00e4li, joka APS-C kamerassa k\u00e4ytettyn\u00e4 vastaa 30,5mm \u2013 61,5mm kino-objektiivin kuvakulmaa, sopii erinomaisesti useimpiin kuvaustarkoituksiin. Kamerakiinnitys pitk\u00e4ll\u00e4 historialla [&hellip;]\" \/>\n<meta property=\"og:url\" content=\"https:\/\/www.victoriamedia.org\/ld\/lisaa-saasuojattuja-objektiiveja-pentaxilta\/\" \/>\n<meta property=\"og:site_name\" content=\"KAMERAT JA OPTISET LAITTEET\" \/>\n<meta property=\"article:publisher\" content=\"https:\/\/www.facebook.com\/victoriamedia\" \/>\n<meta property=\"article:published_time\" content=\"2013-11-07T11:18:19+00:00\" \/>\n<meta property=\"og:image\" content=\"http:\/\/www.victoriamedia.org\/ld\/wp-content\/uploads\/2013\/11\/print_zqSMD5y7mG-723x1024.jpg\" \/>\n<meta name=\"author\" content=\"Kerttu Vali\" \/>\n<meta name=\"twitter:card\" content=\"summary_large_image\" \/>\n<meta name=\"twitter:creator\" content=\"@uutisparkki\" \/>\n<meta name=\"twitter:site\" content=\"@uutisparkki\" \/>\n<meta name=\"twitter:label1\" content=\"Written by\" \/>\n\t<meta name=\"twitter:data1\" content=\"Kerttu Vali\" \/>\n\t<meta name=\"twitter:label2\" content=\"Est. reading time\" \/>\n\t<meta name=\"twitter:data2\" content=\"1 minute\" \/>\n<script type=\"application\/ld+json\" class=\"yoast-schema-graph\">{\"@context\":\"https:\\\/\\\/schema.org\",\"@graph\":[{\"@type\":\"Article\",\"@id\":\"https:\\\/\\\/www.victoriamedia.org\\\/ld\\\/lisaa-saasuojattuja-objektiiveja-pentaxilta\\\/#article\",\"isPartOf\":{\"@id\":\"https:\\\/\\\/www.victoriamedia.org\\\/ld\\\/lisaa-saasuojattuja-objektiiveja-pentaxilta\\\/\"},\"author\":{\"name\":\"Kerttu Vali\",\"@id\":\"https:\\\/\\\/www.victoriamedia.org\\\/ld\\\/#\\\/schema\\\/person\\\/a2e166f07bdda8a5ef0506501655c9ac\"},\"headline\":\"Lis\u00e4\u00e4 s\u00e4\u00e4suojattuja objektiivej\u00e4 Pentaxilta\",\"datePublished\":\"2013-11-07T11:18:19+00:00\",\"mainEntityOfPage\":{\"@id\":\"https:\\\/\\\/www.victoriamedia.org\\\/ld\\\/lisaa-saasuojattuja-objektiiveja-pentaxilta\\\/\"},\"wordCount\":283,\"publisher\":{\"@id\":\"https:\\\/\\\/www.victoriamedia.org\\\/ld\\\/#organization\"},\"image\":{\"@id\":\"https:\\\/\\\/www.victoriamedia.org\\\/ld\\\/lisaa-saasuojattuja-objektiiveja-pentaxilta\\\/#primaryimage\"},\"thumbnailUrl\":\"http:\\\/\\\/www.victoriamedia.org\\\/ld\\\/wp-content\\\/uploads\\\/2013\\\/11\\\/print_zqSMD5y7mG-723x1024.jpg\",\"articleSection\":[\"Objektiivit\"],\"inLanguage\":\"en-US\"},{\"@type\":\"WebPage\",\"@id\":\"https:\\\/\\\/www.victoriamedia.org\\\/ld\\\/lisaa-saasuojattuja-objektiiveja-pentaxilta\\\/\",\"url\":\"https:\\\/\\\/www.victoriamedia.org\\\/ld\\\/lisaa-saasuojattuja-objektiiveja-pentaxilta\\\/\",\"name\":\"Lis\u00e4\u00e4 s\u00e4\u00e4suojattuja objektiivej\u00e4 Pentaxilta - KAMERAT JA OPTISET LAITTEET\",\"isPartOf\":{\"@id\":\"https:\\\/\\\/www.victoriamedia.org\\\/ld\\\/#website\"},\"primaryImageOfPage\":{\"@id\":\"https:\\\/\\\/www.victoriamedia.org\\\/ld\\\/lisaa-saasuojattuja-objektiiveja-pentaxilta\\\/#primaryimage\"},\"image\":{\"@id\":\"https:\\\/\\\/www.victoriamedia.org\\\/ld\\\/lisaa-saasuojattuja-objektiiveja-pentaxilta\\\/#primaryimage\"},\"thumbnailUrl\":\"http:\\\/\\\/www.victoriamedia.org\\\/ld\\\/wp-content\\\/uploads\\\/2013\\\/11\\\/print_zqSMD5y7mG-723x1024.jpg\",\"datePublished\":\"2013-11-07T11:18:19+00:00\",\"breadcrumb\":{\"@id\":\"https:\\\/\\\/www.victoriamedia.org\\\/ld\\\/lisaa-saasuojattuja-objektiiveja-pentaxilta\\\/#breadcrumb\"},\"inLanguage\":\"en-US\",\"potentialAction\":[{\"@type\":\"ReadAction\",\"target\":[\"https:\\\/\\\/www.victoriamedia.org\\\/ld\\\/lisaa-saasuojattuja-objektiiveja-pentaxilta\\\/\"]}]},{\"@type\":\"ImageObject\",\"inLanguage\":\"en-US\",\"@id\":\"https:\\\/\\\/www.victoriamedia.org\\\/ld\\\/lisaa-saasuojattuja-objektiiveja-pentaxilta\\\/#primaryimage\",\"url\":\"https:\\\/\\\/www.victoriamedia.org\\\/ld\\\/wp-content\\\/uploads\\\/2013\\\/11\\\/print_zqSMD5y7mG.jpg\",\"contentUrl\":\"https:\\\/\\\/www.victoriamedia.org\\\/ld\\\/wp-content\\\/uploads\\\/2013\\\/11\\\/print_zqSMD5y7mG.jpg\",\"width\":1753,\"height\":2480},{\"@type\":\"BreadcrumbList\",\"@id\":\"https:\\\/\\\/www.victoriamedia.org\\\/ld\\\/lisaa-saasuojattuja-objektiiveja-pentaxilta\\\/#breadcrumb\",\"itemListElement\":[{\"@type\":\"ListItem\",\"position\":1,\"name\":\"Home\",\"item\":\"https:\\\/\\\/www.victoriamedia.org\\\/ld\\\/\"},{\"@type\":\"ListItem\",\"position\":2,\"name\":\"Lis\u00e4\u00e4 s\u00e4\u00e4suojattuja objektiivej\u00e4 Pentaxilta\"}]},{\"@type\":\"WebSite\",\"@id\":\"https:\\\/\\\/www.victoriamedia.org\\\/ld\\\/#website\",\"url\":\"https:\\\/\\\/www.victoriamedia.org\\\/ld\\\/\",\"name\":\"KAMERAT JA OPTISET LAITTEET\",\"description\":\"Kamerat Kiikarit ja optiset tarvikkeet\",\"publisher\":{\"@id\":\"https:\\\/\\\/www.victoriamedia.org\\\/ld\\\/#organization\"},\"potentialAction\":[{\"@type\":\"SearchAction\",\"target\":{\"@type\":\"EntryPoint\",\"urlTemplate\":\"https:\\\/\\\/www.victoriamedia.org\\\/ld\\\/?s={search_term_string}\"},\"query-input\":{\"@type\":\"PropertyValueSpecification\",\"valueRequired\":true,\"valueName\":\"search_term_string\"}}],\"inLanguage\":\"en-US\"},{\"@type\":\"Organization\",\"@id\":\"https:\\\/\\\/www.victoriamedia.org\\\/ld\\\/#organization\",\"name\":\"Victoria Media - Kamerauutiset\",\"url\":\"https:\\\/\\\/www.victoriamedia.org\\\/ld\\\/\",\"logo\":{\"@type\":\"ImageObject\",\"inLanguage\":\"en-US\",\"@id\":\"https:\\\/\\\/www.victoriamedia.org\\\/ld\\\/#\\\/schema\\\/logo\\\/image\\\/\",\"url\":\"https:\\\/\\\/www.victoriamedia.org\\\/ld\\\/wp-content\\\/uploads\\\/2022\\\/09\\\/292179098_555417722694101_2682724033383846896_n.png\",\"contentUrl\":\"https:\\\/\\\/www.victoriamedia.org\\\/ld\\\/wp-content\\\/uploads\\\/2022\\\/09\\\/292179098_555417722694101_2682724033383846896_n.png\",\"width\":215,\"height\":165,\"caption\":\"Victoria Media - Kamerauutiset\"},\"image\":{\"@id\":\"https:\\\/\\\/www.victoriamedia.org\\\/ld\\\/#\\\/schema\\\/logo\\\/image\\\/\"},\"sameAs\":[\"https:\\\/\\\/www.facebook.com\\\/victoriamedia\",\"https:\\\/\\\/x.com\\\/uutisparkki\"]},{\"@type\":\"Person\",\"@id\":\"https:\\\/\\\/www.victoriamedia.org\\\/ld\\\/#\\\/schema\\\/person\\\/a2e166f07bdda8a5ef0506501655c9ac\",\"name\":\"Kerttu Vali\",\"image\":{\"@type\":\"ImageObject\",\"inLanguage\":\"en-US\",\"@id\":\"https:\\\/\\\/secure.gravatar.com\\\/avatar\\\/62dbe1a847f655ad987c59fece23f885c4b0e7b06595c36d9597003852972217?s=96&d=mm&r=g\",\"url\":\"https:\\\/\\\/secure.gravatar.com\\\/avatar\\\/62dbe1a847f655ad987c59fece23f885c4b0e7b06595c36d9597003852972217?s=96&d=mm&r=g\",\"contentUrl\":\"https:\\\/\\\/secure.gravatar.com\\\/avatar\\\/62dbe1a847f655ad987c59fece23f885c4b0e7b06595c36d9597003852972217?s=96&d=mm&r=g\",\"caption\":\"Kerttu Vali\"},\"sameAs\":[\"http:\\\/\\\/www.victoriamedia.fi\\\/\"],\"url\":\"https:\\\/\\\/www.victoriamedia.org\\\/ld\\\/author\\\/kerttuvali\\\/\"}]}<\/script>\n<!-- \/ Yoast SEO plugin. -->","yoast_head_json":{"title":"Lis\u00e4\u00e4 s\u00e4\u00e4suojattuja objektiivej\u00e4 Pentaxilta - KAMERAT JA OPTISET LAITTEET","robots":{"index":"index","follow":"follow","max-snippet":"max-snippet:-1","max-image-preview":"max-image-preview:large","max-video-preview":"max-video-preview:-1"},"canonical":"https:\/\/www.victoriamedia.org\/ld\/lisaa-saasuojattuja-objektiiveja-pentaxilta\/","og_locale":"en_US","og_type":"article","og_title":"Lis\u00e4\u00e4 s\u00e4\u00e4suojattuja objektiivej\u00e4 Pentaxilta - KAMERAT JA OPTISET LAITTEET","og_description":"Pentax laajentaa s\u00e4\u00e4suojattujen objektiiviensa sarjaa uudella 20-40mm zoom-objektiivilla. Se on ensimm\u00e4nen s\u00e4\u00e4suojattu zoom-objektiivi Pentaxin arvostetussa Limited-sarjassa. Nopea ja hiljainen automaattitarkennus, korkea optinen laatu ja vankka metallirakenne, ovat tyypillist\u00e4 Limited-sarjalle. HD Pentax-DA 20-40mm F\/2,8-4 ED Limited DC Objektiivin polttov\u00e4li, joka APS-C kamerassa k\u00e4ytettyn\u00e4 vastaa 30,5mm \u2013 61,5mm kino-objektiivin kuvakulmaa, sopii erinomaisesti useimpiin kuvaustarkoituksiin. Kamerakiinnitys pitk\u00e4ll\u00e4 historialla [&hellip;]","og_url":"https:\/\/www.victoriamedia.org\/ld\/lisaa-saasuojattuja-objektiiveja-pentaxilta\/","og_site_name":"KAMERAT JA OPTISET LAITTEET","article_publisher":"https:\/\/www.facebook.com\/victoriamedia","article_published_time":"2013-11-07T11:18:19+00:00","og_image":[{"url":"http:\/\/www.victoriamedia.org\/ld\/wp-content\/uploads\/2013\/11\/print_zqSMD5y7mG-723x1024.jpg","type":"","width":"","height":""}],"author":"Kerttu Vali","twitter_card":"summary_large_image","twitter_creator":"@uutisparkki","twitter_site":"@uutisparkki","twitter_misc":{"Written by":"Kerttu Vali","Est. reading time":"1 minute"},"schema":{"@context":"https:\/\/schema.org","@graph":[{"@type":"Article","@id":"https:\/\/www.victoriamedia.org\/ld\/lisaa-saasuojattuja-objektiiveja-pentaxilta\/#article","isPartOf":{"@id":"https:\/\/www.victoriamedia.org\/ld\/lisaa-saasuojattuja-objektiiveja-pentaxilta\/"},"author":{"name":"Kerttu Vali","@id":"https:\/\/www.victoriamedia.org\/ld\/#\/schema\/person\/a2e166f07bdda8a5ef0506501655c9ac"},"headline":"Lis\u00e4\u00e4 s\u00e4\u00e4suojattuja objektiivej\u00e4 Pentaxilta","datePublished":"2013-11-07T11:18:19+00:00","mainEntityOfPage":{"@id":"https:\/\/www.victoriamedia.org\/ld\/lisaa-saasuojattuja-objektiiveja-pentaxilta\/"},"wordCount":283,"publisher":{"@id":"https:\/\/www.victoriamedia.org\/ld\/#organization"},"image":{"@id":"https:\/\/www.victoriamedia.org\/ld\/lisaa-saasuojattuja-objektiiveja-pentaxilta\/#primaryimage"},"thumbnailUrl":"http:\/\/www.victoriamedia.org\/ld\/wp-content\/uploads\/2013\/11\/print_zqSMD5y7mG-723x1024.jpg","articleSection":["Objektiivit"],"inLanguage":"en-US"},{"@type":"WebPage","@id":"https:\/\/www.victoriamedia.org\/ld\/lisaa-saasuojattuja-objektiiveja-pentaxilta\/","url":"https:\/\/www.victoriamedia.org\/ld\/lisaa-saasuojattuja-objektiiveja-pentaxilta\/","name":"Lis\u00e4\u00e4 s\u00e4\u00e4suojattuja objektiivej\u00e4 Pentaxilta - KAMERAT JA OPTISET LAITTEET","isPartOf":{"@id":"https:\/\/www.victoriamedia.org\/ld\/#website"},"primaryImageOfPage":{"@id":"https:\/\/www.victoriamedia.org\/ld\/lisaa-saasuojattuja-objektiiveja-pentaxilta\/#primaryimage"},"image":{"@id":"https:\/\/www.victoriamedia.org\/ld\/lisaa-saasuojattuja-objektiiveja-pentaxilta\/#primaryimage"},"thumbnailUrl":"http:\/\/www.victoriamedia.org\/ld\/wp-content\/uploads\/2013\/11\/print_zqSMD5y7mG-723x1024.jpg","datePublished":"2013-11-07T11:18:19+00:00","breadcrumb":{"@id":"https:\/\/www.victoriamedia.org\/ld\/lisaa-saasuojattuja-objektiiveja-pentaxilta\/#breadcrumb"},"inLanguage":"en-US","potentialAction":[{"@type":"ReadAction","target":["https:\/\/www.victoriamedia.org\/ld\/lisaa-saasuojattuja-objektiiveja-pentaxilta\/"]}]},{"@type":"ImageObject","inLanguage":"en-US","@id":"https:\/\/www.victoriamedia.org\/ld\/lisaa-saasuojattuja-objektiiveja-pentaxilta\/#primaryimage","url":"https:\/\/www.victoriamedia.org\/ld\/wp-content\/uploads\/2013\/11\/print_zqSMD5y7mG.jpg","contentUrl":"https:\/\/www.victoriamedia.org\/ld\/wp-content\/uploads\/2013\/11\/print_zqSMD5y7mG.jpg","width":1753,"height":2480},{"@type":"BreadcrumbList","@id":"https:\/\/www.victoriamedia.org\/ld\/lisaa-saasuojattuja-objektiiveja-pentaxilta\/#breadcrumb","itemListElement":[{"@type":"ListItem","position":1,"name":"Home","item":"https:\/\/www.victoriamedia.org\/ld\/"},{"@type":"ListItem","position":2,"name":"Lis\u00e4\u00e4 s\u00e4\u00e4suojattuja objektiivej\u00e4 Pentaxilta"}]},{"@type":"WebSite","@id":"https:\/\/www.victoriamedia.org\/ld\/#website","url":"https:\/\/www.victoriamedia.org\/ld\/","name":"KAMERAT JA OPTISET LAITTEET","description":"Kamerat Kiikarit ja optiset tarvikkeet","publisher":{"@id":"https:\/\/www.victoriamedia.org\/ld\/#organization"},"potentialAction":[{"@type":"SearchAction","target":{"@type":"EntryPoint","urlTemplate":"https:\/\/www.victoriamedia.org\/ld\/?s={search_term_string}"},"query-input":{"@type":"PropertyValueSpecification","valueRequired":true,"valueName":"search_term_string"}}],"inLanguage":"en-US"},{"@type":"Organization","@id":"https:\/\/www.victoriamedia.org\/ld\/#organization","name":"Victoria Media - Kamerauutiset","url":"https:\/\/www.victoriamedia.org\/ld\/","logo":{"@type":"ImageObject","inLanguage":"en-US","@id":"https:\/\/www.victoriamedia.org\/ld\/#\/schema\/logo\/image\/","url":"https:\/\/www.victoriamedia.org\/ld\/wp-content\/uploads\/2022\/09\/292179098_555417722694101_2682724033383846896_n.png","contentUrl":"https:\/\/www.victoriamedia.org\/ld\/wp-content\/uploads\/2022\/09\/292179098_555417722694101_2682724033383846896_n.png","width":215,"height":165,"caption":"Victoria Media - Kamerauutiset"},"image":{"@id":"https:\/\/www.victoriamedia.org\/ld\/#\/schema\/logo\/image\/"},"sameAs":["https:\/\/www.facebook.com\/victoriamedia","https:\/\/x.com\/uutisparkki"]},{"@type":"Person","@id":"https:\/\/www.victoriamedia.org\/ld\/#\/schema\/person\/a2e166f07bdda8a5ef0506501655c9ac","name":"Kerttu Vali","image":{"@type":"ImageObject","inLanguage":"en-US","@id":"https:\/\/secure.gravatar.com\/avatar\/62dbe1a847f655ad987c59fece23f885c4b0e7b06595c36d9597003852972217?s=96&d=mm&r=g","url":"https:\/\/secure.gravatar.com\/avatar\/62dbe1a847f655ad987c59fece23f885c4b0e7b06595c36d9597003852972217?s=96&d=mm&r=g","contentUrl":"https:\/\/secure.gravatar.com\/avatar\/62dbe1a847f655ad987c59fece23f885c4b0e7b06595c36d9597003852972217?s=96&d=mm&r=g","caption":"Kerttu Vali"},"sameAs":["http:\/\/www.victoriamedia.fi\/"],"url":"https:\/\/www.victoriamedia.org\/ld\/author\/kerttuvali\/"}]}},"_links":{"self":[{"href":"https:\/\/www.victoriamedia.org\/ld\/wp-json\/wp\/v2\/posts\/234","targetHints":{"allow":["GET"]}}],"collection":[{"href":"https:\/\/www.victoriamedia.org\/ld\/wp-json\/wp\/v2\/posts"}],"about":[{"href":"https:\/\/www.victoriamedia.org\/ld\/wp-json\/wp\/v2\/types\/post"}],"author":[{"embeddable":true,"href":"https:\/\/www.victoriamedia.org\/ld\/wp-json\/wp\/v2\/users\/1"}],"replies":[{"embeddable":true,"href":"https:\/\/www.victoriamedia.org\/ld\/wp-json\/wp\/v2\/comments?post=234"}],"version-history":[{"count":1,"href":"https:\/\/www.victoriamedia.org\/ld\/wp-json\/wp\/v2\/posts\/234\/revisions"}],"predecessor-version":[{"id":236,"href":"https:\/\/www.victoriamedia.org\/ld\/wp-json\/wp\/v2\/posts\/234\/revisions\/236"}],"wp:attachment":[{"href":"https:\/\/www.victoriamedia.org\/ld\/wp-json\/wp\/v2\/media?parent=234"}],"wp:term":[{"taxonomy":"category","embeddable":true,"href":"https:\/\/www.victoriamedia.org\/ld\/wp-json\/wp\/v2\/categories?post=234"},{"taxonomy":"post_tag","embeddable":true,"href":"https:\/\/www.victoriamedia.org\/ld\/wp-json\/wp\/v2\/tags?post=234"}],"curies":[{"name":"wp","href":"https:\/\/api.w.org\/{rel}","templated":true}]}}