{"id":231,"date":"2013-11-07T11:15:41","date_gmt":"2013-11-07T11:15:41","guid":{"rendered":"http:\/\/www.victoriamedia.org\/ld\/?p=231"},"modified":"2013-11-07T11:15:41","modified_gmt":"2013-11-07T11:15:41","slug":"uusi-tamron-superzoom-luonto-ja-urheilukuvaukseen-objektiivin-julkistus-tanaan-7-11","status":"publish","type":"post","link":"https:\/\/www.victoriamedia.org\/ld\/uusi-tamron-superzoom-luonto-ja-urheilukuvaukseen-objektiivin-julkistus-tanaan-7-11\/","title":{"rendered":"Uusi Tamron superzoom luonto- ja urheilukuvaukseen &#8211; Objektiivin julkistus t\u00e4n\u00e4\u00e4n 7.11."},"content":{"rendered":"<p><a href=\"http:\/\/www.victoriamedia.org\/ld\/wp-content\/uploads\/2013\/11\/print_OaXyYTJ5HP.jpg\"><img loading=\"lazy\" decoding=\"async\" class=\"alignnone size-large wp-image-232\" alt=\"print_OaXyYTJ5HP\" src=\"http:\/\/www.victoriamedia.org\/ld\/wp-content\/uploads\/2013\/11\/print_OaXyYTJ5HP-908x1024.jpg\" width=\"590\" height=\"665\" srcset=\"https:\/\/www.victoriamedia.org\/ld\/wp-content\/uploads\/2013\/11\/print_OaXyYTJ5HP-908x1024.jpg 908w, https:\/\/www.victoriamedia.org\/ld\/wp-content\/uploads\/2013\/11\/print_OaXyYTJ5HP-266x300.jpg 266w\" sizes=\"auto, (max-width: 590px) 100vw, 590px\" \/><\/a><\/p>\n<p><b>Tamron jatkaa kehittyneiden amat\u00f6\u00f6rien ja ammattilaisten tarpeisiin suunniteltujen objektiiviensa esittelyj\u00e4. Kolmen viimeisimm\u00e4ksi julkaistun objektiivin, 24-70 F\/2,8 VC, 90 Makro VC ja 70-200 F\/2,8 VC, menestyksen j\u00e4lkeen on vuorossa nyt nelj\u00e4s objektiivi, joka on suunnattu luonto- ja urheilukuvaukseen. Tamron uskoo saavuttavansa n\u00e4iden ryhmien valokuvaajat 150-600mm zoom-alueella, kuvanvakaajalla ja huippunopealla automaattitarkennuksella.<\/b><\/p>\n<p><b>SP 150-600mm F\/5-6,3 Di VC USD<\/b><\/p>\n<p>Tamronin edellinen objektiivi t\u00e4ss\u00e4 sarjassa, 200-500mm, on saanut vuosien varrella monia hyvi\u00e4 tuloksia testeiss\u00e4 ja arvosteluissa, mutta sill\u00e4 alkaa olla jo ik\u00e4\u00e4. Uusi malli on sek\u00e4 odotettu ett\u00e4 toivottu, sill\u00e4 nyky\u00e4\u00e4n vaaditaan nopeampaa ja tarkempaa automaattitarkennusta, optista kuvanvakaajaa ja yh\u00e4 pidemp\u00e4\u00e4 polttov\u00e4lialuetta. N\u00e4iden ominaisuuksien lis\u00e4ksi uusi objektiivi on s\u00e4\u00e4nkest\u00e4v\u00e4.<\/p>\n<p><b>Objektiivin julkistus on t\u00e4n\u00e4\u00e4n 7.11. Pariisin Salon de la Photo 2013\u2013tapahtumassa.<\/b><\/p>\n<p><b>Kuvanlaatu \/ Optinen rakenne<\/b><\/p>\n<p>Edistynyt optinen rakenne, jossa 20 linssielementti\u00e4, joista 3 LD-lasia (Low Dispersion), 13:ssa ryhm\u00e4ss\u00e4. Uusinta teknologiaa oleva linssipinnoitus (e-Band \u2013 Extended Bandwith &amp; Angular-Dependency), joka est\u00e4\u00e4 heijastuksien syntymist\u00e4 tehokkaammin kuin koskaan ja tarjoaa kuvanlaadun, joka miellytt\u00e4\u00e4 kaikkein vaativimpiakin kuvaajia.<\/p>\n<p><b>T\u00e4ysikoko &amp; APS-C<\/b><\/p>\n<p>Di tuotenimess\u00e4 tarkoittaa, ett\u00e4 objektiivi on suunniteltu t\u00e4ysikokoisille kennoille, mutta objektiivia voi tietenkin k\u00e4ytt\u00e4\u00e4 my\u00f6s APS-C \u2013koon kameroissa ja saada kuvakulman, joka vastaa 233-930mm objektiivia.<\/p>\n<p><b>Bok\u00e9h<\/b><\/p>\n<p>L\u00e4hes t\u00e4ydellisen py\u00f6re\u00e4n aukon tekev\u00e4t yhdeks\u00e4n himmenninlevy\u00e4 tuottavat eritt\u00e4in pehme\u00e4n taustan pehmennyksen (Bok\u00e9h).<\/p>\n<p><b>Viimeistely &amp; design<\/b><\/p>\n<p>Tamron on my\u00f6s p\u00e4ivitt\u00e4nyt objektiivin viimeistely\u00e4 vastaamaan parhaita markkinoilla olevia t\u00e4yden kinokoon kameroita. Se on my\u00f6s varustettu uudella jalustakiinnityksell\u00e4, joka antaa vakautta, mutta<br \/>\non my\u00f6s helppo kiinnitt\u00e4\u00e4 ja irroittaa objektiivista.<\/p>\n<p><b>Ilmainen ohjelmisto<\/b><\/p>\n<p>Aivan kuten kolmessa edellisess\u00e4 mallissa, 24-70 F\/2,8, 90 Makro VC ja 70-200 F\/2,8 VC, toimitetaan SP 150-600mm \u201dSilkpix Developer Studio for Tamron\u201d \u2013ohjelman kanssa. Ohjelman perusversion tavallisten ominaisuuksien, kuten valkotasapainon, v\u00e4rien ja ter\u00e4vyyden s\u00e4\u00e4t\u00e4misen RAW-kuvissa, lis\u00e4ksi Tamron-versiossa on esiladatut profiilit Tamron-objektiiveille. Kaikissa, jopa kaikkein parhaissa, objektiiveissa on v\u00e4\u00e4ristymi\u00e4, mutta niiden korjaaminen onnistuu ohjelmassa linssiprofiilin avulla. N\u00e4in p\u00e4\u00e4st\u00e4\u00e4n niin l\u00e4helle \u201dt\u00e4ydellist\u00e4 kuvaa\u201d kuin mahdollista.<\/p>\n<p><b>Tekniset tiedot<\/b><br \/>\n\u2022 Polttov\u00e4li: 150-600mm<br \/>\n\u2022 Valovoima: F\/5-6,3<br \/>\n\u2022 Kuvakulma (kino): 16\u00b025\u00b4\u2013 4\u00b08\u00b4(diagonal)<br \/>\n\u2022 Kuvakulma (APS-C): 10\u00b038\u00b4\u2013 2\u00b040\u00b4(diagonal)<br \/>\n\u2022 Linssirakenne: 20 elementti\u00e4 13 ryhm\u00e4ss\u00e4<br \/>\n\u2022 L\u00e4hin tarkennuset\u00e4isyys: 2,7 meteri\u00e4<br \/>\n\u2022 Suurennussuhde: 1:5<br \/>\n\u2022 Suodinkierre: 95mm<br \/>\n\u2022 Pituus: 257,8mm<br \/>\n\u2022 Halkaisija: 105,6mm (paksuimmillaan)<br \/>\n\u2022 Paino: 1951 g<br \/>\n\u2022 Himmenninlevyj\u00e4: 9 kpl<br \/>\n\u2022 Pienin aukko: F\/32 \u2013 40<br \/>\n\u2022 Sis\u00e4lt\u00e4\u00e4: Vastavalosuoja, jalustapanta<br \/>\n\u2022 Kiinnitys: Canon, Nikon ja Sony*<br \/>\n*Sony-versiossa ei ole kuvanvakaajaa. Kuvanvakaaja on Sonyn rungossa.<\/p>\n","protected":false},"excerpt":{"rendered":"<p>Tamron jatkaa kehittyneiden amat\u00f6\u00f6rien ja ammattilaisten tarpeisiin suunniteltujen objektiiviensa esittelyj\u00e4. Kolmen viimeisimm\u00e4ksi julkaistun objektiivin, 24-70 F\/2,8 VC, 90 Makro VC ja 70-200 F\/2,8 VC, menestyksen j\u00e4lkeen on vuorossa nyt nelj\u00e4s objektiivi, joka on suunnattu luonto- ja urheilukuvaukseen. Tamron uskoo saavuttavansa n\u00e4iden ryhmien valokuvaajat 150-600mm zoom-alueella, kuvanvakaajalla ja huippunopealla automaattitarkennuksella. SP 150-600mm F\/5-6,3 Di VC USD [&hellip;]<\/p>\n","protected":false},"author":1,"featured_media":0,"comment_status":"closed","ping_status":"open","sticky":false,"template":"","format":"standard","meta":{"footnotes":""},"categories":[10],"tags":[],"class_list":["post-231","post","type-post","status-publish","format-standard","hentry","category-objektiivit"],"yoast_head":"<!-- This site is optimized with the Yoast SEO plugin v27.5 - https:\/\/yoast.com\/product\/yoast-seo-wordpress\/ -->\n<title>Uusi Tamron superzoom luonto- ja urheilukuvaukseen - Objektiivin julkistus t\u00e4n\u00e4\u00e4n 7.11. - KAMERAT JA OPTISET LAITTEET<\/title>\n<meta name=\"robots\" content=\"index, follow, max-snippet:-1, max-image-preview:large, max-video-preview:-1\" \/>\n<link rel=\"canonical\" href=\"https:\/\/www.victoriamedia.org\/ld\/uusi-tamron-superzoom-luonto-ja-urheilukuvaukseen-objektiivin-julkistus-tanaan-7-11\/\" \/>\n<meta property=\"og:locale\" content=\"en_US\" \/>\n<meta property=\"og:type\" content=\"article\" \/>\n<meta property=\"og:title\" content=\"Uusi Tamron superzoom luonto- ja urheilukuvaukseen - Objektiivin julkistus t\u00e4n\u00e4\u00e4n 7.11. - KAMERAT JA OPTISET LAITTEET\" \/>\n<meta property=\"og:description\" content=\"Tamron jatkaa kehittyneiden amat\u00f6\u00f6rien ja ammattilaisten tarpeisiin suunniteltujen objektiiviensa esittelyj\u00e4. Kolmen viimeisimm\u00e4ksi julkaistun objektiivin, 24-70 F\/2,8 VC, 90 Makro VC ja 70-200 F\/2,8 VC, menestyksen j\u00e4lkeen on vuorossa nyt nelj\u00e4s objektiivi, joka on suunnattu luonto- ja urheilukuvaukseen. Tamron uskoo saavuttavansa n\u00e4iden ryhmien valokuvaajat 150-600mm zoom-alueella, kuvanvakaajalla ja huippunopealla automaattitarkennuksella. SP 150-600mm F\/5-6,3 Di VC USD [&hellip;]\" \/>\n<meta property=\"og:url\" content=\"https:\/\/www.victoriamedia.org\/ld\/uusi-tamron-superzoom-luonto-ja-urheilukuvaukseen-objektiivin-julkistus-tanaan-7-11\/\" \/>\n<meta property=\"og:site_name\" content=\"KAMERAT JA OPTISET LAITTEET\" \/>\n<meta property=\"article:publisher\" content=\"https:\/\/www.facebook.com\/victoriamedia\" \/>\n<meta property=\"article:published_time\" content=\"2013-11-07T11:15:41+00:00\" \/>\n<meta property=\"og:image\" content=\"http:\/\/www.victoriamedia.org\/ld\/wp-content\/uploads\/2013\/11\/print_OaXyYTJ5HP-908x1024.jpg\" \/>\n<meta name=\"author\" content=\"Kerttu Vali\" \/>\n<meta name=\"twitter:card\" content=\"summary_large_image\" \/>\n<meta name=\"twitter:creator\" content=\"@uutisparkki\" \/>\n<meta name=\"twitter:site\" content=\"@uutisparkki\" \/>\n<meta name=\"twitter:label1\" content=\"Written by\" \/>\n\t<meta name=\"twitter:data1\" content=\"Kerttu Vali\" \/>\n\t<meta name=\"twitter:label2\" content=\"Est. reading time\" \/>\n\t<meta name=\"twitter:data2\" content=\"2 minutes\" \/>\n<script type=\"application\/ld+json\" class=\"yoast-schema-graph\">{\"@context\":\"https:\\\/\\\/schema.org\",\"@graph\":[{\"@type\":\"Article\",\"@id\":\"https:\\\/\\\/www.victoriamedia.org\\\/ld\\\/uusi-tamron-superzoom-luonto-ja-urheilukuvaukseen-objektiivin-julkistus-tanaan-7-11\\\/#article\",\"isPartOf\":{\"@id\":\"https:\\\/\\\/www.victoriamedia.org\\\/ld\\\/uusi-tamron-superzoom-luonto-ja-urheilukuvaukseen-objektiivin-julkistus-tanaan-7-11\\\/\"},\"author\":{\"name\":\"Kerttu Vali\",\"@id\":\"https:\\\/\\\/www.victoriamedia.org\\\/ld\\\/#\\\/schema\\\/person\\\/a2e166f07bdda8a5ef0506501655c9ac\"},\"headline\":\"Uusi Tamron superzoom luonto- ja urheilukuvaukseen &#8211; Objektiivin julkistus t\u00e4n\u00e4\u00e4n 7.11.\",\"datePublished\":\"2013-11-07T11:15:41+00:00\",\"mainEntityOfPage\":{\"@id\":\"https:\\\/\\\/www.victoriamedia.org\\\/ld\\\/uusi-tamron-superzoom-luonto-ja-urheilukuvaukseen-objektiivin-julkistus-tanaan-7-11\\\/\"},\"wordCount\":410,\"publisher\":{\"@id\":\"https:\\\/\\\/www.victoriamedia.org\\\/ld\\\/#organization\"},\"image\":{\"@id\":\"https:\\\/\\\/www.victoriamedia.org\\\/ld\\\/uusi-tamron-superzoom-luonto-ja-urheilukuvaukseen-objektiivin-julkistus-tanaan-7-11\\\/#primaryimage\"},\"thumbnailUrl\":\"http:\\\/\\\/www.victoriamedia.org\\\/ld\\\/wp-content\\\/uploads\\\/2013\\\/11\\\/print_OaXyYTJ5HP-908x1024.jpg\",\"articleSection\":[\"Objektiivit\"],\"inLanguage\":\"en-US\"},{\"@type\":\"WebPage\",\"@id\":\"https:\\\/\\\/www.victoriamedia.org\\\/ld\\\/uusi-tamron-superzoom-luonto-ja-urheilukuvaukseen-objektiivin-julkistus-tanaan-7-11\\\/\",\"url\":\"https:\\\/\\\/www.victoriamedia.org\\\/ld\\\/uusi-tamron-superzoom-luonto-ja-urheilukuvaukseen-objektiivin-julkistus-tanaan-7-11\\\/\",\"name\":\"Uusi Tamron superzoom luonto- ja urheilukuvaukseen - Objektiivin julkistus t\u00e4n\u00e4\u00e4n 7.11. - KAMERAT JA OPTISET LAITTEET\",\"isPartOf\":{\"@id\":\"https:\\\/\\\/www.victoriamedia.org\\\/ld\\\/#website\"},\"primaryImageOfPage\":{\"@id\":\"https:\\\/\\\/www.victoriamedia.org\\\/ld\\\/uusi-tamron-superzoom-luonto-ja-urheilukuvaukseen-objektiivin-julkistus-tanaan-7-11\\\/#primaryimage\"},\"image\":{\"@id\":\"https:\\\/\\\/www.victoriamedia.org\\\/ld\\\/uusi-tamron-superzoom-luonto-ja-urheilukuvaukseen-objektiivin-julkistus-tanaan-7-11\\\/#primaryimage\"},\"thumbnailUrl\":\"http:\\\/\\\/www.victoriamedia.org\\\/ld\\\/wp-content\\\/uploads\\\/2013\\\/11\\\/print_OaXyYTJ5HP-908x1024.jpg\",\"datePublished\":\"2013-11-07T11:15:41+00:00\",\"breadcrumb\":{\"@id\":\"https:\\\/\\\/www.victoriamedia.org\\\/ld\\\/uusi-tamron-superzoom-luonto-ja-urheilukuvaukseen-objektiivin-julkistus-tanaan-7-11\\\/#breadcrumb\"},\"inLanguage\":\"en-US\",\"potentialAction\":[{\"@type\":\"ReadAction\",\"target\":[\"https:\\\/\\\/www.victoriamedia.org\\\/ld\\\/uusi-tamron-superzoom-luonto-ja-urheilukuvaukseen-objektiivin-julkistus-tanaan-7-11\\\/\"]}]},{\"@type\":\"ImageObject\",\"inLanguage\":\"en-US\",\"@id\":\"https:\\\/\\\/www.victoriamedia.org\\\/ld\\\/uusi-tamron-superzoom-luonto-ja-urheilukuvaukseen-objektiivin-julkistus-tanaan-7-11\\\/#primaryimage\",\"url\":\"https:\\\/\\\/www.victoriamedia.org\\\/ld\\\/wp-content\\\/uploads\\\/2013\\\/11\\\/print_OaXyYTJ5HP.jpg\",\"contentUrl\":\"https:\\\/\\\/www.victoriamedia.org\\\/ld\\\/wp-content\\\/uploads\\\/2013\\\/11\\\/print_OaXyYTJ5HP.jpg\",\"width\":2201,\"height\":2480},{\"@type\":\"BreadcrumbList\",\"@id\":\"https:\\\/\\\/www.victoriamedia.org\\\/ld\\\/uusi-tamron-superzoom-luonto-ja-urheilukuvaukseen-objektiivin-julkistus-tanaan-7-11\\\/#breadcrumb\",\"itemListElement\":[{\"@type\":\"ListItem\",\"position\":1,\"name\":\"Home\",\"item\":\"https:\\\/\\\/www.victoriamedia.org\\\/ld\\\/\"},{\"@type\":\"ListItem\",\"position\":2,\"name\":\"Uusi Tamron superzoom luonto- ja urheilukuvaukseen &#8211; Objektiivin julkistus t\u00e4n\u00e4\u00e4n 7.11.\"}]},{\"@type\":\"WebSite\",\"@id\":\"https:\\\/\\\/www.victoriamedia.org\\\/ld\\\/#website\",\"url\":\"https:\\\/\\\/www.victoriamedia.org\\\/ld\\\/\",\"name\":\"KAMERAT JA OPTISET LAITTEET\",\"description\":\"Kamerat Kiikarit ja optiset tarvikkeet\",\"publisher\":{\"@id\":\"https:\\\/\\\/www.victoriamedia.org\\\/ld\\\/#organization\"},\"potentialAction\":[{\"@type\":\"SearchAction\",\"target\":{\"@type\":\"EntryPoint\",\"urlTemplate\":\"https:\\\/\\\/www.victoriamedia.org\\\/ld\\\/?s={search_term_string}\"},\"query-input\":{\"@type\":\"PropertyValueSpecification\",\"valueRequired\":true,\"valueName\":\"search_term_string\"}}],\"inLanguage\":\"en-US\"},{\"@type\":\"Organization\",\"@id\":\"https:\\\/\\\/www.victoriamedia.org\\\/ld\\\/#organization\",\"name\":\"Victoria Media - Kamerauutiset\",\"url\":\"https:\\\/\\\/www.victoriamedia.org\\\/ld\\\/\",\"logo\":{\"@type\":\"ImageObject\",\"inLanguage\":\"en-US\",\"@id\":\"https:\\\/\\\/www.victoriamedia.org\\\/ld\\\/#\\\/schema\\\/logo\\\/image\\\/\",\"url\":\"https:\\\/\\\/www.victoriamedia.org\\\/ld\\\/wp-content\\\/uploads\\\/2022\\\/09\\\/292179098_555417722694101_2682724033383846896_n.png\",\"contentUrl\":\"https:\\\/\\\/www.victoriamedia.org\\\/ld\\\/wp-content\\\/uploads\\\/2022\\\/09\\\/292179098_555417722694101_2682724033383846896_n.png\",\"width\":215,\"height\":165,\"caption\":\"Victoria Media - Kamerauutiset\"},\"image\":{\"@id\":\"https:\\\/\\\/www.victoriamedia.org\\\/ld\\\/#\\\/schema\\\/logo\\\/image\\\/\"},\"sameAs\":[\"https:\\\/\\\/www.facebook.com\\\/victoriamedia\",\"https:\\\/\\\/x.com\\\/uutisparkki\"]},{\"@type\":\"Person\",\"@id\":\"https:\\\/\\\/www.victoriamedia.org\\\/ld\\\/#\\\/schema\\\/person\\\/a2e166f07bdda8a5ef0506501655c9ac\",\"name\":\"Kerttu Vali\",\"image\":{\"@type\":\"ImageObject\",\"inLanguage\":\"en-US\",\"@id\":\"https:\\\/\\\/secure.gravatar.com\\\/avatar\\\/62dbe1a847f655ad987c59fece23f885c4b0e7b06595c36d9597003852972217?s=96&d=mm&r=g\",\"url\":\"https:\\\/\\\/secure.gravatar.com\\\/avatar\\\/62dbe1a847f655ad987c59fece23f885c4b0e7b06595c36d9597003852972217?s=96&d=mm&r=g\",\"contentUrl\":\"https:\\\/\\\/secure.gravatar.com\\\/avatar\\\/62dbe1a847f655ad987c59fece23f885c4b0e7b06595c36d9597003852972217?s=96&d=mm&r=g\",\"caption\":\"Kerttu Vali\"},\"sameAs\":[\"http:\\\/\\\/www.victoriamedia.fi\\\/\"],\"url\":\"https:\\\/\\\/www.victoriamedia.org\\\/ld\\\/author\\\/kerttuvali\\\/\"}]}<\/script>\n<!-- \/ Yoast SEO plugin. -->","yoast_head_json":{"title":"Uusi Tamron superzoom luonto- ja urheilukuvaukseen - Objektiivin julkistus t\u00e4n\u00e4\u00e4n 7.11. - KAMERAT JA OPTISET LAITTEET","robots":{"index":"index","follow":"follow","max-snippet":"max-snippet:-1","max-image-preview":"max-image-preview:large","max-video-preview":"max-video-preview:-1"},"canonical":"https:\/\/www.victoriamedia.org\/ld\/uusi-tamron-superzoom-luonto-ja-urheilukuvaukseen-objektiivin-julkistus-tanaan-7-11\/","og_locale":"en_US","og_type":"article","og_title":"Uusi Tamron superzoom luonto- ja urheilukuvaukseen - Objektiivin julkistus t\u00e4n\u00e4\u00e4n 7.11. - KAMERAT JA OPTISET LAITTEET","og_description":"Tamron jatkaa kehittyneiden amat\u00f6\u00f6rien ja ammattilaisten tarpeisiin suunniteltujen objektiiviensa esittelyj\u00e4. Kolmen viimeisimm\u00e4ksi julkaistun objektiivin, 24-70 F\/2,8 VC, 90 Makro VC ja 70-200 F\/2,8 VC, menestyksen j\u00e4lkeen on vuorossa nyt nelj\u00e4s objektiivi, joka on suunnattu luonto- ja urheilukuvaukseen. Tamron uskoo saavuttavansa n\u00e4iden ryhmien valokuvaajat 150-600mm zoom-alueella, kuvanvakaajalla ja huippunopealla automaattitarkennuksella. SP 150-600mm F\/5-6,3 Di VC USD [&hellip;]","og_url":"https:\/\/www.victoriamedia.org\/ld\/uusi-tamron-superzoom-luonto-ja-urheilukuvaukseen-objektiivin-julkistus-tanaan-7-11\/","og_site_name":"KAMERAT JA OPTISET LAITTEET","article_publisher":"https:\/\/www.facebook.com\/victoriamedia","article_published_time":"2013-11-07T11:15:41+00:00","og_image":[{"url":"http:\/\/www.victoriamedia.org\/ld\/wp-content\/uploads\/2013\/11\/print_OaXyYTJ5HP-908x1024.jpg","type":"","width":"","height":""}],"author":"Kerttu Vali","twitter_card":"summary_large_image","twitter_creator":"@uutisparkki","twitter_site":"@uutisparkki","twitter_misc":{"Written by":"Kerttu Vali","Est. reading time":"2 minutes"},"schema":{"@context":"https:\/\/schema.org","@graph":[{"@type":"Article","@id":"https:\/\/www.victoriamedia.org\/ld\/uusi-tamron-superzoom-luonto-ja-urheilukuvaukseen-objektiivin-julkistus-tanaan-7-11\/#article","isPartOf":{"@id":"https:\/\/www.victoriamedia.org\/ld\/uusi-tamron-superzoom-luonto-ja-urheilukuvaukseen-objektiivin-julkistus-tanaan-7-11\/"},"author":{"name":"Kerttu Vali","@id":"https:\/\/www.victoriamedia.org\/ld\/#\/schema\/person\/a2e166f07bdda8a5ef0506501655c9ac"},"headline":"Uusi Tamron superzoom luonto- ja urheilukuvaukseen &#8211; Objektiivin julkistus t\u00e4n\u00e4\u00e4n 7.11.","datePublished":"2013-11-07T11:15:41+00:00","mainEntityOfPage":{"@id":"https:\/\/www.victoriamedia.org\/ld\/uusi-tamron-superzoom-luonto-ja-urheilukuvaukseen-objektiivin-julkistus-tanaan-7-11\/"},"wordCount":410,"publisher":{"@id":"https:\/\/www.victoriamedia.org\/ld\/#organization"},"image":{"@id":"https:\/\/www.victoriamedia.org\/ld\/uusi-tamron-superzoom-luonto-ja-urheilukuvaukseen-objektiivin-julkistus-tanaan-7-11\/#primaryimage"},"thumbnailUrl":"http:\/\/www.victoriamedia.org\/ld\/wp-content\/uploads\/2013\/11\/print_OaXyYTJ5HP-908x1024.jpg","articleSection":["Objektiivit"],"inLanguage":"en-US"},{"@type":"WebPage","@id":"https:\/\/www.victoriamedia.org\/ld\/uusi-tamron-superzoom-luonto-ja-urheilukuvaukseen-objektiivin-julkistus-tanaan-7-11\/","url":"https:\/\/www.victoriamedia.org\/ld\/uusi-tamron-superzoom-luonto-ja-urheilukuvaukseen-objektiivin-julkistus-tanaan-7-11\/","name":"Uusi Tamron superzoom luonto- ja urheilukuvaukseen - Objektiivin julkistus t\u00e4n\u00e4\u00e4n 7.11. - KAMERAT JA OPTISET LAITTEET","isPartOf":{"@id":"https:\/\/www.victoriamedia.org\/ld\/#website"},"primaryImageOfPage":{"@id":"https:\/\/www.victoriamedia.org\/ld\/uusi-tamron-superzoom-luonto-ja-urheilukuvaukseen-objektiivin-julkistus-tanaan-7-11\/#primaryimage"},"image":{"@id":"https:\/\/www.victoriamedia.org\/ld\/uusi-tamron-superzoom-luonto-ja-urheilukuvaukseen-objektiivin-julkistus-tanaan-7-11\/#primaryimage"},"thumbnailUrl":"http:\/\/www.victoriamedia.org\/ld\/wp-content\/uploads\/2013\/11\/print_OaXyYTJ5HP-908x1024.jpg","datePublished":"2013-11-07T11:15:41+00:00","breadcrumb":{"@id":"https:\/\/www.victoriamedia.org\/ld\/uusi-tamron-superzoom-luonto-ja-urheilukuvaukseen-objektiivin-julkistus-tanaan-7-11\/#breadcrumb"},"inLanguage":"en-US","potentialAction":[{"@type":"ReadAction","target":["https:\/\/www.victoriamedia.org\/ld\/uusi-tamron-superzoom-luonto-ja-urheilukuvaukseen-objektiivin-julkistus-tanaan-7-11\/"]}]},{"@type":"ImageObject","inLanguage":"en-US","@id":"https:\/\/www.victoriamedia.org\/ld\/uusi-tamron-superzoom-luonto-ja-urheilukuvaukseen-objektiivin-julkistus-tanaan-7-11\/#primaryimage","url":"https:\/\/www.victoriamedia.org\/ld\/wp-content\/uploads\/2013\/11\/print_OaXyYTJ5HP.jpg","contentUrl":"https:\/\/www.victoriamedia.org\/ld\/wp-content\/uploads\/2013\/11\/print_OaXyYTJ5HP.jpg","width":2201,"height":2480},{"@type":"BreadcrumbList","@id":"https:\/\/www.victoriamedia.org\/ld\/uusi-tamron-superzoom-luonto-ja-urheilukuvaukseen-objektiivin-julkistus-tanaan-7-11\/#breadcrumb","itemListElement":[{"@type":"ListItem","position":1,"name":"Home","item":"https:\/\/www.victoriamedia.org\/ld\/"},{"@type":"ListItem","position":2,"name":"Uusi Tamron superzoom luonto- ja urheilukuvaukseen &#8211; Objektiivin julkistus t\u00e4n\u00e4\u00e4n 7.11."}]},{"@type":"WebSite","@id":"https:\/\/www.victoriamedia.org\/ld\/#website","url":"https:\/\/www.victoriamedia.org\/ld\/","name":"KAMERAT JA OPTISET LAITTEET","description":"Kamerat Kiikarit ja optiset tarvikkeet","publisher":{"@id":"https:\/\/www.victoriamedia.org\/ld\/#organization"},"potentialAction":[{"@type":"SearchAction","target":{"@type":"EntryPoint","urlTemplate":"https:\/\/www.victoriamedia.org\/ld\/?s={search_term_string}"},"query-input":{"@type":"PropertyValueSpecification","valueRequired":true,"valueName":"search_term_string"}}],"inLanguage":"en-US"},{"@type":"Organization","@id":"https:\/\/www.victoriamedia.org\/ld\/#organization","name":"Victoria Media - Kamerauutiset","url":"https:\/\/www.victoriamedia.org\/ld\/","logo":{"@type":"ImageObject","inLanguage":"en-US","@id":"https:\/\/www.victoriamedia.org\/ld\/#\/schema\/logo\/image\/","url":"https:\/\/www.victoriamedia.org\/ld\/wp-content\/uploads\/2022\/09\/292179098_555417722694101_2682724033383846896_n.png","contentUrl":"https:\/\/www.victoriamedia.org\/ld\/wp-content\/uploads\/2022\/09\/292179098_555417722694101_2682724033383846896_n.png","width":215,"height":165,"caption":"Victoria Media - Kamerauutiset"},"image":{"@id":"https:\/\/www.victoriamedia.org\/ld\/#\/schema\/logo\/image\/"},"sameAs":["https:\/\/www.facebook.com\/victoriamedia","https:\/\/x.com\/uutisparkki"]},{"@type":"Person","@id":"https:\/\/www.victoriamedia.org\/ld\/#\/schema\/person\/a2e166f07bdda8a5ef0506501655c9ac","name":"Kerttu Vali","image":{"@type":"ImageObject","inLanguage":"en-US","@id":"https:\/\/secure.gravatar.com\/avatar\/62dbe1a847f655ad987c59fece23f885c4b0e7b06595c36d9597003852972217?s=96&d=mm&r=g","url":"https:\/\/secure.gravatar.com\/avatar\/62dbe1a847f655ad987c59fece23f885c4b0e7b06595c36d9597003852972217?s=96&d=mm&r=g","contentUrl":"https:\/\/secure.gravatar.com\/avatar\/62dbe1a847f655ad987c59fece23f885c4b0e7b06595c36d9597003852972217?s=96&d=mm&r=g","caption":"Kerttu Vali"},"sameAs":["http:\/\/www.victoriamedia.fi\/"],"url":"https:\/\/www.victoriamedia.org\/ld\/author\/kerttuvali\/"}]}},"_links":{"self":[{"href":"https:\/\/www.victoriamedia.org\/ld\/wp-json\/wp\/v2\/posts\/231","targetHints":{"allow":["GET"]}}],"collection":[{"href":"https:\/\/www.victoriamedia.org\/ld\/wp-json\/wp\/v2\/posts"}],"about":[{"href":"https:\/\/www.victoriamedia.org\/ld\/wp-json\/wp\/v2\/types\/post"}],"author":[{"embeddable":true,"href":"https:\/\/www.victoriamedia.org\/ld\/wp-json\/wp\/v2\/users\/1"}],"replies":[{"embeddable":true,"href":"https:\/\/www.victoriamedia.org\/ld\/wp-json\/wp\/v2\/comments?post=231"}],"version-history":[{"count":1,"href":"https:\/\/www.victoriamedia.org\/ld\/wp-json\/wp\/v2\/posts\/231\/revisions"}],"predecessor-version":[{"id":233,"href":"https:\/\/www.victoriamedia.org\/ld\/wp-json\/wp\/v2\/posts\/231\/revisions\/233"}],"wp:attachment":[{"href":"https:\/\/www.victoriamedia.org\/ld\/wp-json\/wp\/v2\/media?parent=231"}],"wp:term":[{"taxonomy":"category","embeddable":true,"href":"https:\/\/www.victoriamedia.org\/ld\/wp-json\/wp\/v2\/categories?post=231"},{"taxonomy":"post_tag","embeddable":true,"href":"https:\/\/www.victoriamedia.org\/ld\/wp-json\/wp\/v2\/tags?post=231"}],"curies":[{"name":"wp","href":"https:\/\/api.w.org\/{rel}","templated":true}]}}