{"id":227,"date":"2013-10-23T09:17:32","date_gmt":"2013-10-23T09:17:32","guid":{"rendered":"http:\/\/www.victoriamedia.org\/ld\/?p=227"},"modified":"2013-10-23T09:17:32","modified_gmt":"2013-10-23T09:17:32","slug":"digitaalisia-kuvia-otetaan-aina-vain-enemman-kuvan-laatu-ratkaisee-kameravalinnan","status":"publish","type":"post","link":"https:\/\/www.victoriamedia.org\/ld\/digitaalisia-kuvia-otetaan-aina-vain-enemman-kuvan-laatu-ratkaisee-kameravalinnan\/","title":{"rendered":"Digitaalisia kuvia otetaan aina vain enemm\u00e4n  &#8211;  Kuvan laatu ratkaisee kameravalinnan"},"content":{"rendered":"<p><a href=\"http:\/\/www.victoriamedia.org\/ld\/wp-content\/uploads\/2013\/10\/3546362342.jpg\"><img loading=\"lazy\" decoding=\"async\" class=\"alignnone size-full wp-image-228\" alt=\"3546362342\" src=\"http:\/\/www.victoriamedia.org\/ld\/wp-content\/uploads\/2013\/10\/3546362342.jpg\" width=\"267\" height=\"188\" \/><\/a><\/p>\n<p>&#8211;\u00a0\u00a0\u00a0\u00a0\u00a0\u00a0<strong>Digitaalisen kuvaamisen helppous lis\u00e4\u00e4 valokuvauksesta kiinnostuneiden m\u00e4\u00e4r\u00e4\u00e4 jatkuvasti kaikissa ik\u00e4luokissa<\/strong><\/p>\n<p>&#8211;\u00a0\u00a0\u00a0\u00a0\u00a0\u00a0<strong>Kameraostoksilla t\u00e4m\u00e4 n\u00e4kyy laadukkaampien kompaktikameroiden ja minij\u00e4rjestelm\u00e4kameroiden myynnin kasvuna<\/strong><\/p>\n<p>&#8211;\u00a0\u00a0\u00a0\u00a0\u00a0\u00a0<strong>Kamerahybridilaitteet vastaavat kysynt\u00e4\u00e4n, kun halutaan kuvata, k\u00e4sitell\u00e4 ja jakaa kuva heti sosiaalisessa mediassa<\/strong><\/p>\n<p>&#8211;\u00a0\u00a0\u00a0\u00a0\u00a0\u00a0<strong>\u00c4lypuhelinta hankittaessa kamera on viiden t\u00e4rkeimm\u00e4n valintakiriteerin joukossa ja puhelimen kolmanneksi k\u00e4ytetyin ominaisuus<\/strong><\/p>\n<p>&#8211;\u00a0\u00a0\u00a0\u00a0\u00a0\u00a0<strong>Kuvan laadun tarve ja omat mieltymykset ratkaisevat, hankitaanko \u00e4lypuhelin, kompaktikamera, minij\u00e4rjestelm\u00e4kamera vai j\u00e4rjestelm\u00e4kamera \u2013 moni kuluttaja p\u00e4\u00e4tyy yhdistelem\u00e4\u00e4n kameroita<\/strong><\/p>\n<p><strong>(Tiedot k\u00e4yv\u00e4t ilmi Kotekin asiantuntijoiden haastatteluista.)<\/strong><\/p>\n<p><strong>Valokuvien laatu ja kuluttajan omat mieltymykset ratkaisevat\u00a0<\/strong>valinnan kameraostoksilla. Edullisten kompaktikameroiden myynti on pudonnut reilusti kahden viime vuoden ajan ja tehnyt tilaa \u00e4lypuhelinten kameroille. Kompaktikameroissa kuluttajia kiinnostavat nyt kalliimmat ja laadukkaammat mallit. Kuvilta halutaan kunnollista laatua my\u00f6s heikommissa valaistusolosuhteissa.<\/p>\n<p>\u2013 Suomessa kompaktikameran keskihinta on noussut viimeisen kahden vuoden ajan, ja on t\u00e4ll\u00e4 hetkell\u00e4 reilut 200 euroa, sanoo tuotep\u00e4\u00e4llikk\u00f6\u00a0<strong>Jussi Poikolainen\u00a0<\/strong>Canon Oy:st\u00e4.<\/p>\n<p><strong>Osa kompaktikameran k\u00e4ytt\u00e4jist\u00e4 p\u00e4\u00e4tyy minij\u00e4rkk\u00e4riin.\u00a0<\/strong>Peilit\u00f6n minij\u00e4rjestelm\u00e4kamera on melko tuore uutuus, joka yhdist\u00e4\u00e4 perinteisen j\u00e4rjestelm\u00e4kameran ja kompaktikameran ominaisuuksia. \u00a0Kameran objektiivin voi vaihtaa, mutta kooltaan kamera on pieni ja kevyt. Sen hintaluokka alkaa noin 300 eurosta.<\/p>\n<p>Minij\u00e4rjestelm\u00e4kameran tuotekehitys on ollut nopeaa. Kameraan saa lis\u00e4objektiiveja ja salamalaitteita ja jopa sukelluskotelon. Uusimpana markkinoille on tullut ns. \u201dkovan paikan kameroita\u201d vaikeisiin luonnonolosuhteisiin.<\/p>\n<p>\u2013 Kompaktikameroiden myyntitilasto kertoo, ett\u00e4 eniten ostetaan pitk\u00e4ll\u00e4 zoomilla varustettuja kameramalleja. Toisaalta my\u00f6s perinteiset j\u00e4rjestelm\u00e4kamerat pit\u00e4v\u00e4t pintansa. \u00a0Moni miettii tilanteen mukaan painavamman ja kevyemm\u00e4n kaluston v\u00e4lill\u00e4. Kuvaustarve ja omat mieltymykset m\u00e4\u00e4rittelev\u00e4t kameravalinnan, sanoo Poikolainen.<\/p>\n<p><strong>Monelle suomalaiselle \u00e4lypuhelin riitt\u00e4\u00e4 kameraksi.\u00a0<\/strong>\u00a0Parhaimmissa puhelimissa on jo yli kymmenen megapikselin kamera varmistamassa kuvan laatua. T\u00e4m\u00e4n syksyn erikoisuus on Nokian Lumia -\u00e4lypuhelin, jossa on pikselim\u00e4\u00e4r\u00e4lt\u00e4\u00e4n ylivertainen 41 Mpx kamera.<\/p>\n<p>\u2013 Puhelinten kameroiden linssit, kennot ja ohjelmistot kehittyv\u00e4t jatkuvasti ja muuttavat kuluttajakokemusta k\u00e4nnykk\u00e4kuvaamisesta. Tehokkaat zoomit tuovat kuvaan laatua. Puhelinkameran kyky k\u00e4sitell\u00e4 videokuvaa on samoin jatkuvasti paraneva ominaisuus, kertoo myyntijohtaja\u00a0<strong>Mauri Pietik\u00e4inen\u00a0<\/strong>Nokia Oy:st\u00e4.<\/p>\n<p>Aina mukana kulkeva puhelin on tehnyt valokuvaamisesta dokumentoinnin ohella kommunikointia. Kuvan jakamisen helppoudessa puhelin on ykk\u00f6nen, mutta my\u00f6s kameroiden jako-ominaisuudet kehittyv\u00e4t jatkuvasti.<\/p>\n<p><strong>Kuvaa, k\u00e4sittele ja jaa heti -vaatimus edist\u00e4\u00e4 kamerahybridilaitteiden kehitt\u00e4mist\u00e4\u00a0<\/strong>sek\u00e4 on tuonut kameroihin Wi-Fi-toimintoja ja SIM-korttipaikat\u00a0<strong>.\u00a0<\/strong>Uudet kameran ja tabletin yhdistelm\u00e4t ovat erityisesti nuorten suosiossa ja mm. bloggarit k\u00e4ytt\u00e4v\u00e4t mielell\u00e4\u00e4n zoomilla varustetun kompaktikameran ja 3G- tabletin yhdistelm\u00e4\u00e4.<\/p>\n<p>\u2013 Olemme tehneet paljon kehitysty\u00f6t\u00e4 helpottamaan kuvan langatonta ja monipuolista jakamista. Kamerahybridilaitteista markkinoille tuli vastik\u00e4\u00e4n vaihdettavilla linsseill\u00e4 varustetun j\u00e4rjestelm\u00e4kameran ja 3G\/4G -tabletin yhdistelm\u00e4. Kamerapuhelimien osalta uusimmissa \u00e4lypuhelimissa yhdistyv\u00e4t jopa 10-kertainen optinen zoom ja 3G\/4G-ominaisuudet, kertoo kameratuotteiden avainasiakasp\u00e4\u00e4llikk\u00f6\u00a0<strong>Kari P\u00e4lli\u00a0<\/strong>Samsungilta.<\/p>\n<p><strong>Suomalaiset tallettavat kuviaan\u00a0<\/strong>puhelimeensa, tietokoneelle ja netin palveluihin. Osa kameravalmistajista tarjoaa k\u00e4ytt\u00e4jille ilmaista tallennustilaa pilvipalveluissa. Ulkoista kovalevy\u00e4 asiantuntijat suosittelevat varmistukseksi. Pelk\u00e4st\u00e4\u00e4n s\u00e4hk\u00f6inen tallentaminen saattaa kuitenkin koitua meille kohtaloksi.<\/p>\n<p>\u2013 Sadan vuoden p\u00e4\u00e4st\u00e4 meist\u00e4 ei ole j\u00e4lke\u00e4k\u00e4\u00e4n, kun digitaaliset kuvat ovat kadonneet bittiavaruuteen. Valokuvien teett\u00e4minen tai tulostaminen kuvakirjaksi tuo perinteisen katselukokemuksen, jota ei kannata unohtaa, asiantuntijat muistuttavat.<\/p>\n<p><strong>Kotek on kodintekniikka-alan yhteisty\u00f6foorumi, johon kuuluvat Elektroniikan Tukkukauppiaat ry (ETK), Kodintekniikkaliitto ry sek\u00e4 alan merkitt\u00e4vimm\u00e4t v\u00e4hitt\u00e4ismyyj\u00e4t. Kotek tuottaa puolueetonta tietoa kodintekniikka-alasta, uutuustuotteista sek\u00e4 tuotekehityksest\u00e4 ja n\u00e4in helpottaa kuluttajien p\u00e4\u00e4t\u00f6ksentekoa. Kotek osallistuu my\u00f6s kodintekniikan toimialaa koskevaan yhteiskunnalliseen keskusteluun ja tekee yhteisty\u00f6t\u00e4 eri viranomaisten kanssa.<\/strong><\/p>\n","protected":false},"excerpt":{"rendered":"<p>&#8211;\u00a0\u00a0\u00a0\u00a0\u00a0\u00a0Digitaalisen kuvaamisen helppous lis\u00e4\u00e4 valokuvauksesta kiinnostuneiden m\u00e4\u00e4r\u00e4\u00e4 jatkuvasti kaikissa ik\u00e4luokissa &#8211;\u00a0\u00a0\u00a0\u00a0\u00a0\u00a0Kameraostoksilla t\u00e4m\u00e4 n\u00e4kyy laadukkaampien kompaktikameroiden ja minij\u00e4rjestelm\u00e4kameroiden myynnin kasvuna &#8211;\u00a0\u00a0\u00a0\u00a0\u00a0\u00a0Kamerahybridilaitteet vastaavat kysynt\u00e4\u00e4n, kun halutaan kuvata, k\u00e4sitell\u00e4 ja jakaa kuva heti sosiaalisessa mediassa &#8211;\u00a0\u00a0\u00a0\u00a0\u00a0\u00a0\u00c4lypuhelinta hankittaessa kamera on viiden t\u00e4rkeimm\u00e4n valintakiriteerin joukossa ja puhelimen kolmanneksi k\u00e4ytetyin ominaisuus &#8211;\u00a0\u00a0\u00a0\u00a0\u00a0\u00a0Kuvan laadun tarve ja omat mieltymykset ratkaisevat, hankitaanko \u00e4lypuhelin, kompaktikamera, [&hellip;]<\/p>\n","protected":false},"author":1,"featured_media":0,"comment_status":"closed","ping_status":"open","sticky":false,"template":"","format":"standard","meta":{"footnotes":""},"categories":[26],"tags":[],"class_list":["post-227","post","type-post","status-publish","format-standard","hentry","category-yleiset-uutiset"],"yoast_head":"<!-- This site is optimized with the Yoast SEO plugin v27.5 - https:\/\/yoast.com\/product\/yoast-seo-wordpress\/ -->\n<title>Digitaalisia kuvia otetaan aina vain enemm\u00e4n - Kuvan laatu ratkaisee kameravalinnan - KAMERAT JA OPTISET LAITTEET<\/title>\n<meta name=\"robots\" content=\"index, follow, max-snippet:-1, max-image-preview:large, max-video-preview:-1\" \/>\n<link rel=\"canonical\" href=\"https:\/\/www.victoriamedia.org\/ld\/digitaalisia-kuvia-otetaan-aina-vain-enemman-kuvan-laatu-ratkaisee-kameravalinnan\/\" \/>\n<meta property=\"og:locale\" content=\"en_US\" \/>\n<meta property=\"og:type\" content=\"article\" \/>\n<meta property=\"og:title\" content=\"Digitaalisia kuvia otetaan aina vain enemm\u00e4n - Kuvan laatu ratkaisee kameravalinnan - KAMERAT JA OPTISET LAITTEET\" \/>\n<meta property=\"og:description\" content=\"&#8211;\u00a0\u00a0\u00a0\u00a0\u00a0\u00a0Digitaalisen kuvaamisen helppous lis\u00e4\u00e4 valokuvauksesta kiinnostuneiden m\u00e4\u00e4r\u00e4\u00e4 jatkuvasti kaikissa ik\u00e4luokissa &#8211;\u00a0\u00a0\u00a0\u00a0\u00a0\u00a0Kameraostoksilla t\u00e4m\u00e4 n\u00e4kyy laadukkaampien kompaktikameroiden ja minij\u00e4rjestelm\u00e4kameroiden myynnin kasvuna &#8211;\u00a0\u00a0\u00a0\u00a0\u00a0\u00a0Kamerahybridilaitteet vastaavat kysynt\u00e4\u00e4n, kun halutaan kuvata, k\u00e4sitell\u00e4 ja jakaa kuva heti sosiaalisessa mediassa &#8211;\u00a0\u00a0\u00a0\u00a0\u00a0\u00a0\u00c4lypuhelinta hankittaessa kamera on viiden t\u00e4rkeimm\u00e4n valintakiriteerin joukossa ja puhelimen kolmanneksi k\u00e4ytetyin ominaisuus &#8211;\u00a0\u00a0\u00a0\u00a0\u00a0\u00a0Kuvan laadun tarve ja omat mieltymykset ratkaisevat, hankitaanko \u00e4lypuhelin, kompaktikamera, [&hellip;]\" \/>\n<meta property=\"og:url\" content=\"https:\/\/www.victoriamedia.org\/ld\/digitaalisia-kuvia-otetaan-aina-vain-enemman-kuvan-laatu-ratkaisee-kameravalinnan\/\" \/>\n<meta property=\"og:site_name\" content=\"KAMERAT JA OPTISET LAITTEET\" \/>\n<meta property=\"article:publisher\" content=\"https:\/\/www.facebook.com\/victoriamedia\" \/>\n<meta property=\"article:published_time\" content=\"2013-10-23T09:17:32+00:00\" \/>\n<meta property=\"og:image\" content=\"http:\/\/www.victoriamedia.org\/ld\/wp-content\/uploads\/2013\/10\/3546362342.jpg\" \/>\n<meta name=\"author\" content=\"Kerttu Vali\" \/>\n<meta name=\"twitter:card\" content=\"summary_large_image\" \/>\n<meta name=\"twitter:creator\" content=\"@uutisparkki\" \/>\n<meta name=\"twitter:site\" content=\"@uutisparkki\" \/>\n<meta name=\"twitter:label1\" content=\"Written by\" \/>\n\t<meta name=\"twitter:data1\" content=\"Kerttu Vali\" \/>\n\t<meta name=\"twitter:label2\" content=\"Est. reading time\" \/>\n\t<meta name=\"twitter:data2\" content=\"3 minutes\" \/>\n<script type=\"application\/ld+json\" class=\"yoast-schema-graph\">{\"@context\":\"https:\\\/\\\/schema.org\",\"@graph\":[{\"@type\":\"Article\",\"@id\":\"https:\\\/\\\/www.victoriamedia.org\\\/ld\\\/digitaalisia-kuvia-otetaan-aina-vain-enemman-kuvan-laatu-ratkaisee-kameravalinnan\\\/#article\",\"isPartOf\":{\"@id\":\"https:\\\/\\\/www.victoriamedia.org\\\/ld\\\/digitaalisia-kuvia-otetaan-aina-vain-enemman-kuvan-laatu-ratkaisee-kameravalinnan\\\/\"},\"author\":{\"name\":\"Kerttu Vali\",\"@id\":\"https:\\\/\\\/www.victoriamedia.org\\\/ld\\\/#\\\/schema\\\/person\\\/a2e166f07bdda8a5ef0506501655c9ac\"},\"headline\":\"Digitaalisia kuvia otetaan aina vain enemm\u00e4n &#8211; Kuvan laatu ratkaisee kameravalinnan\",\"datePublished\":\"2013-10-23T09:17:32+00:00\",\"mainEntityOfPage\":{\"@id\":\"https:\\\/\\\/www.victoriamedia.org\\\/ld\\\/digitaalisia-kuvia-otetaan-aina-vain-enemman-kuvan-laatu-ratkaisee-kameravalinnan\\\/\"},\"wordCount\":592,\"publisher\":{\"@id\":\"https:\\\/\\\/www.victoriamedia.org\\\/ld\\\/#organization\"},\"image\":{\"@id\":\"https:\\\/\\\/www.victoriamedia.org\\\/ld\\\/digitaalisia-kuvia-otetaan-aina-vain-enemman-kuvan-laatu-ratkaisee-kameravalinnan\\\/#primaryimage\"},\"thumbnailUrl\":\"http:\\\/\\\/www.victoriamedia.org\\\/ld\\\/wp-content\\\/uploads\\\/2013\\\/10\\\/3546362342.jpg\",\"articleSection\":[\"Yleiset uutiset\"],\"inLanguage\":\"en-US\"},{\"@type\":\"WebPage\",\"@id\":\"https:\\\/\\\/www.victoriamedia.org\\\/ld\\\/digitaalisia-kuvia-otetaan-aina-vain-enemman-kuvan-laatu-ratkaisee-kameravalinnan\\\/\",\"url\":\"https:\\\/\\\/www.victoriamedia.org\\\/ld\\\/digitaalisia-kuvia-otetaan-aina-vain-enemman-kuvan-laatu-ratkaisee-kameravalinnan\\\/\",\"name\":\"Digitaalisia kuvia otetaan aina vain enemm\u00e4n - Kuvan laatu ratkaisee kameravalinnan - KAMERAT JA OPTISET LAITTEET\",\"isPartOf\":{\"@id\":\"https:\\\/\\\/www.victoriamedia.org\\\/ld\\\/#website\"},\"primaryImageOfPage\":{\"@id\":\"https:\\\/\\\/www.victoriamedia.org\\\/ld\\\/digitaalisia-kuvia-otetaan-aina-vain-enemman-kuvan-laatu-ratkaisee-kameravalinnan\\\/#primaryimage\"},\"image\":{\"@id\":\"https:\\\/\\\/www.victoriamedia.org\\\/ld\\\/digitaalisia-kuvia-otetaan-aina-vain-enemman-kuvan-laatu-ratkaisee-kameravalinnan\\\/#primaryimage\"},\"thumbnailUrl\":\"http:\\\/\\\/www.victoriamedia.org\\\/ld\\\/wp-content\\\/uploads\\\/2013\\\/10\\\/3546362342.jpg\",\"datePublished\":\"2013-10-23T09:17:32+00:00\",\"breadcrumb\":{\"@id\":\"https:\\\/\\\/www.victoriamedia.org\\\/ld\\\/digitaalisia-kuvia-otetaan-aina-vain-enemman-kuvan-laatu-ratkaisee-kameravalinnan\\\/#breadcrumb\"},\"inLanguage\":\"en-US\",\"potentialAction\":[{\"@type\":\"ReadAction\",\"target\":[\"https:\\\/\\\/www.victoriamedia.org\\\/ld\\\/digitaalisia-kuvia-otetaan-aina-vain-enemman-kuvan-laatu-ratkaisee-kameravalinnan\\\/\"]}]},{\"@type\":\"ImageObject\",\"inLanguage\":\"en-US\",\"@id\":\"https:\\\/\\\/www.victoriamedia.org\\\/ld\\\/digitaalisia-kuvia-otetaan-aina-vain-enemman-kuvan-laatu-ratkaisee-kameravalinnan\\\/#primaryimage\",\"url\":\"https:\\\/\\\/www.victoriamedia.org\\\/ld\\\/wp-content\\\/uploads\\\/2013\\\/10\\\/3546362342.jpg\",\"contentUrl\":\"https:\\\/\\\/www.victoriamedia.org\\\/ld\\\/wp-content\\\/uploads\\\/2013\\\/10\\\/3546362342.jpg\",\"width\":267,\"height\":188},{\"@type\":\"BreadcrumbList\",\"@id\":\"https:\\\/\\\/www.victoriamedia.org\\\/ld\\\/digitaalisia-kuvia-otetaan-aina-vain-enemman-kuvan-laatu-ratkaisee-kameravalinnan\\\/#breadcrumb\",\"itemListElement\":[{\"@type\":\"ListItem\",\"position\":1,\"name\":\"Home\",\"item\":\"https:\\\/\\\/www.victoriamedia.org\\\/ld\\\/\"},{\"@type\":\"ListItem\",\"position\":2,\"name\":\"Digitaalisia kuvia otetaan aina vain enemm\u00e4n &#8211; Kuvan laatu ratkaisee kameravalinnan\"}]},{\"@type\":\"WebSite\",\"@id\":\"https:\\\/\\\/www.victoriamedia.org\\\/ld\\\/#website\",\"url\":\"https:\\\/\\\/www.victoriamedia.org\\\/ld\\\/\",\"name\":\"KAMERAT JA OPTISET LAITTEET\",\"description\":\"Kamerat Kiikarit ja optiset tarvikkeet\",\"publisher\":{\"@id\":\"https:\\\/\\\/www.victoriamedia.org\\\/ld\\\/#organization\"},\"potentialAction\":[{\"@type\":\"SearchAction\",\"target\":{\"@type\":\"EntryPoint\",\"urlTemplate\":\"https:\\\/\\\/www.victoriamedia.org\\\/ld\\\/?s={search_term_string}\"},\"query-input\":{\"@type\":\"PropertyValueSpecification\",\"valueRequired\":true,\"valueName\":\"search_term_string\"}}],\"inLanguage\":\"en-US\"},{\"@type\":\"Organization\",\"@id\":\"https:\\\/\\\/www.victoriamedia.org\\\/ld\\\/#organization\",\"name\":\"Victoria Media - Kamerauutiset\",\"url\":\"https:\\\/\\\/www.victoriamedia.org\\\/ld\\\/\",\"logo\":{\"@type\":\"ImageObject\",\"inLanguage\":\"en-US\",\"@id\":\"https:\\\/\\\/www.victoriamedia.org\\\/ld\\\/#\\\/schema\\\/logo\\\/image\\\/\",\"url\":\"https:\\\/\\\/www.victoriamedia.org\\\/ld\\\/wp-content\\\/uploads\\\/2022\\\/09\\\/292179098_555417722694101_2682724033383846896_n.png\",\"contentUrl\":\"https:\\\/\\\/www.victoriamedia.org\\\/ld\\\/wp-content\\\/uploads\\\/2022\\\/09\\\/292179098_555417722694101_2682724033383846896_n.png\",\"width\":215,\"height\":165,\"caption\":\"Victoria Media - Kamerauutiset\"},\"image\":{\"@id\":\"https:\\\/\\\/www.victoriamedia.org\\\/ld\\\/#\\\/schema\\\/logo\\\/image\\\/\"},\"sameAs\":[\"https:\\\/\\\/www.facebook.com\\\/victoriamedia\",\"https:\\\/\\\/x.com\\\/uutisparkki\"]},{\"@type\":\"Person\",\"@id\":\"https:\\\/\\\/www.victoriamedia.org\\\/ld\\\/#\\\/schema\\\/person\\\/a2e166f07bdda8a5ef0506501655c9ac\",\"name\":\"Kerttu Vali\",\"image\":{\"@type\":\"ImageObject\",\"inLanguage\":\"en-US\",\"@id\":\"https:\\\/\\\/secure.gravatar.com\\\/avatar\\\/62dbe1a847f655ad987c59fece23f885c4b0e7b06595c36d9597003852972217?s=96&d=mm&r=g\",\"url\":\"https:\\\/\\\/secure.gravatar.com\\\/avatar\\\/62dbe1a847f655ad987c59fece23f885c4b0e7b06595c36d9597003852972217?s=96&d=mm&r=g\",\"contentUrl\":\"https:\\\/\\\/secure.gravatar.com\\\/avatar\\\/62dbe1a847f655ad987c59fece23f885c4b0e7b06595c36d9597003852972217?s=96&d=mm&r=g\",\"caption\":\"Kerttu Vali\"},\"sameAs\":[\"http:\\\/\\\/www.victoriamedia.fi\\\/\"],\"url\":\"https:\\\/\\\/www.victoriamedia.org\\\/ld\\\/author\\\/kerttuvali\\\/\"}]}<\/script>\n<!-- \/ Yoast SEO plugin. -->","yoast_head_json":{"title":"Digitaalisia kuvia otetaan aina vain enemm\u00e4n - Kuvan laatu ratkaisee kameravalinnan - KAMERAT JA OPTISET LAITTEET","robots":{"index":"index","follow":"follow","max-snippet":"max-snippet:-1","max-image-preview":"max-image-preview:large","max-video-preview":"max-video-preview:-1"},"canonical":"https:\/\/www.victoriamedia.org\/ld\/digitaalisia-kuvia-otetaan-aina-vain-enemman-kuvan-laatu-ratkaisee-kameravalinnan\/","og_locale":"en_US","og_type":"article","og_title":"Digitaalisia kuvia otetaan aina vain enemm\u00e4n - Kuvan laatu ratkaisee kameravalinnan - KAMERAT JA OPTISET LAITTEET","og_description":"&#8211;\u00a0\u00a0\u00a0\u00a0\u00a0\u00a0Digitaalisen kuvaamisen helppous lis\u00e4\u00e4 valokuvauksesta kiinnostuneiden m\u00e4\u00e4r\u00e4\u00e4 jatkuvasti kaikissa ik\u00e4luokissa &#8211;\u00a0\u00a0\u00a0\u00a0\u00a0\u00a0Kameraostoksilla t\u00e4m\u00e4 n\u00e4kyy laadukkaampien kompaktikameroiden ja minij\u00e4rjestelm\u00e4kameroiden myynnin kasvuna &#8211;\u00a0\u00a0\u00a0\u00a0\u00a0\u00a0Kamerahybridilaitteet vastaavat kysynt\u00e4\u00e4n, kun halutaan kuvata, k\u00e4sitell\u00e4 ja jakaa kuva heti sosiaalisessa mediassa &#8211;\u00a0\u00a0\u00a0\u00a0\u00a0\u00a0\u00c4lypuhelinta hankittaessa kamera on viiden t\u00e4rkeimm\u00e4n valintakiriteerin joukossa ja puhelimen kolmanneksi k\u00e4ytetyin ominaisuus &#8211;\u00a0\u00a0\u00a0\u00a0\u00a0\u00a0Kuvan laadun tarve ja omat mieltymykset ratkaisevat, hankitaanko \u00e4lypuhelin, kompaktikamera, [&hellip;]","og_url":"https:\/\/www.victoriamedia.org\/ld\/digitaalisia-kuvia-otetaan-aina-vain-enemman-kuvan-laatu-ratkaisee-kameravalinnan\/","og_site_name":"KAMERAT JA OPTISET LAITTEET","article_publisher":"https:\/\/www.facebook.com\/victoriamedia","article_published_time":"2013-10-23T09:17:32+00:00","og_image":[{"url":"http:\/\/www.victoriamedia.org\/ld\/wp-content\/uploads\/2013\/10\/3546362342.jpg","type":"","width":"","height":""}],"author":"Kerttu Vali","twitter_card":"summary_large_image","twitter_creator":"@uutisparkki","twitter_site":"@uutisparkki","twitter_misc":{"Written by":"Kerttu Vali","Est. reading time":"3 minutes"},"schema":{"@context":"https:\/\/schema.org","@graph":[{"@type":"Article","@id":"https:\/\/www.victoriamedia.org\/ld\/digitaalisia-kuvia-otetaan-aina-vain-enemman-kuvan-laatu-ratkaisee-kameravalinnan\/#article","isPartOf":{"@id":"https:\/\/www.victoriamedia.org\/ld\/digitaalisia-kuvia-otetaan-aina-vain-enemman-kuvan-laatu-ratkaisee-kameravalinnan\/"},"author":{"name":"Kerttu Vali","@id":"https:\/\/www.victoriamedia.org\/ld\/#\/schema\/person\/a2e166f07bdda8a5ef0506501655c9ac"},"headline":"Digitaalisia kuvia otetaan aina vain enemm\u00e4n &#8211; Kuvan laatu ratkaisee kameravalinnan","datePublished":"2013-10-23T09:17:32+00:00","mainEntityOfPage":{"@id":"https:\/\/www.victoriamedia.org\/ld\/digitaalisia-kuvia-otetaan-aina-vain-enemman-kuvan-laatu-ratkaisee-kameravalinnan\/"},"wordCount":592,"publisher":{"@id":"https:\/\/www.victoriamedia.org\/ld\/#organization"},"image":{"@id":"https:\/\/www.victoriamedia.org\/ld\/digitaalisia-kuvia-otetaan-aina-vain-enemman-kuvan-laatu-ratkaisee-kameravalinnan\/#primaryimage"},"thumbnailUrl":"http:\/\/www.victoriamedia.org\/ld\/wp-content\/uploads\/2013\/10\/3546362342.jpg","articleSection":["Yleiset uutiset"],"inLanguage":"en-US"},{"@type":"WebPage","@id":"https:\/\/www.victoriamedia.org\/ld\/digitaalisia-kuvia-otetaan-aina-vain-enemman-kuvan-laatu-ratkaisee-kameravalinnan\/","url":"https:\/\/www.victoriamedia.org\/ld\/digitaalisia-kuvia-otetaan-aina-vain-enemman-kuvan-laatu-ratkaisee-kameravalinnan\/","name":"Digitaalisia kuvia otetaan aina vain enemm\u00e4n - Kuvan laatu ratkaisee kameravalinnan - KAMERAT JA OPTISET LAITTEET","isPartOf":{"@id":"https:\/\/www.victoriamedia.org\/ld\/#website"},"primaryImageOfPage":{"@id":"https:\/\/www.victoriamedia.org\/ld\/digitaalisia-kuvia-otetaan-aina-vain-enemman-kuvan-laatu-ratkaisee-kameravalinnan\/#primaryimage"},"image":{"@id":"https:\/\/www.victoriamedia.org\/ld\/digitaalisia-kuvia-otetaan-aina-vain-enemman-kuvan-laatu-ratkaisee-kameravalinnan\/#primaryimage"},"thumbnailUrl":"http:\/\/www.victoriamedia.org\/ld\/wp-content\/uploads\/2013\/10\/3546362342.jpg","datePublished":"2013-10-23T09:17:32+00:00","breadcrumb":{"@id":"https:\/\/www.victoriamedia.org\/ld\/digitaalisia-kuvia-otetaan-aina-vain-enemman-kuvan-laatu-ratkaisee-kameravalinnan\/#breadcrumb"},"inLanguage":"en-US","potentialAction":[{"@type":"ReadAction","target":["https:\/\/www.victoriamedia.org\/ld\/digitaalisia-kuvia-otetaan-aina-vain-enemman-kuvan-laatu-ratkaisee-kameravalinnan\/"]}]},{"@type":"ImageObject","inLanguage":"en-US","@id":"https:\/\/www.victoriamedia.org\/ld\/digitaalisia-kuvia-otetaan-aina-vain-enemman-kuvan-laatu-ratkaisee-kameravalinnan\/#primaryimage","url":"https:\/\/www.victoriamedia.org\/ld\/wp-content\/uploads\/2013\/10\/3546362342.jpg","contentUrl":"https:\/\/www.victoriamedia.org\/ld\/wp-content\/uploads\/2013\/10\/3546362342.jpg","width":267,"height":188},{"@type":"BreadcrumbList","@id":"https:\/\/www.victoriamedia.org\/ld\/digitaalisia-kuvia-otetaan-aina-vain-enemman-kuvan-laatu-ratkaisee-kameravalinnan\/#breadcrumb","itemListElement":[{"@type":"ListItem","position":1,"name":"Home","item":"https:\/\/www.victoriamedia.org\/ld\/"},{"@type":"ListItem","position":2,"name":"Digitaalisia kuvia otetaan aina vain enemm\u00e4n &#8211; Kuvan laatu ratkaisee kameravalinnan"}]},{"@type":"WebSite","@id":"https:\/\/www.victoriamedia.org\/ld\/#website","url":"https:\/\/www.victoriamedia.org\/ld\/","name":"KAMERAT JA OPTISET LAITTEET","description":"Kamerat Kiikarit ja optiset tarvikkeet","publisher":{"@id":"https:\/\/www.victoriamedia.org\/ld\/#organization"},"potentialAction":[{"@type":"SearchAction","target":{"@type":"EntryPoint","urlTemplate":"https:\/\/www.victoriamedia.org\/ld\/?s={search_term_string}"},"query-input":{"@type":"PropertyValueSpecification","valueRequired":true,"valueName":"search_term_string"}}],"inLanguage":"en-US"},{"@type":"Organization","@id":"https:\/\/www.victoriamedia.org\/ld\/#organization","name":"Victoria Media - Kamerauutiset","url":"https:\/\/www.victoriamedia.org\/ld\/","logo":{"@type":"ImageObject","inLanguage":"en-US","@id":"https:\/\/www.victoriamedia.org\/ld\/#\/schema\/logo\/image\/","url":"https:\/\/www.victoriamedia.org\/ld\/wp-content\/uploads\/2022\/09\/292179098_555417722694101_2682724033383846896_n.png","contentUrl":"https:\/\/www.victoriamedia.org\/ld\/wp-content\/uploads\/2022\/09\/292179098_555417722694101_2682724033383846896_n.png","width":215,"height":165,"caption":"Victoria Media - Kamerauutiset"},"image":{"@id":"https:\/\/www.victoriamedia.org\/ld\/#\/schema\/logo\/image\/"},"sameAs":["https:\/\/www.facebook.com\/victoriamedia","https:\/\/x.com\/uutisparkki"]},{"@type":"Person","@id":"https:\/\/www.victoriamedia.org\/ld\/#\/schema\/person\/a2e166f07bdda8a5ef0506501655c9ac","name":"Kerttu Vali","image":{"@type":"ImageObject","inLanguage":"en-US","@id":"https:\/\/secure.gravatar.com\/avatar\/62dbe1a847f655ad987c59fece23f885c4b0e7b06595c36d9597003852972217?s=96&d=mm&r=g","url":"https:\/\/secure.gravatar.com\/avatar\/62dbe1a847f655ad987c59fece23f885c4b0e7b06595c36d9597003852972217?s=96&d=mm&r=g","contentUrl":"https:\/\/secure.gravatar.com\/avatar\/62dbe1a847f655ad987c59fece23f885c4b0e7b06595c36d9597003852972217?s=96&d=mm&r=g","caption":"Kerttu Vali"},"sameAs":["http:\/\/www.victoriamedia.fi\/"],"url":"https:\/\/www.victoriamedia.org\/ld\/author\/kerttuvali\/"}]}},"_links":{"self":[{"href":"https:\/\/www.victoriamedia.org\/ld\/wp-json\/wp\/v2\/posts\/227","targetHints":{"allow":["GET"]}}],"collection":[{"href":"https:\/\/www.victoriamedia.org\/ld\/wp-json\/wp\/v2\/posts"}],"about":[{"href":"https:\/\/www.victoriamedia.org\/ld\/wp-json\/wp\/v2\/types\/post"}],"author":[{"embeddable":true,"href":"https:\/\/www.victoriamedia.org\/ld\/wp-json\/wp\/v2\/users\/1"}],"replies":[{"embeddable":true,"href":"https:\/\/www.victoriamedia.org\/ld\/wp-json\/wp\/v2\/comments?post=227"}],"version-history":[{"count":1,"href":"https:\/\/www.victoriamedia.org\/ld\/wp-json\/wp\/v2\/posts\/227\/revisions"}],"predecessor-version":[{"id":229,"href":"https:\/\/www.victoriamedia.org\/ld\/wp-json\/wp\/v2\/posts\/227\/revisions\/229"}],"wp:attachment":[{"href":"https:\/\/www.victoriamedia.org\/ld\/wp-json\/wp\/v2\/media?parent=227"}],"wp:term":[{"taxonomy":"category","embeddable":true,"href":"https:\/\/www.victoriamedia.org\/ld\/wp-json\/wp\/v2\/categories?post=227"},{"taxonomy":"post_tag","embeddable":true,"href":"https:\/\/www.victoriamedia.org\/ld\/wp-json\/wp\/v2\/tags?post=227"}],"curies":[{"name":"wp","href":"https:\/\/api.w.org\/{rel}","templated":true}]}}