{"id":224,"date":"2013-10-18T09:43:29","date_gmt":"2013-10-18T09:43:29","guid":{"rendered":"http:\/\/www.victoriamedia.org\/ld\/?p=224"},"modified":"2013-10-18T09:43:29","modified_gmt":"2013-10-18T09:43:29","slug":"uusi-fujifilm-xq1-on-x-sarjan-tahan-asti-pienin-kompaktikamera","status":"publish","type":"post","link":"https:\/\/www.victoriamedia.org\/ld\/uusi-fujifilm-xq1-on-x-sarjan-tahan-asti-pienin-kompaktikamera\/","title":{"rendered":"Uusi FUJIFILM XQ1 on X-sarjan t\u00e4h\u00e4n asti pienin kompaktikamera"},"content":{"rendered":"<p><a href=\"http:\/\/www.victoriamedia.org\/ld\/wp-content\/uploads\/2013\/10\/print_2GHuqG1yTW.jpg\"><img loading=\"lazy\" decoding=\"async\" class=\"alignnone size-large wp-image-225\" alt=\"print_2GHuqG1yTW\" src=\"http:\/\/www.victoriamedia.org\/ld\/wp-content\/uploads\/2013\/10\/print_2GHuqG1yTW-1024x682.jpg\" width=\"590\" height=\"392\" srcset=\"https:\/\/www.victoriamedia.org\/ld\/wp-content\/uploads\/2013\/10\/print_2GHuqG1yTW-1024x682.jpg 1024w, https:\/\/www.victoriamedia.org\/ld\/wp-content\/uploads\/2013\/10\/print_2GHuqG1yTW-300x199.jpg 300w, https:\/\/www.victoriamedia.org\/ld\/wp-content\/uploads\/2013\/10\/print_2GHuqG1yTW.jpg 2000w\" sizes=\"auto, (max-width: 590px) 100vw, 590px\" \/><\/a><\/p>\n<p><b>Uusi n\u00e4pp\u00e4r\u00e4 ja elegantti FUJIFILM XQ1 on X-sarjan t\u00e4h\u00e4n asti pienin kompaktikamera, mutta koon takia ei ole tehty kompromissej\u00e4 kuvanlaadussa tai toiminnoissa. XQ1:ss\u00e4 on uudelleenkehitelty, valovoimainen 4x optinen zoomi (25-100mm F1,8-4,9) sis\u00e4\u00e4nrakennetulla kuvanvakaimella ja samantyyppinen kuvakenno ja prosessori kuin ylistetyss\u00e4 FUJIFILM X20:ss\u00e4.<\/b><\/p>\n<p>Kameran suuri 2\/3&#8243; kuvakenno 12 megapikselill\u00e4 k\u00e4ytt\u00e4\u00e4 Fujifilmin ainutlaatuista X-transtekniikkaa, joka tekee ter\u00e4v\u00e4mpi\u00e4 kuvia alip\u00e4\u00e4st\u00f6suodinta k\u00e4ytt\u00e4m\u00e4tt\u00e4. Herkkyys ulottuu ISO 100:sta jopa ISO 12800:een, jotta voit ottaa luonnollisia ja ter\u00e4vi\u00e4 kuvia jopa heikossa valossa, ja valovoimainen objektiivi (F1,8-4,9) mahdollistaa kohteen esilletuomisen ottamalla kuvia lyhyemm\u00e4ll\u00e4 syvyyster\u00e4vyydell\u00e4.<\/p>\n<p>FUJIFILM XQ1:ll\u00e4 hetken vangitseminen on helpompaa salamannopean k\u00e4ynnistyksen ja automaatti-tarkennuksen ansiosta; siin\u00e4 on 0,3 sekunnin aikav\u00e4li seuraavan kuvan ottamiseen. Kamerassa on 12 kuvan\/s sarjakuvaus ja sill\u00e4 voi kuvata Full HD -videota jopa 60 kuvaa\/s.<\/p>\n<p>Kameran asetuksia on helppo hallita s\u00e4\u00e4t\u00f6renkaalla, joka on sijoitettu objektiivin ymp\u00e4rille. Valitset itse, mik\u00e4 toiminto renkaalla tulee olla, voit valita mm. manuaalitarkennuksen, valotuskompensaation, ISO-luvun, valkotasapainon, himmentimen, sulkimen tai zoomin v\u00e4lill\u00e4. Sit\u00e4 paitsi p\u00e4\u00e4set nopeasti valittuihin suosikkitoimintoihin painamalla \u00e4lyk\u00e4st\u00e4 E-fn-painiketta ja erityisen Wi-Fi-painikkeen avulla voit helposti siirt\u00e4\u00e4 kuvasi langattomasti \u00e4lypuhelimeen, tablettiin tai tietokoneelle. XQ1:ss\u00e4 on suuri 3 tuuman LCD-n\u00e4ytt\u00f6 920 000 pisteen resoluutiolla, joka erityisen pintak\u00e4sittelyn ansiosta tekee hyv\u00e4n kuvan, jossa on korkea kontrasti ja suuri kulma jopa kirkasvaloisissa tilanteissa.<\/p>\n<p><strong>FUJIFILM XQ1 tulee saataville marraskuussa v\u00e4reiss\u00e4 musta ja hopea.<\/strong><\/p>\n<p>Toiminnot<\/p>\n<p>&#8211; 12 megapikselin X-Trans CMOS II -kuvakenno<br \/>\n&#8211; EXR Processor II<br \/>\n&#8211; Nopea k\u00e4ynnistys, automaattitarkennus ja sarjakuvaus (jopa 12 kuvaa\/s)<br \/>\n&#8211; Valovoimainen 4x optinen zoomi optisella kuvanvakaimella (25-100mm F1.8-F4.9)<br \/>\n&#8211; Lens Modulation Optimiser ter\u00e4vimpien yksityiskohtien saamiseksi varsinkin objektiivin uloimmilla alueilla<br \/>\n&#8211; Iso 3 tuuman LCD-n\u00e4ytt\u00f6 korkealla resoluutiolla ja leve\u00e4ll\u00e4 kulmalla<br \/>\n&#8211; Raw-kehitys suoraan kamerassa<br \/>\n&#8211; Suora p\u00e4\u00e4sy valittuihin suosikkitoimintoihin s\u00e4\u00e4t\u00f6renkaan ja toimintopainikkeen avulla<br \/>\n&#8211; Sis\u00e4\u00e4nrakennettu salama FUJIFILM Super i-Flash -teknologialla<br \/>\n&#8211; Luovat tehosteet: 8 edistynytt\u00e4 suodatinta ja 5 eri filmisimulointia<br \/>\n&#8211; Full HD -videokuvaus 60p\/30p<br \/>\n&#8211; Langaton kuvansiirto \u00e4lypuhelimiin ja tabletteihin<br \/>\n&#8211; Langaton varmuuskopiointi PC:hen ja Mac:iin (OS X ver.10.6 &#8211; 10.8)<\/p>\n<p>Lis\u00e4tarvikkeet<\/p>\n<p>&#8211; Nahkainen valmiuslaukku &#8211; musta: BLC-XQ1 BC ja ruskea: BLC-XQ1 BW<br \/>\n&#8211; Sukelluskotelo WP-XQ1 (vesitiivis 40 metrin syvyyteen)<br \/>\n&#8211; O-ring Kit ORK-XQ1<\/p>\n<p>Hinta: 449 EUR 3 699 NOK 3 999 SEK 3 499 DKK<\/p>\n","protected":false},"excerpt":{"rendered":"<p>Uusi n\u00e4pp\u00e4r\u00e4 ja elegantti FUJIFILM XQ1 on X-sarjan t\u00e4h\u00e4n asti pienin kompaktikamera, mutta koon takia ei ole tehty kompromissej\u00e4 kuvanlaadussa tai toiminnoissa. XQ1:ss\u00e4 on uudelleenkehitelty, valovoimainen 4x optinen zoomi (25-100mm F1,8-4,9) sis\u00e4\u00e4nrakennetulla kuvanvakaimella ja samantyyppinen kuvakenno ja prosessori kuin ylistetyss\u00e4 FUJIFILM X20:ss\u00e4. Kameran suuri 2\/3&#8243; kuvakenno 12 megapikselill\u00e4 k\u00e4ytt\u00e4\u00e4 Fujifilmin ainutlaatuista X-transtekniikkaa, joka tekee ter\u00e4v\u00e4mpi\u00e4 [&hellip;]<\/p>\n","protected":false},"author":1,"featured_media":0,"comment_status":"closed","ping_status":"open","sticky":false,"template":"","format":"standard","meta":{"footnotes":""},"categories":[24],"tags":[],"class_list":["post-224","post","type-post","status-publish","format-standard","hentry","category-kamerat"],"yoast_head":"<!-- This site is optimized with the Yoast SEO plugin v27.5 - https:\/\/yoast.com\/product\/yoast-seo-wordpress\/ -->\n<title>Uusi FUJIFILM XQ1 on X-sarjan t\u00e4h\u00e4n asti pienin kompaktikamera - KAMERAT JA OPTISET LAITTEET<\/title>\n<meta name=\"robots\" content=\"index, follow, max-snippet:-1, max-image-preview:large, max-video-preview:-1\" \/>\n<link rel=\"canonical\" href=\"https:\/\/www.victoriamedia.org\/ld\/uusi-fujifilm-xq1-on-x-sarjan-tahan-asti-pienin-kompaktikamera\/\" \/>\n<meta property=\"og:locale\" content=\"en_US\" \/>\n<meta property=\"og:type\" content=\"article\" \/>\n<meta property=\"og:title\" content=\"Uusi FUJIFILM XQ1 on X-sarjan t\u00e4h\u00e4n asti pienin kompaktikamera - KAMERAT JA OPTISET LAITTEET\" \/>\n<meta property=\"og:description\" content=\"Uusi n\u00e4pp\u00e4r\u00e4 ja elegantti FUJIFILM XQ1 on X-sarjan t\u00e4h\u00e4n asti pienin kompaktikamera, mutta koon takia ei ole tehty kompromissej\u00e4 kuvanlaadussa tai toiminnoissa. XQ1:ss\u00e4 on uudelleenkehitelty, valovoimainen 4x optinen zoomi (25-100mm F1,8-4,9) sis\u00e4\u00e4nrakennetulla kuvanvakaimella ja samantyyppinen kuvakenno ja prosessori kuin ylistetyss\u00e4 FUJIFILM X20:ss\u00e4. Kameran suuri 2\/3&#8243; kuvakenno 12 megapikselill\u00e4 k\u00e4ytt\u00e4\u00e4 Fujifilmin ainutlaatuista X-transtekniikkaa, joka tekee ter\u00e4v\u00e4mpi\u00e4 [&hellip;]\" \/>\n<meta property=\"og:url\" content=\"https:\/\/www.victoriamedia.org\/ld\/uusi-fujifilm-xq1-on-x-sarjan-tahan-asti-pienin-kompaktikamera\/\" \/>\n<meta property=\"og:site_name\" content=\"KAMERAT JA OPTISET LAITTEET\" \/>\n<meta property=\"article:publisher\" content=\"https:\/\/www.facebook.com\/victoriamedia\" \/>\n<meta property=\"article:published_time\" content=\"2013-10-18T09:43:29+00:00\" \/>\n<meta property=\"og:image\" content=\"http:\/\/www.victoriamedia.org\/ld\/wp-content\/uploads\/2013\/10\/print_2GHuqG1yTW-1024x682.jpg\" \/>\n<meta name=\"author\" content=\"Kerttu Vali\" \/>\n<meta name=\"twitter:card\" content=\"summary_large_image\" \/>\n<meta name=\"twitter:creator\" content=\"@uutisparkki\" \/>\n<meta name=\"twitter:site\" content=\"@uutisparkki\" \/>\n<meta name=\"twitter:label1\" content=\"Written by\" \/>\n\t<meta name=\"twitter:data1\" content=\"Kerttu Vali\" \/>\n\t<meta name=\"twitter:label2\" content=\"Est. reading time\" \/>\n\t<meta name=\"twitter:data2\" content=\"2 minutes\" \/>\n<script type=\"application\/ld+json\" class=\"yoast-schema-graph\">{\"@context\":\"https:\\\/\\\/schema.org\",\"@graph\":[{\"@type\":\"Article\",\"@id\":\"https:\\\/\\\/www.victoriamedia.org\\\/ld\\\/uusi-fujifilm-xq1-on-x-sarjan-tahan-asti-pienin-kompaktikamera\\\/#article\",\"isPartOf\":{\"@id\":\"https:\\\/\\\/www.victoriamedia.org\\\/ld\\\/uusi-fujifilm-xq1-on-x-sarjan-tahan-asti-pienin-kompaktikamera\\\/\"},\"author\":{\"name\":\"Kerttu Vali\",\"@id\":\"https:\\\/\\\/www.victoriamedia.org\\\/ld\\\/#\\\/schema\\\/person\\\/a2e166f07bdda8a5ef0506501655c9ac\"},\"headline\":\"Uusi FUJIFILM XQ1 on X-sarjan t\u00e4h\u00e4n asti pienin kompaktikamera\",\"datePublished\":\"2013-10-18T09:43:29+00:00\",\"mainEntityOfPage\":{\"@id\":\"https:\\\/\\\/www.victoriamedia.org\\\/ld\\\/uusi-fujifilm-xq1-on-x-sarjan-tahan-asti-pienin-kompaktikamera\\\/\"},\"wordCount\":387,\"publisher\":{\"@id\":\"https:\\\/\\\/www.victoriamedia.org\\\/ld\\\/#organization\"},\"image\":{\"@id\":\"https:\\\/\\\/www.victoriamedia.org\\\/ld\\\/uusi-fujifilm-xq1-on-x-sarjan-tahan-asti-pienin-kompaktikamera\\\/#primaryimage\"},\"thumbnailUrl\":\"http:\\\/\\\/www.victoriamedia.org\\\/ld\\\/wp-content\\\/uploads\\\/2013\\\/10\\\/print_2GHuqG1yTW-1024x682.jpg\",\"articleSection\":[\"Kamerat\"],\"inLanguage\":\"en-US\"},{\"@type\":\"WebPage\",\"@id\":\"https:\\\/\\\/www.victoriamedia.org\\\/ld\\\/uusi-fujifilm-xq1-on-x-sarjan-tahan-asti-pienin-kompaktikamera\\\/\",\"url\":\"https:\\\/\\\/www.victoriamedia.org\\\/ld\\\/uusi-fujifilm-xq1-on-x-sarjan-tahan-asti-pienin-kompaktikamera\\\/\",\"name\":\"Uusi FUJIFILM XQ1 on X-sarjan t\u00e4h\u00e4n asti pienin kompaktikamera - KAMERAT JA OPTISET LAITTEET\",\"isPartOf\":{\"@id\":\"https:\\\/\\\/www.victoriamedia.org\\\/ld\\\/#website\"},\"primaryImageOfPage\":{\"@id\":\"https:\\\/\\\/www.victoriamedia.org\\\/ld\\\/uusi-fujifilm-xq1-on-x-sarjan-tahan-asti-pienin-kompaktikamera\\\/#primaryimage\"},\"image\":{\"@id\":\"https:\\\/\\\/www.victoriamedia.org\\\/ld\\\/uusi-fujifilm-xq1-on-x-sarjan-tahan-asti-pienin-kompaktikamera\\\/#primaryimage\"},\"thumbnailUrl\":\"http:\\\/\\\/www.victoriamedia.org\\\/ld\\\/wp-content\\\/uploads\\\/2013\\\/10\\\/print_2GHuqG1yTW-1024x682.jpg\",\"datePublished\":\"2013-10-18T09:43:29+00:00\",\"breadcrumb\":{\"@id\":\"https:\\\/\\\/www.victoriamedia.org\\\/ld\\\/uusi-fujifilm-xq1-on-x-sarjan-tahan-asti-pienin-kompaktikamera\\\/#breadcrumb\"},\"inLanguage\":\"en-US\",\"potentialAction\":[{\"@type\":\"ReadAction\",\"target\":[\"https:\\\/\\\/www.victoriamedia.org\\\/ld\\\/uusi-fujifilm-xq1-on-x-sarjan-tahan-asti-pienin-kompaktikamera\\\/\"]}]},{\"@type\":\"ImageObject\",\"inLanguage\":\"en-US\",\"@id\":\"https:\\\/\\\/www.victoriamedia.org\\\/ld\\\/uusi-fujifilm-xq1-on-x-sarjan-tahan-asti-pienin-kompaktikamera\\\/#primaryimage\",\"url\":\"https:\\\/\\\/www.victoriamedia.org\\\/ld\\\/wp-content\\\/uploads\\\/2013\\\/10\\\/print_2GHuqG1yTW.jpg\",\"contentUrl\":\"https:\\\/\\\/www.victoriamedia.org\\\/ld\\\/wp-content\\\/uploads\\\/2013\\\/10\\\/print_2GHuqG1yTW.jpg\",\"width\":2000,\"height\":1333},{\"@type\":\"BreadcrumbList\",\"@id\":\"https:\\\/\\\/www.victoriamedia.org\\\/ld\\\/uusi-fujifilm-xq1-on-x-sarjan-tahan-asti-pienin-kompaktikamera\\\/#breadcrumb\",\"itemListElement\":[{\"@type\":\"ListItem\",\"position\":1,\"name\":\"Home\",\"item\":\"https:\\\/\\\/www.victoriamedia.org\\\/ld\\\/\"},{\"@type\":\"ListItem\",\"position\":2,\"name\":\"Uusi FUJIFILM XQ1 on X-sarjan t\u00e4h\u00e4n asti pienin kompaktikamera\"}]},{\"@type\":\"WebSite\",\"@id\":\"https:\\\/\\\/www.victoriamedia.org\\\/ld\\\/#website\",\"url\":\"https:\\\/\\\/www.victoriamedia.org\\\/ld\\\/\",\"name\":\"KAMERAT JA OPTISET LAITTEET\",\"description\":\"Kamerat Kiikarit ja optiset tarvikkeet\",\"publisher\":{\"@id\":\"https:\\\/\\\/www.victoriamedia.org\\\/ld\\\/#organization\"},\"potentialAction\":[{\"@type\":\"SearchAction\",\"target\":{\"@type\":\"EntryPoint\",\"urlTemplate\":\"https:\\\/\\\/www.victoriamedia.org\\\/ld\\\/?s={search_term_string}\"},\"query-input\":{\"@type\":\"PropertyValueSpecification\",\"valueRequired\":true,\"valueName\":\"search_term_string\"}}],\"inLanguage\":\"en-US\"},{\"@type\":\"Organization\",\"@id\":\"https:\\\/\\\/www.victoriamedia.org\\\/ld\\\/#organization\",\"name\":\"Victoria Media - Kamerauutiset\",\"url\":\"https:\\\/\\\/www.victoriamedia.org\\\/ld\\\/\",\"logo\":{\"@type\":\"ImageObject\",\"inLanguage\":\"en-US\",\"@id\":\"https:\\\/\\\/www.victoriamedia.org\\\/ld\\\/#\\\/schema\\\/logo\\\/image\\\/\",\"url\":\"https:\\\/\\\/www.victoriamedia.org\\\/ld\\\/wp-content\\\/uploads\\\/2022\\\/09\\\/292179098_555417722694101_2682724033383846896_n.png\",\"contentUrl\":\"https:\\\/\\\/www.victoriamedia.org\\\/ld\\\/wp-content\\\/uploads\\\/2022\\\/09\\\/292179098_555417722694101_2682724033383846896_n.png\",\"width\":215,\"height\":165,\"caption\":\"Victoria Media - Kamerauutiset\"},\"image\":{\"@id\":\"https:\\\/\\\/www.victoriamedia.org\\\/ld\\\/#\\\/schema\\\/logo\\\/image\\\/\"},\"sameAs\":[\"https:\\\/\\\/www.facebook.com\\\/victoriamedia\",\"https:\\\/\\\/x.com\\\/uutisparkki\"]},{\"@type\":\"Person\",\"@id\":\"https:\\\/\\\/www.victoriamedia.org\\\/ld\\\/#\\\/schema\\\/person\\\/a2e166f07bdda8a5ef0506501655c9ac\",\"name\":\"Kerttu Vali\",\"image\":{\"@type\":\"ImageObject\",\"inLanguage\":\"en-US\",\"@id\":\"https:\\\/\\\/secure.gravatar.com\\\/avatar\\\/62dbe1a847f655ad987c59fece23f885c4b0e7b06595c36d9597003852972217?s=96&d=mm&r=g\",\"url\":\"https:\\\/\\\/secure.gravatar.com\\\/avatar\\\/62dbe1a847f655ad987c59fece23f885c4b0e7b06595c36d9597003852972217?s=96&d=mm&r=g\",\"contentUrl\":\"https:\\\/\\\/secure.gravatar.com\\\/avatar\\\/62dbe1a847f655ad987c59fece23f885c4b0e7b06595c36d9597003852972217?s=96&d=mm&r=g\",\"caption\":\"Kerttu Vali\"},\"sameAs\":[\"http:\\\/\\\/www.victoriamedia.fi\\\/\"],\"url\":\"https:\\\/\\\/www.victoriamedia.org\\\/ld\\\/author\\\/kerttuvali\\\/\"}]}<\/script>\n<!-- \/ Yoast SEO plugin. -->","yoast_head_json":{"title":"Uusi FUJIFILM XQ1 on X-sarjan t\u00e4h\u00e4n asti pienin kompaktikamera - KAMERAT JA OPTISET LAITTEET","robots":{"index":"index","follow":"follow","max-snippet":"max-snippet:-1","max-image-preview":"max-image-preview:large","max-video-preview":"max-video-preview:-1"},"canonical":"https:\/\/www.victoriamedia.org\/ld\/uusi-fujifilm-xq1-on-x-sarjan-tahan-asti-pienin-kompaktikamera\/","og_locale":"en_US","og_type":"article","og_title":"Uusi FUJIFILM XQ1 on X-sarjan t\u00e4h\u00e4n asti pienin kompaktikamera - KAMERAT JA OPTISET LAITTEET","og_description":"Uusi n\u00e4pp\u00e4r\u00e4 ja elegantti FUJIFILM XQ1 on X-sarjan t\u00e4h\u00e4n asti pienin kompaktikamera, mutta koon takia ei ole tehty kompromissej\u00e4 kuvanlaadussa tai toiminnoissa. XQ1:ss\u00e4 on uudelleenkehitelty, valovoimainen 4x optinen zoomi (25-100mm F1,8-4,9) sis\u00e4\u00e4nrakennetulla kuvanvakaimella ja samantyyppinen kuvakenno ja prosessori kuin ylistetyss\u00e4 FUJIFILM X20:ss\u00e4. Kameran suuri 2\/3&#8243; kuvakenno 12 megapikselill\u00e4 k\u00e4ytt\u00e4\u00e4 Fujifilmin ainutlaatuista X-transtekniikkaa, joka tekee ter\u00e4v\u00e4mpi\u00e4 [&hellip;]","og_url":"https:\/\/www.victoriamedia.org\/ld\/uusi-fujifilm-xq1-on-x-sarjan-tahan-asti-pienin-kompaktikamera\/","og_site_name":"KAMERAT JA OPTISET LAITTEET","article_publisher":"https:\/\/www.facebook.com\/victoriamedia","article_published_time":"2013-10-18T09:43:29+00:00","og_image":[{"url":"http:\/\/www.victoriamedia.org\/ld\/wp-content\/uploads\/2013\/10\/print_2GHuqG1yTW-1024x682.jpg","type":"","width":"","height":""}],"author":"Kerttu Vali","twitter_card":"summary_large_image","twitter_creator":"@uutisparkki","twitter_site":"@uutisparkki","twitter_misc":{"Written by":"Kerttu Vali","Est. reading time":"2 minutes"},"schema":{"@context":"https:\/\/schema.org","@graph":[{"@type":"Article","@id":"https:\/\/www.victoriamedia.org\/ld\/uusi-fujifilm-xq1-on-x-sarjan-tahan-asti-pienin-kompaktikamera\/#article","isPartOf":{"@id":"https:\/\/www.victoriamedia.org\/ld\/uusi-fujifilm-xq1-on-x-sarjan-tahan-asti-pienin-kompaktikamera\/"},"author":{"name":"Kerttu Vali","@id":"https:\/\/www.victoriamedia.org\/ld\/#\/schema\/person\/a2e166f07bdda8a5ef0506501655c9ac"},"headline":"Uusi FUJIFILM XQ1 on X-sarjan t\u00e4h\u00e4n asti pienin kompaktikamera","datePublished":"2013-10-18T09:43:29+00:00","mainEntityOfPage":{"@id":"https:\/\/www.victoriamedia.org\/ld\/uusi-fujifilm-xq1-on-x-sarjan-tahan-asti-pienin-kompaktikamera\/"},"wordCount":387,"publisher":{"@id":"https:\/\/www.victoriamedia.org\/ld\/#organization"},"image":{"@id":"https:\/\/www.victoriamedia.org\/ld\/uusi-fujifilm-xq1-on-x-sarjan-tahan-asti-pienin-kompaktikamera\/#primaryimage"},"thumbnailUrl":"http:\/\/www.victoriamedia.org\/ld\/wp-content\/uploads\/2013\/10\/print_2GHuqG1yTW-1024x682.jpg","articleSection":["Kamerat"],"inLanguage":"en-US"},{"@type":"WebPage","@id":"https:\/\/www.victoriamedia.org\/ld\/uusi-fujifilm-xq1-on-x-sarjan-tahan-asti-pienin-kompaktikamera\/","url":"https:\/\/www.victoriamedia.org\/ld\/uusi-fujifilm-xq1-on-x-sarjan-tahan-asti-pienin-kompaktikamera\/","name":"Uusi FUJIFILM XQ1 on X-sarjan t\u00e4h\u00e4n asti pienin kompaktikamera - KAMERAT JA OPTISET LAITTEET","isPartOf":{"@id":"https:\/\/www.victoriamedia.org\/ld\/#website"},"primaryImageOfPage":{"@id":"https:\/\/www.victoriamedia.org\/ld\/uusi-fujifilm-xq1-on-x-sarjan-tahan-asti-pienin-kompaktikamera\/#primaryimage"},"image":{"@id":"https:\/\/www.victoriamedia.org\/ld\/uusi-fujifilm-xq1-on-x-sarjan-tahan-asti-pienin-kompaktikamera\/#primaryimage"},"thumbnailUrl":"http:\/\/www.victoriamedia.org\/ld\/wp-content\/uploads\/2013\/10\/print_2GHuqG1yTW-1024x682.jpg","datePublished":"2013-10-18T09:43:29+00:00","breadcrumb":{"@id":"https:\/\/www.victoriamedia.org\/ld\/uusi-fujifilm-xq1-on-x-sarjan-tahan-asti-pienin-kompaktikamera\/#breadcrumb"},"inLanguage":"en-US","potentialAction":[{"@type":"ReadAction","target":["https:\/\/www.victoriamedia.org\/ld\/uusi-fujifilm-xq1-on-x-sarjan-tahan-asti-pienin-kompaktikamera\/"]}]},{"@type":"ImageObject","inLanguage":"en-US","@id":"https:\/\/www.victoriamedia.org\/ld\/uusi-fujifilm-xq1-on-x-sarjan-tahan-asti-pienin-kompaktikamera\/#primaryimage","url":"https:\/\/www.victoriamedia.org\/ld\/wp-content\/uploads\/2013\/10\/print_2GHuqG1yTW.jpg","contentUrl":"https:\/\/www.victoriamedia.org\/ld\/wp-content\/uploads\/2013\/10\/print_2GHuqG1yTW.jpg","width":2000,"height":1333},{"@type":"BreadcrumbList","@id":"https:\/\/www.victoriamedia.org\/ld\/uusi-fujifilm-xq1-on-x-sarjan-tahan-asti-pienin-kompaktikamera\/#breadcrumb","itemListElement":[{"@type":"ListItem","position":1,"name":"Home","item":"https:\/\/www.victoriamedia.org\/ld\/"},{"@type":"ListItem","position":2,"name":"Uusi FUJIFILM XQ1 on X-sarjan t\u00e4h\u00e4n asti pienin kompaktikamera"}]},{"@type":"WebSite","@id":"https:\/\/www.victoriamedia.org\/ld\/#website","url":"https:\/\/www.victoriamedia.org\/ld\/","name":"KAMERAT JA OPTISET LAITTEET","description":"Kamerat Kiikarit ja optiset tarvikkeet","publisher":{"@id":"https:\/\/www.victoriamedia.org\/ld\/#organization"},"potentialAction":[{"@type":"SearchAction","target":{"@type":"EntryPoint","urlTemplate":"https:\/\/www.victoriamedia.org\/ld\/?s={search_term_string}"},"query-input":{"@type":"PropertyValueSpecification","valueRequired":true,"valueName":"search_term_string"}}],"inLanguage":"en-US"},{"@type":"Organization","@id":"https:\/\/www.victoriamedia.org\/ld\/#organization","name":"Victoria Media - Kamerauutiset","url":"https:\/\/www.victoriamedia.org\/ld\/","logo":{"@type":"ImageObject","inLanguage":"en-US","@id":"https:\/\/www.victoriamedia.org\/ld\/#\/schema\/logo\/image\/","url":"https:\/\/www.victoriamedia.org\/ld\/wp-content\/uploads\/2022\/09\/292179098_555417722694101_2682724033383846896_n.png","contentUrl":"https:\/\/www.victoriamedia.org\/ld\/wp-content\/uploads\/2022\/09\/292179098_555417722694101_2682724033383846896_n.png","width":215,"height":165,"caption":"Victoria Media - Kamerauutiset"},"image":{"@id":"https:\/\/www.victoriamedia.org\/ld\/#\/schema\/logo\/image\/"},"sameAs":["https:\/\/www.facebook.com\/victoriamedia","https:\/\/x.com\/uutisparkki"]},{"@type":"Person","@id":"https:\/\/www.victoriamedia.org\/ld\/#\/schema\/person\/a2e166f07bdda8a5ef0506501655c9ac","name":"Kerttu Vali","image":{"@type":"ImageObject","inLanguage":"en-US","@id":"https:\/\/secure.gravatar.com\/avatar\/62dbe1a847f655ad987c59fece23f885c4b0e7b06595c36d9597003852972217?s=96&d=mm&r=g","url":"https:\/\/secure.gravatar.com\/avatar\/62dbe1a847f655ad987c59fece23f885c4b0e7b06595c36d9597003852972217?s=96&d=mm&r=g","contentUrl":"https:\/\/secure.gravatar.com\/avatar\/62dbe1a847f655ad987c59fece23f885c4b0e7b06595c36d9597003852972217?s=96&d=mm&r=g","caption":"Kerttu Vali"},"sameAs":["http:\/\/www.victoriamedia.fi\/"],"url":"https:\/\/www.victoriamedia.org\/ld\/author\/kerttuvali\/"}]}},"_links":{"self":[{"href":"https:\/\/www.victoriamedia.org\/ld\/wp-json\/wp\/v2\/posts\/224","targetHints":{"allow":["GET"]}}],"collection":[{"href":"https:\/\/www.victoriamedia.org\/ld\/wp-json\/wp\/v2\/posts"}],"about":[{"href":"https:\/\/www.victoriamedia.org\/ld\/wp-json\/wp\/v2\/types\/post"}],"author":[{"embeddable":true,"href":"https:\/\/www.victoriamedia.org\/ld\/wp-json\/wp\/v2\/users\/1"}],"replies":[{"embeddable":true,"href":"https:\/\/www.victoriamedia.org\/ld\/wp-json\/wp\/v2\/comments?post=224"}],"version-history":[{"count":1,"href":"https:\/\/www.victoriamedia.org\/ld\/wp-json\/wp\/v2\/posts\/224\/revisions"}],"predecessor-version":[{"id":226,"href":"https:\/\/www.victoriamedia.org\/ld\/wp-json\/wp\/v2\/posts\/224\/revisions\/226"}],"wp:attachment":[{"href":"https:\/\/www.victoriamedia.org\/ld\/wp-json\/wp\/v2\/media?parent=224"}],"wp:term":[{"taxonomy":"category","embeddable":true,"href":"https:\/\/www.victoriamedia.org\/ld\/wp-json\/wp\/v2\/categories?post=224"},{"taxonomy":"post_tag","embeddable":true,"href":"https:\/\/www.victoriamedia.org\/ld\/wp-json\/wp\/v2\/tags?post=224"}],"curies":[{"name":"wp","href":"https:\/\/api.w.org\/{rel}","templated":true}]}}