{"id":221,"date":"2013-10-17T09:57:45","date_gmt":"2013-10-17T09:57:45","guid":{"rendered":"http:\/\/www.victoriamedia.org\/ld\/?p=221"},"modified":"2013-10-17T09:57:45","modified_gmt":"2013-10-17T09:57:45","slug":"nikon-paljastaa-nikkor-perheen-uusimman-kruununjalokiven-af-s-nikkor-58mm-f1-4g-objektiivin","status":"publish","type":"post","link":"https:\/\/www.victoriamedia.org\/ld\/nikon-paljastaa-nikkor-perheen-uusimman-kruununjalokiven-af-s-nikkor-58mm-f1-4g-objektiivin\/","title":{"rendered":"Nikon paljastaa NIKKOR-perheen uusimman kruununjalokiven: AF-S NIKKOR 58mm f\/1.4G -objektiivin"},"content":{"rendered":"<p><a href=\"http:\/\/www.victoriamedia.org\/ld\/wp-content\/uploads\/2013\/10\/3424841144.png\"><img loading=\"lazy\" decoding=\"async\" class=\"alignnone size-full wp-image-222\" alt=\"3424841144\" src=\"http:\/\/www.victoriamedia.org\/ld\/wp-content\/uploads\/2013\/10\/3424841144.png\" width=\"235\" height=\"200\" \/><\/a><\/p>\n<p><strong><em>Helsinki 17. lokakuuta 2013:\u00a0<\/em><\/strong><strong><\/strong><strong>Nikon julkistaa t\u00e4n\u00e4\u00e4n uuden AF-S NIKKOR 58mm f\/1.4G -objektiivin. Kiinte\u00e4polttov\u00e4lisen FX-koon objektiivin kuvanlaatu rikkoo rajoja.\u00a0\u00a0<\/strong><strong>Uusi erinomaiseen kuvanlaatuun t\u00e4ht\u00e4\u00e4v\u00e4 ja huolellisesti suunniteltu valovoimainen kiinte\u00e4polttov\u00e4linen objektiivi on t\u00e4ysin omaa luokkaansa.<\/strong><\/p>\n<p>Suunnittelukonsepti on tuttu Nikonin legendaarisesta Noct-NIKKOR-objektiivista, mutta optinen rakenne on uusinta uutta, mik\u00e4 mahdollistaa erinomaisen ter\u00e4vyyden, kontrastin ja tarkkuuden. Objektiivissa on erinomainen erottelukyky, ihastuttava bokeh-taustaefekti ja ly\u00f6m\u00e4t\u00f6n suorituskyky suurimmalla aukolla. T\u00e4m\u00e4 houkutteleekin kuvaajia, jotka haluavat kuvata heikossa valossa tai etsiv\u00e4t ainutlaatuisen yksil\u00f6llist\u00e4 objektiivia.<\/p>\n<p>\u201dOptista rakennetta koskevat innovaatiot ovat vieneet kehityst\u00e4 huimasti eteenp\u00e4in, ja Nikon pyrkii jatkuvasti parantamaan NIKKOR-objektiivien optista ja mekaanista suorituskyky\u00e4 varmistaakseen niiden kyvyn vangita ja toistaa maailma todenmukaisena. Ja kuitenkin n\u00e4ist\u00e4 edistysaskelista huolimatta vain silloin t\u00e4ll\u00f6in syntyy AF-S NIKKOR 58mm f\/1.4G -objektiivin kaltainen tuote; sen ominaisuudet ylitt\u00e4v\u00e4t tavanomaiset odotukset. Objektiivi j\u00e4tt\u00e4\u00e4 oman yksil\u00f6llisen j\u00e4lkens\u00e4, jonka todella ymm\u00e4rt\u00e4\u00e4 vasta lopullista kuvaa katsoessaan. Vain harvoista objektiiveista tulee klassikoita, mutta t\u00e4m\u00e4 on vahva ehdokas niiden joukkoon\u201d, sanoo objektiiveista, lis\u00e4varusteista ja ohjelmistoista vastaava Nikon Europen tuotep\u00e4\u00e4llikk\u00f6 Zurab Kiknadze.<\/p>\n<p><strong>Moderni legenda<\/strong><\/p>\n<p>AF-S NIKKOR 58mm f\/1.4G tuo Nikonin arvostetun Noct-NIKKOR-objektiivin edut nykyaikaiseen suuren tarkkuuden valokuvaukseen. Objektiivin kehitt\u00e4neet Nikonin suunnittelijat onnistuivat parantamaan huomattavasti objektiivin ter\u00e4vyytt\u00e4, kontrastia ja tarkkuutta. Lis\u00e4ksi he onnistuivat v\u00e4hent\u00e4m\u00e4\u00e4n merkitt\u00e4v\u00e4sti komaattista heijastusta. Tuloksena syntyi ainutlaatuinen objektiivi, jonka erinomaisen esteettisen hallinnan ansiosta valokuvaajilla on mahdollisuus ilment\u00e4\u00e4 luovuuttaan monin eri tavoin ja luoda valokuvia, jotka todella erottuvat muista.<\/p>\n<p><strong>Valolla piirt\u00e4mist\u00e4<\/strong><\/p>\n<p>Vaativien valokuvaajien tarpeisiin suunnitellun AF-S NIKKOR 58mm f\/1.4G -objektiivin erinomainen erottelukyky takaa, ett\u00e4 kuvauskohteen jokainen yksityiskohta toistuu tarkasti ja virheett\u00f6m\u00e4sti. Kohteet toistuvat tarkasti kuvattaessa suurimmalla aukolla f\/1,4, ja suurikontrastiset kuvat my\u00f6s et\u00e4isist\u00e4 kohteista ja heikosti valaistuista n\u00e4kymist\u00e4 onnistuvat aukkoa pienent\u00e4m\u00e4tt\u00e4. Nuolimaisia komaattisia heijastuksia on onnistuttu v\u00e4hent\u00e4m\u00e4\u00e4n tehokkaasti koko kuvassa, joten pistem\u00e4iset valonl\u00e4hteet, kuten katulamput, toistuvat kauniin py\u00f6rein\u00e4 pistein\u00e4 aina kuvan reunoille saakka \u2013 objektiivi tarjoaakin ainutlaatuiset mahdollisuudet y\u00f6kuvaukseen. Vaikka kyseess\u00e4 onkin suuriaukkoinen objektiivi, valon heikkeneminen kuvan reuna-alueilla on huomioitu tehokkaasti. N\u00e4in kirkkaus s\u00e4ilyy koko kuvassa, kun kuvataan suurimmalla aukolla, my\u00f6s \u00e4\u00e4rett\u00f6m\u00e4\u00e4n tarkennettuna.<\/p>\n<p><strong>Ihastuttava bokeh-efekti<\/strong><\/p>\n<p>Ainutlaatuisen optisen rakenteen ansiosta AF-S NIKKOR 58mm f\/1.4G tuottaa kuvia, joissa on ihastuttava bokeh-taustaefekti ja hyv\u00e4 syvyysvaikutelma. Koska kuvan ep\u00e4ter\u00e4vyyden voimakkuus muuttuu tasaisesti et\u00e4isyyden kasvaessa tarkennetusta kohteesta, bokeh-taustaefektiin ei muodostu \u00e4killisi\u00e4 rajakohtia. Lis\u00e4ksi bokeh-efektin hienot liukus\u00e4vyt tarkennuspisteest\u00e4 taustaan saavat aikaan uskomattoman luonnollisen syvyysvaikutelman. Mittaamalla tarkkuuden ja bokeh-efektin asteen kuvan eri tasoilla (etualalla, tarkennustasolla ja taustassa) Nikonin suunnittelijat saavuttivat t\u00e4ydellisen tasapainon tarkkuuden ja objektiivin poikkeamien v\u00e4lill\u00e4. Tuloksena syntyi miltei kolmiulotteinen vaikutelma, jota ei voi mitata MTF-k\u00e4yrien avulla. N\u00e4m\u00e4 edut koskevat my\u00f6s videoita: tarkennuksen muuttuessa bokeh-efekti muuttuu uskomattoman tasaisesti, mist\u00e4 on etua etenkin kuvattaessa tunnelmallisia kohtauksia.<\/p>\n<p><strong>Arvostettu NIKKOR-laatu<\/strong><\/p>\n<p>Nikonin nanokidepinnoitteen tehokas heijastuksenesto koko n\u00e4kyv\u00e4n valon alueella v\u00e4hent\u00e4\u00e4 huomattavasti haamukuvia ja heijastuksia sek\u00e4 parantaa kuvien kirkkautta ja kontrastia. Kolmea elementti\u00e4 hy\u00f6dynt\u00e4v\u00e4 linssitekniikka takaa sek\u00e4 optisen kirkkauden ett\u00e4 heijastusten v\u00e4henemisen. Etulinssielementti sijaitsee syv\u00e4ll\u00e4 objektiivin putkessa, joten heijastuksia ja haamukuvia muodostuu huomattavan v\u00e4h\u00e4n my\u00f6s vastavaloon kuvattaessa. Nikonin SWM-ultra\u00e4\u00e4nimoottori mahdollistaa tasaisen, hiljaisen ja nopean automaattitarkennuksen.<\/p>\n<p>Objektiivi tulee myyntiin 31.10.2013 ja sen suositushinta on 1866 \u20ac. Objektiivin mukana toimitetaan oma vastavalosuoja sek\u00e4 objektiivin pehme\u00e4 suojapussi.<\/p>\n","protected":false},"excerpt":{"rendered":"<p>Helsinki 17. lokakuuta 2013:\u00a0Nikon julkistaa t\u00e4n\u00e4\u00e4n uuden AF-S NIKKOR 58mm f\/1.4G -objektiivin. Kiinte\u00e4polttov\u00e4lisen FX-koon objektiivin kuvanlaatu rikkoo rajoja.\u00a0\u00a0Uusi erinomaiseen kuvanlaatuun t\u00e4ht\u00e4\u00e4v\u00e4 ja huolellisesti suunniteltu valovoimainen kiinte\u00e4polttov\u00e4linen objektiivi on t\u00e4ysin omaa luokkaansa. Suunnittelukonsepti on tuttu Nikonin legendaarisesta Noct-NIKKOR-objektiivista, mutta optinen rakenne on uusinta uutta, mik\u00e4 mahdollistaa erinomaisen ter\u00e4vyyden, kontrastin ja tarkkuuden. Objektiivissa on erinomainen erottelukyky, ihastuttava [&hellip;]<\/p>\n","protected":false},"author":1,"featured_media":0,"comment_status":"closed","ping_status":"open","sticky":false,"template":"","format":"standard","meta":{"footnotes":""},"categories":[10],"tags":[],"class_list":["post-221","post","type-post","status-publish","format-standard","hentry","category-objektiivit"],"yoast_head":"<!-- This site is optimized with the Yoast SEO plugin v27.5 - https:\/\/yoast.com\/product\/yoast-seo-wordpress\/ -->\n<title>Nikon paljastaa NIKKOR-perheen uusimman kruununjalokiven: AF-S NIKKOR 58mm f\/1.4G -objektiivin - KAMERAT JA OPTISET LAITTEET<\/title>\n<meta name=\"robots\" content=\"index, follow, max-snippet:-1, max-image-preview:large, max-video-preview:-1\" \/>\n<link rel=\"canonical\" href=\"https:\/\/www.victoriamedia.org\/ld\/nikon-paljastaa-nikkor-perheen-uusimman-kruununjalokiven-af-s-nikkor-58mm-f1-4g-objektiivin\/\" \/>\n<meta property=\"og:locale\" content=\"en_US\" \/>\n<meta property=\"og:type\" content=\"article\" \/>\n<meta property=\"og:title\" content=\"Nikon paljastaa NIKKOR-perheen uusimman kruununjalokiven: AF-S NIKKOR 58mm f\/1.4G -objektiivin - KAMERAT JA OPTISET LAITTEET\" \/>\n<meta property=\"og:description\" content=\"Helsinki 17. lokakuuta 2013:\u00a0Nikon julkistaa t\u00e4n\u00e4\u00e4n uuden AF-S NIKKOR 58mm f\/1.4G -objektiivin. Kiinte\u00e4polttov\u00e4lisen FX-koon objektiivin kuvanlaatu rikkoo rajoja.\u00a0\u00a0Uusi erinomaiseen kuvanlaatuun t\u00e4ht\u00e4\u00e4v\u00e4 ja huolellisesti suunniteltu valovoimainen kiinte\u00e4polttov\u00e4linen objektiivi on t\u00e4ysin omaa luokkaansa. Suunnittelukonsepti on tuttu Nikonin legendaarisesta Noct-NIKKOR-objektiivista, mutta optinen rakenne on uusinta uutta, mik\u00e4 mahdollistaa erinomaisen ter\u00e4vyyden, kontrastin ja tarkkuuden. Objektiivissa on erinomainen erottelukyky, ihastuttava [&hellip;]\" \/>\n<meta property=\"og:url\" content=\"https:\/\/www.victoriamedia.org\/ld\/nikon-paljastaa-nikkor-perheen-uusimman-kruununjalokiven-af-s-nikkor-58mm-f1-4g-objektiivin\/\" \/>\n<meta property=\"og:site_name\" content=\"KAMERAT JA OPTISET LAITTEET\" \/>\n<meta property=\"article:publisher\" content=\"https:\/\/www.facebook.com\/victoriamedia\" \/>\n<meta property=\"article:published_time\" content=\"2013-10-17T09:57:45+00:00\" \/>\n<meta property=\"og:image\" content=\"http:\/\/www.victoriamedia.org\/ld\/wp-content\/uploads\/2013\/10\/3424841144.png\" \/>\n<meta name=\"author\" content=\"Kerttu Vali\" \/>\n<meta name=\"twitter:card\" content=\"summary_large_image\" \/>\n<meta name=\"twitter:creator\" content=\"@uutisparkki\" \/>\n<meta name=\"twitter:site\" content=\"@uutisparkki\" \/>\n<meta name=\"twitter:label1\" content=\"Written by\" \/>\n\t<meta name=\"twitter:data1\" content=\"Kerttu Vali\" \/>\n\t<meta name=\"twitter:label2\" content=\"Est. reading time\" \/>\n\t<meta name=\"twitter:data2\" content=\"3 minutes\" \/>\n<script type=\"application\/ld+json\" class=\"yoast-schema-graph\">{\"@context\":\"https:\\\/\\\/schema.org\",\"@graph\":[{\"@type\":\"Article\",\"@id\":\"https:\\\/\\\/www.victoriamedia.org\\\/ld\\\/nikon-paljastaa-nikkor-perheen-uusimman-kruununjalokiven-af-s-nikkor-58mm-f1-4g-objektiivin\\\/#article\",\"isPartOf\":{\"@id\":\"https:\\\/\\\/www.victoriamedia.org\\\/ld\\\/nikon-paljastaa-nikkor-perheen-uusimman-kruununjalokiven-af-s-nikkor-58mm-f1-4g-objektiivin\\\/\"},\"author\":{\"name\":\"Kerttu Vali\",\"@id\":\"https:\\\/\\\/www.victoriamedia.org\\\/ld\\\/#\\\/schema\\\/person\\\/a2e166f07bdda8a5ef0506501655c9ac\"},\"headline\":\"Nikon paljastaa NIKKOR-perheen uusimman kruununjalokiven: AF-S NIKKOR 58mm f\\\/1.4G -objektiivin\",\"datePublished\":\"2013-10-17T09:57:45+00:00\",\"mainEntityOfPage\":{\"@id\":\"https:\\\/\\\/www.victoriamedia.org\\\/ld\\\/nikon-paljastaa-nikkor-perheen-uusimman-kruununjalokiven-af-s-nikkor-58mm-f1-4g-objektiivin\\\/\"},\"wordCount\":569,\"publisher\":{\"@id\":\"https:\\\/\\\/www.victoriamedia.org\\\/ld\\\/#organization\"},\"image\":{\"@id\":\"https:\\\/\\\/www.victoriamedia.org\\\/ld\\\/nikon-paljastaa-nikkor-perheen-uusimman-kruununjalokiven-af-s-nikkor-58mm-f1-4g-objektiivin\\\/#primaryimage\"},\"thumbnailUrl\":\"http:\\\/\\\/www.victoriamedia.org\\\/ld\\\/wp-content\\\/uploads\\\/2013\\\/10\\\/3424841144.png\",\"articleSection\":[\"Objektiivit\"],\"inLanguage\":\"en-US\"},{\"@type\":\"WebPage\",\"@id\":\"https:\\\/\\\/www.victoriamedia.org\\\/ld\\\/nikon-paljastaa-nikkor-perheen-uusimman-kruununjalokiven-af-s-nikkor-58mm-f1-4g-objektiivin\\\/\",\"url\":\"https:\\\/\\\/www.victoriamedia.org\\\/ld\\\/nikon-paljastaa-nikkor-perheen-uusimman-kruununjalokiven-af-s-nikkor-58mm-f1-4g-objektiivin\\\/\",\"name\":\"Nikon paljastaa NIKKOR-perheen uusimman kruununjalokiven: AF-S NIKKOR 58mm f\\\/1.4G -objektiivin - KAMERAT JA OPTISET LAITTEET\",\"isPartOf\":{\"@id\":\"https:\\\/\\\/www.victoriamedia.org\\\/ld\\\/#website\"},\"primaryImageOfPage\":{\"@id\":\"https:\\\/\\\/www.victoriamedia.org\\\/ld\\\/nikon-paljastaa-nikkor-perheen-uusimman-kruununjalokiven-af-s-nikkor-58mm-f1-4g-objektiivin\\\/#primaryimage\"},\"image\":{\"@id\":\"https:\\\/\\\/www.victoriamedia.org\\\/ld\\\/nikon-paljastaa-nikkor-perheen-uusimman-kruununjalokiven-af-s-nikkor-58mm-f1-4g-objektiivin\\\/#primaryimage\"},\"thumbnailUrl\":\"http:\\\/\\\/www.victoriamedia.org\\\/ld\\\/wp-content\\\/uploads\\\/2013\\\/10\\\/3424841144.png\",\"datePublished\":\"2013-10-17T09:57:45+00:00\",\"breadcrumb\":{\"@id\":\"https:\\\/\\\/www.victoriamedia.org\\\/ld\\\/nikon-paljastaa-nikkor-perheen-uusimman-kruununjalokiven-af-s-nikkor-58mm-f1-4g-objektiivin\\\/#breadcrumb\"},\"inLanguage\":\"en-US\",\"potentialAction\":[{\"@type\":\"ReadAction\",\"target\":[\"https:\\\/\\\/www.victoriamedia.org\\\/ld\\\/nikon-paljastaa-nikkor-perheen-uusimman-kruununjalokiven-af-s-nikkor-58mm-f1-4g-objektiivin\\\/\"]}]},{\"@type\":\"ImageObject\",\"inLanguage\":\"en-US\",\"@id\":\"https:\\\/\\\/www.victoriamedia.org\\\/ld\\\/nikon-paljastaa-nikkor-perheen-uusimman-kruununjalokiven-af-s-nikkor-58mm-f1-4g-objektiivin\\\/#primaryimage\",\"url\":\"https:\\\/\\\/www.victoriamedia.org\\\/ld\\\/wp-content\\\/uploads\\\/2013\\\/10\\\/3424841144.png\",\"contentUrl\":\"https:\\\/\\\/www.victoriamedia.org\\\/ld\\\/wp-content\\\/uploads\\\/2013\\\/10\\\/3424841144.png\",\"width\":235,\"height\":200},{\"@type\":\"BreadcrumbList\",\"@id\":\"https:\\\/\\\/www.victoriamedia.org\\\/ld\\\/nikon-paljastaa-nikkor-perheen-uusimman-kruununjalokiven-af-s-nikkor-58mm-f1-4g-objektiivin\\\/#breadcrumb\",\"itemListElement\":[{\"@type\":\"ListItem\",\"position\":1,\"name\":\"Home\",\"item\":\"https:\\\/\\\/www.victoriamedia.org\\\/ld\\\/\"},{\"@type\":\"ListItem\",\"position\":2,\"name\":\"Nikon paljastaa NIKKOR-perheen uusimman kruununjalokiven: AF-S NIKKOR 58mm f\\\/1.4G -objektiivin\"}]},{\"@type\":\"WebSite\",\"@id\":\"https:\\\/\\\/www.victoriamedia.org\\\/ld\\\/#website\",\"url\":\"https:\\\/\\\/www.victoriamedia.org\\\/ld\\\/\",\"name\":\"KAMERAT JA OPTISET LAITTEET\",\"description\":\"Kamerat Kiikarit ja optiset tarvikkeet\",\"publisher\":{\"@id\":\"https:\\\/\\\/www.victoriamedia.org\\\/ld\\\/#organization\"},\"potentialAction\":[{\"@type\":\"SearchAction\",\"target\":{\"@type\":\"EntryPoint\",\"urlTemplate\":\"https:\\\/\\\/www.victoriamedia.org\\\/ld\\\/?s={search_term_string}\"},\"query-input\":{\"@type\":\"PropertyValueSpecification\",\"valueRequired\":true,\"valueName\":\"search_term_string\"}}],\"inLanguage\":\"en-US\"},{\"@type\":\"Organization\",\"@id\":\"https:\\\/\\\/www.victoriamedia.org\\\/ld\\\/#organization\",\"name\":\"Victoria Media - Kamerauutiset\",\"url\":\"https:\\\/\\\/www.victoriamedia.org\\\/ld\\\/\",\"logo\":{\"@type\":\"ImageObject\",\"inLanguage\":\"en-US\",\"@id\":\"https:\\\/\\\/www.victoriamedia.org\\\/ld\\\/#\\\/schema\\\/logo\\\/image\\\/\",\"url\":\"https:\\\/\\\/www.victoriamedia.org\\\/ld\\\/wp-content\\\/uploads\\\/2022\\\/09\\\/292179098_555417722694101_2682724033383846896_n.png\",\"contentUrl\":\"https:\\\/\\\/www.victoriamedia.org\\\/ld\\\/wp-content\\\/uploads\\\/2022\\\/09\\\/292179098_555417722694101_2682724033383846896_n.png\",\"width\":215,\"height\":165,\"caption\":\"Victoria Media - Kamerauutiset\"},\"image\":{\"@id\":\"https:\\\/\\\/www.victoriamedia.org\\\/ld\\\/#\\\/schema\\\/logo\\\/image\\\/\"},\"sameAs\":[\"https:\\\/\\\/www.facebook.com\\\/victoriamedia\",\"https:\\\/\\\/x.com\\\/uutisparkki\"]},{\"@type\":\"Person\",\"@id\":\"https:\\\/\\\/www.victoriamedia.org\\\/ld\\\/#\\\/schema\\\/person\\\/a2e166f07bdda8a5ef0506501655c9ac\",\"name\":\"Kerttu Vali\",\"image\":{\"@type\":\"ImageObject\",\"inLanguage\":\"en-US\",\"@id\":\"https:\\\/\\\/secure.gravatar.com\\\/avatar\\\/62dbe1a847f655ad987c59fece23f885c4b0e7b06595c36d9597003852972217?s=96&d=mm&r=g\",\"url\":\"https:\\\/\\\/secure.gravatar.com\\\/avatar\\\/62dbe1a847f655ad987c59fece23f885c4b0e7b06595c36d9597003852972217?s=96&d=mm&r=g\",\"contentUrl\":\"https:\\\/\\\/secure.gravatar.com\\\/avatar\\\/62dbe1a847f655ad987c59fece23f885c4b0e7b06595c36d9597003852972217?s=96&d=mm&r=g\",\"caption\":\"Kerttu Vali\"},\"sameAs\":[\"http:\\\/\\\/www.victoriamedia.fi\\\/\"],\"url\":\"https:\\\/\\\/www.victoriamedia.org\\\/ld\\\/author\\\/kerttuvali\\\/\"}]}<\/script>\n<!-- \/ Yoast SEO plugin. -->","yoast_head_json":{"title":"Nikon paljastaa NIKKOR-perheen uusimman kruununjalokiven: AF-S NIKKOR 58mm f\/1.4G -objektiivin - KAMERAT JA OPTISET LAITTEET","robots":{"index":"index","follow":"follow","max-snippet":"max-snippet:-1","max-image-preview":"max-image-preview:large","max-video-preview":"max-video-preview:-1"},"canonical":"https:\/\/www.victoriamedia.org\/ld\/nikon-paljastaa-nikkor-perheen-uusimman-kruununjalokiven-af-s-nikkor-58mm-f1-4g-objektiivin\/","og_locale":"en_US","og_type":"article","og_title":"Nikon paljastaa NIKKOR-perheen uusimman kruununjalokiven: AF-S NIKKOR 58mm f\/1.4G -objektiivin - KAMERAT JA OPTISET LAITTEET","og_description":"Helsinki 17. lokakuuta 2013:\u00a0Nikon julkistaa t\u00e4n\u00e4\u00e4n uuden AF-S NIKKOR 58mm f\/1.4G -objektiivin. Kiinte\u00e4polttov\u00e4lisen FX-koon objektiivin kuvanlaatu rikkoo rajoja.\u00a0\u00a0Uusi erinomaiseen kuvanlaatuun t\u00e4ht\u00e4\u00e4v\u00e4 ja huolellisesti suunniteltu valovoimainen kiinte\u00e4polttov\u00e4linen objektiivi on t\u00e4ysin omaa luokkaansa. Suunnittelukonsepti on tuttu Nikonin legendaarisesta Noct-NIKKOR-objektiivista, mutta optinen rakenne on uusinta uutta, mik\u00e4 mahdollistaa erinomaisen ter\u00e4vyyden, kontrastin ja tarkkuuden. Objektiivissa on erinomainen erottelukyky, ihastuttava [&hellip;]","og_url":"https:\/\/www.victoriamedia.org\/ld\/nikon-paljastaa-nikkor-perheen-uusimman-kruununjalokiven-af-s-nikkor-58mm-f1-4g-objektiivin\/","og_site_name":"KAMERAT JA OPTISET LAITTEET","article_publisher":"https:\/\/www.facebook.com\/victoriamedia","article_published_time":"2013-10-17T09:57:45+00:00","og_image":[{"url":"http:\/\/www.victoriamedia.org\/ld\/wp-content\/uploads\/2013\/10\/3424841144.png","type":"","width":"","height":""}],"author":"Kerttu Vali","twitter_card":"summary_large_image","twitter_creator":"@uutisparkki","twitter_site":"@uutisparkki","twitter_misc":{"Written by":"Kerttu Vali","Est. reading time":"3 minutes"},"schema":{"@context":"https:\/\/schema.org","@graph":[{"@type":"Article","@id":"https:\/\/www.victoriamedia.org\/ld\/nikon-paljastaa-nikkor-perheen-uusimman-kruununjalokiven-af-s-nikkor-58mm-f1-4g-objektiivin\/#article","isPartOf":{"@id":"https:\/\/www.victoriamedia.org\/ld\/nikon-paljastaa-nikkor-perheen-uusimman-kruununjalokiven-af-s-nikkor-58mm-f1-4g-objektiivin\/"},"author":{"name":"Kerttu Vali","@id":"https:\/\/www.victoriamedia.org\/ld\/#\/schema\/person\/a2e166f07bdda8a5ef0506501655c9ac"},"headline":"Nikon paljastaa NIKKOR-perheen uusimman kruununjalokiven: AF-S NIKKOR 58mm f\/1.4G -objektiivin","datePublished":"2013-10-17T09:57:45+00:00","mainEntityOfPage":{"@id":"https:\/\/www.victoriamedia.org\/ld\/nikon-paljastaa-nikkor-perheen-uusimman-kruununjalokiven-af-s-nikkor-58mm-f1-4g-objektiivin\/"},"wordCount":569,"publisher":{"@id":"https:\/\/www.victoriamedia.org\/ld\/#organization"},"image":{"@id":"https:\/\/www.victoriamedia.org\/ld\/nikon-paljastaa-nikkor-perheen-uusimman-kruununjalokiven-af-s-nikkor-58mm-f1-4g-objektiivin\/#primaryimage"},"thumbnailUrl":"http:\/\/www.victoriamedia.org\/ld\/wp-content\/uploads\/2013\/10\/3424841144.png","articleSection":["Objektiivit"],"inLanguage":"en-US"},{"@type":"WebPage","@id":"https:\/\/www.victoriamedia.org\/ld\/nikon-paljastaa-nikkor-perheen-uusimman-kruununjalokiven-af-s-nikkor-58mm-f1-4g-objektiivin\/","url":"https:\/\/www.victoriamedia.org\/ld\/nikon-paljastaa-nikkor-perheen-uusimman-kruununjalokiven-af-s-nikkor-58mm-f1-4g-objektiivin\/","name":"Nikon paljastaa NIKKOR-perheen uusimman kruununjalokiven: AF-S NIKKOR 58mm f\/1.4G -objektiivin - KAMERAT JA OPTISET LAITTEET","isPartOf":{"@id":"https:\/\/www.victoriamedia.org\/ld\/#website"},"primaryImageOfPage":{"@id":"https:\/\/www.victoriamedia.org\/ld\/nikon-paljastaa-nikkor-perheen-uusimman-kruununjalokiven-af-s-nikkor-58mm-f1-4g-objektiivin\/#primaryimage"},"image":{"@id":"https:\/\/www.victoriamedia.org\/ld\/nikon-paljastaa-nikkor-perheen-uusimman-kruununjalokiven-af-s-nikkor-58mm-f1-4g-objektiivin\/#primaryimage"},"thumbnailUrl":"http:\/\/www.victoriamedia.org\/ld\/wp-content\/uploads\/2013\/10\/3424841144.png","datePublished":"2013-10-17T09:57:45+00:00","breadcrumb":{"@id":"https:\/\/www.victoriamedia.org\/ld\/nikon-paljastaa-nikkor-perheen-uusimman-kruununjalokiven-af-s-nikkor-58mm-f1-4g-objektiivin\/#breadcrumb"},"inLanguage":"en-US","potentialAction":[{"@type":"ReadAction","target":["https:\/\/www.victoriamedia.org\/ld\/nikon-paljastaa-nikkor-perheen-uusimman-kruununjalokiven-af-s-nikkor-58mm-f1-4g-objektiivin\/"]}]},{"@type":"ImageObject","inLanguage":"en-US","@id":"https:\/\/www.victoriamedia.org\/ld\/nikon-paljastaa-nikkor-perheen-uusimman-kruununjalokiven-af-s-nikkor-58mm-f1-4g-objektiivin\/#primaryimage","url":"https:\/\/www.victoriamedia.org\/ld\/wp-content\/uploads\/2013\/10\/3424841144.png","contentUrl":"https:\/\/www.victoriamedia.org\/ld\/wp-content\/uploads\/2013\/10\/3424841144.png","width":235,"height":200},{"@type":"BreadcrumbList","@id":"https:\/\/www.victoriamedia.org\/ld\/nikon-paljastaa-nikkor-perheen-uusimman-kruununjalokiven-af-s-nikkor-58mm-f1-4g-objektiivin\/#breadcrumb","itemListElement":[{"@type":"ListItem","position":1,"name":"Home","item":"https:\/\/www.victoriamedia.org\/ld\/"},{"@type":"ListItem","position":2,"name":"Nikon paljastaa NIKKOR-perheen uusimman kruununjalokiven: AF-S NIKKOR 58mm f\/1.4G -objektiivin"}]},{"@type":"WebSite","@id":"https:\/\/www.victoriamedia.org\/ld\/#website","url":"https:\/\/www.victoriamedia.org\/ld\/","name":"KAMERAT JA OPTISET LAITTEET","description":"Kamerat Kiikarit ja optiset tarvikkeet","publisher":{"@id":"https:\/\/www.victoriamedia.org\/ld\/#organization"},"potentialAction":[{"@type":"SearchAction","target":{"@type":"EntryPoint","urlTemplate":"https:\/\/www.victoriamedia.org\/ld\/?s={search_term_string}"},"query-input":{"@type":"PropertyValueSpecification","valueRequired":true,"valueName":"search_term_string"}}],"inLanguage":"en-US"},{"@type":"Organization","@id":"https:\/\/www.victoriamedia.org\/ld\/#organization","name":"Victoria Media - Kamerauutiset","url":"https:\/\/www.victoriamedia.org\/ld\/","logo":{"@type":"ImageObject","inLanguage":"en-US","@id":"https:\/\/www.victoriamedia.org\/ld\/#\/schema\/logo\/image\/","url":"https:\/\/www.victoriamedia.org\/ld\/wp-content\/uploads\/2022\/09\/292179098_555417722694101_2682724033383846896_n.png","contentUrl":"https:\/\/www.victoriamedia.org\/ld\/wp-content\/uploads\/2022\/09\/292179098_555417722694101_2682724033383846896_n.png","width":215,"height":165,"caption":"Victoria Media - Kamerauutiset"},"image":{"@id":"https:\/\/www.victoriamedia.org\/ld\/#\/schema\/logo\/image\/"},"sameAs":["https:\/\/www.facebook.com\/victoriamedia","https:\/\/x.com\/uutisparkki"]},{"@type":"Person","@id":"https:\/\/www.victoriamedia.org\/ld\/#\/schema\/person\/a2e166f07bdda8a5ef0506501655c9ac","name":"Kerttu Vali","image":{"@type":"ImageObject","inLanguage":"en-US","@id":"https:\/\/secure.gravatar.com\/avatar\/62dbe1a847f655ad987c59fece23f885c4b0e7b06595c36d9597003852972217?s=96&d=mm&r=g","url":"https:\/\/secure.gravatar.com\/avatar\/62dbe1a847f655ad987c59fece23f885c4b0e7b06595c36d9597003852972217?s=96&d=mm&r=g","contentUrl":"https:\/\/secure.gravatar.com\/avatar\/62dbe1a847f655ad987c59fece23f885c4b0e7b06595c36d9597003852972217?s=96&d=mm&r=g","caption":"Kerttu Vali"},"sameAs":["http:\/\/www.victoriamedia.fi\/"],"url":"https:\/\/www.victoriamedia.org\/ld\/author\/kerttuvali\/"}]}},"_links":{"self":[{"href":"https:\/\/www.victoriamedia.org\/ld\/wp-json\/wp\/v2\/posts\/221","targetHints":{"allow":["GET"]}}],"collection":[{"href":"https:\/\/www.victoriamedia.org\/ld\/wp-json\/wp\/v2\/posts"}],"about":[{"href":"https:\/\/www.victoriamedia.org\/ld\/wp-json\/wp\/v2\/types\/post"}],"author":[{"embeddable":true,"href":"https:\/\/www.victoriamedia.org\/ld\/wp-json\/wp\/v2\/users\/1"}],"replies":[{"embeddable":true,"href":"https:\/\/www.victoriamedia.org\/ld\/wp-json\/wp\/v2\/comments?post=221"}],"version-history":[{"count":1,"href":"https:\/\/www.victoriamedia.org\/ld\/wp-json\/wp\/v2\/posts\/221\/revisions"}],"predecessor-version":[{"id":223,"href":"https:\/\/www.victoriamedia.org\/ld\/wp-json\/wp\/v2\/posts\/221\/revisions\/223"}],"wp:attachment":[{"href":"https:\/\/www.victoriamedia.org\/ld\/wp-json\/wp\/v2\/media?parent=221"}],"wp:term":[{"taxonomy":"category","embeddable":true,"href":"https:\/\/www.victoriamedia.org\/ld\/wp-json\/wp\/v2\/categories?post=221"},{"taxonomy":"post_tag","embeddable":true,"href":"https:\/\/www.victoriamedia.org\/ld\/wp-json\/wp\/v2\/tags?post=221"}],"curies":[{"name":"wp","href":"https:\/\/api.w.org\/{rel}","templated":true}]}}