{"id":204,"date":"2013-09-19T14:01:17","date_gmt":"2013-09-19T14:01:17","guid":{"rendered":"http:\/\/www.victoriamedia.org\/ld\/?p=204"},"modified":"2013-09-19T14:01:34","modified_gmt":"2013-09-19T14:01:34","slug":"fujifilm-x-a1-uusi-kompakti-jarjestelmakamera-fujifilmilta","status":"publish","type":"post","link":"https:\/\/www.victoriamedia.org\/ld\/fujifilm-x-a1-uusi-kompakti-jarjestelmakamera-fujifilmilta\/","title":{"rendered":"FUJIFILM X-A1 \u2013 Uusi kompakti j\u00e4rjestelm\u00e4kamera FUJIFILMilt\u00e4"},"content":{"rendered":"<p><a href=\"http:\/\/www.victoriamedia.org\/ld\/wp-content\/uploads\/2013\/09\/ujepu6w1abofo9xctjsq.jpg\"><img loading=\"lazy\" decoding=\"async\" class=\"alignnone  wp-image-205\" alt=\"ujepu6w1abofo9xctjsq\" src=\"http:\/\/www.victoriamedia.org\/ld\/wp-content\/uploads\/2013\/09\/ujepu6w1abofo9xctjsq.jpg\" width=\"560\" height=\"374\" srcset=\"https:\/\/www.victoriamedia.org\/ld\/wp-content\/uploads\/2013\/09\/ujepu6w1abofo9xctjsq.jpg 700w, https:\/\/www.victoriamedia.org\/ld\/wp-content\/uploads\/2013\/09\/ujepu6w1abofo9xctjsq-300x200.jpg 300w\" sizes=\"auto, (max-width: 560px) 100vw, 560px\" \/><\/a><\/p>\n<p><strong>Uudessa FUJIFILM X-A1:ssa on sama kompakti tunne ja kevyt paino kuin \u00e4skett\u00e4in julkaistussa FUJIFILM X-M1:ss\u00e4, mutta\u00a016.3\u00a0megapikselin bayer-tyyppinen APS-C CMOS -kuvakenno.<\/strong><\/p>\n<p>X-A1:ss\u00e4 on suuri, kallistettava 3 tuuman LCD-n\u00e4ytt\u00f6 (920 000 pistett\u00e4), sis\u00e4\u00e4nrakennettu salama ja lis\u00e4tarvikekenk\u00e4. Kamerassa on erityinen nappi, josta p\u00e4\u00e4see nopeasti Full HD -videokuvaukseen ja useaan luovaan kuvatehosteeseen (edistyneiseen filttereihin ja filmisimulointiin) ja langaton kuvansiirto \u00e4lypuhelimiin, tabletteihin ja PC:hin.<\/p>\n<p>Uusi EXR-Processor II tekee kamerasta nopean k\u00e4sittelyss\u00e4, k\u00e4ynnistyksess\u00e4 ja sarjakuvauksessa (5,6 kuvaa\/s), ja fiksun menunapin Q(quick) asettelun ansiosta kameran kaikkiin toimintoihin ja asetuksiin p\u00e4\u00e4see helposti .<\/p>\n<p>Yhdess\u00e4 X-A1:n kanssa julkaistaan my\u00f6s uusi teleobjektiivi, XC50-230mm F4.5-6.7 OIS. Objektiivin voimakas zoomi ja sis\u00e4\u00e4nrakennettu kuvanvakain mahdollistaa tarkkojen kuvien saamisen kaukanakin olevista kohteista. FUJIFILMin j\u00e4rjestelm\u00e4kameroiden X-sarjaan sopivia linssej\u00e4 on jo ennest\u00e4\u00e4n 9 kappaletta, 6 kiinte\u00e4\u00e4 ja 3 zoomobjektiivi\u00e4.<\/p>\n<p>FUJIFILM X-A1 tulee saataville syksyn aikana. Hinta ilmoitetaan my\u00f6hemmin.<\/p>\n<p><strong>Toiminnot:<\/strong><\/p>\n<p>&#8211; 16.3 megapikselin APS-C CMOS -kenno<br \/>\n&#8211; EXR Processor II<br \/>\n&#8211; Nopea k\u00e4ynnistys (0.5s pikatilassa), 0.05 s suljinviive ja<br \/>\nsarjakuvaus jopa 5,6 kuvaa\/s<br \/>\n&#8211; Kompakti ja kevyt kamerarunko (vain 330g)<br \/>\n&#8211; Kallistettava 3 tuuman LCD-n\u00e4ytt\u00f6 (920 000 pistett\u00e4)<br \/>\n&#8211; Sis\u00e4\u00e4nrakennettu salama FUJIFILM Super i-Flash -tekniikalla<br \/>\n&#8211; Full HD -videokuvaus 30p<br \/>\n&#8211; Luovia efektej\u00e4: 8 edistynytt\u00e4 filtteri\u00e4 ja 5 eri filmisimulointia<br \/>\n&#8211; Raw-kehitys suoraan kamerassa<br \/>\n&#8211; Q (quick) menu \u2013 nopea p\u00e4\u00e4sy tavallisimpiin asetuksiin<br \/>\n&#8211; Lis\u00e4tarvikekenk\u00e4 esim. ulkoiselle salamalle<br \/>\n&#8211; Langaton kuvansiirto \u00e4lypuhelimiin, tabletteihin ja PC:hin<br \/>\n&#8211; Langaton varmuuskopiointi PC:hen ja Mac:iin (OS X ver.10.6 &#8211; 10.8)<br \/>\n&#8211; Saatavana v\u00e4reiss\u00e4 musta, sininen ja punainen<\/p>\n","protected":false},"excerpt":{"rendered":"<p>Uudessa FUJIFILM X-A1:ssa on sama kompakti tunne ja kevyt paino kuin \u00e4skett\u00e4in julkaistussa FUJIFILM X-M1:ss\u00e4, mutta\u00a016.3\u00a0megapikselin bayer-tyyppinen APS-C CMOS -kuvakenno. X-A1:ss\u00e4 on suuri, kallistettava 3 tuuman LCD-n\u00e4ytt\u00f6 (920 000 pistett\u00e4), sis\u00e4\u00e4nrakennettu salama ja lis\u00e4tarvikekenk\u00e4. Kamerassa on erityinen nappi, josta p\u00e4\u00e4see nopeasti Full HD -videokuvaukseen ja useaan luovaan kuvatehosteeseen (edistyneiseen filttereihin ja filmisimulointiin) ja langaton kuvansiirto [&hellip;]<\/p>\n","protected":false},"author":1,"featured_media":0,"comment_status":"closed","ping_status":"open","sticky":false,"template":"","format":"standard","meta":{"footnotes":""},"categories":[24],"tags":[],"class_list":["post-204","post","type-post","status-publish","format-standard","hentry","category-kamerat"],"yoast_head":"<!-- This site is optimized with the Yoast SEO plugin v27.5 - https:\/\/yoast.com\/product\/yoast-seo-wordpress\/ -->\n<title>FUJIFILM X-A1 \u2013 Uusi kompakti j\u00e4rjestelm\u00e4kamera FUJIFILMilt\u00e4 - KAMERAT JA OPTISET LAITTEET<\/title>\n<meta name=\"robots\" content=\"index, follow, max-snippet:-1, max-image-preview:large, max-video-preview:-1\" \/>\n<link rel=\"canonical\" href=\"https:\/\/www.victoriamedia.org\/ld\/fujifilm-x-a1-uusi-kompakti-jarjestelmakamera-fujifilmilta\/\" \/>\n<meta property=\"og:locale\" content=\"en_US\" \/>\n<meta property=\"og:type\" content=\"article\" \/>\n<meta property=\"og:title\" content=\"FUJIFILM X-A1 \u2013 Uusi kompakti j\u00e4rjestelm\u00e4kamera FUJIFILMilt\u00e4 - KAMERAT JA OPTISET LAITTEET\" \/>\n<meta property=\"og:description\" content=\"Uudessa FUJIFILM X-A1:ssa on sama kompakti tunne ja kevyt paino kuin \u00e4skett\u00e4in julkaistussa FUJIFILM X-M1:ss\u00e4, mutta\u00a016.3\u00a0megapikselin bayer-tyyppinen APS-C CMOS -kuvakenno. X-A1:ss\u00e4 on suuri, kallistettava 3 tuuman LCD-n\u00e4ytt\u00f6 (920 000 pistett\u00e4), sis\u00e4\u00e4nrakennettu salama ja lis\u00e4tarvikekenk\u00e4. Kamerassa on erityinen nappi, josta p\u00e4\u00e4see nopeasti Full HD -videokuvaukseen ja useaan luovaan kuvatehosteeseen (edistyneiseen filttereihin ja filmisimulointiin) ja langaton kuvansiirto [&hellip;]\" \/>\n<meta property=\"og:url\" content=\"https:\/\/www.victoriamedia.org\/ld\/fujifilm-x-a1-uusi-kompakti-jarjestelmakamera-fujifilmilta\/\" \/>\n<meta property=\"og:site_name\" content=\"KAMERAT JA OPTISET LAITTEET\" \/>\n<meta property=\"article:publisher\" content=\"https:\/\/www.facebook.com\/victoriamedia\" \/>\n<meta property=\"article:published_time\" content=\"2013-09-19T14:01:17+00:00\" \/>\n<meta property=\"article:modified_time\" content=\"2013-09-19T14:01:34+00:00\" \/>\n<meta property=\"og:image\" content=\"http:\/\/www.victoriamedia.org\/ld\/wp-content\/uploads\/2013\/09\/ujepu6w1abofo9xctjsq.jpg\" \/>\n<meta name=\"author\" content=\"Kerttu Vali\" \/>\n<meta name=\"twitter:card\" content=\"summary_large_image\" \/>\n<meta name=\"twitter:creator\" content=\"@uutisparkki\" \/>\n<meta name=\"twitter:site\" content=\"@uutisparkki\" \/>\n<meta name=\"twitter:label1\" content=\"Written by\" \/>\n\t<meta name=\"twitter:data1\" content=\"Kerttu Vali\" \/>\n\t<meta name=\"twitter:label2\" content=\"Est. reading time\" \/>\n\t<meta name=\"twitter:data2\" content=\"1 minute\" \/>\n<script type=\"application\/ld+json\" class=\"yoast-schema-graph\">{\"@context\":\"https:\\\/\\\/schema.org\",\"@graph\":[{\"@type\":\"Article\",\"@id\":\"https:\\\/\\\/www.victoriamedia.org\\\/ld\\\/fujifilm-x-a1-uusi-kompakti-jarjestelmakamera-fujifilmilta\\\/#article\",\"isPartOf\":{\"@id\":\"https:\\\/\\\/www.victoriamedia.org\\\/ld\\\/fujifilm-x-a1-uusi-kompakti-jarjestelmakamera-fujifilmilta\\\/\"},\"author\":{\"name\":\"Kerttu Vali\",\"@id\":\"https:\\\/\\\/www.victoriamedia.org\\\/ld\\\/#\\\/schema\\\/person\\\/a2e166f07bdda8a5ef0506501655c9ac\"},\"headline\":\"FUJIFILM X-A1 \u2013 Uusi kompakti j\u00e4rjestelm\u00e4kamera FUJIFILMilt\u00e4\",\"datePublished\":\"2013-09-19T14:01:17+00:00\",\"dateModified\":\"2013-09-19T14:01:34+00:00\",\"mainEntityOfPage\":{\"@id\":\"https:\\\/\\\/www.victoriamedia.org\\\/ld\\\/fujifilm-x-a1-uusi-kompakti-jarjestelmakamera-fujifilmilta\\\/\"},\"wordCount\":261,\"publisher\":{\"@id\":\"https:\\\/\\\/www.victoriamedia.org\\\/ld\\\/#organization\"},\"image\":{\"@id\":\"https:\\\/\\\/www.victoriamedia.org\\\/ld\\\/fujifilm-x-a1-uusi-kompakti-jarjestelmakamera-fujifilmilta\\\/#primaryimage\"},\"thumbnailUrl\":\"http:\\\/\\\/www.victoriamedia.org\\\/ld\\\/wp-content\\\/uploads\\\/2013\\\/09\\\/ujepu6w1abofo9xctjsq.jpg\",\"articleSection\":[\"Kamerat\"],\"inLanguage\":\"en-US\"},{\"@type\":\"WebPage\",\"@id\":\"https:\\\/\\\/www.victoriamedia.org\\\/ld\\\/fujifilm-x-a1-uusi-kompakti-jarjestelmakamera-fujifilmilta\\\/\",\"url\":\"https:\\\/\\\/www.victoriamedia.org\\\/ld\\\/fujifilm-x-a1-uusi-kompakti-jarjestelmakamera-fujifilmilta\\\/\",\"name\":\"FUJIFILM X-A1 \u2013 Uusi kompakti j\u00e4rjestelm\u00e4kamera FUJIFILMilt\u00e4 - KAMERAT JA OPTISET LAITTEET\",\"isPartOf\":{\"@id\":\"https:\\\/\\\/www.victoriamedia.org\\\/ld\\\/#website\"},\"primaryImageOfPage\":{\"@id\":\"https:\\\/\\\/www.victoriamedia.org\\\/ld\\\/fujifilm-x-a1-uusi-kompakti-jarjestelmakamera-fujifilmilta\\\/#primaryimage\"},\"image\":{\"@id\":\"https:\\\/\\\/www.victoriamedia.org\\\/ld\\\/fujifilm-x-a1-uusi-kompakti-jarjestelmakamera-fujifilmilta\\\/#primaryimage\"},\"thumbnailUrl\":\"http:\\\/\\\/www.victoriamedia.org\\\/ld\\\/wp-content\\\/uploads\\\/2013\\\/09\\\/ujepu6w1abofo9xctjsq.jpg\",\"datePublished\":\"2013-09-19T14:01:17+00:00\",\"dateModified\":\"2013-09-19T14:01:34+00:00\",\"breadcrumb\":{\"@id\":\"https:\\\/\\\/www.victoriamedia.org\\\/ld\\\/fujifilm-x-a1-uusi-kompakti-jarjestelmakamera-fujifilmilta\\\/#breadcrumb\"},\"inLanguage\":\"en-US\",\"potentialAction\":[{\"@type\":\"ReadAction\",\"target\":[\"https:\\\/\\\/www.victoriamedia.org\\\/ld\\\/fujifilm-x-a1-uusi-kompakti-jarjestelmakamera-fujifilmilta\\\/\"]}]},{\"@type\":\"ImageObject\",\"inLanguage\":\"en-US\",\"@id\":\"https:\\\/\\\/www.victoriamedia.org\\\/ld\\\/fujifilm-x-a1-uusi-kompakti-jarjestelmakamera-fujifilmilta\\\/#primaryimage\",\"url\":\"https:\\\/\\\/www.victoriamedia.org\\\/ld\\\/wp-content\\\/uploads\\\/2013\\\/09\\\/ujepu6w1abofo9xctjsq.jpg\",\"contentUrl\":\"https:\\\/\\\/www.victoriamedia.org\\\/ld\\\/wp-content\\\/uploads\\\/2013\\\/09\\\/ujepu6w1abofo9xctjsq.jpg\",\"width\":700,\"height\":468},{\"@type\":\"BreadcrumbList\",\"@id\":\"https:\\\/\\\/www.victoriamedia.org\\\/ld\\\/fujifilm-x-a1-uusi-kompakti-jarjestelmakamera-fujifilmilta\\\/#breadcrumb\",\"itemListElement\":[{\"@type\":\"ListItem\",\"position\":1,\"name\":\"Home\",\"item\":\"https:\\\/\\\/www.victoriamedia.org\\\/ld\\\/\"},{\"@type\":\"ListItem\",\"position\":2,\"name\":\"FUJIFILM X-A1 \u2013 Uusi kompakti j\u00e4rjestelm\u00e4kamera FUJIFILMilt\u00e4\"}]},{\"@type\":\"WebSite\",\"@id\":\"https:\\\/\\\/www.victoriamedia.org\\\/ld\\\/#website\",\"url\":\"https:\\\/\\\/www.victoriamedia.org\\\/ld\\\/\",\"name\":\"KAMERAT JA OPTISET LAITTEET\",\"description\":\"Kamerat Kiikarit ja optiset tarvikkeet\",\"publisher\":{\"@id\":\"https:\\\/\\\/www.victoriamedia.org\\\/ld\\\/#organization\"},\"potentialAction\":[{\"@type\":\"SearchAction\",\"target\":{\"@type\":\"EntryPoint\",\"urlTemplate\":\"https:\\\/\\\/www.victoriamedia.org\\\/ld\\\/?s={search_term_string}\"},\"query-input\":{\"@type\":\"PropertyValueSpecification\",\"valueRequired\":true,\"valueName\":\"search_term_string\"}}],\"inLanguage\":\"en-US\"},{\"@type\":\"Organization\",\"@id\":\"https:\\\/\\\/www.victoriamedia.org\\\/ld\\\/#organization\",\"name\":\"Victoria Media - Kamerauutiset\",\"url\":\"https:\\\/\\\/www.victoriamedia.org\\\/ld\\\/\",\"logo\":{\"@type\":\"ImageObject\",\"inLanguage\":\"en-US\",\"@id\":\"https:\\\/\\\/www.victoriamedia.org\\\/ld\\\/#\\\/schema\\\/logo\\\/image\\\/\",\"url\":\"https:\\\/\\\/www.victoriamedia.org\\\/ld\\\/wp-content\\\/uploads\\\/2022\\\/09\\\/292179098_555417722694101_2682724033383846896_n.png\",\"contentUrl\":\"https:\\\/\\\/www.victoriamedia.org\\\/ld\\\/wp-content\\\/uploads\\\/2022\\\/09\\\/292179098_555417722694101_2682724033383846896_n.png\",\"width\":215,\"height\":165,\"caption\":\"Victoria Media - Kamerauutiset\"},\"image\":{\"@id\":\"https:\\\/\\\/www.victoriamedia.org\\\/ld\\\/#\\\/schema\\\/logo\\\/image\\\/\"},\"sameAs\":[\"https:\\\/\\\/www.facebook.com\\\/victoriamedia\",\"https:\\\/\\\/x.com\\\/uutisparkki\"]},{\"@type\":\"Person\",\"@id\":\"https:\\\/\\\/www.victoriamedia.org\\\/ld\\\/#\\\/schema\\\/person\\\/a2e166f07bdda8a5ef0506501655c9ac\",\"name\":\"Kerttu Vali\",\"image\":{\"@type\":\"ImageObject\",\"inLanguage\":\"en-US\",\"@id\":\"https:\\\/\\\/secure.gravatar.com\\\/avatar\\\/62dbe1a847f655ad987c59fece23f885c4b0e7b06595c36d9597003852972217?s=96&d=mm&r=g\",\"url\":\"https:\\\/\\\/secure.gravatar.com\\\/avatar\\\/62dbe1a847f655ad987c59fece23f885c4b0e7b06595c36d9597003852972217?s=96&d=mm&r=g\",\"contentUrl\":\"https:\\\/\\\/secure.gravatar.com\\\/avatar\\\/62dbe1a847f655ad987c59fece23f885c4b0e7b06595c36d9597003852972217?s=96&d=mm&r=g\",\"caption\":\"Kerttu Vali\"},\"sameAs\":[\"http:\\\/\\\/www.victoriamedia.fi\\\/\"],\"url\":\"https:\\\/\\\/www.victoriamedia.org\\\/ld\\\/author\\\/kerttuvali\\\/\"}]}<\/script>\n<!-- \/ Yoast SEO plugin. -->","yoast_head_json":{"title":"FUJIFILM X-A1 \u2013 Uusi kompakti j\u00e4rjestelm\u00e4kamera FUJIFILMilt\u00e4 - KAMERAT JA OPTISET LAITTEET","robots":{"index":"index","follow":"follow","max-snippet":"max-snippet:-1","max-image-preview":"max-image-preview:large","max-video-preview":"max-video-preview:-1"},"canonical":"https:\/\/www.victoriamedia.org\/ld\/fujifilm-x-a1-uusi-kompakti-jarjestelmakamera-fujifilmilta\/","og_locale":"en_US","og_type":"article","og_title":"FUJIFILM X-A1 \u2013 Uusi kompakti j\u00e4rjestelm\u00e4kamera FUJIFILMilt\u00e4 - KAMERAT JA OPTISET LAITTEET","og_description":"Uudessa FUJIFILM X-A1:ssa on sama kompakti tunne ja kevyt paino kuin \u00e4skett\u00e4in julkaistussa FUJIFILM X-M1:ss\u00e4, mutta\u00a016.3\u00a0megapikselin bayer-tyyppinen APS-C CMOS -kuvakenno. X-A1:ss\u00e4 on suuri, kallistettava 3 tuuman LCD-n\u00e4ytt\u00f6 (920 000 pistett\u00e4), sis\u00e4\u00e4nrakennettu salama ja lis\u00e4tarvikekenk\u00e4. Kamerassa on erityinen nappi, josta p\u00e4\u00e4see nopeasti Full HD -videokuvaukseen ja useaan luovaan kuvatehosteeseen (edistyneiseen filttereihin ja filmisimulointiin) ja langaton kuvansiirto [&hellip;]","og_url":"https:\/\/www.victoriamedia.org\/ld\/fujifilm-x-a1-uusi-kompakti-jarjestelmakamera-fujifilmilta\/","og_site_name":"KAMERAT JA OPTISET LAITTEET","article_publisher":"https:\/\/www.facebook.com\/victoriamedia","article_published_time":"2013-09-19T14:01:17+00:00","article_modified_time":"2013-09-19T14:01:34+00:00","og_image":[{"url":"http:\/\/www.victoriamedia.org\/ld\/wp-content\/uploads\/2013\/09\/ujepu6w1abofo9xctjsq.jpg","type":"","width":"","height":""}],"author":"Kerttu Vali","twitter_card":"summary_large_image","twitter_creator":"@uutisparkki","twitter_site":"@uutisparkki","twitter_misc":{"Written by":"Kerttu Vali","Est. reading time":"1 minute"},"schema":{"@context":"https:\/\/schema.org","@graph":[{"@type":"Article","@id":"https:\/\/www.victoriamedia.org\/ld\/fujifilm-x-a1-uusi-kompakti-jarjestelmakamera-fujifilmilta\/#article","isPartOf":{"@id":"https:\/\/www.victoriamedia.org\/ld\/fujifilm-x-a1-uusi-kompakti-jarjestelmakamera-fujifilmilta\/"},"author":{"name":"Kerttu Vali","@id":"https:\/\/www.victoriamedia.org\/ld\/#\/schema\/person\/a2e166f07bdda8a5ef0506501655c9ac"},"headline":"FUJIFILM X-A1 \u2013 Uusi kompakti j\u00e4rjestelm\u00e4kamera FUJIFILMilt\u00e4","datePublished":"2013-09-19T14:01:17+00:00","dateModified":"2013-09-19T14:01:34+00:00","mainEntityOfPage":{"@id":"https:\/\/www.victoriamedia.org\/ld\/fujifilm-x-a1-uusi-kompakti-jarjestelmakamera-fujifilmilta\/"},"wordCount":261,"publisher":{"@id":"https:\/\/www.victoriamedia.org\/ld\/#organization"},"image":{"@id":"https:\/\/www.victoriamedia.org\/ld\/fujifilm-x-a1-uusi-kompakti-jarjestelmakamera-fujifilmilta\/#primaryimage"},"thumbnailUrl":"http:\/\/www.victoriamedia.org\/ld\/wp-content\/uploads\/2013\/09\/ujepu6w1abofo9xctjsq.jpg","articleSection":["Kamerat"],"inLanguage":"en-US"},{"@type":"WebPage","@id":"https:\/\/www.victoriamedia.org\/ld\/fujifilm-x-a1-uusi-kompakti-jarjestelmakamera-fujifilmilta\/","url":"https:\/\/www.victoriamedia.org\/ld\/fujifilm-x-a1-uusi-kompakti-jarjestelmakamera-fujifilmilta\/","name":"FUJIFILM X-A1 \u2013 Uusi kompakti j\u00e4rjestelm\u00e4kamera FUJIFILMilt\u00e4 - KAMERAT JA OPTISET LAITTEET","isPartOf":{"@id":"https:\/\/www.victoriamedia.org\/ld\/#website"},"primaryImageOfPage":{"@id":"https:\/\/www.victoriamedia.org\/ld\/fujifilm-x-a1-uusi-kompakti-jarjestelmakamera-fujifilmilta\/#primaryimage"},"image":{"@id":"https:\/\/www.victoriamedia.org\/ld\/fujifilm-x-a1-uusi-kompakti-jarjestelmakamera-fujifilmilta\/#primaryimage"},"thumbnailUrl":"http:\/\/www.victoriamedia.org\/ld\/wp-content\/uploads\/2013\/09\/ujepu6w1abofo9xctjsq.jpg","datePublished":"2013-09-19T14:01:17+00:00","dateModified":"2013-09-19T14:01:34+00:00","breadcrumb":{"@id":"https:\/\/www.victoriamedia.org\/ld\/fujifilm-x-a1-uusi-kompakti-jarjestelmakamera-fujifilmilta\/#breadcrumb"},"inLanguage":"en-US","potentialAction":[{"@type":"ReadAction","target":["https:\/\/www.victoriamedia.org\/ld\/fujifilm-x-a1-uusi-kompakti-jarjestelmakamera-fujifilmilta\/"]}]},{"@type":"ImageObject","inLanguage":"en-US","@id":"https:\/\/www.victoriamedia.org\/ld\/fujifilm-x-a1-uusi-kompakti-jarjestelmakamera-fujifilmilta\/#primaryimage","url":"https:\/\/www.victoriamedia.org\/ld\/wp-content\/uploads\/2013\/09\/ujepu6w1abofo9xctjsq.jpg","contentUrl":"https:\/\/www.victoriamedia.org\/ld\/wp-content\/uploads\/2013\/09\/ujepu6w1abofo9xctjsq.jpg","width":700,"height":468},{"@type":"BreadcrumbList","@id":"https:\/\/www.victoriamedia.org\/ld\/fujifilm-x-a1-uusi-kompakti-jarjestelmakamera-fujifilmilta\/#breadcrumb","itemListElement":[{"@type":"ListItem","position":1,"name":"Home","item":"https:\/\/www.victoriamedia.org\/ld\/"},{"@type":"ListItem","position":2,"name":"FUJIFILM X-A1 \u2013 Uusi kompakti j\u00e4rjestelm\u00e4kamera FUJIFILMilt\u00e4"}]},{"@type":"WebSite","@id":"https:\/\/www.victoriamedia.org\/ld\/#website","url":"https:\/\/www.victoriamedia.org\/ld\/","name":"KAMERAT JA OPTISET LAITTEET","description":"Kamerat Kiikarit ja optiset tarvikkeet","publisher":{"@id":"https:\/\/www.victoriamedia.org\/ld\/#organization"},"potentialAction":[{"@type":"SearchAction","target":{"@type":"EntryPoint","urlTemplate":"https:\/\/www.victoriamedia.org\/ld\/?s={search_term_string}"},"query-input":{"@type":"PropertyValueSpecification","valueRequired":true,"valueName":"search_term_string"}}],"inLanguage":"en-US"},{"@type":"Organization","@id":"https:\/\/www.victoriamedia.org\/ld\/#organization","name":"Victoria Media - Kamerauutiset","url":"https:\/\/www.victoriamedia.org\/ld\/","logo":{"@type":"ImageObject","inLanguage":"en-US","@id":"https:\/\/www.victoriamedia.org\/ld\/#\/schema\/logo\/image\/","url":"https:\/\/www.victoriamedia.org\/ld\/wp-content\/uploads\/2022\/09\/292179098_555417722694101_2682724033383846896_n.png","contentUrl":"https:\/\/www.victoriamedia.org\/ld\/wp-content\/uploads\/2022\/09\/292179098_555417722694101_2682724033383846896_n.png","width":215,"height":165,"caption":"Victoria Media - Kamerauutiset"},"image":{"@id":"https:\/\/www.victoriamedia.org\/ld\/#\/schema\/logo\/image\/"},"sameAs":["https:\/\/www.facebook.com\/victoriamedia","https:\/\/x.com\/uutisparkki"]},{"@type":"Person","@id":"https:\/\/www.victoriamedia.org\/ld\/#\/schema\/person\/a2e166f07bdda8a5ef0506501655c9ac","name":"Kerttu Vali","image":{"@type":"ImageObject","inLanguage":"en-US","@id":"https:\/\/secure.gravatar.com\/avatar\/62dbe1a847f655ad987c59fece23f885c4b0e7b06595c36d9597003852972217?s=96&d=mm&r=g","url":"https:\/\/secure.gravatar.com\/avatar\/62dbe1a847f655ad987c59fece23f885c4b0e7b06595c36d9597003852972217?s=96&d=mm&r=g","contentUrl":"https:\/\/secure.gravatar.com\/avatar\/62dbe1a847f655ad987c59fece23f885c4b0e7b06595c36d9597003852972217?s=96&d=mm&r=g","caption":"Kerttu Vali"},"sameAs":["http:\/\/www.victoriamedia.fi\/"],"url":"https:\/\/www.victoriamedia.org\/ld\/author\/kerttuvali\/"}]}},"_links":{"self":[{"href":"https:\/\/www.victoriamedia.org\/ld\/wp-json\/wp\/v2\/posts\/204","targetHints":{"allow":["GET"]}}],"collection":[{"href":"https:\/\/www.victoriamedia.org\/ld\/wp-json\/wp\/v2\/posts"}],"about":[{"href":"https:\/\/www.victoriamedia.org\/ld\/wp-json\/wp\/v2\/types\/post"}],"author":[{"embeddable":true,"href":"https:\/\/www.victoriamedia.org\/ld\/wp-json\/wp\/v2\/users\/1"}],"replies":[{"embeddable":true,"href":"https:\/\/www.victoriamedia.org\/ld\/wp-json\/wp\/v2\/comments?post=204"}],"version-history":[{"count":2,"href":"https:\/\/www.victoriamedia.org\/ld\/wp-json\/wp\/v2\/posts\/204\/revisions"}],"predecessor-version":[{"id":207,"href":"https:\/\/www.victoriamedia.org\/ld\/wp-json\/wp\/v2\/posts\/204\/revisions\/207"}],"wp:attachment":[{"href":"https:\/\/www.victoriamedia.org\/ld\/wp-json\/wp\/v2\/media?parent=204"}],"wp:term":[{"taxonomy":"category","embeddable":true,"href":"https:\/\/www.victoriamedia.org\/ld\/wp-json\/wp\/v2\/categories?post=204"},{"taxonomy":"post_tag","embeddable":true,"href":"https:\/\/www.victoriamedia.org\/ld\/wp-json\/wp\/v2\/tags?post=204"}],"curies":[{"name":"wp","href":"https:\/\/api.w.org\/{rel}","templated":true}]}}