{"id":192,"date":"2013-09-05T14:02:23","date_gmt":"2013-09-05T14:02:23","guid":{"rendered":"http:\/\/www.victoriamedia.org\/ld\/?p=192"},"modified":"2013-09-05T14:02:36","modified_gmt":"2013-09-05T14:02:36","slug":"ifolorille-uusi-suomen-toimitusjohtaja","status":"publish","type":"post","link":"https:\/\/www.victoriamedia.org\/ld\/ifolorille-uusi-suomen-toimitusjohtaja\/","title":{"rendered":"Ifolorille uusi Suomen toimitusjohtaja"},"content":{"rendered":"<p><a href=\"http:\/\/www.victoriamedia.org\/ld\/wp-content\/uploads\/2013\/09\/bee28d877b32c10d_800x800ar.jpg\"><img loading=\"lazy\" decoding=\"async\" class=\"alignnone size-medium wp-image-193\" alt=\"bee28d877b32c10d_800x800ar\" src=\"http:\/\/www.victoriamedia.org\/ld\/wp-content\/uploads\/2013\/09\/bee28d877b32c10d_800x800ar-229x300.jpg\" width=\"229\" height=\"300\" srcset=\"https:\/\/www.victoriamedia.org\/ld\/wp-content\/uploads\/2013\/09\/bee28d877b32c10d_800x800ar-229x300.jpg 229w, https:\/\/www.victoriamedia.org\/ld\/wp-content\/uploads\/2013\/09\/bee28d877b32c10d_800x800ar.jpg 611w\" sizes=\"auto, (max-width: 229px) 100vw, 229px\" \/><\/a><\/p>\n<p><em><strong>Leena Lamminen<\/strong><\/em><\/p>\n<p><strong>Suomen suosituin yksil\u00f6it\u00e4vien kuvatuotteiden verkkokauppa Ifolor panostaa kotimaiseen tuotantoon ja pohjoismaiseen kasvuun.<\/strong><\/p>\n<p>Ifolor Oy:n toimitusjohtajana on toukokuussa 2013 aloittanut\u00a0<strong>Leena Lamminen<\/strong>. Lamminen on pitk\u00e4n linjan ifolorilainen ja h\u00e4n on ollut mukana rakentamassa Ifolorista yksil\u00f6it\u00e4vien kuvatuotteiden markkinajohtajaa vuodesta 2006 Ifolorin talousjohtajana.<\/p>\n<p>\u201dOlemme onnistuneet muuttamaan toimintaamme markkinamurroksen keskell\u00e4 hyvin menestyksekk\u00e4\u00e4sti ja samalla luoneet Suomeen vahvan verkkobr\u00e4ndin. Kes\u00e4n aikana olemme uudistaneet organisaatiotamme vahvistaaksemme pohjoismaista kasvua\u201d, kertoo Ifolorin uusi toimitusjohtaja Lamminen.<\/p>\n<p>Pohjoismaiden kasvun varmistamiseksi Ifolorin uutena markkina-aluejohtajana on 1.8. aloittanut\u00a0<strong>Pekka Ketonen<\/strong>.<\/p>\n<p>\u201dOn hienoa p\u00e4\u00e4st\u00e4 osaksi yht\u00e4 suomalaisen verkkokaupan suurinta menestystarinaa. Meill\u00e4 on jo nyt varsin hyv\u00e4 jalansija etenkin Ruotsin markkinoilla ja nyt p\u00e4\u00e4semme keskittym\u00e4\u00e4n sen kasvattamiseen Suomen veroiseksi\u201d, sanoo Ketonen, jolla on aiempaa kokemusta digitaalisen liiketoiminnan kehitt\u00e4misest\u00e4 ja markkinoinnista Sanoma News Oy:ssa sek\u00e4 El Clasificado Inc. Los Angelesissa.<\/p>\n<p>Muita uusia nimityksi\u00e4 Ifolorissa on Suomen markkinointijohtaja\u00a0<strong>Pirjo Luostari<\/strong>\u00a0ja\u00a0<strong>Maiju Kupiainen<\/strong>, joka vastaa Ifolorin verkkopalvelutiimist\u00e4. Luostari ja Kupiainen ovat molemmat toimineet aiemmin Ifolorissa vastaavissa teht\u00e4viss\u00e4.<\/p>\n<p>\u201dMeill\u00e4 on erinomainen joukkue koossa ja tavoitteena on yksiselitteisesti kasvaa toimialan vahvimmaksi koko Pohjoismaiden talousalueella\u201d, toteaa Lamminen.<\/p>\n","protected":false},"excerpt":{"rendered":"<p>Leena Lamminen Suomen suosituin yksil\u00f6it\u00e4vien kuvatuotteiden verkkokauppa Ifolor panostaa kotimaiseen tuotantoon ja pohjoismaiseen kasvuun. Ifolor Oy:n toimitusjohtajana on toukokuussa 2013 aloittanut\u00a0Leena Lamminen. Lamminen on pitk\u00e4n linjan ifolorilainen ja h\u00e4n on ollut mukana rakentamassa Ifolorista yksil\u00f6it\u00e4vien kuvatuotteiden markkinajohtajaa vuodesta 2006 Ifolorin talousjohtajana. \u201dOlemme onnistuneet muuttamaan toimintaamme markkinamurroksen keskell\u00e4 hyvin menestyksekk\u00e4\u00e4sti ja samalla luoneet Suomeen vahvan verkkobr\u00e4ndin. [&hellip;]<\/p>\n","protected":false},"author":1,"featured_media":0,"comment_status":"closed","ping_status":"open","sticky":false,"template":"","format":"standard","meta":{"footnotes":""},"categories":[33],"tags":[],"class_list":["post-192","post","type-post","status-publish","format-standard","hentry","category-nimitykset"],"yoast_head":"<!-- This site is optimized with the Yoast SEO plugin v27.5 - https:\/\/yoast.com\/product\/yoast-seo-wordpress\/ -->\n<title>Ifolorille uusi Suomen toimitusjohtaja - KAMERAT JA OPTISET LAITTEET<\/title>\n<meta name=\"robots\" content=\"index, follow, max-snippet:-1, max-image-preview:large, max-video-preview:-1\" \/>\n<link rel=\"canonical\" href=\"https:\/\/www.victoriamedia.org\/ld\/ifolorille-uusi-suomen-toimitusjohtaja\/\" \/>\n<meta property=\"og:locale\" content=\"en_US\" \/>\n<meta property=\"og:type\" content=\"article\" \/>\n<meta property=\"og:title\" content=\"Ifolorille uusi Suomen toimitusjohtaja - KAMERAT JA OPTISET LAITTEET\" \/>\n<meta property=\"og:description\" content=\"Leena Lamminen Suomen suosituin yksil\u00f6it\u00e4vien kuvatuotteiden verkkokauppa Ifolor panostaa kotimaiseen tuotantoon ja pohjoismaiseen kasvuun. Ifolor Oy:n toimitusjohtajana on toukokuussa 2013 aloittanut\u00a0Leena Lamminen. Lamminen on pitk\u00e4n linjan ifolorilainen ja h\u00e4n on ollut mukana rakentamassa Ifolorista yksil\u00f6it\u00e4vien kuvatuotteiden markkinajohtajaa vuodesta 2006 Ifolorin talousjohtajana. \u201dOlemme onnistuneet muuttamaan toimintaamme markkinamurroksen keskell\u00e4 hyvin menestyksekk\u00e4\u00e4sti ja samalla luoneet Suomeen vahvan verkkobr\u00e4ndin. [&hellip;]\" \/>\n<meta property=\"og:url\" content=\"https:\/\/www.victoriamedia.org\/ld\/ifolorille-uusi-suomen-toimitusjohtaja\/\" \/>\n<meta property=\"og:site_name\" content=\"KAMERAT JA OPTISET LAITTEET\" \/>\n<meta property=\"article:publisher\" content=\"https:\/\/www.facebook.com\/victoriamedia\" \/>\n<meta property=\"article:published_time\" content=\"2013-09-05T14:02:23+00:00\" \/>\n<meta property=\"article:modified_time\" content=\"2013-09-05T14:02:36+00:00\" \/>\n<meta property=\"og:image\" content=\"http:\/\/www.victoriamedia.org\/ld\/wp-content\/uploads\/2013\/09\/bee28d877b32c10d_800x800ar-229x300.jpg\" \/>\n<meta name=\"author\" content=\"Kerttu Vali\" \/>\n<meta name=\"twitter:card\" content=\"summary_large_image\" \/>\n<meta name=\"twitter:creator\" content=\"@uutisparkki\" \/>\n<meta name=\"twitter:site\" content=\"@uutisparkki\" \/>\n<meta name=\"twitter:label1\" content=\"Written by\" \/>\n\t<meta name=\"twitter:data1\" content=\"Kerttu Vali\" \/>\n\t<meta name=\"twitter:label2\" content=\"Est. reading time\" \/>\n\t<meta name=\"twitter:data2\" content=\"1 minute\" \/>\n<script type=\"application\/ld+json\" class=\"yoast-schema-graph\">{\"@context\":\"https:\\\/\\\/schema.org\",\"@graph\":[{\"@type\":\"Article\",\"@id\":\"https:\\\/\\\/www.victoriamedia.org\\\/ld\\\/ifolorille-uusi-suomen-toimitusjohtaja\\\/#article\",\"isPartOf\":{\"@id\":\"https:\\\/\\\/www.victoriamedia.org\\\/ld\\\/ifolorille-uusi-suomen-toimitusjohtaja\\\/\"},\"author\":{\"name\":\"Kerttu Vali\",\"@id\":\"https:\\\/\\\/www.victoriamedia.org\\\/ld\\\/#\\\/schema\\\/person\\\/a2e166f07bdda8a5ef0506501655c9ac\"},\"headline\":\"Ifolorille uusi Suomen toimitusjohtaja\",\"datePublished\":\"2013-09-05T14:02:23+00:00\",\"dateModified\":\"2013-09-05T14:02:36+00:00\",\"mainEntityOfPage\":{\"@id\":\"https:\\\/\\\/www.victoriamedia.org\\\/ld\\\/ifolorille-uusi-suomen-toimitusjohtaja\\\/\"},\"wordCount\":187,\"publisher\":{\"@id\":\"https:\\\/\\\/www.victoriamedia.org\\\/ld\\\/#organization\"},\"image\":{\"@id\":\"https:\\\/\\\/www.victoriamedia.org\\\/ld\\\/ifolorille-uusi-suomen-toimitusjohtaja\\\/#primaryimage\"},\"thumbnailUrl\":\"http:\\\/\\\/www.victoriamedia.org\\\/ld\\\/wp-content\\\/uploads\\\/2013\\\/09\\\/bee28d877b32c10d_800x800ar-229x300.jpg\",\"articleSection\":[\"Nimitykset\"],\"inLanguage\":\"en-US\"},{\"@type\":\"WebPage\",\"@id\":\"https:\\\/\\\/www.victoriamedia.org\\\/ld\\\/ifolorille-uusi-suomen-toimitusjohtaja\\\/\",\"url\":\"https:\\\/\\\/www.victoriamedia.org\\\/ld\\\/ifolorille-uusi-suomen-toimitusjohtaja\\\/\",\"name\":\"Ifolorille uusi Suomen toimitusjohtaja - KAMERAT JA OPTISET LAITTEET\",\"isPartOf\":{\"@id\":\"https:\\\/\\\/www.victoriamedia.org\\\/ld\\\/#website\"},\"primaryImageOfPage\":{\"@id\":\"https:\\\/\\\/www.victoriamedia.org\\\/ld\\\/ifolorille-uusi-suomen-toimitusjohtaja\\\/#primaryimage\"},\"image\":{\"@id\":\"https:\\\/\\\/www.victoriamedia.org\\\/ld\\\/ifolorille-uusi-suomen-toimitusjohtaja\\\/#primaryimage\"},\"thumbnailUrl\":\"http:\\\/\\\/www.victoriamedia.org\\\/ld\\\/wp-content\\\/uploads\\\/2013\\\/09\\\/bee28d877b32c10d_800x800ar-229x300.jpg\",\"datePublished\":\"2013-09-05T14:02:23+00:00\",\"dateModified\":\"2013-09-05T14:02:36+00:00\",\"breadcrumb\":{\"@id\":\"https:\\\/\\\/www.victoriamedia.org\\\/ld\\\/ifolorille-uusi-suomen-toimitusjohtaja\\\/#breadcrumb\"},\"inLanguage\":\"en-US\",\"potentialAction\":[{\"@type\":\"ReadAction\",\"target\":[\"https:\\\/\\\/www.victoriamedia.org\\\/ld\\\/ifolorille-uusi-suomen-toimitusjohtaja\\\/\"]}]},{\"@type\":\"ImageObject\",\"inLanguage\":\"en-US\",\"@id\":\"https:\\\/\\\/www.victoriamedia.org\\\/ld\\\/ifolorille-uusi-suomen-toimitusjohtaja\\\/#primaryimage\",\"url\":\"https:\\\/\\\/www.victoriamedia.org\\\/ld\\\/wp-content\\\/uploads\\\/2013\\\/09\\\/bee28d877b32c10d_800x800ar.jpg\",\"contentUrl\":\"https:\\\/\\\/www.victoriamedia.org\\\/ld\\\/wp-content\\\/uploads\\\/2013\\\/09\\\/bee28d877b32c10d_800x800ar.jpg\",\"width\":611,\"height\":800},{\"@type\":\"BreadcrumbList\",\"@id\":\"https:\\\/\\\/www.victoriamedia.org\\\/ld\\\/ifolorille-uusi-suomen-toimitusjohtaja\\\/#breadcrumb\",\"itemListElement\":[{\"@type\":\"ListItem\",\"position\":1,\"name\":\"Home\",\"item\":\"https:\\\/\\\/www.victoriamedia.org\\\/ld\\\/\"},{\"@type\":\"ListItem\",\"position\":2,\"name\":\"Ifolorille uusi Suomen toimitusjohtaja\"}]},{\"@type\":\"WebSite\",\"@id\":\"https:\\\/\\\/www.victoriamedia.org\\\/ld\\\/#website\",\"url\":\"https:\\\/\\\/www.victoriamedia.org\\\/ld\\\/\",\"name\":\"KAMERAT JA OPTISET LAITTEET\",\"description\":\"Kamerat Kiikarit ja optiset tarvikkeet\",\"publisher\":{\"@id\":\"https:\\\/\\\/www.victoriamedia.org\\\/ld\\\/#organization\"},\"potentialAction\":[{\"@type\":\"SearchAction\",\"target\":{\"@type\":\"EntryPoint\",\"urlTemplate\":\"https:\\\/\\\/www.victoriamedia.org\\\/ld\\\/?s={search_term_string}\"},\"query-input\":{\"@type\":\"PropertyValueSpecification\",\"valueRequired\":true,\"valueName\":\"search_term_string\"}}],\"inLanguage\":\"en-US\"},{\"@type\":\"Organization\",\"@id\":\"https:\\\/\\\/www.victoriamedia.org\\\/ld\\\/#organization\",\"name\":\"Victoria Media - Kamerauutiset\",\"url\":\"https:\\\/\\\/www.victoriamedia.org\\\/ld\\\/\",\"logo\":{\"@type\":\"ImageObject\",\"inLanguage\":\"en-US\",\"@id\":\"https:\\\/\\\/www.victoriamedia.org\\\/ld\\\/#\\\/schema\\\/logo\\\/image\\\/\",\"url\":\"https:\\\/\\\/www.victoriamedia.org\\\/ld\\\/wp-content\\\/uploads\\\/2022\\\/09\\\/292179098_555417722694101_2682724033383846896_n.png\",\"contentUrl\":\"https:\\\/\\\/www.victoriamedia.org\\\/ld\\\/wp-content\\\/uploads\\\/2022\\\/09\\\/292179098_555417722694101_2682724033383846896_n.png\",\"width\":215,\"height\":165,\"caption\":\"Victoria Media - Kamerauutiset\"},\"image\":{\"@id\":\"https:\\\/\\\/www.victoriamedia.org\\\/ld\\\/#\\\/schema\\\/logo\\\/image\\\/\"},\"sameAs\":[\"https:\\\/\\\/www.facebook.com\\\/victoriamedia\",\"https:\\\/\\\/x.com\\\/uutisparkki\"]},{\"@type\":\"Person\",\"@id\":\"https:\\\/\\\/www.victoriamedia.org\\\/ld\\\/#\\\/schema\\\/person\\\/a2e166f07bdda8a5ef0506501655c9ac\",\"name\":\"Kerttu Vali\",\"image\":{\"@type\":\"ImageObject\",\"inLanguage\":\"en-US\",\"@id\":\"https:\\\/\\\/secure.gravatar.com\\\/avatar\\\/62dbe1a847f655ad987c59fece23f885c4b0e7b06595c36d9597003852972217?s=96&d=mm&r=g\",\"url\":\"https:\\\/\\\/secure.gravatar.com\\\/avatar\\\/62dbe1a847f655ad987c59fece23f885c4b0e7b06595c36d9597003852972217?s=96&d=mm&r=g\",\"contentUrl\":\"https:\\\/\\\/secure.gravatar.com\\\/avatar\\\/62dbe1a847f655ad987c59fece23f885c4b0e7b06595c36d9597003852972217?s=96&d=mm&r=g\",\"caption\":\"Kerttu Vali\"},\"sameAs\":[\"http:\\\/\\\/www.victoriamedia.fi\\\/\"],\"url\":\"https:\\\/\\\/www.victoriamedia.org\\\/ld\\\/author\\\/kerttuvali\\\/\"}]}<\/script>\n<!-- \/ Yoast SEO plugin. -->","yoast_head_json":{"title":"Ifolorille uusi Suomen toimitusjohtaja - KAMERAT JA OPTISET LAITTEET","robots":{"index":"index","follow":"follow","max-snippet":"max-snippet:-1","max-image-preview":"max-image-preview:large","max-video-preview":"max-video-preview:-1"},"canonical":"https:\/\/www.victoriamedia.org\/ld\/ifolorille-uusi-suomen-toimitusjohtaja\/","og_locale":"en_US","og_type":"article","og_title":"Ifolorille uusi Suomen toimitusjohtaja - KAMERAT JA OPTISET LAITTEET","og_description":"Leena Lamminen Suomen suosituin yksil\u00f6it\u00e4vien kuvatuotteiden verkkokauppa Ifolor panostaa kotimaiseen tuotantoon ja pohjoismaiseen kasvuun. Ifolor Oy:n toimitusjohtajana on toukokuussa 2013 aloittanut\u00a0Leena Lamminen. Lamminen on pitk\u00e4n linjan ifolorilainen ja h\u00e4n on ollut mukana rakentamassa Ifolorista yksil\u00f6it\u00e4vien kuvatuotteiden markkinajohtajaa vuodesta 2006 Ifolorin talousjohtajana. \u201dOlemme onnistuneet muuttamaan toimintaamme markkinamurroksen keskell\u00e4 hyvin menestyksekk\u00e4\u00e4sti ja samalla luoneet Suomeen vahvan verkkobr\u00e4ndin. [&hellip;]","og_url":"https:\/\/www.victoriamedia.org\/ld\/ifolorille-uusi-suomen-toimitusjohtaja\/","og_site_name":"KAMERAT JA OPTISET LAITTEET","article_publisher":"https:\/\/www.facebook.com\/victoriamedia","article_published_time":"2013-09-05T14:02:23+00:00","article_modified_time":"2013-09-05T14:02:36+00:00","og_image":[{"url":"http:\/\/www.victoriamedia.org\/ld\/wp-content\/uploads\/2013\/09\/bee28d877b32c10d_800x800ar-229x300.jpg","type":"","width":"","height":""}],"author":"Kerttu Vali","twitter_card":"summary_large_image","twitter_creator":"@uutisparkki","twitter_site":"@uutisparkki","twitter_misc":{"Written by":"Kerttu Vali","Est. reading time":"1 minute"},"schema":{"@context":"https:\/\/schema.org","@graph":[{"@type":"Article","@id":"https:\/\/www.victoriamedia.org\/ld\/ifolorille-uusi-suomen-toimitusjohtaja\/#article","isPartOf":{"@id":"https:\/\/www.victoriamedia.org\/ld\/ifolorille-uusi-suomen-toimitusjohtaja\/"},"author":{"name":"Kerttu Vali","@id":"https:\/\/www.victoriamedia.org\/ld\/#\/schema\/person\/a2e166f07bdda8a5ef0506501655c9ac"},"headline":"Ifolorille uusi Suomen toimitusjohtaja","datePublished":"2013-09-05T14:02:23+00:00","dateModified":"2013-09-05T14:02:36+00:00","mainEntityOfPage":{"@id":"https:\/\/www.victoriamedia.org\/ld\/ifolorille-uusi-suomen-toimitusjohtaja\/"},"wordCount":187,"publisher":{"@id":"https:\/\/www.victoriamedia.org\/ld\/#organization"},"image":{"@id":"https:\/\/www.victoriamedia.org\/ld\/ifolorille-uusi-suomen-toimitusjohtaja\/#primaryimage"},"thumbnailUrl":"http:\/\/www.victoriamedia.org\/ld\/wp-content\/uploads\/2013\/09\/bee28d877b32c10d_800x800ar-229x300.jpg","articleSection":["Nimitykset"],"inLanguage":"en-US"},{"@type":"WebPage","@id":"https:\/\/www.victoriamedia.org\/ld\/ifolorille-uusi-suomen-toimitusjohtaja\/","url":"https:\/\/www.victoriamedia.org\/ld\/ifolorille-uusi-suomen-toimitusjohtaja\/","name":"Ifolorille uusi Suomen toimitusjohtaja - KAMERAT JA OPTISET LAITTEET","isPartOf":{"@id":"https:\/\/www.victoriamedia.org\/ld\/#website"},"primaryImageOfPage":{"@id":"https:\/\/www.victoriamedia.org\/ld\/ifolorille-uusi-suomen-toimitusjohtaja\/#primaryimage"},"image":{"@id":"https:\/\/www.victoriamedia.org\/ld\/ifolorille-uusi-suomen-toimitusjohtaja\/#primaryimage"},"thumbnailUrl":"http:\/\/www.victoriamedia.org\/ld\/wp-content\/uploads\/2013\/09\/bee28d877b32c10d_800x800ar-229x300.jpg","datePublished":"2013-09-05T14:02:23+00:00","dateModified":"2013-09-05T14:02:36+00:00","breadcrumb":{"@id":"https:\/\/www.victoriamedia.org\/ld\/ifolorille-uusi-suomen-toimitusjohtaja\/#breadcrumb"},"inLanguage":"en-US","potentialAction":[{"@type":"ReadAction","target":["https:\/\/www.victoriamedia.org\/ld\/ifolorille-uusi-suomen-toimitusjohtaja\/"]}]},{"@type":"ImageObject","inLanguage":"en-US","@id":"https:\/\/www.victoriamedia.org\/ld\/ifolorille-uusi-suomen-toimitusjohtaja\/#primaryimage","url":"https:\/\/www.victoriamedia.org\/ld\/wp-content\/uploads\/2013\/09\/bee28d877b32c10d_800x800ar.jpg","contentUrl":"https:\/\/www.victoriamedia.org\/ld\/wp-content\/uploads\/2013\/09\/bee28d877b32c10d_800x800ar.jpg","width":611,"height":800},{"@type":"BreadcrumbList","@id":"https:\/\/www.victoriamedia.org\/ld\/ifolorille-uusi-suomen-toimitusjohtaja\/#breadcrumb","itemListElement":[{"@type":"ListItem","position":1,"name":"Home","item":"https:\/\/www.victoriamedia.org\/ld\/"},{"@type":"ListItem","position":2,"name":"Ifolorille uusi Suomen toimitusjohtaja"}]},{"@type":"WebSite","@id":"https:\/\/www.victoriamedia.org\/ld\/#website","url":"https:\/\/www.victoriamedia.org\/ld\/","name":"KAMERAT JA OPTISET LAITTEET","description":"Kamerat Kiikarit ja optiset tarvikkeet","publisher":{"@id":"https:\/\/www.victoriamedia.org\/ld\/#organization"},"potentialAction":[{"@type":"SearchAction","target":{"@type":"EntryPoint","urlTemplate":"https:\/\/www.victoriamedia.org\/ld\/?s={search_term_string}"},"query-input":{"@type":"PropertyValueSpecification","valueRequired":true,"valueName":"search_term_string"}}],"inLanguage":"en-US"},{"@type":"Organization","@id":"https:\/\/www.victoriamedia.org\/ld\/#organization","name":"Victoria Media - Kamerauutiset","url":"https:\/\/www.victoriamedia.org\/ld\/","logo":{"@type":"ImageObject","inLanguage":"en-US","@id":"https:\/\/www.victoriamedia.org\/ld\/#\/schema\/logo\/image\/","url":"https:\/\/www.victoriamedia.org\/ld\/wp-content\/uploads\/2022\/09\/292179098_555417722694101_2682724033383846896_n.png","contentUrl":"https:\/\/www.victoriamedia.org\/ld\/wp-content\/uploads\/2022\/09\/292179098_555417722694101_2682724033383846896_n.png","width":215,"height":165,"caption":"Victoria Media - Kamerauutiset"},"image":{"@id":"https:\/\/www.victoriamedia.org\/ld\/#\/schema\/logo\/image\/"},"sameAs":["https:\/\/www.facebook.com\/victoriamedia","https:\/\/x.com\/uutisparkki"]},{"@type":"Person","@id":"https:\/\/www.victoriamedia.org\/ld\/#\/schema\/person\/a2e166f07bdda8a5ef0506501655c9ac","name":"Kerttu Vali","image":{"@type":"ImageObject","inLanguage":"en-US","@id":"https:\/\/secure.gravatar.com\/avatar\/62dbe1a847f655ad987c59fece23f885c4b0e7b06595c36d9597003852972217?s=96&d=mm&r=g","url":"https:\/\/secure.gravatar.com\/avatar\/62dbe1a847f655ad987c59fece23f885c4b0e7b06595c36d9597003852972217?s=96&d=mm&r=g","contentUrl":"https:\/\/secure.gravatar.com\/avatar\/62dbe1a847f655ad987c59fece23f885c4b0e7b06595c36d9597003852972217?s=96&d=mm&r=g","caption":"Kerttu Vali"},"sameAs":["http:\/\/www.victoriamedia.fi\/"],"url":"https:\/\/www.victoriamedia.org\/ld\/author\/kerttuvali\/"}]}},"_links":{"self":[{"href":"https:\/\/www.victoriamedia.org\/ld\/wp-json\/wp\/v2\/posts\/192","targetHints":{"allow":["GET"]}}],"collection":[{"href":"https:\/\/www.victoriamedia.org\/ld\/wp-json\/wp\/v2\/posts"}],"about":[{"href":"https:\/\/www.victoriamedia.org\/ld\/wp-json\/wp\/v2\/types\/post"}],"author":[{"embeddable":true,"href":"https:\/\/www.victoriamedia.org\/ld\/wp-json\/wp\/v2\/users\/1"}],"replies":[{"embeddable":true,"href":"https:\/\/www.victoriamedia.org\/ld\/wp-json\/wp\/v2\/comments?post=192"}],"version-history":[{"count":2,"href":"https:\/\/www.victoriamedia.org\/ld\/wp-json\/wp\/v2\/posts\/192\/revisions"}],"predecessor-version":[{"id":195,"href":"https:\/\/www.victoriamedia.org\/ld\/wp-json\/wp\/v2\/posts\/192\/revisions\/195"}],"wp:attachment":[{"href":"https:\/\/www.victoriamedia.org\/ld\/wp-json\/wp\/v2\/media?parent=192"}],"wp:term":[{"taxonomy":"category","embeddable":true,"href":"https:\/\/www.victoriamedia.org\/ld\/wp-json\/wp\/v2\/categories?post=192"},{"taxonomy":"post_tag","embeddable":true,"href":"https:\/\/www.victoriamedia.org\/ld\/wp-json\/wp\/v2\/tags?post=192"}],"curies":[{"name":"wp","href":"https:\/\/api.w.org\/{rel}","templated":true}]}}