{"id":190,"date":"2013-09-02T14:22:25","date_gmt":"2013-09-02T14:22:25","guid":{"rendered":"http:\/\/www.victoriamedia.org\/ld\/?p=190"},"modified":"2013-09-02T14:22:25","modified_gmt":"2013-09-02T14:22:25","slug":"vaikuta-ja-vakuuta-kuvillasi-metro-photo-challenge-valokuvauskilpailu-on-jalleen-taalla","status":"publish","type":"post","link":"https:\/\/www.victoriamedia.org\/ld\/vaikuta-ja-vakuuta-kuvillasi-metro-photo-challenge-valokuvauskilpailu-on-jalleen-taalla\/","title":{"rendered":"Vaikuta ja vakuuta kuvillasi \u2013 Metro Photo Challenge -valokuvauskilpailu on j\u00e4lleen t\u00e4\u00e4ll\u00e4"},"content":{"rendered":"<p>Kamerat valmiiksi! Metron laajaa tunnustusta saanut valokuvauskilpailu, Metro Photo Challenge, k\u00e4ynnistyy j\u00e4lleen. Maailman suurin valokuvauskilpailu kokoaa yhteen niin ammattilaiset kuin valokuvauksen harrastajat eri puolilta maailmaa.<\/p>\n<p>T\u00e4m\u00e4n vuoden teemana valokuvaajat haastetaan aistimaan maailmaa ymp\u00e4rill\u00e4\u00e4n entist\u00e4 laajemmin, ikuistamaan kameroillaan my\u00f6s makuja ja kosketuksia.<\/p>\n<p><code><iframe loading=\"lazy\" src=\"\/\/www.youtube.com\/embed\/d4YvQkfVo20\" height=\"360\" width=\"480\" allowfullscreen=\"\" frameborder=\"0\"><\/iframe><\/code><\/p>\n<p>Kilpailu tarjoaa osallistujille mahdollisuuden tavoittaa kuvillaan Metron 18 miljoonaa p\u00e4ivitt\u00e4ist\u00e4 lukijaa nelj\u00e4st\u00e4 maanosasta. Uutuutena mukana on kilpailun integrointi suosittuun Instagram-palveluun. My\u00f6s kilpailun verkkosivut osoitteessa metrophotochallenge.com ovat saaneet uuden ja entist\u00e4 paremman k\u00e4ytt\u00f6liittym\u00e4n.<\/p>\n<p>Vuoden 2012 kilpailuun osallistui 80 000 valokuvaajaa yhteens\u00e4 225 000 valokuvalla. Kilpailu voitti kaikkiaan yhdeks\u00e4n merkitt\u00e4v\u00e4\u00e4 kansainv\u00e4list\u00e4 markkinointialan palkintoa.<\/p>\n<p>\u201dKilpailun saama suosio ja lukijoidemme sitoutuminen kannustivat meit\u00e4 kehitt\u00e4m\u00e4\u00e4n kilpailua entist\u00e4 merkitt\u00e4v\u00e4mm\u00e4ksi. Siksi p\u00e4\u00e4palkintona on t\u00e4ll\u00e4 kertaa ainutlaatuinen kuvausmatka Ghanaan kilpailun yhteisty\u00f6kumppanina toimivan Reach for Change -hyv\u00e4ntekev\u00e4isyysj\u00e4rjest\u00f6n kanssa\u201d, kertoo Metro Internationalin markkinointijohtaja\u00a0<strong>Jeremy Bryant<\/strong>.<\/p>\n<p>Voittaja saa my\u00f6s my\u00f6hemmin Metrossa julkaistujen kuviensa avulla mahdollisuuden vaikuttaa koko maailman tietoisuuteen hyv\u00e4ntekev\u00e4isyysj\u00e4rjest\u00f6n toiminnasta lasten hyv\u00e4ksi.<\/p>\n<p>\u201dMutta ensin on vakuutettava arvovaltainen tuomaristomme \u2013 tervetuloa mukaan ja onnea matkaan!\u201d, Bryant toivottaa.<\/p>\n<p>Osallistu kilpailuun ja katso lis\u00e4tietoja osoitteesta\u00a0<a href=\"http:\/\/metrophotochallenge.com\/\">http:\/\/metrophotochallenge.com<\/a>.<\/p>\n<p><em>Metro on maailman suurin kansainv\u00e4lisesti ilmestyv\u00e4 uutislehti. Metroa julkaistaan yli 100 suurkaupungissa 23\u00a0maassa ymp\u00e4ri Eurooppaa, Pohjois- ja Etel\u00e4-Amerikkaa ja Aasiaa. Metro tavoittaa maailmanlaajuisesti ainutlaatuisen lukijakunnan, joka koostuu nuorista, aktiivisista ja hyvin koulutetuista kaupunkilaisista. Lehdell\u00e4 on yli 18 miljoonaa lukijaa p\u00e4ivitt\u00e4in. Suomessa Metrolla on nelj\u00e4nnesmiljoona lukijaa p\u00e4ivitt\u00e4in ja l\u00e4hes puoli miljoonaa eri lukijaa viikossa. Suomessa Metroa julkaisee Sanoma News.<\/em><\/p>\n","protected":false},"excerpt":{"rendered":"<p>Kamerat valmiiksi! Metron laajaa tunnustusta saanut valokuvauskilpailu, Metro Photo Challenge, k\u00e4ynnistyy j\u00e4lleen. Maailman suurin valokuvauskilpailu kokoaa yhteen niin ammattilaiset kuin valokuvauksen harrastajat eri puolilta maailmaa. T\u00e4m\u00e4n vuoden teemana valokuvaajat haastetaan aistimaan maailmaa ymp\u00e4rill\u00e4\u00e4n entist\u00e4 laajemmin, ikuistamaan kameroillaan my\u00f6s makuja ja kosketuksia. Kilpailu tarjoaa osallistujille mahdollisuuden tavoittaa kuvillaan Metron 18 miljoonaa p\u00e4ivitt\u00e4ist\u00e4 lukijaa nelj\u00e4st\u00e4 maanosasta. Uutuutena [&hellip;]<\/p>\n","protected":false},"author":1,"featured_media":0,"comment_status":"closed","ping_status":"open","sticky":false,"template":"","format":"standard","meta":{"footnotes":""},"categories":[27],"tags":[],"class_list":["post-190","post","type-post","status-publish","format-standard","hentry","category-kilpailut"],"yoast_head":"<!-- This site is optimized with the Yoast SEO plugin v27.5 - https:\/\/yoast.com\/product\/yoast-seo-wordpress\/ -->\n<title>Vaikuta ja vakuuta kuvillasi \u2013 Metro Photo Challenge -valokuvauskilpailu on j\u00e4lleen t\u00e4\u00e4ll\u00e4 - KAMERAT JA OPTISET LAITTEET<\/title>\n<meta name=\"robots\" content=\"index, follow, max-snippet:-1, max-image-preview:large, max-video-preview:-1\" \/>\n<link rel=\"canonical\" href=\"https:\/\/www.victoriamedia.org\/ld\/vaikuta-ja-vakuuta-kuvillasi-metro-photo-challenge-valokuvauskilpailu-on-jalleen-taalla\/\" \/>\n<meta property=\"og:locale\" content=\"en_US\" \/>\n<meta property=\"og:type\" content=\"article\" \/>\n<meta property=\"og:title\" content=\"Vaikuta ja vakuuta kuvillasi \u2013 Metro Photo Challenge -valokuvauskilpailu on j\u00e4lleen t\u00e4\u00e4ll\u00e4 - KAMERAT JA OPTISET LAITTEET\" \/>\n<meta property=\"og:description\" content=\"Kamerat valmiiksi! Metron laajaa tunnustusta saanut valokuvauskilpailu, Metro Photo Challenge, k\u00e4ynnistyy j\u00e4lleen. Maailman suurin valokuvauskilpailu kokoaa yhteen niin ammattilaiset kuin valokuvauksen harrastajat eri puolilta maailmaa. T\u00e4m\u00e4n vuoden teemana valokuvaajat haastetaan aistimaan maailmaa ymp\u00e4rill\u00e4\u00e4n entist\u00e4 laajemmin, ikuistamaan kameroillaan my\u00f6s makuja ja kosketuksia. Kilpailu tarjoaa osallistujille mahdollisuuden tavoittaa kuvillaan Metron 18 miljoonaa p\u00e4ivitt\u00e4ist\u00e4 lukijaa nelj\u00e4st\u00e4 maanosasta. Uutuutena [&hellip;]\" \/>\n<meta property=\"og:url\" content=\"https:\/\/www.victoriamedia.org\/ld\/vaikuta-ja-vakuuta-kuvillasi-metro-photo-challenge-valokuvauskilpailu-on-jalleen-taalla\/\" \/>\n<meta property=\"og:site_name\" content=\"KAMERAT JA OPTISET LAITTEET\" \/>\n<meta property=\"article:publisher\" content=\"https:\/\/www.facebook.com\/victoriamedia\" \/>\n<meta property=\"article:published_time\" content=\"2013-09-02T14:22:25+00:00\" \/>\n<meta name=\"author\" content=\"Kerttu Vali\" \/>\n<meta name=\"twitter:card\" content=\"summary_large_image\" \/>\n<meta name=\"twitter:creator\" content=\"@uutisparkki\" \/>\n<meta name=\"twitter:site\" content=\"@uutisparkki\" \/>\n<meta name=\"twitter:label1\" content=\"Written by\" \/>\n\t<meta name=\"twitter:data1\" content=\"Kerttu Vali\" \/>\n\t<meta name=\"twitter:label2\" content=\"Est. reading time\" \/>\n\t<meta name=\"twitter:data2\" content=\"1 minute\" \/>\n<script type=\"application\/ld+json\" class=\"yoast-schema-graph\">{\"@context\":\"https:\\\/\\\/schema.org\",\"@graph\":[{\"@type\":\"Article\",\"@id\":\"https:\\\/\\\/www.victoriamedia.org\\\/ld\\\/vaikuta-ja-vakuuta-kuvillasi-metro-photo-challenge-valokuvauskilpailu-on-jalleen-taalla\\\/#article\",\"isPartOf\":{\"@id\":\"https:\\\/\\\/www.victoriamedia.org\\\/ld\\\/vaikuta-ja-vakuuta-kuvillasi-metro-photo-challenge-valokuvauskilpailu-on-jalleen-taalla\\\/\"},\"author\":{\"name\":\"Kerttu Vali\",\"@id\":\"https:\\\/\\\/www.victoriamedia.org\\\/ld\\\/#\\\/schema\\\/person\\\/a2e166f07bdda8a5ef0506501655c9ac\"},\"headline\":\"Vaikuta ja vakuuta kuvillasi \u2013 Metro Photo Challenge -valokuvauskilpailu on j\u00e4lleen t\u00e4\u00e4ll\u00e4\",\"datePublished\":\"2013-09-02T14:22:25+00:00\",\"mainEntityOfPage\":{\"@id\":\"https:\\\/\\\/www.victoriamedia.org\\\/ld\\\/vaikuta-ja-vakuuta-kuvillasi-metro-photo-challenge-valokuvauskilpailu-on-jalleen-taalla\\\/\"},\"wordCount\":275,\"publisher\":{\"@id\":\"https:\\\/\\\/www.victoriamedia.org\\\/ld\\\/#organization\"},\"articleSection\":[\"Kilpailut\"],\"inLanguage\":\"en-US\"},{\"@type\":\"WebPage\",\"@id\":\"https:\\\/\\\/www.victoriamedia.org\\\/ld\\\/vaikuta-ja-vakuuta-kuvillasi-metro-photo-challenge-valokuvauskilpailu-on-jalleen-taalla\\\/\",\"url\":\"https:\\\/\\\/www.victoriamedia.org\\\/ld\\\/vaikuta-ja-vakuuta-kuvillasi-metro-photo-challenge-valokuvauskilpailu-on-jalleen-taalla\\\/\",\"name\":\"Vaikuta ja vakuuta kuvillasi \u2013 Metro Photo Challenge -valokuvauskilpailu on j\u00e4lleen t\u00e4\u00e4ll\u00e4 - KAMERAT JA OPTISET LAITTEET\",\"isPartOf\":{\"@id\":\"https:\\\/\\\/www.victoriamedia.org\\\/ld\\\/#website\"},\"datePublished\":\"2013-09-02T14:22:25+00:00\",\"breadcrumb\":{\"@id\":\"https:\\\/\\\/www.victoriamedia.org\\\/ld\\\/vaikuta-ja-vakuuta-kuvillasi-metro-photo-challenge-valokuvauskilpailu-on-jalleen-taalla\\\/#breadcrumb\"},\"inLanguage\":\"en-US\",\"potentialAction\":[{\"@type\":\"ReadAction\",\"target\":[\"https:\\\/\\\/www.victoriamedia.org\\\/ld\\\/vaikuta-ja-vakuuta-kuvillasi-metro-photo-challenge-valokuvauskilpailu-on-jalleen-taalla\\\/\"]}]},{\"@type\":\"BreadcrumbList\",\"@id\":\"https:\\\/\\\/www.victoriamedia.org\\\/ld\\\/vaikuta-ja-vakuuta-kuvillasi-metro-photo-challenge-valokuvauskilpailu-on-jalleen-taalla\\\/#breadcrumb\",\"itemListElement\":[{\"@type\":\"ListItem\",\"position\":1,\"name\":\"Home\",\"item\":\"https:\\\/\\\/www.victoriamedia.org\\\/ld\\\/\"},{\"@type\":\"ListItem\",\"position\":2,\"name\":\"Vaikuta ja vakuuta kuvillasi \u2013 Metro Photo Challenge -valokuvauskilpailu on j\u00e4lleen t\u00e4\u00e4ll\u00e4\"}]},{\"@type\":\"WebSite\",\"@id\":\"https:\\\/\\\/www.victoriamedia.org\\\/ld\\\/#website\",\"url\":\"https:\\\/\\\/www.victoriamedia.org\\\/ld\\\/\",\"name\":\"KAMERAT JA OPTISET LAITTEET\",\"description\":\"Kamerat Kiikarit ja optiset tarvikkeet\",\"publisher\":{\"@id\":\"https:\\\/\\\/www.victoriamedia.org\\\/ld\\\/#organization\"},\"potentialAction\":[{\"@type\":\"SearchAction\",\"target\":{\"@type\":\"EntryPoint\",\"urlTemplate\":\"https:\\\/\\\/www.victoriamedia.org\\\/ld\\\/?s={search_term_string}\"},\"query-input\":{\"@type\":\"PropertyValueSpecification\",\"valueRequired\":true,\"valueName\":\"search_term_string\"}}],\"inLanguage\":\"en-US\"},{\"@type\":\"Organization\",\"@id\":\"https:\\\/\\\/www.victoriamedia.org\\\/ld\\\/#organization\",\"name\":\"Victoria Media - Kamerauutiset\",\"url\":\"https:\\\/\\\/www.victoriamedia.org\\\/ld\\\/\",\"logo\":{\"@type\":\"ImageObject\",\"inLanguage\":\"en-US\",\"@id\":\"https:\\\/\\\/www.victoriamedia.org\\\/ld\\\/#\\\/schema\\\/logo\\\/image\\\/\",\"url\":\"https:\\\/\\\/www.victoriamedia.org\\\/ld\\\/wp-content\\\/uploads\\\/2022\\\/09\\\/292179098_555417722694101_2682724033383846896_n.png\",\"contentUrl\":\"https:\\\/\\\/www.victoriamedia.org\\\/ld\\\/wp-content\\\/uploads\\\/2022\\\/09\\\/292179098_555417722694101_2682724033383846896_n.png\",\"width\":215,\"height\":165,\"caption\":\"Victoria Media - Kamerauutiset\"},\"image\":{\"@id\":\"https:\\\/\\\/www.victoriamedia.org\\\/ld\\\/#\\\/schema\\\/logo\\\/image\\\/\"},\"sameAs\":[\"https:\\\/\\\/www.facebook.com\\\/victoriamedia\",\"https:\\\/\\\/x.com\\\/uutisparkki\"]},{\"@type\":\"Person\",\"@id\":\"https:\\\/\\\/www.victoriamedia.org\\\/ld\\\/#\\\/schema\\\/person\\\/a2e166f07bdda8a5ef0506501655c9ac\",\"name\":\"Kerttu Vali\",\"image\":{\"@type\":\"ImageObject\",\"inLanguage\":\"en-US\",\"@id\":\"https:\\\/\\\/secure.gravatar.com\\\/avatar\\\/62dbe1a847f655ad987c59fece23f885c4b0e7b06595c36d9597003852972217?s=96&d=mm&r=g\",\"url\":\"https:\\\/\\\/secure.gravatar.com\\\/avatar\\\/62dbe1a847f655ad987c59fece23f885c4b0e7b06595c36d9597003852972217?s=96&d=mm&r=g\",\"contentUrl\":\"https:\\\/\\\/secure.gravatar.com\\\/avatar\\\/62dbe1a847f655ad987c59fece23f885c4b0e7b06595c36d9597003852972217?s=96&d=mm&r=g\",\"caption\":\"Kerttu Vali\"},\"sameAs\":[\"http:\\\/\\\/www.victoriamedia.fi\\\/\"],\"url\":\"https:\\\/\\\/www.victoriamedia.org\\\/ld\\\/author\\\/kerttuvali\\\/\"}]}<\/script>\n<!-- \/ Yoast SEO plugin. -->","yoast_head_json":{"title":"Vaikuta ja vakuuta kuvillasi \u2013 Metro Photo Challenge -valokuvauskilpailu on j\u00e4lleen t\u00e4\u00e4ll\u00e4 - KAMERAT JA OPTISET LAITTEET","robots":{"index":"index","follow":"follow","max-snippet":"max-snippet:-1","max-image-preview":"max-image-preview:large","max-video-preview":"max-video-preview:-1"},"canonical":"https:\/\/www.victoriamedia.org\/ld\/vaikuta-ja-vakuuta-kuvillasi-metro-photo-challenge-valokuvauskilpailu-on-jalleen-taalla\/","og_locale":"en_US","og_type":"article","og_title":"Vaikuta ja vakuuta kuvillasi \u2013 Metro Photo Challenge -valokuvauskilpailu on j\u00e4lleen t\u00e4\u00e4ll\u00e4 - KAMERAT JA OPTISET LAITTEET","og_description":"Kamerat valmiiksi! Metron laajaa tunnustusta saanut valokuvauskilpailu, Metro Photo Challenge, k\u00e4ynnistyy j\u00e4lleen. Maailman suurin valokuvauskilpailu kokoaa yhteen niin ammattilaiset kuin valokuvauksen harrastajat eri puolilta maailmaa. T\u00e4m\u00e4n vuoden teemana valokuvaajat haastetaan aistimaan maailmaa ymp\u00e4rill\u00e4\u00e4n entist\u00e4 laajemmin, ikuistamaan kameroillaan my\u00f6s makuja ja kosketuksia. Kilpailu tarjoaa osallistujille mahdollisuuden tavoittaa kuvillaan Metron 18 miljoonaa p\u00e4ivitt\u00e4ist\u00e4 lukijaa nelj\u00e4st\u00e4 maanosasta. Uutuutena [&hellip;]","og_url":"https:\/\/www.victoriamedia.org\/ld\/vaikuta-ja-vakuuta-kuvillasi-metro-photo-challenge-valokuvauskilpailu-on-jalleen-taalla\/","og_site_name":"KAMERAT JA OPTISET LAITTEET","article_publisher":"https:\/\/www.facebook.com\/victoriamedia","article_published_time":"2013-09-02T14:22:25+00:00","author":"Kerttu Vali","twitter_card":"summary_large_image","twitter_creator":"@uutisparkki","twitter_site":"@uutisparkki","twitter_misc":{"Written by":"Kerttu Vali","Est. reading time":"1 minute"},"schema":{"@context":"https:\/\/schema.org","@graph":[{"@type":"Article","@id":"https:\/\/www.victoriamedia.org\/ld\/vaikuta-ja-vakuuta-kuvillasi-metro-photo-challenge-valokuvauskilpailu-on-jalleen-taalla\/#article","isPartOf":{"@id":"https:\/\/www.victoriamedia.org\/ld\/vaikuta-ja-vakuuta-kuvillasi-metro-photo-challenge-valokuvauskilpailu-on-jalleen-taalla\/"},"author":{"name":"Kerttu Vali","@id":"https:\/\/www.victoriamedia.org\/ld\/#\/schema\/person\/a2e166f07bdda8a5ef0506501655c9ac"},"headline":"Vaikuta ja vakuuta kuvillasi \u2013 Metro Photo Challenge -valokuvauskilpailu on j\u00e4lleen t\u00e4\u00e4ll\u00e4","datePublished":"2013-09-02T14:22:25+00:00","mainEntityOfPage":{"@id":"https:\/\/www.victoriamedia.org\/ld\/vaikuta-ja-vakuuta-kuvillasi-metro-photo-challenge-valokuvauskilpailu-on-jalleen-taalla\/"},"wordCount":275,"publisher":{"@id":"https:\/\/www.victoriamedia.org\/ld\/#organization"},"articleSection":["Kilpailut"],"inLanguage":"en-US"},{"@type":"WebPage","@id":"https:\/\/www.victoriamedia.org\/ld\/vaikuta-ja-vakuuta-kuvillasi-metro-photo-challenge-valokuvauskilpailu-on-jalleen-taalla\/","url":"https:\/\/www.victoriamedia.org\/ld\/vaikuta-ja-vakuuta-kuvillasi-metro-photo-challenge-valokuvauskilpailu-on-jalleen-taalla\/","name":"Vaikuta ja vakuuta kuvillasi \u2013 Metro Photo Challenge -valokuvauskilpailu on j\u00e4lleen t\u00e4\u00e4ll\u00e4 - KAMERAT JA OPTISET LAITTEET","isPartOf":{"@id":"https:\/\/www.victoriamedia.org\/ld\/#website"},"datePublished":"2013-09-02T14:22:25+00:00","breadcrumb":{"@id":"https:\/\/www.victoriamedia.org\/ld\/vaikuta-ja-vakuuta-kuvillasi-metro-photo-challenge-valokuvauskilpailu-on-jalleen-taalla\/#breadcrumb"},"inLanguage":"en-US","potentialAction":[{"@type":"ReadAction","target":["https:\/\/www.victoriamedia.org\/ld\/vaikuta-ja-vakuuta-kuvillasi-metro-photo-challenge-valokuvauskilpailu-on-jalleen-taalla\/"]}]},{"@type":"BreadcrumbList","@id":"https:\/\/www.victoriamedia.org\/ld\/vaikuta-ja-vakuuta-kuvillasi-metro-photo-challenge-valokuvauskilpailu-on-jalleen-taalla\/#breadcrumb","itemListElement":[{"@type":"ListItem","position":1,"name":"Home","item":"https:\/\/www.victoriamedia.org\/ld\/"},{"@type":"ListItem","position":2,"name":"Vaikuta ja vakuuta kuvillasi \u2013 Metro Photo Challenge -valokuvauskilpailu on j\u00e4lleen t\u00e4\u00e4ll\u00e4"}]},{"@type":"WebSite","@id":"https:\/\/www.victoriamedia.org\/ld\/#website","url":"https:\/\/www.victoriamedia.org\/ld\/","name":"KAMERAT JA OPTISET LAITTEET","description":"Kamerat Kiikarit ja optiset tarvikkeet","publisher":{"@id":"https:\/\/www.victoriamedia.org\/ld\/#organization"},"potentialAction":[{"@type":"SearchAction","target":{"@type":"EntryPoint","urlTemplate":"https:\/\/www.victoriamedia.org\/ld\/?s={search_term_string}"},"query-input":{"@type":"PropertyValueSpecification","valueRequired":true,"valueName":"search_term_string"}}],"inLanguage":"en-US"},{"@type":"Organization","@id":"https:\/\/www.victoriamedia.org\/ld\/#organization","name":"Victoria Media - Kamerauutiset","url":"https:\/\/www.victoriamedia.org\/ld\/","logo":{"@type":"ImageObject","inLanguage":"en-US","@id":"https:\/\/www.victoriamedia.org\/ld\/#\/schema\/logo\/image\/","url":"https:\/\/www.victoriamedia.org\/ld\/wp-content\/uploads\/2022\/09\/292179098_555417722694101_2682724033383846896_n.png","contentUrl":"https:\/\/www.victoriamedia.org\/ld\/wp-content\/uploads\/2022\/09\/292179098_555417722694101_2682724033383846896_n.png","width":215,"height":165,"caption":"Victoria Media - Kamerauutiset"},"image":{"@id":"https:\/\/www.victoriamedia.org\/ld\/#\/schema\/logo\/image\/"},"sameAs":["https:\/\/www.facebook.com\/victoriamedia","https:\/\/x.com\/uutisparkki"]},{"@type":"Person","@id":"https:\/\/www.victoriamedia.org\/ld\/#\/schema\/person\/a2e166f07bdda8a5ef0506501655c9ac","name":"Kerttu Vali","image":{"@type":"ImageObject","inLanguage":"en-US","@id":"https:\/\/secure.gravatar.com\/avatar\/62dbe1a847f655ad987c59fece23f885c4b0e7b06595c36d9597003852972217?s=96&d=mm&r=g","url":"https:\/\/secure.gravatar.com\/avatar\/62dbe1a847f655ad987c59fece23f885c4b0e7b06595c36d9597003852972217?s=96&d=mm&r=g","contentUrl":"https:\/\/secure.gravatar.com\/avatar\/62dbe1a847f655ad987c59fece23f885c4b0e7b06595c36d9597003852972217?s=96&d=mm&r=g","caption":"Kerttu Vali"},"sameAs":["http:\/\/www.victoriamedia.fi\/"],"url":"https:\/\/www.victoriamedia.org\/ld\/author\/kerttuvali\/"}]}},"_links":{"self":[{"href":"https:\/\/www.victoriamedia.org\/ld\/wp-json\/wp\/v2\/posts\/190","targetHints":{"allow":["GET"]}}],"collection":[{"href":"https:\/\/www.victoriamedia.org\/ld\/wp-json\/wp\/v2\/posts"}],"about":[{"href":"https:\/\/www.victoriamedia.org\/ld\/wp-json\/wp\/v2\/types\/post"}],"author":[{"embeddable":true,"href":"https:\/\/www.victoriamedia.org\/ld\/wp-json\/wp\/v2\/users\/1"}],"replies":[{"embeddable":true,"href":"https:\/\/www.victoriamedia.org\/ld\/wp-json\/wp\/v2\/comments?post=190"}],"version-history":[{"count":1,"href":"https:\/\/www.victoriamedia.org\/ld\/wp-json\/wp\/v2\/posts\/190\/revisions"}],"predecessor-version":[{"id":191,"href":"https:\/\/www.victoriamedia.org\/ld\/wp-json\/wp\/v2\/posts\/190\/revisions\/191"}],"wp:attachment":[{"href":"https:\/\/www.victoriamedia.org\/ld\/wp-json\/wp\/v2\/media?parent=190"}],"wp:term":[{"taxonomy":"category","embeddable":true,"href":"https:\/\/www.victoriamedia.org\/ld\/wp-json\/wp\/v2\/categories?post=190"},{"taxonomy":"post_tag","embeddable":true,"href":"https:\/\/www.victoriamedia.org\/ld\/wp-json\/wp\/v2\/tags?post=190"}],"curies":[{"name":"wp","href":"https:\/\/api.w.org\/{rel}","templated":true}]}}