{"id":180,"date":"2013-08-07T14:53:39","date_gmt":"2013-08-07T14:53:39","guid":{"rendered":"http:\/\/www.victoriamedia.org\/ld\/?p=180"},"modified":"2013-08-07T14:53:39","modified_gmt":"2013-08-07T14:53:39","slug":"magnum-photos-kuvatoimiston-kaksi-valokuvaajaauuden-lumix-gx7-kameran-kayttajina","status":"publish","type":"post","link":"https:\/\/www.victoriamedia.org\/ld\/magnum-photos-kuvatoimiston-kaksi-valokuvaajaauuden-lumix-gx7-kameran-kayttajina\/","title":{"rendered":"Magnum Photos -kuvatoimiston kaksi valokuvaajaauuden Lumix GX7 -kameran k\u00e4ytt\u00e4jin\u00e4"},"content":{"rendered":"<p><a href=\"http:\/\/www.victoriamedia.org\/ld\/wp-content\/uploads\/2013\/08\/gx7thumb-1.jpg\"><img loading=\"lazy\" decoding=\"async\" class=\"alignnone size-full wp-image-181\" alt=\"gx7thumb-1\" src=\"http:\/\/www.victoriamedia.org\/ld\/wp-content\/uploads\/2013\/08\/gx7thumb-1.jpg\" width=\"700\" height=\"467\" srcset=\"https:\/\/www.victoriamedia.org\/ld\/wp-content\/uploads\/2013\/08\/gx7thumb-1.jpg 700w, https:\/\/www.victoriamedia.org\/ld\/wp-content\/uploads\/2013\/08\/gx7thumb-1-300x200.jpg 300w\" sizes=\"auto, (max-width: 700px) 100vw, 700px\" \/><\/a><\/p>\n<p>Panasonic on sopinut yhteisty\u00f6st\u00e4 maailman tunnetuimpiin kuvatoimistoihin kuuluvan Magnum Photosin kahden valokuvaajan kanssa. Valokuvaajat Ian Berry ja Thomas Dworzak k\u00e4ytt\u00e4v\u00e4t LUMIX DMC-GX7 -kameraa ty\u00f6ss\u00e4\u00e4n.<\/p>\n<p>Ian Berry and Thomas Dworzak valittiin testaamaan ty\u00f6ss\u00e4\u00e4n kameran ominaisuuksia, kuten uutta 16 megapikselin Digital Live MOS -kuvakennoa ja Venus Engine -prosessoria. Valokuvaajat tarkastelevat mm. peilitt\u00f6m\u00e4n LUMIX GX7 -j\u00e4rjestelm\u00e4kameran nopeutta, tarkkuutta ja muita ominaisuuksia.<\/p>\n<p>Valokuvaajat edustavat kuvatoimistoa, joka on tallentanut kuviksi t\u00e4rkeimpi\u00e4 tapahtumia maailmassa Espanjan sis\u00e4llissodasta nykyhetkeen. He saivat k\u00e4ytt\u00f6\u00f6ns\u00e4 kameran, jonka muotoilu muistuttaa perinteisen valokuvauksen ajoista, mutta laatu ja suorituskyky vastaavat vaativienkin valokuvaajien vaatimuksia. Kevytt\u00e4 ja kompaktia kameraa ja laajaa Micro Four Thirds -objektiivien valikoimaa on helppo kuljettaa mukana.<\/p>\n<p>\u201cOn mahtavaa voida pit\u00e4\u00e4 mukana t\u00e4llaista kameraa ja taskuun mahtuvia objektiiveja. T\u00e4m\u00e4 suoraan sanottuna muuttaa el\u00e4m\u00e4ni. Kamerassa on uskomaton dynamiikka. Se s\u00e4ilytt\u00e4\u00e4 kirkkaidenkin kohtien s\u00e4vyt, vaikka olen uskonut niiden kadonneen, mutta samaan aikaan tallentaa s\u00e4vyt varjoissa\u201d, sanoo Ian Berry. H\u00e4n loi maineensa ty\u00f6skentelem\u00e4ll\u00e4 Daily Mailille ja my\u00f6hemmin Drumille. LUMIX GX7 -kameraa h\u00e4n k\u00e4ytti mm. matkallaan Roomassa.<\/p>\n<p>Ianin kuvaamista helpotti oleellisesti my\u00f6s GX7:n peilitt\u00f6miss\u00e4 j\u00e4rjestelm\u00e4kameroissa ainutlaatuinen<a href=\"http:\/\/news.cision.com\/#_ftn1\">[1]<\/a>, sis\u00e4\u00e4nrakennettu, 90 astetta k\u00e4\u00e4ntyv\u00e4 Live View Finder (LVF) -etsin.<\/p>\n<p>\u201cEtsimen kautta n\u00e4en paremmin kuin paljaalla silm\u00e4ll\u00e4 ja voin nostaa ISO-herkkyyden todella suureksi. T\u00e4m\u00e4 avaa kokonaan uusia mahdollisuuksia.<\/p>\n<p>Thomas Dworzak puolestaan l\u00e4hetettiin Tbilisiin Georgiaan, miss\u00e4 h\u00e4nen teht\u00e4v\u00e4n\u00e4\u00e4n oli tallentaa ihmisten, liikkeen ja v\u00e4rien rikkautta. LUMIX GX7:n \u00e4\u00e4nett\u00f6m\u00e4n laukaisun ansiosta h\u00e4n kykeni kuvaamaan kenenk\u00e4\u00e4n huomaamatta.<\/p>\n<p>\u201cYksi t\u00e4m\u00e4n kameran erinomaisista ominaisuuksista on laukaisu\u00e4\u00e4nen puuttuminen. Se on mahtavaa. Olen aiemmin k\u00e4ytt\u00e4nyt puolet ajastani yskim\u00e4ll\u00e4 peitt\u00e4\u00e4kseni suljin\u00e4\u00e4nen\u201d, Thomas sanoo.<\/p>\n<p>Thomas vietti suurimman osan 1990-luvusta Kaukasuksen sodissa ja konflikteissa. Kun h\u00e4nelt\u00e4 kysyttiin, mit\u00e4 Tbilisi kuvauskohteena tarjosi GX7:\u00e4\u00e4 k\u00e4ytt\u00e4v\u00e4lle kuvaajalle, Thomas vastasi: \u201cOlen kuvannut paljon sotaa T\u0161et\u0161eniassa ja Kaukasuksella 90-luvulla. Nyt haasteenani oli dokumentoida sit\u00e4, miten Georgia on muuttunut n\u00e4in\u00e4 vuosina.\u201d<\/p>\n<p>\u201cOli todella mukavaa k\u00e4ytt\u00e4\u00e4 vain yht\u00e4 kameraa. LUMIX GX7:n lis\u00e4ksi en en\u00e4\u00e4 tarvitse mit\u00e4\u00e4n muuta.\u201d<\/p>\n<p>Sek\u00e4 Ian ett\u00e4 Thomas ovat Berlinin kansainv\u00e4lisill\u00e4 IFA-messuilla (6.\u201311. syyskuuta) esittelem\u00e4ss\u00e4 kuviaan ja kertomassa kokemuksistaan.<\/p>\n<p><strong>Esittelyss\u00e4 Panasonic<\/strong><strong><\/strong><\/p>\n<p>Panasonic Corporation on maailman johtava elektroniikka-alan kuluttaja- ja yritystuotteiden sek\u00e4 teollisuuden laitevalmistaja. T\u00e4m\u00e4 vuonna 1918 perustettu konserni on laajentunut globaaliksi. Siihen kuuluu 500 eri puolilla maailmaa toimivaa yrityst\u00e4. Sen p\u00e4\u00e4konttori sijaitsee Osakassa Japanissa, ja sen nettoliikevaihto 31.3.2013 p\u00e4\u00e4ttyneell\u00e4 tilikaudella oli yhteens\u00e4 7,30 biljoonaa jeni\u00e4 (68 miljardia euroa). Panasonic pyrkii tuottamaan lis\u00e4arvoa innovaatioillaan, jotka helpottavat el\u00e4m\u00e4\u00e4 ja tekev\u00e4t maailmasta paremman. Panasonicista on lis\u00e4tietoja osoitteessa http:\/\/panasonic.net\/.<\/p>\n<p>Panasonic Nordic toimii Suomessa, Ruotsissa, Norjassa ja Tanskassa. Sen vuotuinen liikevaihto on yli 2 miljardia Ruotsin kruunua, ja sen palveluksessa ty\u00f6skentelee noin 80 ty\u00f6ntekij\u00e4\u00e4. Pohjoismaissa se markkinoi ensisijaisesti audio\/video-, Hifi-, kodinkone-, l\u00e4mp\u00f6pumppu-, akku-, tietoliikenne ja valvontatuoteryhmi\u00e4, ammattik\u00e4ytt\u00f6\u00f6n tarkoitettuja broadcast-laitteita sek\u00e4 elektroniikkakomponenteja. Panasonicista yrityksen\u00e4 ja tavaramerkist\u00e4 on lis\u00e4tietoja sivustossa www.panasonic.fi.<\/p>\n","protected":false},"excerpt":{"rendered":"<p>Panasonic on sopinut yhteisty\u00f6st\u00e4 maailman tunnetuimpiin kuvatoimistoihin kuuluvan Magnum Photosin kahden valokuvaajan kanssa. Valokuvaajat Ian Berry ja Thomas Dworzak k\u00e4ytt\u00e4v\u00e4t LUMIX DMC-GX7 -kameraa ty\u00f6ss\u00e4\u00e4n. Ian Berry and Thomas Dworzak valittiin testaamaan ty\u00f6ss\u00e4\u00e4n kameran ominaisuuksia, kuten uutta 16 megapikselin Digital Live MOS -kuvakennoa ja Venus Engine -prosessoria. Valokuvaajat tarkastelevat mm. peilitt\u00f6m\u00e4n LUMIX GX7 -j\u00e4rjestelm\u00e4kameran nopeutta, tarkkuutta [&hellip;]<\/p>\n","protected":false},"author":1,"featured_media":0,"comment_status":"closed","ping_status":"open","sticky":false,"template":"","format":"standard","meta":{"footnotes":""},"categories":[24,26],"tags":[],"class_list":["post-180","post","type-post","status-publish","format-standard","hentry","category-kamerat","category-yleiset-uutiset"],"yoast_head":"<!-- This site is optimized with the Yoast SEO plugin v27.5 - https:\/\/yoast.com\/product\/yoast-seo-wordpress\/ -->\n<title>Magnum Photos -kuvatoimiston kaksi valokuvaajaauuden Lumix GX7 -kameran k\u00e4ytt\u00e4jin\u00e4 - KAMERAT JA OPTISET LAITTEET<\/title>\n<meta name=\"robots\" content=\"index, follow, max-snippet:-1, max-image-preview:large, max-video-preview:-1\" \/>\n<link rel=\"canonical\" href=\"https:\/\/www.victoriamedia.org\/ld\/magnum-photos-kuvatoimiston-kaksi-valokuvaajaauuden-lumix-gx7-kameran-kayttajina\/\" \/>\n<meta property=\"og:locale\" content=\"en_US\" \/>\n<meta property=\"og:type\" content=\"article\" \/>\n<meta property=\"og:title\" content=\"Magnum Photos -kuvatoimiston kaksi valokuvaajaauuden Lumix GX7 -kameran k\u00e4ytt\u00e4jin\u00e4 - KAMERAT JA OPTISET LAITTEET\" \/>\n<meta property=\"og:description\" content=\"Panasonic on sopinut yhteisty\u00f6st\u00e4 maailman tunnetuimpiin kuvatoimistoihin kuuluvan Magnum Photosin kahden valokuvaajan kanssa. Valokuvaajat Ian Berry ja Thomas Dworzak k\u00e4ytt\u00e4v\u00e4t LUMIX DMC-GX7 -kameraa ty\u00f6ss\u00e4\u00e4n. Ian Berry and Thomas Dworzak valittiin testaamaan ty\u00f6ss\u00e4\u00e4n kameran ominaisuuksia, kuten uutta 16 megapikselin Digital Live MOS -kuvakennoa ja Venus Engine -prosessoria. Valokuvaajat tarkastelevat mm. peilitt\u00f6m\u00e4n LUMIX GX7 -j\u00e4rjestelm\u00e4kameran nopeutta, tarkkuutta [&hellip;]\" \/>\n<meta property=\"og:url\" content=\"https:\/\/www.victoriamedia.org\/ld\/magnum-photos-kuvatoimiston-kaksi-valokuvaajaauuden-lumix-gx7-kameran-kayttajina\/\" \/>\n<meta property=\"og:site_name\" content=\"KAMERAT JA OPTISET LAITTEET\" \/>\n<meta property=\"article:publisher\" content=\"https:\/\/www.facebook.com\/victoriamedia\" \/>\n<meta property=\"article:published_time\" content=\"2013-08-07T14:53:39+00:00\" \/>\n<meta property=\"og:image\" content=\"http:\/\/www.victoriamedia.org\/ld\/wp-content\/uploads\/2013\/08\/gx7thumb-1.jpg\" \/>\n<meta name=\"author\" content=\"Kerttu Vali\" \/>\n<meta name=\"twitter:card\" content=\"summary_large_image\" \/>\n<meta name=\"twitter:creator\" content=\"@uutisparkki\" \/>\n<meta name=\"twitter:site\" content=\"@uutisparkki\" \/>\n<meta name=\"twitter:label1\" content=\"Written by\" \/>\n\t<meta name=\"twitter:data1\" content=\"Kerttu Vali\" \/>\n\t<meta name=\"twitter:label2\" content=\"Est. reading time\" \/>\n\t<meta name=\"twitter:data2\" content=\"3 minutes\" \/>\n<script type=\"application\/ld+json\" class=\"yoast-schema-graph\">{\"@context\":\"https:\\\/\\\/schema.org\",\"@graph\":[{\"@type\":\"Article\",\"@id\":\"https:\\\/\\\/www.victoriamedia.org\\\/ld\\\/magnum-photos-kuvatoimiston-kaksi-valokuvaajaauuden-lumix-gx7-kameran-kayttajina\\\/#article\",\"isPartOf\":{\"@id\":\"https:\\\/\\\/www.victoriamedia.org\\\/ld\\\/magnum-photos-kuvatoimiston-kaksi-valokuvaajaauuden-lumix-gx7-kameran-kayttajina\\\/\"},\"author\":{\"name\":\"Kerttu Vali\",\"@id\":\"https:\\\/\\\/www.victoriamedia.org\\\/ld\\\/#\\\/schema\\\/person\\\/a2e166f07bdda8a5ef0506501655c9ac\"},\"headline\":\"Magnum Photos -kuvatoimiston kaksi valokuvaajaauuden Lumix GX7 -kameran k\u00e4ytt\u00e4jin\u00e4\",\"datePublished\":\"2013-08-07T14:53:39+00:00\",\"mainEntityOfPage\":{\"@id\":\"https:\\\/\\\/www.victoriamedia.org\\\/ld\\\/magnum-photos-kuvatoimiston-kaksi-valokuvaajaauuden-lumix-gx7-kameran-kayttajina\\\/\"},\"wordCount\":519,\"publisher\":{\"@id\":\"https:\\\/\\\/www.victoriamedia.org\\\/ld\\\/#organization\"},\"image\":{\"@id\":\"https:\\\/\\\/www.victoriamedia.org\\\/ld\\\/magnum-photos-kuvatoimiston-kaksi-valokuvaajaauuden-lumix-gx7-kameran-kayttajina\\\/#primaryimage\"},\"thumbnailUrl\":\"http:\\\/\\\/www.victoriamedia.org\\\/ld\\\/wp-content\\\/uploads\\\/2013\\\/08\\\/gx7thumb-1.jpg\",\"articleSection\":[\"Kamerat\",\"Yleiset uutiset\"],\"inLanguage\":\"en-US\"},{\"@type\":\"WebPage\",\"@id\":\"https:\\\/\\\/www.victoriamedia.org\\\/ld\\\/magnum-photos-kuvatoimiston-kaksi-valokuvaajaauuden-lumix-gx7-kameran-kayttajina\\\/\",\"url\":\"https:\\\/\\\/www.victoriamedia.org\\\/ld\\\/magnum-photos-kuvatoimiston-kaksi-valokuvaajaauuden-lumix-gx7-kameran-kayttajina\\\/\",\"name\":\"Magnum Photos -kuvatoimiston kaksi valokuvaajaauuden Lumix GX7 -kameran k\u00e4ytt\u00e4jin\u00e4 - KAMERAT JA OPTISET LAITTEET\",\"isPartOf\":{\"@id\":\"https:\\\/\\\/www.victoriamedia.org\\\/ld\\\/#website\"},\"primaryImageOfPage\":{\"@id\":\"https:\\\/\\\/www.victoriamedia.org\\\/ld\\\/magnum-photos-kuvatoimiston-kaksi-valokuvaajaauuden-lumix-gx7-kameran-kayttajina\\\/#primaryimage\"},\"image\":{\"@id\":\"https:\\\/\\\/www.victoriamedia.org\\\/ld\\\/magnum-photos-kuvatoimiston-kaksi-valokuvaajaauuden-lumix-gx7-kameran-kayttajina\\\/#primaryimage\"},\"thumbnailUrl\":\"http:\\\/\\\/www.victoriamedia.org\\\/ld\\\/wp-content\\\/uploads\\\/2013\\\/08\\\/gx7thumb-1.jpg\",\"datePublished\":\"2013-08-07T14:53:39+00:00\",\"breadcrumb\":{\"@id\":\"https:\\\/\\\/www.victoriamedia.org\\\/ld\\\/magnum-photos-kuvatoimiston-kaksi-valokuvaajaauuden-lumix-gx7-kameran-kayttajina\\\/#breadcrumb\"},\"inLanguage\":\"en-US\",\"potentialAction\":[{\"@type\":\"ReadAction\",\"target\":[\"https:\\\/\\\/www.victoriamedia.org\\\/ld\\\/magnum-photos-kuvatoimiston-kaksi-valokuvaajaauuden-lumix-gx7-kameran-kayttajina\\\/\"]}]},{\"@type\":\"ImageObject\",\"inLanguage\":\"en-US\",\"@id\":\"https:\\\/\\\/www.victoriamedia.org\\\/ld\\\/magnum-photos-kuvatoimiston-kaksi-valokuvaajaauuden-lumix-gx7-kameran-kayttajina\\\/#primaryimage\",\"url\":\"https:\\\/\\\/www.victoriamedia.org\\\/ld\\\/wp-content\\\/uploads\\\/2013\\\/08\\\/gx7thumb-1.jpg\",\"contentUrl\":\"https:\\\/\\\/www.victoriamedia.org\\\/ld\\\/wp-content\\\/uploads\\\/2013\\\/08\\\/gx7thumb-1.jpg\",\"width\":700,\"height\":467},{\"@type\":\"BreadcrumbList\",\"@id\":\"https:\\\/\\\/www.victoriamedia.org\\\/ld\\\/magnum-photos-kuvatoimiston-kaksi-valokuvaajaauuden-lumix-gx7-kameran-kayttajina\\\/#breadcrumb\",\"itemListElement\":[{\"@type\":\"ListItem\",\"position\":1,\"name\":\"Home\",\"item\":\"https:\\\/\\\/www.victoriamedia.org\\\/ld\\\/\"},{\"@type\":\"ListItem\",\"position\":2,\"name\":\"Magnum Photos -kuvatoimiston kaksi valokuvaajaauuden Lumix GX7 -kameran k\u00e4ytt\u00e4jin\u00e4\"}]},{\"@type\":\"WebSite\",\"@id\":\"https:\\\/\\\/www.victoriamedia.org\\\/ld\\\/#website\",\"url\":\"https:\\\/\\\/www.victoriamedia.org\\\/ld\\\/\",\"name\":\"KAMERAT JA OPTISET LAITTEET\",\"description\":\"Kamerat Kiikarit ja optiset tarvikkeet\",\"publisher\":{\"@id\":\"https:\\\/\\\/www.victoriamedia.org\\\/ld\\\/#organization\"},\"potentialAction\":[{\"@type\":\"SearchAction\",\"target\":{\"@type\":\"EntryPoint\",\"urlTemplate\":\"https:\\\/\\\/www.victoriamedia.org\\\/ld\\\/?s={search_term_string}\"},\"query-input\":{\"@type\":\"PropertyValueSpecification\",\"valueRequired\":true,\"valueName\":\"search_term_string\"}}],\"inLanguage\":\"en-US\"},{\"@type\":\"Organization\",\"@id\":\"https:\\\/\\\/www.victoriamedia.org\\\/ld\\\/#organization\",\"name\":\"Victoria Media - Kamerauutiset\",\"url\":\"https:\\\/\\\/www.victoriamedia.org\\\/ld\\\/\",\"logo\":{\"@type\":\"ImageObject\",\"inLanguage\":\"en-US\",\"@id\":\"https:\\\/\\\/www.victoriamedia.org\\\/ld\\\/#\\\/schema\\\/logo\\\/image\\\/\",\"url\":\"https:\\\/\\\/www.victoriamedia.org\\\/ld\\\/wp-content\\\/uploads\\\/2022\\\/09\\\/292179098_555417722694101_2682724033383846896_n.png\",\"contentUrl\":\"https:\\\/\\\/www.victoriamedia.org\\\/ld\\\/wp-content\\\/uploads\\\/2022\\\/09\\\/292179098_555417722694101_2682724033383846896_n.png\",\"width\":215,\"height\":165,\"caption\":\"Victoria Media - Kamerauutiset\"},\"image\":{\"@id\":\"https:\\\/\\\/www.victoriamedia.org\\\/ld\\\/#\\\/schema\\\/logo\\\/image\\\/\"},\"sameAs\":[\"https:\\\/\\\/www.facebook.com\\\/victoriamedia\",\"https:\\\/\\\/x.com\\\/uutisparkki\"]},{\"@type\":\"Person\",\"@id\":\"https:\\\/\\\/www.victoriamedia.org\\\/ld\\\/#\\\/schema\\\/person\\\/a2e166f07bdda8a5ef0506501655c9ac\",\"name\":\"Kerttu Vali\",\"image\":{\"@type\":\"ImageObject\",\"inLanguage\":\"en-US\",\"@id\":\"https:\\\/\\\/secure.gravatar.com\\\/avatar\\\/62dbe1a847f655ad987c59fece23f885c4b0e7b06595c36d9597003852972217?s=96&d=mm&r=g\",\"url\":\"https:\\\/\\\/secure.gravatar.com\\\/avatar\\\/62dbe1a847f655ad987c59fece23f885c4b0e7b06595c36d9597003852972217?s=96&d=mm&r=g\",\"contentUrl\":\"https:\\\/\\\/secure.gravatar.com\\\/avatar\\\/62dbe1a847f655ad987c59fece23f885c4b0e7b06595c36d9597003852972217?s=96&d=mm&r=g\",\"caption\":\"Kerttu Vali\"},\"sameAs\":[\"http:\\\/\\\/www.victoriamedia.fi\\\/\"],\"url\":\"https:\\\/\\\/www.victoriamedia.org\\\/ld\\\/author\\\/kerttuvali\\\/\"}]}<\/script>\n<!-- \/ Yoast SEO plugin. -->","yoast_head_json":{"title":"Magnum Photos -kuvatoimiston kaksi valokuvaajaauuden Lumix GX7 -kameran k\u00e4ytt\u00e4jin\u00e4 - KAMERAT JA OPTISET LAITTEET","robots":{"index":"index","follow":"follow","max-snippet":"max-snippet:-1","max-image-preview":"max-image-preview:large","max-video-preview":"max-video-preview:-1"},"canonical":"https:\/\/www.victoriamedia.org\/ld\/magnum-photos-kuvatoimiston-kaksi-valokuvaajaauuden-lumix-gx7-kameran-kayttajina\/","og_locale":"en_US","og_type":"article","og_title":"Magnum Photos -kuvatoimiston kaksi valokuvaajaauuden Lumix GX7 -kameran k\u00e4ytt\u00e4jin\u00e4 - KAMERAT JA OPTISET LAITTEET","og_description":"Panasonic on sopinut yhteisty\u00f6st\u00e4 maailman tunnetuimpiin kuvatoimistoihin kuuluvan Magnum Photosin kahden valokuvaajan kanssa. Valokuvaajat Ian Berry ja Thomas Dworzak k\u00e4ytt\u00e4v\u00e4t LUMIX DMC-GX7 -kameraa ty\u00f6ss\u00e4\u00e4n. Ian Berry and Thomas Dworzak valittiin testaamaan ty\u00f6ss\u00e4\u00e4n kameran ominaisuuksia, kuten uutta 16 megapikselin Digital Live MOS -kuvakennoa ja Venus Engine -prosessoria. Valokuvaajat tarkastelevat mm. peilitt\u00f6m\u00e4n LUMIX GX7 -j\u00e4rjestelm\u00e4kameran nopeutta, tarkkuutta [&hellip;]","og_url":"https:\/\/www.victoriamedia.org\/ld\/magnum-photos-kuvatoimiston-kaksi-valokuvaajaauuden-lumix-gx7-kameran-kayttajina\/","og_site_name":"KAMERAT JA OPTISET LAITTEET","article_publisher":"https:\/\/www.facebook.com\/victoriamedia","article_published_time":"2013-08-07T14:53:39+00:00","og_image":[{"url":"http:\/\/www.victoriamedia.org\/ld\/wp-content\/uploads\/2013\/08\/gx7thumb-1.jpg","type":"","width":"","height":""}],"author":"Kerttu Vali","twitter_card":"summary_large_image","twitter_creator":"@uutisparkki","twitter_site":"@uutisparkki","twitter_misc":{"Written by":"Kerttu Vali","Est. reading time":"3 minutes"},"schema":{"@context":"https:\/\/schema.org","@graph":[{"@type":"Article","@id":"https:\/\/www.victoriamedia.org\/ld\/magnum-photos-kuvatoimiston-kaksi-valokuvaajaauuden-lumix-gx7-kameran-kayttajina\/#article","isPartOf":{"@id":"https:\/\/www.victoriamedia.org\/ld\/magnum-photos-kuvatoimiston-kaksi-valokuvaajaauuden-lumix-gx7-kameran-kayttajina\/"},"author":{"name":"Kerttu Vali","@id":"https:\/\/www.victoriamedia.org\/ld\/#\/schema\/person\/a2e166f07bdda8a5ef0506501655c9ac"},"headline":"Magnum Photos -kuvatoimiston kaksi valokuvaajaauuden Lumix GX7 -kameran k\u00e4ytt\u00e4jin\u00e4","datePublished":"2013-08-07T14:53:39+00:00","mainEntityOfPage":{"@id":"https:\/\/www.victoriamedia.org\/ld\/magnum-photos-kuvatoimiston-kaksi-valokuvaajaauuden-lumix-gx7-kameran-kayttajina\/"},"wordCount":519,"publisher":{"@id":"https:\/\/www.victoriamedia.org\/ld\/#organization"},"image":{"@id":"https:\/\/www.victoriamedia.org\/ld\/magnum-photos-kuvatoimiston-kaksi-valokuvaajaauuden-lumix-gx7-kameran-kayttajina\/#primaryimage"},"thumbnailUrl":"http:\/\/www.victoriamedia.org\/ld\/wp-content\/uploads\/2013\/08\/gx7thumb-1.jpg","articleSection":["Kamerat","Yleiset uutiset"],"inLanguage":"en-US"},{"@type":"WebPage","@id":"https:\/\/www.victoriamedia.org\/ld\/magnum-photos-kuvatoimiston-kaksi-valokuvaajaauuden-lumix-gx7-kameran-kayttajina\/","url":"https:\/\/www.victoriamedia.org\/ld\/magnum-photos-kuvatoimiston-kaksi-valokuvaajaauuden-lumix-gx7-kameran-kayttajina\/","name":"Magnum Photos -kuvatoimiston kaksi valokuvaajaauuden Lumix GX7 -kameran k\u00e4ytt\u00e4jin\u00e4 - KAMERAT JA OPTISET LAITTEET","isPartOf":{"@id":"https:\/\/www.victoriamedia.org\/ld\/#website"},"primaryImageOfPage":{"@id":"https:\/\/www.victoriamedia.org\/ld\/magnum-photos-kuvatoimiston-kaksi-valokuvaajaauuden-lumix-gx7-kameran-kayttajina\/#primaryimage"},"image":{"@id":"https:\/\/www.victoriamedia.org\/ld\/magnum-photos-kuvatoimiston-kaksi-valokuvaajaauuden-lumix-gx7-kameran-kayttajina\/#primaryimage"},"thumbnailUrl":"http:\/\/www.victoriamedia.org\/ld\/wp-content\/uploads\/2013\/08\/gx7thumb-1.jpg","datePublished":"2013-08-07T14:53:39+00:00","breadcrumb":{"@id":"https:\/\/www.victoriamedia.org\/ld\/magnum-photos-kuvatoimiston-kaksi-valokuvaajaauuden-lumix-gx7-kameran-kayttajina\/#breadcrumb"},"inLanguage":"en-US","potentialAction":[{"@type":"ReadAction","target":["https:\/\/www.victoriamedia.org\/ld\/magnum-photos-kuvatoimiston-kaksi-valokuvaajaauuden-lumix-gx7-kameran-kayttajina\/"]}]},{"@type":"ImageObject","inLanguage":"en-US","@id":"https:\/\/www.victoriamedia.org\/ld\/magnum-photos-kuvatoimiston-kaksi-valokuvaajaauuden-lumix-gx7-kameran-kayttajina\/#primaryimage","url":"https:\/\/www.victoriamedia.org\/ld\/wp-content\/uploads\/2013\/08\/gx7thumb-1.jpg","contentUrl":"https:\/\/www.victoriamedia.org\/ld\/wp-content\/uploads\/2013\/08\/gx7thumb-1.jpg","width":700,"height":467},{"@type":"BreadcrumbList","@id":"https:\/\/www.victoriamedia.org\/ld\/magnum-photos-kuvatoimiston-kaksi-valokuvaajaauuden-lumix-gx7-kameran-kayttajina\/#breadcrumb","itemListElement":[{"@type":"ListItem","position":1,"name":"Home","item":"https:\/\/www.victoriamedia.org\/ld\/"},{"@type":"ListItem","position":2,"name":"Magnum Photos -kuvatoimiston kaksi valokuvaajaauuden Lumix GX7 -kameran k\u00e4ytt\u00e4jin\u00e4"}]},{"@type":"WebSite","@id":"https:\/\/www.victoriamedia.org\/ld\/#website","url":"https:\/\/www.victoriamedia.org\/ld\/","name":"KAMERAT JA OPTISET LAITTEET","description":"Kamerat Kiikarit ja optiset tarvikkeet","publisher":{"@id":"https:\/\/www.victoriamedia.org\/ld\/#organization"},"potentialAction":[{"@type":"SearchAction","target":{"@type":"EntryPoint","urlTemplate":"https:\/\/www.victoriamedia.org\/ld\/?s={search_term_string}"},"query-input":{"@type":"PropertyValueSpecification","valueRequired":true,"valueName":"search_term_string"}}],"inLanguage":"en-US"},{"@type":"Organization","@id":"https:\/\/www.victoriamedia.org\/ld\/#organization","name":"Victoria Media - Kamerauutiset","url":"https:\/\/www.victoriamedia.org\/ld\/","logo":{"@type":"ImageObject","inLanguage":"en-US","@id":"https:\/\/www.victoriamedia.org\/ld\/#\/schema\/logo\/image\/","url":"https:\/\/www.victoriamedia.org\/ld\/wp-content\/uploads\/2022\/09\/292179098_555417722694101_2682724033383846896_n.png","contentUrl":"https:\/\/www.victoriamedia.org\/ld\/wp-content\/uploads\/2022\/09\/292179098_555417722694101_2682724033383846896_n.png","width":215,"height":165,"caption":"Victoria Media - Kamerauutiset"},"image":{"@id":"https:\/\/www.victoriamedia.org\/ld\/#\/schema\/logo\/image\/"},"sameAs":["https:\/\/www.facebook.com\/victoriamedia","https:\/\/x.com\/uutisparkki"]},{"@type":"Person","@id":"https:\/\/www.victoriamedia.org\/ld\/#\/schema\/person\/a2e166f07bdda8a5ef0506501655c9ac","name":"Kerttu Vali","image":{"@type":"ImageObject","inLanguage":"en-US","@id":"https:\/\/secure.gravatar.com\/avatar\/62dbe1a847f655ad987c59fece23f885c4b0e7b06595c36d9597003852972217?s=96&d=mm&r=g","url":"https:\/\/secure.gravatar.com\/avatar\/62dbe1a847f655ad987c59fece23f885c4b0e7b06595c36d9597003852972217?s=96&d=mm&r=g","contentUrl":"https:\/\/secure.gravatar.com\/avatar\/62dbe1a847f655ad987c59fece23f885c4b0e7b06595c36d9597003852972217?s=96&d=mm&r=g","caption":"Kerttu Vali"},"sameAs":["http:\/\/www.victoriamedia.fi\/"],"url":"https:\/\/www.victoriamedia.org\/ld\/author\/kerttuvali\/"}]}},"_links":{"self":[{"href":"https:\/\/www.victoriamedia.org\/ld\/wp-json\/wp\/v2\/posts\/180","targetHints":{"allow":["GET"]}}],"collection":[{"href":"https:\/\/www.victoriamedia.org\/ld\/wp-json\/wp\/v2\/posts"}],"about":[{"href":"https:\/\/www.victoriamedia.org\/ld\/wp-json\/wp\/v2\/types\/post"}],"author":[{"embeddable":true,"href":"https:\/\/www.victoriamedia.org\/ld\/wp-json\/wp\/v2\/users\/1"}],"replies":[{"embeddable":true,"href":"https:\/\/www.victoriamedia.org\/ld\/wp-json\/wp\/v2\/comments?post=180"}],"version-history":[{"count":1,"href":"https:\/\/www.victoriamedia.org\/ld\/wp-json\/wp\/v2\/posts\/180\/revisions"}],"predecessor-version":[{"id":182,"href":"https:\/\/www.victoriamedia.org\/ld\/wp-json\/wp\/v2\/posts\/180\/revisions\/182"}],"wp:attachment":[{"href":"https:\/\/www.victoriamedia.org\/ld\/wp-json\/wp\/v2\/media?parent=180"}],"wp:term":[{"taxonomy":"category","embeddable":true,"href":"https:\/\/www.victoriamedia.org\/ld\/wp-json\/wp\/v2\/categories?post=180"},{"taxonomy":"post_tag","embeddable":true,"href":"https:\/\/www.victoriamedia.org\/ld\/wp-json\/wp\/v2\/tags?post=180"}],"curies":[{"name":"wp","href":"https:\/\/api.w.org\/{rel}","templated":true}]}}