{"id":170,"date":"2013-07-03T07:40:48","date_gmt":"2013-07-03T07:40:48","guid":{"rendered":"http:\/\/www.victoriamedia.org\/ld\/?p=170"},"modified":"2013-07-03T07:40:48","modified_gmt":"2013-07-03T07:40:48","slug":"isaw-uusi-action-kameramerkki","status":"publish","type":"post","link":"https:\/\/www.victoriamedia.org\/ld\/isaw-uusi-action-kameramerkki\/","title":{"rendered":"iSAW, uusi action-kameramerkki"},"content":{"rendered":"<p><a href=\"http:\/\/www.victoriamedia.org\/ld\/wp-content\/uploads\/2013\/07\/print_q7QdwFeBqv.jpg\"><img loading=\"lazy\" decoding=\"async\" class=\"alignnone  wp-image-171\" alt=\"print_q7QdwFeBqv\" src=\"http:\/\/www.victoriamedia.org\/ld\/wp-content\/uploads\/2013\/07\/print_q7QdwFeBqv-1024x784.jpg\" width=\"472\" height=\"361\" srcset=\"https:\/\/www.victoriamedia.org\/ld\/wp-content\/uploads\/2013\/07\/print_q7QdwFeBqv-1024x784.jpg 1024w, https:\/\/www.victoriamedia.org\/ld\/wp-content\/uploads\/2013\/07\/print_q7QdwFeBqv-300x229.jpg 300w\" sizes=\"auto, (max-width: 472px) 100vw, 472px\" \/><\/a><\/p>\n<p><b>Etel\u00e4korealainen iSAW on ollut action-kameramarkkinoilla jo jonkin aikaa ja sill\u00e4 on ollut useita vahvoja kameramalleja. Nyt viimeinkin iSAW saapuu pohjolaan. Uuden edustajan, Focus Nordicin my\u00f6t\u00e4 jakelun lis\u00e4\u00e4ntyminen, sek\u00e4 uuden erinomaisilla ominaisuuksilla varustetun kameramallin my\u00f6t\u00e4, pystymme murtautumaan n\u00e4ille kasvaville markkinoille.<\/b><\/p>\n<p>iSAW Extreme on kehittynein action-kamera, jossa on useita ainutlaatuisia ominaisuuksia. Se tuottaa erinomaisia \u201dpoint of view\u201d (POV)-valokuvia. Kameralla voit videoida Full-HD -tasoisena (1080p) 60 kuvaa sekunnissa ja se on varustettu Sonyn Exmor CMOS \u2013kennolla. Kaikki t\u00e4m\u00e4 kompaktissa koossa, 61x43x32mm.<\/p>\n<p>\u201dHaluamme kasvattaa l\u00e4sn\u00e4oloamme action-kameramarkkinoilla ja iSAW on siihen t\u00e4ydellinen kumppani\u201d, sanoo Rebecca Laanements, iSAW:n tuotep\u00e4\u00e4llikk\u00f6 Focus Nordicilta, Pohjoismaiden suurimmalta valokuvausalan jakelijalta. \u201dLaadun tunne on paras, jonka olemme l\u00f6yt\u00e4neet ja ehk\u00e4 syyn\u00e4 on se, ett\u00e4 tuotteet ovat valmistettu Koreassa, eik\u00e4 kiinassa, joka tekee eron. Se sis\u00e4lt\u00e4\u00e4 my\u00f6s alusta alkaen enemm\u00e4n lis\u00e4varusteita, kuin mit\u00e4 monet kilpailijat\u201d.<\/p>\n<p>Vaikka yritys on perustettu niinkin my\u00f6h\u00e4\u00e4n, kuin 2009, sill\u00e4 on oma henkil\u00f6st\u00f6ns\u00e4 ohjelmointiin, laitteiston kehitykseen ja suunnitteluun. Kaikilla yrityksess\u00e4 on laaja kokemus videotuotannosta. Tuotannon laatu voidaan varmistaa omilla tehtailla valmistetuilla tuotteilla.<\/p>\n<p>iSAW Extreme &#8211; T\u00e4rkeimm\u00e4t ominaisuudet<\/p>\n<p><b>1. Kenno<\/b><br \/>\nKamera on varustettu 12 megapikselin Sony Exmor CMOS \u2013kennolla.<\/p>\n<p><b>2. Objektiivi<\/b><br \/>\nObjektiivin rakenne kuusi linssielementti\u00e4 ja valovoima F\/2.4 mahdollistavat videoimisen my\u00f6s h\u00e4m\u00e4r\u00e4ss\u00e4 valaistuksessa.<\/p>\n<p><b>3. Kuvakulma<\/b><br \/>\nKuvakulma on 152 astetta.<\/p>\n<p><b>4. LCD-n\u00e4ytt\u00f6<\/b><br \/>\nSis\u00e4\u00e4nrakennetulta 2\u201d LCD-n\u00e4yt\u00f6lt\u00e4 on helppo arvioida kuvia suoraan kamerasta.<\/p>\n<p><b>5. Full HD-video<\/b><br \/>\nKamera ottaa Full-HD (1920x1080p) videota 60 kuvaa sekunnissa.<\/p>\n<p><b>6. WiFi + sovellus<\/b><br \/>\nSis\u00e4\u00e4nrakennettu WiFi mahdollistaa kameran ohjaamisen \u00e4lypuhelimella tai tabletilla. Sovelluksen voi ladata ilmaiseksi iOS- (iPhone ja Ipad) ja Android-k\u00e4ytt\u00f6liittymille.<\/p>\n<p><b>7. Vedenpit\u00e4vyys<\/b><br \/>\nMukana tuleva vedenkest\u00e4v\u00e4 vedenalaiskotelo kest\u00e4\u00e4 painetta 60 metrin syvyyteen asti. Kamerassa on my\u00f6s erityinen vedenalaisasetus (Aqua-mode), jolla saadaan videoihin oikeanlaiset v\u00e4rit, ilman erikoisvarusteita.<\/p>\n<p><b>8. Tehokas akku<\/b><br \/>\nKamera toimii 1200 mAh akulla, joka mahdollistaa noin 120 minuuttia jatkuvaa toimintaa.<\/p>\n<p><b>9. Time lapse<\/b><br \/>\nTime lapse ominaisuus, sek\u00e4 still- ett\u00e4 videokuvauksessa.<\/p>\n<p><b>Hinta ja saatavuus<\/b><br \/>\niSAW Extreme tulee saataville hein\u00e4kuussa ja se maksaa noin 400 euroa.<\/p>\n","protected":false},"excerpt":{"rendered":"<p>Etel\u00e4korealainen iSAW on ollut action-kameramarkkinoilla jo jonkin aikaa ja sill\u00e4 on ollut useita vahvoja kameramalleja. Nyt viimeinkin iSAW saapuu pohjolaan. Uuden edustajan, Focus Nordicin my\u00f6t\u00e4 jakelun lis\u00e4\u00e4ntyminen, sek\u00e4 uuden erinomaisilla ominaisuuksilla varustetun kameramallin my\u00f6t\u00e4, pystymme murtautumaan n\u00e4ille kasvaville markkinoille. iSAW Extreme on kehittynein action-kamera, jossa on useita ainutlaatuisia ominaisuuksia. Se tuottaa erinomaisia \u201dpoint of view\u201d [&hellip;]<\/p>\n","protected":false},"author":1,"featured_media":0,"comment_status":"closed","ping_status":"open","sticky":false,"template":"","format":"standard","meta":{"footnotes":""},"categories":[24],"tags":[],"class_list":["post-170","post","type-post","status-publish","format-standard","hentry","category-kamerat"],"yoast_head":"<!-- This site is optimized with the Yoast SEO plugin v27.5 - https:\/\/yoast.com\/product\/yoast-seo-wordpress\/ -->\n<title>iSAW, uusi action-kameramerkki - KAMERAT JA OPTISET LAITTEET<\/title>\n<meta name=\"robots\" content=\"index, follow, max-snippet:-1, max-image-preview:large, max-video-preview:-1\" \/>\n<link rel=\"canonical\" href=\"https:\/\/www.victoriamedia.org\/ld\/isaw-uusi-action-kameramerkki\/\" \/>\n<meta property=\"og:locale\" content=\"en_US\" \/>\n<meta property=\"og:type\" content=\"article\" \/>\n<meta property=\"og:title\" content=\"iSAW, uusi action-kameramerkki - KAMERAT JA OPTISET LAITTEET\" \/>\n<meta property=\"og:description\" content=\"Etel\u00e4korealainen iSAW on ollut action-kameramarkkinoilla jo jonkin aikaa ja sill\u00e4 on ollut useita vahvoja kameramalleja. Nyt viimeinkin iSAW saapuu pohjolaan. Uuden edustajan, Focus Nordicin my\u00f6t\u00e4 jakelun lis\u00e4\u00e4ntyminen, sek\u00e4 uuden erinomaisilla ominaisuuksilla varustetun kameramallin my\u00f6t\u00e4, pystymme murtautumaan n\u00e4ille kasvaville markkinoille. iSAW Extreme on kehittynein action-kamera, jossa on useita ainutlaatuisia ominaisuuksia. Se tuottaa erinomaisia \u201dpoint of view\u201d [&hellip;]\" \/>\n<meta property=\"og:url\" content=\"https:\/\/www.victoriamedia.org\/ld\/isaw-uusi-action-kameramerkki\/\" \/>\n<meta property=\"og:site_name\" content=\"KAMERAT JA OPTISET LAITTEET\" \/>\n<meta property=\"article:publisher\" content=\"https:\/\/www.facebook.com\/victoriamedia\" \/>\n<meta property=\"article:published_time\" content=\"2013-07-03T07:40:48+00:00\" \/>\n<meta property=\"og:image\" content=\"http:\/\/www.victoriamedia.org\/ld\/wp-content\/uploads\/2013\/07\/print_q7QdwFeBqv-1024x784.jpg\" \/>\n<meta name=\"author\" content=\"Kerttu Vali\" \/>\n<meta name=\"twitter:card\" content=\"summary_large_image\" \/>\n<meta name=\"twitter:creator\" content=\"@uutisparkki\" \/>\n<meta name=\"twitter:site\" content=\"@uutisparkki\" \/>\n<meta name=\"twitter:label1\" content=\"Written by\" \/>\n\t<meta name=\"twitter:data1\" content=\"Kerttu Vali\" \/>\n\t<meta name=\"twitter:label2\" content=\"Est. reading time\" \/>\n\t<meta name=\"twitter:data2\" content=\"2 minutes\" \/>\n<script type=\"application\/ld+json\" class=\"yoast-schema-graph\">{\"@context\":\"https:\\\/\\\/schema.org\",\"@graph\":[{\"@type\":\"Article\",\"@id\":\"https:\\\/\\\/www.victoriamedia.org\\\/ld\\\/isaw-uusi-action-kameramerkki\\\/#article\",\"isPartOf\":{\"@id\":\"https:\\\/\\\/www.victoriamedia.org\\\/ld\\\/isaw-uusi-action-kameramerkki\\\/\"},\"author\":{\"name\":\"Kerttu Vali\",\"@id\":\"https:\\\/\\\/www.victoriamedia.org\\\/ld\\\/#\\\/schema\\\/person\\\/a2e166f07bdda8a5ef0506501655c9ac\"},\"headline\":\"iSAW, uusi action-kameramerkki\",\"datePublished\":\"2013-07-03T07:40:48+00:00\",\"mainEntityOfPage\":{\"@id\":\"https:\\\/\\\/www.victoriamedia.org\\\/ld\\\/isaw-uusi-action-kameramerkki\\\/\"},\"wordCount\":333,\"publisher\":{\"@id\":\"https:\\\/\\\/www.victoriamedia.org\\\/ld\\\/#organization\"},\"image\":{\"@id\":\"https:\\\/\\\/www.victoriamedia.org\\\/ld\\\/isaw-uusi-action-kameramerkki\\\/#primaryimage\"},\"thumbnailUrl\":\"http:\\\/\\\/www.victoriamedia.org\\\/ld\\\/wp-content\\\/uploads\\\/2013\\\/07\\\/print_q7QdwFeBqv-1024x784.jpg\",\"articleSection\":[\"Kamerat\"],\"inLanguage\":\"en-US\"},{\"@type\":\"WebPage\",\"@id\":\"https:\\\/\\\/www.victoriamedia.org\\\/ld\\\/isaw-uusi-action-kameramerkki\\\/\",\"url\":\"https:\\\/\\\/www.victoriamedia.org\\\/ld\\\/isaw-uusi-action-kameramerkki\\\/\",\"name\":\"iSAW, uusi action-kameramerkki - KAMERAT JA OPTISET LAITTEET\",\"isPartOf\":{\"@id\":\"https:\\\/\\\/www.victoriamedia.org\\\/ld\\\/#website\"},\"primaryImageOfPage\":{\"@id\":\"https:\\\/\\\/www.victoriamedia.org\\\/ld\\\/isaw-uusi-action-kameramerkki\\\/#primaryimage\"},\"image\":{\"@id\":\"https:\\\/\\\/www.victoriamedia.org\\\/ld\\\/isaw-uusi-action-kameramerkki\\\/#primaryimage\"},\"thumbnailUrl\":\"http:\\\/\\\/www.victoriamedia.org\\\/ld\\\/wp-content\\\/uploads\\\/2013\\\/07\\\/print_q7QdwFeBqv-1024x784.jpg\",\"datePublished\":\"2013-07-03T07:40:48+00:00\",\"breadcrumb\":{\"@id\":\"https:\\\/\\\/www.victoriamedia.org\\\/ld\\\/isaw-uusi-action-kameramerkki\\\/#breadcrumb\"},\"inLanguage\":\"en-US\",\"potentialAction\":[{\"@type\":\"ReadAction\",\"target\":[\"https:\\\/\\\/www.victoriamedia.org\\\/ld\\\/isaw-uusi-action-kameramerkki\\\/\"]}]},{\"@type\":\"ImageObject\",\"inLanguage\":\"en-US\",\"@id\":\"https:\\\/\\\/www.victoriamedia.org\\\/ld\\\/isaw-uusi-action-kameramerkki\\\/#primaryimage\",\"url\":\"https:\\\/\\\/www.victoriamedia.org\\\/ld\\\/wp-content\\\/uploads\\\/2013\\\/07\\\/print_q7QdwFeBqv.jpg\",\"contentUrl\":\"https:\\\/\\\/www.victoriamedia.org\\\/ld\\\/wp-content\\\/uploads\\\/2013\\\/07\\\/print_q7QdwFeBqv.jpg\",\"width\":4488,\"height\":3439},{\"@type\":\"BreadcrumbList\",\"@id\":\"https:\\\/\\\/www.victoriamedia.org\\\/ld\\\/isaw-uusi-action-kameramerkki\\\/#breadcrumb\",\"itemListElement\":[{\"@type\":\"ListItem\",\"position\":1,\"name\":\"Home\",\"item\":\"https:\\\/\\\/www.victoriamedia.org\\\/ld\\\/\"},{\"@type\":\"ListItem\",\"position\":2,\"name\":\"iSAW, uusi action-kameramerkki\"}]},{\"@type\":\"WebSite\",\"@id\":\"https:\\\/\\\/www.victoriamedia.org\\\/ld\\\/#website\",\"url\":\"https:\\\/\\\/www.victoriamedia.org\\\/ld\\\/\",\"name\":\"KAMERAT JA OPTISET LAITTEET\",\"description\":\"Kamerat Kiikarit ja optiset tarvikkeet\",\"publisher\":{\"@id\":\"https:\\\/\\\/www.victoriamedia.org\\\/ld\\\/#organization\"},\"potentialAction\":[{\"@type\":\"SearchAction\",\"target\":{\"@type\":\"EntryPoint\",\"urlTemplate\":\"https:\\\/\\\/www.victoriamedia.org\\\/ld\\\/?s={search_term_string}\"},\"query-input\":{\"@type\":\"PropertyValueSpecification\",\"valueRequired\":true,\"valueName\":\"search_term_string\"}}],\"inLanguage\":\"en-US\"},{\"@type\":\"Organization\",\"@id\":\"https:\\\/\\\/www.victoriamedia.org\\\/ld\\\/#organization\",\"name\":\"Victoria Media - Kamerauutiset\",\"url\":\"https:\\\/\\\/www.victoriamedia.org\\\/ld\\\/\",\"logo\":{\"@type\":\"ImageObject\",\"inLanguage\":\"en-US\",\"@id\":\"https:\\\/\\\/www.victoriamedia.org\\\/ld\\\/#\\\/schema\\\/logo\\\/image\\\/\",\"url\":\"https:\\\/\\\/www.victoriamedia.org\\\/ld\\\/wp-content\\\/uploads\\\/2022\\\/09\\\/292179098_555417722694101_2682724033383846896_n.png\",\"contentUrl\":\"https:\\\/\\\/www.victoriamedia.org\\\/ld\\\/wp-content\\\/uploads\\\/2022\\\/09\\\/292179098_555417722694101_2682724033383846896_n.png\",\"width\":215,\"height\":165,\"caption\":\"Victoria Media - Kamerauutiset\"},\"image\":{\"@id\":\"https:\\\/\\\/www.victoriamedia.org\\\/ld\\\/#\\\/schema\\\/logo\\\/image\\\/\"},\"sameAs\":[\"https:\\\/\\\/www.facebook.com\\\/victoriamedia\",\"https:\\\/\\\/x.com\\\/uutisparkki\"]},{\"@type\":\"Person\",\"@id\":\"https:\\\/\\\/www.victoriamedia.org\\\/ld\\\/#\\\/schema\\\/person\\\/a2e166f07bdda8a5ef0506501655c9ac\",\"name\":\"Kerttu Vali\",\"image\":{\"@type\":\"ImageObject\",\"inLanguage\":\"en-US\",\"@id\":\"https:\\\/\\\/secure.gravatar.com\\\/avatar\\\/62dbe1a847f655ad987c59fece23f885c4b0e7b06595c36d9597003852972217?s=96&d=mm&r=g\",\"url\":\"https:\\\/\\\/secure.gravatar.com\\\/avatar\\\/62dbe1a847f655ad987c59fece23f885c4b0e7b06595c36d9597003852972217?s=96&d=mm&r=g\",\"contentUrl\":\"https:\\\/\\\/secure.gravatar.com\\\/avatar\\\/62dbe1a847f655ad987c59fece23f885c4b0e7b06595c36d9597003852972217?s=96&d=mm&r=g\",\"caption\":\"Kerttu Vali\"},\"sameAs\":[\"http:\\\/\\\/www.victoriamedia.fi\\\/\"],\"url\":\"https:\\\/\\\/www.victoriamedia.org\\\/ld\\\/author\\\/kerttuvali\\\/\"}]}<\/script>\n<!-- \/ Yoast SEO plugin. -->","yoast_head_json":{"title":"iSAW, uusi action-kameramerkki - KAMERAT JA OPTISET LAITTEET","robots":{"index":"index","follow":"follow","max-snippet":"max-snippet:-1","max-image-preview":"max-image-preview:large","max-video-preview":"max-video-preview:-1"},"canonical":"https:\/\/www.victoriamedia.org\/ld\/isaw-uusi-action-kameramerkki\/","og_locale":"en_US","og_type":"article","og_title":"iSAW, uusi action-kameramerkki - KAMERAT JA OPTISET LAITTEET","og_description":"Etel\u00e4korealainen iSAW on ollut action-kameramarkkinoilla jo jonkin aikaa ja sill\u00e4 on ollut useita vahvoja kameramalleja. Nyt viimeinkin iSAW saapuu pohjolaan. Uuden edustajan, Focus Nordicin my\u00f6t\u00e4 jakelun lis\u00e4\u00e4ntyminen, sek\u00e4 uuden erinomaisilla ominaisuuksilla varustetun kameramallin my\u00f6t\u00e4, pystymme murtautumaan n\u00e4ille kasvaville markkinoille. iSAW Extreme on kehittynein action-kamera, jossa on useita ainutlaatuisia ominaisuuksia. Se tuottaa erinomaisia \u201dpoint of view\u201d [&hellip;]","og_url":"https:\/\/www.victoriamedia.org\/ld\/isaw-uusi-action-kameramerkki\/","og_site_name":"KAMERAT JA OPTISET LAITTEET","article_publisher":"https:\/\/www.facebook.com\/victoriamedia","article_published_time":"2013-07-03T07:40:48+00:00","og_image":[{"url":"http:\/\/www.victoriamedia.org\/ld\/wp-content\/uploads\/2013\/07\/print_q7QdwFeBqv-1024x784.jpg","type":"","width":"","height":""}],"author":"Kerttu Vali","twitter_card":"summary_large_image","twitter_creator":"@uutisparkki","twitter_site":"@uutisparkki","twitter_misc":{"Written by":"Kerttu Vali","Est. reading time":"2 minutes"},"schema":{"@context":"https:\/\/schema.org","@graph":[{"@type":"Article","@id":"https:\/\/www.victoriamedia.org\/ld\/isaw-uusi-action-kameramerkki\/#article","isPartOf":{"@id":"https:\/\/www.victoriamedia.org\/ld\/isaw-uusi-action-kameramerkki\/"},"author":{"name":"Kerttu Vali","@id":"https:\/\/www.victoriamedia.org\/ld\/#\/schema\/person\/a2e166f07bdda8a5ef0506501655c9ac"},"headline":"iSAW, uusi action-kameramerkki","datePublished":"2013-07-03T07:40:48+00:00","mainEntityOfPage":{"@id":"https:\/\/www.victoriamedia.org\/ld\/isaw-uusi-action-kameramerkki\/"},"wordCount":333,"publisher":{"@id":"https:\/\/www.victoriamedia.org\/ld\/#organization"},"image":{"@id":"https:\/\/www.victoriamedia.org\/ld\/isaw-uusi-action-kameramerkki\/#primaryimage"},"thumbnailUrl":"http:\/\/www.victoriamedia.org\/ld\/wp-content\/uploads\/2013\/07\/print_q7QdwFeBqv-1024x784.jpg","articleSection":["Kamerat"],"inLanguage":"en-US"},{"@type":"WebPage","@id":"https:\/\/www.victoriamedia.org\/ld\/isaw-uusi-action-kameramerkki\/","url":"https:\/\/www.victoriamedia.org\/ld\/isaw-uusi-action-kameramerkki\/","name":"iSAW, uusi action-kameramerkki - KAMERAT JA OPTISET LAITTEET","isPartOf":{"@id":"https:\/\/www.victoriamedia.org\/ld\/#website"},"primaryImageOfPage":{"@id":"https:\/\/www.victoriamedia.org\/ld\/isaw-uusi-action-kameramerkki\/#primaryimage"},"image":{"@id":"https:\/\/www.victoriamedia.org\/ld\/isaw-uusi-action-kameramerkki\/#primaryimage"},"thumbnailUrl":"http:\/\/www.victoriamedia.org\/ld\/wp-content\/uploads\/2013\/07\/print_q7QdwFeBqv-1024x784.jpg","datePublished":"2013-07-03T07:40:48+00:00","breadcrumb":{"@id":"https:\/\/www.victoriamedia.org\/ld\/isaw-uusi-action-kameramerkki\/#breadcrumb"},"inLanguage":"en-US","potentialAction":[{"@type":"ReadAction","target":["https:\/\/www.victoriamedia.org\/ld\/isaw-uusi-action-kameramerkki\/"]}]},{"@type":"ImageObject","inLanguage":"en-US","@id":"https:\/\/www.victoriamedia.org\/ld\/isaw-uusi-action-kameramerkki\/#primaryimage","url":"https:\/\/www.victoriamedia.org\/ld\/wp-content\/uploads\/2013\/07\/print_q7QdwFeBqv.jpg","contentUrl":"https:\/\/www.victoriamedia.org\/ld\/wp-content\/uploads\/2013\/07\/print_q7QdwFeBqv.jpg","width":4488,"height":3439},{"@type":"BreadcrumbList","@id":"https:\/\/www.victoriamedia.org\/ld\/isaw-uusi-action-kameramerkki\/#breadcrumb","itemListElement":[{"@type":"ListItem","position":1,"name":"Home","item":"https:\/\/www.victoriamedia.org\/ld\/"},{"@type":"ListItem","position":2,"name":"iSAW, uusi action-kameramerkki"}]},{"@type":"WebSite","@id":"https:\/\/www.victoriamedia.org\/ld\/#website","url":"https:\/\/www.victoriamedia.org\/ld\/","name":"KAMERAT JA OPTISET LAITTEET","description":"Kamerat Kiikarit ja optiset tarvikkeet","publisher":{"@id":"https:\/\/www.victoriamedia.org\/ld\/#organization"},"potentialAction":[{"@type":"SearchAction","target":{"@type":"EntryPoint","urlTemplate":"https:\/\/www.victoriamedia.org\/ld\/?s={search_term_string}"},"query-input":{"@type":"PropertyValueSpecification","valueRequired":true,"valueName":"search_term_string"}}],"inLanguage":"en-US"},{"@type":"Organization","@id":"https:\/\/www.victoriamedia.org\/ld\/#organization","name":"Victoria Media - Kamerauutiset","url":"https:\/\/www.victoriamedia.org\/ld\/","logo":{"@type":"ImageObject","inLanguage":"en-US","@id":"https:\/\/www.victoriamedia.org\/ld\/#\/schema\/logo\/image\/","url":"https:\/\/www.victoriamedia.org\/ld\/wp-content\/uploads\/2022\/09\/292179098_555417722694101_2682724033383846896_n.png","contentUrl":"https:\/\/www.victoriamedia.org\/ld\/wp-content\/uploads\/2022\/09\/292179098_555417722694101_2682724033383846896_n.png","width":215,"height":165,"caption":"Victoria Media - Kamerauutiset"},"image":{"@id":"https:\/\/www.victoriamedia.org\/ld\/#\/schema\/logo\/image\/"},"sameAs":["https:\/\/www.facebook.com\/victoriamedia","https:\/\/x.com\/uutisparkki"]},{"@type":"Person","@id":"https:\/\/www.victoriamedia.org\/ld\/#\/schema\/person\/a2e166f07bdda8a5ef0506501655c9ac","name":"Kerttu Vali","image":{"@type":"ImageObject","inLanguage":"en-US","@id":"https:\/\/secure.gravatar.com\/avatar\/62dbe1a847f655ad987c59fece23f885c4b0e7b06595c36d9597003852972217?s=96&d=mm&r=g","url":"https:\/\/secure.gravatar.com\/avatar\/62dbe1a847f655ad987c59fece23f885c4b0e7b06595c36d9597003852972217?s=96&d=mm&r=g","contentUrl":"https:\/\/secure.gravatar.com\/avatar\/62dbe1a847f655ad987c59fece23f885c4b0e7b06595c36d9597003852972217?s=96&d=mm&r=g","caption":"Kerttu Vali"},"sameAs":["http:\/\/www.victoriamedia.fi\/"],"url":"https:\/\/www.victoriamedia.org\/ld\/author\/kerttuvali\/"}]}},"_links":{"self":[{"href":"https:\/\/www.victoriamedia.org\/ld\/wp-json\/wp\/v2\/posts\/170","targetHints":{"allow":["GET"]}}],"collection":[{"href":"https:\/\/www.victoriamedia.org\/ld\/wp-json\/wp\/v2\/posts"}],"about":[{"href":"https:\/\/www.victoriamedia.org\/ld\/wp-json\/wp\/v2\/types\/post"}],"author":[{"embeddable":true,"href":"https:\/\/www.victoriamedia.org\/ld\/wp-json\/wp\/v2\/users\/1"}],"replies":[{"embeddable":true,"href":"https:\/\/www.victoriamedia.org\/ld\/wp-json\/wp\/v2\/comments?post=170"}],"version-history":[{"count":1,"href":"https:\/\/www.victoriamedia.org\/ld\/wp-json\/wp\/v2\/posts\/170\/revisions"}],"predecessor-version":[{"id":172,"href":"https:\/\/www.victoriamedia.org\/ld\/wp-json\/wp\/v2\/posts\/170\/revisions\/172"}],"wp:attachment":[{"href":"https:\/\/www.victoriamedia.org\/ld\/wp-json\/wp\/v2\/media?parent=170"}],"wp:term":[{"taxonomy":"category","embeddable":true,"href":"https:\/\/www.victoriamedia.org\/ld\/wp-json\/wp\/v2\/categories?post=170"},{"taxonomy":"post_tag","embeddable":true,"href":"https:\/\/www.victoriamedia.org\/ld\/wp-json\/wp\/v2\/tags?post=170"}],"curies":[{"name":"wp","href":"https:\/\/api.w.org\/{rel}","templated":true}]}}