{"id":167,"date":"2013-07-02T14:46:46","date_gmt":"2013-07-02T14:46:46","guid":{"rendered":"http:\/\/www.victoriamedia.org\/ld\/?p=167"},"modified":"2013-07-02T14:46:46","modified_gmt":"2013-07-02T14:46:46","slug":"nopea-ja-tarkka-canon-eos-70d-esittelee-uuden-sukupolven-tekniikkaa","status":"publish","type":"post","link":"https:\/\/www.victoriamedia.org\/ld\/nopea-ja-tarkka-canon-eos-70d-esittelee-uuden-sukupolven-tekniikkaa\/","title":{"rendered":"Nopea ja tarkka Canon EOS 70D esittelee uuden sukupolven tekniikkaa"},"content":{"rendered":"<p><a href=\"http:\/\/www.victoriamedia.org\/ld\/wp-content\/uploads\/2013\/07\/EOS-70D-FRA-VARI-ANGLE-MONITOR-OPEN-w-EF-S-18-55mm-IS-STM.jpg\"><img loading=\"lazy\" decoding=\"async\" class=\"alignnone  wp-image-168\" alt=\"EOS 70D FRA VARI ANGLE MONITOR OPEN w EF-S 18-55mm IS STM\" src=\"http:\/\/www.victoriamedia.org\/ld\/wp-content\/uploads\/2013\/07\/EOS-70D-FRA-VARI-ANGLE-MONITOR-OPEN-w-EF-S-18-55mm-IS-STM-1024x768.jpg\" width=\"413\" height=\"309\" srcset=\"https:\/\/www.victoriamedia.org\/ld\/wp-content\/uploads\/2013\/07\/EOS-70D-FRA-VARI-ANGLE-MONITOR-OPEN-w-EF-S-18-55mm-IS-STM-1024x768.jpg 1024w, https:\/\/www.victoriamedia.org\/ld\/wp-content\/uploads\/2013\/07\/EOS-70D-FRA-VARI-ANGLE-MONITOR-OPEN-w-EF-S-18-55mm-IS-STM-300x225.jpg 300w\" sizes=\"auto, (max-width: 413px) 100vw, 413px\" \/><\/a><\/p>\n<p>Innokkaille valokuvauksen harrastajille suunniteltu\u00a0Canon\u00a0EOS 70D sopii erityisesti tilannekuvien ja Full HD -videokuvan tallentamiseen.\u00a0Wi-Fi-liit\u00e4nt\u00e4 mahdollistaa kameran et\u00e4ohjauksen ja kuvien jakamisen. EOS 70D tulee myyntiin elokuun lopussa.<\/p>\n<p>EOS 70D\u00a0-kameran uusi tekniikka mahdollistaa tasaisen ja tarkan automaattitarkennuksen Full HD -videoita kuvattaessa ja Live View -tilassa still-kuvia tallennettaessa.\u00a0Kamera\u00a0pystyy tallentamaan 7 kuvaa sekunnissa t\u00e4ydell\u00e4 tarkkuudella ja jopa 65 JPEG-kuvaa tai 16 RAW-kuvaa yhdess\u00e4 sarjassa . Kameran ISO-herkkyysalue on 100\u201312800, mink\u00e4 ansiosta sill\u00e4 voidaan kuvata laadukkaita kuvia heikossa valaistuksessa lyhyell\u00e4 valotusajalla.<\/p>\n<p>Liikkuvakin kohde voidaan pit\u00e4\u00e4 videota kuvattaessa t\u00e4ysin tarkennettuna ja luoda vaikuttavia tarkennustehosteita. HDR-kuvaustoiminto mahdollistaa onnistuneet kuvat vaikeissa olosuhteissa yhdist\u00e4m\u00e4ll\u00e4 kolme valotusta yhdeksi. T\u00e4m\u00e4 takaa tarkemmat yksityiskohdat voimakkaasti ja heikosti valaistuilla alueilla.<\/p>\n<p>Suositusv\u00e4hitt\u00e4ishinnat:<\/p>\n<p>EOS 70D runko 1250 euroa (sis.alv)<\/p>\n<p>EOS 70D EF-S 18-55mm f\/3.5-5.6 IS STM 1500 euroa (sis.alv)<\/p>\n<p>EOS 70D EF-S 18-135mm f\/3.5-5.6 IS STM 1700 euroa (sis.alv)<\/p>\n","protected":false},"excerpt":{"rendered":"<p>Innokkaille valokuvauksen harrastajille suunniteltu\u00a0Canon\u00a0EOS 70D sopii erityisesti tilannekuvien ja Full HD -videokuvan tallentamiseen.\u00a0Wi-Fi-liit\u00e4nt\u00e4 mahdollistaa kameran et\u00e4ohjauksen ja kuvien jakamisen. EOS 70D tulee myyntiin elokuun lopussa. EOS 70D\u00a0-kameran uusi tekniikka mahdollistaa tasaisen ja tarkan automaattitarkennuksen Full HD -videoita kuvattaessa ja Live View -tilassa still-kuvia tallennettaessa.\u00a0Kamera\u00a0pystyy tallentamaan 7 kuvaa sekunnissa t\u00e4ydell\u00e4 tarkkuudella ja jopa 65 JPEG-kuvaa tai [&hellip;]<\/p>\n","protected":false},"author":1,"featured_media":0,"comment_status":"closed","ping_status":"open","sticky":false,"template":"","format":"standard","meta":{"footnotes":""},"categories":[24],"tags":[],"class_list":["post-167","post","type-post","status-publish","format-standard","hentry","category-kamerat"],"yoast_head":"<!-- This site is optimized with the Yoast SEO plugin v27.5 - https:\/\/yoast.com\/product\/yoast-seo-wordpress\/ -->\n<title>Nopea ja tarkka Canon EOS 70D esittelee uuden sukupolven tekniikkaa - KAMERAT JA OPTISET LAITTEET<\/title>\n<meta name=\"robots\" content=\"index, follow, max-snippet:-1, max-image-preview:large, max-video-preview:-1\" \/>\n<link rel=\"canonical\" href=\"https:\/\/www.victoriamedia.org\/ld\/nopea-ja-tarkka-canon-eos-70d-esittelee-uuden-sukupolven-tekniikkaa\/\" \/>\n<meta property=\"og:locale\" content=\"en_US\" \/>\n<meta property=\"og:type\" content=\"article\" \/>\n<meta property=\"og:title\" content=\"Nopea ja tarkka Canon EOS 70D esittelee uuden sukupolven tekniikkaa - KAMERAT JA OPTISET LAITTEET\" \/>\n<meta property=\"og:description\" content=\"Innokkaille valokuvauksen harrastajille suunniteltu\u00a0Canon\u00a0EOS 70D sopii erityisesti tilannekuvien ja Full HD -videokuvan tallentamiseen.\u00a0Wi-Fi-liit\u00e4nt\u00e4 mahdollistaa kameran et\u00e4ohjauksen ja kuvien jakamisen. EOS 70D tulee myyntiin elokuun lopussa. EOS 70D\u00a0-kameran uusi tekniikka mahdollistaa tasaisen ja tarkan automaattitarkennuksen Full HD -videoita kuvattaessa ja Live View -tilassa still-kuvia tallennettaessa.\u00a0Kamera\u00a0pystyy tallentamaan 7 kuvaa sekunnissa t\u00e4ydell\u00e4 tarkkuudella ja jopa 65 JPEG-kuvaa tai [&hellip;]\" \/>\n<meta property=\"og:url\" content=\"https:\/\/www.victoriamedia.org\/ld\/nopea-ja-tarkka-canon-eos-70d-esittelee-uuden-sukupolven-tekniikkaa\/\" \/>\n<meta property=\"og:site_name\" content=\"KAMERAT JA OPTISET LAITTEET\" \/>\n<meta property=\"article:publisher\" content=\"https:\/\/www.facebook.com\/victoriamedia\" \/>\n<meta property=\"article:published_time\" content=\"2013-07-02T14:46:46+00:00\" \/>\n<meta property=\"og:image\" content=\"http:\/\/www.victoriamedia.org\/ld\/wp-content\/uploads\/2013\/07\/EOS-70D-FRA-VARI-ANGLE-MONITOR-OPEN-w-EF-S-18-55mm-IS-STM-1024x768.jpg\" \/>\n<meta name=\"author\" content=\"Kerttu Vali\" \/>\n<meta name=\"twitter:card\" content=\"summary_large_image\" \/>\n<meta name=\"twitter:creator\" content=\"@uutisparkki\" \/>\n<meta name=\"twitter:site\" content=\"@uutisparkki\" \/>\n<meta name=\"twitter:label1\" content=\"Written by\" \/>\n\t<meta name=\"twitter:data1\" content=\"Kerttu Vali\" \/>\n\t<meta name=\"twitter:label2\" content=\"Est. reading time\" \/>\n\t<meta name=\"twitter:data2\" content=\"1 minute\" \/>\n<script type=\"application\/ld+json\" class=\"yoast-schema-graph\">{\"@context\":\"https:\\\/\\\/schema.org\",\"@graph\":[{\"@type\":\"Article\",\"@id\":\"https:\\\/\\\/www.victoriamedia.org\\\/ld\\\/nopea-ja-tarkka-canon-eos-70d-esittelee-uuden-sukupolven-tekniikkaa\\\/#article\",\"isPartOf\":{\"@id\":\"https:\\\/\\\/www.victoriamedia.org\\\/ld\\\/nopea-ja-tarkka-canon-eos-70d-esittelee-uuden-sukupolven-tekniikkaa\\\/\"},\"author\":{\"name\":\"Kerttu Vali\",\"@id\":\"https:\\\/\\\/www.victoriamedia.org\\\/ld\\\/#\\\/schema\\\/person\\\/a2e166f07bdda8a5ef0506501655c9ac\"},\"headline\":\"Nopea ja tarkka Canon EOS 70D esittelee uuden sukupolven tekniikkaa\",\"datePublished\":\"2013-07-02T14:46:46+00:00\",\"mainEntityOfPage\":{\"@id\":\"https:\\\/\\\/www.victoriamedia.org\\\/ld\\\/nopea-ja-tarkka-canon-eos-70d-esittelee-uuden-sukupolven-tekniikkaa\\\/\"},\"wordCount\":157,\"publisher\":{\"@id\":\"https:\\\/\\\/www.victoriamedia.org\\\/ld\\\/#organization\"},\"image\":{\"@id\":\"https:\\\/\\\/www.victoriamedia.org\\\/ld\\\/nopea-ja-tarkka-canon-eos-70d-esittelee-uuden-sukupolven-tekniikkaa\\\/#primaryimage\"},\"thumbnailUrl\":\"http:\\\/\\\/www.victoriamedia.org\\\/ld\\\/wp-content\\\/uploads\\\/2013\\\/07\\\/EOS-70D-FRA-VARI-ANGLE-MONITOR-OPEN-w-EF-S-18-55mm-IS-STM-1024x768.jpg\",\"articleSection\":[\"Kamerat\"],\"inLanguage\":\"en-US\"},{\"@type\":\"WebPage\",\"@id\":\"https:\\\/\\\/www.victoriamedia.org\\\/ld\\\/nopea-ja-tarkka-canon-eos-70d-esittelee-uuden-sukupolven-tekniikkaa\\\/\",\"url\":\"https:\\\/\\\/www.victoriamedia.org\\\/ld\\\/nopea-ja-tarkka-canon-eos-70d-esittelee-uuden-sukupolven-tekniikkaa\\\/\",\"name\":\"Nopea ja tarkka Canon EOS 70D esittelee uuden sukupolven tekniikkaa - KAMERAT JA OPTISET LAITTEET\",\"isPartOf\":{\"@id\":\"https:\\\/\\\/www.victoriamedia.org\\\/ld\\\/#website\"},\"primaryImageOfPage\":{\"@id\":\"https:\\\/\\\/www.victoriamedia.org\\\/ld\\\/nopea-ja-tarkka-canon-eos-70d-esittelee-uuden-sukupolven-tekniikkaa\\\/#primaryimage\"},\"image\":{\"@id\":\"https:\\\/\\\/www.victoriamedia.org\\\/ld\\\/nopea-ja-tarkka-canon-eos-70d-esittelee-uuden-sukupolven-tekniikkaa\\\/#primaryimage\"},\"thumbnailUrl\":\"http:\\\/\\\/www.victoriamedia.org\\\/ld\\\/wp-content\\\/uploads\\\/2013\\\/07\\\/EOS-70D-FRA-VARI-ANGLE-MONITOR-OPEN-w-EF-S-18-55mm-IS-STM-1024x768.jpg\",\"datePublished\":\"2013-07-02T14:46:46+00:00\",\"breadcrumb\":{\"@id\":\"https:\\\/\\\/www.victoriamedia.org\\\/ld\\\/nopea-ja-tarkka-canon-eos-70d-esittelee-uuden-sukupolven-tekniikkaa\\\/#breadcrumb\"},\"inLanguage\":\"en-US\",\"potentialAction\":[{\"@type\":\"ReadAction\",\"target\":[\"https:\\\/\\\/www.victoriamedia.org\\\/ld\\\/nopea-ja-tarkka-canon-eos-70d-esittelee-uuden-sukupolven-tekniikkaa\\\/\"]}]},{\"@type\":\"ImageObject\",\"inLanguage\":\"en-US\",\"@id\":\"https:\\\/\\\/www.victoriamedia.org\\\/ld\\\/nopea-ja-tarkka-canon-eos-70d-esittelee-uuden-sukupolven-tekniikkaa\\\/#primaryimage\",\"url\":\"https:\\\/\\\/www.victoriamedia.org\\\/ld\\\/wp-content\\\/uploads\\\/2013\\\/07\\\/EOS-70D-FRA-VARI-ANGLE-MONITOR-OPEN-w-EF-S-18-55mm-IS-STM.jpg\",\"contentUrl\":\"https:\\\/\\\/www.victoriamedia.org\\\/ld\\\/wp-content\\\/uploads\\\/2013\\\/07\\\/EOS-70D-FRA-VARI-ANGLE-MONITOR-OPEN-w-EF-S-18-55mm-IS-STM.jpg\",\"width\":3400,\"height\":2552},{\"@type\":\"BreadcrumbList\",\"@id\":\"https:\\\/\\\/www.victoriamedia.org\\\/ld\\\/nopea-ja-tarkka-canon-eos-70d-esittelee-uuden-sukupolven-tekniikkaa\\\/#breadcrumb\",\"itemListElement\":[{\"@type\":\"ListItem\",\"position\":1,\"name\":\"Home\",\"item\":\"https:\\\/\\\/www.victoriamedia.org\\\/ld\\\/\"},{\"@type\":\"ListItem\",\"position\":2,\"name\":\"Nopea ja tarkka Canon EOS 70D esittelee uuden sukupolven tekniikkaa\"}]},{\"@type\":\"WebSite\",\"@id\":\"https:\\\/\\\/www.victoriamedia.org\\\/ld\\\/#website\",\"url\":\"https:\\\/\\\/www.victoriamedia.org\\\/ld\\\/\",\"name\":\"KAMERAT JA OPTISET LAITTEET\",\"description\":\"Kamerat Kiikarit ja optiset tarvikkeet\",\"publisher\":{\"@id\":\"https:\\\/\\\/www.victoriamedia.org\\\/ld\\\/#organization\"},\"potentialAction\":[{\"@type\":\"SearchAction\",\"target\":{\"@type\":\"EntryPoint\",\"urlTemplate\":\"https:\\\/\\\/www.victoriamedia.org\\\/ld\\\/?s={search_term_string}\"},\"query-input\":{\"@type\":\"PropertyValueSpecification\",\"valueRequired\":true,\"valueName\":\"search_term_string\"}}],\"inLanguage\":\"en-US\"},{\"@type\":\"Organization\",\"@id\":\"https:\\\/\\\/www.victoriamedia.org\\\/ld\\\/#organization\",\"name\":\"Victoria Media - Kamerauutiset\",\"url\":\"https:\\\/\\\/www.victoriamedia.org\\\/ld\\\/\",\"logo\":{\"@type\":\"ImageObject\",\"inLanguage\":\"en-US\",\"@id\":\"https:\\\/\\\/www.victoriamedia.org\\\/ld\\\/#\\\/schema\\\/logo\\\/image\\\/\",\"url\":\"https:\\\/\\\/www.victoriamedia.org\\\/ld\\\/wp-content\\\/uploads\\\/2022\\\/09\\\/292179098_555417722694101_2682724033383846896_n.png\",\"contentUrl\":\"https:\\\/\\\/www.victoriamedia.org\\\/ld\\\/wp-content\\\/uploads\\\/2022\\\/09\\\/292179098_555417722694101_2682724033383846896_n.png\",\"width\":215,\"height\":165,\"caption\":\"Victoria Media - Kamerauutiset\"},\"image\":{\"@id\":\"https:\\\/\\\/www.victoriamedia.org\\\/ld\\\/#\\\/schema\\\/logo\\\/image\\\/\"},\"sameAs\":[\"https:\\\/\\\/www.facebook.com\\\/victoriamedia\",\"https:\\\/\\\/x.com\\\/uutisparkki\"]},{\"@type\":\"Person\",\"@id\":\"https:\\\/\\\/www.victoriamedia.org\\\/ld\\\/#\\\/schema\\\/person\\\/a2e166f07bdda8a5ef0506501655c9ac\",\"name\":\"Kerttu Vali\",\"image\":{\"@type\":\"ImageObject\",\"inLanguage\":\"en-US\",\"@id\":\"https:\\\/\\\/secure.gravatar.com\\\/avatar\\\/62dbe1a847f655ad987c59fece23f885c4b0e7b06595c36d9597003852972217?s=96&d=mm&r=g\",\"url\":\"https:\\\/\\\/secure.gravatar.com\\\/avatar\\\/62dbe1a847f655ad987c59fece23f885c4b0e7b06595c36d9597003852972217?s=96&d=mm&r=g\",\"contentUrl\":\"https:\\\/\\\/secure.gravatar.com\\\/avatar\\\/62dbe1a847f655ad987c59fece23f885c4b0e7b06595c36d9597003852972217?s=96&d=mm&r=g\",\"caption\":\"Kerttu Vali\"},\"sameAs\":[\"http:\\\/\\\/www.victoriamedia.fi\\\/\"],\"url\":\"https:\\\/\\\/www.victoriamedia.org\\\/ld\\\/author\\\/kerttuvali\\\/\"}]}<\/script>\n<!-- \/ Yoast SEO plugin. -->","yoast_head_json":{"title":"Nopea ja tarkka Canon EOS 70D esittelee uuden sukupolven tekniikkaa - KAMERAT JA OPTISET LAITTEET","robots":{"index":"index","follow":"follow","max-snippet":"max-snippet:-1","max-image-preview":"max-image-preview:large","max-video-preview":"max-video-preview:-1"},"canonical":"https:\/\/www.victoriamedia.org\/ld\/nopea-ja-tarkka-canon-eos-70d-esittelee-uuden-sukupolven-tekniikkaa\/","og_locale":"en_US","og_type":"article","og_title":"Nopea ja tarkka Canon EOS 70D esittelee uuden sukupolven tekniikkaa - KAMERAT JA OPTISET LAITTEET","og_description":"Innokkaille valokuvauksen harrastajille suunniteltu\u00a0Canon\u00a0EOS 70D sopii erityisesti tilannekuvien ja Full HD -videokuvan tallentamiseen.\u00a0Wi-Fi-liit\u00e4nt\u00e4 mahdollistaa kameran et\u00e4ohjauksen ja kuvien jakamisen. EOS 70D tulee myyntiin elokuun lopussa. EOS 70D\u00a0-kameran uusi tekniikka mahdollistaa tasaisen ja tarkan automaattitarkennuksen Full HD -videoita kuvattaessa ja Live View -tilassa still-kuvia tallennettaessa.\u00a0Kamera\u00a0pystyy tallentamaan 7 kuvaa sekunnissa t\u00e4ydell\u00e4 tarkkuudella ja jopa 65 JPEG-kuvaa tai [&hellip;]","og_url":"https:\/\/www.victoriamedia.org\/ld\/nopea-ja-tarkka-canon-eos-70d-esittelee-uuden-sukupolven-tekniikkaa\/","og_site_name":"KAMERAT JA OPTISET LAITTEET","article_publisher":"https:\/\/www.facebook.com\/victoriamedia","article_published_time":"2013-07-02T14:46:46+00:00","og_image":[{"url":"http:\/\/www.victoriamedia.org\/ld\/wp-content\/uploads\/2013\/07\/EOS-70D-FRA-VARI-ANGLE-MONITOR-OPEN-w-EF-S-18-55mm-IS-STM-1024x768.jpg","type":"","width":"","height":""}],"author":"Kerttu Vali","twitter_card":"summary_large_image","twitter_creator":"@uutisparkki","twitter_site":"@uutisparkki","twitter_misc":{"Written by":"Kerttu Vali","Est. reading time":"1 minute"},"schema":{"@context":"https:\/\/schema.org","@graph":[{"@type":"Article","@id":"https:\/\/www.victoriamedia.org\/ld\/nopea-ja-tarkka-canon-eos-70d-esittelee-uuden-sukupolven-tekniikkaa\/#article","isPartOf":{"@id":"https:\/\/www.victoriamedia.org\/ld\/nopea-ja-tarkka-canon-eos-70d-esittelee-uuden-sukupolven-tekniikkaa\/"},"author":{"name":"Kerttu Vali","@id":"https:\/\/www.victoriamedia.org\/ld\/#\/schema\/person\/a2e166f07bdda8a5ef0506501655c9ac"},"headline":"Nopea ja tarkka Canon EOS 70D esittelee uuden sukupolven tekniikkaa","datePublished":"2013-07-02T14:46:46+00:00","mainEntityOfPage":{"@id":"https:\/\/www.victoriamedia.org\/ld\/nopea-ja-tarkka-canon-eos-70d-esittelee-uuden-sukupolven-tekniikkaa\/"},"wordCount":157,"publisher":{"@id":"https:\/\/www.victoriamedia.org\/ld\/#organization"},"image":{"@id":"https:\/\/www.victoriamedia.org\/ld\/nopea-ja-tarkka-canon-eos-70d-esittelee-uuden-sukupolven-tekniikkaa\/#primaryimage"},"thumbnailUrl":"http:\/\/www.victoriamedia.org\/ld\/wp-content\/uploads\/2013\/07\/EOS-70D-FRA-VARI-ANGLE-MONITOR-OPEN-w-EF-S-18-55mm-IS-STM-1024x768.jpg","articleSection":["Kamerat"],"inLanguage":"en-US"},{"@type":"WebPage","@id":"https:\/\/www.victoriamedia.org\/ld\/nopea-ja-tarkka-canon-eos-70d-esittelee-uuden-sukupolven-tekniikkaa\/","url":"https:\/\/www.victoriamedia.org\/ld\/nopea-ja-tarkka-canon-eos-70d-esittelee-uuden-sukupolven-tekniikkaa\/","name":"Nopea ja tarkka Canon EOS 70D esittelee uuden sukupolven tekniikkaa - KAMERAT JA OPTISET LAITTEET","isPartOf":{"@id":"https:\/\/www.victoriamedia.org\/ld\/#website"},"primaryImageOfPage":{"@id":"https:\/\/www.victoriamedia.org\/ld\/nopea-ja-tarkka-canon-eos-70d-esittelee-uuden-sukupolven-tekniikkaa\/#primaryimage"},"image":{"@id":"https:\/\/www.victoriamedia.org\/ld\/nopea-ja-tarkka-canon-eos-70d-esittelee-uuden-sukupolven-tekniikkaa\/#primaryimage"},"thumbnailUrl":"http:\/\/www.victoriamedia.org\/ld\/wp-content\/uploads\/2013\/07\/EOS-70D-FRA-VARI-ANGLE-MONITOR-OPEN-w-EF-S-18-55mm-IS-STM-1024x768.jpg","datePublished":"2013-07-02T14:46:46+00:00","breadcrumb":{"@id":"https:\/\/www.victoriamedia.org\/ld\/nopea-ja-tarkka-canon-eos-70d-esittelee-uuden-sukupolven-tekniikkaa\/#breadcrumb"},"inLanguage":"en-US","potentialAction":[{"@type":"ReadAction","target":["https:\/\/www.victoriamedia.org\/ld\/nopea-ja-tarkka-canon-eos-70d-esittelee-uuden-sukupolven-tekniikkaa\/"]}]},{"@type":"ImageObject","inLanguage":"en-US","@id":"https:\/\/www.victoriamedia.org\/ld\/nopea-ja-tarkka-canon-eos-70d-esittelee-uuden-sukupolven-tekniikkaa\/#primaryimage","url":"https:\/\/www.victoriamedia.org\/ld\/wp-content\/uploads\/2013\/07\/EOS-70D-FRA-VARI-ANGLE-MONITOR-OPEN-w-EF-S-18-55mm-IS-STM.jpg","contentUrl":"https:\/\/www.victoriamedia.org\/ld\/wp-content\/uploads\/2013\/07\/EOS-70D-FRA-VARI-ANGLE-MONITOR-OPEN-w-EF-S-18-55mm-IS-STM.jpg","width":3400,"height":2552},{"@type":"BreadcrumbList","@id":"https:\/\/www.victoriamedia.org\/ld\/nopea-ja-tarkka-canon-eos-70d-esittelee-uuden-sukupolven-tekniikkaa\/#breadcrumb","itemListElement":[{"@type":"ListItem","position":1,"name":"Home","item":"https:\/\/www.victoriamedia.org\/ld\/"},{"@type":"ListItem","position":2,"name":"Nopea ja tarkka Canon EOS 70D esittelee uuden sukupolven tekniikkaa"}]},{"@type":"WebSite","@id":"https:\/\/www.victoriamedia.org\/ld\/#website","url":"https:\/\/www.victoriamedia.org\/ld\/","name":"KAMERAT JA OPTISET LAITTEET","description":"Kamerat Kiikarit ja optiset tarvikkeet","publisher":{"@id":"https:\/\/www.victoriamedia.org\/ld\/#organization"},"potentialAction":[{"@type":"SearchAction","target":{"@type":"EntryPoint","urlTemplate":"https:\/\/www.victoriamedia.org\/ld\/?s={search_term_string}"},"query-input":{"@type":"PropertyValueSpecification","valueRequired":true,"valueName":"search_term_string"}}],"inLanguage":"en-US"},{"@type":"Organization","@id":"https:\/\/www.victoriamedia.org\/ld\/#organization","name":"Victoria Media - Kamerauutiset","url":"https:\/\/www.victoriamedia.org\/ld\/","logo":{"@type":"ImageObject","inLanguage":"en-US","@id":"https:\/\/www.victoriamedia.org\/ld\/#\/schema\/logo\/image\/","url":"https:\/\/www.victoriamedia.org\/ld\/wp-content\/uploads\/2022\/09\/292179098_555417722694101_2682724033383846896_n.png","contentUrl":"https:\/\/www.victoriamedia.org\/ld\/wp-content\/uploads\/2022\/09\/292179098_555417722694101_2682724033383846896_n.png","width":215,"height":165,"caption":"Victoria Media - Kamerauutiset"},"image":{"@id":"https:\/\/www.victoriamedia.org\/ld\/#\/schema\/logo\/image\/"},"sameAs":["https:\/\/www.facebook.com\/victoriamedia","https:\/\/x.com\/uutisparkki"]},{"@type":"Person","@id":"https:\/\/www.victoriamedia.org\/ld\/#\/schema\/person\/a2e166f07bdda8a5ef0506501655c9ac","name":"Kerttu Vali","image":{"@type":"ImageObject","inLanguage":"en-US","@id":"https:\/\/secure.gravatar.com\/avatar\/62dbe1a847f655ad987c59fece23f885c4b0e7b06595c36d9597003852972217?s=96&d=mm&r=g","url":"https:\/\/secure.gravatar.com\/avatar\/62dbe1a847f655ad987c59fece23f885c4b0e7b06595c36d9597003852972217?s=96&d=mm&r=g","contentUrl":"https:\/\/secure.gravatar.com\/avatar\/62dbe1a847f655ad987c59fece23f885c4b0e7b06595c36d9597003852972217?s=96&d=mm&r=g","caption":"Kerttu Vali"},"sameAs":["http:\/\/www.victoriamedia.fi\/"],"url":"https:\/\/www.victoriamedia.org\/ld\/author\/kerttuvali\/"}]}},"_links":{"self":[{"href":"https:\/\/www.victoriamedia.org\/ld\/wp-json\/wp\/v2\/posts\/167","targetHints":{"allow":["GET"]}}],"collection":[{"href":"https:\/\/www.victoriamedia.org\/ld\/wp-json\/wp\/v2\/posts"}],"about":[{"href":"https:\/\/www.victoriamedia.org\/ld\/wp-json\/wp\/v2\/types\/post"}],"author":[{"embeddable":true,"href":"https:\/\/www.victoriamedia.org\/ld\/wp-json\/wp\/v2\/users\/1"}],"replies":[{"embeddable":true,"href":"https:\/\/www.victoriamedia.org\/ld\/wp-json\/wp\/v2\/comments?post=167"}],"version-history":[{"count":1,"href":"https:\/\/www.victoriamedia.org\/ld\/wp-json\/wp\/v2\/posts\/167\/revisions"}],"predecessor-version":[{"id":169,"href":"https:\/\/www.victoriamedia.org\/ld\/wp-json\/wp\/v2\/posts\/167\/revisions\/169"}],"wp:attachment":[{"href":"https:\/\/www.victoriamedia.org\/ld\/wp-json\/wp\/v2\/media?parent=167"}],"wp:term":[{"taxonomy":"category","embeddable":true,"href":"https:\/\/www.victoriamedia.org\/ld\/wp-json\/wp\/v2\/categories?post=167"},{"taxonomy":"post_tag","embeddable":true,"href":"https:\/\/www.victoriamedia.org\/ld\/wp-json\/wp\/v2\/tags?post=167"}],"curies":[{"name":"wp","href":"https:\/\/api.w.org\/{rel}","templated":true}]}}