{"id":163,"date":"2013-06-26T09:22:32","date_gmt":"2013-06-26T09:22:32","guid":{"rendered":"http:\/\/www.victoriamedia.org\/ld\/?p=163"},"modified":"2013-06-26T09:22:32","modified_gmt":"2013-06-26T09:22:32","slug":"fujifilm-x-m1-uusi-kompakti-fujifilm-jarjestelmakamera","status":"publish","type":"post","link":"https:\/\/www.victoriamedia.org\/ld\/fujifilm-x-m1-uusi-kompakti-fujifilm-jarjestelmakamera\/","title":{"rendered":"FUJIFILM X-M1 \u2013 Uusi kompakti FUJIFILM-j\u00e4rjestelm\u00e4kamera"},"content":{"rendered":"<p><a href=\"http:\/\/www.victoriamedia.org\/ld\/wp-content\/uploads\/2013\/06\/wofzng1woo6s6g6efkaw.jpg\"><img loading=\"lazy\" decoding=\"async\" class=\"alignnone size-full wp-image-164\" alt=\"wofzng1woo6s6g6efkaw\" src=\"http:\/\/www.victoriamedia.org\/ld\/wp-content\/uploads\/2013\/06\/wofzng1woo6s6g6efkaw.jpg\" width=\"341\" height=\"341\" srcset=\"https:\/\/www.victoriamedia.org\/ld\/wp-content\/uploads\/2013\/06\/wofzng1woo6s6g6efkaw.jpg 341w, https:\/\/www.victoriamedia.org\/ld\/wp-content\/uploads\/2013\/06\/wofzng1woo6s6g6efkaw-150x150.jpg 150w, https:\/\/www.victoriamedia.org\/ld\/wp-content\/uploads\/2013\/06\/wofzng1woo6s6g6efkaw-300x300.jpg 300w\" sizes=\"auto, (max-width: 341px) 100vw, 341px\" \/><\/a><\/p>\n<p><b>FUJIFILM lis\u00e4\u00e4 kompaktien X-sarjan j\u00e4rjestelm\u00e4kameroiden valikoimaa uudella FUJIFILM X-M1:ll\u00e4. X-M1 on sarjan t\u00e4h\u00e4n asti pienin ja kevyin kamera; samalla loistavalla kuvanlaadulla ja kuvakennolla (APS-C X-Trans CMOS) kuin edelt\u00e4j\u00e4ns\u00e4 X-E1 ja X-Pro1. Fujifilmin X-Trans CMOS -kennossa on ainutlaatuinen v\u00e4risuodin, joka minimoi ei-toivottua tietoa alip\u00e4\u00e4st\u00f6suodinta k\u00e4ytt\u00e4m\u00e4tt\u00e4. Tuloksena kuvat fantastisella yksityiskohtien kirjolla \u2013 ja tarkkuus samaa luokkaa kuin t\u00e4yden koon kennoissa.<\/b><\/p>\n<p>X-M1:ss\u00e4 on, kompaktista koostaan huolimatta, suuri, kallistettava 3 tuuman LCD-n\u00e4ytt\u00f6 (920 000 pistett\u00e4), sis\u00e4\u00e4nrakennettu salama ja lis\u00e4tarvikekenk\u00e4. Kamerassa on my\u00f6s erityinen painike, josta p\u00e4\u00e4see suoraan FULL HD -videokuvaukseen ja useaan luovaan kuvaustoimintoon (kehittyneet suotimet ja videosimulointi), sek\u00e4 langaton kuvansiirto \u00e4lypuhelimiin, tabletteihin ja PC:hen.<\/p>\n<p>Uusi EXR Processor II tekee kamerasta nopean k\u00e4sittelyss\u00e4, k\u00e4ynnistyksess\u00e4 ja sarjakuvauksessa (5,6 kuvaa\/sek). S\u00e4\u00e4t\u00f6jen ja painikkeiden uuden, paremman sijoittelun ja nopean yleiskuvan antavan Q(quick)-valikon ansiosta kameran kaikki toiminnot ja asetukset ovat helposti k\u00e4sill\u00e4.<\/p>\n<p>Yhdess\u00e4 X-M1:n kanssa esitell\u00e4\u00e4n my\u00f6s uusi zoomobjektiivi, XC16-50mm F3.5-5.6 sis\u00e4\u00e4nrakennetulla kuvanvakaimella. T\u00e4m\u00e4 objektiivi sopii moneen eri kuvaustilanteeseen ja kohteeseen, ja on suunniteltu t\u00e4ydent\u00e4m\u00e4\u00e4n X-M1:\u00e4 parhaalla tavalla. Fujifilmin X-sarjan j\u00e4rjestelm\u00e4kameroihin sopivia objektiiveja on jo ennest\u00e4\u00e4n 6 kpl, 4 kiinte\u00e4\u00e4 objektiivia ja 2 zoomobjektiivia.<\/p>\n<p><strong>FUJUFILM X M1 Product Tour Movie:<\/strong><\/p>\n<p><code><object width=\"560\" height=\"315\" classid=\"clsid:d27cdb6e-ae6d-11cf-96b8-444553540000\" codebase=\"http:\/\/download.macromedia.com\/pub\/shockwave\/cabs\/flash\/swflash.cab#version=6,0,40,0\"><param name=\"allowFullScreen\" value=\"true\" \/><param name=\"allowscriptaccess\" value=\"always\" \/><param name=\"src\" value=\"http:\/\/www.youtube.com\/v\/6FyUvfjZFXI?hl=fi_FI&amp;version=3&amp;rel=0\" \/><param name=\"allowfullscreen\" value=\"true\" \/><embed width=\"560\" height=\"315\" type=\"application\/x-shockwave-flash\" src=\"http:\/\/www.youtube.com\/v\/6FyUvfjZFXI?hl=fi_FI&amp;version=3&amp;rel=0\" allowFullScreen=\"true\" allowscriptaccess=\"always\" allowfullscreen=\"true\" \/><\/object><\/code><\/p>\n<p><b>Toiminnot:<\/b><br \/>\n&#8211; 16.3 megapikselin APS-C X-Trans CMOS \u2013kenno (sama kuin X-Pro1\/X-E1)<br \/>\n&#8211; EXR Processor II<br \/>\n&#8211; Nopea k\u00e4ynnistys (0.5sek Quick-toiminnossa), 0.05 sek suljinviivell\u00e4 ja sarjakuvaus jopa 5,6 kuvaa\/sek<br \/>\n&#8211; Kompakti ja kevyt kamerarunko (ainoastaan 330g)<br \/>\n&#8211; Kallistettava 3 tuuman LCD-n\u00e4ytt\u00f6 (920 000 pistett\u00e4)<br \/>\n&#8211; Sis\u00e4\u00e4nrakennettu salama FUJIFILM Super i-Flash -tekniikalla<br \/>\n&#8211; Full HD \u2013videokuvaus 30 kuvaa\/sek<br \/>\n&#8211; Luovia efektej\u00e4: 8 edistynytt\u00e4 filtteri\u00e4 ja 5 eri videosimulointia<br \/>\n&#8211; Raw-kehitys suoraan kamerassa<br \/>\n&#8211; Q (quick)-valikko \u2013 nopea p\u00e4\u00e4sy tavallisimpiin asetuksiin<br \/>\n&#8211; Lis\u00e4tarvikekenk\u00e4 esim. ulkoiselle salamalle<br \/>\n&#8211; Langaton kuvansiirto \u00e4lypuhelimiin, tabletteihin ja PC:hen<br \/>\n&#8211; Langaton varmuuskopiointi PC:hen<br \/>\n&#8211; Saatavana v\u00e4reiss\u00e4 musta, hopea ja ruskea<\/p>\n<p><b>Saatavuus ja hinta:<\/b><br \/>\nFUJIFILM X-M1 tulee saataville kamerarunkona tai pakettina, jossa joko uusi zoomobjektiivi, XC16-50mm tai uusi kiinte\u00e4 objektiivi, XF27mm. V\u00e4rit musta ja hopea saatavilla hein\u00e4kuun lopulla ja ruskea my\u00f6hemmin syksyll\u00e4.<\/p>\n<p><i>FUJIFILM X-M1 ainoastaan kamerarunko Hinta: 699 EUR<br \/>\nFUJIFILM X-M1 ja XC16-50 F3,5-5,6 Hinta: 799 EUR<br \/>\nFUJIFILM X-M1 ja XF27 F2,8 Hinta: 899 EUR<br \/>\nFUJINON XC16-50mmF3.5-5.6 OIS Hinta: 449 EUR<\/i><\/p>\n<p><b>FUJIFILM laajentaa my\u00f6s XF-objektiivien valikoimaansa uudella kompaktilla Fujinon XF27mm F2,8 -objektiivilla<\/b><br \/>\nObjektiivi sopii useiden eri kohteiden kuvaukseen nopean automaattitarkennuksen ja monipuolisen 27mm:n (vastaa 41mm, 35mm) polttov\u00e4lins\u00e4 ansiosta. Kevyen ja sulavan suunnittelunsa (78g ja 23mm) ansiosta kameran voi ottaa mukaan minne tahansa. XF27mm F2,8 tulee v\u00e4reiss\u00e4 hopea ja musta.<\/p>\n<p><b>Toiminnot:<\/b><br \/>\n&#8211; f=27mm (vastaa 41mm)<br \/>\n&#8211; Suurin aukko: F2.8<br \/>\n&#8211; Pienin aukko: F16<br \/>\n&#8211; L\u00e4hiet\u00e4isyys: 0,6m (makro: 34 cm)<br \/>\n&#8211; 7 linssielementti\u00e4 5 ryhm\u00e4ss\u00e4 (1 asf\u00e4\u00e4rinen elementti mukana)<br \/>\n&#8211; Paino: 78g<br \/>\n&#8211; Mitat: \u03c661.2mm x 23mm<br \/>\n&#8211; Suotimen halkaisija: \u03c639mm<\/p>\n<p><i>Saatavilla hein\u00e4kuun lopussa (hopea syyskuussa)<br \/>\nHinta: 479 EUR<\/i><\/p>\n","protected":false},"excerpt":{"rendered":"<p>FUJIFILM lis\u00e4\u00e4 kompaktien X-sarjan j\u00e4rjestelm\u00e4kameroiden valikoimaa uudella FUJIFILM X-M1:ll\u00e4. X-M1 on sarjan t\u00e4h\u00e4n asti pienin ja kevyin kamera; samalla loistavalla kuvanlaadulla ja kuvakennolla (APS-C X-Trans CMOS) kuin edelt\u00e4j\u00e4ns\u00e4 X-E1 ja X-Pro1. Fujifilmin X-Trans CMOS -kennossa on ainutlaatuinen v\u00e4risuodin, joka minimoi ei-toivottua tietoa alip\u00e4\u00e4st\u00f6suodinta k\u00e4ytt\u00e4m\u00e4tt\u00e4. Tuloksena kuvat fantastisella yksityiskohtien kirjolla \u2013 ja tarkkuus samaa luokkaa kuin [&hellip;]<\/p>\n","protected":false},"author":1,"featured_media":0,"comment_status":"closed","ping_status":"open","sticky":false,"template":"","format":"standard","meta":{"footnotes":""},"categories":[24],"tags":[],"class_list":["post-163","post","type-post","status-publish","format-standard","hentry","category-kamerat"],"yoast_head":"<!-- This site is optimized with the Yoast SEO plugin v27.5 - https:\/\/yoast.com\/product\/yoast-seo-wordpress\/ -->\n<title>FUJIFILM X-M1 \u2013 Uusi kompakti FUJIFILM-j\u00e4rjestelm\u00e4kamera - KAMERAT JA OPTISET LAITTEET<\/title>\n<meta name=\"robots\" content=\"index, follow, max-snippet:-1, max-image-preview:large, max-video-preview:-1\" \/>\n<link rel=\"canonical\" href=\"https:\/\/www.victoriamedia.org\/ld\/fujifilm-x-m1-uusi-kompakti-fujifilm-jarjestelmakamera\/\" \/>\n<meta property=\"og:locale\" content=\"en_US\" \/>\n<meta property=\"og:type\" content=\"article\" \/>\n<meta property=\"og:title\" content=\"FUJIFILM X-M1 \u2013 Uusi kompakti FUJIFILM-j\u00e4rjestelm\u00e4kamera - KAMERAT JA OPTISET LAITTEET\" \/>\n<meta property=\"og:description\" content=\"FUJIFILM lis\u00e4\u00e4 kompaktien X-sarjan j\u00e4rjestelm\u00e4kameroiden valikoimaa uudella FUJIFILM X-M1:ll\u00e4. X-M1 on sarjan t\u00e4h\u00e4n asti pienin ja kevyin kamera; samalla loistavalla kuvanlaadulla ja kuvakennolla (APS-C X-Trans CMOS) kuin edelt\u00e4j\u00e4ns\u00e4 X-E1 ja X-Pro1. Fujifilmin X-Trans CMOS -kennossa on ainutlaatuinen v\u00e4risuodin, joka minimoi ei-toivottua tietoa alip\u00e4\u00e4st\u00f6suodinta k\u00e4ytt\u00e4m\u00e4tt\u00e4. Tuloksena kuvat fantastisella yksityiskohtien kirjolla \u2013 ja tarkkuus samaa luokkaa kuin [&hellip;]\" \/>\n<meta property=\"og:url\" content=\"https:\/\/www.victoriamedia.org\/ld\/fujifilm-x-m1-uusi-kompakti-fujifilm-jarjestelmakamera\/\" \/>\n<meta property=\"og:site_name\" content=\"KAMERAT JA OPTISET LAITTEET\" \/>\n<meta property=\"article:publisher\" content=\"https:\/\/www.facebook.com\/victoriamedia\" \/>\n<meta property=\"article:published_time\" content=\"2013-06-26T09:22:32+00:00\" \/>\n<meta property=\"og:image\" content=\"http:\/\/www.victoriamedia.org\/ld\/wp-content\/uploads\/2013\/06\/wofzng1woo6s6g6efkaw.jpg\" \/>\n<meta name=\"author\" content=\"Kerttu Vali\" \/>\n<meta name=\"twitter:card\" content=\"summary_large_image\" \/>\n<meta name=\"twitter:creator\" content=\"@uutisparkki\" \/>\n<meta name=\"twitter:site\" content=\"@uutisparkki\" \/>\n<meta name=\"twitter:label1\" content=\"Written by\" \/>\n\t<meta name=\"twitter:data1\" content=\"Kerttu Vali\" \/>\n\t<meta name=\"twitter:label2\" content=\"Est. reading time\" \/>\n\t<meta name=\"twitter:data2\" content=\"2 minutes\" \/>\n<script type=\"application\/ld+json\" class=\"yoast-schema-graph\">{\"@context\":\"https:\\\/\\\/schema.org\",\"@graph\":[{\"@type\":\"Article\",\"@id\":\"https:\\\/\\\/www.victoriamedia.org\\\/ld\\\/fujifilm-x-m1-uusi-kompakti-fujifilm-jarjestelmakamera\\\/#article\",\"isPartOf\":{\"@id\":\"https:\\\/\\\/www.victoriamedia.org\\\/ld\\\/fujifilm-x-m1-uusi-kompakti-fujifilm-jarjestelmakamera\\\/\"},\"author\":{\"name\":\"Kerttu Vali\",\"@id\":\"https:\\\/\\\/www.victoriamedia.org\\\/ld\\\/#\\\/schema\\\/person\\\/a2e166f07bdda8a5ef0506501655c9ac\"},\"headline\":\"FUJIFILM X-M1 \u2013 Uusi kompakti FUJIFILM-j\u00e4rjestelm\u00e4kamera\",\"datePublished\":\"2013-06-26T09:22:32+00:00\",\"mainEntityOfPage\":{\"@id\":\"https:\\\/\\\/www.victoriamedia.org\\\/ld\\\/fujifilm-x-m1-uusi-kompakti-fujifilm-jarjestelmakamera\\\/\"},\"wordCount\":497,\"publisher\":{\"@id\":\"https:\\\/\\\/www.victoriamedia.org\\\/ld\\\/#organization\"},\"image\":{\"@id\":\"https:\\\/\\\/www.victoriamedia.org\\\/ld\\\/fujifilm-x-m1-uusi-kompakti-fujifilm-jarjestelmakamera\\\/#primaryimage\"},\"thumbnailUrl\":\"http:\\\/\\\/www.victoriamedia.org\\\/ld\\\/wp-content\\\/uploads\\\/2013\\\/06\\\/wofzng1woo6s6g6efkaw.jpg\",\"articleSection\":[\"Kamerat\"],\"inLanguage\":\"en-US\"},{\"@type\":\"WebPage\",\"@id\":\"https:\\\/\\\/www.victoriamedia.org\\\/ld\\\/fujifilm-x-m1-uusi-kompakti-fujifilm-jarjestelmakamera\\\/\",\"url\":\"https:\\\/\\\/www.victoriamedia.org\\\/ld\\\/fujifilm-x-m1-uusi-kompakti-fujifilm-jarjestelmakamera\\\/\",\"name\":\"FUJIFILM X-M1 \u2013 Uusi kompakti FUJIFILM-j\u00e4rjestelm\u00e4kamera - KAMERAT JA OPTISET LAITTEET\",\"isPartOf\":{\"@id\":\"https:\\\/\\\/www.victoriamedia.org\\\/ld\\\/#website\"},\"primaryImageOfPage\":{\"@id\":\"https:\\\/\\\/www.victoriamedia.org\\\/ld\\\/fujifilm-x-m1-uusi-kompakti-fujifilm-jarjestelmakamera\\\/#primaryimage\"},\"image\":{\"@id\":\"https:\\\/\\\/www.victoriamedia.org\\\/ld\\\/fujifilm-x-m1-uusi-kompakti-fujifilm-jarjestelmakamera\\\/#primaryimage\"},\"thumbnailUrl\":\"http:\\\/\\\/www.victoriamedia.org\\\/ld\\\/wp-content\\\/uploads\\\/2013\\\/06\\\/wofzng1woo6s6g6efkaw.jpg\",\"datePublished\":\"2013-06-26T09:22:32+00:00\",\"breadcrumb\":{\"@id\":\"https:\\\/\\\/www.victoriamedia.org\\\/ld\\\/fujifilm-x-m1-uusi-kompakti-fujifilm-jarjestelmakamera\\\/#breadcrumb\"},\"inLanguage\":\"en-US\",\"potentialAction\":[{\"@type\":\"ReadAction\",\"target\":[\"https:\\\/\\\/www.victoriamedia.org\\\/ld\\\/fujifilm-x-m1-uusi-kompakti-fujifilm-jarjestelmakamera\\\/\"]}]},{\"@type\":\"ImageObject\",\"inLanguage\":\"en-US\",\"@id\":\"https:\\\/\\\/www.victoriamedia.org\\\/ld\\\/fujifilm-x-m1-uusi-kompakti-fujifilm-jarjestelmakamera\\\/#primaryimage\",\"url\":\"https:\\\/\\\/www.victoriamedia.org\\\/ld\\\/wp-content\\\/uploads\\\/2013\\\/06\\\/wofzng1woo6s6g6efkaw.jpg\",\"contentUrl\":\"https:\\\/\\\/www.victoriamedia.org\\\/ld\\\/wp-content\\\/uploads\\\/2013\\\/06\\\/wofzng1woo6s6g6efkaw.jpg\",\"width\":341,\"height\":341},{\"@type\":\"BreadcrumbList\",\"@id\":\"https:\\\/\\\/www.victoriamedia.org\\\/ld\\\/fujifilm-x-m1-uusi-kompakti-fujifilm-jarjestelmakamera\\\/#breadcrumb\",\"itemListElement\":[{\"@type\":\"ListItem\",\"position\":1,\"name\":\"Home\",\"item\":\"https:\\\/\\\/www.victoriamedia.org\\\/ld\\\/\"},{\"@type\":\"ListItem\",\"position\":2,\"name\":\"FUJIFILM X-M1 \u2013 Uusi kompakti FUJIFILM-j\u00e4rjestelm\u00e4kamera\"}]},{\"@type\":\"WebSite\",\"@id\":\"https:\\\/\\\/www.victoriamedia.org\\\/ld\\\/#website\",\"url\":\"https:\\\/\\\/www.victoriamedia.org\\\/ld\\\/\",\"name\":\"KAMERAT JA OPTISET LAITTEET\",\"description\":\"Kamerat Kiikarit ja optiset tarvikkeet\",\"publisher\":{\"@id\":\"https:\\\/\\\/www.victoriamedia.org\\\/ld\\\/#organization\"},\"potentialAction\":[{\"@type\":\"SearchAction\",\"target\":{\"@type\":\"EntryPoint\",\"urlTemplate\":\"https:\\\/\\\/www.victoriamedia.org\\\/ld\\\/?s={search_term_string}\"},\"query-input\":{\"@type\":\"PropertyValueSpecification\",\"valueRequired\":true,\"valueName\":\"search_term_string\"}}],\"inLanguage\":\"en-US\"},{\"@type\":\"Organization\",\"@id\":\"https:\\\/\\\/www.victoriamedia.org\\\/ld\\\/#organization\",\"name\":\"Victoria Media - Kamerauutiset\",\"url\":\"https:\\\/\\\/www.victoriamedia.org\\\/ld\\\/\",\"logo\":{\"@type\":\"ImageObject\",\"inLanguage\":\"en-US\",\"@id\":\"https:\\\/\\\/www.victoriamedia.org\\\/ld\\\/#\\\/schema\\\/logo\\\/image\\\/\",\"url\":\"https:\\\/\\\/www.victoriamedia.org\\\/ld\\\/wp-content\\\/uploads\\\/2022\\\/09\\\/292179098_555417722694101_2682724033383846896_n.png\",\"contentUrl\":\"https:\\\/\\\/www.victoriamedia.org\\\/ld\\\/wp-content\\\/uploads\\\/2022\\\/09\\\/292179098_555417722694101_2682724033383846896_n.png\",\"width\":215,\"height\":165,\"caption\":\"Victoria Media - Kamerauutiset\"},\"image\":{\"@id\":\"https:\\\/\\\/www.victoriamedia.org\\\/ld\\\/#\\\/schema\\\/logo\\\/image\\\/\"},\"sameAs\":[\"https:\\\/\\\/www.facebook.com\\\/victoriamedia\",\"https:\\\/\\\/x.com\\\/uutisparkki\"]},{\"@type\":\"Person\",\"@id\":\"https:\\\/\\\/www.victoriamedia.org\\\/ld\\\/#\\\/schema\\\/person\\\/a2e166f07bdda8a5ef0506501655c9ac\",\"name\":\"Kerttu Vali\",\"image\":{\"@type\":\"ImageObject\",\"inLanguage\":\"en-US\",\"@id\":\"https:\\\/\\\/secure.gravatar.com\\\/avatar\\\/62dbe1a847f655ad987c59fece23f885c4b0e7b06595c36d9597003852972217?s=96&d=mm&r=g\",\"url\":\"https:\\\/\\\/secure.gravatar.com\\\/avatar\\\/62dbe1a847f655ad987c59fece23f885c4b0e7b06595c36d9597003852972217?s=96&d=mm&r=g\",\"contentUrl\":\"https:\\\/\\\/secure.gravatar.com\\\/avatar\\\/62dbe1a847f655ad987c59fece23f885c4b0e7b06595c36d9597003852972217?s=96&d=mm&r=g\",\"caption\":\"Kerttu Vali\"},\"sameAs\":[\"http:\\\/\\\/www.victoriamedia.fi\\\/\"],\"url\":\"https:\\\/\\\/www.victoriamedia.org\\\/ld\\\/author\\\/kerttuvali\\\/\"}]}<\/script>\n<!-- \/ Yoast SEO plugin. -->","yoast_head_json":{"title":"FUJIFILM X-M1 \u2013 Uusi kompakti FUJIFILM-j\u00e4rjestelm\u00e4kamera - KAMERAT JA OPTISET LAITTEET","robots":{"index":"index","follow":"follow","max-snippet":"max-snippet:-1","max-image-preview":"max-image-preview:large","max-video-preview":"max-video-preview:-1"},"canonical":"https:\/\/www.victoriamedia.org\/ld\/fujifilm-x-m1-uusi-kompakti-fujifilm-jarjestelmakamera\/","og_locale":"en_US","og_type":"article","og_title":"FUJIFILM X-M1 \u2013 Uusi kompakti FUJIFILM-j\u00e4rjestelm\u00e4kamera - KAMERAT JA OPTISET LAITTEET","og_description":"FUJIFILM lis\u00e4\u00e4 kompaktien X-sarjan j\u00e4rjestelm\u00e4kameroiden valikoimaa uudella FUJIFILM X-M1:ll\u00e4. X-M1 on sarjan t\u00e4h\u00e4n asti pienin ja kevyin kamera; samalla loistavalla kuvanlaadulla ja kuvakennolla (APS-C X-Trans CMOS) kuin edelt\u00e4j\u00e4ns\u00e4 X-E1 ja X-Pro1. Fujifilmin X-Trans CMOS -kennossa on ainutlaatuinen v\u00e4risuodin, joka minimoi ei-toivottua tietoa alip\u00e4\u00e4st\u00f6suodinta k\u00e4ytt\u00e4m\u00e4tt\u00e4. Tuloksena kuvat fantastisella yksityiskohtien kirjolla \u2013 ja tarkkuus samaa luokkaa kuin [&hellip;]","og_url":"https:\/\/www.victoriamedia.org\/ld\/fujifilm-x-m1-uusi-kompakti-fujifilm-jarjestelmakamera\/","og_site_name":"KAMERAT JA OPTISET LAITTEET","article_publisher":"https:\/\/www.facebook.com\/victoriamedia","article_published_time":"2013-06-26T09:22:32+00:00","og_image":[{"url":"http:\/\/www.victoriamedia.org\/ld\/wp-content\/uploads\/2013\/06\/wofzng1woo6s6g6efkaw.jpg","type":"","width":"","height":""}],"author":"Kerttu Vali","twitter_card":"summary_large_image","twitter_creator":"@uutisparkki","twitter_site":"@uutisparkki","twitter_misc":{"Written by":"Kerttu Vali","Est. reading time":"2 minutes"},"schema":{"@context":"https:\/\/schema.org","@graph":[{"@type":"Article","@id":"https:\/\/www.victoriamedia.org\/ld\/fujifilm-x-m1-uusi-kompakti-fujifilm-jarjestelmakamera\/#article","isPartOf":{"@id":"https:\/\/www.victoriamedia.org\/ld\/fujifilm-x-m1-uusi-kompakti-fujifilm-jarjestelmakamera\/"},"author":{"name":"Kerttu Vali","@id":"https:\/\/www.victoriamedia.org\/ld\/#\/schema\/person\/a2e166f07bdda8a5ef0506501655c9ac"},"headline":"FUJIFILM X-M1 \u2013 Uusi kompakti FUJIFILM-j\u00e4rjestelm\u00e4kamera","datePublished":"2013-06-26T09:22:32+00:00","mainEntityOfPage":{"@id":"https:\/\/www.victoriamedia.org\/ld\/fujifilm-x-m1-uusi-kompakti-fujifilm-jarjestelmakamera\/"},"wordCount":497,"publisher":{"@id":"https:\/\/www.victoriamedia.org\/ld\/#organization"},"image":{"@id":"https:\/\/www.victoriamedia.org\/ld\/fujifilm-x-m1-uusi-kompakti-fujifilm-jarjestelmakamera\/#primaryimage"},"thumbnailUrl":"http:\/\/www.victoriamedia.org\/ld\/wp-content\/uploads\/2013\/06\/wofzng1woo6s6g6efkaw.jpg","articleSection":["Kamerat"],"inLanguage":"en-US"},{"@type":"WebPage","@id":"https:\/\/www.victoriamedia.org\/ld\/fujifilm-x-m1-uusi-kompakti-fujifilm-jarjestelmakamera\/","url":"https:\/\/www.victoriamedia.org\/ld\/fujifilm-x-m1-uusi-kompakti-fujifilm-jarjestelmakamera\/","name":"FUJIFILM X-M1 \u2013 Uusi kompakti FUJIFILM-j\u00e4rjestelm\u00e4kamera - KAMERAT JA OPTISET LAITTEET","isPartOf":{"@id":"https:\/\/www.victoriamedia.org\/ld\/#website"},"primaryImageOfPage":{"@id":"https:\/\/www.victoriamedia.org\/ld\/fujifilm-x-m1-uusi-kompakti-fujifilm-jarjestelmakamera\/#primaryimage"},"image":{"@id":"https:\/\/www.victoriamedia.org\/ld\/fujifilm-x-m1-uusi-kompakti-fujifilm-jarjestelmakamera\/#primaryimage"},"thumbnailUrl":"http:\/\/www.victoriamedia.org\/ld\/wp-content\/uploads\/2013\/06\/wofzng1woo6s6g6efkaw.jpg","datePublished":"2013-06-26T09:22:32+00:00","breadcrumb":{"@id":"https:\/\/www.victoriamedia.org\/ld\/fujifilm-x-m1-uusi-kompakti-fujifilm-jarjestelmakamera\/#breadcrumb"},"inLanguage":"en-US","potentialAction":[{"@type":"ReadAction","target":["https:\/\/www.victoriamedia.org\/ld\/fujifilm-x-m1-uusi-kompakti-fujifilm-jarjestelmakamera\/"]}]},{"@type":"ImageObject","inLanguage":"en-US","@id":"https:\/\/www.victoriamedia.org\/ld\/fujifilm-x-m1-uusi-kompakti-fujifilm-jarjestelmakamera\/#primaryimage","url":"https:\/\/www.victoriamedia.org\/ld\/wp-content\/uploads\/2013\/06\/wofzng1woo6s6g6efkaw.jpg","contentUrl":"https:\/\/www.victoriamedia.org\/ld\/wp-content\/uploads\/2013\/06\/wofzng1woo6s6g6efkaw.jpg","width":341,"height":341},{"@type":"BreadcrumbList","@id":"https:\/\/www.victoriamedia.org\/ld\/fujifilm-x-m1-uusi-kompakti-fujifilm-jarjestelmakamera\/#breadcrumb","itemListElement":[{"@type":"ListItem","position":1,"name":"Home","item":"https:\/\/www.victoriamedia.org\/ld\/"},{"@type":"ListItem","position":2,"name":"FUJIFILM X-M1 \u2013 Uusi kompakti FUJIFILM-j\u00e4rjestelm\u00e4kamera"}]},{"@type":"WebSite","@id":"https:\/\/www.victoriamedia.org\/ld\/#website","url":"https:\/\/www.victoriamedia.org\/ld\/","name":"KAMERAT JA OPTISET LAITTEET","description":"Kamerat Kiikarit ja optiset tarvikkeet","publisher":{"@id":"https:\/\/www.victoriamedia.org\/ld\/#organization"},"potentialAction":[{"@type":"SearchAction","target":{"@type":"EntryPoint","urlTemplate":"https:\/\/www.victoriamedia.org\/ld\/?s={search_term_string}"},"query-input":{"@type":"PropertyValueSpecification","valueRequired":true,"valueName":"search_term_string"}}],"inLanguage":"en-US"},{"@type":"Organization","@id":"https:\/\/www.victoriamedia.org\/ld\/#organization","name":"Victoria Media - Kamerauutiset","url":"https:\/\/www.victoriamedia.org\/ld\/","logo":{"@type":"ImageObject","inLanguage":"en-US","@id":"https:\/\/www.victoriamedia.org\/ld\/#\/schema\/logo\/image\/","url":"https:\/\/www.victoriamedia.org\/ld\/wp-content\/uploads\/2022\/09\/292179098_555417722694101_2682724033383846896_n.png","contentUrl":"https:\/\/www.victoriamedia.org\/ld\/wp-content\/uploads\/2022\/09\/292179098_555417722694101_2682724033383846896_n.png","width":215,"height":165,"caption":"Victoria Media - Kamerauutiset"},"image":{"@id":"https:\/\/www.victoriamedia.org\/ld\/#\/schema\/logo\/image\/"},"sameAs":["https:\/\/www.facebook.com\/victoriamedia","https:\/\/x.com\/uutisparkki"]},{"@type":"Person","@id":"https:\/\/www.victoriamedia.org\/ld\/#\/schema\/person\/a2e166f07bdda8a5ef0506501655c9ac","name":"Kerttu Vali","image":{"@type":"ImageObject","inLanguage":"en-US","@id":"https:\/\/secure.gravatar.com\/avatar\/62dbe1a847f655ad987c59fece23f885c4b0e7b06595c36d9597003852972217?s=96&d=mm&r=g","url":"https:\/\/secure.gravatar.com\/avatar\/62dbe1a847f655ad987c59fece23f885c4b0e7b06595c36d9597003852972217?s=96&d=mm&r=g","contentUrl":"https:\/\/secure.gravatar.com\/avatar\/62dbe1a847f655ad987c59fece23f885c4b0e7b06595c36d9597003852972217?s=96&d=mm&r=g","caption":"Kerttu Vali"},"sameAs":["http:\/\/www.victoriamedia.fi\/"],"url":"https:\/\/www.victoriamedia.org\/ld\/author\/kerttuvali\/"}]}},"_links":{"self":[{"href":"https:\/\/www.victoriamedia.org\/ld\/wp-json\/wp\/v2\/posts\/163","targetHints":{"allow":["GET"]}}],"collection":[{"href":"https:\/\/www.victoriamedia.org\/ld\/wp-json\/wp\/v2\/posts"}],"about":[{"href":"https:\/\/www.victoriamedia.org\/ld\/wp-json\/wp\/v2\/types\/post"}],"author":[{"embeddable":true,"href":"https:\/\/www.victoriamedia.org\/ld\/wp-json\/wp\/v2\/users\/1"}],"replies":[{"embeddable":true,"href":"https:\/\/www.victoriamedia.org\/ld\/wp-json\/wp\/v2\/comments?post=163"}],"version-history":[{"count":1,"href":"https:\/\/www.victoriamedia.org\/ld\/wp-json\/wp\/v2\/posts\/163\/revisions"}],"predecessor-version":[{"id":165,"href":"https:\/\/www.victoriamedia.org\/ld\/wp-json\/wp\/v2\/posts\/163\/revisions\/165"}],"wp:attachment":[{"href":"https:\/\/www.victoriamedia.org\/ld\/wp-json\/wp\/v2\/media?parent=163"}],"wp:term":[{"taxonomy":"category","embeddable":true,"href":"https:\/\/www.victoriamedia.org\/ld\/wp-json\/wp\/v2\/categories?post=163"},{"taxonomy":"post_tag","embeddable":true,"href":"https:\/\/www.victoriamedia.org\/ld\/wp-json\/wp\/v2\/tags?post=163"}],"curies":[{"name":"wp","href":"https:\/\/api.w.org\/{rel}","templated":true}]}}