{"id":13,"date":"2012-11-08T12:55:10","date_gmt":"2012-11-08T12:55:10","guid":{"rendered":"http:\/\/www.victoriamedia.org\/ld\/?p=13"},"modified":"2012-11-08T12:55:10","modified_gmt":"2012-11-08T12:55:10","slug":"saksalainen-metz-laajentaa-salamavalikoimaansa","status":"publish","type":"post","link":"https:\/\/www.victoriamedia.org\/ld\/saksalainen-metz-laajentaa-salamavalikoimaansa\/","title":{"rendered":"Saksalainen Metz laajentaa salamavalikoimaansa"},"content":{"rendered":"<p><a href=\"http:\/\/www.victoriamedia.org\/ld\/wp-content\/uploads\/2012\/11\/ombm4zxc7umfvagr4ryu.jpg\"><img loading=\"lazy\" decoding=\"async\" class=\"alignnone size-full wp-image-14\" title=\"ombm4zxc7umfvagr4ryu\" src=\"http:\/\/www.victoriamedia.org\/ld\/wp-content\/uploads\/2012\/11\/ombm4zxc7umfvagr4ryu.jpg\" alt=\"\" width=\"447\" height=\"341\" srcset=\"https:\/\/www.victoriamedia.org\/ld\/wp-content\/uploads\/2012\/11\/ombm4zxc7umfvagr4ryu.jpg 447w, https:\/\/www.victoriamedia.org\/ld\/wp-content\/uploads\/2012\/11\/ombm4zxc7umfvagr4ryu-300x228.jpg 300w\" sizes=\"auto, (max-width: 447px) 100vw, 447px\" \/><\/a><\/p>\n<p><em>Salamalaitteistaan tunnettu Metz laajentaa valikoimaansa, joka tulee jatkossa k\u00e4sitt\u00e4m\u00e4\u00e4n my\u00f6s LED-valot sek\u00e4 studiosalamat. Uutuudet esiteltiin ensi kertaa syyskuun Photokina-messuilla ja nyt odotetut uutuudet saapuvat vihdoin my\u00f6s maahantuojan varastoon.<\/em><\/p>\n<p><strong><\/strong>Uusien tuotteiden ohella Metz esittelee my\u00f6s maailman ensimm\u00e4isen kosketusn\u00e4yt\u00f6llisen salaman. 52 AF-1 on suorituskykyinen, sek\u00e4 ammattilaisille ett\u00e4 harrastelijoille suunnattu salama.<\/p>\n<p><strong><br \/>\n<\/strong><\/p>\n<p><strong>Metz mecablitz 52 AF-1<\/strong><\/p>\n<ul>\n<li>52 ledi\u00e4 (ISO 100, 105mm)<\/li>\n<li>K\u00e4\u00e4nnett\u00e4v\u00e4 salamap\u00e4\u00e4<\/li>\n<li>Moottoroitu zoom 24-105mm<\/li>\n<li>Sis\u00e4\u00e4nrakennettu laajakulmahajotin (jopa 12 mm objektiiveille)<\/li>\n<li>Sis\u00e4\u00e4nrakennettu salamahajotin<\/li>\n<li>Metallijalka<\/li>\n<li>USB-liitin ohjelmistop\u00e4ivityksi\u00e4 varten<\/li>\n<li>Soveltuu langattomasti sek\u00e4 p\u00e4\u00e4- ett\u00e4 orjasalamaksi<\/li>\n<li>Saatavilla: Canon, Nikon, Pentax, Sony ja Panasonic\/Olympus<\/li>\n<\/ul>\n<p><strong>Hinta ja saatavuus<\/strong><br \/>\nMetz 52 AF-1 on heti saatavana ja sen verollinen hinta on n. 315 euroa.<\/p>\n<p>&nbsp;<\/p>\n<p><strong><em>LED-valot<\/em><\/strong><em><\/em><\/p>\n<p>Uusi valikoima pit\u00e4\u00e4 sis\u00e4lI\u00e4\u00e4n kolme erilaista LED-valoa. Kahdessa tehokkaammassa valossa on t\u00e4ysin portaaton himmennin ja lis\u00e4ksi ne voidaan tarvittaessa liitt\u00e4\u00e4 yhteen (vaatii yhden LED-160 \u2013valon).<\/p>\n<p><strong>Mecalight LED-480<\/strong><\/p>\n<ul>\n<li>LED-lamput: 72kpl. high CRI LED (CRI index \u2264 85)<\/li>\n<li>Valaisukulma: 65\u00ba<\/li>\n<li>Valoteho: 480 Lux<\/li>\n<li>Virtal\u00e4hde: 4 AA-paristoa<\/li>\n<li>V\u00e4ril\u00e4mp\u00f6tila: 5600 Kelvin<\/li>\n<li>Mukana diffuusiohajotin &amp; keinotekoisen valon filtteri (3200 Kelvin)<\/li>\n<li>Himmennin: 0-100%<\/li>\n<li>Paino: 210g<\/li>\n<li>Mitat: 116 x 72 x 53 mm<\/li>\n<\/ul>\n<p>&nbsp;<\/p>\n<p><strong>Mecalight LED-320<\/strong><\/p>\n<ul>\n<li>LED-lamput: 48kpl. high CRI LED (CRI index \u2264 85)<\/li>\n<li>Valaisukulma: 65\u00ba<\/li>\n<li>Valoteho: 320 Lux<\/li>\n<li>Virtal\u00e4hde: 4 AAA-paristoa<\/li>\n<li>V\u00e4ril\u00e4mp\u00f6tila: 5600 Kelvin<\/li>\n<li>Mukana diffuusiohajotin &amp; keinotekoisen valon filtteri (3200 Kelvin)<\/li>\n<li>Himmennin: 0-100%<\/li>\n<li>Paino: 180g<\/li>\n<li>Mitat: 94 x 72 x 53 mm<\/li>\n<\/ul>\n<p>&nbsp;<\/p>\n<p><strong>Mecalight LED-160<\/strong><\/p>\n<ul>\n<li>LED-lamput: 24kpl. high CRI LED (CRI index \u2264 85)<\/li>\n<li>Valaisukulma: 65\u00ba<\/li>\n<li>Valoteho: 160 Lux<\/li>\n<li>Virtal\u00e4hde: 2 AAA-paristoa<\/li>\n<li>V\u00e4ril\u00e4mp\u00f6tila: 5600 Kelvin<\/li>\n<li>Mukana diffuusiohajotin &amp; keinotekoisen valon filtteri (3200 Kelvin)<\/li>\n<li>Himmennin: ei<\/li>\n<li>Paino: 95g<\/li>\n<li>Mitat: 55 x 72 x 40 mm<\/li>\n<\/ul>\n<p><strong>Hinnat ja saatavuus<\/strong><strong><\/strong><br \/>\nMetz Mecalight LED \u2013valojen toimitukset k\u00e4ynnistyv\u00e4t marraskuun aikana ja niiden verolliset hinnat ovat noin:<br \/>\nLED-160: 54 euroa, LED-320: 95 euroa, LED-480: 119 euroa<\/p>\n<p>&nbsp;<\/p>\n<p><strong><em>Studiosalamat<\/em><\/strong><em><\/em><\/p>\n<p>Studiosalamat saapuvat valikoimiin hieman my\u00f6hemmin, eli tarkemmin sanottuna tammikuussa 2013. Studiosalamoista tulee kaksi eri sarjaa: Top Line ja Basic Line, joista molemmista l\u00f6ytyy kaksi eri studiosalamaa. Molempia tullaan myym\u00e4\u00e4n sek\u00e4 yksitt\u00e4in ett\u00e4 valmiina pakettina.<\/p>\n<p><strong><em>Top Line<\/em><\/strong><em><\/em><\/p>\n<p><strong>Mecastudio TL-600<\/strong><\/p>\n<ul>\n<li>Salamateho: 600Ws<\/li>\n<li>Ledien lukum\u00e4\u00e4r\u00e4: 85<\/li>\n<li>Teho: 6 asteinen suljin, s\u00e4\u00e4dett\u00e4viss\u00e4 1\/10 v\u00e4lein<\/li>\n<li>Uudelleenlataus 230V: 0,1 \u2013 1,0 sekuntia<\/li>\n<li>Esivalo: 0 \u2013 250 W<\/li>\n<li>V\u00e4ril\u00e4mp\u00f6tila: 5500 \u2013 6000 Kelvin<\/li>\n<li>Ylikuumenemissuoja (tuuletin)<\/li>\n<li>Bowens-bajonetti<\/li>\n<li>USB-liitin ohjelmistop\u00e4ivityksille<\/li>\n<li>Halkaisija: 13 cm \/ Pituus: 34 cm<\/li>\n<li>Paino: 2600 gram<\/li>\n<li>Pakkaus sis. vakiosalamap\u00e4\u00e4, Flex, Synkronointijohto (3,5mm TRS), suojalukko<\/li>\n<\/ul>\n<p>Verollinen hinta n. 708 euroa<\/p>\n<p>&nbsp;<\/p>\n<p><strong>Mecastudio TL-300<\/strong><\/p>\n<ul>\n<li>Salamateho: 300Ws<\/li>\n<li>Ledien lukum\u00e4\u00e4r\u00e4: 65<\/li>\n<li>Teho: 6 asteinen suljin, s\u00e4\u00e4dett\u00e4viss\u00e4 1\/10 v\u00e4lein<\/li>\n<li>Uudelleenlataus 230V: 0,1 \u2013 15 sekuntia<\/li>\n<li>Esivalo: 0 \u2013 150 W<\/li>\n<li>V\u00e4ril\u00e4mp\u00f6tila: 5500 \u2013 6000 Kelvin<\/li>\n<li>Ylikuumenemissuoja (tuuletin)<\/li>\n<li>Bowens-bajonetti<\/li>\n<li>USB-liitin ohjelmistop\u00e4ivityksille<\/li>\n<li>Halkaisija: 13 cm \/ Pituus: 32 cm<\/li>\n<li>Paino: 2400 gram<\/li>\n<li>Pakkaus sis. vakiosalamap\u00e4\u00e4, Flex, Synkronointijohto (3,5mm TRS), suojalukko<\/li>\n<\/ul>\n<p>Verollinen hinta n. 487 euroa<strong><em><\/em><\/strong><\/p>\n<p><strong><em><br \/>\n<\/em><\/strong><\/p>\n<p><strong><em>Top Line -paketti:<\/em><\/strong><em><\/em><\/p>\n<p><strong>Mecastudio TL-600 SB-kit II \u00a0\u00a0<\/strong><strong>\u00a0 \u00a0 \u00a0 \u00a0 \u00a0 \u00a0 \u00a0 \u00a0 \u00a0 \u00a0\u00a0<\/strong><\/p>\n<p>2 kpl Mecastudio TL-600<br \/>\n2 kpl ilmavaimennettu jalusta, LS-247, 247cm<br \/>\n2 kpl Softbox SB 60-90<br \/>\n1 kpl suojalaukku T-75 (tilaa kahdelle salamalle tarvikkeineen)<\/p>\n<p>Verollinen hinta n. 1617 euroa<strong><\/strong><\/p>\n<p><strong><br \/>\n<\/strong><\/p>\n<p><strong>Mecastudio TL-300 SB-kit II \u00a0\u00a0<\/strong><\/p>\n<p>2 kpl Mecastudio TL-300<br \/>\n2 kpl ilmavaimennettu jalusta,\u00a0LS-247, 247cm<br \/>\n2 kpl Softbox SB 60-90<br \/>\n1 kpl suojalaukku T-75 (tilaa kahdelle salamalle tarvikkeineen)<\/p>\n<p>Verollinen hinta n. 1167 euroa<strong><em><\/em><\/strong><\/p>\n<p><strong><em><br \/>\n<\/em><\/strong><\/p>\n<p><strong><em>Basic Line<\/em><\/strong><\/p>\n<p><strong>Mecastudio BL-400<\/strong><\/p>\n<ul>\n<li>Salamateho: 400Ws<\/li>\n<li>Ledien lukum\u00e4\u00e4r\u00e4: 65<\/li>\n<li>Teho: 6 asteinen suljin, s\u00e4\u00e4dett\u00e4viss\u00e4 1\/10 v\u00e4lein<\/li>\n<li>Uudelleenlataus 230V: 0,5 \u2013 2,7 sekuntia<\/li>\n<li>Esivalo: 0 \u2013 75 W<\/li>\n<li>V\u00e4ril\u00e4mp\u00f6tila: 5500 \u2013 6000 Kelvin<\/li>\n<li>Ylikuumenemissuoja (tuuletin)<\/li>\n<li>Bowens-bajonetti<\/li>\n<li>USB-liitin ohjelmistop\u00e4ivityksille<\/li>\n<li>Halkaisija: 12,5 cm \/ Pituus: 22,5 cm<\/li>\n<li>Paino: 1170 gram<\/li>\n<li>Pakkaus sis. vakiosalamap\u00e4\u00e4, Flex, Synkronointijohto (3,5mm TRS), suojalukko<\/li>\n<\/ul>\n<p>Verollinen hinta n. 259 euroa<\/p>\n<p><strong><br \/>\n<\/strong><\/p>\n<p><strong>Mecastudio BL-200<\/strong><\/p>\n<ul>\n<li>Salamateho: 200Ws<\/li>\n<li>Ledien lukum\u00e4\u00e4r\u00e4: 45<\/li>\n<li>Teho: 6 asteinen suljin, s\u00e4\u00e4dett\u00e4viss\u00e4 1\/10 v\u00e4lein<\/li>\n<li>Uudelleenlataus 230V: 0,4 \u2013 2,0 sekuntia<\/li>\n<li>Esivalo: 0 \u2013 75 W<\/li>\n<li>V\u00e4ril\u00e4mp\u00f6tila: 5500 \u2013 6000 Kelvin<\/li>\n<li>Ylikuumenemissuoja (tuuletin)<\/li>\n<li>Bowens-bajonetti<\/li>\n<li>USB-liitin ohjelmistop\u00e4ivityksille<\/li>\n<li>Halkaisija: 12,5 cm \/ Pituus: 22,5 cm<\/li>\n<li>Paino: 1020 gram<\/li>\n<li>Pakkaus sis. vakiosalamap\u00e4\u00e4, Flex, Synkronointijohto (3,5mm TRS), suojalukko<\/li>\n<\/ul>\n<p>Verollinen hinta n. 197 euroa<strong><em><\/em><\/strong><\/p>\n<p><strong><em><br \/>\n<\/em><\/strong><\/p>\n<p><strong><em>Basic Line -paketti:<\/em><\/strong><em><\/em><\/p>\n<p><strong>Mecastudio BL-400 SB-kit II\u00a0\u00a0<\/strong><\/p>\n<p>2 kpl Mecastudio BL-400<br \/>\n2 kpl ilmavaimennettu jalusta, LS-200, 200cm<br \/>\n2 kpl Softbox SB 50-70<br \/>\n1 kpl suojalaukku B-80 (tilaa kahdelle salamalle tarvikkeineen)<\/p>\n<p>Verollinen hinta n. 718 euroa<strong><\/strong><\/p>\n<p><strong><br \/>\n<\/strong><\/p>\n<p><strong>Mecastudio BL-200 SB\/UM-kit II \u00a0\u00a0<\/strong><strong>\u00a0 \u00a0 \u00a0 \u00a0 \u00a0 \u00a0 \u00a0 \u00a0 \u00a0 \u00a0\u00a0<\/strong><\/p>\n<p>2 kpl Mecastudio BL-200<br \/>\n2 kpl ilmavaimennettu jalusta LS-200, 200cm<br \/>\n1 kpl Softbox SB 50-70<br \/>\n1 kpl Sateenvarjo UM-80 BW, black&amp;white, \u2205 84cm<br \/>\n1 kpl suojalaukku B-80 (tilaa kahdelle salamalle tarvikkeineen)<\/p>\n","protected":false},"excerpt":{"rendered":"<p>Salamalaitteistaan tunnettu Metz laajentaa valikoimaansa, joka tulee jatkossa k\u00e4sitt\u00e4m\u00e4\u00e4n my\u00f6s LED-valot sek\u00e4 studiosalamat. Uutuudet esiteltiin ensi kertaa syyskuun Photokina-messuilla ja nyt odotetut uutuudet saapuvat vihdoin my\u00f6s maahantuojan varastoon. Uusien tuotteiden ohella Metz esittelee my\u00f6s maailman ensimm\u00e4isen kosketusn\u00e4yt\u00f6llisen salaman. 52 AF-1 on suorituskykyinen, sek\u00e4 ammattilaisille ett\u00e4 harrastelijoille suunnattu salama. Metz mecablitz 52 AF-1 52 ledi\u00e4 (ISO [&hellip;]<\/p>\n","protected":false},"author":1,"featured_media":0,"comment_status":"closed","ping_status":"open","sticky":false,"template":"","format":"standard","meta":{"footnotes":""},"categories":[9],"tags":[],"class_list":["post-13","post","type-post","status-publish","format-standard","hentry","category-salamalaitteet"],"yoast_head":"<!-- This site is optimized with the Yoast SEO plugin v27.5 - https:\/\/yoast.com\/product\/yoast-seo-wordpress\/ -->\n<title>Saksalainen Metz laajentaa salamavalikoimaansa - KAMERAT JA OPTISET LAITTEET<\/title>\n<meta name=\"robots\" content=\"index, follow, max-snippet:-1, max-image-preview:large, max-video-preview:-1\" \/>\n<link rel=\"canonical\" href=\"https:\/\/www.victoriamedia.org\/ld\/saksalainen-metz-laajentaa-salamavalikoimaansa\/\" \/>\n<meta property=\"og:locale\" content=\"en_US\" \/>\n<meta property=\"og:type\" content=\"article\" \/>\n<meta property=\"og:title\" content=\"Saksalainen Metz laajentaa salamavalikoimaansa - KAMERAT JA OPTISET LAITTEET\" \/>\n<meta property=\"og:description\" content=\"Salamalaitteistaan tunnettu Metz laajentaa valikoimaansa, joka tulee jatkossa k\u00e4sitt\u00e4m\u00e4\u00e4n my\u00f6s LED-valot sek\u00e4 studiosalamat. Uutuudet esiteltiin ensi kertaa syyskuun Photokina-messuilla ja nyt odotetut uutuudet saapuvat vihdoin my\u00f6s maahantuojan varastoon. Uusien tuotteiden ohella Metz esittelee my\u00f6s maailman ensimm\u00e4isen kosketusn\u00e4yt\u00f6llisen salaman. 52 AF-1 on suorituskykyinen, sek\u00e4 ammattilaisille ett\u00e4 harrastelijoille suunnattu salama. Metz mecablitz 52 AF-1 52 ledi\u00e4 (ISO [&hellip;]\" \/>\n<meta property=\"og:url\" content=\"https:\/\/www.victoriamedia.org\/ld\/saksalainen-metz-laajentaa-salamavalikoimaansa\/\" \/>\n<meta property=\"og:site_name\" content=\"KAMERAT JA OPTISET LAITTEET\" \/>\n<meta property=\"article:publisher\" content=\"https:\/\/www.facebook.com\/victoriamedia\" \/>\n<meta property=\"article:published_time\" content=\"2012-11-08T12:55:10+00:00\" \/>\n<meta property=\"og:image\" content=\"http:\/\/www.victoriamedia.org\/ld\/wp-content\/uploads\/2012\/11\/ombm4zxc7umfvagr4ryu.jpg\" \/>\n<meta name=\"author\" content=\"Kerttu Vali\" \/>\n<meta name=\"twitter:card\" content=\"summary_large_image\" \/>\n<meta name=\"twitter:creator\" content=\"@uutisparkki\" \/>\n<meta name=\"twitter:site\" content=\"@uutisparkki\" \/>\n<meta name=\"twitter:label1\" content=\"Written by\" \/>\n\t<meta name=\"twitter:data1\" content=\"Kerttu Vali\" \/>\n\t<meta name=\"twitter:label2\" content=\"Est. reading time\" \/>\n\t<meta name=\"twitter:data2\" content=\"3 minutes\" \/>\n<script type=\"application\/ld+json\" class=\"yoast-schema-graph\">{\"@context\":\"https:\\\/\\\/schema.org\",\"@graph\":[{\"@type\":\"Article\",\"@id\":\"https:\\\/\\\/www.victoriamedia.org\\\/ld\\\/saksalainen-metz-laajentaa-salamavalikoimaansa\\\/#article\",\"isPartOf\":{\"@id\":\"https:\\\/\\\/www.victoriamedia.org\\\/ld\\\/saksalainen-metz-laajentaa-salamavalikoimaansa\\\/\"},\"author\":{\"name\":\"Kerttu Vali\",\"@id\":\"https:\\\/\\\/www.victoriamedia.org\\\/ld\\\/#\\\/schema\\\/person\\\/a2e166f07bdda8a5ef0506501655c9ac\"},\"headline\":\"Saksalainen Metz laajentaa salamavalikoimaansa\",\"datePublished\":\"2012-11-08T12:55:10+00:00\",\"mainEntityOfPage\":{\"@id\":\"https:\\\/\\\/www.victoriamedia.org\\\/ld\\\/saksalainen-metz-laajentaa-salamavalikoimaansa\\\/\"},\"wordCount\":640,\"publisher\":{\"@id\":\"https:\\\/\\\/www.victoriamedia.org\\\/ld\\\/#organization\"},\"image\":{\"@id\":\"https:\\\/\\\/www.victoriamedia.org\\\/ld\\\/saksalainen-metz-laajentaa-salamavalikoimaansa\\\/#primaryimage\"},\"thumbnailUrl\":\"http:\\\/\\\/www.victoriamedia.org\\\/ld\\\/wp-content\\\/uploads\\\/2012\\\/11\\\/ombm4zxc7umfvagr4ryu.jpg\",\"articleSection\":[\"Salamalaitteet\"],\"inLanguage\":\"en-US\"},{\"@type\":\"WebPage\",\"@id\":\"https:\\\/\\\/www.victoriamedia.org\\\/ld\\\/saksalainen-metz-laajentaa-salamavalikoimaansa\\\/\",\"url\":\"https:\\\/\\\/www.victoriamedia.org\\\/ld\\\/saksalainen-metz-laajentaa-salamavalikoimaansa\\\/\",\"name\":\"Saksalainen Metz laajentaa salamavalikoimaansa - KAMERAT JA OPTISET LAITTEET\",\"isPartOf\":{\"@id\":\"https:\\\/\\\/www.victoriamedia.org\\\/ld\\\/#website\"},\"primaryImageOfPage\":{\"@id\":\"https:\\\/\\\/www.victoriamedia.org\\\/ld\\\/saksalainen-metz-laajentaa-salamavalikoimaansa\\\/#primaryimage\"},\"image\":{\"@id\":\"https:\\\/\\\/www.victoriamedia.org\\\/ld\\\/saksalainen-metz-laajentaa-salamavalikoimaansa\\\/#primaryimage\"},\"thumbnailUrl\":\"http:\\\/\\\/www.victoriamedia.org\\\/ld\\\/wp-content\\\/uploads\\\/2012\\\/11\\\/ombm4zxc7umfvagr4ryu.jpg\",\"datePublished\":\"2012-11-08T12:55:10+00:00\",\"breadcrumb\":{\"@id\":\"https:\\\/\\\/www.victoriamedia.org\\\/ld\\\/saksalainen-metz-laajentaa-salamavalikoimaansa\\\/#breadcrumb\"},\"inLanguage\":\"en-US\",\"potentialAction\":[{\"@type\":\"ReadAction\",\"target\":[\"https:\\\/\\\/www.victoriamedia.org\\\/ld\\\/saksalainen-metz-laajentaa-salamavalikoimaansa\\\/\"]}]},{\"@type\":\"ImageObject\",\"inLanguage\":\"en-US\",\"@id\":\"https:\\\/\\\/www.victoriamedia.org\\\/ld\\\/saksalainen-metz-laajentaa-salamavalikoimaansa\\\/#primaryimage\",\"url\":\"https:\\\/\\\/www.victoriamedia.org\\\/ld\\\/wp-content\\\/uploads\\\/2012\\\/11\\\/ombm4zxc7umfvagr4ryu.jpg\",\"contentUrl\":\"https:\\\/\\\/www.victoriamedia.org\\\/ld\\\/wp-content\\\/uploads\\\/2012\\\/11\\\/ombm4zxc7umfvagr4ryu.jpg\",\"width\":\"447\",\"height\":\"341\"},{\"@type\":\"BreadcrumbList\",\"@id\":\"https:\\\/\\\/www.victoriamedia.org\\\/ld\\\/saksalainen-metz-laajentaa-salamavalikoimaansa\\\/#breadcrumb\",\"itemListElement\":[{\"@type\":\"ListItem\",\"position\":1,\"name\":\"Home\",\"item\":\"https:\\\/\\\/www.victoriamedia.org\\\/ld\\\/\"},{\"@type\":\"ListItem\",\"position\":2,\"name\":\"Saksalainen Metz laajentaa salamavalikoimaansa\"}]},{\"@type\":\"WebSite\",\"@id\":\"https:\\\/\\\/www.victoriamedia.org\\\/ld\\\/#website\",\"url\":\"https:\\\/\\\/www.victoriamedia.org\\\/ld\\\/\",\"name\":\"KAMERAT JA OPTISET LAITTEET\",\"description\":\"Kamerat Kiikarit ja optiset tarvikkeet\",\"publisher\":{\"@id\":\"https:\\\/\\\/www.victoriamedia.org\\\/ld\\\/#organization\"},\"potentialAction\":[{\"@type\":\"SearchAction\",\"target\":{\"@type\":\"EntryPoint\",\"urlTemplate\":\"https:\\\/\\\/www.victoriamedia.org\\\/ld\\\/?s={search_term_string}\"},\"query-input\":{\"@type\":\"PropertyValueSpecification\",\"valueRequired\":true,\"valueName\":\"search_term_string\"}}],\"inLanguage\":\"en-US\"},{\"@type\":\"Organization\",\"@id\":\"https:\\\/\\\/www.victoriamedia.org\\\/ld\\\/#organization\",\"name\":\"Victoria Media - Kamerauutiset\",\"url\":\"https:\\\/\\\/www.victoriamedia.org\\\/ld\\\/\",\"logo\":{\"@type\":\"ImageObject\",\"inLanguage\":\"en-US\",\"@id\":\"https:\\\/\\\/www.victoriamedia.org\\\/ld\\\/#\\\/schema\\\/logo\\\/image\\\/\",\"url\":\"https:\\\/\\\/www.victoriamedia.org\\\/ld\\\/wp-content\\\/uploads\\\/2022\\\/09\\\/292179098_555417722694101_2682724033383846896_n.png\",\"contentUrl\":\"https:\\\/\\\/www.victoriamedia.org\\\/ld\\\/wp-content\\\/uploads\\\/2022\\\/09\\\/292179098_555417722694101_2682724033383846896_n.png\",\"width\":215,\"height\":165,\"caption\":\"Victoria Media - Kamerauutiset\"},\"image\":{\"@id\":\"https:\\\/\\\/www.victoriamedia.org\\\/ld\\\/#\\\/schema\\\/logo\\\/image\\\/\"},\"sameAs\":[\"https:\\\/\\\/www.facebook.com\\\/victoriamedia\",\"https:\\\/\\\/x.com\\\/uutisparkki\"]},{\"@type\":\"Person\",\"@id\":\"https:\\\/\\\/www.victoriamedia.org\\\/ld\\\/#\\\/schema\\\/person\\\/a2e166f07bdda8a5ef0506501655c9ac\",\"name\":\"Kerttu Vali\",\"image\":{\"@type\":\"ImageObject\",\"inLanguage\":\"en-US\",\"@id\":\"https:\\\/\\\/secure.gravatar.com\\\/avatar\\\/62dbe1a847f655ad987c59fece23f885c4b0e7b06595c36d9597003852972217?s=96&d=mm&r=g\",\"url\":\"https:\\\/\\\/secure.gravatar.com\\\/avatar\\\/62dbe1a847f655ad987c59fece23f885c4b0e7b06595c36d9597003852972217?s=96&d=mm&r=g\",\"contentUrl\":\"https:\\\/\\\/secure.gravatar.com\\\/avatar\\\/62dbe1a847f655ad987c59fece23f885c4b0e7b06595c36d9597003852972217?s=96&d=mm&r=g\",\"caption\":\"Kerttu Vali\"},\"sameAs\":[\"http:\\\/\\\/www.victoriamedia.fi\\\/\"],\"url\":\"https:\\\/\\\/www.victoriamedia.org\\\/ld\\\/author\\\/kerttuvali\\\/\"}]}<\/script>\n<!-- \/ Yoast SEO plugin. -->","yoast_head_json":{"title":"Saksalainen Metz laajentaa salamavalikoimaansa - KAMERAT JA OPTISET LAITTEET","robots":{"index":"index","follow":"follow","max-snippet":"max-snippet:-1","max-image-preview":"max-image-preview:large","max-video-preview":"max-video-preview:-1"},"canonical":"https:\/\/www.victoriamedia.org\/ld\/saksalainen-metz-laajentaa-salamavalikoimaansa\/","og_locale":"en_US","og_type":"article","og_title":"Saksalainen Metz laajentaa salamavalikoimaansa - KAMERAT JA OPTISET LAITTEET","og_description":"Salamalaitteistaan tunnettu Metz laajentaa valikoimaansa, joka tulee jatkossa k\u00e4sitt\u00e4m\u00e4\u00e4n my\u00f6s LED-valot sek\u00e4 studiosalamat. Uutuudet esiteltiin ensi kertaa syyskuun Photokina-messuilla ja nyt odotetut uutuudet saapuvat vihdoin my\u00f6s maahantuojan varastoon. Uusien tuotteiden ohella Metz esittelee my\u00f6s maailman ensimm\u00e4isen kosketusn\u00e4yt\u00f6llisen salaman. 52 AF-1 on suorituskykyinen, sek\u00e4 ammattilaisille ett\u00e4 harrastelijoille suunnattu salama. Metz mecablitz 52 AF-1 52 ledi\u00e4 (ISO [&hellip;]","og_url":"https:\/\/www.victoriamedia.org\/ld\/saksalainen-metz-laajentaa-salamavalikoimaansa\/","og_site_name":"KAMERAT JA OPTISET LAITTEET","article_publisher":"https:\/\/www.facebook.com\/victoriamedia","article_published_time":"2012-11-08T12:55:10+00:00","og_image":[{"url":"http:\/\/www.victoriamedia.org\/ld\/wp-content\/uploads\/2012\/11\/ombm4zxc7umfvagr4ryu.jpg","type":"","width":"","height":""}],"author":"Kerttu Vali","twitter_card":"summary_large_image","twitter_creator":"@uutisparkki","twitter_site":"@uutisparkki","twitter_misc":{"Written by":"Kerttu Vali","Est. reading time":"3 minutes"},"schema":{"@context":"https:\/\/schema.org","@graph":[{"@type":"Article","@id":"https:\/\/www.victoriamedia.org\/ld\/saksalainen-metz-laajentaa-salamavalikoimaansa\/#article","isPartOf":{"@id":"https:\/\/www.victoriamedia.org\/ld\/saksalainen-metz-laajentaa-salamavalikoimaansa\/"},"author":{"name":"Kerttu Vali","@id":"https:\/\/www.victoriamedia.org\/ld\/#\/schema\/person\/a2e166f07bdda8a5ef0506501655c9ac"},"headline":"Saksalainen Metz laajentaa salamavalikoimaansa","datePublished":"2012-11-08T12:55:10+00:00","mainEntityOfPage":{"@id":"https:\/\/www.victoriamedia.org\/ld\/saksalainen-metz-laajentaa-salamavalikoimaansa\/"},"wordCount":640,"publisher":{"@id":"https:\/\/www.victoriamedia.org\/ld\/#organization"},"image":{"@id":"https:\/\/www.victoriamedia.org\/ld\/saksalainen-metz-laajentaa-salamavalikoimaansa\/#primaryimage"},"thumbnailUrl":"http:\/\/www.victoriamedia.org\/ld\/wp-content\/uploads\/2012\/11\/ombm4zxc7umfvagr4ryu.jpg","articleSection":["Salamalaitteet"],"inLanguage":"en-US"},{"@type":"WebPage","@id":"https:\/\/www.victoriamedia.org\/ld\/saksalainen-metz-laajentaa-salamavalikoimaansa\/","url":"https:\/\/www.victoriamedia.org\/ld\/saksalainen-metz-laajentaa-salamavalikoimaansa\/","name":"Saksalainen Metz laajentaa salamavalikoimaansa - KAMERAT JA OPTISET LAITTEET","isPartOf":{"@id":"https:\/\/www.victoriamedia.org\/ld\/#website"},"primaryImageOfPage":{"@id":"https:\/\/www.victoriamedia.org\/ld\/saksalainen-metz-laajentaa-salamavalikoimaansa\/#primaryimage"},"image":{"@id":"https:\/\/www.victoriamedia.org\/ld\/saksalainen-metz-laajentaa-salamavalikoimaansa\/#primaryimage"},"thumbnailUrl":"http:\/\/www.victoriamedia.org\/ld\/wp-content\/uploads\/2012\/11\/ombm4zxc7umfvagr4ryu.jpg","datePublished":"2012-11-08T12:55:10+00:00","breadcrumb":{"@id":"https:\/\/www.victoriamedia.org\/ld\/saksalainen-metz-laajentaa-salamavalikoimaansa\/#breadcrumb"},"inLanguage":"en-US","potentialAction":[{"@type":"ReadAction","target":["https:\/\/www.victoriamedia.org\/ld\/saksalainen-metz-laajentaa-salamavalikoimaansa\/"]}]},{"@type":"ImageObject","inLanguage":"en-US","@id":"https:\/\/www.victoriamedia.org\/ld\/saksalainen-metz-laajentaa-salamavalikoimaansa\/#primaryimage","url":"https:\/\/www.victoriamedia.org\/ld\/wp-content\/uploads\/2012\/11\/ombm4zxc7umfvagr4ryu.jpg","contentUrl":"https:\/\/www.victoriamedia.org\/ld\/wp-content\/uploads\/2012\/11\/ombm4zxc7umfvagr4ryu.jpg","width":"447","height":"341"},{"@type":"BreadcrumbList","@id":"https:\/\/www.victoriamedia.org\/ld\/saksalainen-metz-laajentaa-salamavalikoimaansa\/#breadcrumb","itemListElement":[{"@type":"ListItem","position":1,"name":"Home","item":"https:\/\/www.victoriamedia.org\/ld\/"},{"@type":"ListItem","position":2,"name":"Saksalainen Metz laajentaa salamavalikoimaansa"}]},{"@type":"WebSite","@id":"https:\/\/www.victoriamedia.org\/ld\/#website","url":"https:\/\/www.victoriamedia.org\/ld\/","name":"KAMERAT JA OPTISET LAITTEET","description":"Kamerat Kiikarit ja optiset tarvikkeet","publisher":{"@id":"https:\/\/www.victoriamedia.org\/ld\/#organization"},"potentialAction":[{"@type":"SearchAction","target":{"@type":"EntryPoint","urlTemplate":"https:\/\/www.victoriamedia.org\/ld\/?s={search_term_string}"},"query-input":{"@type":"PropertyValueSpecification","valueRequired":true,"valueName":"search_term_string"}}],"inLanguage":"en-US"},{"@type":"Organization","@id":"https:\/\/www.victoriamedia.org\/ld\/#organization","name":"Victoria Media - Kamerauutiset","url":"https:\/\/www.victoriamedia.org\/ld\/","logo":{"@type":"ImageObject","inLanguage":"en-US","@id":"https:\/\/www.victoriamedia.org\/ld\/#\/schema\/logo\/image\/","url":"https:\/\/www.victoriamedia.org\/ld\/wp-content\/uploads\/2022\/09\/292179098_555417722694101_2682724033383846896_n.png","contentUrl":"https:\/\/www.victoriamedia.org\/ld\/wp-content\/uploads\/2022\/09\/292179098_555417722694101_2682724033383846896_n.png","width":215,"height":165,"caption":"Victoria Media - Kamerauutiset"},"image":{"@id":"https:\/\/www.victoriamedia.org\/ld\/#\/schema\/logo\/image\/"},"sameAs":["https:\/\/www.facebook.com\/victoriamedia","https:\/\/x.com\/uutisparkki"]},{"@type":"Person","@id":"https:\/\/www.victoriamedia.org\/ld\/#\/schema\/person\/a2e166f07bdda8a5ef0506501655c9ac","name":"Kerttu Vali","image":{"@type":"ImageObject","inLanguage":"en-US","@id":"https:\/\/secure.gravatar.com\/avatar\/62dbe1a847f655ad987c59fece23f885c4b0e7b06595c36d9597003852972217?s=96&d=mm&r=g","url":"https:\/\/secure.gravatar.com\/avatar\/62dbe1a847f655ad987c59fece23f885c4b0e7b06595c36d9597003852972217?s=96&d=mm&r=g","contentUrl":"https:\/\/secure.gravatar.com\/avatar\/62dbe1a847f655ad987c59fece23f885c4b0e7b06595c36d9597003852972217?s=96&d=mm&r=g","caption":"Kerttu Vali"},"sameAs":["http:\/\/www.victoriamedia.fi\/"],"url":"https:\/\/www.victoriamedia.org\/ld\/author\/kerttuvali\/"}]}},"_links":{"self":[{"href":"https:\/\/www.victoriamedia.org\/ld\/wp-json\/wp\/v2\/posts\/13","targetHints":{"allow":["GET"]}}],"collection":[{"href":"https:\/\/www.victoriamedia.org\/ld\/wp-json\/wp\/v2\/posts"}],"about":[{"href":"https:\/\/www.victoriamedia.org\/ld\/wp-json\/wp\/v2\/types\/post"}],"author":[{"embeddable":true,"href":"https:\/\/www.victoriamedia.org\/ld\/wp-json\/wp\/v2\/users\/1"}],"replies":[{"embeddable":true,"href":"https:\/\/www.victoriamedia.org\/ld\/wp-json\/wp\/v2\/comments?post=13"}],"version-history":[{"count":1,"href":"https:\/\/www.victoriamedia.org\/ld\/wp-json\/wp\/v2\/posts\/13\/revisions"}],"predecessor-version":[{"id":15,"href":"https:\/\/www.victoriamedia.org\/ld\/wp-json\/wp\/v2\/posts\/13\/revisions\/15"}],"wp:attachment":[{"href":"https:\/\/www.victoriamedia.org\/ld\/wp-json\/wp\/v2\/media?parent=13"}],"wp:term":[{"taxonomy":"category","embeddable":true,"href":"https:\/\/www.victoriamedia.org\/ld\/wp-json\/wp\/v2\/categories?post=13"},{"taxonomy":"post_tag","embeddable":true,"href":"https:\/\/www.victoriamedia.org\/ld\/wp-json\/wp\/v2\/tags?post=13"}],"curies":[{"name":"wp","href":"https:\/\/api.w.org\/{rel}","templated":true}]}}