{"id":987,"date":"2016-05-16T09:21:32","date_gmt":"2016-05-16T09:21:32","guid":{"rendered":"http:\/\/www.victoriamedia.org\/kalastusviesti\/?p=987"},"modified":"2016-05-16T09:21:32","modified_gmt":"2016-05-16T09:21:32","slug":"valtakunnallisena-kalastuspaivana-viedaan-koululaisia-kalaan","status":"publish","type":"post","link":"https:\/\/www.victoriamedia.org\/kalastusviesti\/valtakunnallisena-kalastuspaivana-viedaan-koululaisia-kalaan\/","title":{"rendered":"Valtakunnallisena kalastusp\u00e4iv\u00e4n\u00e4 vied\u00e4\u00e4n koululaisia kalaan"},"content":{"rendered":"<p><a href=\"https:\/\/www.victoriamedia.org\/kalastusviesti\/wp-content\/uploads\/2016\/05\/vakapa-2016-logo-varilla.jpg\"><img loading=\"lazy\" decoding=\"async\" class=\"alignnone  wp-image-988\" src=\"https:\/\/www.victoriamedia.org\/kalastusviesti\/wp-content\/uploads\/2016\/05\/vakapa-2016-logo-varilla.jpg\" alt=\"Valtakunnallinen Kalastusp\u00e4iv\u00e4.FH11\" width=\"408\" height=\"313\" srcset=\"https:\/\/www.victoriamedia.org\/kalastusviesti\/wp-content\/uploads\/2016\/05\/vakapa-2016-logo-varilla.jpg 879w, https:\/\/www.victoriamedia.org\/kalastusviesti\/wp-content\/uploads\/2016\/05\/vakapa-2016-logo-varilla-300x230.jpg 300w, https:\/\/www.victoriamedia.org\/kalastusviesti\/wp-content\/uploads\/2016\/05\/vakapa-2016-logo-varilla-768x589.jpg 768w\" sizes=\"auto, (max-width: 408px) 100vw, 408px\" \/><\/a><\/p>\n<p><strong>Valtakunnallisen kalastusp\u00e4iv\u00e4n teemana on Koulusta kalaan! Sen tiimoilta j\u00e4rjestet\u00e4\u00e4n ainakin 48 tapahtumaa ymp\u00e4ri Suomen. P\u00e4\u00e4osa tapahtumista j\u00e4rjestet\u00e4\u00e4n 18.5., mutta esimerkiksi Pohjois-Suomessa p\u00e4iv\u00e4\u00e4 vietet\u00e4\u00e4n elokuun lopulla. Kalastusp\u00e4iv\u00e4 houkuttelee koululaisia kalastuksen saloihin nyt jo 11. kertaa. P\u00e4\u00e4osa tapahtumista onkin suunnattu etuk\u00e4teen ilmoittautuville koululaisryhmille.<\/strong><\/p>\n<p>Tapahtumissa koululaiset ja nuoret p\u00e4\u00e4sev\u00e4t syventym\u00e4\u00e4n kalastusharrastuksen oppeihin Suomen Vapaa-ajankalastajien Keskusj\u00e4rjest\u00f6n vapaa-ajankalastajapiirien ja seurojen avuin. Tapahtumia tukevat lis\u00e4ksi useat yhteisty\u00f6kumppanit. Kalastusp\u00e4iv\u00e4n aikana k\u00e4vij\u00f6ille tulee tutuksi eri kalastustavat ja -v\u00e4lineet niin teoriassa kuin k\u00e4yt\u00e4nn\u00f6ss\u00e4kin.<\/p>\n<p>Kalastusp\u00e4iv\u00e4n lis\u00e4ksi koululaiset voivat haastaa naapuriluokkansa kalabongauskisaan 16.-22. toukokuuta. Tavoitteena on viikon aikana pyyt\u00e4\u00e4 mahdollisimman monta eri kalalajia. Kilpailusivut l\u00f6ytyv\u00e4t osoitteessa\u00a0<a href=\"http:\/\/www.ahven.net\/koulukisa\">www.ahven.net\/koulukisa<\/a>.<\/p>\n<p>Koulut voivat tiedustella oman paikkakuntansa tai l\u00e4hell\u00e4 olevia tapahtumia tapahtumaluettelon yhteyshenkil\u00f6ilt\u00e4, jotka l\u00f6ytyv\u00e4t osoitteesta www.vapaa-ajankalastaja.fi =&gt; Valtakunnallinen kalastusp\u00e4iv\u00e4 (<a href=\"http:\/\/www.vapaa-ajankalastaja.fi\/files\/Tiedostot\/VaKaPa2016_yhteystiedot.pdf\">http:\/\/www.vapaa-ajankalastaja.fi\/files\/Tiedostot\/VaKaPa2016_yhteystiedot.pdf<\/a>). P\u00e4\u00e4tapahtuma j\u00e4rjestet\u00e4\u00e4n Tuusulanj\u00e4rven rannalla J\u00e4rvenp\u00e4\u00e4ss\u00e4, johon on ilmoittautunut noin 650 koululaista.<\/p>\n<p>Aloitteen valtakunnallisen kalastusp\u00e4iv\u00e4n j\u00e4rjest\u00e4miseen on tehnyt eduskunnan kalakerho. Maa- ja mets\u00e4talousministeri\u00f6n, Suomen Vapaa-ajankalastajien Keskusj\u00e4rjest\u00f6n, Kalatalouden Keskusliiton, kalatalousalan lehdist\u00f6n, suomalaisten kalastusv\u00e4linevalmistajien ja maahantuojien yhteisty\u00f6ll\u00e4 tuemme nuorten kalastusharrastusta. MMM rahoittaa tapahtumaa kalastuksenhoitomaksuvaroilla.<\/p>\n","protected":false},"excerpt":{"rendered":"<p>Valtakunnallisen kalastusp\u00e4iv\u00e4n teemana on Koulusta kalaan! Sen tiimoilta j\u00e4rjestet\u00e4\u00e4n ainakin 48 tapahtumaa ymp\u00e4ri Suomen. P\u00e4\u00e4osa tapahtumista j\u00e4rjestet\u00e4\u00e4n 18.5., mutta esimerkiksi Pohjois-Suomessa p\u00e4iv\u00e4\u00e4 vietet\u00e4\u00e4n elokuun lopulla. Kalastusp\u00e4iv\u00e4 houkuttelee koululaisia kalastuksen saloihin nyt jo 11. kertaa. P\u00e4\u00e4osa tapahtumista onkin suunnattu etuk\u00e4teen ilmoittautuville koululaisryhmille. Tapahtumissa koululaiset ja nuoret p\u00e4\u00e4sev\u00e4t syventym\u00e4\u00e4n kalastusharrastuksen oppeihin Suomen Vapaa-ajankalastajien Keskusj\u00e4rjest\u00f6n vapaa-ajankalastajapiirien ja seurojen [&hellip;]<\/p>\n","protected":false},"author":1,"featured_media":0,"comment_status":"closed","ping_status":"closed","sticky":false,"template":"","format":"standard","meta":{"footnotes":""},"categories":[8],"tags":[],"class_list":["post-987","post","type-post","status-publish","format-standard","hentry","category-suomen-vapaa-ajankalastajien-keskusjarjesto","eq-blocks"],"yoast_head":"<!-- This site is optimized with the Yoast SEO plugin v27.5 - https:\/\/yoast.com\/product\/yoast-seo-wordpress\/ -->\n<title>Valtakunnallisena kalastusp\u00e4iv\u00e4n\u00e4 vied\u00e4\u00e4n koululaisia kalaan - KALASTUSVIESTI<\/title>\n<meta name=\"robots\" content=\"index, follow, max-snippet:-1, max-image-preview:large, max-video-preview:-1\" \/>\n<link rel=\"canonical\" href=\"https:\/\/www.victoriamedia.org\/kalastusviesti\/valtakunnallisena-kalastuspaivana-viedaan-koululaisia-kalaan\/\" \/>\n<meta property=\"og:locale\" content=\"en_US\" \/>\n<meta property=\"og:type\" content=\"article\" \/>\n<meta property=\"og:title\" content=\"Valtakunnallisena kalastusp\u00e4iv\u00e4n\u00e4 vied\u00e4\u00e4n koululaisia kalaan - KALASTUSVIESTI\" \/>\n<meta property=\"og:description\" content=\"Valtakunnallisen kalastusp\u00e4iv\u00e4n teemana on Koulusta kalaan! Sen tiimoilta j\u00e4rjestet\u00e4\u00e4n ainakin 48 tapahtumaa ymp\u00e4ri Suomen. P\u00e4\u00e4osa tapahtumista j\u00e4rjestet\u00e4\u00e4n 18.5., mutta esimerkiksi Pohjois-Suomessa p\u00e4iv\u00e4\u00e4 vietet\u00e4\u00e4n elokuun lopulla. Kalastusp\u00e4iv\u00e4 houkuttelee koululaisia kalastuksen saloihin nyt jo 11. kertaa. P\u00e4\u00e4osa tapahtumista onkin suunnattu etuk\u00e4teen ilmoittautuville koululaisryhmille. Tapahtumissa koululaiset ja nuoret p\u00e4\u00e4sev\u00e4t syventym\u00e4\u00e4n kalastusharrastuksen oppeihin Suomen Vapaa-ajankalastajien Keskusj\u00e4rjest\u00f6n vapaa-ajankalastajapiirien ja seurojen [&hellip;]\" \/>\n<meta property=\"og:url\" content=\"https:\/\/www.victoriamedia.org\/kalastusviesti\/valtakunnallisena-kalastuspaivana-viedaan-koululaisia-kalaan\/\" \/>\n<meta property=\"og:site_name\" content=\"KALASTUSVIESTI\" \/>\n<meta property=\"article:publisher\" content=\"https:\/\/www.facebook.com\/Kalastusviesti\" \/>\n<meta property=\"article:published_time\" content=\"2016-05-16T09:21:32+00:00\" \/>\n<meta property=\"og:image\" content=\"http:\/\/www.victoriamedia.org\/kalastusviesti\/wp-content\/uploads\/2016\/05\/vakapa-2016-logo-varilla.jpg\" \/>\n<meta name=\"author\" content=\"kerttuvali\" \/>\n<meta name=\"twitter:card\" content=\"summary_large_image\" \/>\n<meta name=\"twitter:creator\" content=\"@kalastusuutiset\" \/>\n<meta name=\"twitter:site\" content=\"@kalastusuutiset\" \/>\n<meta name=\"twitter:label1\" content=\"Written by\" \/>\n\t<meta name=\"twitter:data1\" content=\"kerttuvali\" \/>\n\t<meta name=\"twitter:label2\" content=\"Est. reading time\" \/>\n\t<meta name=\"twitter:data2\" content=\"1 minute\" \/>\n<script type=\"application\/ld+json\" class=\"yoast-schema-graph\">{\"@context\":\"https:\\\/\\\/schema.org\",\"@graph\":[{\"@type\":\"Article\",\"@id\":\"https:\\\/\\\/www.victoriamedia.org\\\/kalastusviesti\\\/valtakunnallisena-kalastuspaivana-viedaan-koululaisia-kalaan\\\/#article\",\"isPartOf\":{\"@id\":\"https:\\\/\\\/www.victoriamedia.org\\\/kalastusviesti\\\/valtakunnallisena-kalastuspaivana-viedaan-koululaisia-kalaan\\\/\"},\"author\":{\"name\":\"kerttuvali\",\"@id\":\"https:\\\/\\\/www.victoriamedia.org\\\/kalastusviesti\\\/#\\\/schema\\\/person\\\/df29131d02ead3f61cdeeef5d30a6771\"},\"headline\":\"Valtakunnallisena kalastusp\u00e4iv\u00e4n\u00e4 vied\u00e4\u00e4n koululaisia kalaan\",\"datePublished\":\"2016-05-16T09:21:32+00:00\",\"mainEntityOfPage\":{\"@id\":\"https:\\\/\\\/www.victoriamedia.org\\\/kalastusviesti\\\/valtakunnallisena-kalastuspaivana-viedaan-koululaisia-kalaan\\\/\"},\"wordCount\":229,\"image\":{\"@id\":\"https:\\\/\\\/www.victoriamedia.org\\\/kalastusviesti\\\/valtakunnallisena-kalastuspaivana-viedaan-koululaisia-kalaan\\\/#primaryimage\"},\"thumbnailUrl\":\"http:\\\/\\\/www.victoriamedia.org\\\/kalastusviesti\\\/wp-content\\\/uploads\\\/2016\\\/05\\\/vakapa-2016-logo-varilla.jpg\",\"articleSection\":[\"Suomen Vapaa-ajankalastajien Keskusj\u00e4rjest\u00f6\"],\"inLanguage\":\"en-US\"},{\"@type\":\"WebPage\",\"@id\":\"https:\\\/\\\/www.victoriamedia.org\\\/kalastusviesti\\\/valtakunnallisena-kalastuspaivana-viedaan-koululaisia-kalaan\\\/\",\"url\":\"https:\\\/\\\/www.victoriamedia.org\\\/kalastusviesti\\\/valtakunnallisena-kalastuspaivana-viedaan-koululaisia-kalaan\\\/\",\"name\":\"Valtakunnallisena kalastusp\u00e4iv\u00e4n\u00e4 vied\u00e4\u00e4n koululaisia kalaan - KALASTUSVIESTI\",\"isPartOf\":{\"@id\":\"https:\\\/\\\/www.victoriamedia.org\\\/kalastusviesti\\\/#website\"},\"primaryImageOfPage\":{\"@id\":\"https:\\\/\\\/www.victoriamedia.org\\\/kalastusviesti\\\/valtakunnallisena-kalastuspaivana-viedaan-koululaisia-kalaan\\\/#primaryimage\"},\"image\":{\"@id\":\"https:\\\/\\\/www.victoriamedia.org\\\/kalastusviesti\\\/valtakunnallisena-kalastuspaivana-viedaan-koululaisia-kalaan\\\/#primaryimage\"},\"thumbnailUrl\":\"http:\\\/\\\/www.victoriamedia.org\\\/kalastusviesti\\\/wp-content\\\/uploads\\\/2016\\\/05\\\/vakapa-2016-logo-varilla.jpg\",\"datePublished\":\"2016-05-16T09:21:32+00:00\",\"author\":{\"@id\":\"https:\\\/\\\/www.victoriamedia.org\\\/kalastusviesti\\\/#\\\/schema\\\/person\\\/df29131d02ead3f61cdeeef5d30a6771\"},\"breadcrumb\":{\"@id\":\"https:\\\/\\\/www.victoriamedia.org\\\/kalastusviesti\\\/valtakunnallisena-kalastuspaivana-viedaan-koululaisia-kalaan\\\/#breadcrumb\"},\"inLanguage\":\"en-US\",\"potentialAction\":[{\"@type\":\"ReadAction\",\"target\":[\"https:\\\/\\\/www.victoriamedia.org\\\/kalastusviesti\\\/valtakunnallisena-kalastuspaivana-viedaan-koululaisia-kalaan\\\/\"]}]},{\"@type\":\"ImageObject\",\"inLanguage\":\"en-US\",\"@id\":\"https:\\\/\\\/www.victoriamedia.org\\\/kalastusviesti\\\/valtakunnallisena-kalastuspaivana-viedaan-koululaisia-kalaan\\\/#primaryimage\",\"url\":\"https:\\\/\\\/www.victoriamedia.org\\\/kalastusviesti\\\/wp-content\\\/uploads\\\/2016\\\/05\\\/vakapa-2016-logo-varilla.jpg\",\"contentUrl\":\"https:\\\/\\\/www.victoriamedia.org\\\/kalastusviesti\\\/wp-content\\\/uploads\\\/2016\\\/05\\\/vakapa-2016-logo-varilla.jpg\",\"width\":879,\"height\":674},{\"@type\":\"BreadcrumbList\",\"@id\":\"https:\\\/\\\/www.victoriamedia.org\\\/kalastusviesti\\\/valtakunnallisena-kalastuspaivana-viedaan-koululaisia-kalaan\\\/#breadcrumb\",\"itemListElement\":[{\"@type\":\"ListItem\",\"position\":1,\"name\":\"Home\",\"item\":\"https:\\\/\\\/www.victoriamedia.org\\\/kalastusviesti\\\/\"},{\"@type\":\"ListItem\",\"position\":2,\"name\":\"Valtakunnallisena kalastusp\u00e4iv\u00e4n\u00e4 vied\u00e4\u00e4n koululaisia kalaan\"}]},{\"@type\":\"WebSite\",\"@id\":\"https:\\\/\\\/www.victoriamedia.org\\\/kalastusviesti\\\/#website\",\"url\":\"https:\\\/\\\/www.victoriamedia.org\\\/kalastusviesti\\\/\",\"name\":\"KALASTUSVIESTI\",\"description\":\"\",\"potentialAction\":[{\"@type\":\"SearchAction\",\"target\":{\"@type\":\"EntryPoint\",\"urlTemplate\":\"https:\\\/\\\/www.victoriamedia.org\\\/kalastusviesti\\\/?s={search_term_string}\"},\"query-input\":{\"@type\":\"PropertyValueSpecification\",\"valueRequired\":true,\"valueName\":\"search_term_string\"}}],\"inLanguage\":\"en-US\"},{\"@type\":\"Person\",\"@id\":\"https:\\\/\\\/www.victoriamedia.org\\\/kalastusviesti\\\/#\\\/schema\\\/person\\\/df29131d02ead3f61cdeeef5d30a6771\",\"name\":\"kerttuvali\",\"image\":{\"@type\":\"ImageObject\",\"inLanguage\":\"en-US\",\"@id\":\"https:\\\/\\\/secure.gravatar.com\\\/avatar\\\/62dbe1a847f655ad987c59fece23f885c4b0e7b06595c36d9597003852972217?s=96&d=mm&r=g\",\"url\":\"https:\\\/\\\/secure.gravatar.com\\\/avatar\\\/62dbe1a847f655ad987c59fece23f885c4b0e7b06595c36d9597003852972217?s=96&d=mm&r=g\",\"contentUrl\":\"https:\\\/\\\/secure.gravatar.com\\\/avatar\\\/62dbe1a847f655ad987c59fece23f885c4b0e7b06595c36d9597003852972217?s=96&d=mm&r=g\",\"caption\":\"kerttuvali\"},\"url\":\"https:\\\/\\\/www.victoriamedia.org\\\/kalastusviesti\\\/author\\\/kerttuvali\\\/\"}]}<\/script>\n<!-- \/ Yoast SEO plugin. -->","yoast_head_json":{"title":"Valtakunnallisena kalastusp\u00e4iv\u00e4n\u00e4 vied\u00e4\u00e4n koululaisia kalaan - KALASTUSVIESTI","robots":{"index":"index","follow":"follow","max-snippet":"max-snippet:-1","max-image-preview":"max-image-preview:large","max-video-preview":"max-video-preview:-1"},"canonical":"https:\/\/www.victoriamedia.org\/kalastusviesti\/valtakunnallisena-kalastuspaivana-viedaan-koululaisia-kalaan\/","og_locale":"en_US","og_type":"article","og_title":"Valtakunnallisena kalastusp\u00e4iv\u00e4n\u00e4 vied\u00e4\u00e4n koululaisia kalaan - KALASTUSVIESTI","og_description":"Valtakunnallisen kalastusp\u00e4iv\u00e4n teemana on Koulusta kalaan! Sen tiimoilta j\u00e4rjestet\u00e4\u00e4n ainakin 48 tapahtumaa ymp\u00e4ri Suomen. P\u00e4\u00e4osa tapahtumista j\u00e4rjestet\u00e4\u00e4n 18.5., mutta esimerkiksi Pohjois-Suomessa p\u00e4iv\u00e4\u00e4 vietet\u00e4\u00e4n elokuun lopulla. Kalastusp\u00e4iv\u00e4 houkuttelee koululaisia kalastuksen saloihin nyt jo 11. kertaa. P\u00e4\u00e4osa tapahtumista onkin suunnattu etuk\u00e4teen ilmoittautuville koululaisryhmille. Tapahtumissa koululaiset ja nuoret p\u00e4\u00e4sev\u00e4t syventym\u00e4\u00e4n kalastusharrastuksen oppeihin Suomen Vapaa-ajankalastajien Keskusj\u00e4rjest\u00f6n vapaa-ajankalastajapiirien ja seurojen [&hellip;]","og_url":"https:\/\/www.victoriamedia.org\/kalastusviesti\/valtakunnallisena-kalastuspaivana-viedaan-koululaisia-kalaan\/","og_site_name":"KALASTUSVIESTI","article_publisher":"https:\/\/www.facebook.com\/Kalastusviesti","article_published_time":"2016-05-16T09:21:32+00:00","og_image":[{"url":"http:\/\/www.victoriamedia.org\/kalastusviesti\/wp-content\/uploads\/2016\/05\/vakapa-2016-logo-varilla.jpg","type":"","width":"","height":""}],"author":"kerttuvali","twitter_card":"summary_large_image","twitter_creator":"@kalastusuutiset","twitter_site":"@kalastusuutiset","twitter_misc":{"Written by":"kerttuvali","Est. reading time":"1 minute"},"schema":{"@context":"https:\/\/schema.org","@graph":[{"@type":"Article","@id":"https:\/\/www.victoriamedia.org\/kalastusviesti\/valtakunnallisena-kalastuspaivana-viedaan-koululaisia-kalaan\/#article","isPartOf":{"@id":"https:\/\/www.victoriamedia.org\/kalastusviesti\/valtakunnallisena-kalastuspaivana-viedaan-koululaisia-kalaan\/"},"author":{"name":"kerttuvali","@id":"https:\/\/www.victoriamedia.org\/kalastusviesti\/#\/schema\/person\/df29131d02ead3f61cdeeef5d30a6771"},"headline":"Valtakunnallisena kalastusp\u00e4iv\u00e4n\u00e4 vied\u00e4\u00e4n koululaisia kalaan","datePublished":"2016-05-16T09:21:32+00:00","mainEntityOfPage":{"@id":"https:\/\/www.victoriamedia.org\/kalastusviesti\/valtakunnallisena-kalastuspaivana-viedaan-koululaisia-kalaan\/"},"wordCount":229,"image":{"@id":"https:\/\/www.victoriamedia.org\/kalastusviesti\/valtakunnallisena-kalastuspaivana-viedaan-koululaisia-kalaan\/#primaryimage"},"thumbnailUrl":"http:\/\/www.victoriamedia.org\/kalastusviesti\/wp-content\/uploads\/2016\/05\/vakapa-2016-logo-varilla.jpg","articleSection":["Suomen Vapaa-ajankalastajien Keskusj\u00e4rjest\u00f6"],"inLanguage":"en-US"},{"@type":"WebPage","@id":"https:\/\/www.victoriamedia.org\/kalastusviesti\/valtakunnallisena-kalastuspaivana-viedaan-koululaisia-kalaan\/","url":"https:\/\/www.victoriamedia.org\/kalastusviesti\/valtakunnallisena-kalastuspaivana-viedaan-koululaisia-kalaan\/","name":"Valtakunnallisena kalastusp\u00e4iv\u00e4n\u00e4 vied\u00e4\u00e4n koululaisia kalaan - KALASTUSVIESTI","isPartOf":{"@id":"https:\/\/www.victoriamedia.org\/kalastusviesti\/#website"},"primaryImageOfPage":{"@id":"https:\/\/www.victoriamedia.org\/kalastusviesti\/valtakunnallisena-kalastuspaivana-viedaan-koululaisia-kalaan\/#primaryimage"},"image":{"@id":"https:\/\/www.victoriamedia.org\/kalastusviesti\/valtakunnallisena-kalastuspaivana-viedaan-koululaisia-kalaan\/#primaryimage"},"thumbnailUrl":"http:\/\/www.victoriamedia.org\/kalastusviesti\/wp-content\/uploads\/2016\/05\/vakapa-2016-logo-varilla.jpg","datePublished":"2016-05-16T09:21:32+00:00","author":{"@id":"https:\/\/www.victoriamedia.org\/kalastusviesti\/#\/schema\/person\/df29131d02ead3f61cdeeef5d30a6771"},"breadcrumb":{"@id":"https:\/\/www.victoriamedia.org\/kalastusviesti\/valtakunnallisena-kalastuspaivana-viedaan-koululaisia-kalaan\/#breadcrumb"},"inLanguage":"en-US","potentialAction":[{"@type":"ReadAction","target":["https:\/\/www.victoriamedia.org\/kalastusviesti\/valtakunnallisena-kalastuspaivana-viedaan-koululaisia-kalaan\/"]}]},{"@type":"ImageObject","inLanguage":"en-US","@id":"https:\/\/www.victoriamedia.org\/kalastusviesti\/valtakunnallisena-kalastuspaivana-viedaan-koululaisia-kalaan\/#primaryimage","url":"https:\/\/www.victoriamedia.org\/kalastusviesti\/wp-content\/uploads\/2016\/05\/vakapa-2016-logo-varilla.jpg","contentUrl":"https:\/\/www.victoriamedia.org\/kalastusviesti\/wp-content\/uploads\/2016\/05\/vakapa-2016-logo-varilla.jpg","width":879,"height":674},{"@type":"BreadcrumbList","@id":"https:\/\/www.victoriamedia.org\/kalastusviesti\/valtakunnallisena-kalastuspaivana-viedaan-koululaisia-kalaan\/#breadcrumb","itemListElement":[{"@type":"ListItem","position":1,"name":"Home","item":"https:\/\/www.victoriamedia.org\/kalastusviesti\/"},{"@type":"ListItem","position":2,"name":"Valtakunnallisena kalastusp\u00e4iv\u00e4n\u00e4 vied\u00e4\u00e4n koululaisia kalaan"}]},{"@type":"WebSite","@id":"https:\/\/www.victoriamedia.org\/kalastusviesti\/#website","url":"https:\/\/www.victoriamedia.org\/kalastusviesti\/","name":"KALASTUSVIESTI","description":"","potentialAction":[{"@type":"SearchAction","target":{"@type":"EntryPoint","urlTemplate":"https:\/\/www.victoriamedia.org\/kalastusviesti\/?s={search_term_string}"},"query-input":{"@type":"PropertyValueSpecification","valueRequired":true,"valueName":"search_term_string"}}],"inLanguage":"en-US"},{"@type":"Person","@id":"https:\/\/www.victoriamedia.org\/kalastusviesti\/#\/schema\/person\/df29131d02ead3f61cdeeef5d30a6771","name":"kerttuvali","image":{"@type":"ImageObject","inLanguage":"en-US","@id":"https:\/\/secure.gravatar.com\/avatar\/62dbe1a847f655ad987c59fece23f885c4b0e7b06595c36d9597003852972217?s=96&d=mm&r=g","url":"https:\/\/secure.gravatar.com\/avatar\/62dbe1a847f655ad987c59fece23f885c4b0e7b06595c36d9597003852972217?s=96&d=mm&r=g","contentUrl":"https:\/\/secure.gravatar.com\/avatar\/62dbe1a847f655ad987c59fece23f885c4b0e7b06595c36d9597003852972217?s=96&d=mm&r=g","caption":"kerttuvali"},"url":"https:\/\/www.victoriamedia.org\/kalastusviesti\/author\/kerttuvali\/"}]}},"_links":{"self":[{"href":"https:\/\/www.victoriamedia.org\/kalastusviesti\/wp-json\/wp\/v2\/posts\/987","targetHints":{"allow":["GET"]}}],"collection":[{"href":"https:\/\/www.victoriamedia.org\/kalastusviesti\/wp-json\/wp\/v2\/posts"}],"about":[{"href":"https:\/\/www.victoriamedia.org\/kalastusviesti\/wp-json\/wp\/v2\/types\/post"}],"author":[{"embeddable":true,"href":"https:\/\/www.victoriamedia.org\/kalastusviesti\/wp-json\/wp\/v2\/users\/1"}],"replies":[{"embeddable":true,"href":"https:\/\/www.victoriamedia.org\/kalastusviesti\/wp-json\/wp\/v2\/comments?post=987"}],"version-history":[{"count":1,"href":"https:\/\/www.victoriamedia.org\/kalastusviesti\/wp-json\/wp\/v2\/posts\/987\/revisions"}],"predecessor-version":[{"id":989,"href":"https:\/\/www.victoriamedia.org\/kalastusviesti\/wp-json\/wp\/v2\/posts\/987\/revisions\/989"}],"wp:attachment":[{"href":"https:\/\/www.victoriamedia.org\/kalastusviesti\/wp-json\/wp\/v2\/media?parent=987"}],"wp:term":[{"taxonomy":"category","embeddable":true,"href":"https:\/\/www.victoriamedia.org\/kalastusviesti\/wp-json\/wp\/v2\/categories?post=987"},{"taxonomy":"post_tag","embeddable":true,"href":"https:\/\/www.victoriamedia.org\/kalastusviesti\/wp-json\/wp\/v2\/tags?post=987"}],"curies":[{"name":"wp","href":"https:\/\/api.w.org\/{rel}","templated":true}]}}