{"id":944,"date":"2016-03-16T14:26:02","date_gmt":"2016-03-16T14:26:02","guid":{"rendered":"http:\/\/www.victoriamedia.org\/kalastusviesti\/?p=944"},"modified":"2016-03-16T14:26:02","modified_gmt":"2016-03-16T14:26:02","slug":"pilkkijan-kalastuskausi-huipentuu-kevatjailla","status":"publish","type":"post","link":"https:\/\/www.victoriamedia.org\/kalastusviesti\/pilkkijan-kalastuskausi-huipentuu-kevatjailla\/","title":{"rendered":"Pilkkij\u00e4n kalastuskausi huipentuu kev\u00e4tj\u00e4ill\u00e4"},"content":{"rendered":"<p><a href=\"https:\/\/www.victoriamedia.org\/kalastusviesti\/wp-content\/uploads\/2016\/03\/Pilkkiahvenet2016.jpg\"><img loading=\"lazy\" decoding=\"async\" class=\"alignnone  wp-image-945\" src=\"https:\/\/www.victoriamedia.org\/kalastusviesti\/wp-content\/uploads\/2016\/03\/Pilkkiahvenet2016.jpg\" alt=\"DSC_0338\" width=\"589\" height=\"331\" srcset=\"https:\/\/www.victoriamedia.org\/kalastusviesti\/wp-content\/uploads\/2016\/03\/Pilkkiahvenet2016.jpg 520w, https:\/\/www.victoriamedia.org\/kalastusviesti\/wp-content\/uploads\/2016\/03\/Pilkkiahvenet2016-300x168.jpg 300w\" sizes=\"auto, (max-width: 589px) 100vw, 589px\" \/><\/a><\/p>\n<p><em>Kuva: Janne Rautanen<\/em><\/p>\n<p><strong>Kev\u00e4t on pilkkikalastajan huippukautta. Lumien sulettua j\u00e4\u00e4n p\u00e4\u00e4lt\u00e4 lis\u00e4\u00e4ntynyt valo aktivoi kalat sy\u00f6m\u00e4\u00e4n. V\u00e4h\u00e4lumisella j\u00e4\u00e4ll\u00e4 liikkuminen on helppoa. Kev\u00e4tpilkkij\u00e4 tavoittelee erityisesti ahvenia, mutta my\u00f6s kuhat, siiat ja hauet haksahtavat vieheisiin.<\/strong><\/p>\n<p>Kahden heikkoj\u00e4isen talven j\u00e4lkeen saatiin vihdoin pilkkikalastusta suosiva kev\u00e4t. J\u00e4iden tulo viiv\u00e4styi, mutta tammi- ja helmikuun pakkaset vahvistivat j\u00e4\u00e4t hyv\u00e4\u00e4n kuntoon.\u00a0 Jo sulia etel\u00e4isi\u00e4 ja lounaisia merialueita lukuun ottamatta j\u00e4\u00e4t ovat p\u00e4\u00e4osin hyv\u00e4ss\u00e4 kunnossa. Esimerkiksi Pirkanmaalla kovaa j\u00e4\u00e4t\u00e4 on j\u00e4rviss\u00e4 noin 40 senttimetri\u00e4. Y\u00f6pakkasten jatkuessa j\u00e4\u00e4t pysyv\u00e4t pilkkikunnossa viel\u00e4 muutaman viikon.<br \/>\nVirtavat salmet, joet, sillanaluset sek\u00e4 paikat, joissa j\u00e4\u00e4 ei koskaan muodostu hyv\u00e4ksi, ovat vaaranpaikkoja, joita tulee aina v\u00e4ltt\u00e4\u00e4. J\u00e4\u00e4n muuttuessa tummaksi ja \u201dpuikkoiseksi\u201d pilkkikausi pit\u00e4\u00e4 lopettaa. Vastuullisella pilkkij\u00e4ll\u00e4 on kaulassaan j\u00e4\u00e4naskalit sek\u00e4 repussa k\u00f6ysi tai heittoliina.<\/p>\n<p><strong>Kalat ovat kev\u00e4\u00e4ll\u00e4 aktiivisia<\/strong><\/p>\n<p>Lis\u00e4\u00e4ntynyt valo aktivoi kalojen liikkumista. Kev\u00e4tkutuiset kalat, kuten ahven, hauki ja kuha, hakeutuvat hiljalleen kutualueidensa l\u00e4heisyyteen tankkaamaan ravintoa ennen kuturasitusta. Kev\u00e4\u00e4ll\u00e4 pienemm\u00e4t herkkupalat, kuten mormuskat, v\u00e4rikoukut ja pienet tasapainot, ovat ahventen suurinta herkkua. Isommat vieheet j\u00e4\u00e4v\u00e4t usein vaille kalojen kiinnostusta, sill\u00e4 ahventen vatsoja t\u00e4ytt\u00e4v\u00e4t jo suuret m\u00e4ti- ja maitilastit.<br \/>\nPienimpiin vieheisiin saattaa haksahtaa my\u00f6s kev\u00e4\u00e4ll\u00e4 aktiivinen siika. Siikapilkit tai mormuskat kannattaa sy\u00f6titt\u00e4\u00e4 k\u00e4rp\u00e4sentoukalla tai surviaisella. Kuhien ja haukien mieleen ovat erityisesti hieman kookkaammat tasapainot sek\u00e4 pystypilkit.<br \/>\nUseimmiten sivusaaliksi p\u00e4\u00e4tyy s\u00e4rkikaloja sek\u00e4 pienempi\u00e4 ahvenia. Nykyaikainen kalastaja ei j\u00e4t\u00e4 j\u00e4\u00e4lle sivusalista eik\u00e4 roskia. My\u00f6s erityisen kookkaat yksil\u00f6t usein vapautetaan lis\u00e4\u00e4ntym\u00e4\u00e4n ja jatkamaan hyv\u00e4\u00e4 perim\u00e4\u00e4ns\u00e4.<\/p>\n<p>Pilkkiminen on jokamiehenoikeus, johon ei normaaleissa \u201dtalousvesiss\u00e4\u201d tarvita kalastuslupaa. Pilkinn\u00e4ss\u00e4 saa k\u00e4ytt\u00e4\u00e4 yht\u00e4 vapaa ja viehett\u00e4 kerrallaan.<\/p>\n","protected":false},"excerpt":{"rendered":"<p>Kuva: Janne Rautanen Kev\u00e4t on pilkkikalastajan huippukautta. Lumien sulettua j\u00e4\u00e4n p\u00e4\u00e4lt\u00e4 lis\u00e4\u00e4ntynyt valo aktivoi kalat sy\u00f6m\u00e4\u00e4n. V\u00e4h\u00e4lumisella j\u00e4\u00e4ll\u00e4 liikkuminen on helppoa. Kev\u00e4tpilkkij\u00e4 tavoittelee erityisesti ahvenia, mutta my\u00f6s kuhat, siiat ja hauet haksahtavat vieheisiin. Kahden heikkoj\u00e4isen talven j\u00e4lkeen saatiin vihdoin pilkkikalastusta suosiva kev\u00e4t. J\u00e4iden tulo viiv\u00e4styi, mutta tammi- ja helmikuun pakkaset vahvistivat j\u00e4\u00e4t hyv\u00e4\u00e4n kuntoon.\u00a0 Jo [&hellip;]<\/p>\n","protected":false},"author":1,"featured_media":0,"comment_status":"closed","ping_status":"closed","sticky":false,"template":"","format":"standard","meta":{"footnotes":""},"categories":[68],"tags":[],"class_list":["post-944","post","type-post","status-publish","format-standard","hentry","category-pilkkionginta","eq-blocks"],"yoast_head":"<!-- This site is optimized with the Yoast SEO plugin v27.5 - https:\/\/yoast.com\/product\/yoast-seo-wordpress\/ -->\n<title>Pilkkij\u00e4n kalastuskausi huipentuu kev\u00e4tj\u00e4ill\u00e4 - KALASTUSVIESTI<\/title>\n<meta name=\"robots\" content=\"index, follow, max-snippet:-1, max-image-preview:large, max-video-preview:-1\" \/>\n<link rel=\"canonical\" href=\"https:\/\/www.victoriamedia.org\/kalastusviesti\/pilkkijan-kalastuskausi-huipentuu-kevatjailla\/\" \/>\n<meta property=\"og:locale\" content=\"en_US\" \/>\n<meta property=\"og:type\" content=\"article\" \/>\n<meta property=\"og:title\" content=\"Pilkkij\u00e4n kalastuskausi huipentuu kev\u00e4tj\u00e4ill\u00e4 - KALASTUSVIESTI\" \/>\n<meta property=\"og:description\" content=\"Kuva: Janne Rautanen Kev\u00e4t on pilkkikalastajan huippukautta. Lumien sulettua j\u00e4\u00e4n p\u00e4\u00e4lt\u00e4 lis\u00e4\u00e4ntynyt valo aktivoi kalat sy\u00f6m\u00e4\u00e4n. V\u00e4h\u00e4lumisella j\u00e4\u00e4ll\u00e4 liikkuminen on helppoa. Kev\u00e4tpilkkij\u00e4 tavoittelee erityisesti ahvenia, mutta my\u00f6s kuhat, siiat ja hauet haksahtavat vieheisiin. Kahden heikkoj\u00e4isen talven j\u00e4lkeen saatiin vihdoin pilkkikalastusta suosiva kev\u00e4t. J\u00e4iden tulo viiv\u00e4styi, mutta tammi- ja helmikuun pakkaset vahvistivat j\u00e4\u00e4t hyv\u00e4\u00e4n kuntoon.\u00a0 Jo [&hellip;]\" \/>\n<meta property=\"og:url\" content=\"https:\/\/www.victoriamedia.org\/kalastusviesti\/pilkkijan-kalastuskausi-huipentuu-kevatjailla\/\" \/>\n<meta property=\"og:site_name\" content=\"KALASTUSVIESTI\" \/>\n<meta property=\"article:publisher\" content=\"https:\/\/www.facebook.com\/Kalastusviesti\" \/>\n<meta property=\"article:published_time\" content=\"2016-03-16T14:26:02+00:00\" \/>\n<meta property=\"og:image\" content=\"http:\/\/www.victoriamedia.org\/kalastusviesti\/wp-content\/uploads\/2016\/03\/Pilkkiahvenet2016.jpg\" \/>\n<meta name=\"author\" content=\"kerttuvali\" \/>\n<meta name=\"twitter:card\" content=\"summary_large_image\" \/>\n<meta name=\"twitter:creator\" content=\"@kalastusuutiset\" \/>\n<meta name=\"twitter:site\" content=\"@kalastusuutiset\" \/>\n<meta name=\"twitter:label1\" content=\"Written by\" \/>\n\t<meta name=\"twitter:data1\" content=\"kerttuvali\" \/>\n\t<meta name=\"twitter:label2\" content=\"Est. reading time\" \/>\n\t<meta name=\"twitter:data2\" content=\"2 minutes\" \/>\n<script type=\"application\/ld+json\" class=\"yoast-schema-graph\">{\"@context\":\"https:\\\/\\\/schema.org\",\"@graph\":[{\"@type\":\"Article\",\"@id\":\"https:\\\/\\\/www.victoriamedia.org\\\/kalastusviesti\\\/pilkkijan-kalastuskausi-huipentuu-kevatjailla\\\/#article\",\"isPartOf\":{\"@id\":\"https:\\\/\\\/www.victoriamedia.org\\\/kalastusviesti\\\/pilkkijan-kalastuskausi-huipentuu-kevatjailla\\\/\"},\"author\":{\"name\":\"kerttuvali\",\"@id\":\"https:\\\/\\\/www.victoriamedia.org\\\/kalastusviesti\\\/#\\\/schema\\\/person\\\/df29131d02ead3f61cdeeef5d30a6771\"},\"headline\":\"Pilkkij\u00e4n kalastuskausi huipentuu kev\u00e4tj\u00e4ill\u00e4\",\"datePublished\":\"2016-03-16T14:26:02+00:00\",\"mainEntityOfPage\":{\"@id\":\"https:\\\/\\\/www.victoriamedia.org\\\/kalastusviesti\\\/pilkkijan-kalastuskausi-huipentuu-kevatjailla\\\/\"},\"wordCount\":311,\"image\":{\"@id\":\"https:\\\/\\\/www.victoriamedia.org\\\/kalastusviesti\\\/pilkkijan-kalastuskausi-huipentuu-kevatjailla\\\/#primaryimage\"},\"thumbnailUrl\":\"http:\\\/\\\/www.victoriamedia.org\\\/kalastusviesti\\\/wp-content\\\/uploads\\\/2016\\\/03\\\/Pilkkiahvenet2016.jpg\",\"articleSection\":[\"Pilkkionginta\"],\"inLanguage\":\"en-US\"},{\"@type\":\"WebPage\",\"@id\":\"https:\\\/\\\/www.victoriamedia.org\\\/kalastusviesti\\\/pilkkijan-kalastuskausi-huipentuu-kevatjailla\\\/\",\"url\":\"https:\\\/\\\/www.victoriamedia.org\\\/kalastusviesti\\\/pilkkijan-kalastuskausi-huipentuu-kevatjailla\\\/\",\"name\":\"Pilkkij\u00e4n kalastuskausi huipentuu kev\u00e4tj\u00e4ill\u00e4 - KALASTUSVIESTI\",\"isPartOf\":{\"@id\":\"https:\\\/\\\/www.victoriamedia.org\\\/kalastusviesti\\\/#website\"},\"primaryImageOfPage\":{\"@id\":\"https:\\\/\\\/www.victoriamedia.org\\\/kalastusviesti\\\/pilkkijan-kalastuskausi-huipentuu-kevatjailla\\\/#primaryimage\"},\"image\":{\"@id\":\"https:\\\/\\\/www.victoriamedia.org\\\/kalastusviesti\\\/pilkkijan-kalastuskausi-huipentuu-kevatjailla\\\/#primaryimage\"},\"thumbnailUrl\":\"http:\\\/\\\/www.victoriamedia.org\\\/kalastusviesti\\\/wp-content\\\/uploads\\\/2016\\\/03\\\/Pilkkiahvenet2016.jpg\",\"datePublished\":\"2016-03-16T14:26:02+00:00\",\"author\":{\"@id\":\"https:\\\/\\\/www.victoriamedia.org\\\/kalastusviesti\\\/#\\\/schema\\\/person\\\/df29131d02ead3f61cdeeef5d30a6771\"},\"breadcrumb\":{\"@id\":\"https:\\\/\\\/www.victoriamedia.org\\\/kalastusviesti\\\/pilkkijan-kalastuskausi-huipentuu-kevatjailla\\\/#breadcrumb\"},\"inLanguage\":\"en-US\",\"potentialAction\":[{\"@type\":\"ReadAction\",\"target\":[\"https:\\\/\\\/www.victoriamedia.org\\\/kalastusviesti\\\/pilkkijan-kalastuskausi-huipentuu-kevatjailla\\\/\"]}]},{\"@type\":\"ImageObject\",\"inLanguage\":\"en-US\",\"@id\":\"https:\\\/\\\/www.victoriamedia.org\\\/kalastusviesti\\\/pilkkijan-kalastuskausi-huipentuu-kevatjailla\\\/#primaryimage\",\"url\":\"https:\\\/\\\/www.victoriamedia.org\\\/kalastusviesti\\\/wp-content\\\/uploads\\\/2016\\\/03\\\/Pilkkiahvenet2016.jpg\",\"contentUrl\":\"https:\\\/\\\/www.victoriamedia.org\\\/kalastusviesti\\\/wp-content\\\/uploads\\\/2016\\\/03\\\/Pilkkiahvenet2016.jpg\",\"width\":520,\"height\":292},{\"@type\":\"BreadcrumbList\",\"@id\":\"https:\\\/\\\/www.victoriamedia.org\\\/kalastusviesti\\\/pilkkijan-kalastuskausi-huipentuu-kevatjailla\\\/#breadcrumb\",\"itemListElement\":[{\"@type\":\"ListItem\",\"position\":1,\"name\":\"Home\",\"item\":\"https:\\\/\\\/www.victoriamedia.org\\\/kalastusviesti\\\/\"},{\"@type\":\"ListItem\",\"position\":2,\"name\":\"Pilkkij\u00e4n kalastuskausi huipentuu kev\u00e4tj\u00e4ill\u00e4\"}]},{\"@type\":\"WebSite\",\"@id\":\"https:\\\/\\\/www.victoriamedia.org\\\/kalastusviesti\\\/#website\",\"url\":\"https:\\\/\\\/www.victoriamedia.org\\\/kalastusviesti\\\/\",\"name\":\"KALASTUSVIESTI\",\"description\":\"\",\"potentialAction\":[{\"@type\":\"SearchAction\",\"target\":{\"@type\":\"EntryPoint\",\"urlTemplate\":\"https:\\\/\\\/www.victoriamedia.org\\\/kalastusviesti\\\/?s={search_term_string}\"},\"query-input\":{\"@type\":\"PropertyValueSpecification\",\"valueRequired\":true,\"valueName\":\"search_term_string\"}}],\"inLanguage\":\"en-US\"},{\"@type\":\"Person\",\"@id\":\"https:\\\/\\\/www.victoriamedia.org\\\/kalastusviesti\\\/#\\\/schema\\\/person\\\/df29131d02ead3f61cdeeef5d30a6771\",\"name\":\"kerttuvali\",\"image\":{\"@type\":\"ImageObject\",\"inLanguage\":\"en-US\",\"@id\":\"https:\\\/\\\/secure.gravatar.com\\\/avatar\\\/62dbe1a847f655ad987c59fece23f885c4b0e7b06595c36d9597003852972217?s=96&d=mm&r=g\",\"url\":\"https:\\\/\\\/secure.gravatar.com\\\/avatar\\\/62dbe1a847f655ad987c59fece23f885c4b0e7b06595c36d9597003852972217?s=96&d=mm&r=g\",\"contentUrl\":\"https:\\\/\\\/secure.gravatar.com\\\/avatar\\\/62dbe1a847f655ad987c59fece23f885c4b0e7b06595c36d9597003852972217?s=96&d=mm&r=g\",\"caption\":\"kerttuvali\"},\"url\":\"https:\\\/\\\/www.victoriamedia.org\\\/kalastusviesti\\\/author\\\/kerttuvali\\\/\"}]}<\/script>\n<!-- \/ Yoast SEO plugin. -->","yoast_head_json":{"title":"Pilkkij\u00e4n kalastuskausi huipentuu kev\u00e4tj\u00e4ill\u00e4 - KALASTUSVIESTI","robots":{"index":"index","follow":"follow","max-snippet":"max-snippet:-1","max-image-preview":"max-image-preview:large","max-video-preview":"max-video-preview:-1"},"canonical":"https:\/\/www.victoriamedia.org\/kalastusviesti\/pilkkijan-kalastuskausi-huipentuu-kevatjailla\/","og_locale":"en_US","og_type":"article","og_title":"Pilkkij\u00e4n kalastuskausi huipentuu kev\u00e4tj\u00e4ill\u00e4 - KALASTUSVIESTI","og_description":"Kuva: Janne Rautanen Kev\u00e4t on pilkkikalastajan huippukautta. Lumien sulettua j\u00e4\u00e4n p\u00e4\u00e4lt\u00e4 lis\u00e4\u00e4ntynyt valo aktivoi kalat sy\u00f6m\u00e4\u00e4n. V\u00e4h\u00e4lumisella j\u00e4\u00e4ll\u00e4 liikkuminen on helppoa. Kev\u00e4tpilkkij\u00e4 tavoittelee erityisesti ahvenia, mutta my\u00f6s kuhat, siiat ja hauet haksahtavat vieheisiin. Kahden heikkoj\u00e4isen talven j\u00e4lkeen saatiin vihdoin pilkkikalastusta suosiva kev\u00e4t. J\u00e4iden tulo viiv\u00e4styi, mutta tammi- ja helmikuun pakkaset vahvistivat j\u00e4\u00e4t hyv\u00e4\u00e4n kuntoon.\u00a0 Jo [&hellip;]","og_url":"https:\/\/www.victoriamedia.org\/kalastusviesti\/pilkkijan-kalastuskausi-huipentuu-kevatjailla\/","og_site_name":"KALASTUSVIESTI","article_publisher":"https:\/\/www.facebook.com\/Kalastusviesti","article_published_time":"2016-03-16T14:26:02+00:00","og_image":[{"url":"http:\/\/www.victoriamedia.org\/kalastusviesti\/wp-content\/uploads\/2016\/03\/Pilkkiahvenet2016.jpg","type":"","width":"","height":""}],"author":"kerttuvali","twitter_card":"summary_large_image","twitter_creator":"@kalastusuutiset","twitter_site":"@kalastusuutiset","twitter_misc":{"Written by":"kerttuvali","Est. reading time":"2 minutes"},"schema":{"@context":"https:\/\/schema.org","@graph":[{"@type":"Article","@id":"https:\/\/www.victoriamedia.org\/kalastusviesti\/pilkkijan-kalastuskausi-huipentuu-kevatjailla\/#article","isPartOf":{"@id":"https:\/\/www.victoriamedia.org\/kalastusviesti\/pilkkijan-kalastuskausi-huipentuu-kevatjailla\/"},"author":{"name":"kerttuvali","@id":"https:\/\/www.victoriamedia.org\/kalastusviesti\/#\/schema\/person\/df29131d02ead3f61cdeeef5d30a6771"},"headline":"Pilkkij\u00e4n kalastuskausi huipentuu kev\u00e4tj\u00e4ill\u00e4","datePublished":"2016-03-16T14:26:02+00:00","mainEntityOfPage":{"@id":"https:\/\/www.victoriamedia.org\/kalastusviesti\/pilkkijan-kalastuskausi-huipentuu-kevatjailla\/"},"wordCount":311,"image":{"@id":"https:\/\/www.victoriamedia.org\/kalastusviesti\/pilkkijan-kalastuskausi-huipentuu-kevatjailla\/#primaryimage"},"thumbnailUrl":"http:\/\/www.victoriamedia.org\/kalastusviesti\/wp-content\/uploads\/2016\/03\/Pilkkiahvenet2016.jpg","articleSection":["Pilkkionginta"],"inLanguage":"en-US"},{"@type":"WebPage","@id":"https:\/\/www.victoriamedia.org\/kalastusviesti\/pilkkijan-kalastuskausi-huipentuu-kevatjailla\/","url":"https:\/\/www.victoriamedia.org\/kalastusviesti\/pilkkijan-kalastuskausi-huipentuu-kevatjailla\/","name":"Pilkkij\u00e4n kalastuskausi huipentuu kev\u00e4tj\u00e4ill\u00e4 - KALASTUSVIESTI","isPartOf":{"@id":"https:\/\/www.victoriamedia.org\/kalastusviesti\/#website"},"primaryImageOfPage":{"@id":"https:\/\/www.victoriamedia.org\/kalastusviesti\/pilkkijan-kalastuskausi-huipentuu-kevatjailla\/#primaryimage"},"image":{"@id":"https:\/\/www.victoriamedia.org\/kalastusviesti\/pilkkijan-kalastuskausi-huipentuu-kevatjailla\/#primaryimage"},"thumbnailUrl":"http:\/\/www.victoriamedia.org\/kalastusviesti\/wp-content\/uploads\/2016\/03\/Pilkkiahvenet2016.jpg","datePublished":"2016-03-16T14:26:02+00:00","author":{"@id":"https:\/\/www.victoriamedia.org\/kalastusviesti\/#\/schema\/person\/df29131d02ead3f61cdeeef5d30a6771"},"breadcrumb":{"@id":"https:\/\/www.victoriamedia.org\/kalastusviesti\/pilkkijan-kalastuskausi-huipentuu-kevatjailla\/#breadcrumb"},"inLanguage":"en-US","potentialAction":[{"@type":"ReadAction","target":["https:\/\/www.victoriamedia.org\/kalastusviesti\/pilkkijan-kalastuskausi-huipentuu-kevatjailla\/"]}]},{"@type":"ImageObject","inLanguage":"en-US","@id":"https:\/\/www.victoriamedia.org\/kalastusviesti\/pilkkijan-kalastuskausi-huipentuu-kevatjailla\/#primaryimage","url":"https:\/\/www.victoriamedia.org\/kalastusviesti\/wp-content\/uploads\/2016\/03\/Pilkkiahvenet2016.jpg","contentUrl":"https:\/\/www.victoriamedia.org\/kalastusviesti\/wp-content\/uploads\/2016\/03\/Pilkkiahvenet2016.jpg","width":520,"height":292},{"@type":"BreadcrumbList","@id":"https:\/\/www.victoriamedia.org\/kalastusviesti\/pilkkijan-kalastuskausi-huipentuu-kevatjailla\/#breadcrumb","itemListElement":[{"@type":"ListItem","position":1,"name":"Home","item":"https:\/\/www.victoriamedia.org\/kalastusviesti\/"},{"@type":"ListItem","position":2,"name":"Pilkkij\u00e4n kalastuskausi huipentuu kev\u00e4tj\u00e4ill\u00e4"}]},{"@type":"WebSite","@id":"https:\/\/www.victoriamedia.org\/kalastusviesti\/#website","url":"https:\/\/www.victoriamedia.org\/kalastusviesti\/","name":"KALASTUSVIESTI","description":"","potentialAction":[{"@type":"SearchAction","target":{"@type":"EntryPoint","urlTemplate":"https:\/\/www.victoriamedia.org\/kalastusviesti\/?s={search_term_string}"},"query-input":{"@type":"PropertyValueSpecification","valueRequired":true,"valueName":"search_term_string"}}],"inLanguage":"en-US"},{"@type":"Person","@id":"https:\/\/www.victoriamedia.org\/kalastusviesti\/#\/schema\/person\/df29131d02ead3f61cdeeef5d30a6771","name":"kerttuvali","image":{"@type":"ImageObject","inLanguage":"en-US","@id":"https:\/\/secure.gravatar.com\/avatar\/62dbe1a847f655ad987c59fece23f885c4b0e7b06595c36d9597003852972217?s=96&d=mm&r=g","url":"https:\/\/secure.gravatar.com\/avatar\/62dbe1a847f655ad987c59fece23f885c4b0e7b06595c36d9597003852972217?s=96&d=mm&r=g","contentUrl":"https:\/\/secure.gravatar.com\/avatar\/62dbe1a847f655ad987c59fece23f885c4b0e7b06595c36d9597003852972217?s=96&d=mm&r=g","caption":"kerttuvali"},"url":"https:\/\/www.victoriamedia.org\/kalastusviesti\/author\/kerttuvali\/"}]}},"_links":{"self":[{"href":"https:\/\/www.victoriamedia.org\/kalastusviesti\/wp-json\/wp\/v2\/posts\/944","targetHints":{"allow":["GET"]}}],"collection":[{"href":"https:\/\/www.victoriamedia.org\/kalastusviesti\/wp-json\/wp\/v2\/posts"}],"about":[{"href":"https:\/\/www.victoriamedia.org\/kalastusviesti\/wp-json\/wp\/v2\/types\/post"}],"author":[{"embeddable":true,"href":"https:\/\/www.victoriamedia.org\/kalastusviesti\/wp-json\/wp\/v2\/users\/1"}],"replies":[{"embeddable":true,"href":"https:\/\/www.victoriamedia.org\/kalastusviesti\/wp-json\/wp\/v2\/comments?post=944"}],"version-history":[{"count":1,"href":"https:\/\/www.victoriamedia.org\/kalastusviesti\/wp-json\/wp\/v2\/posts\/944\/revisions"}],"predecessor-version":[{"id":946,"href":"https:\/\/www.victoriamedia.org\/kalastusviesti\/wp-json\/wp\/v2\/posts\/944\/revisions\/946"}],"wp:attachment":[{"href":"https:\/\/www.victoriamedia.org\/kalastusviesti\/wp-json\/wp\/v2\/media?parent=944"}],"wp:term":[{"taxonomy":"category","embeddable":true,"href":"https:\/\/www.victoriamedia.org\/kalastusviesti\/wp-json\/wp\/v2\/categories?post=944"},{"taxonomy":"post_tag","embeddable":true,"href":"https:\/\/www.victoriamedia.org\/kalastusviesti\/wp-json\/wp\/v2\/tags?post=944"}],"curies":[{"name":"wp","href":"https:\/\/api.w.org\/{rel}","templated":true}]}}