{"id":937,"date":"2016-03-11T10:18:55","date_gmt":"2016-03-11T10:18:55","guid":{"rendered":"http:\/\/www.victoriamedia.org\/kalastusviesti\/?p=937"},"modified":"2016-03-11T10:18:55","modified_gmt":"2016-03-11T10:18:55","slug":"pro-kala-tunnustus-kalavaltanen-oylle","status":"publish","type":"post","link":"https:\/\/www.victoriamedia.org\/kalastusviesti\/pro-kala-tunnustus-kalavaltanen-oylle\/","title":{"rendered":"PRO KALA \u2013TUNNUSTUS KALAVALTANEN OY:LLE"},"content":{"rendered":"<p><a href=\"https:\/\/www.victoriamedia.org\/kalastusviesti\/wp-content\/uploads\/2016\/03\/2016-03-11-12_15_35-Kalavaltanen.png\"><img loading=\"lazy\" decoding=\"async\" class=\"alignnone  wp-image-938\" src=\"https:\/\/www.victoriamedia.org\/kalastusviesti\/wp-content\/uploads\/2016\/03\/2016-03-11-12_15_35-Kalavaltanen.png\" alt=\"2016-03-11 12_15_35-Kalavaltanen\" width=\"670\" height=\"466\" srcset=\"https:\/\/www.victoriamedia.org\/kalastusviesti\/wp-content\/uploads\/2016\/03\/2016-03-11-12_15_35-Kalavaltanen.png 1014w, https:\/\/www.victoriamedia.org\/kalastusviesti\/wp-content\/uploads\/2016\/03\/2016-03-11-12_15_35-Kalavaltanen-300x209.png 300w\" sizes=\"auto, (max-width: 670px) 100vw, 670px\" \/><\/a><\/p>\n<p><strong>Viidestoista Pro Kala \u2013tunnustus luovutettiin Kalaviikko 2016 tapahtumassa hotelli Scandic Parkissa Helsingiss\u00e4 torstaina 10.3.2016. Vuoden 2016 Pro Kala \u2013tunnustuspalkinto my\u00f6nnettiin KalaValtanen Oy:lle tunnustuksena jo useita sukupolvia jatkuneesta tulevaisuuteen vahvasti suuntaavasta yritystoiminnasta koko kalaelintarvikeketjussa . Tunnustuksen luovutti kalatalousneuvos Risto Lampinen.<\/strong><\/p>\n<p>Kalan roolia elintarvikkeena ja tuotteena voi edist\u00e4\u00e4 monella tavalla, osallistumalla j\u00e4rjest\u00f6jen toimintaan tai oman yritystoimintansa kautta varmistamalla kuluttajien mahdollisuus saada kotimaista kalaa ja kalatuotteita. T\u00e4n\u00e4 vuonna Pro Kalan hallitus halusi palkita pitk\u00e4\u00e4n, jo useiden sukupolvien ajan, jatkunutta vahvasti tulevaisuuteen suuntaavaa yritystoimintaa ja sen ennakkoluulotonta kehitt\u00e4mist\u00e4. Ilman toimialaan uskovia ja tulevaisuuteen panostavia yritt\u00e4ji\u00e4 ja yrityksi\u00e4 meill\u00e4 ei ole kalaa, mill\u00e4 vastata kasvavaan kysynt\u00e4\u00e4n.<\/p>\n<p>KalaValtanen Oy on toiminut alalla jo usean sukupolven ajan. Yrityksen siian ja kirjolohen viljelyn tukikohta sijaitsee Luvian Lampoorissa ja modernit jalostustilat monipuolisen kalatuotevalikoiman valmistukseen Porin Honkaluodossa. KalaValtasen toiminta on kattanut koko kalaelintarvikkeen tuotantoketjun: ammattikalastuksen, kalanviljelyn, kalanjalostuksen ja kalakaupan. Alkutuotannossa on t\u00e4ll\u00e4 hetkell\u00e4 kuitenkin keskitytty kalanviljelyyn, erityisesti siian viljelyyn. KalaValtasella on aina katsottu vahvasti tulevaisuuteen, ja kuten yrityksen kotisivuilla todetaan \u201don pyritty siihen, ett\u00e4 seuraava sukupolvi voi jatkaa toimintaa kannattavana&#8221;. Samalla asenteella j\u00e4lleen kerran seuraava sukupolvi on tarttunut ruoriin ja katse on vahvasti eteenp\u00e4in.<\/p>\n<p>Pro Kala -tunnustus on joka toinen vuosi jaettava huomionosoitus. Yhdistyksen hallitus my\u00f6nt\u00e4\u00e4 t\u00e4m\u00e4n tunnustuksen henkil\u00f6lle, yhteis\u00f6lle tai yritykselle, joka on toiminnallaan edist\u00e4nyt kotimaisen kalan imagoa, kalaruokakulttuuria, kalan laatua, saatavuutta tai menekki\u00e4.<\/p>\n<p><a href=\"http:\/\/www.kalavaltanen.fi\/\">www.kalavaltanen.fi<\/a><\/p>\n","protected":false},"excerpt":{"rendered":"<p>Viidestoista Pro Kala \u2013tunnustus luovutettiin Kalaviikko 2016 tapahtumassa hotelli Scandic Parkissa Helsingiss\u00e4 torstaina 10.3.2016. Vuoden 2016 Pro Kala \u2013tunnustuspalkinto my\u00f6nnettiin KalaValtanen Oy:lle tunnustuksena jo useita sukupolvia jatkuneesta tulevaisuuteen vahvasti suuntaavasta yritystoiminnasta koko kalaelintarvikeketjussa . Tunnustuksen luovutti kalatalousneuvos Risto Lampinen. Kalan roolia elintarvikkeena ja tuotteena voi edist\u00e4\u00e4 monella tavalla, osallistumalla j\u00e4rjest\u00f6jen toimintaan tai oman yritystoimintansa kautta [&hellip;]<\/p>\n","protected":false},"author":1,"featured_media":0,"comment_status":"closed","ping_status":"closed","sticky":false,"template":"","format":"standard","meta":{"footnotes":""},"categories":[46],"tags":[],"class_list":["post-937","post","type-post","status-publish","format-standard","hentry","category-pro-kala-ry","eq-blocks"],"yoast_head":"<!-- This site is optimized with the Yoast SEO plugin v27.5 - https:\/\/yoast.com\/product\/yoast-seo-wordpress\/ -->\n<title>PRO KALA \u2013TUNNUSTUS KALAVALTANEN OY:LLE - KALASTUSVIESTI<\/title>\n<meta name=\"robots\" content=\"index, follow, max-snippet:-1, max-image-preview:large, max-video-preview:-1\" \/>\n<link rel=\"canonical\" href=\"https:\/\/www.victoriamedia.org\/kalastusviesti\/pro-kala-tunnustus-kalavaltanen-oylle\/\" \/>\n<meta property=\"og:locale\" content=\"en_US\" \/>\n<meta property=\"og:type\" content=\"article\" \/>\n<meta property=\"og:title\" content=\"PRO KALA \u2013TUNNUSTUS KALAVALTANEN OY:LLE - KALASTUSVIESTI\" \/>\n<meta property=\"og:description\" content=\"Viidestoista Pro Kala \u2013tunnustus luovutettiin Kalaviikko 2016 tapahtumassa hotelli Scandic Parkissa Helsingiss\u00e4 torstaina 10.3.2016. Vuoden 2016 Pro Kala \u2013tunnustuspalkinto my\u00f6nnettiin KalaValtanen Oy:lle tunnustuksena jo useita sukupolvia jatkuneesta tulevaisuuteen vahvasti suuntaavasta yritystoiminnasta koko kalaelintarvikeketjussa . Tunnustuksen luovutti kalatalousneuvos Risto Lampinen. Kalan roolia elintarvikkeena ja tuotteena voi edist\u00e4\u00e4 monella tavalla, osallistumalla j\u00e4rjest\u00f6jen toimintaan tai oman yritystoimintansa kautta [&hellip;]\" \/>\n<meta property=\"og:url\" content=\"https:\/\/www.victoriamedia.org\/kalastusviesti\/pro-kala-tunnustus-kalavaltanen-oylle\/\" \/>\n<meta property=\"og:site_name\" content=\"KALASTUSVIESTI\" \/>\n<meta property=\"article:publisher\" content=\"https:\/\/www.facebook.com\/Kalastusviesti\" \/>\n<meta property=\"article:published_time\" content=\"2016-03-11T10:18:55+00:00\" \/>\n<meta property=\"og:image\" content=\"http:\/\/www.victoriamedia.org\/kalastusviesti\/wp-content\/uploads\/2016\/03\/2016-03-11-12_15_35-Kalavaltanen.png\" \/>\n<meta name=\"author\" content=\"kerttuvali\" \/>\n<meta name=\"twitter:card\" content=\"summary_large_image\" \/>\n<meta name=\"twitter:creator\" content=\"@kalastusuutiset\" \/>\n<meta name=\"twitter:site\" content=\"@kalastusuutiset\" \/>\n<meta name=\"twitter:label1\" content=\"Written by\" \/>\n\t<meta name=\"twitter:data1\" content=\"kerttuvali\" \/>\n\t<meta name=\"twitter:label2\" content=\"Est. reading time\" \/>\n\t<meta name=\"twitter:data2\" content=\"1 minute\" \/>\n<script type=\"application\/ld+json\" class=\"yoast-schema-graph\">{\"@context\":\"https:\\\/\\\/schema.org\",\"@graph\":[{\"@type\":\"Article\",\"@id\":\"https:\\\/\\\/www.victoriamedia.org\\\/kalastusviesti\\\/pro-kala-tunnustus-kalavaltanen-oylle\\\/#article\",\"isPartOf\":{\"@id\":\"https:\\\/\\\/www.victoriamedia.org\\\/kalastusviesti\\\/pro-kala-tunnustus-kalavaltanen-oylle\\\/\"},\"author\":{\"name\":\"kerttuvali\",\"@id\":\"https:\\\/\\\/www.victoriamedia.org\\\/kalastusviesti\\\/#\\\/schema\\\/person\\\/df29131d02ead3f61cdeeef5d30a6771\"},\"headline\":\"PRO KALA \u2013TUNNUSTUS KALAVALTANEN OY:LLE\",\"datePublished\":\"2016-03-11T10:18:55+00:00\",\"mainEntityOfPage\":{\"@id\":\"https:\\\/\\\/www.victoriamedia.org\\\/kalastusviesti\\\/pro-kala-tunnustus-kalavaltanen-oylle\\\/\"},\"wordCount\":238,\"image\":{\"@id\":\"https:\\\/\\\/www.victoriamedia.org\\\/kalastusviesti\\\/pro-kala-tunnustus-kalavaltanen-oylle\\\/#primaryimage\"},\"thumbnailUrl\":\"http:\\\/\\\/www.victoriamedia.org\\\/kalastusviesti\\\/wp-content\\\/uploads\\\/2016\\\/03\\\/2016-03-11-12_15_35-Kalavaltanen.png\",\"articleSection\":[\"Pro Kala Ry\"],\"inLanguage\":\"en-US\"},{\"@type\":\"WebPage\",\"@id\":\"https:\\\/\\\/www.victoriamedia.org\\\/kalastusviesti\\\/pro-kala-tunnustus-kalavaltanen-oylle\\\/\",\"url\":\"https:\\\/\\\/www.victoriamedia.org\\\/kalastusviesti\\\/pro-kala-tunnustus-kalavaltanen-oylle\\\/\",\"name\":\"PRO KALA \u2013TUNNUSTUS KALAVALTANEN OY:LLE - KALASTUSVIESTI\",\"isPartOf\":{\"@id\":\"https:\\\/\\\/www.victoriamedia.org\\\/kalastusviesti\\\/#website\"},\"primaryImageOfPage\":{\"@id\":\"https:\\\/\\\/www.victoriamedia.org\\\/kalastusviesti\\\/pro-kala-tunnustus-kalavaltanen-oylle\\\/#primaryimage\"},\"image\":{\"@id\":\"https:\\\/\\\/www.victoriamedia.org\\\/kalastusviesti\\\/pro-kala-tunnustus-kalavaltanen-oylle\\\/#primaryimage\"},\"thumbnailUrl\":\"http:\\\/\\\/www.victoriamedia.org\\\/kalastusviesti\\\/wp-content\\\/uploads\\\/2016\\\/03\\\/2016-03-11-12_15_35-Kalavaltanen.png\",\"datePublished\":\"2016-03-11T10:18:55+00:00\",\"author\":{\"@id\":\"https:\\\/\\\/www.victoriamedia.org\\\/kalastusviesti\\\/#\\\/schema\\\/person\\\/df29131d02ead3f61cdeeef5d30a6771\"},\"breadcrumb\":{\"@id\":\"https:\\\/\\\/www.victoriamedia.org\\\/kalastusviesti\\\/pro-kala-tunnustus-kalavaltanen-oylle\\\/#breadcrumb\"},\"inLanguage\":\"en-US\",\"potentialAction\":[{\"@type\":\"ReadAction\",\"target\":[\"https:\\\/\\\/www.victoriamedia.org\\\/kalastusviesti\\\/pro-kala-tunnustus-kalavaltanen-oylle\\\/\"]}]},{\"@type\":\"ImageObject\",\"inLanguage\":\"en-US\",\"@id\":\"https:\\\/\\\/www.victoriamedia.org\\\/kalastusviesti\\\/pro-kala-tunnustus-kalavaltanen-oylle\\\/#primaryimage\",\"url\":\"https:\\\/\\\/www.victoriamedia.org\\\/kalastusviesti\\\/wp-content\\\/uploads\\\/2016\\\/03\\\/2016-03-11-12_15_35-Kalavaltanen.png\",\"contentUrl\":\"https:\\\/\\\/www.victoriamedia.org\\\/kalastusviesti\\\/wp-content\\\/uploads\\\/2016\\\/03\\\/2016-03-11-12_15_35-Kalavaltanen.png\",\"width\":1014,\"height\":705},{\"@type\":\"BreadcrumbList\",\"@id\":\"https:\\\/\\\/www.victoriamedia.org\\\/kalastusviesti\\\/pro-kala-tunnustus-kalavaltanen-oylle\\\/#breadcrumb\",\"itemListElement\":[{\"@type\":\"ListItem\",\"position\":1,\"name\":\"Home\",\"item\":\"https:\\\/\\\/www.victoriamedia.org\\\/kalastusviesti\\\/\"},{\"@type\":\"ListItem\",\"position\":2,\"name\":\"PRO KALA \u2013TUNNUSTUS KALAVALTANEN OY:LLE\"}]},{\"@type\":\"WebSite\",\"@id\":\"https:\\\/\\\/www.victoriamedia.org\\\/kalastusviesti\\\/#website\",\"url\":\"https:\\\/\\\/www.victoriamedia.org\\\/kalastusviesti\\\/\",\"name\":\"KALASTUSVIESTI\",\"description\":\"\",\"potentialAction\":[{\"@type\":\"SearchAction\",\"target\":{\"@type\":\"EntryPoint\",\"urlTemplate\":\"https:\\\/\\\/www.victoriamedia.org\\\/kalastusviesti\\\/?s={search_term_string}\"},\"query-input\":{\"@type\":\"PropertyValueSpecification\",\"valueRequired\":true,\"valueName\":\"search_term_string\"}}],\"inLanguage\":\"en-US\"},{\"@type\":\"Person\",\"@id\":\"https:\\\/\\\/www.victoriamedia.org\\\/kalastusviesti\\\/#\\\/schema\\\/person\\\/df29131d02ead3f61cdeeef5d30a6771\",\"name\":\"kerttuvali\",\"image\":{\"@type\":\"ImageObject\",\"inLanguage\":\"en-US\",\"@id\":\"https:\\\/\\\/secure.gravatar.com\\\/avatar\\\/62dbe1a847f655ad987c59fece23f885c4b0e7b06595c36d9597003852972217?s=96&d=mm&r=g\",\"url\":\"https:\\\/\\\/secure.gravatar.com\\\/avatar\\\/62dbe1a847f655ad987c59fece23f885c4b0e7b06595c36d9597003852972217?s=96&d=mm&r=g\",\"contentUrl\":\"https:\\\/\\\/secure.gravatar.com\\\/avatar\\\/62dbe1a847f655ad987c59fece23f885c4b0e7b06595c36d9597003852972217?s=96&d=mm&r=g\",\"caption\":\"kerttuvali\"},\"url\":\"https:\\\/\\\/www.victoriamedia.org\\\/kalastusviesti\\\/author\\\/kerttuvali\\\/\"}]}<\/script>\n<!-- \/ Yoast SEO plugin. -->","yoast_head_json":{"title":"PRO KALA \u2013TUNNUSTUS KALAVALTANEN OY:LLE - KALASTUSVIESTI","robots":{"index":"index","follow":"follow","max-snippet":"max-snippet:-1","max-image-preview":"max-image-preview:large","max-video-preview":"max-video-preview:-1"},"canonical":"https:\/\/www.victoriamedia.org\/kalastusviesti\/pro-kala-tunnustus-kalavaltanen-oylle\/","og_locale":"en_US","og_type":"article","og_title":"PRO KALA \u2013TUNNUSTUS KALAVALTANEN OY:LLE - KALASTUSVIESTI","og_description":"Viidestoista Pro Kala \u2013tunnustus luovutettiin Kalaviikko 2016 tapahtumassa hotelli Scandic Parkissa Helsingiss\u00e4 torstaina 10.3.2016. Vuoden 2016 Pro Kala \u2013tunnustuspalkinto my\u00f6nnettiin KalaValtanen Oy:lle tunnustuksena jo useita sukupolvia jatkuneesta tulevaisuuteen vahvasti suuntaavasta yritystoiminnasta koko kalaelintarvikeketjussa . Tunnustuksen luovutti kalatalousneuvos Risto Lampinen. Kalan roolia elintarvikkeena ja tuotteena voi edist\u00e4\u00e4 monella tavalla, osallistumalla j\u00e4rjest\u00f6jen toimintaan tai oman yritystoimintansa kautta [&hellip;]","og_url":"https:\/\/www.victoriamedia.org\/kalastusviesti\/pro-kala-tunnustus-kalavaltanen-oylle\/","og_site_name":"KALASTUSVIESTI","article_publisher":"https:\/\/www.facebook.com\/Kalastusviesti","article_published_time":"2016-03-11T10:18:55+00:00","og_image":[{"url":"http:\/\/www.victoriamedia.org\/kalastusviesti\/wp-content\/uploads\/2016\/03\/2016-03-11-12_15_35-Kalavaltanen.png","type":"","width":"","height":""}],"author":"kerttuvali","twitter_card":"summary_large_image","twitter_creator":"@kalastusuutiset","twitter_site":"@kalastusuutiset","twitter_misc":{"Written by":"kerttuvali","Est. reading time":"1 minute"},"schema":{"@context":"https:\/\/schema.org","@graph":[{"@type":"Article","@id":"https:\/\/www.victoriamedia.org\/kalastusviesti\/pro-kala-tunnustus-kalavaltanen-oylle\/#article","isPartOf":{"@id":"https:\/\/www.victoriamedia.org\/kalastusviesti\/pro-kala-tunnustus-kalavaltanen-oylle\/"},"author":{"name":"kerttuvali","@id":"https:\/\/www.victoriamedia.org\/kalastusviesti\/#\/schema\/person\/df29131d02ead3f61cdeeef5d30a6771"},"headline":"PRO KALA \u2013TUNNUSTUS KALAVALTANEN OY:LLE","datePublished":"2016-03-11T10:18:55+00:00","mainEntityOfPage":{"@id":"https:\/\/www.victoriamedia.org\/kalastusviesti\/pro-kala-tunnustus-kalavaltanen-oylle\/"},"wordCount":238,"image":{"@id":"https:\/\/www.victoriamedia.org\/kalastusviesti\/pro-kala-tunnustus-kalavaltanen-oylle\/#primaryimage"},"thumbnailUrl":"http:\/\/www.victoriamedia.org\/kalastusviesti\/wp-content\/uploads\/2016\/03\/2016-03-11-12_15_35-Kalavaltanen.png","articleSection":["Pro Kala Ry"],"inLanguage":"en-US"},{"@type":"WebPage","@id":"https:\/\/www.victoriamedia.org\/kalastusviesti\/pro-kala-tunnustus-kalavaltanen-oylle\/","url":"https:\/\/www.victoriamedia.org\/kalastusviesti\/pro-kala-tunnustus-kalavaltanen-oylle\/","name":"PRO KALA \u2013TUNNUSTUS KALAVALTANEN OY:LLE - KALASTUSVIESTI","isPartOf":{"@id":"https:\/\/www.victoriamedia.org\/kalastusviesti\/#website"},"primaryImageOfPage":{"@id":"https:\/\/www.victoriamedia.org\/kalastusviesti\/pro-kala-tunnustus-kalavaltanen-oylle\/#primaryimage"},"image":{"@id":"https:\/\/www.victoriamedia.org\/kalastusviesti\/pro-kala-tunnustus-kalavaltanen-oylle\/#primaryimage"},"thumbnailUrl":"http:\/\/www.victoriamedia.org\/kalastusviesti\/wp-content\/uploads\/2016\/03\/2016-03-11-12_15_35-Kalavaltanen.png","datePublished":"2016-03-11T10:18:55+00:00","author":{"@id":"https:\/\/www.victoriamedia.org\/kalastusviesti\/#\/schema\/person\/df29131d02ead3f61cdeeef5d30a6771"},"breadcrumb":{"@id":"https:\/\/www.victoriamedia.org\/kalastusviesti\/pro-kala-tunnustus-kalavaltanen-oylle\/#breadcrumb"},"inLanguage":"en-US","potentialAction":[{"@type":"ReadAction","target":["https:\/\/www.victoriamedia.org\/kalastusviesti\/pro-kala-tunnustus-kalavaltanen-oylle\/"]}]},{"@type":"ImageObject","inLanguage":"en-US","@id":"https:\/\/www.victoriamedia.org\/kalastusviesti\/pro-kala-tunnustus-kalavaltanen-oylle\/#primaryimage","url":"https:\/\/www.victoriamedia.org\/kalastusviesti\/wp-content\/uploads\/2016\/03\/2016-03-11-12_15_35-Kalavaltanen.png","contentUrl":"https:\/\/www.victoriamedia.org\/kalastusviesti\/wp-content\/uploads\/2016\/03\/2016-03-11-12_15_35-Kalavaltanen.png","width":1014,"height":705},{"@type":"BreadcrumbList","@id":"https:\/\/www.victoriamedia.org\/kalastusviesti\/pro-kala-tunnustus-kalavaltanen-oylle\/#breadcrumb","itemListElement":[{"@type":"ListItem","position":1,"name":"Home","item":"https:\/\/www.victoriamedia.org\/kalastusviesti\/"},{"@type":"ListItem","position":2,"name":"PRO KALA \u2013TUNNUSTUS KALAVALTANEN OY:LLE"}]},{"@type":"WebSite","@id":"https:\/\/www.victoriamedia.org\/kalastusviesti\/#website","url":"https:\/\/www.victoriamedia.org\/kalastusviesti\/","name":"KALASTUSVIESTI","description":"","potentialAction":[{"@type":"SearchAction","target":{"@type":"EntryPoint","urlTemplate":"https:\/\/www.victoriamedia.org\/kalastusviesti\/?s={search_term_string}"},"query-input":{"@type":"PropertyValueSpecification","valueRequired":true,"valueName":"search_term_string"}}],"inLanguage":"en-US"},{"@type":"Person","@id":"https:\/\/www.victoriamedia.org\/kalastusviesti\/#\/schema\/person\/df29131d02ead3f61cdeeef5d30a6771","name":"kerttuvali","image":{"@type":"ImageObject","inLanguage":"en-US","@id":"https:\/\/secure.gravatar.com\/avatar\/62dbe1a847f655ad987c59fece23f885c4b0e7b06595c36d9597003852972217?s=96&d=mm&r=g","url":"https:\/\/secure.gravatar.com\/avatar\/62dbe1a847f655ad987c59fece23f885c4b0e7b06595c36d9597003852972217?s=96&d=mm&r=g","contentUrl":"https:\/\/secure.gravatar.com\/avatar\/62dbe1a847f655ad987c59fece23f885c4b0e7b06595c36d9597003852972217?s=96&d=mm&r=g","caption":"kerttuvali"},"url":"https:\/\/www.victoriamedia.org\/kalastusviesti\/author\/kerttuvali\/"}]}},"_links":{"self":[{"href":"https:\/\/www.victoriamedia.org\/kalastusviesti\/wp-json\/wp\/v2\/posts\/937","targetHints":{"allow":["GET"]}}],"collection":[{"href":"https:\/\/www.victoriamedia.org\/kalastusviesti\/wp-json\/wp\/v2\/posts"}],"about":[{"href":"https:\/\/www.victoriamedia.org\/kalastusviesti\/wp-json\/wp\/v2\/types\/post"}],"author":[{"embeddable":true,"href":"https:\/\/www.victoriamedia.org\/kalastusviesti\/wp-json\/wp\/v2\/users\/1"}],"replies":[{"embeddable":true,"href":"https:\/\/www.victoriamedia.org\/kalastusviesti\/wp-json\/wp\/v2\/comments?post=937"}],"version-history":[{"count":1,"href":"https:\/\/www.victoriamedia.org\/kalastusviesti\/wp-json\/wp\/v2\/posts\/937\/revisions"}],"predecessor-version":[{"id":939,"href":"https:\/\/www.victoriamedia.org\/kalastusviesti\/wp-json\/wp\/v2\/posts\/937\/revisions\/939"}],"wp:attachment":[{"href":"https:\/\/www.victoriamedia.org\/kalastusviesti\/wp-json\/wp\/v2\/media?parent=937"}],"wp:term":[{"taxonomy":"category","embeddable":true,"href":"https:\/\/www.victoriamedia.org\/kalastusviesti\/wp-json\/wp\/v2\/categories?post=937"},{"taxonomy":"post_tag","embeddable":true,"href":"https:\/\/www.victoriamedia.org\/kalastusviesti\/wp-json\/wp\/v2\/tags?post=937"}],"curies":[{"name":"wp","href":"https:\/\/api.w.org\/{rel}","templated":true}]}}