{"id":911,"date":"2016-02-16T10:37:27","date_gmt":"2016-02-16T10:37:27","guid":{"rendered":"http:\/\/www.victoriamedia.org\/kalastusviesti\/?p=911"},"modified":"2016-02-16T10:39:01","modified_gmt":"2016-02-16T10:39:01","slug":"valtakunnallinen-pilkkiviikko-pyytaa-pilkille","status":"publish","type":"post","link":"https:\/\/www.victoriamedia.org\/kalastusviesti\/valtakunnallinen-pilkkiviikko-pyytaa-pilkille\/","title":{"rendered":"Valtakunnallinen pilkkiviikko pyyt\u00e4\u00e4 pilkille"},"content":{"rendered":"<p><a href=\"https:\/\/www.victoriamedia.org\/kalastusviesti\/wp-content\/uploads\/2016\/02\/Pilkkivavat-syva_.jpg\"><img loading=\"lazy\" decoding=\"async\" class=\"alignnone wp-image-912\" src=\"https:\/\/www.victoriamedia.org\/kalastusviesti\/wp-content\/uploads\/2016\/02\/Pilkkivavat-syva_.jpg\" alt=\"Pilkkivavat syva_\" width=\"539\" height=\"404\" srcset=\"https:\/\/www.victoriamedia.org\/kalastusviesti\/wp-content\/uploads\/2016\/02\/Pilkkivavat-syva_.jpg 400w, https:\/\/www.victoriamedia.org\/kalastusviesti\/wp-content\/uploads\/2016\/02\/Pilkkivavat-syva_-300x225.jpg 300w\" sizes=\"auto, (max-width: 539px) 100vw, 539px\" \/><\/a><\/p>\n<p><strong>Lasten ja nuorten Valtakunnallinen pilkkiviikko on viikolla 12. Tapahtumia j\u00e4rjestet\u00e4\u00e4n ymp\u00e4ri Suomea. Pilkkiviikolla opetetaan t\u00e4t\u00e4\u00a0 perinteik\u00e4st\u00e4 talvikalastusmuotoa erityisesti nuorille ja koululaisille. Samalla perehdyt\u00e4\u00e4n my\u00f6s j\u00e4\u00e4turvallisuuteen. J\u00e4\u00e4tilanne vaihtelee suuresti eri paikoin, joten osa tapahtumista saatetaan j\u00e4rjest\u00e4\u00e4 kuivalla maalla tai kouluokassa.<\/strong><\/p>\n<p>Valtakunnallista pilkkiviikkoa vietet\u00e4\u00e4n v\u00e4hint\u00e4\u00e4n kymmenell\u00e4 paikkakunnalla ja lis\u00e4ksi pilkkiviikon ulkopuolelle j\u00e4rjestet\u00e4\u00e4n useita kymmeni\u00e4 pilkkitapahtumia. P\u00e4iv\u00e4 vietet\u00e4\u00e4n sek\u00e4 teoriarastien kuin k\u00e4yt\u00e4nn\u00f6n pilkinn\u00e4nkin parissa. Oppaina toimivat kalastusseurojen pitk\u00e4n linjan pilkkimiehet ja \u2013naiset.<\/p>\n<p>Kalastus ja pilkkiminen sopii harrastusmuotona koko perheelle. Pilkkimiseen tarvittavat v\u00e4lineet ovat halpoja ja kalastusmuoto on omiaan kohottamaan koko perheen kuntoa. Saaliista valmistettu ateria on lis\u00e4ksi l\u00e4hiruokaa parhaimmillaan. Hyv\u00e4ll\u00e4 sy\u00f6nnill\u00e4 tulee muistaa ottaa vain sen verran kalaa kuin tarvitsee. Suurimmat \u2013 yli puolikiloiset kyttyr\u00e4sel\u00e4t \u2013 ja pienimm\u00e4t voidaan suosiolla palauttaa takaisin omaan elementtiins\u00e4. Keskikoon kaloista saa parhaimman aterian.<\/p>\n<p>J\u00e4\u00e4ll\u00e4 liikkuessa tulee aina muistaa, ettei tuntemattomilla j\u00e4ill\u00e4 pid\u00e4 liikkua yksin. Lis\u00e4ksi tulee aina olla j\u00e4\u00e4naskalit kaulassa. Kotiv\u00e4elle kannattaa kertoa, minne on menossa ja mihin aikaan on tarkoitus palata kotiin.<\/p>\n<p>Aloitteen Valtakunnallisen pilkkiviikon j\u00e4rjest\u00e4miseen teki Suomen Vapaa-ajankalastajien Keskusj\u00e4rjest\u00f6n kilpailutoimikunta. J\u00e4rjestelyist\u00e4 vastaa Suomen Vapaa-ajankalastajien Keskusj\u00e4rjest\u00f6 ja sen alueelliset vapaa-ajankalastajapiirit j\u00e4senseuroineen. Viime vuonna j\u00e4rjestettiin yhteens\u00e4 81 pilkkitapahtumaa ja niihin osallistui yhteens\u00e4 4226 lasta ja nuorta.<\/p>\n<p><strong>Liite:<\/strong> <a href=\"http:\/\/www.epressi.com\/media\/userfiles\/31817\/1455614143\/valtakunnallinen-pilkkiviikko-16-yht.tiedot.xlsx\">Vuoden 2016 pilkkitapahtumien paikat ja yhteyshenkil\u00f6t<\/a><\/p>\n","protected":false},"excerpt":{"rendered":"<p>Lasten ja nuorten Valtakunnallinen pilkkiviikko on viikolla 12. Tapahtumia j\u00e4rjestet\u00e4\u00e4n ymp\u00e4ri Suomea. Pilkkiviikolla opetetaan t\u00e4t\u00e4\u00a0 perinteik\u00e4st\u00e4 talvikalastusmuotoa erityisesti nuorille ja koululaisille. Samalla perehdyt\u00e4\u00e4n my\u00f6s j\u00e4\u00e4turvallisuuteen. J\u00e4\u00e4tilanne vaihtelee suuresti eri paikoin, joten osa tapahtumista saatetaan j\u00e4rjest\u00e4\u00e4 kuivalla maalla tai kouluokassa. Valtakunnallista pilkkiviikkoa vietet\u00e4\u00e4n v\u00e4hint\u00e4\u00e4n kymmenell\u00e4 paikkakunnalla ja lis\u00e4ksi pilkkiviikon ulkopuolelle j\u00e4rjestet\u00e4\u00e4n useita kymmeni\u00e4 pilkkitapahtumia. P\u00e4iv\u00e4 vietet\u00e4\u00e4n [&hellip;]<\/p>\n","protected":false},"author":1,"featured_media":0,"comment_status":"closed","ping_status":"closed","sticky":false,"template":"","format":"standard","meta":{"footnotes":""},"categories":[68],"tags":[],"class_list":["post-911","post","type-post","status-publish","format-standard","hentry","category-pilkkionginta","eq-blocks"],"yoast_head":"<!-- This site is optimized with the Yoast SEO plugin v27.5 - https:\/\/yoast.com\/product\/yoast-seo-wordpress\/ -->\n<title>Valtakunnallinen pilkkiviikko pyyt\u00e4\u00e4 pilkille - KALASTUSVIESTI<\/title>\n<meta name=\"robots\" content=\"index, follow, max-snippet:-1, max-image-preview:large, max-video-preview:-1\" \/>\n<link rel=\"canonical\" href=\"https:\/\/www.victoriamedia.org\/kalastusviesti\/valtakunnallinen-pilkkiviikko-pyytaa-pilkille\/\" \/>\n<meta property=\"og:locale\" content=\"en_US\" \/>\n<meta property=\"og:type\" content=\"article\" \/>\n<meta property=\"og:title\" content=\"Valtakunnallinen pilkkiviikko pyyt\u00e4\u00e4 pilkille - KALASTUSVIESTI\" \/>\n<meta property=\"og:description\" content=\"Lasten ja nuorten Valtakunnallinen pilkkiviikko on viikolla 12. Tapahtumia j\u00e4rjestet\u00e4\u00e4n ymp\u00e4ri Suomea. Pilkkiviikolla opetetaan t\u00e4t\u00e4\u00a0 perinteik\u00e4st\u00e4 talvikalastusmuotoa erityisesti nuorille ja koululaisille. Samalla perehdyt\u00e4\u00e4n my\u00f6s j\u00e4\u00e4turvallisuuteen. J\u00e4\u00e4tilanne vaihtelee suuresti eri paikoin, joten osa tapahtumista saatetaan j\u00e4rjest\u00e4\u00e4 kuivalla maalla tai kouluokassa. Valtakunnallista pilkkiviikkoa vietet\u00e4\u00e4n v\u00e4hint\u00e4\u00e4n kymmenell\u00e4 paikkakunnalla ja lis\u00e4ksi pilkkiviikon ulkopuolelle j\u00e4rjestet\u00e4\u00e4n useita kymmeni\u00e4 pilkkitapahtumia. P\u00e4iv\u00e4 vietet\u00e4\u00e4n [&hellip;]\" \/>\n<meta property=\"og:url\" content=\"https:\/\/www.victoriamedia.org\/kalastusviesti\/valtakunnallinen-pilkkiviikko-pyytaa-pilkille\/\" \/>\n<meta property=\"og:site_name\" content=\"KALASTUSVIESTI\" \/>\n<meta property=\"article:publisher\" content=\"https:\/\/www.facebook.com\/Kalastusviesti\" \/>\n<meta property=\"article:published_time\" content=\"2016-02-16T10:37:27+00:00\" \/>\n<meta property=\"article:modified_time\" content=\"2016-02-16T10:39:01+00:00\" \/>\n<meta property=\"og:image\" content=\"http:\/\/www.victoriamedia.org\/kalastusviesti\/wp-content\/uploads\/2016\/02\/Pilkkivavat-syva_.jpg\" \/>\n<meta name=\"author\" content=\"kerttuvali\" \/>\n<meta name=\"twitter:card\" content=\"summary_large_image\" \/>\n<meta name=\"twitter:creator\" content=\"@kalastusuutiset\" \/>\n<meta name=\"twitter:site\" content=\"@kalastusuutiset\" \/>\n<meta name=\"twitter:label1\" content=\"Written by\" \/>\n\t<meta name=\"twitter:data1\" content=\"kerttuvali\" \/>\n\t<meta name=\"twitter:label2\" content=\"Est. reading time\" \/>\n\t<meta name=\"twitter:data2\" content=\"1 minute\" \/>\n<script type=\"application\/ld+json\" class=\"yoast-schema-graph\">{\"@context\":\"https:\\\/\\\/schema.org\",\"@graph\":[{\"@type\":\"Article\",\"@id\":\"https:\\\/\\\/www.victoriamedia.org\\\/kalastusviesti\\\/valtakunnallinen-pilkkiviikko-pyytaa-pilkille\\\/#article\",\"isPartOf\":{\"@id\":\"https:\\\/\\\/www.victoriamedia.org\\\/kalastusviesti\\\/valtakunnallinen-pilkkiviikko-pyytaa-pilkille\\\/\"},\"author\":{\"name\":\"kerttuvali\",\"@id\":\"https:\\\/\\\/www.victoriamedia.org\\\/kalastusviesti\\\/#\\\/schema\\\/person\\\/df29131d02ead3f61cdeeef5d30a6771\"},\"headline\":\"Valtakunnallinen pilkkiviikko pyyt\u00e4\u00e4 pilkille\",\"datePublished\":\"2016-02-16T10:37:27+00:00\",\"dateModified\":\"2016-02-16T10:39:01+00:00\",\"mainEntityOfPage\":{\"@id\":\"https:\\\/\\\/www.victoriamedia.org\\\/kalastusviesti\\\/valtakunnallinen-pilkkiviikko-pyytaa-pilkille\\\/\"},\"wordCount\":239,\"image\":{\"@id\":\"https:\\\/\\\/www.victoriamedia.org\\\/kalastusviesti\\\/valtakunnallinen-pilkkiviikko-pyytaa-pilkille\\\/#primaryimage\"},\"thumbnailUrl\":\"http:\\\/\\\/www.victoriamedia.org\\\/kalastusviesti\\\/wp-content\\\/uploads\\\/2016\\\/02\\\/Pilkkivavat-syva_.jpg\",\"articleSection\":[\"Pilkkionginta\"],\"inLanguage\":\"en-US\"},{\"@type\":\"WebPage\",\"@id\":\"https:\\\/\\\/www.victoriamedia.org\\\/kalastusviesti\\\/valtakunnallinen-pilkkiviikko-pyytaa-pilkille\\\/\",\"url\":\"https:\\\/\\\/www.victoriamedia.org\\\/kalastusviesti\\\/valtakunnallinen-pilkkiviikko-pyytaa-pilkille\\\/\",\"name\":\"Valtakunnallinen pilkkiviikko pyyt\u00e4\u00e4 pilkille - KALASTUSVIESTI\",\"isPartOf\":{\"@id\":\"https:\\\/\\\/www.victoriamedia.org\\\/kalastusviesti\\\/#website\"},\"primaryImageOfPage\":{\"@id\":\"https:\\\/\\\/www.victoriamedia.org\\\/kalastusviesti\\\/valtakunnallinen-pilkkiviikko-pyytaa-pilkille\\\/#primaryimage\"},\"image\":{\"@id\":\"https:\\\/\\\/www.victoriamedia.org\\\/kalastusviesti\\\/valtakunnallinen-pilkkiviikko-pyytaa-pilkille\\\/#primaryimage\"},\"thumbnailUrl\":\"http:\\\/\\\/www.victoriamedia.org\\\/kalastusviesti\\\/wp-content\\\/uploads\\\/2016\\\/02\\\/Pilkkivavat-syva_.jpg\",\"datePublished\":\"2016-02-16T10:37:27+00:00\",\"dateModified\":\"2016-02-16T10:39:01+00:00\",\"author\":{\"@id\":\"https:\\\/\\\/www.victoriamedia.org\\\/kalastusviesti\\\/#\\\/schema\\\/person\\\/df29131d02ead3f61cdeeef5d30a6771\"},\"breadcrumb\":{\"@id\":\"https:\\\/\\\/www.victoriamedia.org\\\/kalastusviesti\\\/valtakunnallinen-pilkkiviikko-pyytaa-pilkille\\\/#breadcrumb\"},\"inLanguage\":\"en-US\",\"potentialAction\":[{\"@type\":\"ReadAction\",\"target\":[\"https:\\\/\\\/www.victoriamedia.org\\\/kalastusviesti\\\/valtakunnallinen-pilkkiviikko-pyytaa-pilkille\\\/\"]}]},{\"@type\":\"ImageObject\",\"inLanguage\":\"en-US\",\"@id\":\"https:\\\/\\\/www.victoriamedia.org\\\/kalastusviesti\\\/valtakunnallinen-pilkkiviikko-pyytaa-pilkille\\\/#primaryimage\",\"url\":\"https:\\\/\\\/www.victoriamedia.org\\\/kalastusviesti\\\/wp-content\\\/uploads\\\/2016\\\/02\\\/Pilkkivavat-syva_.jpg\",\"contentUrl\":\"https:\\\/\\\/www.victoriamedia.org\\\/kalastusviesti\\\/wp-content\\\/uploads\\\/2016\\\/02\\\/Pilkkivavat-syva_.jpg\",\"width\":400,\"height\":300},{\"@type\":\"BreadcrumbList\",\"@id\":\"https:\\\/\\\/www.victoriamedia.org\\\/kalastusviesti\\\/valtakunnallinen-pilkkiviikko-pyytaa-pilkille\\\/#breadcrumb\",\"itemListElement\":[{\"@type\":\"ListItem\",\"position\":1,\"name\":\"Home\",\"item\":\"https:\\\/\\\/www.victoriamedia.org\\\/kalastusviesti\\\/\"},{\"@type\":\"ListItem\",\"position\":2,\"name\":\"Valtakunnallinen pilkkiviikko pyyt\u00e4\u00e4 pilkille\"}]},{\"@type\":\"WebSite\",\"@id\":\"https:\\\/\\\/www.victoriamedia.org\\\/kalastusviesti\\\/#website\",\"url\":\"https:\\\/\\\/www.victoriamedia.org\\\/kalastusviesti\\\/\",\"name\":\"KALASTUSVIESTI\",\"description\":\"\",\"potentialAction\":[{\"@type\":\"SearchAction\",\"target\":{\"@type\":\"EntryPoint\",\"urlTemplate\":\"https:\\\/\\\/www.victoriamedia.org\\\/kalastusviesti\\\/?s={search_term_string}\"},\"query-input\":{\"@type\":\"PropertyValueSpecification\",\"valueRequired\":true,\"valueName\":\"search_term_string\"}}],\"inLanguage\":\"en-US\"},{\"@type\":\"Person\",\"@id\":\"https:\\\/\\\/www.victoriamedia.org\\\/kalastusviesti\\\/#\\\/schema\\\/person\\\/df29131d02ead3f61cdeeef5d30a6771\",\"name\":\"kerttuvali\",\"image\":{\"@type\":\"ImageObject\",\"inLanguage\":\"en-US\",\"@id\":\"https:\\\/\\\/secure.gravatar.com\\\/avatar\\\/62dbe1a847f655ad987c59fece23f885c4b0e7b06595c36d9597003852972217?s=96&d=mm&r=g\",\"url\":\"https:\\\/\\\/secure.gravatar.com\\\/avatar\\\/62dbe1a847f655ad987c59fece23f885c4b0e7b06595c36d9597003852972217?s=96&d=mm&r=g\",\"contentUrl\":\"https:\\\/\\\/secure.gravatar.com\\\/avatar\\\/62dbe1a847f655ad987c59fece23f885c4b0e7b06595c36d9597003852972217?s=96&d=mm&r=g\",\"caption\":\"kerttuvali\"},\"url\":\"https:\\\/\\\/www.victoriamedia.org\\\/kalastusviesti\\\/author\\\/kerttuvali\\\/\"}]}<\/script>\n<!-- \/ Yoast SEO plugin. -->","yoast_head_json":{"title":"Valtakunnallinen pilkkiviikko pyyt\u00e4\u00e4 pilkille - KALASTUSVIESTI","robots":{"index":"index","follow":"follow","max-snippet":"max-snippet:-1","max-image-preview":"max-image-preview:large","max-video-preview":"max-video-preview:-1"},"canonical":"https:\/\/www.victoriamedia.org\/kalastusviesti\/valtakunnallinen-pilkkiviikko-pyytaa-pilkille\/","og_locale":"en_US","og_type":"article","og_title":"Valtakunnallinen pilkkiviikko pyyt\u00e4\u00e4 pilkille - KALASTUSVIESTI","og_description":"Lasten ja nuorten Valtakunnallinen pilkkiviikko on viikolla 12. Tapahtumia j\u00e4rjestet\u00e4\u00e4n ymp\u00e4ri Suomea. Pilkkiviikolla opetetaan t\u00e4t\u00e4\u00a0 perinteik\u00e4st\u00e4 talvikalastusmuotoa erityisesti nuorille ja koululaisille. Samalla perehdyt\u00e4\u00e4n my\u00f6s j\u00e4\u00e4turvallisuuteen. J\u00e4\u00e4tilanne vaihtelee suuresti eri paikoin, joten osa tapahtumista saatetaan j\u00e4rjest\u00e4\u00e4 kuivalla maalla tai kouluokassa. Valtakunnallista pilkkiviikkoa vietet\u00e4\u00e4n v\u00e4hint\u00e4\u00e4n kymmenell\u00e4 paikkakunnalla ja lis\u00e4ksi pilkkiviikon ulkopuolelle j\u00e4rjestet\u00e4\u00e4n useita kymmeni\u00e4 pilkkitapahtumia. P\u00e4iv\u00e4 vietet\u00e4\u00e4n [&hellip;]","og_url":"https:\/\/www.victoriamedia.org\/kalastusviesti\/valtakunnallinen-pilkkiviikko-pyytaa-pilkille\/","og_site_name":"KALASTUSVIESTI","article_publisher":"https:\/\/www.facebook.com\/Kalastusviesti","article_published_time":"2016-02-16T10:37:27+00:00","article_modified_time":"2016-02-16T10:39:01+00:00","og_image":[{"url":"http:\/\/www.victoriamedia.org\/kalastusviesti\/wp-content\/uploads\/2016\/02\/Pilkkivavat-syva_.jpg","type":"","width":"","height":""}],"author":"kerttuvali","twitter_card":"summary_large_image","twitter_creator":"@kalastusuutiset","twitter_site":"@kalastusuutiset","twitter_misc":{"Written by":"kerttuvali","Est. reading time":"1 minute"},"schema":{"@context":"https:\/\/schema.org","@graph":[{"@type":"Article","@id":"https:\/\/www.victoriamedia.org\/kalastusviesti\/valtakunnallinen-pilkkiviikko-pyytaa-pilkille\/#article","isPartOf":{"@id":"https:\/\/www.victoriamedia.org\/kalastusviesti\/valtakunnallinen-pilkkiviikko-pyytaa-pilkille\/"},"author":{"name":"kerttuvali","@id":"https:\/\/www.victoriamedia.org\/kalastusviesti\/#\/schema\/person\/df29131d02ead3f61cdeeef5d30a6771"},"headline":"Valtakunnallinen pilkkiviikko pyyt\u00e4\u00e4 pilkille","datePublished":"2016-02-16T10:37:27+00:00","dateModified":"2016-02-16T10:39:01+00:00","mainEntityOfPage":{"@id":"https:\/\/www.victoriamedia.org\/kalastusviesti\/valtakunnallinen-pilkkiviikko-pyytaa-pilkille\/"},"wordCount":239,"image":{"@id":"https:\/\/www.victoriamedia.org\/kalastusviesti\/valtakunnallinen-pilkkiviikko-pyytaa-pilkille\/#primaryimage"},"thumbnailUrl":"http:\/\/www.victoriamedia.org\/kalastusviesti\/wp-content\/uploads\/2016\/02\/Pilkkivavat-syva_.jpg","articleSection":["Pilkkionginta"],"inLanguage":"en-US"},{"@type":"WebPage","@id":"https:\/\/www.victoriamedia.org\/kalastusviesti\/valtakunnallinen-pilkkiviikko-pyytaa-pilkille\/","url":"https:\/\/www.victoriamedia.org\/kalastusviesti\/valtakunnallinen-pilkkiviikko-pyytaa-pilkille\/","name":"Valtakunnallinen pilkkiviikko pyyt\u00e4\u00e4 pilkille - KALASTUSVIESTI","isPartOf":{"@id":"https:\/\/www.victoriamedia.org\/kalastusviesti\/#website"},"primaryImageOfPage":{"@id":"https:\/\/www.victoriamedia.org\/kalastusviesti\/valtakunnallinen-pilkkiviikko-pyytaa-pilkille\/#primaryimage"},"image":{"@id":"https:\/\/www.victoriamedia.org\/kalastusviesti\/valtakunnallinen-pilkkiviikko-pyytaa-pilkille\/#primaryimage"},"thumbnailUrl":"http:\/\/www.victoriamedia.org\/kalastusviesti\/wp-content\/uploads\/2016\/02\/Pilkkivavat-syva_.jpg","datePublished":"2016-02-16T10:37:27+00:00","dateModified":"2016-02-16T10:39:01+00:00","author":{"@id":"https:\/\/www.victoriamedia.org\/kalastusviesti\/#\/schema\/person\/df29131d02ead3f61cdeeef5d30a6771"},"breadcrumb":{"@id":"https:\/\/www.victoriamedia.org\/kalastusviesti\/valtakunnallinen-pilkkiviikko-pyytaa-pilkille\/#breadcrumb"},"inLanguage":"en-US","potentialAction":[{"@type":"ReadAction","target":["https:\/\/www.victoriamedia.org\/kalastusviesti\/valtakunnallinen-pilkkiviikko-pyytaa-pilkille\/"]}]},{"@type":"ImageObject","inLanguage":"en-US","@id":"https:\/\/www.victoriamedia.org\/kalastusviesti\/valtakunnallinen-pilkkiviikko-pyytaa-pilkille\/#primaryimage","url":"https:\/\/www.victoriamedia.org\/kalastusviesti\/wp-content\/uploads\/2016\/02\/Pilkkivavat-syva_.jpg","contentUrl":"https:\/\/www.victoriamedia.org\/kalastusviesti\/wp-content\/uploads\/2016\/02\/Pilkkivavat-syva_.jpg","width":400,"height":300},{"@type":"BreadcrumbList","@id":"https:\/\/www.victoriamedia.org\/kalastusviesti\/valtakunnallinen-pilkkiviikko-pyytaa-pilkille\/#breadcrumb","itemListElement":[{"@type":"ListItem","position":1,"name":"Home","item":"https:\/\/www.victoriamedia.org\/kalastusviesti\/"},{"@type":"ListItem","position":2,"name":"Valtakunnallinen pilkkiviikko pyyt\u00e4\u00e4 pilkille"}]},{"@type":"WebSite","@id":"https:\/\/www.victoriamedia.org\/kalastusviesti\/#website","url":"https:\/\/www.victoriamedia.org\/kalastusviesti\/","name":"KALASTUSVIESTI","description":"","potentialAction":[{"@type":"SearchAction","target":{"@type":"EntryPoint","urlTemplate":"https:\/\/www.victoriamedia.org\/kalastusviesti\/?s={search_term_string}"},"query-input":{"@type":"PropertyValueSpecification","valueRequired":true,"valueName":"search_term_string"}}],"inLanguage":"en-US"},{"@type":"Person","@id":"https:\/\/www.victoriamedia.org\/kalastusviesti\/#\/schema\/person\/df29131d02ead3f61cdeeef5d30a6771","name":"kerttuvali","image":{"@type":"ImageObject","inLanguage":"en-US","@id":"https:\/\/secure.gravatar.com\/avatar\/62dbe1a847f655ad987c59fece23f885c4b0e7b06595c36d9597003852972217?s=96&d=mm&r=g","url":"https:\/\/secure.gravatar.com\/avatar\/62dbe1a847f655ad987c59fece23f885c4b0e7b06595c36d9597003852972217?s=96&d=mm&r=g","contentUrl":"https:\/\/secure.gravatar.com\/avatar\/62dbe1a847f655ad987c59fece23f885c4b0e7b06595c36d9597003852972217?s=96&d=mm&r=g","caption":"kerttuvali"},"url":"https:\/\/www.victoriamedia.org\/kalastusviesti\/author\/kerttuvali\/"}]}},"_links":{"self":[{"href":"https:\/\/www.victoriamedia.org\/kalastusviesti\/wp-json\/wp\/v2\/posts\/911","targetHints":{"allow":["GET"]}}],"collection":[{"href":"https:\/\/www.victoriamedia.org\/kalastusviesti\/wp-json\/wp\/v2\/posts"}],"about":[{"href":"https:\/\/www.victoriamedia.org\/kalastusviesti\/wp-json\/wp\/v2\/types\/post"}],"author":[{"embeddable":true,"href":"https:\/\/www.victoriamedia.org\/kalastusviesti\/wp-json\/wp\/v2\/users\/1"}],"replies":[{"embeddable":true,"href":"https:\/\/www.victoriamedia.org\/kalastusviesti\/wp-json\/wp\/v2\/comments?post=911"}],"version-history":[{"count":1,"href":"https:\/\/www.victoriamedia.org\/kalastusviesti\/wp-json\/wp\/v2\/posts\/911\/revisions"}],"predecessor-version":[{"id":913,"href":"https:\/\/www.victoriamedia.org\/kalastusviesti\/wp-json\/wp\/v2\/posts\/911\/revisions\/913"}],"wp:attachment":[{"href":"https:\/\/www.victoriamedia.org\/kalastusviesti\/wp-json\/wp\/v2\/media?parent=911"}],"wp:term":[{"taxonomy":"category","embeddable":true,"href":"https:\/\/www.victoriamedia.org\/kalastusviesti\/wp-json\/wp\/v2\/categories?post=911"},{"taxonomy":"post_tag","embeddable":true,"href":"https:\/\/www.victoriamedia.org\/kalastusviesti\/wp-json\/wp\/v2\/tags?post=911"}],"curies":[{"name":"wp","href":"https:\/\/api.w.org\/{rel}","templated":true}]}}