{"id":875,"date":"2015-12-16T10:44:51","date_gmt":"2015-12-16T10:44:51","guid":{"rendered":"http:\/\/www.victoriamedia.org\/kalastusviesti\/?p=875"},"modified":"2015-12-16T10:44:51","modified_gmt":"2015-12-16T10:44:51","slug":"kestava-kalastus-etenee-eu-ministerit-paattivat-ensi-vuoden-kiintioista","status":"publish","type":"post","link":"https:\/\/www.victoriamedia.org\/kalastusviesti\/kestava-kalastus-etenee-eu-ministerit-paattivat-ensi-vuoden-kiintioista\/","title":{"rendered":"Kest\u00e4v\u00e4 kalastus etenee \u2013 EU-ministerit p\u00e4\u00e4ttiv\u00e4t ensi vuoden kiinti\u00f6ist\u00e4"},"content":{"rendered":"<p><em>Maatalous- ja kalastusneuvosto kokoontui Brysseliss\u00e4 14.\u201315.12.2015. Suomea kokouksessa edusti 14.12.valtiosihteeri <strong>Jari Partanen<\/strong> ja 15.12. maatalous- ja ymp\u00e4rist\u00f6ministeri <strong>Kimmo Tiilikainen<\/strong>.<\/em><\/p>\n<p>Maatalous- ja kalastusneuvosto p\u00e4\u00e4tti vuoden 2016 kalastuskiinti\u00f6ist\u00e4, joita sovelletaan Atlantilla, Pohjanmerell\u00e4, Mustallamerell\u00e4 ja er\u00e4ill\u00e4 muilla merialueilla. Kalakantojen tila on yleisesti parantunut, ja yh\u00e4 useampi kalakanta hy\u00f6dynnet\u00e4\u00e4n tavoitteena olevan kest\u00e4v\u00e4n enimm\u00e4istuoton mukaisesti.<\/p>\n<p>Yhteisen kalastuspolitiikan reformissa p\u00e4\u00e4tetty saaliiden purkamisvelvoite eli\u00a0mereen heitt\u00e4misen kielto\u00a0astui It\u00e4meren kalastuksessa voimaan vuoden 2015 alussa. Vuoden 2016 alussa purkamisvelvoite tulee sovellettavaksi my\u00f6s turska- ja kampelakalojen kalastuksessa Pohjanmerell\u00e4 ja Atlantilla. Muutos on merkitt\u00e4v\u00e4 askel kalastuksen kest\u00e4vyyden parantamisessa, sill\u00e4\u00a0erityisesti turskakalojen kalastuksissa on eri syist\u00e4 (mm. alamittainen kala, kiinti\u00f6it\u00e4 ylitt\u00e4v\u00e4 kala, huonolaatuinen kala) heitetty suuria saalism\u00e4\u00e4ri\u00e4 takaisin mereen.<\/p>\n<p>Neuvosto keskusteli my\u00f6s maataloustutkimuksen pysyv\u00e4n komitean raportista, jossa ennakoidaan tulevia tutkimustarpeita. Suomen tavoin moni j\u00e4senmaa korosti biotalouden kasvavaa merkityst\u00e4 eurooppalaisessa maa-, mets\u00e4- ja kalataloudessa. Pitk\u00e4n aikav\u00e4lin tutkimusstrategiassa on hyv\u00e4 noudattaa raportissa esitettyj\u00e4 periaatteita kest\u00e4v\u00e4st\u00e4 tuotannosta. Biotalouden kehitt\u00e4misess\u00e4 korostettiin ruuan tuotannon ensisijaista merkityst\u00e4 sek\u00e4 mets\u00e4talouden roolia.<\/p>\n<p>Neuvosto kuuli my\u00f6s tilannekatsauksen l\u00e4\u00e4kerehu- ja el\u00e4inl\u00e4\u00e4keasetuksia koskevien ehdotusten k\u00e4sittelyst\u00e4.<\/p>\n<p>Puheenjohtajavaltio Luxemburg kertoi Euroopan parlamentin kanssa saavutetusta neuvotteluratkaisusta koulujakeluj\u00e4rjestelmi\u00e4 koskevasta asetuksesta. Neuvotteluratkaisu mahdollistaa koulumaitotuen jatkumisen Suomessa entisess\u00e4 laajuudessaan. Neuvotteluratkaisu pyrit\u00e4\u00e4n vahvistamaan maatalouden erityiskomitean kokouksessa 16.12.2015.<\/p>\n","protected":false},"excerpt":{"rendered":"<p>Maatalous- ja kalastusneuvosto kokoontui Brysseliss\u00e4 14.\u201315.12.2015. Suomea kokouksessa edusti 14.12.valtiosihteeri Jari Partanen ja 15.12. maatalous- ja ymp\u00e4rist\u00f6ministeri Kimmo Tiilikainen. Maatalous- ja kalastusneuvosto p\u00e4\u00e4tti vuoden 2016 kalastuskiinti\u00f6ist\u00e4, joita sovelletaan Atlantilla, Pohjanmerell\u00e4, Mustallamerell\u00e4 ja er\u00e4ill\u00e4 muilla merialueilla. Kalakantojen tila on yleisesti parantunut, ja yh\u00e4 useampi kalakanta hy\u00f6dynnet\u00e4\u00e4n tavoitteena olevan kest\u00e4v\u00e4n enimm\u00e4istuoton mukaisesti. Yhteisen kalastuspolitiikan reformissa p\u00e4\u00e4tetty saaliiden [&hellip;]<\/p>\n","protected":false},"author":1,"featured_media":0,"comment_status":"closed","ping_status":"closed","sticky":false,"template":"","format":"standard","meta":{"footnotes":""},"categories":[57],"tags":[],"class_list":["post-875","post","type-post","status-publish","format-standard","hentry","category-yleiset-uutiset","eq-blocks"],"yoast_head":"<!-- This site is optimized with the Yoast SEO plugin v27.5 - https:\/\/yoast.com\/product\/yoast-seo-wordpress\/ -->\n<title>Kest\u00e4v\u00e4 kalastus etenee \u2013 EU-ministerit p\u00e4\u00e4ttiv\u00e4t ensi vuoden kiinti\u00f6ist\u00e4 - KALASTUSVIESTI<\/title>\n<meta name=\"robots\" content=\"index, follow, max-snippet:-1, max-image-preview:large, max-video-preview:-1\" \/>\n<link rel=\"canonical\" href=\"https:\/\/www.victoriamedia.org\/kalastusviesti\/kestava-kalastus-etenee-eu-ministerit-paattivat-ensi-vuoden-kiintioista\/\" \/>\n<meta property=\"og:locale\" content=\"en_US\" \/>\n<meta property=\"og:type\" content=\"article\" \/>\n<meta property=\"og:title\" content=\"Kest\u00e4v\u00e4 kalastus etenee \u2013 EU-ministerit p\u00e4\u00e4ttiv\u00e4t ensi vuoden kiinti\u00f6ist\u00e4 - KALASTUSVIESTI\" \/>\n<meta property=\"og:description\" content=\"Maatalous- ja kalastusneuvosto kokoontui Brysseliss\u00e4 14.\u201315.12.2015. Suomea kokouksessa edusti 14.12.valtiosihteeri Jari Partanen ja 15.12. maatalous- ja ymp\u00e4rist\u00f6ministeri Kimmo Tiilikainen. Maatalous- ja kalastusneuvosto p\u00e4\u00e4tti vuoden 2016 kalastuskiinti\u00f6ist\u00e4, joita sovelletaan Atlantilla, Pohjanmerell\u00e4, Mustallamerell\u00e4 ja er\u00e4ill\u00e4 muilla merialueilla. Kalakantojen tila on yleisesti parantunut, ja yh\u00e4 useampi kalakanta hy\u00f6dynnet\u00e4\u00e4n tavoitteena olevan kest\u00e4v\u00e4n enimm\u00e4istuoton mukaisesti. Yhteisen kalastuspolitiikan reformissa p\u00e4\u00e4tetty saaliiden [&hellip;]\" \/>\n<meta property=\"og:url\" content=\"https:\/\/www.victoriamedia.org\/kalastusviesti\/kestava-kalastus-etenee-eu-ministerit-paattivat-ensi-vuoden-kiintioista\/\" \/>\n<meta property=\"og:site_name\" content=\"KALASTUSVIESTI\" \/>\n<meta property=\"article:publisher\" content=\"https:\/\/www.facebook.com\/Kalastusviesti\" \/>\n<meta property=\"article:published_time\" content=\"2015-12-16T10:44:51+00:00\" \/>\n<meta name=\"author\" content=\"kerttuvali\" \/>\n<meta name=\"twitter:card\" content=\"summary_large_image\" \/>\n<meta name=\"twitter:creator\" content=\"@kalastusuutiset\" \/>\n<meta name=\"twitter:site\" content=\"@kalastusuutiset\" \/>\n<meta name=\"twitter:label1\" content=\"Written by\" \/>\n\t<meta name=\"twitter:data1\" content=\"kerttuvali\" \/>\n\t<meta name=\"twitter:label2\" content=\"Est. reading time\" \/>\n\t<meta name=\"twitter:data2\" content=\"1 minute\" \/>\n<script type=\"application\/ld+json\" class=\"yoast-schema-graph\">{\"@context\":\"https:\\\/\\\/schema.org\",\"@graph\":[{\"@type\":\"Article\",\"@id\":\"https:\\\/\\\/www.victoriamedia.org\\\/kalastusviesti\\\/kestava-kalastus-etenee-eu-ministerit-paattivat-ensi-vuoden-kiintioista\\\/#article\",\"isPartOf\":{\"@id\":\"https:\\\/\\\/www.victoriamedia.org\\\/kalastusviesti\\\/kestava-kalastus-etenee-eu-ministerit-paattivat-ensi-vuoden-kiintioista\\\/\"},\"author\":{\"name\":\"kerttuvali\",\"@id\":\"https:\\\/\\\/www.victoriamedia.org\\\/kalastusviesti\\\/#\\\/schema\\\/person\\\/df29131d02ead3f61cdeeef5d30a6771\"},\"headline\":\"Kest\u00e4v\u00e4 kalastus etenee \u2013 EU-ministerit p\u00e4\u00e4ttiv\u00e4t ensi vuoden kiinti\u00f6ist\u00e4\",\"datePublished\":\"2015-12-16T10:44:51+00:00\",\"mainEntityOfPage\":{\"@id\":\"https:\\\/\\\/www.victoriamedia.org\\\/kalastusviesti\\\/kestava-kalastus-etenee-eu-ministerit-paattivat-ensi-vuoden-kiintioista\\\/\"},\"wordCount\":230,\"articleSection\":[\"Yleiset Uutiset\"],\"inLanguage\":\"en-US\"},{\"@type\":\"WebPage\",\"@id\":\"https:\\\/\\\/www.victoriamedia.org\\\/kalastusviesti\\\/kestava-kalastus-etenee-eu-ministerit-paattivat-ensi-vuoden-kiintioista\\\/\",\"url\":\"https:\\\/\\\/www.victoriamedia.org\\\/kalastusviesti\\\/kestava-kalastus-etenee-eu-ministerit-paattivat-ensi-vuoden-kiintioista\\\/\",\"name\":\"Kest\u00e4v\u00e4 kalastus etenee \u2013 EU-ministerit p\u00e4\u00e4ttiv\u00e4t ensi vuoden kiinti\u00f6ist\u00e4 - KALASTUSVIESTI\",\"isPartOf\":{\"@id\":\"https:\\\/\\\/www.victoriamedia.org\\\/kalastusviesti\\\/#website\"},\"datePublished\":\"2015-12-16T10:44:51+00:00\",\"author\":{\"@id\":\"https:\\\/\\\/www.victoriamedia.org\\\/kalastusviesti\\\/#\\\/schema\\\/person\\\/df29131d02ead3f61cdeeef5d30a6771\"},\"breadcrumb\":{\"@id\":\"https:\\\/\\\/www.victoriamedia.org\\\/kalastusviesti\\\/kestava-kalastus-etenee-eu-ministerit-paattivat-ensi-vuoden-kiintioista\\\/#breadcrumb\"},\"inLanguage\":\"en-US\",\"potentialAction\":[{\"@type\":\"ReadAction\",\"target\":[\"https:\\\/\\\/www.victoriamedia.org\\\/kalastusviesti\\\/kestava-kalastus-etenee-eu-ministerit-paattivat-ensi-vuoden-kiintioista\\\/\"]}]},{\"@type\":\"BreadcrumbList\",\"@id\":\"https:\\\/\\\/www.victoriamedia.org\\\/kalastusviesti\\\/kestava-kalastus-etenee-eu-ministerit-paattivat-ensi-vuoden-kiintioista\\\/#breadcrumb\",\"itemListElement\":[{\"@type\":\"ListItem\",\"position\":1,\"name\":\"Home\",\"item\":\"https:\\\/\\\/www.victoriamedia.org\\\/kalastusviesti\\\/\"},{\"@type\":\"ListItem\",\"position\":2,\"name\":\"Kest\u00e4v\u00e4 kalastus etenee \u2013 EU-ministerit p\u00e4\u00e4ttiv\u00e4t ensi vuoden kiinti\u00f6ist\u00e4\"}]},{\"@type\":\"WebSite\",\"@id\":\"https:\\\/\\\/www.victoriamedia.org\\\/kalastusviesti\\\/#website\",\"url\":\"https:\\\/\\\/www.victoriamedia.org\\\/kalastusviesti\\\/\",\"name\":\"KALASTUSVIESTI\",\"description\":\"\",\"potentialAction\":[{\"@type\":\"SearchAction\",\"target\":{\"@type\":\"EntryPoint\",\"urlTemplate\":\"https:\\\/\\\/www.victoriamedia.org\\\/kalastusviesti\\\/?s={search_term_string}\"},\"query-input\":{\"@type\":\"PropertyValueSpecification\",\"valueRequired\":true,\"valueName\":\"search_term_string\"}}],\"inLanguage\":\"en-US\"},{\"@type\":\"Person\",\"@id\":\"https:\\\/\\\/www.victoriamedia.org\\\/kalastusviesti\\\/#\\\/schema\\\/person\\\/df29131d02ead3f61cdeeef5d30a6771\",\"name\":\"kerttuvali\",\"image\":{\"@type\":\"ImageObject\",\"inLanguage\":\"en-US\",\"@id\":\"https:\\\/\\\/secure.gravatar.com\\\/avatar\\\/62dbe1a847f655ad987c59fece23f885c4b0e7b06595c36d9597003852972217?s=96&d=mm&r=g\",\"url\":\"https:\\\/\\\/secure.gravatar.com\\\/avatar\\\/62dbe1a847f655ad987c59fece23f885c4b0e7b06595c36d9597003852972217?s=96&d=mm&r=g\",\"contentUrl\":\"https:\\\/\\\/secure.gravatar.com\\\/avatar\\\/62dbe1a847f655ad987c59fece23f885c4b0e7b06595c36d9597003852972217?s=96&d=mm&r=g\",\"caption\":\"kerttuvali\"},\"url\":\"https:\\\/\\\/www.victoriamedia.org\\\/kalastusviesti\\\/author\\\/kerttuvali\\\/\"}]}<\/script>\n<!-- \/ Yoast SEO plugin. -->","yoast_head_json":{"title":"Kest\u00e4v\u00e4 kalastus etenee \u2013 EU-ministerit p\u00e4\u00e4ttiv\u00e4t ensi vuoden kiinti\u00f6ist\u00e4 - KALASTUSVIESTI","robots":{"index":"index","follow":"follow","max-snippet":"max-snippet:-1","max-image-preview":"max-image-preview:large","max-video-preview":"max-video-preview:-1"},"canonical":"https:\/\/www.victoriamedia.org\/kalastusviesti\/kestava-kalastus-etenee-eu-ministerit-paattivat-ensi-vuoden-kiintioista\/","og_locale":"en_US","og_type":"article","og_title":"Kest\u00e4v\u00e4 kalastus etenee \u2013 EU-ministerit p\u00e4\u00e4ttiv\u00e4t ensi vuoden kiinti\u00f6ist\u00e4 - KALASTUSVIESTI","og_description":"Maatalous- ja kalastusneuvosto kokoontui Brysseliss\u00e4 14.\u201315.12.2015. Suomea kokouksessa edusti 14.12.valtiosihteeri Jari Partanen ja 15.12. maatalous- ja ymp\u00e4rist\u00f6ministeri Kimmo Tiilikainen. Maatalous- ja kalastusneuvosto p\u00e4\u00e4tti vuoden 2016 kalastuskiinti\u00f6ist\u00e4, joita sovelletaan Atlantilla, Pohjanmerell\u00e4, Mustallamerell\u00e4 ja er\u00e4ill\u00e4 muilla merialueilla. Kalakantojen tila on yleisesti parantunut, ja yh\u00e4 useampi kalakanta hy\u00f6dynnet\u00e4\u00e4n tavoitteena olevan kest\u00e4v\u00e4n enimm\u00e4istuoton mukaisesti. Yhteisen kalastuspolitiikan reformissa p\u00e4\u00e4tetty saaliiden [&hellip;]","og_url":"https:\/\/www.victoriamedia.org\/kalastusviesti\/kestava-kalastus-etenee-eu-ministerit-paattivat-ensi-vuoden-kiintioista\/","og_site_name":"KALASTUSVIESTI","article_publisher":"https:\/\/www.facebook.com\/Kalastusviesti","article_published_time":"2015-12-16T10:44:51+00:00","author":"kerttuvali","twitter_card":"summary_large_image","twitter_creator":"@kalastusuutiset","twitter_site":"@kalastusuutiset","twitter_misc":{"Written by":"kerttuvali","Est. reading time":"1 minute"},"schema":{"@context":"https:\/\/schema.org","@graph":[{"@type":"Article","@id":"https:\/\/www.victoriamedia.org\/kalastusviesti\/kestava-kalastus-etenee-eu-ministerit-paattivat-ensi-vuoden-kiintioista\/#article","isPartOf":{"@id":"https:\/\/www.victoriamedia.org\/kalastusviesti\/kestava-kalastus-etenee-eu-ministerit-paattivat-ensi-vuoden-kiintioista\/"},"author":{"name":"kerttuvali","@id":"https:\/\/www.victoriamedia.org\/kalastusviesti\/#\/schema\/person\/df29131d02ead3f61cdeeef5d30a6771"},"headline":"Kest\u00e4v\u00e4 kalastus etenee \u2013 EU-ministerit p\u00e4\u00e4ttiv\u00e4t ensi vuoden kiinti\u00f6ist\u00e4","datePublished":"2015-12-16T10:44:51+00:00","mainEntityOfPage":{"@id":"https:\/\/www.victoriamedia.org\/kalastusviesti\/kestava-kalastus-etenee-eu-ministerit-paattivat-ensi-vuoden-kiintioista\/"},"wordCount":230,"articleSection":["Yleiset Uutiset"],"inLanguage":"en-US"},{"@type":"WebPage","@id":"https:\/\/www.victoriamedia.org\/kalastusviesti\/kestava-kalastus-etenee-eu-ministerit-paattivat-ensi-vuoden-kiintioista\/","url":"https:\/\/www.victoriamedia.org\/kalastusviesti\/kestava-kalastus-etenee-eu-ministerit-paattivat-ensi-vuoden-kiintioista\/","name":"Kest\u00e4v\u00e4 kalastus etenee \u2013 EU-ministerit p\u00e4\u00e4ttiv\u00e4t ensi vuoden kiinti\u00f6ist\u00e4 - KALASTUSVIESTI","isPartOf":{"@id":"https:\/\/www.victoriamedia.org\/kalastusviesti\/#website"},"datePublished":"2015-12-16T10:44:51+00:00","author":{"@id":"https:\/\/www.victoriamedia.org\/kalastusviesti\/#\/schema\/person\/df29131d02ead3f61cdeeef5d30a6771"},"breadcrumb":{"@id":"https:\/\/www.victoriamedia.org\/kalastusviesti\/kestava-kalastus-etenee-eu-ministerit-paattivat-ensi-vuoden-kiintioista\/#breadcrumb"},"inLanguage":"en-US","potentialAction":[{"@type":"ReadAction","target":["https:\/\/www.victoriamedia.org\/kalastusviesti\/kestava-kalastus-etenee-eu-ministerit-paattivat-ensi-vuoden-kiintioista\/"]}]},{"@type":"BreadcrumbList","@id":"https:\/\/www.victoriamedia.org\/kalastusviesti\/kestava-kalastus-etenee-eu-ministerit-paattivat-ensi-vuoden-kiintioista\/#breadcrumb","itemListElement":[{"@type":"ListItem","position":1,"name":"Home","item":"https:\/\/www.victoriamedia.org\/kalastusviesti\/"},{"@type":"ListItem","position":2,"name":"Kest\u00e4v\u00e4 kalastus etenee \u2013 EU-ministerit p\u00e4\u00e4ttiv\u00e4t ensi vuoden kiinti\u00f6ist\u00e4"}]},{"@type":"WebSite","@id":"https:\/\/www.victoriamedia.org\/kalastusviesti\/#website","url":"https:\/\/www.victoriamedia.org\/kalastusviesti\/","name":"KALASTUSVIESTI","description":"","potentialAction":[{"@type":"SearchAction","target":{"@type":"EntryPoint","urlTemplate":"https:\/\/www.victoriamedia.org\/kalastusviesti\/?s={search_term_string}"},"query-input":{"@type":"PropertyValueSpecification","valueRequired":true,"valueName":"search_term_string"}}],"inLanguage":"en-US"},{"@type":"Person","@id":"https:\/\/www.victoriamedia.org\/kalastusviesti\/#\/schema\/person\/df29131d02ead3f61cdeeef5d30a6771","name":"kerttuvali","image":{"@type":"ImageObject","inLanguage":"en-US","@id":"https:\/\/secure.gravatar.com\/avatar\/62dbe1a847f655ad987c59fece23f885c4b0e7b06595c36d9597003852972217?s=96&d=mm&r=g","url":"https:\/\/secure.gravatar.com\/avatar\/62dbe1a847f655ad987c59fece23f885c4b0e7b06595c36d9597003852972217?s=96&d=mm&r=g","contentUrl":"https:\/\/secure.gravatar.com\/avatar\/62dbe1a847f655ad987c59fece23f885c4b0e7b06595c36d9597003852972217?s=96&d=mm&r=g","caption":"kerttuvali"},"url":"https:\/\/www.victoriamedia.org\/kalastusviesti\/author\/kerttuvali\/"}]}},"_links":{"self":[{"href":"https:\/\/www.victoriamedia.org\/kalastusviesti\/wp-json\/wp\/v2\/posts\/875","targetHints":{"allow":["GET"]}}],"collection":[{"href":"https:\/\/www.victoriamedia.org\/kalastusviesti\/wp-json\/wp\/v2\/posts"}],"about":[{"href":"https:\/\/www.victoriamedia.org\/kalastusviesti\/wp-json\/wp\/v2\/types\/post"}],"author":[{"embeddable":true,"href":"https:\/\/www.victoriamedia.org\/kalastusviesti\/wp-json\/wp\/v2\/users\/1"}],"replies":[{"embeddable":true,"href":"https:\/\/www.victoriamedia.org\/kalastusviesti\/wp-json\/wp\/v2\/comments?post=875"}],"version-history":[{"count":1,"href":"https:\/\/www.victoriamedia.org\/kalastusviesti\/wp-json\/wp\/v2\/posts\/875\/revisions"}],"predecessor-version":[{"id":876,"href":"https:\/\/www.victoriamedia.org\/kalastusviesti\/wp-json\/wp\/v2\/posts\/875\/revisions\/876"}],"wp:attachment":[{"href":"https:\/\/www.victoriamedia.org\/kalastusviesti\/wp-json\/wp\/v2\/media?parent=875"}],"wp:term":[{"taxonomy":"category","embeddable":true,"href":"https:\/\/www.victoriamedia.org\/kalastusviesti\/wp-json\/wp\/v2\/categories?post=875"},{"taxonomy":"post_tag","embeddable":true,"href":"https:\/\/www.victoriamedia.org\/kalastusviesti\/wp-json\/wp\/v2\/tags?post=875"}],"curies":[{"name":"wp","href":"https:\/\/api.w.org\/{rel}","templated":true}]}}