{"id":863,"date":"2015-11-28T20:05:02","date_gmt":"2015-11-28T20:05:02","guid":{"rendered":"http:\/\/www.victoriamedia.org\/kalastusviesti\/?p=863"},"modified":"2015-11-28T20:05:02","modified_gmt":"2015-11-28T20:05:02","slug":"vapaa-ajankalastajien-syyskokous-vaatii-kuhankalastuksen-jarkevaa-alueellista-saatelya-seka-taimenelle-korkeampaa-alamittaa-luontaisilla-taimenvesilla","status":"publish","type":"post","link":"https:\/\/www.victoriamedia.org\/kalastusviesti\/vapaa-ajankalastajien-syyskokous-vaatii-kuhankalastuksen-jarkevaa-alueellista-saatelya-seka-taimenelle-korkeampaa-alamittaa-luontaisilla-taimenvesilla\/","title":{"rendered":"Vapaa-ajankalastajien syyskokous vaatii kuhankalastuksen j\u00e4rkev\u00e4\u00e4 alueellista s\u00e4\u00e4tely\u00e4 sek\u00e4 taimenelle korkeampaa alamittaa luontaisilla taimenvesill\u00e4"},"content":{"rendered":"<p>Monet kalastusalueet ovat sis\u00e4vesill\u00e4 asettaneet kuhalle tutkijoiden suosittaman ja kest\u00e4v\u00e4n k\u00e4yt\u00f6n mukaisen, v\u00e4hint\u00e4\u00e4n 45 senttimetrin alamitan. Ensi vuoden alusta n\u00e4m\u00e4 p\u00e4\u00e4t\u00f6kset kumoutuvat uuden kalastusasetuksen tullessa voimaan ja k\u00e4ytt\u00f6\u00f6n tulee kuhakantojen vahvistamisen ja kest\u00e4v\u00e4n k\u00e4yt\u00f6n kannalta riitt\u00e4m\u00e4t\u00f6n 42 senttimetrin alamitta. P\u00e4\u00e4toimisille kaupallisille kalastajille alamitta pudotetaan viel\u00e4kin alhaisemmaksi, 40 senttimetriin.<br \/>\n<strong><em>Suomen Vapaa-ajankalastajien Keskusj\u00e4rjest\u00f6n (SVK) syyskokous vaatii, ett\u00e4 alueellinen kalatalousviranomainen (ELY -keskus) ryhtyy v\u00e4litt\u00f6m\u00e4sti toimiin niiden alueellisten alamittap\u00e4\u00e4t\u00f6sten pysytt\u00e4miseksi, jotka ylitt\u00e4v\u00e4t asetuksen mukaisen alamitan<\/em><\/strong>. ELY -keskusten tulee kalastuslain 57 \u00a7:n antamalla valtuudella pit\u00e4\u00e4 voimassa n\u00e4m\u00e4 kest\u00e4v\u00e4n k\u00e4yt\u00f6n mukaiset alueelliset alamitat voimassa ensi vuoden alusta l\u00e4htien.<\/p>\n<p>Uusi kalastusasetus alentaa ensi vuoden alusta istutetun taimenen alamitan nykyisest\u00e4 60 senttimetrist\u00e4 50 senttimetriin. Useimmissa tapauksissa istutukset tehd\u00e4\u00e4n vesiin, jotka ovat asetuksella 64 N leveyspiirin alapuolella rauhoitetun villin taimenen elinalueita. Istutettuun taimeneen kohdistettu kalastus n\u00e4iss\u00e4 vesiss\u00e4 heikent\u00e4\u00e4 rauhoitetun villin taimenen mahdollisuutta p\u00e4\u00e4st\u00e4 lis\u00e4\u00e4ntym\u00e4\u00e4n. Erityisesti verkkokalastuksessa saatuja rauhoitettuja villej\u00e4 taimenia voidaan vain harvoin vapauttaa elinvoimaisina takaisin veteen. T\u00e4m\u00e4 on vastoin uuden kalastuslain keskeist\u00e4 tavoitetta, siirtymist\u00e4 istutuskeskeisest\u00e4 kalakantojen hoidosta luontaisesti lis\u00e4\u00e4ntyviin kalakantoihin.<br \/>\n<strong><em>SVK:n syyskokous vaatii, ett\u00e4 alueellinen kalastusviranomainen uuden kalastusasetuksen 2 \u00a7:n antamalla valtuudella ryhtyy vuoden 2016 aikana toimiin, joilla istutetun taimenen alin pyyntimitta nostetaan 60 senttimetriin luontaisesti lis\u00e4\u00e4ntyv\u00e4n taimenen esiintymisalueilla.<\/em><\/strong><\/p>\n<p>Syyskokous valitsi SVK:n uudeksi puheenjohtajaksi kansanedustaja <strong>Kai Mykk\u00e4sen<\/strong> Espoosta. Varapuheenjohtajiksi valittiin kansanedustajat <strong>Reijo Hongisto<\/strong> Vimpelist\u00e4 ja <strong>Ville Skinnari<\/strong> Lahdesta sek\u00e4 poliittinen sihteeri <strong>Timo Juurikkala<\/strong> Vantaalta ja teologian maisteri <strong>Simo Rundgren<\/strong> Kolarista.<br \/>\nHallituksen puheenjohtajaksi valittiin taloussihteeri <strong>Stina Koivisto<\/strong> Lohjalta.<\/p>\n<p>Syyskokous palkitsi vuoden kalastusseurana <strong>Sodankyl\u00e4n Perhokalastajat<\/strong>.<br \/>\nSuomen Vapaa-ajankalastajien Keskusj\u00e4rjest\u00f6n kunniamerkin syyskokouksessa saivat <strong>Erkki Pulliainen, Kari Rajam\u00e4ki, Hannu Lehtonen, Markku Markkula <\/strong>ja<strong> Jouko Ojanper\u00e4 <\/strong>sek\u00e4 kultaisen ansiomerkin <strong>Tuija Brax<\/strong>.<\/p>\n<p>Suomen Vapaa-ajankalastajien Keskusj\u00e4rjest\u00f6n syyskokous pidettiin 28.11.2015 Helsingiss\u00e4.<\/p>\n","protected":false},"excerpt":{"rendered":"<p>Monet kalastusalueet ovat sis\u00e4vesill\u00e4 asettaneet kuhalle tutkijoiden suosittaman ja kest\u00e4v\u00e4n k\u00e4yt\u00f6n mukaisen, v\u00e4hint\u00e4\u00e4n 45 senttimetrin alamitan. Ensi vuoden alusta n\u00e4m\u00e4 p\u00e4\u00e4t\u00f6kset kumoutuvat uuden kalastusasetuksen tullessa voimaan ja k\u00e4ytt\u00f6\u00f6n tulee kuhakantojen vahvistamisen ja kest\u00e4v\u00e4n k\u00e4yt\u00f6n kannalta riitt\u00e4m\u00e4t\u00f6n 42 senttimetrin alamitta. P\u00e4\u00e4toimisille kaupallisille kalastajille alamitta pudotetaan viel\u00e4kin alhaisemmaksi, 40 senttimetriin. Suomen Vapaa-ajankalastajien Keskusj\u00e4rjest\u00f6n (SVK) syyskokous vaatii, ett\u00e4 [&hellip;]<\/p>\n","protected":false},"author":1,"featured_media":0,"comment_status":"closed","ping_status":"closed","sticky":false,"template":"","format":"standard","meta":{"footnotes":""},"categories":[8],"tags":[],"class_list":["post-863","post","type-post","status-publish","format-standard","hentry","category-suomen-vapaa-ajankalastajien-keskusjarjesto","eq-blocks"],"yoast_head":"<!-- This site is optimized with the Yoast SEO plugin v27.5 - https:\/\/yoast.com\/product\/yoast-seo-wordpress\/ -->\n<title>Vapaa-ajankalastajien syyskokous vaatii kuhankalastuksen j\u00e4rkev\u00e4\u00e4 alueellista s\u00e4\u00e4tely\u00e4 sek\u00e4 taimenelle korkeampaa alamittaa luontaisilla taimenvesill\u00e4 - KALASTUSVIESTI<\/title>\n<meta name=\"robots\" content=\"index, follow, max-snippet:-1, max-image-preview:large, max-video-preview:-1\" \/>\n<link rel=\"canonical\" href=\"https:\/\/www.victoriamedia.org\/kalastusviesti\/vapaa-ajankalastajien-syyskokous-vaatii-kuhankalastuksen-jarkevaa-alueellista-saatelya-seka-taimenelle-korkeampaa-alamittaa-luontaisilla-taimenvesilla\/\" \/>\n<meta property=\"og:locale\" content=\"en_US\" \/>\n<meta property=\"og:type\" content=\"article\" \/>\n<meta property=\"og:title\" content=\"Vapaa-ajankalastajien syyskokous vaatii kuhankalastuksen j\u00e4rkev\u00e4\u00e4 alueellista s\u00e4\u00e4tely\u00e4 sek\u00e4 taimenelle korkeampaa alamittaa luontaisilla taimenvesill\u00e4 - KALASTUSVIESTI\" \/>\n<meta property=\"og:description\" content=\"Monet kalastusalueet ovat sis\u00e4vesill\u00e4 asettaneet kuhalle tutkijoiden suosittaman ja kest\u00e4v\u00e4n k\u00e4yt\u00f6n mukaisen, v\u00e4hint\u00e4\u00e4n 45 senttimetrin alamitan. Ensi vuoden alusta n\u00e4m\u00e4 p\u00e4\u00e4t\u00f6kset kumoutuvat uuden kalastusasetuksen tullessa voimaan ja k\u00e4ytt\u00f6\u00f6n tulee kuhakantojen vahvistamisen ja kest\u00e4v\u00e4n k\u00e4yt\u00f6n kannalta riitt\u00e4m\u00e4t\u00f6n 42 senttimetrin alamitta. P\u00e4\u00e4toimisille kaupallisille kalastajille alamitta pudotetaan viel\u00e4kin alhaisemmaksi, 40 senttimetriin. Suomen Vapaa-ajankalastajien Keskusj\u00e4rjest\u00f6n (SVK) syyskokous vaatii, ett\u00e4 [&hellip;]\" \/>\n<meta property=\"og:url\" content=\"https:\/\/www.victoriamedia.org\/kalastusviesti\/vapaa-ajankalastajien-syyskokous-vaatii-kuhankalastuksen-jarkevaa-alueellista-saatelya-seka-taimenelle-korkeampaa-alamittaa-luontaisilla-taimenvesilla\/\" \/>\n<meta property=\"og:site_name\" content=\"KALASTUSVIESTI\" \/>\n<meta property=\"article:publisher\" content=\"https:\/\/www.facebook.com\/Kalastusviesti\" \/>\n<meta property=\"article:published_time\" content=\"2015-11-28T20:05:02+00:00\" \/>\n<meta name=\"author\" content=\"kerttuvali\" \/>\n<meta name=\"twitter:card\" content=\"summary_large_image\" \/>\n<meta name=\"twitter:creator\" content=\"@kalastusuutiset\" \/>\n<meta name=\"twitter:site\" content=\"@kalastusuutiset\" \/>\n<meta name=\"twitter:label1\" content=\"Written by\" \/>\n\t<meta name=\"twitter:data1\" content=\"kerttuvali\" \/>\n\t<meta name=\"twitter:label2\" content=\"Est. reading time\" \/>\n\t<meta name=\"twitter:data2\" content=\"2 minutes\" \/>\n<script type=\"application\/ld+json\" class=\"yoast-schema-graph\">{\"@context\":\"https:\\\/\\\/schema.org\",\"@graph\":[{\"@type\":\"Article\",\"@id\":\"https:\\\/\\\/www.victoriamedia.org\\\/kalastusviesti\\\/vapaa-ajankalastajien-syyskokous-vaatii-kuhankalastuksen-jarkevaa-alueellista-saatelya-seka-taimenelle-korkeampaa-alamittaa-luontaisilla-taimenvesilla\\\/#article\",\"isPartOf\":{\"@id\":\"https:\\\/\\\/www.victoriamedia.org\\\/kalastusviesti\\\/vapaa-ajankalastajien-syyskokous-vaatii-kuhankalastuksen-jarkevaa-alueellista-saatelya-seka-taimenelle-korkeampaa-alamittaa-luontaisilla-taimenvesilla\\\/\"},\"author\":{\"name\":\"kerttuvali\",\"@id\":\"https:\\\/\\\/www.victoriamedia.org\\\/kalastusviesti\\\/#\\\/schema\\\/person\\\/df29131d02ead3f61cdeeef5d30a6771\"},\"headline\":\"Vapaa-ajankalastajien syyskokous vaatii kuhankalastuksen j\u00e4rkev\u00e4\u00e4 alueellista s\u00e4\u00e4tely\u00e4 sek\u00e4 taimenelle korkeampaa alamittaa luontaisilla taimenvesill\u00e4\",\"datePublished\":\"2015-11-28T20:05:02+00:00\",\"mainEntityOfPage\":{\"@id\":\"https:\\\/\\\/www.victoriamedia.org\\\/kalastusviesti\\\/vapaa-ajankalastajien-syyskokous-vaatii-kuhankalastuksen-jarkevaa-alueellista-saatelya-seka-taimenelle-korkeampaa-alamittaa-luontaisilla-taimenvesilla\\\/\"},\"wordCount\":323,\"articleSection\":[\"Suomen Vapaa-ajankalastajien Keskusj\u00e4rjest\u00f6\"],\"inLanguage\":\"en-US\"},{\"@type\":\"WebPage\",\"@id\":\"https:\\\/\\\/www.victoriamedia.org\\\/kalastusviesti\\\/vapaa-ajankalastajien-syyskokous-vaatii-kuhankalastuksen-jarkevaa-alueellista-saatelya-seka-taimenelle-korkeampaa-alamittaa-luontaisilla-taimenvesilla\\\/\",\"url\":\"https:\\\/\\\/www.victoriamedia.org\\\/kalastusviesti\\\/vapaa-ajankalastajien-syyskokous-vaatii-kuhankalastuksen-jarkevaa-alueellista-saatelya-seka-taimenelle-korkeampaa-alamittaa-luontaisilla-taimenvesilla\\\/\",\"name\":\"Vapaa-ajankalastajien syyskokous vaatii kuhankalastuksen j\u00e4rkev\u00e4\u00e4 alueellista s\u00e4\u00e4tely\u00e4 sek\u00e4 taimenelle korkeampaa alamittaa luontaisilla taimenvesill\u00e4 - KALASTUSVIESTI\",\"isPartOf\":{\"@id\":\"https:\\\/\\\/www.victoriamedia.org\\\/kalastusviesti\\\/#website\"},\"datePublished\":\"2015-11-28T20:05:02+00:00\",\"author\":{\"@id\":\"https:\\\/\\\/www.victoriamedia.org\\\/kalastusviesti\\\/#\\\/schema\\\/person\\\/df29131d02ead3f61cdeeef5d30a6771\"},\"breadcrumb\":{\"@id\":\"https:\\\/\\\/www.victoriamedia.org\\\/kalastusviesti\\\/vapaa-ajankalastajien-syyskokous-vaatii-kuhankalastuksen-jarkevaa-alueellista-saatelya-seka-taimenelle-korkeampaa-alamittaa-luontaisilla-taimenvesilla\\\/#breadcrumb\"},\"inLanguage\":\"en-US\",\"potentialAction\":[{\"@type\":\"ReadAction\",\"target\":[\"https:\\\/\\\/www.victoriamedia.org\\\/kalastusviesti\\\/vapaa-ajankalastajien-syyskokous-vaatii-kuhankalastuksen-jarkevaa-alueellista-saatelya-seka-taimenelle-korkeampaa-alamittaa-luontaisilla-taimenvesilla\\\/\"]}]},{\"@type\":\"BreadcrumbList\",\"@id\":\"https:\\\/\\\/www.victoriamedia.org\\\/kalastusviesti\\\/vapaa-ajankalastajien-syyskokous-vaatii-kuhankalastuksen-jarkevaa-alueellista-saatelya-seka-taimenelle-korkeampaa-alamittaa-luontaisilla-taimenvesilla\\\/#breadcrumb\",\"itemListElement\":[{\"@type\":\"ListItem\",\"position\":1,\"name\":\"Home\",\"item\":\"https:\\\/\\\/www.victoriamedia.org\\\/kalastusviesti\\\/\"},{\"@type\":\"ListItem\",\"position\":2,\"name\":\"Vapaa-ajankalastajien syyskokous vaatii kuhankalastuksen j\u00e4rkev\u00e4\u00e4 alueellista s\u00e4\u00e4tely\u00e4 sek\u00e4 taimenelle korkeampaa alamittaa luontaisilla taimenvesill\u00e4\"}]},{\"@type\":\"WebSite\",\"@id\":\"https:\\\/\\\/www.victoriamedia.org\\\/kalastusviesti\\\/#website\",\"url\":\"https:\\\/\\\/www.victoriamedia.org\\\/kalastusviesti\\\/\",\"name\":\"KALASTUSVIESTI\",\"description\":\"\",\"potentialAction\":[{\"@type\":\"SearchAction\",\"target\":{\"@type\":\"EntryPoint\",\"urlTemplate\":\"https:\\\/\\\/www.victoriamedia.org\\\/kalastusviesti\\\/?s={search_term_string}\"},\"query-input\":{\"@type\":\"PropertyValueSpecification\",\"valueRequired\":true,\"valueName\":\"search_term_string\"}}],\"inLanguage\":\"en-US\"},{\"@type\":\"Person\",\"@id\":\"https:\\\/\\\/www.victoriamedia.org\\\/kalastusviesti\\\/#\\\/schema\\\/person\\\/df29131d02ead3f61cdeeef5d30a6771\",\"name\":\"kerttuvali\",\"image\":{\"@type\":\"ImageObject\",\"inLanguage\":\"en-US\",\"@id\":\"https:\\\/\\\/secure.gravatar.com\\\/avatar\\\/62dbe1a847f655ad987c59fece23f885c4b0e7b06595c36d9597003852972217?s=96&d=mm&r=g\",\"url\":\"https:\\\/\\\/secure.gravatar.com\\\/avatar\\\/62dbe1a847f655ad987c59fece23f885c4b0e7b06595c36d9597003852972217?s=96&d=mm&r=g\",\"contentUrl\":\"https:\\\/\\\/secure.gravatar.com\\\/avatar\\\/62dbe1a847f655ad987c59fece23f885c4b0e7b06595c36d9597003852972217?s=96&d=mm&r=g\",\"caption\":\"kerttuvali\"},\"url\":\"https:\\\/\\\/www.victoriamedia.org\\\/kalastusviesti\\\/author\\\/kerttuvali\\\/\"}]}<\/script>\n<!-- \/ Yoast SEO plugin. -->","yoast_head_json":{"title":"Vapaa-ajankalastajien syyskokous vaatii kuhankalastuksen j\u00e4rkev\u00e4\u00e4 alueellista s\u00e4\u00e4tely\u00e4 sek\u00e4 taimenelle korkeampaa alamittaa luontaisilla taimenvesill\u00e4 - KALASTUSVIESTI","robots":{"index":"index","follow":"follow","max-snippet":"max-snippet:-1","max-image-preview":"max-image-preview:large","max-video-preview":"max-video-preview:-1"},"canonical":"https:\/\/www.victoriamedia.org\/kalastusviesti\/vapaa-ajankalastajien-syyskokous-vaatii-kuhankalastuksen-jarkevaa-alueellista-saatelya-seka-taimenelle-korkeampaa-alamittaa-luontaisilla-taimenvesilla\/","og_locale":"en_US","og_type":"article","og_title":"Vapaa-ajankalastajien syyskokous vaatii kuhankalastuksen j\u00e4rkev\u00e4\u00e4 alueellista s\u00e4\u00e4tely\u00e4 sek\u00e4 taimenelle korkeampaa alamittaa luontaisilla taimenvesill\u00e4 - KALASTUSVIESTI","og_description":"Monet kalastusalueet ovat sis\u00e4vesill\u00e4 asettaneet kuhalle tutkijoiden suosittaman ja kest\u00e4v\u00e4n k\u00e4yt\u00f6n mukaisen, v\u00e4hint\u00e4\u00e4n 45 senttimetrin alamitan. Ensi vuoden alusta n\u00e4m\u00e4 p\u00e4\u00e4t\u00f6kset kumoutuvat uuden kalastusasetuksen tullessa voimaan ja k\u00e4ytt\u00f6\u00f6n tulee kuhakantojen vahvistamisen ja kest\u00e4v\u00e4n k\u00e4yt\u00f6n kannalta riitt\u00e4m\u00e4t\u00f6n 42 senttimetrin alamitta. P\u00e4\u00e4toimisille kaupallisille kalastajille alamitta pudotetaan viel\u00e4kin alhaisemmaksi, 40 senttimetriin. Suomen Vapaa-ajankalastajien Keskusj\u00e4rjest\u00f6n (SVK) syyskokous vaatii, ett\u00e4 [&hellip;]","og_url":"https:\/\/www.victoriamedia.org\/kalastusviesti\/vapaa-ajankalastajien-syyskokous-vaatii-kuhankalastuksen-jarkevaa-alueellista-saatelya-seka-taimenelle-korkeampaa-alamittaa-luontaisilla-taimenvesilla\/","og_site_name":"KALASTUSVIESTI","article_publisher":"https:\/\/www.facebook.com\/Kalastusviesti","article_published_time":"2015-11-28T20:05:02+00:00","author":"kerttuvali","twitter_card":"summary_large_image","twitter_creator":"@kalastusuutiset","twitter_site":"@kalastusuutiset","twitter_misc":{"Written by":"kerttuvali","Est. reading time":"2 minutes"},"schema":{"@context":"https:\/\/schema.org","@graph":[{"@type":"Article","@id":"https:\/\/www.victoriamedia.org\/kalastusviesti\/vapaa-ajankalastajien-syyskokous-vaatii-kuhankalastuksen-jarkevaa-alueellista-saatelya-seka-taimenelle-korkeampaa-alamittaa-luontaisilla-taimenvesilla\/#article","isPartOf":{"@id":"https:\/\/www.victoriamedia.org\/kalastusviesti\/vapaa-ajankalastajien-syyskokous-vaatii-kuhankalastuksen-jarkevaa-alueellista-saatelya-seka-taimenelle-korkeampaa-alamittaa-luontaisilla-taimenvesilla\/"},"author":{"name":"kerttuvali","@id":"https:\/\/www.victoriamedia.org\/kalastusviesti\/#\/schema\/person\/df29131d02ead3f61cdeeef5d30a6771"},"headline":"Vapaa-ajankalastajien syyskokous vaatii kuhankalastuksen j\u00e4rkev\u00e4\u00e4 alueellista s\u00e4\u00e4tely\u00e4 sek\u00e4 taimenelle korkeampaa alamittaa luontaisilla taimenvesill\u00e4","datePublished":"2015-11-28T20:05:02+00:00","mainEntityOfPage":{"@id":"https:\/\/www.victoriamedia.org\/kalastusviesti\/vapaa-ajankalastajien-syyskokous-vaatii-kuhankalastuksen-jarkevaa-alueellista-saatelya-seka-taimenelle-korkeampaa-alamittaa-luontaisilla-taimenvesilla\/"},"wordCount":323,"articleSection":["Suomen Vapaa-ajankalastajien Keskusj\u00e4rjest\u00f6"],"inLanguage":"en-US"},{"@type":"WebPage","@id":"https:\/\/www.victoriamedia.org\/kalastusviesti\/vapaa-ajankalastajien-syyskokous-vaatii-kuhankalastuksen-jarkevaa-alueellista-saatelya-seka-taimenelle-korkeampaa-alamittaa-luontaisilla-taimenvesilla\/","url":"https:\/\/www.victoriamedia.org\/kalastusviesti\/vapaa-ajankalastajien-syyskokous-vaatii-kuhankalastuksen-jarkevaa-alueellista-saatelya-seka-taimenelle-korkeampaa-alamittaa-luontaisilla-taimenvesilla\/","name":"Vapaa-ajankalastajien syyskokous vaatii kuhankalastuksen j\u00e4rkev\u00e4\u00e4 alueellista s\u00e4\u00e4tely\u00e4 sek\u00e4 taimenelle korkeampaa alamittaa luontaisilla taimenvesill\u00e4 - KALASTUSVIESTI","isPartOf":{"@id":"https:\/\/www.victoriamedia.org\/kalastusviesti\/#website"},"datePublished":"2015-11-28T20:05:02+00:00","author":{"@id":"https:\/\/www.victoriamedia.org\/kalastusviesti\/#\/schema\/person\/df29131d02ead3f61cdeeef5d30a6771"},"breadcrumb":{"@id":"https:\/\/www.victoriamedia.org\/kalastusviesti\/vapaa-ajankalastajien-syyskokous-vaatii-kuhankalastuksen-jarkevaa-alueellista-saatelya-seka-taimenelle-korkeampaa-alamittaa-luontaisilla-taimenvesilla\/#breadcrumb"},"inLanguage":"en-US","potentialAction":[{"@type":"ReadAction","target":["https:\/\/www.victoriamedia.org\/kalastusviesti\/vapaa-ajankalastajien-syyskokous-vaatii-kuhankalastuksen-jarkevaa-alueellista-saatelya-seka-taimenelle-korkeampaa-alamittaa-luontaisilla-taimenvesilla\/"]}]},{"@type":"BreadcrumbList","@id":"https:\/\/www.victoriamedia.org\/kalastusviesti\/vapaa-ajankalastajien-syyskokous-vaatii-kuhankalastuksen-jarkevaa-alueellista-saatelya-seka-taimenelle-korkeampaa-alamittaa-luontaisilla-taimenvesilla\/#breadcrumb","itemListElement":[{"@type":"ListItem","position":1,"name":"Home","item":"https:\/\/www.victoriamedia.org\/kalastusviesti\/"},{"@type":"ListItem","position":2,"name":"Vapaa-ajankalastajien syyskokous vaatii kuhankalastuksen j\u00e4rkev\u00e4\u00e4 alueellista s\u00e4\u00e4tely\u00e4 sek\u00e4 taimenelle korkeampaa alamittaa luontaisilla taimenvesill\u00e4"}]},{"@type":"WebSite","@id":"https:\/\/www.victoriamedia.org\/kalastusviesti\/#website","url":"https:\/\/www.victoriamedia.org\/kalastusviesti\/","name":"KALASTUSVIESTI","description":"","potentialAction":[{"@type":"SearchAction","target":{"@type":"EntryPoint","urlTemplate":"https:\/\/www.victoriamedia.org\/kalastusviesti\/?s={search_term_string}"},"query-input":{"@type":"PropertyValueSpecification","valueRequired":true,"valueName":"search_term_string"}}],"inLanguage":"en-US"},{"@type":"Person","@id":"https:\/\/www.victoriamedia.org\/kalastusviesti\/#\/schema\/person\/df29131d02ead3f61cdeeef5d30a6771","name":"kerttuvali","image":{"@type":"ImageObject","inLanguage":"en-US","@id":"https:\/\/secure.gravatar.com\/avatar\/62dbe1a847f655ad987c59fece23f885c4b0e7b06595c36d9597003852972217?s=96&d=mm&r=g","url":"https:\/\/secure.gravatar.com\/avatar\/62dbe1a847f655ad987c59fece23f885c4b0e7b06595c36d9597003852972217?s=96&d=mm&r=g","contentUrl":"https:\/\/secure.gravatar.com\/avatar\/62dbe1a847f655ad987c59fece23f885c4b0e7b06595c36d9597003852972217?s=96&d=mm&r=g","caption":"kerttuvali"},"url":"https:\/\/www.victoriamedia.org\/kalastusviesti\/author\/kerttuvali\/"}]}},"_links":{"self":[{"href":"https:\/\/www.victoriamedia.org\/kalastusviesti\/wp-json\/wp\/v2\/posts\/863","targetHints":{"allow":["GET"]}}],"collection":[{"href":"https:\/\/www.victoriamedia.org\/kalastusviesti\/wp-json\/wp\/v2\/posts"}],"about":[{"href":"https:\/\/www.victoriamedia.org\/kalastusviesti\/wp-json\/wp\/v2\/types\/post"}],"author":[{"embeddable":true,"href":"https:\/\/www.victoriamedia.org\/kalastusviesti\/wp-json\/wp\/v2\/users\/1"}],"replies":[{"embeddable":true,"href":"https:\/\/www.victoriamedia.org\/kalastusviesti\/wp-json\/wp\/v2\/comments?post=863"}],"version-history":[{"count":1,"href":"https:\/\/www.victoriamedia.org\/kalastusviesti\/wp-json\/wp\/v2\/posts\/863\/revisions"}],"predecessor-version":[{"id":864,"href":"https:\/\/www.victoriamedia.org\/kalastusviesti\/wp-json\/wp\/v2\/posts\/863\/revisions\/864"}],"wp:attachment":[{"href":"https:\/\/www.victoriamedia.org\/kalastusviesti\/wp-json\/wp\/v2\/media?parent=863"}],"wp:term":[{"taxonomy":"category","embeddable":true,"href":"https:\/\/www.victoriamedia.org\/kalastusviesti\/wp-json\/wp\/v2\/categories?post=863"},{"taxonomy":"post_tag","embeddable":true,"href":"https:\/\/www.victoriamedia.org\/kalastusviesti\/wp-json\/wp\/v2\/tags?post=863"}],"curies":[{"name":"wp","href":"https:\/\/api.w.org\/{rel}","templated":true}]}}