{"id":861,"date":"2015-11-26T14:39:42","date_gmt":"2015-11-26T14:39:42","guid":{"rendered":"http:\/\/www.victoriamedia.org\/kalastusviesti\/?p=861"},"modified":"2015-11-26T14:39:42","modified_gmt":"2015-11-26T14:39:42","slug":"suomen-vapaa-ajankalastajien-keskusjarjesto-kalastusasetuksessa-pienta-iloa-mutta-alamitat-taimenelle-ja-kuhalle-liian-pienia","status":"publish","type":"post","link":"https:\/\/www.victoriamedia.org\/kalastusviesti\/suomen-vapaa-ajankalastajien-keskusjarjesto-kalastusasetuksessa-pienta-iloa-mutta-alamitat-taimenelle-ja-kuhalle-liian-pienia\/","title":{"rendered":"Suomen Vapaa-ajankalastajien Keskusj\u00e4rjest\u00f6: Kalastusasetuksessa pient\u00e4 iloa, mutta alamitat taimenelle ja kuhalle liian pieni\u00e4"},"content":{"rendered":"<p><strong>Suomen Vapaa-ajankalastajien Keskusj\u00e4rjest\u00f6 (SVK) pit\u00e4\u00e4 my\u00f6nteisen\u00e4, ett\u00e4 uusi, valtioneuvoston t\u00e4n\u00e4\u00e4n hyv\u00e4ksym\u00e4 kalastusasetus vahvistaa uhanalaisten kalalajien ja -kantojen suojelua. Luonnonvarainen j\u00e4rvilohi rauhoitetaan Vuoksen ja Hiitolanjoen vesist\u00f6iss\u00e4 ja luonnonvarainen taimen sis\u00e4vesiss\u00e4 Ouluj\u00e4rven (64 N) etel\u00e4puolisissa vesiss\u00e4 ja koko merialueella.<br \/>\n<\/strong><strong>Silti uusi kalastusasetus on pettymys erityisesti sen taimenta ja kuhaa koskevilta osilta. Sen m\u00e4\u00e4r\u00e4ykset ovat ristiriidassa uudistuneen kalastuslain kest\u00e4v\u00e4n kalastuksen periaatteiden kanssa, erityisesti mit\u00e4 tulee uhanalaisten taimenkantojen suojeluun sek\u00e4 taimen- ja kuhakantojen luontaisen lis\u00e4\u00e4ntymisen parantamiseen.<\/strong><\/p>\n<p>&#8220;Asetus heikent\u00e4\u00e4 eritt\u00e4in uhanalaisten villien taimenkantojen suojelua m\u00e4\u00e4r\u00e4\u00e4m\u00e4ll\u00e4 istutetulle taimenelle alhaisemman alamitan (50 cm) kuin luonnonvaraiselle taimenelle. Villit kalat uivat samoissa vesiss\u00e4 kuin istutetutkin ja istukkaiden pyyntiin viritetty tihe\u00e4silm\u00e4isempi verkko tappaa entist\u00e4 suuremman osan rauhoitetuista luonnontaimenista&#8221;, sanoo SVK:n toiminnanjohtaja Ilkka M\u00e4kel\u00e4.<br \/>\nH\u00e4nen mielest\u00e4\u00e4n taimenelle riitt\u00e4\u00e4 yksi alamitta, jonka tulee olla v\u00e4hint\u00e4\u00e4n asetuksessa luonnontaimenelle m\u00e4\u00e4r\u00e4tty 60 senttimetri\u00e4.<br \/>\n\u201dAlamitan tarkoituksena on ohjata kalastusta. Taimenen kahden alamitan j\u00e4rjestelm\u00e4 samassa vedess\u00e4 ei toimi.\u201d<br \/>\nPettymyst\u00e4 taimenen osalta lis\u00e4\u00e4 se, ett\u00e4 aikaisemmista esityksist\u00e4 poiketen taimenen rauhoitusaluetta pienennettiin puolella. \u00c4\u00e4rimm\u00e4isen uhanalaisen meritaimenen kannalta t\u00e4m\u00e4 saattaa olla kohtalokasta, sill\u00e4 meritaimenet nousevat kudulle sis\u00e4vesiin, jossa niiden kalastus Oulun l\u00e4\u00e4niss\u00e4 on sallittua.<\/p>\n<p>Kuhan alamitan nostaminen 42 senttiin on parannus erityisesti merialueilla. Se ei kuitenkaan poista kuhankalastuksen p\u00e4\u00e4ongelmaa eli kuhan pyyt\u00e4mist\u00e4 liian pienen\u00e4, varsinkin kun ammattikalastukselle m\u00e4\u00e4r\u00e4ttiin viel\u00e4kin alhaisempi 40 senttimetrin alamitta Saaristomerell\u00e4 ja Pohjanlahdella. Alhainen alamitta est\u00e4\u00e4 nopeakasvuisten kuhien lis\u00e4\u00e4ntymisen ja kuhakantojen vahvistumisen.<br \/>\nKuhan alhainen alamitta on vapaa-ajankalastajien mielest\u00e4 k\u00e4sitt\u00e4m\u00e4t\u00f6n kahdestakin syyst\u00e4:<br \/>\n1) Ruotsissa kokemukset 45 sentin alamitasta ovat erinomaisia ja Suomenkin sis\u00e4vesill\u00e4 k\u00e4ytet\u00e4\u00e4n jo yleisesti samaa alamittaa.<br \/>\n2) Tuoreen tutkimuksen mukaan Saaristomerell\u00e4 kuhan alhainen alamitta yhdess\u00e4 kovan kalastuspaineen kanssa johti kasvun hidastumiseen. Korkeampi alamitta antaisi paremmat saaliit niin ammatti- kuin vapaa-ajankalastajillekin.<\/p>\n<p>&#8220;T\u00e4m\u00e4 ei oikein tunnu kalastuslain edellytt\u00e4m\u00e4lt\u00e4 tietoon perustuvalta kalastuksen s\u00e4\u00e4telylt\u00e4. Vapaa-ajankalastajat odottivat innolla uuden kalastuslain kest\u00e4v\u00e4n k\u00e4yt\u00f6n periaatteiden toteuttamista kalastusasetuksella. Pieni\u00e4 ilonpilkahduksia l\u00f6ytyy, mutta olemme silti liev\u00e4sti sanottuna pettyneit\u00e4\u201d, sanoo toiminnanjohtaja M\u00e4kel\u00e4.<\/p>\n","protected":false},"excerpt":{"rendered":"<p>Suomen Vapaa-ajankalastajien Keskusj\u00e4rjest\u00f6 (SVK) pit\u00e4\u00e4 my\u00f6nteisen\u00e4, ett\u00e4 uusi, valtioneuvoston t\u00e4n\u00e4\u00e4n hyv\u00e4ksym\u00e4 kalastusasetus vahvistaa uhanalaisten kalalajien ja -kantojen suojelua. Luonnonvarainen j\u00e4rvilohi rauhoitetaan Vuoksen ja Hiitolanjoen vesist\u00f6iss\u00e4 ja luonnonvarainen taimen sis\u00e4vesiss\u00e4 Ouluj\u00e4rven (64 N) etel\u00e4puolisissa vesiss\u00e4 ja koko merialueella. Silti uusi kalastusasetus on pettymys erityisesti sen taimenta ja kuhaa koskevilta osilta. Sen m\u00e4\u00e4r\u00e4ykset ovat ristiriidassa uudistuneen kalastuslain [&hellip;]<\/p>\n","protected":false},"author":1,"featured_media":0,"comment_status":"closed","ping_status":"closed","sticky":false,"template":"","format":"standard","meta":{"footnotes":""},"categories":[8],"tags":[],"class_list":["post-861","post","type-post","status-publish","format-standard","hentry","category-suomen-vapaa-ajankalastajien-keskusjarjesto","eq-blocks"],"yoast_head":"<!-- This site is optimized with the Yoast SEO plugin v27.5 - https:\/\/yoast.com\/product\/yoast-seo-wordpress\/ -->\n<title>Suomen Vapaa-ajankalastajien Keskusj\u00e4rjest\u00f6: Kalastusasetuksessa pient\u00e4 iloa, mutta alamitat taimenelle ja kuhalle liian pieni\u00e4 - KALASTUSVIESTI<\/title>\n<meta name=\"robots\" content=\"index, follow, max-snippet:-1, max-image-preview:large, max-video-preview:-1\" \/>\n<link rel=\"canonical\" href=\"https:\/\/www.victoriamedia.org\/kalastusviesti\/suomen-vapaa-ajankalastajien-keskusjarjesto-kalastusasetuksessa-pienta-iloa-mutta-alamitat-taimenelle-ja-kuhalle-liian-pienia\/\" \/>\n<meta property=\"og:locale\" content=\"en_US\" \/>\n<meta property=\"og:type\" content=\"article\" \/>\n<meta property=\"og:title\" content=\"Suomen Vapaa-ajankalastajien Keskusj\u00e4rjest\u00f6: Kalastusasetuksessa pient\u00e4 iloa, mutta alamitat taimenelle ja kuhalle liian pieni\u00e4 - KALASTUSVIESTI\" \/>\n<meta property=\"og:description\" content=\"Suomen Vapaa-ajankalastajien Keskusj\u00e4rjest\u00f6 (SVK) pit\u00e4\u00e4 my\u00f6nteisen\u00e4, ett\u00e4 uusi, valtioneuvoston t\u00e4n\u00e4\u00e4n hyv\u00e4ksym\u00e4 kalastusasetus vahvistaa uhanalaisten kalalajien ja -kantojen suojelua. Luonnonvarainen j\u00e4rvilohi rauhoitetaan Vuoksen ja Hiitolanjoen vesist\u00f6iss\u00e4 ja luonnonvarainen taimen sis\u00e4vesiss\u00e4 Ouluj\u00e4rven (64 N) etel\u00e4puolisissa vesiss\u00e4 ja koko merialueella. Silti uusi kalastusasetus on pettymys erityisesti sen taimenta ja kuhaa koskevilta osilta. Sen m\u00e4\u00e4r\u00e4ykset ovat ristiriidassa uudistuneen kalastuslain [&hellip;]\" \/>\n<meta property=\"og:url\" content=\"https:\/\/www.victoriamedia.org\/kalastusviesti\/suomen-vapaa-ajankalastajien-keskusjarjesto-kalastusasetuksessa-pienta-iloa-mutta-alamitat-taimenelle-ja-kuhalle-liian-pienia\/\" \/>\n<meta property=\"og:site_name\" content=\"KALASTUSVIESTI\" \/>\n<meta property=\"article:publisher\" content=\"https:\/\/www.facebook.com\/Kalastusviesti\" \/>\n<meta property=\"article:published_time\" content=\"2015-11-26T14:39:42+00:00\" \/>\n<meta name=\"author\" content=\"kerttuvali\" \/>\n<meta name=\"twitter:card\" content=\"summary_large_image\" \/>\n<meta name=\"twitter:creator\" content=\"@kalastusuutiset\" \/>\n<meta name=\"twitter:site\" content=\"@kalastusuutiset\" \/>\n<meta name=\"twitter:label1\" content=\"Written by\" \/>\n\t<meta name=\"twitter:data1\" content=\"kerttuvali\" \/>\n\t<meta name=\"twitter:label2\" content=\"Est. reading time\" \/>\n\t<meta name=\"twitter:data2\" content=\"2 minutes\" \/>\n<script type=\"application\/ld+json\" class=\"yoast-schema-graph\">{\"@context\":\"https:\\\/\\\/schema.org\",\"@graph\":[{\"@type\":\"Article\",\"@id\":\"https:\\\/\\\/www.victoriamedia.org\\\/kalastusviesti\\\/suomen-vapaa-ajankalastajien-keskusjarjesto-kalastusasetuksessa-pienta-iloa-mutta-alamitat-taimenelle-ja-kuhalle-liian-pienia\\\/#article\",\"isPartOf\":{\"@id\":\"https:\\\/\\\/www.victoriamedia.org\\\/kalastusviesti\\\/suomen-vapaa-ajankalastajien-keskusjarjesto-kalastusasetuksessa-pienta-iloa-mutta-alamitat-taimenelle-ja-kuhalle-liian-pienia\\\/\"},\"author\":{\"name\":\"kerttuvali\",\"@id\":\"https:\\\/\\\/www.victoriamedia.org\\\/kalastusviesti\\\/#\\\/schema\\\/person\\\/df29131d02ead3f61cdeeef5d30a6771\"},\"headline\":\"Suomen Vapaa-ajankalastajien Keskusj\u00e4rjest\u00f6: Kalastusasetuksessa pient\u00e4 iloa, mutta alamitat taimenelle ja kuhalle liian pieni\u00e4\",\"datePublished\":\"2015-11-26T14:39:42+00:00\",\"mainEntityOfPage\":{\"@id\":\"https:\\\/\\\/www.victoriamedia.org\\\/kalastusviesti\\\/suomen-vapaa-ajankalastajien-keskusjarjesto-kalastusasetuksessa-pienta-iloa-mutta-alamitat-taimenelle-ja-kuhalle-liian-pienia\\\/\"},\"wordCount\":360,\"articleSection\":[\"Suomen Vapaa-ajankalastajien Keskusj\u00e4rjest\u00f6\"],\"inLanguage\":\"en-US\"},{\"@type\":\"WebPage\",\"@id\":\"https:\\\/\\\/www.victoriamedia.org\\\/kalastusviesti\\\/suomen-vapaa-ajankalastajien-keskusjarjesto-kalastusasetuksessa-pienta-iloa-mutta-alamitat-taimenelle-ja-kuhalle-liian-pienia\\\/\",\"url\":\"https:\\\/\\\/www.victoriamedia.org\\\/kalastusviesti\\\/suomen-vapaa-ajankalastajien-keskusjarjesto-kalastusasetuksessa-pienta-iloa-mutta-alamitat-taimenelle-ja-kuhalle-liian-pienia\\\/\",\"name\":\"Suomen Vapaa-ajankalastajien Keskusj\u00e4rjest\u00f6: Kalastusasetuksessa pient\u00e4 iloa, mutta alamitat taimenelle ja kuhalle liian pieni\u00e4 - KALASTUSVIESTI\",\"isPartOf\":{\"@id\":\"https:\\\/\\\/www.victoriamedia.org\\\/kalastusviesti\\\/#website\"},\"datePublished\":\"2015-11-26T14:39:42+00:00\",\"author\":{\"@id\":\"https:\\\/\\\/www.victoriamedia.org\\\/kalastusviesti\\\/#\\\/schema\\\/person\\\/df29131d02ead3f61cdeeef5d30a6771\"},\"breadcrumb\":{\"@id\":\"https:\\\/\\\/www.victoriamedia.org\\\/kalastusviesti\\\/suomen-vapaa-ajankalastajien-keskusjarjesto-kalastusasetuksessa-pienta-iloa-mutta-alamitat-taimenelle-ja-kuhalle-liian-pienia\\\/#breadcrumb\"},\"inLanguage\":\"en-US\",\"potentialAction\":[{\"@type\":\"ReadAction\",\"target\":[\"https:\\\/\\\/www.victoriamedia.org\\\/kalastusviesti\\\/suomen-vapaa-ajankalastajien-keskusjarjesto-kalastusasetuksessa-pienta-iloa-mutta-alamitat-taimenelle-ja-kuhalle-liian-pienia\\\/\"]}]},{\"@type\":\"BreadcrumbList\",\"@id\":\"https:\\\/\\\/www.victoriamedia.org\\\/kalastusviesti\\\/suomen-vapaa-ajankalastajien-keskusjarjesto-kalastusasetuksessa-pienta-iloa-mutta-alamitat-taimenelle-ja-kuhalle-liian-pienia\\\/#breadcrumb\",\"itemListElement\":[{\"@type\":\"ListItem\",\"position\":1,\"name\":\"Home\",\"item\":\"https:\\\/\\\/www.victoriamedia.org\\\/kalastusviesti\\\/\"},{\"@type\":\"ListItem\",\"position\":2,\"name\":\"Suomen Vapaa-ajankalastajien Keskusj\u00e4rjest\u00f6: Kalastusasetuksessa pient\u00e4 iloa, mutta alamitat taimenelle ja kuhalle liian pieni\u00e4\"}]},{\"@type\":\"WebSite\",\"@id\":\"https:\\\/\\\/www.victoriamedia.org\\\/kalastusviesti\\\/#website\",\"url\":\"https:\\\/\\\/www.victoriamedia.org\\\/kalastusviesti\\\/\",\"name\":\"KALASTUSVIESTI\",\"description\":\"\",\"potentialAction\":[{\"@type\":\"SearchAction\",\"target\":{\"@type\":\"EntryPoint\",\"urlTemplate\":\"https:\\\/\\\/www.victoriamedia.org\\\/kalastusviesti\\\/?s={search_term_string}\"},\"query-input\":{\"@type\":\"PropertyValueSpecification\",\"valueRequired\":true,\"valueName\":\"search_term_string\"}}],\"inLanguage\":\"en-US\"},{\"@type\":\"Person\",\"@id\":\"https:\\\/\\\/www.victoriamedia.org\\\/kalastusviesti\\\/#\\\/schema\\\/person\\\/df29131d02ead3f61cdeeef5d30a6771\",\"name\":\"kerttuvali\",\"image\":{\"@type\":\"ImageObject\",\"inLanguage\":\"en-US\",\"@id\":\"https:\\\/\\\/secure.gravatar.com\\\/avatar\\\/62dbe1a847f655ad987c59fece23f885c4b0e7b06595c36d9597003852972217?s=96&d=mm&r=g\",\"url\":\"https:\\\/\\\/secure.gravatar.com\\\/avatar\\\/62dbe1a847f655ad987c59fece23f885c4b0e7b06595c36d9597003852972217?s=96&d=mm&r=g\",\"contentUrl\":\"https:\\\/\\\/secure.gravatar.com\\\/avatar\\\/62dbe1a847f655ad987c59fece23f885c4b0e7b06595c36d9597003852972217?s=96&d=mm&r=g\",\"caption\":\"kerttuvali\"},\"url\":\"https:\\\/\\\/www.victoriamedia.org\\\/kalastusviesti\\\/author\\\/kerttuvali\\\/\"}]}<\/script>\n<!-- \/ Yoast SEO plugin. -->","yoast_head_json":{"title":"Suomen Vapaa-ajankalastajien Keskusj\u00e4rjest\u00f6: Kalastusasetuksessa pient\u00e4 iloa, mutta alamitat taimenelle ja kuhalle liian pieni\u00e4 - KALASTUSVIESTI","robots":{"index":"index","follow":"follow","max-snippet":"max-snippet:-1","max-image-preview":"max-image-preview:large","max-video-preview":"max-video-preview:-1"},"canonical":"https:\/\/www.victoriamedia.org\/kalastusviesti\/suomen-vapaa-ajankalastajien-keskusjarjesto-kalastusasetuksessa-pienta-iloa-mutta-alamitat-taimenelle-ja-kuhalle-liian-pienia\/","og_locale":"en_US","og_type":"article","og_title":"Suomen Vapaa-ajankalastajien Keskusj\u00e4rjest\u00f6: Kalastusasetuksessa pient\u00e4 iloa, mutta alamitat taimenelle ja kuhalle liian pieni\u00e4 - KALASTUSVIESTI","og_description":"Suomen Vapaa-ajankalastajien Keskusj\u00e4rjest\u00f6 (SVK) pit\u00e4\u00e4 my\u00f6nteisen\u00e4, ett\u00e4 uusi, valtioneuvoston t\u00e4n\u00e4\u00e4n hyv\u00e4ksym\u00e4 kalastusasetus vahvistaa uhanalaisten kalalajien ja -kantojen suojelua. Luonnonvarainen j\u00e4rvilohi rauhoitetaan Vuoksen ja Hiitolanjoen vesist\u00f6iss\u00e4 ja luonnonvarainen taimen sis\u00e4vesiss\u00e4 Ouluj\u00e4rven (64 N) etel\u00e4puolisissa vesiss\u00e4 ja koko merialueella. Silti uusi kalastusasetus on pettymys erityisesti sen taimenta ja kuhaa koskevilta osilta. Sen m\u00e4\u00e4r\u00e4ykset ovat ristiriidassa uudistuneen kalastuslain [&hellip;]","og_url":"https:\/\/www.victoriamedia.org\/kalastusviesti\/suomen-vapaa-ajankalastajien-keskusjarjesto-kalastusasetuksessa-pienta-iloa-mutta-alamitat-taimenelle-ja-kuhalle-liian-pienia\/","og_site_name":"KALASTUSVIESTI","article_publisher":"https:\/\/www.facebook.com\/Kalastusviesti","article_published_time":"2015-11-26T14:39:42+00:00","author":"kerttuvali","twitter_card":"summary_large_image","twitter_creator":"@kalastusuutiset","twitter_site":"@kalastusuutiset","twitter_misc":{"Written by":"kerttuvali","Est. reading time":"2 minutes"},"schema":{"@context":"https:\/\/schema.org","@graph":[{"@type":"Article","@id":"https:\/\/www.victoriamedia.org\/kalastusviesti\/suomen-vapaa-ajankalastajien-keskusjarjesto-kalastusasetuksessa-pienta-iloa-mutta-alamitat-taimenelle-ja-kuhalle-liian-pienia\/#article","isPartOf":{"@id":"https:\/\/www.victoriamedia.org\/kalastusviesti\/suomen-vapaa-ajankalastajien-keskusjarjesto-kalastusasetuksessa-pienta-iloa-mutta-alamitat-taimenelle-ja-kuhalle-liian-pienia\/"},"author":{"name":"kerttuvali","@id":"https:\/\/www.victoriamedia.org\/kalastusviesti\/#\/schema\/person\/df29131d02ead3f61cdeeef5d30a6771"},"headline":"Suomen Vapaa-ajankalastajien Keskusj\u00e4rjest\u00f6: Kalastusasetuksessa pient\u00e4 iloa, mutta alamitat taimenelle ja kuhalle liian pieni\u00e4","datePublished":"2015-11-26T14:39:42+00:00","mainEntityOfPage":{"@id":"https:\/\/www.victoriamedia.org\/kalastusviesti\/suomen-vapaa-ajankalastajien-keskusjarjesto-kalastusasetuksessa-pienta-iloa-mutta-alamitat-taimenelle-ja-kuhalle-liian-pienia\/"},"wordCount":360,"articleSection":["Suomen Vapaa-ajankalastajien Keskusj\u00e4rjest\u00f6"],"inLanguage":"en-US"},{"@type":"WebPage","@id":"https:\/\/www.victoriamedia.org\/kalastusviesti\/suomen-vapaa-ajankalastajien-keskusjarjesto-kalastusasetuksessa-pienta-iloa-mutta-alamitat-taimenelle-ja-kuhalle-liian-pienia\/","url":"https:\/\/www.victoriamedia.org\/kalastusviesti\/suomen-vapaa-ajankalastajien-keskusjarjesto-kalastusasetuksessa-pienta-iloa-mutta-alamitat-taimenelle-ja-kuhalle-liian-pienia\/","name":"Suomen Vapaa-ajankalastajien Keskusj\u00e4rjest\u00f6: Kalastusasetuksessa pient\u00e4 iloa, mutta alamitat taimenelle ja kuhalle liian pieni\u00e4 - KALASTUSVIESTI","isPartOf":{"@id":"https:\/\/www.victoriamedia.org\/kalastusviesti\/#website"},"datePublished":"2015-11-26T14:39:42+00:00","author":{"@id":"https:\/\/www.victoriamedia.org\/kalastusviesti\/#\/schema\/person\/df29131d02ead3f61cdeeef5d30a6771"},"breadcrumb":{"@id":"https:\/\/www.victoriamedia.org\/kalastusviesti\/suomen-vapaa-ajankalastajien-keskusjarjesto-kalastusasetuksessa-pienta-iloa-mutta-alamitat-taimenelle-ja-kuhalle-liian-pienia\/#breadcrumb"},"inLanguage":"en-US","potentialAction":[{"@type":"ReadAction","target":["https:\/\/www.victoriamedia.org\/kalastusviesti\/suomen-vapaa-ajankalastajien-keskusjarjesto-kalastusasetuksessa-pienta-iloa-mutta-alamitat-taimenelle-ja-kuhalle-liian-pienia\/"]}]},{"@type":"BreadcrumbList","@id":"https:\/\/www.victoriamedia.org\/kalastusviesti\/suomen-vapaa-ajankalastajien-keskusjarjesto-kalastusasetuksessa-pienta-iloa-mutta-alamitat-taimenelle-ja-kuhalle-liian-pienia\/#breadcrumb","itemListElement":[{"@type":"ListItem","position":1,"name":"Home","item":"https:\/\/www.victoriamedia.org\/kalastusviesti\/"},{"@type":"ListItem","position":2,"name":"Suomen Vapaa-ajankalastajien Keskusj\u00e4rjest\u00f6: Kalastusasetuksessa pient\u00e4 iloa, mutta alamitat taimenelle ja kuhalle liian pieni\u00e4"}]},{"@type":"WebSite","@id":"https:\/\/www.victoriamedia.org\/kalastusviesti\/#website","url":"https:\/\/www.victoriamedia.org\/kalastusviesti\/","name":"KALASTUSVIESTI","description":"","potentialAction":[{"@type":"SearchAction","target":{"@type":"EntryPoint","urlTemplate":"https:\/\/www.victoriamedia.org\/kalastusviesti\/?s={search_term_string}"},"query-input":{"@type":"PropertyValueSpecification","valueRequired":true,"valueName":"search_term_string"}}],"inLanguage":"en-US"},{"@type":"Person","@id":"https:\/\/www.victoriamedia.org\/kalastusviesti\/#\/schema\/person\/df29131d02ead3f61cdeeef5d30a6771","name":"kerttuvali","image":{"@type":"ImageObject","inLanguage":"en-US","@id":"https:\/\/secure.gravatar.com\/avatar\/62dbe1a847f655ad987c59fece23f885c4b0e7b06595c36d9597003852972217?s=96&d=mm&r=g","url":"https:\/\/secure.gravatar.com\/avatar\/62dbe1a847f655ad987c59fece23f885c4b0e7b06595c36d9597003852972217?s=96&d=mm&r=g","contentUrl":"https:\/\/secure.gravatar.com\/avatar\/62dbe1a847f655ad987c59fece23f885c4b0e7b06595c36d9597003852972217?s=96&d=mm&r=g","caption":"kerttuvali"},"url":"https:\/\/www.victoriamedia.org\/kalastusviesti\/author\/kerttuvali\/"}]}},"_links":{"self":[{"href":"https:\/\/www.victoriamedia.org\/kalastusviesti\/wp-json\/wp\/v2\/posts\/861","targetHints":{"allow":["GET"]}}],"collection":[{"href":"https:\/\/www.victoriamedia.org\/kalastusviesti\/wp-json\/wp\/v2\/posts"}],"about":[{"href":"https:\/\/www.victoriamedia.org\/kalastusviesti\/wp-json\/wp\/v2\/types\/post"}],"author":[{"embeddable":true,"href":"https:\/\/www.victoriamedia.org\/kalastusviesti\/wp-json\/wp\/v2\/users\/1"}],"replies":[{"embeddable":true,"href":"https:\/\/www.victoriamedia.org\/kalastusviesti\/wp-json\/wp\/v2\/comments?post=861"}],"version-history":[{"count":1,"href":"https:\/\/www.victoriamedia.org\/kalastusviesti\/wp-json\/wp\/v2\/posts\/861\/revisions"}],"predecessor-version":[{"id":862,"href":"https:\/\/www.victoriamedia.org\/kalastusviesti\/wp-json\/wp\/v2\/posts\/861\/revisions\/862"}],"wp:attachment":[{"href":"https:\/\/www.victoriamedia.org\/kalastusviesti\/wp-json\/wp\/v2\/media?parent=861"}],"wp:term":[{"taxonomy":"category","embeddable":true,"href":"https:\/\/www.victoriamedia.org\/kalastusviesti\/wp-json\/wp\/v2\/categories?post=861"},{"taxonomy":"post_tag","embeddable":true,"href":"https:\/\/www.victoriamedia.org\/kalastusviesti\/wp-json\/wp\/v2\/tags?post=861"}],"curies":[{"name":"wp","href":"https:\/\/api.w.org\/{rel}","templated":true}]}}