{"id":826,"date":"2015-10-23T09:36:06","date_gmt":"2015-10-23T09:36:06","guid":{"rendered":"http:\/\/www.victoriamedia.org\/kalastusviesti\/?p=826"},"modified":"2015-10-23T09:39:57","modified_gmt":"2015-10-23T09:39:57","slug":"ensi-vuoden-kalastusmahdollisuuksista-itamerella-sovittu","status":"publish","type":"post","link":"https:\/\/www.victoriamedia.org\/kalastusviesti\/ensi-vuoden-kalastusmahdollisuuksista-itamerella-sovittu\/","title":{"rendered":"Ensi vuoden kalastusmahdollisuuksista It\u00e4merell\u00e4 sovittu"},"content":{"rendered":"<p><a href=\"https:\/\/www.victoriamedia.org\/kalastusviesti\/wp-content\/uploads\/2015\/10\/Tiilikainen_Kimmo_web_76131.jpg\"><img loading=\"lazy\" decoding=\"async\" class=\"alignnone  wp-image-829\" src=\"https:\/\/www.victoriamedia.org\/kalastusviesti\/wp-content\/uploads\/2015\/10\/Tiilikainen_Kimmo_web_76131.jpg\" alt=\"Tiilikainen, Kimmo kesk\" width=\"369\" height=\"554\" srcset=\"https:\/\/www.victoriamedia.org\/kalastusviesti\/wp-content\/uploads\/2015\/10\/Tiilikainen_Kimmo_web_76131.jpg 590w, https:\/\/www.victoriamedia.org\/kalastusviesti\/wp-content\/uploads\/2015\/10\/Tiilikainen_Kimmo_web_76131-200x300.jpg 200w\" sizes=\"auto, (max-width: 369px) 100vw, 369px\" \/><\/a><\/p>\n<p>Maatalous- ja ymp\u00e4rist\u00f6ministeri <em>Kimmo Tiilikainen (kesk.)<\/em><\/p>\n<p>Maatalous- ja kalastusneuvosto p\u00e4\u00e4si Luxemburgin kokouksessaan 22. lokakuuta poliittiseen yhteisymm\u00e4rrykseen It\u00e4meren kalakantojen kalastusmahdollisuuksista vuodelle 2016. P\u00e4\u00e4t\u00f6s syntyi It\u00e4meren j\u00e4senvaltioiden kalastusfoorumin BALTFISH:n ratkaisuehdotuksen perusteella. Suomea kokouksessa edusti maatalous- ja ymp\u00e4rist\u00f6ministeri <em>Kimmo Tiilikainen.<\/em><\/p>\n<p>It\u00e4meren p\u00e4\u00e4altaan ja Pohjanlahden lohikiinti\u00f6 p\u00e4\u00e4tettiin Suomen tavoitteen mukaisesti pit\u00e4\u00e4 kuluvan vuoden tasolla (95 928 lohta). My\u00f6s Suomenlahden lohikiinti\u00f6 pysyy nykytasollaan (13 106 lohta).<\/p>\n<p>Suomen kalastuselinkeinon kannalta t\u00e4rke\u00e4 Pohjanlahden silakkakiinti\u00f6 pienenee Suomen tavoitteen mukaisesti 24 prosenttia 120 872 tonniin. Pienennystarve johtuu tieteellisen arviointimenetelm\u00e4n muutoksesta. Selk\u00e4meren silakkakanta on kuitenkin edelleen enn\u00e4tyksellisen suuri. Suomenlahden ja It\u00e4meren p\u00e4\u00e4altaan silakkakiinti\u00f6 suurenee 8,6 prosentilla (177 505 tonnia) ja kilohailikiinti\u00f6 pienenee 5,3 prosentilla (202 320 tonnia). Samoin turskakiinti\u00f6it\u00e4 pienennet\u00e4\u00e4n huomattavasti, 20 prosenttia.<\/p>\n<p>Lis\u00e4ksi neuvostossa p\u00e4\u00e4tettiin, ett\u00e4 kuluvan vuoden silakka- ja kilohailikiinti\u00f6it\u00e4 voidaan siirt\u00e4\u00e4 25 prosentin edest\u00e4 k\u00e4ytett\u00e4viksi vuonna 2016. T\u00e4m\u00e4 toimi on tarpeen, jotta elinkeino voi sopeutua Ven\u00e4j\u00e4n asettamaan kalan tuontikieltoon. T\u00e4m\u00e4n seurauksena silakan kalastusmahdollisuudet Suomessa pysyv\u00e4t kiinti\u00f6leikkauksista huolimatta k\u00e4yt\u00e4nn\u00f6ss\u00e4 nykytasollaan.<\/p>\n<p>Maatalous- ja ymp\u00e4rist\u00f6ministeri Kimmo Tiilikainen on tyytyv\u00e4inen ratkaisuun.<\/p>\n<p><em>\u2013 <\/em>Kokonaisratkaisu on kest\u00e4v\u00e4n kalastuksen mukainen ja varmistaa my\u00f6s kalatalouselinkeinojen toimintaedellytykset, etenkin silakan kalastuksessa ja silakkasaaliiden hy\u00f6dynt\u00e4misess\u00e4. On hyv\u00e4, ett\u00e4 neuvotteluissa p\u00e4\u00e4dyttiin Suomen esityksen mukaisesti pit\u00e4m\u00e4\u00e4n It\u00e4meren p\u00e4\u00e4altaan ja Pohjanlahden lohikiinti\u00f6 nykytasollaan, vaikka komissio oli esitt\u00e4nyt t\u00e4h\u00e4n kymmenen prosentin korotusta. Nyt tehty ratkaisu luo hyv\u00e4t edellytykset It\u00e4meren heikkojen lohikantojen elpymiselle, ministeri Tiilikainen toteaa.<\/p>\n<p>Neuvosto keskusteli my\u00f6s siit\u00e4, miten maataloudessa voidaan hillit\u00e4 ilmastonmuutosta ja miten muutokseen voidaan sopeutua. J\u00e4senmaat korostivat sit\u00e4, ett\u00e4 hillitsemistoimenpiteet eiv\u00e4t saa vaarantaa EU:n ruuantuotantoa. Suomen mukaan kustannustehokkaita hillitsemistoimenpiteit\u00e4 voivat olla esimerkiksi maatalouden sivutuotteiden ja j\u00e4tteiden hy\u00f6dynt\u00e4minen biokaasun tuotannossa, maaper\u00e4n hiilen lis\u00e4\u00e4minen sek\u00e4 muutokset m\u00e4rehtij\u00f6iden ruokinnassa. Suomen kansallinen ilmasto-ohjelma edesauttaa sit\u00e4, ett\u00e4 uusin tutkimustieto siirtyy tuottajien k\u00e4ytt\u00f6\u00f6n.<\/p>\n<p>Neuvoston muissa asioissa kiinnitettiin huomiota mm. antibioottiresistenssiin, joka on maailmanlaajuisesti yksi suurimmista uhkista kansanterveydelle. Suomi korosti, ett\u00e4 kotiel\u00e4intuotannon ei tarvitse perustua antibioottien systemaattiseen k\u00e4ytt\u00f6\u00f6n. Suomessa antibiootteja k\u00e4ytet\u00e4\u00e4n toiseksi v\u00e4hiten EU:ssa.<\/p>\n","protected":false},"excerpt":{"rendered":"<p>Maatalous- ja ymp\u00e4rist\u00f6ministeri Kimmo Tiilikainen (kesk.) Maatalous- ja kalastusneuvosto p\u00e4\u00e4si Luxemburgin kokouksessaan 22. lokakuuta poliittiseen yhteisymm\u00e4rrykseen It\u00e4meren kalakantojen kalastusmahdollisuuksista vuodelle 2016. P\u00e4\u00e4t\u00f6s syntyi It\u00e4meren j\u00e4senvaltioiden kalastusfoorumin BALTFISH:n ratkaisuehdotuksen perusteella. Suomea kokouksessa edusti maatalous- ja ymp\u00e4rist\u00f6ministeri Kimmo Tiilikainen. It\u00e4meren p\u00e4\u00e4altaan ja Pohjanlahden lohikiinti\u00f6 p\u00e4\u00e4tettiin Suomen tavoitteen mukaisesti pit\u00e4\u00e4 kuluvan vuoden tasolla (95 928 lohta). My\u00f6s Suomenlahden [&hellip;]<\/p>\n","protected":false},"author":1,"featured_media":0,"comment_status":"closed","ping_status":"closed","sticky":false,"template":"","format":"standard","meta":{"footnotes":""},"categories":[57],"tags":[],"class_list":["post-826","post","type-post","status-publish","format-standard","hentry","category-yleiset-uutiset","eq-blocks"],"yoast_head":"<!-- This site is optimized with the Yoast SEO plugin v27.5 - https:\/\/yoast.com\/product\/yoast-seo-wordpress\/ -->\n<title>Ensi vuoden kalastusmahdollisuuksista It\u00e4merell\u00e4 sovittu - KALASTUSVIESTI<\/title>\n<meta name=\"robots\" content=\"index, follow, max-snippet:-1, max-image-preview:large, max-video-preview:-1\" \/>\n<link rel=\"canonical\" href=\"https:\/\/www.victoriamedia.org\/kalastusviesti\/ensi-vuoden-kalastusmahdollisuuksista-itamerella-sovittu\/\" \/>\n<meta property=\"og:locale\" content=\"en_US\" \/>\n<meta property=\"og:type\" content=\"article\" \/>\n<meta property=\"og:title\" content=\"Ensi vuoden kalastusmahdollisuuksista It\u00e4merell\u00e4 sovittu - KALASTUSVIESTI\" \/>\n<meta property=\"og:description\" content=\"Maatalous- ja ymp\u00e4rist\u00f6ministeri Kimmo Tiilikainen (kesk.) Maatalous- ja kalastusneuvosto p\u00e4\u00e4si Luxemburgin kokouksessaan 22. lokakuuta poliittiseen yhteisymm\u00e4rrykseen It\u00e4meren kalakantojen kalastusmahdollisuuksista vuodelle 2016. P\u00e4\u00e4t\u00f6s syntyi It\u00e4meren j\u00e4senvaltioiden kalastusfoorumin BALTFISH:n ratkaisuehdotuksen perusteella. Suomea kokouksessa edusti maatalous- ja ymp\u00e4rist\u00f6ministeri Kimmo Tiilikainen. It\u00e4meren p\u00e4\u00e4altaan ja Pohjanlahden lohikiinti\u00f6 p\u00e4\u00e4tettiin Suomen tavoitteen mukaisesti pit\u00e4\u00e4 kuluvan vuoden tasolla (95 928 lohta). My\u00f6s Suomenlahden [&hellip;]\" \/>\n<meta property=\"og:url\" content=\"https:\/\/www.victoriamedia.org\/kalastusviesti\/ensi-vuoden-kalastusmahdollisuuksista-itamerella-sovittu\/\" \/>\n<meta property=\"og:site_name\" content=\"KALASTUSVIESTI\" \/>\n<meta property=\"article:publisher\" content=\"https:\/\/www.facebook.com\/Kalastusviesti\" \/>\n<meta property=\"article:published_time\" content=\"2015-10-23T09:36:06+00:00\" \/>\n<meta property=\"article:modified_time\" content=\"2015-10-23T09:39:57+00:00\" \/>\n<meta property=\"og:image\" content=\"http:\/\/www.victoriamedia.org\/kalastusviesti\/wp-content\/uploads\/2015\/10\/Tiilikainen_Kimmo_web_76131.jpg\" \/>\n<meta name=\"author\" content=\"kerttuvali\" \/>\n<meta name=\"twitter:card\" content=\"summary_large_image\" \/>\n<meta name=\"twitter:creator\" content=\"@kalastusuutiset\" \/>\n<meta name=\"twitter:site\" content=\"@kalastusuutiset\" \/>\n<meta name=\"twitter:label1\" content=\"Written by\" \/>\n\t<meta name=\"twitter:data1\" content=\"kerttuvali\" \/>\n\t<meta name=\"twitter:label2\" content=\"Est. reading time\" \/>\n\t<meta name=\"twitter:data2\" content=\"2 minutes\" \/>\n<script type=\"application\/ld+json\" class=\"yoast-schema-graph\">{\"@context\":\"https:\\\/\\\/schema.org\",\"@graph\":[{\"@type\":\"Article\",\"@id\":\"https:\\\/\\\/www.victoriamedia.org\\\/kalastusviesti\\\/ensi-vuoden-kalastusmahdollisuuksista-itamerella-sovittu\\\/#article\",\"isPartOf\":{\"@id\":\"https:\\\/\\\/www.victoriamedia.org\\\/kalastusviesti\\\/ensi-vuoden-kalastusmahdollisuuksista-itamerella-sovittu\\\/\"},\"author\":{\"name\":\"kerttuvali\",\"@id\":\"https:\\\/\\\/www.victoriamedia.org\\\/kalastusviesti\\\/#\\\/schema\\\/person\\\/df29131d02ead3f61cdeeef5d30a6771\"},\"headline\":\"Ensi vuoden kalastusmahdollisuuksista It\u00e4merell\u00e4 sovittu\",\"datePublished\":\"2015-10-23T09:36:06+00:00\",\"dateModified\":\"2015-10-23T09:39:57+00:00\",\"mainEntityOfPage\":{\"@id\":\"https:\\\/\\\/www.victoriamedia.org\\\/kalastusviesti\\\/ensi-vuoden-kalastusmahdollisuuksista-itamerella-sovittu\\\/\"},\"wordCount\":363,\"image\":{\"@id\":\"https:\\\/\\\/www.victoriamedia.org\\\/kalastusviesti\\\/ensi-vuoden-kalastusmahdollisuuksista-itamerella-sovittu\\\/#primaryimage\"},\"thumbnailUrl\":\"http:\\\/\\\/www.victoriamedia.org\\\/kalastusviesti\\\/wp-content\\\/uploads\\\/2015\\\/10\\\/Tiilikainen_Kimmo_web_76131.jpg\",\"articleSection\":[\"Yleiset Uutiset\"],\"inLanguage\":\"en-US\"},{\"@type\":\"WebPage\",\"@id\":\"https:\\\/\\\/www.victoriamedia.org\\\/kalastusviesti\\\/ensi-vuoden-kalastusmahdollisuuksista-itamerella-sovittu\\\/\",\"url\":\"https:\\\/\\\/www.victoriamedia.org\\\/kalastusviesti\\\/ensi-vuoden-kalastusmahdollisuuksista-itamerella-sovittu\\\/\",\"name\":\"Ensi vuoden kalastusmahdollisuuksista It\u00e4merell\u00e4 sovittu - KALASTUSVIESTI\",\"isPartOf\":{\"@id\":\"https:\\\/\\\/www.victoriamedia.org\\\/kalastusviesti\\\/#website\"},\"primaryImageOfPage\":{\"@id\":\"https:\\\/\\\/www.victoriamedia.org\\\/kalastusviesti\\\/ensi-vuoden-kalastusmahdollisuuksista-itamerella-sovittu\\\/#primaryimage\"},\"image\":{\"@id\":\"https:\\\/\\\/www.victoriamedia.org\\\/kalastusviesti\\\/ensi-vuoden-kalastusmahdollisuuksista-itamerella-sovittu\\\/#primaryimage\"},\"thumbnailUrl\":\"http:\\\/\\\/www.victoriamedia.org\\\/kalastusviesti\\\/wp-content\\\/uploads\\\/2015\\\/10\\\/Tiilikainen_Kimmo_web_76131.jpg\",\"datePublished\":\"2015-10-23T09:36:06+00:00\",\"dateModified\":\"2015-10-23T09:39:57+00:00\",\"author\":{\"@id\":\"https:\\\/\\\/www.victoriamedia.org\\\/kalastusviesti\\\/#\\\/schema\\\/person\\\/df29131d02ead3f61cdeeef5d30a6771\"},\"breadcrumb\":{\"@id\":\"https:\\\/\\\/www.victoriamedia.org\\\/kalastusviesti\\\/ensi-vuoden-kalastusmahdollisuuksista-itamerella-sovittu\\\/#breadcrumb\"},\"inLanguage\":\"en-US\",\"potentialAction\":[{\"@type\":\"ReadAction\",\"target\":[\"https:\\\/\\\/www.victoriamedia.org\\\/kalastusviesti\\\/ensi-vuoden-kalastusmahdollisuuksista-itamerella-sovittu\\\/\"]}]},{\"@type\":\"ImageObject\",\"inLanguage\":\"en-US\",\"@id\":\"https:\\\/\\\/www.victoriamedia.org\\\/kalastusviesti\\\/ensi-vuoden-kalastusmahdollisuuksista-itamerella-sovittu\\\/#primaryimage\",\"url\":\"https:\\\/\\\/www.victoriamedia.org\\\/kalastusviesti\\\/wp-content\\\/uploads\\\/2015\\\/10\\\/Tiilikainen_Kimmo_web_76131.jpg\",\"contentUrl\":\"https:\\\/\\\/www.victoriamedia.org\\\/kalastusviesti\\\/wp-content\\\/uploads\\\/2015\\\/10\\\/Tiilikainen_Kimmo_web_76131.jpg\",\"width\":590,\"height\":886},{\"@type\":\"BreadcrumbList\",\"@id\":\"https:\\\/\\\/www.victoriamedia.org\\\/kalastusviesti\\\/ensi-vuoden-kalastusmahdollisuuksista-itamerella-sovittu\\\/#breadcrumb\",\"itemListElement\":[{\"@type\":\"ListItem\",\"position\":1,\"name\":\"Home\",\"item\":\"https:\\\/\\\/www.victoriamedia.org\\\/kalastusviesti\\\/\"},{\"@type\":\"ListItem\",\"position\":2,\"name\":\"Ensi vuoden kalastusmahdollisuuksista It\u00e4merell\u00e4 sovittu\"}]},{\"@type\":\"WebSite\",\"@id\":\"https:\\\/\\\/www.victoriamedia.org\\\/kalastusviesti\\\/#website\",\"url\":\"https:\\\/\\\/www.victoriamedia.org\\\/kalastusviesti\\\/\",\"name\":\"KALASTUSVIESTI\",\"description\":\"\",\"potentialAction\":[{\"@type\":\"SearchAction\",\"target\":{\"@type\":\"EntryPoint\",\"urlTemplate\":\"https:\\\/\\\/www.victoriamedia.org\\\/kalastusviesti\\\/?s={search_term_string}\"},\"query-input\":{\"@type\":\"PropertyValueSpecification\",\"valueRequired\":true,\"valueName\":\"search_term_string\"}}],\"inLanguage\":\"en-US\"},{\"@type\":\"Person\",\"@id\":\"https:\\\/\\\/www.victoriamedia.org\\\/kalastusviesti\\\/#\\\/schema\\\/person\\\/df29131d02ead3f61cdeeef5d30a6771\",\"name\":\"kerttuvali\",\"image\":{\"@type\":\"ImageObject\",\"inLanguage\":\"en-US\",\"@id\":\"https:\\\/\\\/secure.gravatar.com\\\/avatar\\\/62dbe1a847f655ad987c59fece23f885c4b0e7b06595c36d9597003852972217?s=96&d=mm&r=g\",\"url\":\"https:\\\/\\\/secure.gravatar.com\\\/avatar\\\/62dbe1a847f655ad987c59fece23f885c4b0e7b06595c36d9597003852972217?s=96&d=mm&r=g\",\"contentUrl\":\"https:\\\/\\\/secure.gravatar.com\\\/avatar\\\/62dbe1a847f655ad987c59fece23f885c4b0e7b06595c36d9597003852972217?s=96&d=mm&r=g\",\"caption\":\"kerttuvali\"},\"url\":\"https:\\\/\\\/www.victoriamedia.org\\\/kalastusviesti\\\/author\\\/kerttuvali\\\/\"}]}<\/script>\n<!-- \/ Yoast SEO plugin. -->","yoast_head_json":{"title":"Ensi vuoden kalastusmahdollisuuksista It\u00e4merell\u00e4 sovittu - KALASTUSVIESTI","robots":{"index":"index","follow":"follow","max-snippet":"max-snippet:-1","max-image-preview":"max-image-preview:large","max-video-preview":"max-video-preview:-1"},"canonical":"https:\/\/www.victoriamedia.org\/kalastusviesti\/ensi-vuoden-kalastusmahdollisuuksista-itamerella-sovittu\/","og_locale":"en_US","og_type":"article","og_title":"Ensi vuoden kalastusmahdollisuuksista It\u00e4merell\u00e4 sovittu - KALASTUSVIESTI","og_description":"Maatalous- ja ymp\u00e4rist\u00f6ministeri Kimmo Tiilikainen (kesk.) Maatalous- ja kalastusneuvosto p\u00e4\u00e4si Luxemburgin kokouksessaan 22. lokakuuta poliittiseen yhteisymm\u00e4rrykseen It\u00e4meren kalakantojen kalastusmahdollisuuksista vuodelle 2016. P\u00e4\u00e4t\u00f6s syntyi It\u00e4meren j\u00e4senvaltioiden kalastusfoorumin BALTFISH:n ratkaisuehdotuksen perusteella. Suomea kokouksessa edusti maatalous- ja ymp\u00e4rist\u00f6ministeri Kimmo Tiilikainen. It\u00e4meren p\u00e4\u00e4altaan ja Pohjanlahden lohikiinti\u00f6 p\u00e4\u00e4tettiin Suomen tavoitteen mukaisesti pit\u00e4\u00e4 kuluvan vuoden tasolla (95 928 lohta). My\u00f6s Suomenlahden [&hellip;]","og_url":"https:\/\/www.victoriamedia.org\/kalastusviesti\/ensi-vuoden-kalastusmahdollisuuksista-itamerella-sovittu\/","og_site_name":"KALASTUSVIESTI","article_publisher":"https:\/\/www.facebook.com\/Kalastusviesti","article_published_time":"2015-10-23T09:36:06+00:00","article_modified_time":"2015-10-23T09:39:57+00:00","og_image":[{"url":"http:\/\/www.victoriamedia.org\/kalastusviesti\/wp-content\/uploads\/2015\/10\/Tiilikainen_Kimmo_web_76131.jpg","type":"","width":"","height":""}],"author":"kerttuvali","twitter_card":"summary_large_image","twitter_creator":"@kalastusuutiset","twitter_site":"@kalastusuutiset","twitter_misc":{"Written by":"kerttuvali","Est. reading time":"2 minutes"},"schema":{"@context":"https:\/\/schema.org","@graph":[{"@type":"Article","@id":"https:\/\/www.victoriamedia.org\/kalastusviesti\/ensi-vuoden-kalastusmahdollisuuksista-itamerella-sovittu\/#article","isPartOf":{"@id":"https:\/\/www.victoriamedia.org\/kalastusviesti\/ensi-vuoden-kalastusmahdollisuuksista-itamerella-sovittu\/"},"author":{"name":"kerttuvali","@id":"https:\/\/www.victoriamedia.org\/kalastusviesti\/#\/schema\/person\/df29131d02ead3f61cdeeef5d30a6771"},"headline":"Ensi vuoden kalastusmahdollisuuksista It\u00e4merell\u00e4 sovittu","datePublished":"2015-10-23T09:36:06+00:00","dateModified":"2015-10-23T09:39:57+00:00","mainEntityOfPage":{"@id":"https:\/\/www.victoriamedia.org\/kalastusviesti\/ensi-vuoden-kalastusmahdollisuuksista-itamerella-sovittu\/"},"wordCount":363,"image":{"@id":"https:\/\/www.victoriamedia.org\/kalastusviesti\/ensi-vuoden-kalastusmahdollisuuksista-itamerella-sovittu\/#primaryimage"},"thumbnailUrl":"http:\/\/www.victoriamedia.org\/kalastusviesti\/wp-content\/uploads\/2015\/10\/Tiilikainen_Kimmo_web_76131.jpg","articleSection":["Yleiset Uutiset"],"inLanguage":"en-US"},{"@type":"WebPage","@id":"https:\/\/www.victoriamedia.org\/kalastusviesti\/ensi-vuoden-kalastusmahdollisuuksista-itamerella-sovittu\/","url":"https:\/\/www.victoriamedia.org\/kalastusviesti\/ensi-vuoden-kalastusmahdollisuuksista-itamerella-sovittu\/","name":"Ensi vuoden kalastusmahdollisuuksista It\u00e4merell\u00e4 sovittu - KALASTUSVIESTI","isPartOf":{"@id":"https:\/\/www.victoriamedia.org\/kalastusviesti\/#website"},"primaryImageOfPage":{"@id":"https:\/\/www.victoriamedia.org\/kalastusviesti\/ensi-vuoden-kalastusmahdollisuuksista-itamerella-sovittu\/#primaryimage"},"image":{"@id":"https:\/\/www.victoriamedia.org\/kalastusviesti\/ensi-vuoden-kalastusmahdollisuuksista-itamerella-sovittu\/#primaryimage"},"thumbnailUrl":"http:\/\/www.victoriamedia.org\/kalastusviesti\/wp-content\/uploads\/2015\/10\/Tiilikainen_Kimmo_web_76131.jpg","datePublished":"2015-10-23T09:36:06+00:00","dateModified":"2015-10-23T09:39:57+00:00","author":{"@id":"https:\/\/www.victoriamedia.org\/kalastusviesti\/#\/schema\/person\/df29131d02ead3f61cdeeef5d30a6771"},"breadcrumb":{"@id":"https:\/\/www.victoriamedia.org\/kalastusviesti\/ensi-vuoden-kalastusmahdollisuuksista-itamerella-sovittu\/#breadcrumb"},"inLanguage":"en-US","potentialAction":[{"@type":"ReadAction","target":["https:\/\/www.victoriamedia.org\/kalastusviesti\/ensi-vuoden-kalastusmahdollisuuksista-itamerella-sovittu\/"]}]},{"@type":"ImageObject","inLanguage":"en-US","@id":"https:\/\/www.victoriamedia.org\/kalastusviesti\/ensi-vuoden-kalastusmahdollisuuksista-itamerella-sovittu\/#primaryimage","url":"https:\/\/www.victoriamedia.org\/kalastusviesti\/wp-content\/uploads\/2015\/10\/Tiilikainen_Kimmo_web_76131.jpg","contentUrl":"https:\/\/www.victoriamedia.org\/kalastusviesti\/wp-content\/uploads\/2015\/10\/Tiilikainen_Kimmo_web_76131.jpg","width":590,"height":886},{"@type":"BreadcrumbList","@id":"https:\/\/www.victoriamedia.org\/kalastusviesti\/ensi-vuoden-kalastusmahdollisuuksista-itamerella-sovittu\/#breadcrumb","itemListElement":[{"@type":"ListItem","position":1,"name":"Home","item":"https:\/\/www.victoriamedia.org\/kalastusviesti\/"},{"@type":"ListItem","position":2,"name":"Ensi vuoden kalastusmahdollisuuksista It\u00e4merell\u00e4 sovittu"}]},{"@type":"WebSite","@id":"https:\/\/www.victoriamedia.org\/kalastusviesti\/#website","url":"https:\/\/www.victoriamedia.org\/kalastusviesti\/","name":"KALASTUSVIESTI","description":"","potentialAction":[{"@type":"SearchAction","target":{"@type":"EntryPoint","urlTemplate":"https:\/\/www.victoriamedia.org\/kalastusviesti\/?s={search_term_string}"},"query-input":{"@type":"PropertyValueSpecification","valueRequired":true,"valueName":"search_term_string"}}],"inLanguage":"en-US"},{"@type":"Person","@id":"https:\/\/www.victoriamedia.org\/kalastusviesti\/#\/schema\/person\/df29131d02ead3f61cdeeef5d30a6771","name":"kerttuvali","image":{"@type":"ImageObject","inLanguage":"en-US","@id":"https:\/\/secure.gravatar.com\/avatar\/62dbe1a847f655ad987c59fece23f885c4b0e7b06595c36d9597003852972217?s=96&d=mm&r=g","url":"https:\/\/secure.gravatar.com\/avatar\/62dbe1a847f655ad987c59fece23f885c4b0e7b06595c36d9597003852972217?s=96&d=mm&r=g","contentUrl":"https:\/\/secure.gravatar.com\/avatar\/62dbe1a847f655ad987c59fece23f885c4b0e7b06595c36d9597003852972217?s=96&d=mm&r=g","caption":"kerttuvali"},"url":"https:\/\/www.victoriamedia.org\/kalastusviesti\/author\/kerttuvali\/"}]}},"_links":{"self":[{"href":"https:\/\/www.victoriamedia.org\/kalastusviesti\/wp-json\/wp\/v2\/posts\/826","targetHints":{"allow":["GET"]}}],"collection":[{"href":"https:\/\/www.victoriamedia.org\/kalastusviesti\/wp-json\/wp\/v2\/posts"}],"about":[{"href":"https:\/\/www.victoriamedia.org\/kalastusviesti\/wp-json\/wp\/v2\/types\/post"}],"author":[{"embeddable":true,"href":"https:\/\/www.victoriamedia.org\/kalastusviesti\/wp-json\/wp\/v2\/users\/1"}],"replies":[{"embeddable":true,"href":"https:\/\/www.victoriamedia.org\/kalastusviesti\/wp-json\/wp\/v2\/comments?post=826"}],"version-history":[{"count":3,"href":"https:\/\/www.victoriamedia.org\/kalastusviesti\/wp-json\/wp\/v2\/posts\/826\/revisions"}],"predecessor-version":[{"id":831,"href":"https:\/\/www.victoriamedia.org\/kalastusviesti\/wp-json\/wp\/v2\/posts\/826\/revisions\/831"}],"wp:attachment":[{"href":"https:\/\/www.victoriamedia.org\/kalastusviesti\/wp-json\/wp\/v2\/media?parent=826"}],"wp:term":[{"taxonomy":"category","embeddable":true,"href":"https:\/\/www.victoriamedia.org\/kalastusviesti\/wp-json\/wp\/v2\/categories?post=826"},{"taxonomy":"post_tag","embeddable":true,"href":"https:\/\/www.victoriamedia.org\/kalastusviesti\/wp-json\/wp\/v2\/tags?post=826"}],"curies":[{"name":"wp","href":"https:\/\/api.w.org\/{rel}","templated":true}]}}