{"id":823,"date":"2015-10-16T09:05:54","date_gmt":"2015-10-16T09:05:54","guid":{"rendered":"http:\/\/www.victoriamedia.org\/kalastusviesti\/?p=823"},"modified":"2015-10-16T09:05:54","modified_gmt":"2015-10-16T09:05:54","slug":"kotkan-kalamarkkinat-nyt-viikonloppuna-teemakalana-silakka-eli-haili-uutuutena-rysaretki-sunnuntaina","status":"publish","type":"post","link":"https:\/\/www.victoriamedia.org\/kalastusviesti\/kotkan-kalamarkkinat-nyt-viikonloppuna-teemakalana-silakka-eli-haili-uutuutena-rysaretki-sunnuntaina\/","title":{"rendered":"Kotkan kalamarkkinat nyt viikonloppuna &#8211; teemakalana silakka eli haili, uutuutena rys\u00e4retki sunnuntaina"},"content":{"rendered":"<p><a href=\"https:\/\/www.victoriamedia.org\/kalastusviesti\/wp-content\/uploads\/2015\/10\/2015-10-16-12_03_40-Kotkan-Kalamarkkinat.png\"><img loading=\"lazy\" decoding=\"async\" class=\"alignnone  wp-image-824\" src=\"https:\/\/www.victoriamedia.org\/kalastusviesti\/wp-content\/uploads\/2015\/10\/2015-10-16-12_03_40-Kotkan-Kalamarkkinat.png\" alt=\"2015-10-16 12_03_40-Kotkan Kalamarkkinat\" width=\"729\" height=\"267\" srcset=\"https:\/\/www.victoriamedia.org\/kalastusviesti\/wp-content\/uploads\/2015\/10\/2015-10-16-12_03_40-Kotkan-Kalamarkkinat.png 805w, https:\/\/www.victoriamedia.org\/kalastusviesti\/wp-content\/uploads\/2015\/10\/2015-10-16-12_03_40-Kotkan-Kalamarkkinat-300x110.png 300w\" sizes=\"auto, (max-width: 729px) 100vw, 729px\" \/><\/a><\/p>\n<p>Kotkan kalamarkkinat ovat ensi viikonloppuna 17.\u201318. lokakuuta Sapokassa. Myyntiaika on lauantaina ja sunnuntaina kello 10\u201316. Markkinat avaa lauantaina kello 12 Hailin Yst\u00e4vien Seuran puheenjohtaja P\u00e4ivi Taussi, joka tunnetaan my\u00f6s Kymen Sanomien toimituksen p\u00e4\u00e4llikk\u00f6n\u00e4. Markkinamuusikkona toimii Ari Viljakainen.<\/p>\n<p>Teemakalana on kaikille tuttu silakka eli kotkalaisittain haili, jonka k\u00e4sittelyyn ja k\u00e4ytt\u00f6\u00f6n opastaa haminalainen Pentti Snygg. Kalank\u00e4sittelyn\u00e4yt\u00f6kset ovat molempina p\u00e4ivin\u00e4 kello 11.30, 12.30 ja 14.<\/p>\n<p>Markkinoiden ohjelmaan sis\u00e4ltyy nyt uutuutena rys\u00e4retki. Retki toteutetaan Merisetin Viklalla Sapokasta SUNNUNTAINA (huom. p\u00e4iv\u00e4 muuttunut!) kello 13\u201315. Retkell\u00e4 k\u00e4yd\u00e4\u00e4n katsomassa rys\u00e4n koentaa Kotkan edustalla. Retken hinta on 15 euroa aikuisilta ja 5 euroa 4-10-vuotiailta lapsilta aikuisen seurassa. Hintaan sis\u00e4ltyy pullakahvit, lapsille mehu. Oppaana toimii Etel\u00e4-Suomen Merikalastajain Liiton toiminnanjohtaja Teemu Tast. Paikan risteilylle voi varata etuk\u00e4teen Kaakko135\u00b0 matkailusta, puh. 040 135 6588.<\/p>\n<p>Kotkan kalamarkkina-alueena on Maretariumin ja Sapokanlahden v\u00e4linen alue Kotkansaaren etel\u00e4laidalla. Kotkan kalamarkkinoilla on tarjolla kalaa ja kalajalosteita, kalaruokia, kalastusv\u00e4lineit\u00e4, veitsi\u00e4 ja muuta kalaan ja kalastukseen liittyv\u00e4\u00e4 tavaraa.<\/p>\n<p>Kalamarkkinoiden j\u00e4rjestelyist\u00e4 p\u00e4\u00e4vastuun kantaa Etel\u00e4-Suomen Merikalastajain Liitto. Hankkeessa ovat mukana my\u00f6s Kotka Maretarium, Kymen Sanomat, Kotkan kaupunki, Popinniemen Ponnistus, Meri Cafe Kristina, Kotkan Kauppatie, Kotkan Kalamiehet ja Tulikukko.<\/p>\n<p>Sapokankatu on markkinoiden aikana suljettu liikenteelt\u00e4 Tulikukon mutkan ja Ruotsinsalmenkadun v\u00e4liselt\u00e4 alueelta.<\/p>\n<p>Kotkan kalamarkkinat ovat nyt my\u00f6s Facebookissa: <a href=\"https:\/\/www.facebook.com\/events\/970562266300240\/\">https:\/\/www.facebook.com\/events\/970562266300240\/<\/a><\/p>\n","protected":false},"excerpt":{"rendered":"<p>Kotkan kalamarkkinat ovat ensi viikonloppuna 17.\u201318. lokakuuta Sapokassa. Myyntiaika on lauantaina ja sunnuntaina kello 10\u201316. Markkinat avaa lauantaina kello 12 Hailin Yst\u00e4vien Seuran puheenjohtaja P\u00e4ivi Taussi, joka tunnetaan my\u00f6s Kymen Sanomien toimituksen p\u00e4\u00e4llikk\u00f6n\u00e4. Markkinamuusikkona toimii Ari Viljakainen. Teemakalana on kaikille tuttu silakka eli kotkalaisittain haili, jonka k\u00e4sittelyyn ja k\u00e4ytt\u00f6\u00f6n opastaa haminalainen Pentti Snygg. Kalank\u00e4sittelyn\u00e4yt\u00f6kset ovat [&hellip;]<\/p>\n","protected":false},"author":1,"featured_media":0,"comment_status":"closed","ping_status":"closed","sticky":false,"template":"","format":"standard","meta":{"footnotes":""},"categories":[57],"tags":[],"class_list":["post-823","post","type-post","status-publish","format-standard","hentry","category-yleiset-uutiset","eq-blocks"],"yoast_head":"<!-- This site is optimized with the Yoast SEO plugin v27.5 - https:\/\/yoast.com\/product\/yoast-seo-wordpress\/ -->\n<title>Kotkan kalamarkkinat nyt viikonloppuna - teemakalana silakka eli haili, uutuutena rys\u00e4retki sunnuntaina - KALASTUSVIESTI<\/title>\n<meta name=\"robots\" content=\"index, follow, max-snippet:-1, max-image-preview:large, max-video-preview:-1\" \/>\n<link rel=\"canonical\" href=\"https:\/\/www.victoriamedia.org\/kalastusviesti\/kotkan-kalamarkkinat-nyt-viikonloppuna-teemakalana-silakka-eli-haili-uutuutena-rysaretki-sunnuntaina\/\" \/>\n<meta property=\"og:locale\" content=\"en_US\" \/>\n<meta property=\"og:type\" content=\"article\" \/>\n<meta property=\"og:title\" content=\"Kotkan kalamarkkinat nyt viikonloppuna - teemakalana silakka eli haili, uutuutena rys\u00e4retki sunnuntaina - KALASTUSVIESTI\" \/>\n<meta property=\"og:description\" content=\"Kotkan kalamarkkinat ovat ensi viikonloppuna 17.\u201318. lokakuuta Sapokassa. Myyntiaika on lauantaina ja sunnuntaina kello 10\u201316. Markkinat avaa lauantaina kello 12 Hailin Yst\u00e4vien Seuran puheenjohtaja P\u00e4ivi Taussi, joka tunnetaan my\u00f6s Kymen Sanomien toimituksen p\u00e4\u00e4llikk\u00f6n\u00e4. Markkinamuusikkona toimii Ari Viljakainen. Teemakalana on kaikille tuttu silakka eli kotkalaisittain haili, jonka k\u00e4sittelyyn ja k\u00e4ytt\u00f6\u00f6n opastaa haminalainen Pentti Snygg. Kalank\u00e4sittelyn\u00e4yt\u00f6kset ovat [&hellip;]\" \/>\n<meta property=\"og:url\" content=\"https:\/\/www.victoriamedia.org\/kalastusviesti\/kotkan-kalamarkkinat-nyt-viikonloppuna-teemakalana-silakka-eli-haili-uutuutena-rysaretki-sunnuntaina\/\" \/>\n<meta property=\"og:site_name\" content=\"KALASTUSVIESTI\" \/>\n<meta property=\"article:publisher\" content=\"https:\/\/www.facebook.com\/Kalastusviesti\" \/>\n<meta property=\"article:published_time\" content=\"2015-10-16T09:05:54+00:00\" \/>\n<meta property=\"og:image\" content=\"http:\/\/www.victoriamedia.org\/kalastusviesti\/wp-content\/uploads\/2015\/10\/2015-10-16-12_03_40-Kotkan-Kalamarkkinat.png\" \/>\n<meta name=\"author\" content=\"kerttuvali\" \/>\n<meta name=\"twitter:card\" content=\"summary_large_image\" \/>\n<meta name=\"twitter:creator\" content=\"@kalastusuutiset\" \/>\n<meta name=\"twitter:site\" content=\"@kalastusuutiset\" \/>\n<meta name=\"twitter:label1\" content=\"Written by\" \/>\n\t<meta name=\"twitter:data1\" content=\"kerttuvali\" \/>\n\t<meta name=\"twitter:label2\" content=\"Est. reading time\" \/>\n\t<meta name=\"twitter:data2\" content=\"1 minute\" \/>\n<script type=\"application\/ld+json\" class=\"yoast-schema-graph\">{\"@context\":\"https:\\\/\\\/schema.org\",\"@graph\":[{\"@type\":\"Article\",\"@id\":\"https:\\\/\\\/www.victoriamedia.org\\\/kalastusviesti\\\/kotkan-kalamarkkinat-nyt-viikonloppuna-teemakalana-silakka-eli-haili-uutuutena-rysaretki-sunnuntaina\\\/#article\",\"isPartOf\":{\"@id\":\"https:\\\/\\\/www.victoriamedia.org\\\/kalastusviesti\\\/kotkan-kalamarkkinat-nyt-viikonloppuna-teemakalana-silakka-eli-haili-uutuutena-rysaretki-sunnuntaina\\\/\"},\"author\":{\"name\":\"kerttuvali\",\"@id\":\"https:\\\/\\\/www.victoriamedia.org\\\/kalastusviesti\\\/#\\\/schema\\\/person\\\/df29131d02ead3f61cdeeef5d30a6771\"},\"headline\":\"Kotkan kalamarkkinat nyt viikonloppuna &#8211; teemakalana silakka eli haili, uutuutena rys\u00e4retki sunnuntaina\",\"datePublished\":\"2015-10-16T09:05:54+00:00\",\"mainEntityOfPage\":{\"@id\":\"https:\\\/\\\/www.victoriamedia.org\\\/kalastusviesti\\\/kotkan-kalamarkkinat-nyt-viikonloppuna-teemakalana-silakka-eli-haili-uutuutena-rysaretki-sunnuntaina\\\/\"},\"wordCount\":233,\"image\":{\"@id\":\"https:\\\/\\\/www.victoriamedia.org\\\/kalastusviesti\\\/kotkan-kalamarkkinat-nyt-viikonloppuna-teemakalana-silakka-eli-haili-uutuutena-rysaretki-sunnuntaina\\\/#primaryimage\"},\"thumbnailUrl\":\"http:\\\/\\\/www.victoriamedia.org\\\/kalastusviesti\\\/wp-content\\\/uploads\\\/2015\\\/10\\\/2015-10-16-12_03_40-Kotkan-Kalamarkkinat.png\",\"articleSection\":[\"Yleiset Uutiset\"],\"inLanguage\":\"en-US\"},{\"@type\":\"WebPage\",\"@id\":\"https:\\\/\\\/www.victoriamedia.org\\\/kalastusviesti\\\/kotkan-kalamarkkinat-nyt-viikonloppuna-teemakalana-silakka-eli-haili-uutuutena-rysaretki-sunnuntaina\\\/\",\"url\":\"https:\\\/\\\/www.victoriamedia.org\\\/kalastusviesti\\\/kotkan-kalamarkkinat-nyt-viikonloppuna-teemakalana-silakka-eli-haili-uutuutena-rysaretki-sunnuntaina\\\/\",\"name\":\"Kotkan kalamarkkinat nyt viikonloppuna - teemakalana silakka eli haili, uutuutena rys\u00e4retki sunnuntaina - KALASTUSVIESTI\",\"isPartOf\":{\"@id\":\"https:\\\/\\\/www.victoriamedia.org\\\/kalastusviesti\\\/#website\"},\"primaryImageOfPage\":{\"@id\":\"https:\\\/\\\/www.victoriamedia.org\\\/kalastusviesti\\\/kotkan-kalamarkkinat-nyt-viikonloppuna-teemakalana-silakka-eli-haili-uutuutena-rysaretki-sunnuntaina\\\/#primaryimage\"},\"image\":{\"@id\":\"https:\\\/\\\/www.victoriamedia.org\\\/kalastusviesti\\\/kotkan-kalamarkkinat-nyt-viikonloppuna-teemakalana-silakka-eli-haili-uutuutena-rysaretki-sunnuntaina\\\/#primaryimage\"},\"thumbnailUrl\":\"http:\\\/\\\/www.victoriamedia.org\\\/kalastusviesti\\\/wp-content\\\/uploads\\\/2015\\\/10\\\/2015-10-16-12_03_40-Kotkan-Kalamarkkinat.png\",\"datePublished\":\"2015-10-16T09:05:54+00:00\",\"author\":{\"@id\":\"https:\\\/\\\/www.victoriamedia.org\\\/kalastusviesti\\\/#\\\/schema\\\/person\\\/df29131d02ead3f61cdeeef5d30a6771\"},\"breadcrumb\":{\"@id\":\"https:\\\/\\\/www.victoriamedia.org\\\/kalastusviesti\\\/kotkan-kalamarkkinat-nyt-viikonloppuna-teemakalana-silakka-eli-haili-uutuutena-rysaretki-sunnuntaina\\\/#breadcrumb\"},\"inLanguage\":\"en-US\",\"potentialAction\":[{\"@type\":\"ReadAction\",\"target\":[\"https:\\\/\\\/www.victoriamedia.org\\\/kalastusviesti\\\/kotkan-kalamarkkinat-nyt-viikonloppuna-teemakalana-silakka-eli-haili-uutuutena-rysaretki-sunnuntaina\\\/\"]}]},{\"@type\":\"ImageObject\",\"inLanguage\":\"en-US\",\"@id\":\"https:\\\/\\\/www.victoriamedia.org\\\/kalastusviesti\\\/kotkan-kalamarkkinat-nyt-viikonloppuna-teemakalana-silakka-eli-haili-uutuutena-rysaretki-sunnuntaina\\\/#primaryimage\",\"url\":\"https:\\\/\\\/www.victoriamedia.org\\\/kalastusviesti\\\/wp-content\\\/uploads\\\/2015\\\/10\\\/2015-10-16-12_03_40-Kotkan-Kalamarkkinat.png\",\"contentUrl\":\"https:\\\/\\\/www.victoriamedia.org\\\/kalastusviesti\\\/wp-content\\\/uploads\\\/2015\\\/10\\\/2015-10-16-12_03_40-Kotkan-Kalamarkkinat.png\",\"width\":805,\"height\":295},{\"@type\":\"BreadcrumbList\",\"@id\":\"https:\\\/\\\/www.victoriamedia.org\\\/kalastusviesti\\\/kotkan-kalamarkkinat-nyt-viikonloppuna-teemakalana-silakka-eli-haili-uutuutena-rysaretki-sunnuntaina\\\/#breadcrumb\",\"itemListElement\":[{\"@type\":\"ListItem\",\"position\":1,\"name\":\"Home\",\"item\":\"https:\\\/\\\/www.victoriamedia.org\\\/kalastusviesti\\\/\"},{\"@type\":\"ListItem\",\"position\":2,\"name\":\"Kotkan kalamarkkinat nyt viikonloppuna &#8211; teemakalana silakka eli haili, uutuutena rys\u00e4retki sunnuntaina\"}]},{\"@type\":\"WebSite\",\"@id\":\"https:\\\/\\\/www.victoriamedia.org\\\/kalastusviesti\\\/#website\",\"url\":\"https:\\\/\\\/www.victoriamedia.org\\\/kalastusviesti\\\/\",\"name\":\"KALASTUSVIESTI\",\"description\":\"\",\"potentialAction\":[{\"@type\":\"SearchAction\",\"target\":{\"@type\":\"EntryPoint\",\"urlTemplate\":\"https:\\\/\\\/www.victoriamedia.org\\\/kalastusviesti\\\/?s={search_term_string}\"},\"query-input\":{\"@type\":\"PropertyValueSpecification\",\"valueRequired\":true,\"valueName\":\"search_term_string\"}}],\"inLanguage\":\"en-US\"},{\"@type\":\"Person\",\"@id\":\"https:\\\/\\\/www.victoriamedia.org\\\/kalastusviesti\\\/#\\\/schema\\\/person\\\/df29131d02ead3f61cdeeef5d30a6771\",\"name\":\"kerttuvali\",\"image\":{\"@type\":\"ImageObject\",\"inLanguage\":\"en-US\",\"@id\":\"https:\\\/\\\/secure.gravatar.com\\\/avatar\\\/62dbe1a847f655ad987c59fece23f885c4b0e7b06595c36d9597003852972217?s=96&d=mm&r=g\",\"url\":\"https:\\\/\\\/secure.gravatar.com\\\/avatar\\\/62dbe1a847f655ad987c59fece23f885c4b0e7b06595c36d9597003852972217?s=96&d=mm&r=g\",\"contentUrl\":\"https:\\\/\\\/secure.gravatar.com\\\/avatar\\\/62dbe1a847f655ad987c59fece23f885c4b0e7b06595c36d9597003852972217?s=96&d=mm&r=g\",\"caption\":\"kerttuvali\"},\"url\":\"https:\\\/\\\/www.victoriamedia.org\\\/kalastusviesti\\\/author\\\/kerttuvali\\\/\"}]}<\/script>\n<!-- \/ Yoast SEO plugin. -->","yoast_head_json":{"title":"Kotkan kalamarkkinat nyt viikonloppuna - teemakalana silakka eli haili, uutuutena rys\u00e4retki sunnuntaina - KALASTUSVIESTI","robots":{"index":"index","follow":"follow","max-snippet":"max-snippet:-1","max-image-preview":"max-image-preview:large","max-video-preview":"max-video-preview:-1"},"canonical":"https:\/\/www.victoriamedia.org\/kalastusviesti\/kotkan-kalamarkkinat-nyt-viikonloppuna-teemakalana-silakka-eli-haili-uutuutena-rysaretki-sunnuntaina\/","og_locale":"en_US","og_type":"article","og_title":"Kotkan kalamarkkinat nyt viikonloppuna - teemakalana silakka eli haili, uutuutena rys\u00e4retki sunnuntaina - KALASTUSVIESTI","og_description":"Kotkan kalamarkkinat ovat ensi viikonloppuna 17.\u201318. lokakuuta Sapokassa. Myyntiaika on lauantaina ja sunnuntaina kello 10\u201316. Markkinat avaa lauantaina kello 12 Hailin Yst\u00e4vien Seuran puheenjohtaja P\u00e4ivi Taussi, joka tunnetaan my\u00f6s Kymen Sanomien toimituksen p\u00e4\u00e4llikk\u00f6n\u00e4. Markkinamuusikkona toimii Ari Viljakainen. Teemakalana on kaikille tuttu silakka eli kotkalaisittain haili, jonka k\u00e4sittelyyn ja k\u00e4ytt\u00f6\u00f6n opastaa haminalainen Pentti Snygg. Kalank\u00e4sittelyn\u00e4yt\u00f6kset ovat [&hellip;]","og_url":"https:\/\/www.victoriamedia.org\/kalastusviesti\/kotkan-kalamarkkinat-nyt-viikonloppuna-teemakalana-silakka-eli-haili-uutuutena-rysaretki-sunnuntaina\/","og_site_name":"KALASTUSVIESTI","article_publisher":"https:\/\/www.facebook.com\/Kalastusviesti","article_published_time":"2015-10-16T09:05:54+00:00","og_image":[{"url":"http:\/\/www.victoriamedia.org\/kalastusviesti\/wp-content\/uploads\/2015\/10\/2015-10-16-12_03_40-Kotkan-Kalamarkkinat.png","type":"","width":"","height":""}],"author":"kerttuvali","twitter_card":"summary_large_image","twitter_creator":"@kalastusuutiset","twitter_site":"@kalastusuutiset","twitter_misc":{"Written by":"kerttuvali","Est. reading time":"1 minute"},"schema":{"@context":"https:\/\/schema.org","@graph":[{"@type":"Article","@id":"https:\/\/www.victoriamedia.org\/kalastusviesti\/kotkan-kalamarkkinat-nyt-viikonloppuna-teemakalana-silakka-eli-haili-uutuutena-rysaretki-sunnuntaina\/#article","isPartOf":{"@id":"https:\/\/www.victoriamedia.org\/kalastusviesti\/kotkan-kalamarkkinat-nyt-viikonloppuna-teemakalana-silakka-eli-haili-uutuutena-rysaretki-sunnuntaina\/"},"author":{"name":"kerttuvali","@id":"https:\/\/www.victoriamedia.org\/kalastusviesti\/#\/schema\/person\/df29131d02ead3f61cdeeef5d30a6771"},"headline":"Kotkan kalamarkkinat nyt viikonloppuna &#8211; teemakalana silakka eli haili, uutuutena rys\u00e4retki sunnuntaina","datePublished":"2015-10-16T09:05:54+00:00","mainEntityOfPage":{"@id":"https:\/\/www.victoriamedia.org\/kalastusviesti\/kotkan-kalamarkkinat-nyt-viikonloppuna-teemakalana-silakka-eli-haili-uutuutena-rysaretki-sunnuntaina\/"},"wordCount":233,"image":{"@id":"https:\/\/www.victoriamedia.org\/kalastusviesti\/kotkan-kalamarkkinat-nyt-viikonloppuna-teemakalana-silakka-eli-haili-uutuutena-rysaretki-sunnuntaina\/#primaryimage"},"thumbnailUrl":"http:\/\/www.victoriamedia.org\/kalastusviesti\/wp-content\/uploads\/2015\/10\/2015-10-16-12_03_40-Kotkan-Kalamarkkinat.png","articleSection":["Yleiset Uutiset"],"inLanguage":"en-US"},{"@type":"WebPage","@id":"https:\/\/www.victoriamedia.org\/kalastusviesti\/kotkan-kalamarkkinat-nyt-viikonloppuna-teemakalana-silakka-eli-haili-uutuutena-rysaretki-sunnuntaina\/","url":"https:\/\/www.victoriamedia.org\/kalastusviesti\/kotkan-kalamarkkinat-nyt-viikonloppuna-teemakalana-silakka-eli-haili-uutuutena-rysaretki-sunnuntaina\/","name":"Kotkan kalamarkkinat nyt viikonloppuna - teemakalana silakka eli haili, uutuutena rys\u00e4retki sunnuntaina - KALASTUSVIESTI","isPartOf":{"@id":"https:\/\/www.victoriamedia.org\/kalastusviesti\/#website"},"primaryImageOfPage":{"@id":"https:\/\/www.victoriamedia.org\/kalastusviesti\/kotkan-kalamarkkinat-nyt-viikonloppuna-teemakalana-silakka-eli-haili-uutuutena-rysaretki-sunnuntaina\/#primaryimage"},"image":{"@id":"https:\/\/www.victoriamedia.org\/kalastusviesti\/kotkan-kalamarkkinat-nyt-viikonloppuna-teemakalana-silakka-eli-haili-uutuutena-rysaretki-sunnuntaina\/#primaryimage"},"thumbnailUrl":"http:\/\/www.victoriamedia.org\/kalastusviesti\/wp-content\/uploads\/2015\/10\/2015-10-16-12_03_40-Kotkan-Kalamarkkinat.png","datePublished":"2015-10-16T09:05:54+00:00","author":{"@id":"https:\/\/www.victoriamedia.org\/kalastusviesti\/#\/schema\/person\/df29131d02ead3f61cdeeef5d30a6771"},"breadcrumb":{"@id":"https:\/\/www.victoriamedia.org\/kalastusviesti\/kotkan-kalamarkkinat-nyt-viikonloppuna-teemakalana-silakka-eli-haili-uutuutena-rysaretki-sunnuntaina\/#breadcrumb"},"inLanguage":"en-US","potentialAction":[{"@type":"ReadAction","target":["https:\/\/www.victoriamedia.org\/kalastusviesti\/kotkan-kalamarkkinat-nyt-viikonloppuna-teemakalana-silakka-eli-haili-uutuutena-rysaretki-sunnuntaina\/"]}]},{"@type":"ImageObject","inLanguage":"en-US","@id":"https:\/\/www.victoriamedia.org\/kalastusviesti\/kotkan-kalamarkkinat-nyt-viikonloppuna-teemakalana-silakka-eli-haili-uutuutena-rysaretki-sunnuntaina\/#primaryimage","url":"https:\/\/www.victoriamedia.org\/kalastusviesti\/wp-content\/uploads\/2015\/10\/2015-10-16-12_03_40-Kotkan-Kalamarkkinat.png","contentUrl":"https:\/\/www.victoriamedia.org\/kalastusviesti\/wp-content\/uploads\/2015\/10\/2015-10-16-12_03_40-Kotkan-Kalamarkkinat.png","width":805,"height":295},{"@type":"BreadcrumbList","@id":"https:\/\/www.victoriamedia.org\/kalastusviesti\/kotkan-kalamarkkinat-nyt-viikonloppuna-teemakalana-silakka-eli-haili-uutuutena-rysaretki-sunnuntaina\/#breadcrumb","itemListElement":[{"@type":"ListItem","position":1,"name":"Home","item":"https:\/\/www.victoriamedia.org\/kalastusviesti\/"},{"@type":"ListItem","position":2,"name":"Kotkan kalamarkkinat nyt viikonloppuna &#8211; teemakalana silakka eli haili, uutuutena rys\u00e4retki sunnuntaina"}]},{"@type":"WebSite","@id":"https:\/\/www.victoriamedia.org\/kalastusviesti\/#website","url":"https:\/\/www.victoriamedia.org\/kalastusviesti\/","name":"KALASTUSVIESTI","description":"","potentialAction":[{"@type":"SearchAction","target":{"@type":"EntryPoint","urlTemplate":"https:\/\/www.victoriamedia.org\/kalastusviesti\/?s={search_term_string}"},"query-input":{"@type":"PropertyValueSpecification","valueRequired":true,"valueName":"search_term_string"}}],"inLanguage":"en-US"},{"@type":"Person","@id":"https:\/\/www.victoriamedia.org\/kalastusviesti\/#\/schema\/person\/df29131d02ead3f61cdeeef5d30a6771","name":"kerttuvali","image":{"@type":"ImageObject","inLanguage":"en-US","@id":"https:\/\/secure.gravatar.com\/avatar\/62dbe1a847f655ad987c59fece23f885c4b0e7b06595c36d9597003852972217?s=96&d=mm&r=g","url":"https:\/\/secure.gravatar.com\/avatar\/62dbe1a847f655ad987c59fece23f885c4b0e7b06595c36d9597003852972217?s=96&d=mm&r=g","contentUrl":"https:\/\/secure.gravatar.com\/avatar\/62dbe1a847f655ad987c59fece23f885c4b0e7b06595c36d9597003852972217?s=96&d=mm&r=g","caption":"kerttuvali"},"url":"https:\/\/www.victoriamedia.org\/kalastusviesti\/author\/kerttuvali\/"}]}},"_links":{"self":[{"href":"https:\/\/www.victoriamedia.org\/kalastusviesti\/wp-json\/wp\/v2\/posts\/823","targetHints":{"allow":["GET"]}}],"collection":[{"href":"https:\/\/www.victoriamedia.org\/kalastusviesti\/wp-json\/wp\/v2\/posts"}],"about":[{"href":"https:\/\/www.victoriamedia.org\/kalastusviesti\/wp-json\/wp\/v2\/types\/post"}],"author":[{"embeddable":true,"href":"https:\/\/www.victoriamedia.org\/kalastusviesti\/wp-json\/wp\/v2\/users\/1"}],"replies":[{"embeddable":true,"href":"https:\/\/www.victoriamedia.org\/kalastusviesti\/wp-json\/wp\/v2\/comments?post=823"}],"version-history":[{"count":1,"href":"https:\/\/www.victoriamedia.org\/kalastusviesti\/wp-json\/wp\/v2\/posts\/823\/revisions"}],"predecessor-version":[{"id":825,"href":"https:\/\/www.victoriamedia.org\/kalastusviesti\/wp-json\/wp\/v2\/posts\/823\/revisions\/825"}],"wp:attachment":[{"href":"https:\/\/www.victoriamedia.org\/kalastusviesti\/wp-json\/wp\/v2\/media?parent=823"}],"wp:term":[{"taxonomy":"category","embeddable":true,"href":"https:\/\/www.victoriamedia.org\/kalastusviesti\/wp-json\/wp\/v2\/categories?post=823"},{"taxonomy":"post_tag","embeddable":true,"href":"https:\/\/www.victoriamedia.org\/kalastusviesti\/wp-json\/wp\/v2\/tags?post=823"}],"curies":[{"name":"wp","href":"https:\/\/api.w.org\/{rel}","templated":true}]}}